{"id":50828,"date":"2025-05-28T10:19:33","date_gmt":"2025-05-28T14:19:33","guid":{"rendered":"https:\/\/www.uqac.ca\/uqactualites\/?p=50828"},"modified":"2025-05-29T09:58:35","modified_gmt":"2025-05-29T13:58:35","slug":"classe-de-maitres-2025-la-formation-continue-de-luqac-accueille-une-cinquantaine-de-gestionnaires-de-la-region","status":"publish","type":"post","link":"https:\/\/www.uqac.ca\/uqactualites\/2025\/05\/28\/classe-de-maitres-2025-la-formation-continue-de-luqac-accueille-une-cinquantaine-de-gestionnaires-de-la-region\/","title":{"rendered":"Classe de ma\u00eetres 2025: la Formation continue de l&rsquo;UQAC accueille une cinquantaine de gestionnaires de la r\u00e9gion"},"content":{"rendered":"<p>Le 22 mai dernier, pr\u00e8s d\u2019une cinquantaine de cadres sup\u00e9rieurs provenant d\u2019entreprises de la r\u00e9gion ont converg\u00e9 vers l\u2019UQAC afin de participer \u00e0 une classe de ma\u00eetres organis\u00e9e par la <strong><a href=\"https:\/\/formationcontinue.uqac.ca\/\">Formation continue<\/a><\/strong> de l\u2019universit\u00e9. Cette journ\u00e9e riche en apprentissages et en partage s\u2019articulait autour de la th\u00e9matique \u00ab Naviguer dans le chaos, avancer avec intuition \u00bb.<\/p>\n<p>Avec la pr\u00e9sence de Pierre Lavoie, \u00a0Michel Gagn\u00e9, Ricardo Larriv\u00e9e (\u00e0 distance), Marielle Simard et \u00c9laine Boulet, l\u2019\u00e9v\u00e9nement a donn\u00e9 lieu \u00e0 des conf\u00e9rences et \u00e0 des t\u00e9moignages inspirants sur le courage, l\u2019audace, la communication et la mobilisation d\u2019\u00e9quipe. La formation fut \u00e9galement une occasion pour les hauts gestionnaires d\u2019\u00e9changer avec leurs pairs et avec les leaders invit\u00e9s afin de mettre en commun leur exp\u00e9rience et faire face aux d\u00e9fis qui attendent le monde du travail.<\/p>\n<p>Merci \u00e0 toutes les personnes pr\u00e9sentes, qui ont contribu\u00e9 \u00e0 faire de cette \u00e9dition 2025 de la Classe de ma\u00eetres un succ\u00e8s!<\/p>\n\r\n                <style type=\"text\/css\">\r\n                    \r\n                    #tdi_1  .td-doubleSlider-2 .td-item1 {\r\n                        background: url(https:\/\/www.uqac.ca\/uqactualites\/wp-content\/uploads\/2025\/05\/FC-scaled.jpg) 0 0 no-repeat;\r\n                    }\r\n                    #tdi_1  .td-doubleSlider-2 .td-item2 {\r\n                        background: url(https:\/\/www.uqac.ca\/uqactualites\/wp-content\/uploads\/2025\/05\/IMG_7481.jpeg) 0 0 no-repeat;\r\n                    }\r\n                    #tdi_1  .td-doubleSlider-2 .td-item3 {\r\n                        background: url(https:\/\/www.uqac.ca\/uqactualites\/wp-content\/uploads\/2025\/05\/IMG_7445.jpeg) 0 0 no-repeat;\r\n                    }\r\n                    #tdi_1  .td-doubleSlider-2 .td-item4 {\r\n                        background: url(https:\/\/www.uqac.ca\/uqactualites\/wp-content\/uploads\/2025\/05\/IMG_7498-1.jpeg) 0 0 no-repeat;\r\n                    }\r\n                <\/style>\r\n\r\n                <div id=\"tdi_1\" class=\"td-gallery td-slide-on-2-columns\">\r\n                    <div class=\"post_td_gallery\">\r\n                        <div class=\"td-gallery-slide-top\">\r\n                           <div class=\"td-gallery-title\"><\/div>\r\n\r\n                            <div class=\"td-gallery-controls-wrapper\">\r\n                                <div class=\"td-gallery-slide-count\"><span class=\"td-gallery-slide-item-focus\">1<\/span> of 4<\/div>\r\n                                <div class=\"td-gallery-slide-prev-next-but\">\r\n                                    <i class = \"td-icon-left doubleSliderPrevButton\"><\/i>\r\n                                    <i class = \"td-icon-right doubleSliderNextButton\"><\/i>\r\n                                <\/div>\r\n                            <\/div>\r\n                        <\/div>\r\n\r\n                        <div class = \"td-doubleSlider-1 \">\r\n                            <div class = \"td-slider\">\r\n                                \r\n                    <div class = \"td-slide-item td-item1\">\r\n                        <figure class=\"td-slide-galery-figure td-slide-popup-gallery\">\r\n                            <a class=\"slide-gallery-image-link\" href=\"https:\/\/www.uqac.ca\/uqactualites\/wp-content\/uploads\/2025\/05\/FC-scaled.jpg\" title=\"FC\"  data-caption=\"\"  data-description=\"\">\r\n                                <img decoding=\"async\" src=\"https:\/\/www.uqac.ca\/uqactualites\/wp-content\/uploads\/2025\/05\/FC-scaled.jpg\" srcset=\"https:\/\/www.uqac.ca\/uqactualites\/wp-content\/uploads\/2025\/05\/FC-scaled.jpg 2560w, https:\/\/www.uqac.ca\/uqactualites\/wp-content\/uploads\/2025\/05\/FC-300x225.jpg 300w, https:\/\/www.uqac.ca\/uqactualites\/wp-content\/uploads\/2025\/05\/FC-1024x768.jpg 1024w, https:\/\/www.uqac.ca\/uqactualites\/wp-content\/uploads\/2025\/05\/FC-768x576.jpg 768w, https:\/\/www.uqac.ca\/uqactualites\/wp-content\/uploads\/2025\/05\/FC-1536x1152.jpg 1536w, https:\/\/www.uqac.ca\/uqactualites\/wp-content\/uploads\/2025\/05\/FC-2048x1536.jpg 2048w, https:\/\/www.uqac.ca\/uqactualites\/wp-content\/uploads\/2025\/05\/FC-150x113.jpg 150w, https:\/\/www.uqac.ca\/uqactualites\/wp-content\/uploads\/2025\/05\/FC-696x522.jpg 696w, https:\/\/www.uqac.ca\/uqactualites\/wp-content\/uploads\/2025\/05\/FC-1068x801.jpg 1068w, https:\/\/www.uqac.ca\/uqactualites\/wp-content\/uploads\/2025\/05\/FC-1920x1440.jpg 1920w\" sizes=\"(max-width: 2560px) 100vw, 2560px\" alt=\"\">\r\n                            <\/a>\r\n                            \r\n                        <\/figure>\r\n                    <\/div>\r\n                    <div class = \"td-slide-item td-item2\">\r\n                        <figure class=\"td-slide-galery-figure td-slide-popup-gallery\">\r\n                            <a class=\"slide-gallery-image-link\" href=\"https:\/\/www.uqac.ca\/uqactualites\/wp-content\/uploads\/2025\/05\/IMG_7481.jpeg\" title=\"IMG_7481\"  data-caption=\"La classe de ma\u00eetres \u00e9tait agr\u00e9ment\u00e9e d\u2019un repas rassembleur pr\u00e9par\u00e9 par les chefs David Rousseau (Bistro D\/La Sandwicherie) et Daniel Pachon (Bistro D\/Cassoulet Pachon).\"  data-description=\"\">\r\n                                <img decoding=\"async\" src=\"https:\/\/www.uqac.ca\/uqactualites\/wp-content\/uploads\/2025\/05\/IMG_7481.jpeg\" srcset=\"https:\/\/www.uqac.ca\/uqactualites\/wp-content\/uploads\/2025\/05\/IMG_7481.jpeg 1536w, https:\/\/www.uqac.ca\/uqactualites\/wp-content\/uploads\/2025\/05\/IMG_7481-225x300.jpeg 225w, https:\/\/www.uqac.ca\/uqactualites\/wp-content\/uploads\/2025\/05\/IMG_7481-768x1024.jpeg 768w, https:\/\/www.uqac.ca\/uqactualites\/wp-content\/uploads\/2025\/05\/IMG_7481-1152x1536.jpeg 1152w, https:\/\/www.uqac.ca\/uqactualites\/wp-content\/uploads\/2025\/05\/IMG_7481-150x200.jpeg 150w, https:\/\/www.uqac.ca\/uqactualites\/wp-content\/uploads\/2025\/05\/IMG_7481-300x400.jpeg 300w, https:\/\/www.uqac.ca\/uqactualites\/wp-content\/uploads\/2025\/05\/IMG_7481-696x928.jpeg 696w, https:\/\/www.uqac.ca\/uqactualites\/wp-content\/uploads\/2025\/05\/IMG_7481-1068x1424.jpeg 1068w\" sizes=\"(max-width: 1536px) 100vw, 1536px\" alt=\"\">\r\n                            <\/a>\r\n                            <figcaption class = \"td-slide-caption td-gallery-slide-content\"><div class = \"td-gallery-slide-copywrite\">La classe de ma\u00eetres \u00e9tait agr\u00e9ment\u00e9e d\u2019un repas rassembleur pr\u00e9par\u00e9 par les chefs David Rousseau (Bistro D\/La Sandwicherie) et Daniel Pachon (Bistro D\/Cassoulet Pachon).<\/div><\/figcaption>\r\n                        <\/figure>\r\n                    <\/div>\r\n                    <div class = \"td-slide-item td-item3\">\r\n                        <figure class=\"td-slide-galery-figure td-slide-popup-gallery\">\r\n                            <a class=\"slide-gallery-image-link\" href=\"https:\/\/www.uqac.ca\/uqactualites\/wp-content\/uploads\/2025\/05\/IMG_7445.jpeg\" title=\"IMG_7445\"  data-caption=\"\"  data-description=\"\">\r\n                                <img decoding=\"async\" src=\"https:\/\/www.uqac.ca\/uqactualites\/wp-content\/uploads\/2025\/05\/IMG_7445.jpeg\" srcset=\"https:\/\/www.uqac.ca\/uqactualites\/wp-content\/uploads\/2025\/05\/IMG_7445.jpeg 2048w, https:\/\/www.uqac.ca\/uqactualites\/wp-content\/uploads\/2025\/05\/IMG_7445-300x225.jpeg 300w, https:\/\/www.uqac.ca\/uqactualites\/wp-content\/uploads\/2025\/05\/IMG_7445-1024x768.jpeg 1024w, https:\/\/www.uqac.ca\/uqactualites\/wp-content\/uploads\/2025\/05\/IMG_7445-768x576.jpeg 768w, https:\/\/www.uqac.ca\/uqactualites\/wp-content\/uploads\/2025\/05\/IMG_7445-1536x1152.jpeg 1536w, https:\/\/www.uqac.ca\/uqactualites\/wp-content\/uploads\/2025\/05\/IMG_7445-150x113.jpeg 150w, https:\/\/www.uqac.ca\/uqactualites\/wp-content\/uploads\/2025\/05\/IMG_7445-696x522.jpeg 696w, https:\/\/www.uqac.ca\/uqactualites\/wp-content\/uploads\/2025\/05\/IMG_7445-1068x801.jpeg 1068w, https:\/\/www.uqac.ca\/uqactualites\/wp-content\/uploads\/2025\/05\/IMG_7445-1920x1440.jpeg 1920w\" sizes=\"(max-width: 2048px) 100vw, 2048px\" alt=\"\">\r\n                            <\/a>\r\n                            \r\n                        <\/figure>\r\n                    <\/div>\r\n                    <div class = \"td-slide-item td-item4\">\r\n                        <figure class=\"td-slide-galery-figure td-slide-popup-gallery\">\r\n                            <a class=\"slide-gallery-image-link\" href=\"https:\/\/www.uqac.ca\/uqactualites\/wp-content\/uploads\/2025\/05\/IMG_7498-1.jpeg\" title=\"IMG_7498\"  data-caption=\"\"  data-description=\"\">\r\n                                <img decoding=\"async\" src=\"https:\/\/www.uqac.ca\/uqactualites\/wp-content\/uploads\/2025\/05\/IMG_7498-1.jpeg\" srcset=\"https:\/\/www.uqac.ca\/uqactualites\/wp-content\/uploads\/2025\/05\/IMG_7498-1.jpeg 2048w, https:\/\/www.uqac.ca\/uqactualites\/wp-content\/uploads\/2025\/05\/IMG_7498-1-300x225.jpeg 300w, https:\/\/www.uqac.ca\/uqactualites\/wp-content\/uploads\/2025\/05\/IMG_7498-1-1024x768.jpeg 1024w, https:\/\/www.uqac.ca\/uqactualites\/wp-content\/uploads\/2025\/05\/IMG_7498-1-768x576.jpeg 768w, https:\/\/www.uqac.ca\/uqactualites\/wp-content\/uploads\/2025\/05\/IMG_7498-1-1536x1152.jpeg 1536w, https:\/\/www.uqac.ca\/uqactualites\/wp-content\/uploads\/2025\/05\/IMG_7498-1-150x113.jpeg 150w, https:\/\/www.uqac.ca\/uqactualites\/wp-content\/uploads\/2025\/05\/IMG_7498-1-696x522.jpeg 696w, https:\/\/www.uqac.ca\/uqactualites\/wp-content\/uploads\/2025\/05\/IMG_7498-1-1068x801.jpeg 1068w, https:\/\/www.uqac.ca\/uqactualites\/wp-content\/uploads\/2025\/05\/IMG_7498-1-1920x1440.jpeg 1920w\" sizes=\"(max-width: 2048px) 100vw, 2048px\" alt=\"\">\r\n                            <\/a>\r\n                            \r\n                        <\/figure>\r\n                    <\/div>\r\n                            <\/div>\r\n                        <\/div>\r\n\r\n                        <div class = \"td-doubleSlider-2\">\r\n                            <div class = \"td-slider\">\r\n                                \r\n                    <div class = \"td-button td-item1\">\r\n                        <div class = \"td-border\"><\/div>\r\n                    <\/div>\r\n                    <div class = \"td-button td-item2\">\r\n                        <div class = \"td-border\"><\/div>\r\n                    <\/div>\r\n                    <div class = \"td-button td-item3\">\r\n                        <div class = \"td-border\"><\/div>\r\n                    <\/div>\r\n                    <div class = \"td-button td-item4\">\r\n                        <div class = \"td-border\"><\/div>\r\n                    <\/div>\r\n                            <\/div>\r\n                        <\/div>\r\n\r\n                    <\/div>\r\n\r\n                <\/div>\r\n                \n","protected":false},"excerpt":{"rendered":"<p>Le 22 mai dernier, pr\u00e8s d\u2019une cinquantaine de cadres sup\u00e9rieurs provenant d\u2019entreprises de la r\u00e9gion ont converg\u00e9 vers l\u2019UQAC afin de participer \u00e0 une classe de ma\u00eetres organis\u00e9e par la Formation continue de l\u2019universit\u00e9. Cette journ\u00e9e riche en apprentissages et en partage s\u2019articulait autour de la th\u00e9matique \u00ab Naviguer dans le chaos, avancer avec intuition [&hellip;]<\/p>\n","protected":false},"author":5,"featured_media":50829,"comment_status":"closed","ping_status":"open","sticky":false,"template":"","format":"standard","meta":{"footnotes":""},"categories":[2795,2,61],"tags":[],"yoast_head":"<!-- This site is optimized with the Yoast SEO plugin v24.2 - https:\/\/yoast.com\/wordpress\/plugins\/seo\/ -->\r\n<title>Classe de ma\u00eetres 2025: la Formation continue de l&#039;UQAC accueille une cinquantaine de gestionnaires de la r\u00e9gion - UQACtualit\u00e9s<\/title>\r\n<meta name=\"robots\" content=\"index, follow, max-snippet:-1, max-image-preview:large, max-video-preview:-1\" \/>\r\n<link rel=\"canonical\" href=\"https:\/\/www.uqac.ca\/uqactualites\/2025\/05\/28\/classe-de-maitres-2025-la-formation-continue-de-luqac-accueille-une-cinquantaine-de-gestionnaires-de-la-region\/\" \/>\r\n<meta property=\"og:locale\" content=\"fr_CA\" \/>\r\n<meta property=\"og:type\" content=\"article\" \/>\r\n<meta property=\"og:title\" content=\"Classe de ma\u00eetres 2025: la Formation continue de l&#039;UQAC accueille une cinquantaine de gestionnaires de la r\u00e9gion - UQACtualit\u00e9s\" \/>\r\n<meta property=\"og:description\" content=\"Le 22 mai dernier, pr\u00e8s d\u2019une cinquantaine de cadres sup\u00e9rieurs provenant d\u2019entreprises de la r\u00e9gion ont converg\u00e9 vers l\u2019UQAC afin de participer \u00e0 une classe de ma\u00eetres organis\u00e9e par la Formation continue de l\u2019universit\u00e9. Cette journ\u00e9e riche en apprentissages et en partage s\u2019articulait autour de la th\u00e9matique \u00ab Naviguer dans le chaos, avancer avec intuition [&hellip;]\" \/>\r\n<meta property=\"og:url\" content=\"https:\/\/www.uqac.ca\/uqactualites\/2025\/05\/28\/classe-de-maitres-2025-la-formation-continue-de-luqac-accueille-une-cinquantaine-de-gestionnaires-de-la-region\/\" \/>\r\n<meta property=\"og:site_name\" content=\"UQACtualit\u00e9s\" \/>\r\n<meta property=\"article:published_time\" content=\"2025-05-28T14:19:33+00:00\" \/>\r\n<meta property=\"article:modified_time\" content=\"2025-05-29T13:58:35+00:00\" \/>\r\n<meta property=\"og:image\" content=\"https:\/\/www.uqac.ca\/uqactualites\/wp-content\/uploads\/2025\/05\/IMG_7498-1.jpeg\" \/>\r\n\t<meta property=\"og:image:width\" content=\"2048\" \/>\r\n\t<meta property=\"og:image:height\" content=\"1536\" \/>\r\n\t<meta property=\"og:image:type\" content=\"image\/jpeg\" \/>\r\n<meta name=\"author\" content=\"Service des communications et des relations publiques\" \/>\r\n<meta name=\"twitter:card\" content=\"summary_large_image\" \/>\r\n<meta name=\"twitter:label1\" content=\"\u00c9crit par\" \/>\n\t<meta name=\"twitter:data1\" content=\"Service des communications et des relations publiques\" \/>\n\t<meta name=\"twitter:label2\" content=\"Estimation du temps de lecture\" \/>\n\t<meta name=\"twitter:data2\" content=\"1 minute\" \/>\r\n<script type=\"application\/ld+json\" class=\"yoast-schema-graph\">{\"@context\":\"https:\/\/schema.org\",\"@graph\":[{\"@type\":\"WebPage\",\"@id\":\"https:\/\/www.uqac.ca\/uqactualites\/2025\/05\/28\/classe-de-maitres-2025-la-formation-continue-de-luqac-accueille-une-cinquantaine-de-gestionnaires-de-la-region\/\",\"url\":\"https:\/\/www.uqac.ca\/uqactualites\/2025\/05\/28\/classe-de-maitres-2025-la-formation-continue-de-luqac-accueille-une-cinquantaine-de-gestionnaires-de-la-region\/\",\"name\":\"Classe de ma\u00eetres 2025: la Formation continue de l'UQAC accueille une cinquantaine de gestionnaires de la r\u00e9gion - UQACtualit\u00e9s\",\"isPartOf\":{\"@id\":\"https:\/\/www.uqac.ca\/uqactualites\/#website\"},\"primaryImageOfPage\":{\"@id\":\"https:\/\/www.uqac.ca\/uqactualites\/2025\/05\/28\/classe-de-maitres-2025-la-formation-continue-de-luqac-accueille-une-cinquantaine-de-gestionnaires-de-la-region\/#primaryimage\"},\"image\":{\"@id\":\"https:\/\/www.uqac.ca\/uqactualites\/2025\/05\/28\/classe-de-maitres-2025-la-formation-continue-de-luqac-accueille-une-cinquantaine-de-gestionnaires-de-la-region\/#primaryimage\"},\"thumbnailUrl\":\"https:\/\/www.uqac.ca\/uqactualites\/wp-content\/uploads\/2025\/05\/IMG_7498.jpeg\",\"datePublished\":\"2025-05-28T14:19:33+00:00\",\"dateModified\":\"2025-05-29T13:58:35+00:00\",\"author\":{\"@id\":\"https:\/\/www.uqac.ca\/uqactualites\/#\/schema\/person\/366c45a0c4f0e677b41b4af5886e2018\"},\"breadcrumb\":{\"@id\":\"https:\/\/www.uqac.ca\/uqactualites\/2025\/05\/28\/classe-de-maitres-2025-la-formation-continue-de-luqac-accueille-une-cinquantaine-de-gestionnaires-de-la-region\/#breadcrumb\"},\"inLanguage\":\"fr-CA\",\"potentialAction\":[{\"@type\":\"ReadAction\",\"target\":[\"https:\/\/www.uqac.ca\/uqactualites\/2025\/05\/28\/classe-de-maitres-2025-la-formation-continue-de-luqac-accueille-une-cinquantaine-de-gestionnaires-de-la-region\/\"]}]},{\"@type\":\"ImageObject\",\"inLanguage\":\"fr-CA\",\"@id\":\"https:\/\/www.uqac.ca\/uqactualites\/2025\/05\/28\/classe-de-maitres-2025-la-formation-continue-de-luqac-accueille-une-cinquantaine-de-gestionnaires-de-la-region\/#primaryimage\",\"url\":\"https:\/\/www.uqac.ca\/uqactualites\/wp-content\/uploads\/2025\/05\/IMG_7498.jpeg\",\"contentUrl\":\"https:\/\/www.uqac.ca\/uqactualites\/wp-content\/uploads\/2025\/05\/IMG_7498.jpeg\",\"width\":2048,\"height\":1536},{\"@type\":\"BreadcrumbList\",\"@id\":\"https:\/\/www.uqac.ca\/uqactualites\/2025\/05\/28\/classe-de-maitres-2025-la-formation-continue-de-luqac-accueille-une-cinquantaine-de-gestionnaires-de-la-region\/#breadcrumb\",\"itemListElement\":[{\"@type\":\"ListItem\",\"position\":1,\"name\":\"Home\",\"item\":\"https:\/\/www.uqac.ca\/uqactualites\/\"},{\"@type\":\"ListItem\",\"position\":2,\"name\":\"Classe de ma\u00eetres 2025: la Formation continue de l&rsquo;UQAC accueille une cinquantaine de gestionnaires de la r\u00e9gion\"}]},{\"@type\":\"WebSite\",\"@id\":\"https:\/\/www.uqac.ca\/uqactualites\/#website\",\"url\":\"https:\/\/www.uqac.ca\/uqactualites\/\",\"name\":\"UQACtualit\u00e9s\",\"description\":\"Le portail des nouvelles de l&#039;UQAC\",\"potentialAction\":[{\"@type\":\"SearchAction\",\"target\":{\"@type\":\"EntryPoint\",\"urlTemplate\":\"https:\/\/www.uqac.ca\/uqactualites\/?s={search_term_string}\"},\"query-input\":{\"@type\":\"PropertyValueSpecification\",\"valueRequired\":true,\"valueName\":\"search_term_string\"}}],\"inLanguage\":\"fr-CA\"},{\"@type\":\"Person\",\"@id\":\"https:\/\/www.uqac.ca\/uqactualites\/#\/schema\/person\/366c45a0c4f0e677b41b4af5886e2018\",\"name\":\"Service des communications et des relations publiques\",\"image\":{\"@type\":\"ImageObject\",\"inLanguage\":\"fr-CA\",\"@id\":\"https:\/\/www.uqac.ca\/uqactualites\/#\/schema\/person\/image\/\",\"url\":\"https:\/\/secure.gravatar.com\/avatar\/20fbbda8a292f59f2d3461a5b999c00b?s=96&d=mm&r=g\",\"contentUrl\":\"https:\/\/secure.gravatar.com\/avatar\/20fbbda8a292f59f2d3461a5b999c00b?s=96&d=mm&r=g\",\"caption\":\"Service des communications et des relations publiques\"},\"url\":\"https:\/\/www.uqac.ca\/uqactualites\/author\/bap\/\"}]}<\/script>\r\n<!-- \/ Yoast SEO plugin. -->","yoast_head_json":{"title":"Classe de ma\u00eetres 2025: la Formation continue de l'UQAC accueille une cinquantaine de gestionnaires de la r\u00e9gion - UQACtualit\u00e9s","robots":{"index":"index","follow":"follow","max-snippet":"max-snippet:-1","max-image-preview":"max-image-preview:large","max-video-preview":"max-video-preview:-1"},"canonical":"https:\/\/www.uqac.ca\/uqactualites\/2025\/05\/28\/classe-de-maitres-2025-la-formation-continue-de-luqac-accueille-une-cinquantaine-de-gestionnaires-de-la-region\/","og_locale":"fr_CA","og_type":"article","og_title":"Classe de ma\u00eetres 2025: la Formation continue de l'UQAC accueille une cinquantaine de gestionnaires de la r\u00e9gion - UQACtualit\u00e9s","og_description":"Le 22 mai dernier, pr\u00e8s d\u2019une cinquantaine de cadres sup\u00e9rieurs provenant d\u2019entreprises de la r\u00e9gion ont converg\u00e9 vers l\u2019UQAC afin de participer \u00e0 une classe de ma\u00eetres organis\u00e9e par la Formation continue de l\u2019universit\u00e9. Cette journ\u00e9e riche en apprentissages et en partage s\u2019articulait autour de la th\u00e9matique \u00ab Naviguer dans le chaos, avancer avec intuition [&hellip;]","og_url":"https:\/\/www.uqac.ca\/uqactualites\/2025\/05\/28\/classe-de-maitres-2025-la-formation-continue-de-luqac-accueille-une-cinquantaine-de-gestionnaires-de-la-region\/","og_site_name":"UQACtualit\u00e9s","article_published_time":"2025-05-28T14:19:33+00:00","article_modified_time":"2025-05-29T13:58:35+00:00","og_image":[{"width":2048,"height":1536,"url":"https:\/\/www.uqac.ca\/uqactualites\/wp-content\/uploads\/2025\/05\/IMG_7498-1.jpeg","type":"image\/jpeg"}],"author":"Service des communications et des relations publiques","twitter_card":"summary_large_image","twitter_misc":{"\u00c9crit par":"Service des communications et des relations publiques","Estimation du temps de lecture":"1 minute"},"schema":{"@context":"https:\/\/schema.org","@graph":[{"@type":"WebPage","@id":"https:\/\/www.uqac.ca\/uqactualites\/2025\/05\/28\/classe-de-maitres-2025-la-formation-continue-de-luqac-accueille-une-cinquantaine-de-gestionnaires-de-la-region\/","url":"https:\/\/www.uqac.ca\/uqactualites\/2025\/05\/28\/classe-de-maitres-2025-la-formation-continue-de-luqac-accueille-une-cinquantaine-de-gestionnaires-de-la-region\/","name":"Classe de ma\u00eetres 2025: la Formation continue de l'UQAC accueille une cinquantaine de gestionnaires de la r\u00e9gion - UQACtualit\u00e9s","isPartOf":{"@id":"https:\/\/www.uqac.ca\/uqactualites\/#website"},"primaryImageOfPage":{"@id":"https:\/\/www.uqac.ca\/uqactualites\/2025\/05\/28\/classe-de-maitres-2025-la-formation-continue-de-luqac-accueille-une-cinquantaine-de-gestionnaires-de-la-region\/#primaryimage"},"image":{"@id":"https:\/\/www.uqac.ca\/uqactualites\/2025\/05\/28\/classe-de-maitres-2025-la-formation-continue-de-luqac-accueille-une-cinquantaine-de-gestionnaires-de-la-region\/#primaryimage"},"thumbnailUrl":"https:\/\/www.uqac.ca\/uqactualites\/wp-content\/uploads\/2025\/05\/IMG_7498.jpeg","datePublished":"2025-05-28T14:19:33+00:00","dateModified":"2025-05-29T13:58:35+00:00","author":{"@id":"https:\/\/www.uqac.ca\/uqactualites\/#\/schema\/person\/366c45a0c4f0e677b41b4af5886e2018"},"breadcrumb":{"@id":"https:\/\/www.uqac.ca\/uqactualites\/2025\/05\/28\/classe-de-maitres-2025-la-formation-continue-de-luqac-accueille-une-cinquantaine-de-gestionnaires-de-la-region\/#breadcrumb"},"inLanguage":"fr-CA","potentialAction":[{"@type":"ReadAction","target":["https:\/\/www.uqac.ca\/uqactualites\/2025\/05\/28\/classe-de-maitres-2025-la-formation-continue-de-luqac-accueille-une-cinquantaine-de-gestionnaires-de-la-region\/"]}]},{"@type":"ImageObject","inLanguage":"fr-CA","@id":"https:\/\/www.uqac.ca\/uqactualites\/2025\/05\/28\/classe-de-maitres-2025-la-formation-continue-de-luqac-accueille-une-cinquantaine-de-gestionnaires-de-la-region\/#primaryimage","url":"https:\/\/www.uqac.ca\/uqactualites\/wp-content\/uploads\/2025\/05\/IMG_7498.jpeg","contentUrl":"https:\/\/www.uqac.ca\/uqactualites\/wp-content\/uploads\/2025\/05\/IMG_7498.jpeg","width":2048,"height":1536},{"@type":"BreadcrumbList","@id":"https:\/\/www.uqac.ca\/uqactualites\/2025\/05\/28\/classe-de-maitres-2025-la-formation-continue-de-luqac-accueille-une-cinquantaine-de-gestionnaires-de-la-region\/#breadcrumb","itemListElement":[{"@type":"ListItem","position":1,"name":"Home","item":"https:\/\/www.uqac.ca\/uqactualites\/"},{"@type":"ListItem","position":2,"name":"Classe de ma\u00eetres 2025: la Formation continue de l&rsquo;UQAC accueille une cinquantaine de gestionnaires de la r\u00e9gion"}]},{"@type":"WebSite","@id":"https:\/\/www.uqac.ca\/uqactualites\/#website","url":"https:\/\/www.uqac.ca\/uqactualites\/","name":"UQACtualit\u00e9s","description":"Le portail des nouvelles de l&#039;UQAC","potentialAction":[{"@type":"SearchAction","target":{"@type":"EntryPoint","urlTemplate":"https:\/\/www.uqac.ca\/uqactualites\/?s={search_term_string}"},"query-input":{"@type":"PropertyValueSpecification","valueRequired":true,"valueName":"search_term_string"}}],"inLanguage":"fr-CA"},{"@type":"Person","@id":"https:\/\/www.uqac.ca\/uqactualites\/#\/schema\/person\/366c45a0c4f0e677b41b4af5886e2018","name":"Service des communications et des relations publiques","image":{"@type":"ImageObject","inLanguage":"fr-CA","@id":"https:\/\/www.uqac.ca\/uqactualites\/#\/schema\/person\/image\/","url":"https:\/\/secure.gravatar.com\/avatar\/20fbbda8a292f59f2d3461a5b999c00b?s=96&d=mm&r=g","contentUrl":"https:\/\/secure.gravatar.com\/avatar\/20fbbda8a292f59f2d3461a5b999c00b?s=96&d=mm&r=g","caption":"Service des communications et des relations publiques"},"url":"https:\/\/www.uqac.ca\/uqactualites\/author\/bap\/"}]}},"_links":{"self":[{"href":"https:\/\/www.uqac.ca\/uqactualites\/wp-json\/wp\/v2\/posts\/50828"}],"collection":[{"href":"https:\/\/www.uqac.ca\/uqactualites\/wp-json\/wp\/v2\/posts"}],"about":[{"href":"https:\/\/www.uqac.ca\/uqactualites\/wp-json\/wp\/v2\/types\/post"}],"author":[{"embeddable":true,"href":"https:\/\/www.uqac.ca\/uqactualites\/wp-json\/wp\/v2\/users\/5"}],"replies":[{"embeddable":true,"href":"https:\/\/www.uqac.ca\/uqactualites\/wp-json\/wp\/v2\/comments?post=50828"}],"version-history":[{"count":17,"href":"https:\/\/www.uqac.ca\/uqactualites\/wp-json\/wp\/v2\/posts\/50828\/revisions"}],"predecessor-version":[{"id":50861,"href":"https:\/\/www.uqac.ca\/uqactualites\/wp-json\/wp\/v2\/posts\/50828\/revisions\/50861"}],"wp:featuredmedia":[{"embeddable":true,"href":"https:\/\/www.uqac.ca\/uqactualites\/wp-json\/wp\/v2\/media\/50829"}],"wp:attachment":[{"href":"https:\/\/www.uqac.ca\/uqactualites\/wp-json\/wp\/v2\/media?parent=50828"}],"wp:term":[{"taxonomy":"category","embeddable":true,"href":"https:\/\/www.uqac.ca\/uqactualites\/wp-json\/wp\/v2\/categories?post=50828"},{"taxonomy":"post_tag","embeddable":true,"href":"https:\/\/www.uqac.ca\/uqactualites\/wp-json\/wp\/v2\/tags?post=50828"}],"curies":[{"name":"wp","href":"https:\/\/api.w.org\/{rel}","templated":true}]}}