{"id":50850,"date":"2025-05-28T08:56:46","date_gmt":"2025-05-28T12:56:46","guid":{"rendered":"https:\/\/www.uqac.ca\/uqactualites\/?p=50850"},"modified":"2025-05-28T08:56:46","modified_gmt":"2025-05-28T12:56:46","slug":"oser-linnovation-pedagogique-une-responsabilite-partagee","status":"publish","type":"post","link":"https:\/\/www.uqac.ca\/uqactualites\/2025\/05\/28\/oser-linnovation-pedagogique-une-responsabilite-partagee\/","title":{"rendered":"Oser l\u2019innovation p\u00e9dagogique : une responsabilit\u00e9 partag\u00e9e"},"content":{"rendered":"<p>Le 21 mai dernier, la communaut\u00e9 universitaire s\u2019est r\u00e9unie au c\u0153ur de l\u2019UQAC pour r\u00e9fl\u00e9chir, ensemble, \u00e0 une question \u00e0 la fois simple et essentielle : comment r\u00e9imaginer nos pratiques p\u00e9dagogiques en enseignement sup\u00e9rieur?<\/p>\n<p>Port\u00e9 par le <a href=\"https:\/\/www.uqac.ca\/carrefour\/\" target=\"_blank\" rel=\"noopener\">Carrefour de l\u2019enseignement et de l\u2019apprentissage<\/a>, le colloque <em>Oser l\u2019innovation<\/em> marquait le retour attendu d\u2019un espace de dialogue ouvert, humain et ancr\u00e9 dans la r\u00e9alit\u00e9 de l\u2019enseignement universitaire. Cet \u00e9v\u00e9nement, pens\u00e9 comme un laboratoire d\u2019id\u00e9es et de partages, nous a permis de nous arr\u00eater collectivement et de r\u00e9fl\u00e9chir \u00e0 ce qui nous permet de donner un sens \u00e0 nos enseignements\u00a0: la p\u00e9dagogie.<\/p>\n<p><strong>Enseigner, ce n\u2019est jamais r\u00e9p\u00e9titif<\/strong><br \/>\nEnseigner, ce n\u2019est pas transmettre une mati\u00e8re fig\u00e9e. C\u2019est faire \u00e9merger du sens. C\u2019est s\u2019adapter \u00e0 une diversit\u00e9 de parcours, \u00e0 des contextes changeants, \u00e0 des \u00e9tudiants et \u00e9tudiantes qui, eux et elles aussi, nous transforment. La p\u00e9dagogie, au-del\u00e0 des m\u00e9thodes, est ce fil vivant entre le savoir et l\u2019apprentissage, entre la discipline et la personne.<\/p>\n<p>L\u2019innovation p\u00e9dagogique, \u00e0 ce titre, ne doit pas \u00eatre per\u00e7ue comme un mot \u00e0 la mode. Elle est une mani\u00e8re d\u2019habiter notre r\u00f4le avec agilit\u00e9, curiosit\u00e9 et conscience. Elle est cette disposition \u00e0 revoir nos pratiques, non par effet de tendance, mais par souci de pertinence. Ce n\u2019est pas tant une question d\u2019outils que de postures : une posture d\u2019\u00e9coute, d\u2019essai, d\u2019ouverture \u00e0 d\u2019autres perspectives.<\/p>\n<p><strong>Un engagement collectif<\/strong><br \/>\nTout au long de la journ\u00e9e, les \u00e9changes entre coll\u00e8gues ont permis de constater \u00e0 quel point cette posture est partag\u00e9e. Nous avons entendu des r\u00e9cits de terrain, des exp\u00e9rimentations courageuses, des r\u00e9flexions fines sur les d\u00e9fis de l\u2019enseignement, de l\u2019\u00e9valuation et de la coconstruction du savoir.<\/p>\n<p>L\u2019innovation ne se d\u00e9cr\u00e8te pas : elle s\u2019accompagne, elle se cultive. Et elle gagne \u00e0 \u00eatre partag\u00e9e. C\u2019est ce que rend possible un \u00e9v\u00e9nement comme celui-ci.<\/p>\n<p><strong>Soutenir et reconna\u00eetre<\/strong><br \/>\nCe colloque a aussi \u00e9t\u00e9 l\u2019occasion de souligner l\u2019apport du <a href=\"https:\/\/www.uqac.ca\/carrefour\/fonds\/\" target=\"_blank\" rel=\"noopener\">Fonds de d\u00e9veloppement de la p\u00e9dagogie universitaire<\/a>, aujourd\u2019hui \u00e0 sa troisi\u00e8me \u00e9dition. Ce fonds soutient des projets concrets, enracin\u00e9s dans la r\u00e9alit\u00e9 des classes universitaires et t\u00e9moigne du dynamisme d\u2019une communaut\u00e9 enseignante qui a \u00e0 c\u0153ur la r\u00e9ussite \u00e9tudiante. La presque totalit\u00e9 de ces projets \u00e9tait d\u2019ailleurs pr\u00e9sent\u00e9e sur place, illustrant la richesse des id\u00e9es qui prennent forme lorsqu\u2019on leur donne de l\u2019\u00e9lan.<\/p>\n<p><strong>Et maintenant?<\/strong><br \/>\nL\u2019enseignement universitaire est appel\u00e9 \u00e0 \u00e9voluer. Mais cette \u00e9volution ne peut se faire qu\u2019avec les personnes qui enseignent. Valoriser l\u2019innovation p\u00e9dagogique, c\u2019est reconna\u00eetre cette contribution essentielle au projet universitaire. C\u2019est dire que ce qui se passe dans une salle de classe, un forum en ligne ou un laboratoire p\u00e9dagogique compte et m\u00e9rite d\u2019\u00eatre nourri, soutenu, c\u00e9l\u00e9br\u00e9.<\/p>\n<p>Merci \u00e0 toutes les personnes pr\u00e9sentes, et \u00e0 toutes celles et ceux qui, jour apr\u00e8s jour, choisissent d\u2019enseigner autrement, avec rigueur et humanit\u00e9.<\/p>\n","protected":false},"excerpt":{"rendered":"<p>Le 21 mai dernier, la communaut\u00e9 universitaire s\u2019est r\u00e9unie au c\u0153ur de l\u2019UQAC pour r\u00e9fl\u00e9chir, ensemble, \u00e0 une question \u00e0 la fois simple et essentielle : comment r\u00e9imaginer nos pratiques p\u00e9dagogiques en enseignement sup\u00e9rieur? Port\u00e9 par le Carrefour de l\u2019enseignement et de l\u2019apprentissage, le colloque Oser l\u2019innovation marquait le retour attendu d\u2019un espace de dialogue [&hellip;]<\/p>\n","protected":false},"author":21,"featured_media":50852,"comment_status":"closed","ping_status":"open","sticky":false,"template":"","format":"standard","meta":{"footnotes":""},"categories":[2792],"tags":[],"yoast_head":"<!-- This site is optimized with the Yoast SEO plugin v24.2 - https:\/\/yoast.com\/wordpress\/plugins\/seo\/ -->\r\n<title>Oser l\u2019innovation p\u00e9dagogique : une responsabilit\u00e9 partag\u00e9e - UQACtualit\u00e9s<\/title>\r\n<meta name=\"robots\" content=\"index, follow, max-snippet:-1, max-image-preview:large, max-video-preview:-1\" \/>\r\n<link rel=\"canonical\" href=\"https:\/\/www.uqac.ca\/uqactualites\/2025\/05\/28\/oser-linnovation-pedagogique-une-responsabilite-partagee\/\" \/>\r\n<meta property=\"og:locale\" content=\"fr_CA\" \/>\r\n<meta property=\"og:type\" content=\"article\" \/>\r\n<meta property=\"og:title\" content=\"Oser l\u2019innovation p\u00e9dagogique : une responsabilit\u00e9 partag\u00e9e - UQACtualit\u00e9s\" \/>\r\n<meta property=\"og:description\" content=\"Le 21 mai dernier, la communaut\u00e9 universitaire s\u2019est r\u00e9unie au c\u0153ur de l\u2019UQAC pour r\u00e9fl\u00e9chir, ensemble, \u00e0 une question \u00e0 la fois simple et essentielle : comment r\u00e9imaginer nos pratiques p\u00e9dagogiques en enseignement sup\u00e9rieur? Port\u00e9 par le Carrefour de l\u2019enseignement et de l\u2019apprentissage, le colloque Oser l\u2019innovation marquait le retour attendu d\u2019un espace de dialogue [&hellip;]\" \/>\r\n<meta property=\"og:url\" content=\"https:\/\/www.uqac.ca\/uqactualites\/2025\/05\/28\/oser-linnovation-pedagogique-une-responsabilite-partagee\/\" \/>\r\n<meta property=\"og:site_name\" content=\"UQACtualit\u00e9s\" \/>\r\n<meta property=\"article:published_time\" content=\"2025-05-28T12:56:46+00:00\" \/>\r\n<meta property=\"og:image\" content=\"https:\/\/www.uqac.ca\/uqactualites\/wp-content\/uploads\/2025\/05\/tv_colloque2025.png\" \/>\r\n\t<meta property=\"og:image:width\" content=\"1920\" \/>\r\n\t<meta property=\"og:image:height\" content=\"1080\" \/>\r\n\t<meta property=\"og:image:type\" content=\"image\/png\" \/>\r\n<meta name=\"author\" content=\"\u00c9tienne H\u00e9bert\" \/>\r\n<meta name=\"twitter:card\" content=\"summary_large_image\" \/>\r\n<meta name=\"twitter:label1\" content=\"\u00c9crit par\" \/>\n\t<meta name=\"twitter:data1\" content=\"\u00c9tienne H\u00e9bert\" \/>\n\t<meta name=\"twitter:label2\" content=\"Estimation du temps de lecture\" \/>\n\t<meta name=\"twitter:data2\" content=\"3 minutes\" \/>\r\n<script type=\"application\/ld+json\" class=\"yoast-schema-graph\">{\"@context\":\"https:\/\/schema.org\",\"@graph\":[{\"@type\":\"WebPage\",\"@id\":\"https:\/\/www.uqac.ca\/uqactualites\/2025\/05\/28\/oser-linnovation-pedagogique-une-responsabilite-partagee\/\",\"url\":\"https:\/\/www.uqac.ca\/uqactualites\/2025\/05\/28\/oser-linnovation-pedagogique-une-responsabilite-partagee\/\",\"name\":\"Oser l\u2019innovation p\u00e9dagogique : une responsabilit\u00e9 partag\u00e9e - UQACtualit\u00e9s\",\"isPartOf\":{\"@id\":\"https:\/\/www.uqac.ca\/uqactualites\/#website\"},\"primaryImageOfPage\":{\"@id\":\"https:\/\/www.uqac.ca\/uqactualites\/2025\/05\/28\/oser-linnovation-pedagogique-une-responsabilite-partagee\/#primaryimage\"},\"image\":{\"@id\":\"https:\/\/www.uqac.ca\/uqactualites\/2025\/05\/28\/oser-linnovation-pedagogique-une-responsabilite-partagee\/#primaryimage\"},\"thumbnailUrl\":\"https:\/\/www.uqac.ca\/uqactualites\/wp-content\/uploads\/2025\/05\/tv_colloque2025.png\",\"datePublished\":\"2025-05-28T12:56:46+00:00\",\"dateModified\":\"2025-05-28T12:56:46+00:00\",\"author\":{\"@id\":\"https:\/\/www.uqac.ca\/uqactualites\/#\/schema\/person\/ed91ace0d18ee17b757f0b1bc15fa02c\"},\"breadcrumb\":{\"@id\":\"https:\/\/www.uqac.ca\/uqactualites\/2025\/05\/28\/oser-linnovation-pedagogique-une-responsabilite-partagee\/#breadcrumb\"},\"inLanguage\":\"fr-CA\",\"potentialAction\":[{\"@type\":\"ReadAction\",\"target\":[\"https:\/\/www.uqac.ca\/uqactualites\/2025\/05\/28\/oser-linnovation-pedagogique-une-responsabilite-partagee\/\"]}]},{\"@type\":\"ImageObject\",\"inLanguage\":\"fr-CA\",\"@id\":\"https:\/\/www.uqac.ca\/uqactualites\/2025\/05\/28\/oser-linnovation-pedagogique-une-responsabilite-partagee\/#primaryimage\",\"url\":\"https:\/\/www.uqac.ca\/uqactualites\/wp-content\/uploads\/2025\/05\/tv_colloque2025.png\",\"contentUrl\":\"https:\/\/www.uqac.ca\/uqactualites\/wp-content\/uploads\/2025\/05\/tv_colloque2025.png\",\"width\":1920,\"height\":1080},{\"@type\":\"BreadcrumbList\",\"@id\":\"https:\/\/www.uqac.ca\/uqactualites\/2025\/05\/28\/oser-linnovation-pedagogique-une-responsabilite-partagee\/#breadcrumb\",\"itemListElement\":[{\"@type\":\"ListItem\",\"position\":1,\"name\":\"Home\",\"item\":\"https:\/\/www.uqac.ca\/uqactualites\/\"},{\"@type\":\"ListItem\",\"position\":2,\"name\":\"Oser l\u2019innovation p\u00e9dagogique : une responsabilit\u00e9 partag\u00e9e\"}]},{\"@type\":\"WebSite\",\"@id\":\"https:\/\/www.uqac.ca\/uqactualites\/#website\",\"url\":\"https:\/\/www.uqac.ca\/uqactualites\/\",\"name\":\"UQACtualit\u00e9s\",\"description\":\"Le portail des nouvelles de l&#039;UQAC\",\"potentialAction\":[{\"@type\":\"SearchAction\",\"target\":{\"@type\":\"EntryPoint\",\"urlTemplate\":\"https:\/\/www.uqac.ca\/uqactualites\/?s={search_term_string}\"},\"query-input\":{\"@type\":\"PropertyValueSpecification\",\"valueRequired\":true,\"valueName\":\"search_term_string\"}}],\"inLanguage\":\"fr-CA\"},{\"@type\":\"Person\",\"@id\":\"https:\/\/www.uqac.ca\/uqactualites\/#\/schema\/person\/ed91ace0d18ee17b757f0b1bc15fa02c\",\"name\":\"\u00c9tienne H\u00e9bert\",\"image\":{\"@type\":\"ImageObject\",\"inLanguage\":\"fr-CA\",\"@id\":\"https:\/\/www.uqac.ca\/uqactualites\/#\/schema\/person\/image\/\",\"url\":\"https:\/\/secure.gravatar.com\/avatar\/d79ff57ee42798ad8536a9b78894e615?s=96&d=mm&r=g\",\"contentUrl\":\"https:\/\/secure.gravatar.com\/avatar\/d79ff57ee42798ad8536a9b78894e615?s=96&d=mm&r=g\",\"caption\":\"\u00c9tienne H\u00e9bert\"},\"url\":\"https:\/\/www.uqac.ca\/uqactualites\/author\/ehebert\/\"}]}<\/script>\r\n<!-- \/ Yoast SEO plugin. -->","yoast_head_json":{"title":"Oser l\u2019innovation p\u00e9dagogique : une responsabilit\u00e9 partag\u00e9e - UQACtualit\u00e9s","robots":{"index":"index","follow":"follow","max-snippet":"max-snippet:-1","max-image-preview":"max-image-preview:large","max-video-preview":"max-video-preview:-1"},"canonical":"https:\/\/www.uqac.ca\/uqactualites\/2025\/05\/28\/oser-linnovation-pedagogique-une-responsabilite-partagee\/","og_locale":"fr_CA","og_type":"article","og_title":"Oser l\u2019innovation p\u00e9dagogique : une responsabilit\u00e9 partag\u00e9e - UQACtualit\u00e9s","og_description":"Le 21 mai dernier, la communaut\u00e9 universitaire s\u2019est r\u00e9unie au c\u0153ur de l\u2019UQAC pour r\u00e9fl\u00e9chir, ensemble, \u00e0 une question \u00e0 la fois simple et essentielle : comment r\u00e9imaginer nos pratiques p\u00e9dagogiques en enseignement sup\u00e9rieur? Port\u00e9 par le Carrefour de l\u2019enseignement et de l\u2019apprentissage, le colloque Oser l\u2019innovation marquait le retour attendu d\u2019un espace de dialogue [&hellip;]","og_url":"https:\/\/www.uqac.ca\/uqactualites\/2025\/05\/28\/oser-linnovation-pedagogique-une-responsabilite-partagee\/","og_site_name":"UQACtualit\u00e9s","article_published_time":"2025-05-28T12:56:46+00:00","og_image":[{"width":1920,"height":1080,"url":"https:\/\/www.uqac.ca\/uqactualites\/wp-content\/uploads\/2025\/05\/tv_colloque2025.png","type":"image\/png"}],"author":"\u00c9tienne H\u00e9bert","twitter_card":"summary_large_image","twitter_misc":{"\u00c9crit par":"\u00c9tienne H\u00e9bert","Estimation du temps de lecture":"3 minutes"},"schema":{"@context":"https:\/\/schema.org","@graph":[{"@type":"WebPage","@id":"https:\/\/www.uqac.ca\/uqactualites\/2025\/05\/28\/oser-linnovation-pedagogique-une-responsabilite-partagee\/","url":"https:\/\/www.uqac.ca\/uqactualites\/2025\/05\/28\/oser-linnovation-pedagogique-une-responsabilite-partagee\/","name":"Oser l\u2019innovation p\u00e9dagogique : une responsabilit\u00e9 partag\u00e9e - UQACtualit\u00e9s","isPartOf":{"@id":"https:\/\/www.uqac.ca\/uqactualites\/#website"},"primaryImageOfPage":{"@id":"https:\/\/www.uqac.ca\/uqactualites\/2025\/05\/28\/oser-linnovation-pedagogique-une-responsabilite-partagee\/#primaryimage"},"image":{"@id":"https:\/\/www.uqac.ca\/uqactualites\/2025\/05\/28\/oser-linnovation-pedagogique-une-responsabilite-partagee\/#primaryimage"},"thumbnailUrl":"https:\/\/www.uqac.ca\/uqactualites\/wp-content\/uploads\/2025\/05\/tv_colloque2025.png","datePublished":"2025-05-28T12:56:46+00:00","dateModified":"2025-05-28T12:56:46+00:00","author":{"@id":"https:\/\/www.uqac.ca\/uqactualites\/#\/schema\/person\/ed91ace0d18ee17b757f0b1bc15fa02c"},"breadcrumb":{"@id":"https:\/\/www.uqac.ca\/uqactualites\/2025\/05\/28\/oser-linnovation-pedagogique-une-responsabilite-partagee\/#breadcrumb"},"inLanguage":"fr-CA","potentialAction":[{"@type":"ReadAction","target":["https:\/\/www.uqac.ca\/uqactualites\/2025\/05\/28\/oser-linnovation-pedagogique-une-responsabilite-partagee\/"]}]},{"@type":"ImageObject","inLanguage":"fr-CA","@id":"https:\/\/www.uqac.ca\/uqactualites\/2025\/05\/28\/oser-linnovation-pedagogique-une-responsabilite-partagee\/#primaryimage","url":"https:\/\/www.uqac.ca\/uqactualites\/wp-content\/uploads\/2025\/05\/tv_colloque2025.png","contentUrl":"https:\/\/www.uqac.ca\/uqactualites\/wp-content\/uploads\/2025\/05\/tv_colloque2025.png","width":1920,"height":1080},{"@type":"BreadcrumbList","@id":"https:\/\/www.uqac.ca\/uqactualites\/2025\/05\/28\/oser-linnovation-pedagogique-une-responsabilite-partagee\/#breadcrumb","itemListElement":[{"@type":"ListItem","position":1,"name":"Home","item":"https:\/\/www.uqac.ca\/uqactualites\/"},{"@type":"ListItem","position":2,"name":"Oser l\u2019innovation p\u00e9dagogique : une responsabilit\u00e9 partag\u00e9e"}]},{"@type":"WebSite","@id":"https:\/\/www.uqac.ca\/uqactualites\/#website","url":"https:\/\/www.uqac.ca\/uqactualites\/","name":"UQACtualit\u00e9s","description":"Le portail des nouvelles de l&#039;UQAC","potentialAction":[{"@type":"SearchAction","target":{"@type":"EntryPoint","urlTemplate":"https:\/\/www.uqac.ca\/uqactualites\/?s={search_term_string}"},"query-input":{"@type":"PropertyValueSpecification","valueRequired":true,"valueName":"search_term_string"}}],"inLanguage":"fr-CA"},{"@type":"Person","@id":"https:\/\/www.uqac.ca\/uqactualites\/#\/schema\/person\/ed91ace0d18ee17b757f0b1bc15fa02c","name":"\u00c9tienne H\u00e9bert","image":{"@type":"ImageObject","inLanguage":"fr-CA","@id":"https:\/\/www.uqac.ca\/uqactualites\/#\/schema\/person\/image\/","url":"https:\/\/secure.gravatar.com\/avatar\/d79ff57ee42798ad8536a9b78894e615?s=96&d=mm&r=g","contentUrl":"https:\/\/secure.gravatar.com\/avatar\/d79ff57ee42798ad8536a9b78894e615?s=96&d=mm&r=g","caption":"\u00c9tienne H\u00e9bert"},"url":"https:\/\/www.uqac.ca\/uqactualites\/author\/ehebert\/"}]}},"_links":{"self":[{"href":"https:\/\/www.uqac.ca\/uqactualites\/wp-json\/wp\/v2\/posts\/50850"}],"collection":[{"href":"https:\/\/www.uqac.ca\/uqactualites\/wp-json\/wp\/v2\/posts"}],"about":[{"href":"https:\/\/www.uqac.ca\/uqactualites\/wp-json\/wp\/v2\/types\/post"}],"author":[{"embeddable":true,"href":"https:\/\/www.uqac.ca\/uqactualites\/wp-json\/wp\/v2\/users\/21"}],"replies":[{"embeddable":true,"href":"https:\/\/www.uqac.ca\/uqactualites\/wp-json\/wp\/v2\/comments?post=50850"}],"version-history":[{"count":2,"href":"https:\/\/www.uqac.ca\/uqactualites\/wp-json\/wp\/v2\/posts\/50850\/revisions"}],"predecessor-version":[{"id":50853,"href":"https:\/\/www.uqac.ca\/uqactualites\/wp-json\/wp\/v2\/posts\/50850\/revisions\/50853"}],"wp:featuredmedia":[{"embeddable":true,"href":"https:\/\/www.uqac.ca\/uqactualites\/wp-json\/wp\/v2\/media\/50852"}],"wp:attachment":[{"href":"https:\/\/www.uqac.ca\/uqactualites\/wp-json\/wp\/v2\/media?parent=50850"}],"wp:term":[{"taxonomy":"category","embeddable":true,"href":"https:\/\/www.uqac.ca\/uqactualites\/wp-json\/wp\/v2\/categories?post=50850"},{"taxonomy":"post_tag","embeddable":true,"href":"https:\/\/www.uqac.ca\/uqactualites\/wp-json\/wp\/v2\/tags?post=50850"}],"curies":[{"name":"wp","href":"https:\/\/api.w.org\/{rel}","templated":true}]}}