{"id":50888,"date":"2025-05-30T09:28:15","date_gmt":"2025-05-30T13:28:15","guid":{"rendered":"https:\/\/www.uqac.ca\/uqactualites\/?p=50888"},"modified":"2025-05-30T10:45:33","modified_gmt":"2025-05-30T14:45:33","slug":"luqac-celebre-une-decennie-dancrage-universitaire-a-sept-iles","status":"publish","type":"post","link":"https:\/\/www.uqac.ca\/uqactualites\/2025\/05\/30\/luqac-celebre-une-decennie-dancrage-universitaire-a-sept-iles\/","title":{"rendered":"L\u2019UQAC c\u00e9l\u00e8bre une d\u00e9cennie d\u2019ancrage universitaire \u00e0 Sept-\u00celes"},"content":{"rendered":"<p>L\u2019Universit\u00e9 du Qu\u00e9bec \u00e0 Chicoutimi (UQAC) a soulign\u00e9, ce jeudi 29 mai, le 10<sup>e\u00a0<\/sup>anniversaire du Pavillon Alouette \u00e0 Sept-\u00celes, marquant ainsi une d\u00e9cennie d\u2019engagement universitaire au c\u0153ur de Sept-\u00celes.<\/p>\n<p>Pr\u00e9sente sur la C\u00f4te-Nord depuis 1971, l\u2019UQAC tisse depuis longtemps des liens solides avec la r\u00e9gion et sa population. L\u2019inauguration du Pavillon Alouette en 2014 \u2013 fruit d\u2019un partenariat structurant entre l\u2019UQAC, la Ville de Sept-\u00celes et Aluminerie Alouette \u2013 a renforc\u00e9 le positionnement de l\u2019UQAC sur le territoire nord-c\u00f4tier. Depuis, le Pavillon constitue un p\u00f4le majeur pour la formation et la recherche dans la r\u00e9gion.<\/p>\n<p>L\u2019\u00e9v\u00e9nement organis\u00e9 afin de souligner cet anniversaire important a ainsi rassembl\u00e9 de nombreuses personnes dipl\u00f4m\u00e9es de Sept-\u00celes, ainsi que des ambassadrices, des ambassadeurs et des partenaires de longue date. Ce 10<sup>e<\/sup> anniversaire a aussi permis de mettre en lumi\u00e8re plusieurs initiatives r\u00e9centes visant \u00e0 renforcer cet enracinement. Parmi celles-ci, l\u2019ouverture officielle du Dispensaire urbain pour l\u2019enseignement clinique (DUEC), survenue quelques jours plus t\u00f4t, t\u00e9moigne de la volont\u00e9 d\u2019offrir une formation universitaire de qualit\u00e9, \u00e9troitement li\u00e9e aux r\u00e9alit\u00e9s locales.<\/p>\n<p>Au cours de la soir\u00e9e, deux m\u00e9dailles honorifiques ont \u00e9galement \u00e9t\u00e9 remises \u00e0 Florent Vollant et Jos\u00e9e\u00a0Leblanc, en reconnaissance de leur contribution exemplaire \u00e0 la transmission des savoirs, \u00e0 la vitalit\u00e9 culturelle et au d\u00e9veloppement de leur communaut\u00e9. Par leur parcours, ces deux personnalit\u00e9s incarnent des valeurs ch\u00e8res \u00e0 l\u2019UQAC et inspirent les g\u00e9n\u00e9rations futures.<\/p>\n<div id='gallery-1' class='gallery galleryid-50888 gallery-columns-2 gallery-size-medium'><figure class='gallery-item'>\n\t\t\t<div class='gallery-icon landscape'>\n\t\t\t\t<a href='https:\/\/www.uqac.ca\/uqactualites\/2025\/05\/30\/luqac-celebre-une-decennie-dancrage-universitaire-a-sept-iles\/uqac-2025-3\/'><img loading=\"lazy\" decoding=\"async\" width=\"300\" height=\"225\" src=\"https:\/\/www.uqac.ca\/uqactualites\/wp-content\/uploads\/2025\/05\/UQAC-2025_2\u00a9JulienChoquette-Kaikunuesht-300x225.jpg\" class=\"attachment-medium size-medium\" alt=\"\" aria-describedby=\"gallery-1-50892\" srcset=\"https:\/\/www.uqac.ca\/uqactualites\/wp-content\/uploads\/2025\/05\/UQAC-2025_2\u00a9JulienChoquette-Kaikunuesht-300x225.jpg 300w, https:\/\/www.uqac.ca\/uqactualites\/wp-content\/uploads\/2025\/05\/UQAC-2025_2\u00a9JulienChoquette-Kaikunuesht-1024x768.jpg 1024w, https:\/\/www.uqac.ca\/uqactualites\/wp-content\/uploads\/2025\/05\/UQAC-2025_2\u00a9JulienChoquette-Kaikunuesht-768x576.jpg 768w, https:\/\/www.uqac.ca\/uqactualites\/wp-content\/uploads\/2025\/05\/UQAC-2025_2\u00a9JulienChoquette-Kaikunuesht-1536x1152.jpg 1536w, https:\/\/www.uqac.ca\/uqactualites\/wp-content\/uploads\/2025\/05\/UQAC-2025_2\u00a9JulienChoquette-Kaikunuesht-150x113.jpg 150w, https:\/\/www.uqac.ca\/uqactualites\/wp-content\/uploads\/2025\/05\/UQAC-2025_2\u00a9JulienChoquette-Kaikunuesht-696x522.jpg 696w, https:\/\/www.uqac.ca\/uqactualites\/wp-content\/uploads\/2025\/05\/UQAC-2025_2\u00a9JulienChoquette-Kaikunuesht-1068x801.jpg 1068w, https:\/\/www.uqac.ca\/uqactualites\/wp-content\/uploads\/2025\/05\/UQAC-2025_2\u00a9JulienChoquette-Kaikunuesht-1920x1440.jpg 1920w, https:\/\/www.uqac.ca\/uqactualites\/wp-content\/uploads\/2025\/05\/UQAC-2025_2\u00a9JulienChoquette-Kaikunuesht.jpg 2000w\" sizes=\"(max-width: 300px) 100vw, 300px\" \/><\/a>\n\t\t\t<\/div>\n\t\t\t\t<figcaption class='wp-caption-text gallery-caption' id='gallery-1-50892'>\n\t\t\t\t Jos\u00e9e Leblanc, m\u00e9daill\u00e9e de l&rsquo;UQAC, en compagnie de Paul Lavoie, directeur g\u00e9n\u00e9ral de D\u00e9veloppement \u00e9conomique Sept-\u00celes, et Ghislain Samson, recteur. \u00a9JulienChoquette &#8211; Kaikunuesht\n\t\t\t\t<\/figcaption><\/figure><figure class='gallery-item'>\n\t\t\t<div class='gallery-icon landscape'>\n\t\t\t\t<a href='https:\/\/www.uqac.ca\/uqactualites\/2025\/05\/30\/luqac-celebre-une-decennie-dancrage-universitaire-a-sept-iles\/uqac-2025-4\/'><img loading=\"lazy\" decoding=\"async\" width=\"300\" height=\"259\" src=\"https:\/\/www.uqac.ca\/uqactualites\/wp-content\/uploads\/2025\/05\/UQAC-2025_3\u00a9JulienChoquette-Kaikunuesht-300x259.jpg\" class=\"attachment-medium size-medium\" alt=\"\" aria-describedby=\"gallery-1-50893\" srcset=\"https:\/\/www.uqac.ca\/uqactualites\/wp-content\/uploads\/2025\/05\/UQAC-2025_3\u00a9JulienChoquette-Kaikunuesht-300x259.jpg 300w, https:\/\/www.uqac.ca\/uqactualites\/wp-content\/uploads\/2025\/05\/UQAC-2025_3\u00a9JulienChoquette-Kaikunuesht-1024x885.jpg 1024w, https:\/\/www.uqac.ca\/uqactualites\/wp-content\/uploads\/2025\/05\/UQAC-2025_3\u00a9JulienChoquette-Kaikunuesht-768x664.jpg 768w, https:\/\/www.uqac.ca\/uqactualites\/wp-content\/uploads\/2025\/05\/UQAC-2025_3\u00a9JulienChoquette-Kaikunuesht-1536x1327.jpg 1536w, https:\/\/www.uqac.ca\/uqactualites\/wp-content\/uploads\/2025\/05\/UQAC-2025_3\u00a9JulienChoquette-Kaikunuesht-150x130.jpg 150w, https:\/\/www.uqac.ca\/uqactualites\/wp-content\/uploads\/2025\/05\/UQAC-2025_3\u00a9JulienChoquette-Kaikunuesht-696x601.jpg 696w, https:\/\/www.uqac.ca\/uqactualites\/wp-content\/uploads\/2025\/05\/UQAC-2025_3\u00a9JulienChoquette-Kaikunuesht-1068x923.jpg 1068w, https:\/\/www.uqac.ca\/uqactualites\/wp-content\/uploads\/2025\/05\/UQAC-2025_3\u00a9JulienChoquette-Kaikunuesht-1920x1659.jpg 1920w, https:\/\/www.uqac.ca\/uqactualites\/wp-content\/uploads\/2025\/05\/UQAC-2025_3\u00a9JulienChoquette-Kaikunuesht.jpg 2000w\" sizes=\"(max-width: 300px) 100vw, 300px\" \/><\/a>\n\t\t\t<\/div>\n\t\t\t\t<figcaption class='wp-caption-text gallery-caption' id='gallery-1-50893'>\n\t\t\t\tFlorent Vollant, m\u00e9daill\u00e9 de l&rsquo;UQAC, en compagnie de sa fille Judith Mckenzie, et du recteur Ghislain Samson. \u00a9JulienChoquette &#8211; Kaikunuesht\n\t\t\t\t<\/figcaption><\/figure>\n\t\t<\/div>\n\n<p>Forte d\u2019une pr\u00e9sence de plus de cinquante ans sur la C\u00f4te-Nord, l\u2019UQAC voit dans cette premi\u00e8re d\u00e9cennie du Pavillon Alouette une \u00e9tape marquante d\u2019un engagement appel\u00e9 \u00e0 se poursuivre. Elle r\u00e9affirme ainsi sa volont\u00e9 de faire vivre, pour les d\u00e9cennies \u00e0 venir, une universit\u00e9 humaine, accessible et profond\u00e9ment enracin\u00e9e dans son milieu.<\/p>\n<figure id=\"attachment_50891\" aria-describedby=\"caption-attachment-50891\" style=\"width: 696px\" class=\"wp-caption alignleft\"><a href=\"https:\/\/www.uqac.ca\/uqactualites\/wp-content\/uploads\/2025\/05\/UQAC-2025_4\u00a9JulienChoquette-Kaikunuesht.jpg\"><img loading=\"lazy\" decoding=\"async\" class=\"wp-image-50891 size-large\" src=\"https:\/\/www.uqac.ca\/uqactualites\/wp-content\/uploads\/2025\/05\/UQAC-2025_4\u00a9JulienChoquette-Kaikunuesht-1024x718.jpg\" alt=\"\" width=\"696\" height=\"488\" srcset=\"https:\/\/www.uqac.ca\/uqactualites\/wp-content\/uploads\/2025\/05\/UQAC-2025_4\u00a9JulienChoquette-Kaikunuesht-1024x718.jpg 1024w, https:\/\/www.uqac.ca\/uqactualites\/wp-content\/uploads\/2025\/05\/UQAC-2025_4\u00a9JulienChoquette-Kaikunuesht-300x210.jpg 300w, https:\/\/www.uqac.ca\/uqactualites\/wp-content\/uploads\/2025\/05\/UQAC-2025_4\u00a9JulienChoquette-Kaikunuesht-768x538.jpg 768w, https:\/\/www.uqac.ca\/uqactualites\/wp-content\/uploads\/2025\/05\/UQAC-2025_4\u00a9JulienChoquette-Kaikunuesht-1536x1077.jpg 1536w, https:\/\/www.uqac.ca\/uqactualites\/wp-content\/uploads\/2025\/05\/UQAC-2025_4\u00a9JulienChoquette-Kaikunuesht-150x105.jpg 150w, https:\/\/www.uqac.ca\/uqactualites\/wp-content\/uploads\/2025\/05\/UQAC-2025_4\u00a9JulienChoquette-Kaikunuesht-696x488.jpg 696w, https:\/\/www.uqac.ca\/uqactualites\/wp-content\/uploads\/2025\/05\/UQAC-2025_4\u00a9JulienChoquette-Kaikunuesht-1068x749.jpg 1068w, https:\/\/www.uqac.ca\/uqactualites\/wp-content\/uploads\/2025\/05\/UQAC-2025_4\u00a9JulienChoquette-Kaikunuesht-1920x1346.jpg 1920w, https:\/\/www.uqac.ca\/uqactualites\/wp-content\/uploads\/2025\/05\/UQAC-2025_4\u00a9JulienChoquette-Kaikunuesht.jpg 2000w\" sizes=\"(max-width: 696px) 100vw, 696px\" \/><\/a><figcaption id=\"caption-attachment-50891\" class=\"wp-caption-text\">L&rsquo;\u00e9quipe de l&rsquo;UQAC accompagn\u00e9e de quelques partenaires et invit\u00e9s de la soir\u00e9e. \u00a9JulienChoquette &#8211; Kaikunuesht<\/figcaption><\/figure>\n<p>&nbsp;<\/p>\n","protected":false},"excerpt":{"rendered":"<p>L\u2019Universit\u00e9 du Qu\u00e9bec \u00e0 Chicoutimi (UQAC) a soulign\u00e9, ce jeudi 29 mai, le 10e\u00a0anniversaire du Pavillon Alouette \u00e0 Sept-\u00celes, marquant ainsi une d\u00e9cennie d\u2019engagement universitaire au c\u0153ur de Sept-\u00celes. Pr\u00e9sente sur la C\u00f4te-Nord depuis 1971, l\u2019UQAC tisse depuis longtemps des liens solides avec la r\u00e9gion et sa population. L\u2019inauguration du Pavillon Alouette en 2014 \u2013 [&hellip;]<\/p>\n","protected":false},"author":5,"featured_media":50900,"comment_status":"closed","ping_status":"open","sticky":false,"template":"","format":"standard","meta":{"footnotes":""},"categories":[2795,2,2774,61],"tags":[106],"yoast_head":"<!-- This site is optimized with the Yoast SEO plugin v24.2 - https:\/\/yoast.com\/wordpress\/plugins\/seo\/ -->\r\n<title>L\u2019UQAC c\u00e9l\u00e8bre une d\u00e9cennie d\u2019ancrage universitaire \u00e0 Sept-\u00celes - UQACtualit\u00e9s<\/title>\r\n<meta name=\"robots\" content=\"index, follow, max-snippet:-1, max-image-preview:large, max-video-preview:-1\" \/>\r\n<link rel=\"canonical\" href=\"https:\/\/www.uqac.ca\/uqactualites\/2025\/05\/30\/luqac-celebre-une-decennie-dancrage-universitaire-a-sept-iles\/\" \/>\r\n<meta property=\"og:locale\" content=\"fr_CA\" \/>\r\n<meta property=\"og:type\" content=\"article\" \/>\r\n<meta property=\"og:title\" content=\"L\u2019UQAC c\u00e9l\u00e8bre une d\u00e9cennie d\u2019ancrage universitaire \u00e0 Sept-\u00celes - UQACtualit\u00e9s\" \/>\r\n<meta property=\"og:description\" content=\"L\u2019Universit\u00e9 du Qu\u00e9bec \u00e0 Chicoutimi (UQAC) a soulign\u00e9, ce jeudi 29 mai, le 10e\u00a0anniversaire du Pavillon Alouette \u00e0 Sept-\u00celes, marquant ainsi une d\u00e9cennie d\u2019engagement universitaire au c\u0153ur de Sept-\u00celes. Pr\u00e9sente sur la C\u00f4te-Nord depuis 1971, l\u2019UQAC tisse depuis longtemps des liens solides avec la r\u00e9gion et sa population. L\u2019inauguration du Pavillon Alouette en 2014 \u2013 [&hellip;]\" \/>\r\n<meta property=\"og:url\" content=\"https:\/\/www.uqac.ca\/uqactualites\/2025\/05\/30\/luqac-celebre-une-decennie-dancrage-universitaire-a-sept-iles\/\" \/>\r\n<meta property=\"og:site_name\" content=\"UQACtualit\u00e9s\" \/>\r\n<meta property=\"article:published_time\" content=\"2025-05-30T13:28:15+00:00\" \/>\r\n<meta property=\"article:modified_time\" content=\"2025-05-30T14:45:33+00:00\" \/>\r\n<meta property=\"og:image\" content=\"https:\/\/www.uqac.ca\/uqactualites\/wp-content\/uploads\/2025\/05\/UQAC-2025_1\u00a9JulienChoquette-Kaikunuesht-1024x635.jpg\" \/>\r\n\t<meta property=\"og:image:width\" content=\"1024\" \/>\r\n\t<meta property=\"og:image:height\" content=\"635\" \/>\r\n\t<meta property=\"og:image:type\" content=\"image\/jpeg\" \/>\r\n<meta name=\"author\" content=\"Service des communications et des relations publiques\" \/>\r\n<meta name=\"twitter:card\" content=\"summary_large_image\" \/>\r\n<meta name=\"twitter:label1\" content=\"\u00c9crit par\" \/>\n\t<meta name=\"twitter:data1\" content=\"Service des communications et des relations publiques\" \/>\n\t<meta name=\"twitter:label2\" content=\"Estimation du temps de lecture\" \/>\n\t<meta name=\"twitter:data2\" content=\"2 minutes\" \/>\r\n<script type=\"application\/ld+json\" class=\"yoast-schema-graph\">{\"@context\":\"https:\/\/schema.org\",\"@graph\":[{\"@type\":\"WebPage\",\"@id\":\"https:\/\/www.uqac.ca\/uqactualites\/2025\/05\/30\/luqac-celebre-une-decennie-dancrage-universitaire-a-sept-iles\/\",\"url\":\"https:\/\/www.uqac.ca\/uqactualites\/2025\/05\/30\/luqac-celebre-une-decennie-dancrage-universitaire-a-sept-iles\/\",\"name\":\"L\u2019UQAC c\u00e9l\u00e8bre une d\u00e9cennie d\u2019ancrage universitaire \u00e0 Sept-\u00celes - UQACtualit\u00e9s\",\"isPartOf\":{\"@id\":\"https:\/\/www.uqac.ca\/uqactualites\/#website\"},\"primaryImageOfPage\":{\"@id\":\"https:\/\/www.uqac.ca\/uqactualites\/2025\/05\/30\/luqac-celebre-une-decennie-dancrage-universitaire-a-sept-iles\/#primaryimage\"},\"image\":{\"@id\":\"https:\/\/www.uqac.ca\/uqactualites\/2025\/05\/30\/luqac-celebre-une-decennie-dancrage-universitaire-a-sept-iles\/#primaryimage\"},\"thumbnailUrl\":\"https:\/\/www.uqac.ca\/uqactualites\/wp-content\/uploads\/2025\/05\/UQAC-2025_1\u00a9JulienChoquette-Kaikunuesht-1.jpg\",\"datePublished\":\"2025-05-30T13:28:15+00:00\",\"dateModified\":\"2025-05-30T14:45:33+00:00\",\"author\":{\"@id\":\"https:\/\/www.uqac.ca\/uqactualites\/#\/schema\/person\/366c45a0c4f0e677b41b4af5886e2018\"},\"breadcrumb\":{\"@id\":\"https:\/\/www.uqac.ca\/uqactualites\/2025\/05\/30\/luqac-celebre-une-decennie-dancrage-universitaire-a-sept-iles\/#breadcrumb\"},\"inLanguage\":\"fr-CA\",\"potentialAction\":[{\"@type\":\"ReadAction\",\"target\":[\"https:\/\/www.uqac.ca\/uqactualites\/2025\/05\/30\/luqac-celebre-une-decennie-dancrage-universitaire-a-sept-iles\/\"]}]},{\"@type\":\"ImageObject\",\"inLanguage\":\"fr-CA\",\"@id\":\"https:\/\/www.uqac.ca\/uqactualites\/2025\/05\/30\/luqac-celebre-une-decennie-dancrage-universitaire-a-sept-iles\/#primaryimage\",\"url\":\"https:\/\/www.uqac.ca\/uqactualites\/wp-content\/uploads\/2025\/05\/UQAC-2025_1\u00a9JulienChoquette-Kaikunuesht-1.jpg\",\"contentUrl\":\"https:\/\/www.uqac.ca\/uqactualites\/wp-content\/uploads\/2025\/05\/UQAC-2025_1\u00a9JulienChoquette-Kaikunuesht-1.jpg\",\"width\":2000,\"height\":1240,\"caption\":\"Marie-Karlynn Laflamme, vice-rectrice aux affaires administratives et aux ressources par int\u00e9rim de l\u2019UQAC, Marie-Claude Guimond, directrice des communications d\u2019Alouette, Jean Boisvert, vice-pr\u00e9sident, ressources humaines et affaires corporatives d\u2019Alouette, \u00c9lizabeth Fragoso, membre du conseil d\u2019administration de l\u2019UQAC, S\u00e9bastien Charest, vice-pr\u00e9sident, Ing\u00e9nierie, technologies de l'information et automatisme d\u2019Alouette, S\u00e9bastien Scherrer, directeur Cha\u00eene d\u2019approvisionnement d\u2019Alouette, \u00c9tienne H\u00e9bert, vice-recteur aux \u00e9tudes, \u00e0 la formation et \u00e0 la r\u00e9ussite de l\u2019UQAC, Ghislain Samson, recteur de l\u2019UQAC, Mohamed Bouazara, vice-recteur \u00e0 la recherche, \u00e0 la cr\u00e9ation, \u00e0 l\u2019innovation et aux partenariats de l\u2019UQAC, et Caroline Michaud, membre du conseil d\u2019administration de l\u2019UQAC \u00a9JulienChoquette - Kaikunuesht\"},{\"@type\":\"BreadcrumbList\",\"@id\":\"https:\/\/www.uqac.ca\/uqactualites\/2025\/05\/30\/luqac-celebre-une-decennie-dancrage-universitaire-a-sept-iles\/#breadcrumb\",\"itemListElement\":[{\"@type\":\"ListItem\",\"position\":1,\"name\":\"Home\",\"item\":\"https:\/\/www.uqac.ca\/uqactualites\/\"},{\"@type\":\"ListItem\",\"position\":2,\"name\":\"L\u2019UQAC c\u00e9l\u00e8bre une d\u00e9cennie d\u2019ancrage universitaire \u00e0 Sept-\u00celes\"}]},{\"@type\":\"WebSite\",\"@id\":\"https:\/\/www.uqac.ca\/uqactualites\/#website\",\"url\":\"https:\/\/www.uqac.ca\/uqactualites\/\",\"name\":\"UQACtualit\u00e9s\",\"description\":\"Le portail des nouvelles de l&#039;UQAC\",\"potentialAction\":[{\"@type\":\"SearchAction\",\"target\":{\"@type\":\"EntryPoint\",\"urlTemplate\":\"https:\/\/www.uqac.ca\/uqactualites\/?s={search_term_string}\"},\"query-input\":{\"@type\":\"PropertyValueSpecification\",\"valueRequired\":true,\"valueName\":\"search_term_string\"}}],\"inLanguage\":\"fr-CA\"},{\"@type\":\"Person\",\"@id\":\"https:\/\/www.uqac.ca\/uqactualites\/#\/schema\/person\/366c45a0c4f0e677b41b4af5886e2018\",\"name\":\"Service des communications et des relations publiques\",\"image\":{\"@type\":\"ImageObject\",\"inLanguage\":\"fr-CA\",\"@id\":\"https:\/\/www.uqac.ca\/uqactualites\/#\/schema\/person\/image\/\",\"url\":\"https:\/\/secure.gravatar.com\/avatar\/20fbbda8a292f59f2d3461a5b999c00b?s=96&d=mm&r=g\",\"contentUrl\":\"https:\/\/secure.gravatar.com\/avatar\/20fbbda8a292f59f2d3461a5b999c00b?s=96&d=mm&r=g\",\"caption\":\"Service des communications et des relations publiques\"},\"url\":\"https:\/\/www.uqac.ca\/uqactualites\/author\/bap\/\"}]}<\/script>\r\n<!-- \/ Yoast SEO plugin. -->","yoast_head_json":{"title":"L\u2019UQAC c\u00e9l\u00e8bre une d\u00e9cennie d\u2019ancrage universitaire \u00e0 Sept-\u00celes - UQACtualit\u00e9s","robots":{"index":"index","follow":"follow","max-snippet":"max-snippet:-1","max-image-preview":"max-image-preview:large","max-video-preview":"max-video-preview:-1"},"canonical":"https:\/\/www.uqac.ca\/uqactualites\/2025\/05\/30\/luqac-celebre-une-decennie-dancrage-universitaire-a-sept-iles\/","og_locale":"fr_CA","og_type":"article","og_title":"L\u2019UQAC c\u00e9l\u00e8bre une d\u00e9cennie d\u2019ancrage universitaire \u00e0 Sept-\u00celes - UQACtualit\u00e9s","og_description":"L\u2019Universit\u00e9 du Qu\u00e9bec \u00e0 Chicoutimi (UQAC) a soulign\u00e9, ce jeudi 29 mai, le 10e\u00a0anniversaire du Pavillon Alouette \u00e0 Sept-\u00celes, marquant ainsi une d\u00e9cennie d\u2019engagement universitaire au c\u0153ur de Sept-\u00celes. Pr\u00e9sente sur la C\u00f4te-Nord depuis 1971, l\u2019UQAC tisse depuis longtemps des liens solides avec la r\u00e9gion et sa population. L\u2019inauguration du Pavillon Alouette en 2014 \u2013 [&hellip;]","og_url":"https:\/\/www.uqac.ca\/uqactualites\/2025\/05\/30\/luqac-celebre-une-decennie-dancrage-universitaire-a-sept-iles\/","og_site_name":"UQACtualit\u00e9s","article_published_time":"2025-05-30T13:28:15+00:00","article_modified_time":"2025-05-30T14:45:33+00:00","og_image":[{"width":1024,"height":635,"url":"https:\/\/www.uqac.ca\/uqactualites\/wp-content\/uploads\/2025\/05\/UQAC-2025_1\u00a9JulienChoquette-Kaikunuesht-1024x635.jpg","type":"image\/jpeg"}],"author":"Service des communications et des relations publiques","twitter_card":"summary_large_image","twitter_misc":{"\u00c9crit par":"Service des communications et des relations publiques","Estimation du temps de lecture":"2 minutes"},"schema":{"@context":"https:\/\/schema.org","@graph":[{"@type":"WebPage","@id":"https:\/\/www.uqac.ca\/uqactualites\/2025\/05\/30\/luqac-celebre-une-decennie-dancrage-universitaire-a-sept-iles\/","url":"https:\/\/www.uqac.ca\/uqactualites\/2025\/05\/30\/luqac-celebre-une-decennie-dancrage-universitaire-a-sept-iles\/","name":"L\u2019UQAC c\u00e9l\u00e8bre une d\u00e9cennie d\u2019ancrage universitaire \u00e0 Sept-\u00celes - UQACtualit\u00e9s","isPartOf":{"@id":"https:\/\/www.uqac.ca\/uqactualites\/#website"},"primaryImageOfPage":{"@id":"https:\/\/www.uqac.ca\/uqactualites\/2025\/05\/30\/luqac-celebre-une-decennie-dancrage-universitaire-a-sept-iles\/#primaryimage"},"image":{"@id":"https:\/\/www.uqac.ca\/uqactualites\/2025\/05\/30\/luqac-celebre-une-decennie-dancrage-universitaire-a-sept-iles\/#primaryimage"},"thumbnailUrl":"https:\/\/www.uqac.ca\/uqactualites\/wp-content\/uploads\/2025\/05\/UQAC-2025_1\u00a9JulienChoquette-Kaikunuesht-1.jpg","datePublished":"2025-05-30T13:28:15+00:00","dateModified":"2025-05-30T14:45:33+00:00","author":{"@id":"https:\/\/www.uqac.ca\/uqactualites\/#\/schema\/person\/366c45a0c4f0e677b41b4af5886e2018"},"breadcrumb":{"@id":"https:\/\/www.uqac.ca\/uqactualites\/2025\/05\/30\/luqac-celebre-une-decennie-dancrage-universitaire-a-sept-iles\/#breadcrumb"},"inLanguage":"fr-CA","potentialAction":[{"@type":"ReadAction","target":["https:\/\/www.uqac.ca\/uqactualites\/2025\/05\/30\/luqac-celebre-une-decennie-dancrage-universitaire-a-sept-iles\/"]}]},{"@type":"ImageObject","inLanguage":"fr-CA","@id":"https:\/\/www.uqac.ca\/uqactualites\/2025\/05\/30\/luqac-celebre-une-decennie-dancrage-universitaire-a-sept-iles\/#primaryimage","url":"https:\/\/www.uqac.ca\/uqactualites\/wp-content\/uploads\/2025\/05\/UQAC-2025_1\u00a9JulienChoquette-Kaikunuesht-1.jpg","contentUrl":"https:\/\/www.uqac.ca\/uqactualites\/wp-content\/uploads\/2025\/05\/UQAC-2025_1\u00a9JulienChoquette-Kaikunuesht-1.jpg","width":2000,"height":1240,"caption":"Marie-Karlynn Laflamme, vice-rectrice aux affaires administratives et aux ressources par int\u00e9rim de l\u2019UQAC, Marie-Claude Guimond, directrice des communications d\u2019Alouette, Jean Boisvert, vice-pr\u00e9sident, ressources humaines et affaires corporatives d\u2019Alouette, \u00c9lizabeth Fragoso, membre du conseil d\u2019administration de l\u2019UQAC, S\u00e9bastien Charest, vice-pr\u00e9sident, Ing\u00e9nierie, technologies de l'information et automatisme d\u2019Alouette, S\u00e9bastien Scherrer, directeur Cha\u00eene d\u2019approvisionnement d\u2019Alouette, \u00c9tienne H\u00e9bert, vice-recteur aux \u00e9tudes, \u00e0 la formation et \u00e0 la r\u00e9ussite de l\u2019UQAC, Ghislain Samson, recteur de l\u2019UQAC, Mohamed Bouazara, vice-recteur \u00e0 la recherche, \u00e0 la cr\u00e9ation, \u00e0 l\u2019innovation et aux partenariats de l\u2019UQAC, et Caroline Michaud, membre du conseil d\u2019administration de l\u2019UQAC \u00a9JulienChoquette - Kaikunuesht"},{"@type":"BreadcrumbList","@id":"https:\/\/www.uqac.ca\/uqactualites\/2025\/05\/30\/luqac-celebre-une-decennie-dancrage-universitaire-a-sept-iles\/#breadcrumb","itemListElement":[{"@type":"ListItem","position":1,"name":"Home","item":"https:\/\/www.uqac.ca\/uqactualites\/"},{"@type":"ListItem","position":2,"name":"L\u2019UQAC c\u00e9l\u00e8bre une d\u00e9cennie d\u2019ancrage universitaire \u00e0 Sept-\u00celes"}]},{"@type":"WebSite","@id":"https:\/\/www.uqac.ca\/uqactualites\/#website","url":"https:\/\/www.uqac.ca\/uqactualites\/","name":"UQACtualit\u00e9s","description":"Le portail des nouvelles de l&#039;UQAC","potentialAction":[{"@type":"SearchAction","target":{"@type":"EntryPoint","urlTemplate":"https:\/\/www.uqac.ca\/uqactualites\/?s={search_term_string}"},"query-input":{"@type":"PropertyValueSpecification","valueRequired":true,"valueName":"search_term_string"}}],"inLanguage":"fr-CA"},{"@type":"Person","@id":"https:\/\/www.uqac.ca\/uqactualites\/#\/schema\/person\/366c45a0c4f0e677b41b4af5886e2018","name":"Service des communications et des relations publiques","image":{"@type":"ImageObject","inLanguage":"fr-CA","@id":"https:\/\/www.uqac.ca\/uqactualites\/#\/schema\/person\/image\/","url":"https:\/\/secure.gravatar.com\/avatar\/20fbbda8a292f59f2d3461a5b999c00b?s=96&d=mm&r=g","contentUrl":"https:\/\/secure.gravatar.com\/avatar\/20fbbda8a292f59f2d3461a5b999c00b?s=96&d=mm&r=g","caption":"Service des communications et des relations publiques"},"url":"https:\/\/www.uqac.ca\/uqactualites\/author\/bap\/"}]}},"_links":{"self":[{"href":"https:\/\/www.uqac.ca\/uqactualites\/wp-json\/wp\/v2\/posts\/50888"}],"collection":[{"href":"https:\/\/www.uqac.ca\/uqactualites\/wp-json\/wp\/v2\/posts"}],"about":[{"href":"https:\/\/www.uqac.ca\/uqactualites\/wp-json\/wp\/v2\/types\/post"}],"author":[{"embeddable":true,"href":"https:\/\/www.uqac.ca\/uqactualites\/wp-json\/wp\/v2\/users\/5"}],"replies":[{"embeddable":true,"href":"https:\/\/www.uqac.ca\/uqactualites\/wp-json\/wp\/v2\/comments?post=50888"}],"version-history":[{"count":4,"href":"https:\/\/www.uqac.ca\/uqactualites\/wp-json\/wp\/v2\/posts\/50888\/revisions"}],"predecessor-version":[{"id":50896,"href":"https:\/\/www.uqac.ca\/uqactualites\/wp-json\/wp\/v2\/posts\/50888\/revisions\/50896"}],"wp:featuredmedia":[{"embeddable":true,"href":"https:\/\/www.uqac.ca\/uqactualites\/wp-json\/wp\/v2\/media\/50900"}],"wp:attachment":[{"href":"https:\/\/www.uqac.ca\/uqactualites\/wp-json\/wp\/v2\/media?parent=50888"}],"wp:term":[{"taxonomy":"category","embeddable":true,"href":"https:\/\/www.uqac.ca\/uqactualites\/wp-json\/wp\/v2\/categories?post=50888"},{"taxonomy":"post_tag","embeddable":true,"href":"https:\/\/www.uqac.ca\/uqactualites\/wp-json\/wp\/v2\/tags?post=50888"}],"curies":[{"name":"wp","href":"https:\/\/api.w.org\/{rel}","templated":true}]}}