{"id":50950,"date":"2025-06-11T09:58:57","date_gmt":"2025-06-11T13:58:57","guid":{"rendered":"https:\/\/www.uqac.ca\/uqactualites\/?p=50950"},"modified":"2025-07-09T13:16:58","modified_gmt":"2025-07-09T17:16:58","slug":"incarner-ses-valeurs-profondes-par-limplication-en-travail-social-le-parcours-dannabelle-bouchard","status":"publish","type":"post","link":"https:\/\/www.uqac.ca\/uqactualites\/2025\/06\/11\/incarner-ses-valeurs-profondes-par-limplication-en-travail-social-le-parcours-dannabelle-bouchard\/","title":{"rendered":"Incarner ses valeurs profondes par l\u2019implication en travail social | Le parcours d\u2019Annabelle Bouchard"},"content":{"rendered":"<p>La justice sociale a toujours \u00e9t\u00e9 une qu\u00eate essentielle pour Annabelle Bouchard, \u00e9tudiante au <a href=\"https:\/\/www.uqac.ca\/programme\/7798-baccalaureat-en-travail-social\/\">baccalaur\u00e9at en travail social<\/a>. Apr\u00e8s avoir obtenu un <a href=\"https:\/\/www.collegealma.ca\/programmes\/sciences-humaines22\/\">DEC en sciences humaines au Coll\u00e8ge d\u2019Alma<\/a>, l&rsquo;\u00e9tudiante a entam\u00e9 son parcours \u00e0 l\u2019UQAC \u00e0 l\u2019automne 2023.<\/p>\n<p>Rapidement, elle a souhait\u00e9 s\u2019impliquer dans le comit\u00e9 de direction de la <a href=\"https:\/\/www.uqac.ca\/cuts\/\">Clinique universitaire en travail social de l\u2019UQAC, la CUTS<\/a>. \u00a0Mise sur pied en 2016 la CUTS est le premier mod\u00e8le du genre au Canada, qui dispense des services d\u2019intervention sociale de qualit\u00e9 \u00e0 la communaut\u00e9 universitaire ainsi qu\u2019\u00e0 la population du Saguenay.<\/p>\n<p>C\u2019est par cette premi\u00e8re implication que s\u2019est trac\u00e9 le chemin pour plusieurs autres projets porteurs de son programme d\u2019\u00e9tudes. En ce sens, Annabelle a contribu\u00e9 \u00e0 l\u2019organisation des premi\u00e8res \u00e9ditions de la <a href=\"https:\/\/www.uqac.ca\/uqactualites\/2024\/04\/02\/semaine-des-t-s-une-delegation-etudiante-de-la-maitrise-en-travail-social-participe-a-un-panel-pour-faire-connaitre-ses-recherches\/\">semaine du travail social \u00e0 l\u2019UQAC<\/a>. Cet engagement avait pour objectif de mieux faire conna\u00eetre la profession et de mettre de l\u2019avant les ressources en sant\u00e9 sociale disponibles \u00e0 l\u2019UQAC et aupr\u00e8s des organismes r\u00e9gionaux.<\/p>\n<p>Outre son implication, Annabelle appr\u00e9cie particuli\u00e8rement les \u00e9changes diversifi\u00e9s qu\u2019elle a avec ses coll\u00e8gues o\u00f9 les exp\u00e9riences de chacun viennent enrichir la perception de l\u2019autre. Lorsqu\u2019on lui demande l\u2019aspect qu\u2019elle pr\u00e9f\u00e8re dans son implication \u00e0 la CUTS, Annabelle pr\u00e9cise :<\/p>\n<blockquote class=\"td_quote_box td_box_center\"><p><em>Cela permet de coconstruire ensemble dans le but de valoriser et de promouvoir notre profession qui est trop souvent m\u00e9connue. M\u2019impliquer \u00e0 la CUTS m\u2019apporte un sentiment de grande fiert\u00e9 et d\u2019appartenance.<\/em><\/p><\/blockquote>\n<p>Enfin, Annabelle entamera sa derni\u00e8re ann\u00e9e au baccalaur\u00e9at d\u00e8s l\u2019automne et compte bien continuer d\u2019incarner les valeurs sociales qui la propulse. Elle pr\u00f4ne l\u2019\u00e9quit\u00e9, l\u2019\u00e9galit\u00e9 ainsi que la diversit\u00e9 des r\u00e9alit\u00e9s sans discrimination ni oppression. Selon elle, la justice est transformatrice, car elle r\u00e9duit les in\u00e9galit\u00e9s sociales et nous incite \u00e0 poser un regard diff\u00e9rent face \u00e0 la soci\u00e9t\u00e9 et \u00e0 s\u2019ouvrir \u00e0 de nouveaux horizons.<\/p>\n<p>&nbsp;<\/p>\n","protected":false},"excerpt":{"rendered":"<p>La justice sociale a toujours \u00e9t\u00e9 une qu\u00eate essentielle pour Annabelle Bouchard, \u00e9tudiante au baccalaur\u00e9at en travail social. Apr\u00e8s avoir obtenu un DEC en sciences humaines au Coll\u00e8ge d\u2019Alma, l&rsquo;\u00e9tudiante a entam\u00e9 son parcours \u00e0 l\u2019UQAC \u00e0 l\u2019automne 2023. Rapidement, elle a souhait\u00e9 s\u2019impliquer dans le comit\u00e9 de direction de la Clinique universitaire en travail [&hellip;]<\/p>\n","protected":false},"author":5,"featured_media":50951,"comment_status":"closed","ping_status":"open","sticky":false,"template":"","format":"standard","meta":{"footnotes":""},"categories":[2844],"tags":[2970,2969,22,2977,1352,169],"yoast_head":"<!-- This site is optimized with the Yoast SEO plugin v24.2 - https:\/\/yoast.com\/wordpress\/plugins\/seo\/ -->\r\n<title>Incarner ses valeurs profondes par l\u2019implication en travail social | Le parcours d\u2019Annabelle Bouchard - UQACtualit\u00e9s<\/title>\r\n<meta name=\"robots\" content=\"index, follow, max-snippet:-1, max-image-preview:large, max-video-preview:-1\" \/>\r\n<link rel=\"canonical\" href=\"https:\/\/www.uqac.ca\/uqactualites\/2025\/06\/11\/incarner-ses-valeurs-profondes-par-limplication-en-travail-social-le-parcours-dannabelle-bouchard\/\" \/>\r\n<meta property=\"og:locale\" content=\"fr_CA\" \/>\r\n<meta property=\"og:type\" content=\"article\" \/>\r\n<meta property=\"og:title\" content=\"Incarner ses valeurs profondes par l\u2019implication en travail social | Le parcours d\u2019Annabelle Bouchard - UQACtualit\u00e9s\" \/>\r\n<meta property=\"og:description\" content=\"La justice sociale a toujours \u00e9t\u00e9 une qu\u00eate essentielle pour Annabelle Bouchard, \u00e9tudiante au baccalaur\u00e9at en travail social. Apr\u00e8s avoir obtenu un DEC en sciences humaines au Coll\u00e8ge d\u2019Alma, l&rsquo;\u00e9tudiante a entam\u00e9 son parcours \u00e0 l\u2019UQAC \u00e0 l\u2019automne 2023. Rapidement, elle a souhait\u00e9 s\u2019impliquer dans le comit\u00e9 de direction de la Clinique universitaire en travail [&hellip;]\" \/>\r\n<meta property=\"og:url\" content=\"https:\/\/www.uqac.ca\/uqactualites\/2025\/06\/11\/incarner-ses-valeurs-profondes-par-limplication-en-travail-social-le-parcours-dannabelle-bouchard\/\" \/>\r\n<meta property=\"og:site_name\" content=\"UQACtualit\u00e9s\" \/>\r\n<meta property=\"article:published_time\" content=\"2025-06-11T13:58:57+00:00\" \/>\r\n<meta property=\"article:modified_time\" content=\"2025-07-09T17:16:58+00:00\" \/>\r\n<meta property=\"og:image\" content=\"https:\/\/www.uqac.ca\/uqactualites\/wp-content\/uploads\/2025\/06\/Annabelle-Bouchard_Travail-social_UQAC.png\" \/>\r\n\t<meta property=\"og:image:width\" content=\"1366\" \/>\r\n\t<meta property=\"og:image:height\" content=\"768\" \/>\r\n\t<meta property=\"og:image:type\" content=\"image\/png\" \/>\r\n<meta name=\"author\" content=\"Service des communications et des relations publiques\" \/>\r\n<meta name=\"twitter:card\" content=\"summary_large_image\" \/>\r\n<meta name=\"twitter:label1\" content=\"\u00c9crit par\" \/>\n\t<meta name=\"twitter:data1\" content=\"Service des communications et des relations publiques\" \/>\n\t<meta name=\"twitter:label2\" content=\"Estimation du temps de lecture\" \/>\n\t<meta name=\"twitter:data2\" content=\"2 minutes\" \/>\r\n<script type=\"application\/ld+json\" class=\"yoast-schema-graph\">{\"@context\":\"https:\/\/schema.org\",\"@graph\":[{\"@type\":\"WebPage\",\"@id\":\"https:\/\/www.uqac.ca\/uqactualites\/2025\/06\/11\/incarner-ses-valeurs-profondes-par-limplication-en-travail-social-le-parcours-dannabelle-bouchard\/\",\"url\":\"https:\/\/www.uqac.ca\/uqactualites\/2025\/06\/11\/incarner-ses-valeurs-profondes-par-limplication-en-travail-social-le-parcours-dannabelle-bouchard\/\",\"name\":\"Incarner ses valeurs profondes par l\u2019implication en travail social | Le parcours d\u2019Annabelle Bouchard - UQACtualit\u00e9s\",\"isPartOf\":{\"@id\":\"https:\/\/www.uqac.ca\/uqactualites\/#website\"},\"primaryImageOfPage\":{\"@id\":\"https:\/\/www.uqac.ca\/uqactualites\/2025\/06\/11\/incarner-ses-valeurs-profondes-par-limplication-en-travail-social-le-parcours-dannabelle-bouchard\/#primaryimage\"},\"image\":{\"@id\":\"https:\/\/www.uqac.ca\/uqactualites\/2025\/06\/11\/incarner-ses-valeurs-profondes-par-limplication-en-travail-social-le-parcours-dannabelle-bouchard\/#primaryimage\"},\"thumbnailUrl\":\"https:\/\/www.uqac.ca\/uqactualites\/wp-content\/uploads\/2025\/06\/Annabelle-Bouchard_Travail-social_UQAC.png\",\"datePublished\":\"2025-06-11T13:58:57+00:00\",\"dateModified\":\"2025-07-09T17:16:58+00:00\",\"author\":{\"@id\":\"https:\/\/www.uqac.ca\/uqactualites\/#\/schema\/person\/366c45a0c4f0e677b41b4af5886e2018\"},\"breadcrumb\":{\"@id\":\"https:\/\/www.uqac.ca\/uqactualites\/2025\/06\/11\/incarner-ses-valeurs-profondes-par-limplication-en-travail-social-le-parcours-dannabelle-bouchard\/#breadcrumb\"},\"inLanguage\":\"fr-CA\",\"potentialAction\":[{\"@type\":\"ReadAction\",\"target\":[\"https:\/\/www.uqac.ca\/uqactualites\/2025\/06\/11\/incarner-ses-valeurs-profondes-par-limplication-en-travail-social-le-parcours-dannabelle-bouchard\/\"]}]},{\"@type\":\"ImageObject\",\"inLanguage\":\"fr-CA\",\"@id\":\"https:\/\/www.uqac.ca\/uqactualites\/2025\/06\/11\/incarner-ses-valeurs-profondes-par-limplication-en-travail-social-le-parcours-dannabelle-bouchard\/#primaryimage\",\"url\":\"https:\/\/www.uqac.ca\/uqactualites\/wp-content\/uploads\/2025\/06\/Annabelle-Bouchard_Travail-social_UQAC.png\",\"contentUrl\":\"https:\/\/www.uqac.ca\/uqactualites\/wp-content\/uploads\/2025\/06\/Annabelle-Bouchard_Travail-social_UQAC.png\",\"width\":1366,\"height\":768},{\"@type\":\"BreadcrumbList\",\"@id\":\"https:\/\/www.uqac.ca\/uqactualites\/2025\/06\/11\/incarner-ses-valeurs-profondes-par-limplication-en-travail-social-le-parcours-dannabelle-bouchard\/#breadcrumb\",\"itemListElement\":[{\"@type\":\"ListItem\",\"position\":1,\"name\":\"Home\",\"item\":\"https:\/\/www.uqac.ca\/uqactualites\/\"},{\"@type\":\"ListItem\",\"position\":2,\"name\":\"Incarner ses valeurs profondes par l\u2019implication en travail social | Le parcours d\u2019Annabelle Bouchard\"}]},{\"@type\":\"WebSite\",\"@id\":\"https:\/\/www.uqac.ca\/uqactualites\/#website\",\"url\":\"https:\/\/www.uqac.ca\/uqactualites\/\",\"name\":\"UQACtualit\u00e9s\",\"description\":\"Le portail des nouvelles de l&#039;UQAC\",\"potentialAction\":[{\"@type\":\"SearchAction\",\"target\":{\"@type\":\"EntryPoint\",\"urlTemplate\":\"https:\/\/www.uqac.ca\/uqactualites\/?s={search_term_string}\"},\"query-input\":{\"@type\":\"PropertyValueSpecification\",\"valueRequired\":true,\"valueName\":\"search_term_string\"}}],\"inLanguage\":\"fr-CA\"},{\"@type\":\"Person\",\"@id\":\"https:\/\/www.uqac.ca\/uqactualites\/#\/schema\/person\/366c45a0c4f0e677b41b4af5886e2018\",\"name\":\"Service des communications et des relations publiques\",\"image\":{\"@type\":\"ImageObject\",\"inLanguage\":\"fr-CA\",\"@id\":\"https:\/\/www.uqac.ca\/uqactualites\/#\/schema\/person\/image\/\",\"url\":\"https:\/\/secure.gravatar.com\/avatar\/20fbbda8a292f59f2d3461a5b999c00b?s=96&d=mm&r=g\",\"contentUrl\":\"https:\/\/secure.gravatar.com\/avatar\/20fbbda8a292f59f2d3461a5b999c00b?s=96&d=mm&r=g\",\"caption\":\"Service des communications et des relations publiques\"},\"url\":\"https:\/\/www.uqac.ca\/uqactualites\/author\/bap\/\"}]}<\/script>\r\n<!-- \/ Yoast SEO plugin. -->","yoast_head_json":{"title":"Incarner ses valeurs profondes par l\u2019implication en travail social | Le parcours d\u2019Annabelle Bouchard - UQACtualit\u00e9s","robots":{"index":"index","follow":"follow","max-snippet":"max-snippet:-1","max-image-preview":"max-image-preview:large","max-video-preview":"max-video-preview:-1"},"canonical":"https:\/\/www.uqac.ca\/uqactualites\/2025\/06\/11\/incarner-ses-valeurs-profondes-par-limplication-en-travail-social-le-parcours-dannabelle-bouchard\/","og_locale":"fr_CA","og_type":"article","og_title":"Incarner ses valeurs profondes par l\u2019implication en travail social | Le parcours d\u2019Annabelle Bouchard - UQACtualit\u00e9s","og_description":"La justice sociale a toujours \u00e9t\u00e9 une qu\u00eate essentielle pour Annabelle Bouchard, \u00e9tudiante au baccalaur\u00e9at en travail social. Apr\u00e8s avoir obtenu un DEC en sciences humaines au Coll\u00e8ge d\u2019Alma, l&rsquo;\u00e9tudiante a entam\u00e9 son parcours \u00e0 l\u2019UQAC \u00e0 l\u2019automne 2023. Rapidement, elle a souhait\u00e9 s\u2019impliquer dans le comit\u00e9 de direction de la Clinique universitaire en travail [&hellip;]","og_url":"https:\/\/www.uqac.ca\/uqactualites\/2025\/06\/11\/incarner-ses-valeurs-profondes-par-limplication-en-travail-social-le-parcours-dannabelle-bouchard\/","og_site_name":"UQACtualit\u00e9s","article_published_time":"2025-06-11T13:58:57+00:00","article_modified_time":"2025-07-09T17:16:58+00:00","og_image":[{"width":1366,"height":768,"url":"https:\/\/www.uqac.ca\/uqactualites\/wp-content\/uploads\/2025\/06\/Annabelle-Bouchard_Travail-social_UQAC.png","type":"image\/png"}],"author":"Service des communications et des relations publiques","twitter_card":"summary_large_image","twitter_misc":{"\u00c9crit par":"Service des communications et des relations publiques","Estimation du temps de lecture":"2 minutes"},"schema":{"@context":"https:\/\/schema.org","@graph":[{"@type":"WebPage","@id":"https:\/\/www.uqac.ca\/uqactualites\/2025\/06\/11\/incarner-ses-valeurs-profondes-par-limplication-en-travail-social-le-parcours-dannabelle-bouchard\/","url":"https:\/\/www.uqac.ca\/uqactualites\/2025\/06\/11\/incarner-ses-valeurs-profondes-par-limplication-en-travail-social-le-parcours-dannabelle-bouchard\/","name":"Incarner ses valeurs profondes par l\u2019implication en travail social | Le parcours d\u2019Annabelle Bouchard - UQACtualit\u00e9s","isPartOf":{"@id":"https:\/\/www.uqac.ca\/uqactualites\/#website"},"primaryImageOfPage":{"@id":"https:\/\/www.uqac.ca\/uqactualites\/2025\/06\/11\/incarner-ses-valeurs-profondes-par-limplication-en-travail-social-le-parcours-dannabelle-bouchard\/#primaryimage"},"image":{"@id":"https:\/\/www.uqac.ca\/uqactualites\/2025\/06\/11\/incarner-ses-valeurs-profondes-par-limplication-en-travail-social-le-parcours-dannabelle-bouchard\/#primaryimage"},"thumbnailUrl":"https:\/\/www.uqac.ca\/uqactualites\/wp-content\/uploads\/2025\/06\/Annabelle-Bouchard_Travail-social_UQAC.png","datePublished":"2025-06-11T13:58:57+00:00","dateModified":"2025-07-09T17:16:58+00:00","author":{"@id":"https:\/\/www.uqac.ca\/uqactualites\/#\/schema\/person\/366c45a0c4f0e677b41b4af5886e2018"},"breadcrumb":{"@id":"https:\/\/www.uqac.ca\/uqactualites\/2025\/06\/11\/incarner-ses-valeurs-profondes-par-limplication-en-travail-social-le-parcours-dannabelle-bouchard\/#breadcrumb"},"inLanguage":"fr-CA","potentialAction":[{"@type":"ReadAction","target":["https:\/\/www.uqac.ca\/uqactualites\/2025\/06\/11\/incarner-ses-valeurs-profondes-par-limplication-en-travail-social-le-parcours-dannabelle-bouchard\/"]}]},{"@type":"ImageObject","inLanguage":"fr-CA","@id":"https:\/\/www.uqac.ca\/uqactualites\/2025\/06\/11\/incarner-ses-valeurs-profondes-par-limplication-en-travail-social-le-parcours-dannabelle-bouchard\/#primaryimage","url":"https:\/\/www.uqac.ca\/uqactualites\/wp-content\/uploads\/2025\/06\/Annabelle-Bouchard_Travail-social_UQAC.png","contentUrl":"https:\/\/www.uqac.ca\/uqactualites\/wp-content\/uploads\/2025\/06\/Annabelle-Bouchard_Travail-social_UQAC.png","width":1366,"height":768},{"@type":"BreadcrumbList","@id":"https:\/\/www.uqac.ca\/uqactualites\/2025\/06\/11\/incarner-ses-valeurs-profondes-par-limplication-en-travail-social-le-parcours-dannabelle-bouchard\/#breadcrumb","itemListElement":[{"@type":"ListItem","position":1,"name":"Home","item":"https:\/\/www.uqac.ca\/uqactualites\/"},{"@type":"ListItem","position":2,"name":"Incarner ses valeurs profondes par l\u2019implication en travail social | Le parcours d\u2019Annabelle Bouchard"}]},{"@type":"WebSite","@id":"https:\/\/www.uqac.ca\/uqactualites\/#website","url":"https:\/\/www.uqac.ca\/uqactualites\/","name":"UQACtualit\u00e9s","description":"Le portail des nouvelles de l&#039;UQAC","potentialAction":[{"@type":"SearchAction","target":{"@type":"EntryPoint","urlTemplate":"https:\/\/www.uqac.ca\/uqactualites\/?s={search_term_string}"},"query-input":{"@type":"PropertyValueSpecification","valueRequired":true,"valueName":"search_term_string"}}],"inLanguage":"fr-CA"},{"@type":"Person","@id":"https:\/\/www.uqac.ca\/uqactualites\/#\/schema\/person\/366c45a0c4f0e677b41b4af5886e2018","name":"Service des communications et des relations publiques","image":{"@type":"ImageObject","inLanguage":"fr-CA","@id":"https:\/\/www.uqac.ca\/uqactualites\/#\/schema\/person\/image\/","url":"https:\/\/secure.gravatar.com\/avatar\/20fbbda8a292f59f2d3461a5b999c00b?s=96&d=mm&r=g","contentUrl":"https:\/\/secure.gravatar.com\/avatar\/20fbbda8a292f59f2d3461a5b999c00b?s=96&d=mm&r=g","caption":"Service des communications et des relations publiques"},"url":"https:\/\/www.uqac.ca\/uqactualites\/author\/bap\/"}]}},"_links":{"self":[{"href":"https:\/\/www.uqac.ca\/uqactualites\/wp-json\/wp\/v2\/posts\/50950"}],"collection":[{"href":"https:\/\/www.uqac.ca\/uqactualites\/wp-json\/wp\/v2\/posts"}],"about":[{"href":"https:\/\/www.uqac.ca\/uqactualites\/wp-json\/wp\/v2\/types\/post"}],"author":[{"embeddable":true,"href":"https:\/\/www.uqac.ca\/uqactualites\/wp-json\/wp\/v2\/users\/5"}],"replies":[{"embeddable":true,"href":"https:\/\/www.uqac.ca\/uqactualites\/wp-json\/wp\/v2\/comments?post=50950"}],"version-history":[{"count":8,"href":"https:\/\/www.uqac.ca\/uqactualites\/wp-json\/wp\/v2\/posts\/50950\/revisions"}],"predecessor-version":[{"id":50958,"href":"https:\/\/www.uqac.ca\/uqactualites\/wp-json\/wp\/v2\/posts\/50950\/revisions\/50958"}],"wp:featuredmedia":[{"embeddable":true,"href":"https:\/\/www.uqac.ca\/uqactualites\/wp-json\/wp\/v2\/media\/50951"}],"wp:attachment":[{"href":"https:\/\/www.uqac.ca\/uqactualites\/wp-json\/wp\/v2\/media?parent=50950"}],"wp:term":[{"taxonomy":"category","embeddable":true,"href":"https:\/\/www.uqac.ca\/uqactualites\/wp-json\/wp\/v2\/categories?post=50950"},{"taxonomy":"post_tag","embeddable":true,"href":"https:\/\/www.uqac.ca\/uqactualites\/wp-json\/wp\/v2\/tags?post=50950"}],"curies":[{"name":"wp","href":"https:\/\/api.w.org\/{rel}","templated":true}]}}