{"id":50966,"date":"2025-06-12T11:19:18","date_gmt":"2025-06-12T15:19:18","guid":{"rendered":"https:\/\/www.uqac.ca\/uqactualites\/?p=50966"},"modified":"2025-06-16T10:47:01","modified_gmt":"2025-06-16T14:47:01","slug":"clap-de-fin-pour-la-troisieme-edition-de-lecole-dete-esiea-uqac","status":"publish","type":"post","link":"https:\/\/www.uqac.ca\/uqactualites\/2025\/06\/12\/clap-de-fin-pour-la-troisieme-edition-de-lecole-dete-esiea-uqac\/","title":{"rendered":"Clap de fin pour la troisi\u00e8me \u00e9dition de l\u2019\u00e9cole d\u2019\u00e9t\u00e9 ESIEA-UQAC"},"content":{"rendered":"<p>En mai dernier, 35 \u00e9tudiants et \u00e9tudiantes en provenance de l\u2019\u00e9cole d&rsquo;ing\u00e9nierie informatique parisienne <span class=\"html-span xdj266r x14z9mp xat24cr x1lziwak xexx8yu xyri2b x18d9i69 x1c1uobl x1hl2dhg x16tdsg8 x1vvkbs\"><a class=\"x1i10hfl xjbqb8w x1ejq31n x18oe1m7 x1sy0etr xstzfhl x972fbf x10w94by x1qhh985 x14e42zd x9f619 x1ypdohk xt0psk2 xe8uvvx xdj266r x14z9mp xat24cr x1lziwak xexx8yu xyri2b x18d9i69 x1c1uobl x16tdsg8 x1hl2dhg xggy1nq x1a2a7pz xkrqix3 x1sur9pj x1fey0fg x1s688f\" tabindex=\"0\" role=\"link\" href=\"https:\/\/www.esiea.fr\/\" target=\"_blank\" rel=\"noopener\"><span class=\"xt0psk2\"><span class=\"xjp7ctv\">ESIEA<\/span><\/span><\/a><\/span> arrivaient au Saguenay-Lac-Saint-Jean pour participer \u00e0 la troisi\u00e8me \u00e9dition de l&rsquo;\u00e9cole d\u2019\u00e9t\u00e9 sur mesure de l&rsquo;UQAC. Les membres du groupe de troisi\u00e8me ann\u00e9e de licence en alternance ont entam\u00e9 leur s\u00e9jour de huit semaines riche en d\u00e9couvertes, leur permettant de parfaire leur formation en informatique tout en explorant notre belle r\u00e9gion.<\/p>\n<p>D\u00e9gustation de produits locaux \u00e0 la fromagerie Boivin de La Baie, ou \u00e0 la cabane \u00e0 sucre Au Sucre d&rsquo;Or \u00e0 Laterri\u00e8re, sorties culturelles, et rencontres chaleureuses avec la communaut\u00e9 locale: comme les ann\u00e9es pr\u00e9c\u00e9dentes, tout a \u00e9t\u00e9 mis en \u0153uvre pour leur offrir un premier contact m\u00e9morable avec le Saguenay\u2013Lac-Saint-Jean.<\/p>\n<p>Par la suite, ce sont bien s\u00fbr des cours en informatique qui les attendaient. Dispens\u00e9s par le <a href=\"https:\/\/www.uqac.ca\/dim\/\" target=\"_blank\" rel=\"noopener\">D\u00e9partement d\u2019informatique et de math\u00e9matique<\/a> de l\u2019UQAC, ces cours cr\u00e9dit\u00e9s leur ont donn\u00e9 l&rsquo;occasion de bonifier leur formation \u00e0 travers un contexte d\u2019apprentissage international stimulant.<\/p>\n<p>Pilot\u00e9e par le <a href=\"https:\/\/international.uqac.ca\/\" target=\"_blank\" rel=\"noopener\">Bureau de l\u2019international<\/a>, en collaboration avec la <a href=\"https:\/\/formationcontinue.uqac.ca\/\" target=\"_blank\" rel=\"noopener\">Formation continue<\/a> de l&rsquo;UQAC, l\u2019\u00e9cole d\u2019\u00e9t\u00e9 ESIEA-UQAC vise \u00e0 conjuguer savoir scientifique et immersion culturelle. Une formule qui a fait ses preuves et qui continue de s\u00e9duire autant nos partenaires que notre communaut\u00e9 universitaire.<\/p>\n<p>\u00c0 l\u2019image des deux \u00e9ditions pr\u00e9c\u00e9dentes, ce s\u00e9jour, qui tirera bient\u00f4t \u00e0 sa fin, aura \u00e9t\u00e9 marqu\u00e9 par de riches apprentissages, ainsi que des rencontres et des souvenirs imp\u00e9rissables.<\/p>\n","protected":false},"excerpt":{"rendered":"<p>En mai dernier, 35 \u00e9tudiants et \u00e9tudiantes en provenance de l\u2019\u00e9cole d&rsquo;ing\u00e9nierie informatique parisienne ESIEA arrivaient au Saguenay-Lac-Saint-Jean pour participer \u00e0 la troisi\u00e8me \u00e9dition de l&rsquo;\u00e9cole d\u2019\u00e9t\u00e9 sur mesure de l&rsquo;UQAC. Les membres du groupe de troisi\u00e8me ann\u00e9e de licence en alternance ont entam\u00e9 leur s\u00e9jour de huit semaines riche en d\u00e9couvertes, leur permettant de [&hellip;]<\/p>\n","protected":false},"author":5,"featured_media":50967,"comment_status":"closed","ping_status":"open","sticky":false,"template":"","format":"standard","meta":{"footnotes":""},"categories":[2795,2,61],"tags":[51,20,291,2161],"yoast_head":"<!-- This site is optimized with the Yoast SEO plugin v24.2 - https:\/\/yoast.com\/wordpress\/plugins\/seo\/ -->\r\n<title>Clap de fin pour la troisi\u00e8me \u00e9dition de l\u2019\u00e9cole d\u2019\u00e9t\u00e9 ESIEA-UQAC - UQACtualit\u00e9s<\/title>\r\n<meta name=\"robots\" content=\"index, follow, max-snippet:-1, max-image-preview:large, max-video-preview:-1\" \/>\r\n<link rel=\"canonical\" href=\"https:\/\/www.uqac.ca\/uqactualites\/2025\/06\/12\/clap-de-fin-pour-la-troisieme-edition-de-lecole-dete-esiea-uqac\/\" \/>\r\n<meta property=\"og:locale\" content=\"fr_CA\" \/>\r\n<meta property=\"og:type\" content=\"article\" \/>\r\n<meta property=\"og:title\" content=\"Clap de fin pour la troisi\u00e8me \u00e9dition de l\u2019\u00e9cole d\u2019\u00e9t\u00e9 ESIEA-UQAC - UQACtualit\u00e9s\" \/>\r\n<meta property=\"og:description\" content=\"En mai dernier, 35 \u00e9tudiants et \u00e9tudiantes en provenance de l\u2019\u00e9cole d&rsquo;ing\u00e9nierie informatique parisienne ESIEA arrivaient au Saguenay-Lac-Saint-Jean pour participer \u00e0 la troisi\u00e8me \u00e9dition de l&rsquo;\u00e9cole d\u2019\u00e9t\u00e9 sur mesure de l&rsquo;UQAC. Les membres du groupe de troisi\u00e8me ann\u00e9e de licence en alternance ont entam\u00e9 leur s\u00e9jour de huit semaines riche en d\u00e9couvertes, leur permettant de [&hellip;]\" \/>\r\n<meta property=\"og:url\" content=\"https:\/\/www.uqac.ca\/uqactualites\/2025\/06\/12\/clap-de-fin-pour-la-troisieme-edition-de-lecole-dete-esiea-uqac\/\" \/>\r\n<meta property=\"og:site_name\" content=\"UQACtualit\u00e9s\" \/>\r\n<meta property=\"article:published_time\" content=\"2025-06-12T15:19:18+00:00\" \/>\r\n<meta property=\"article:modified_time\" content=\"2025-06-16T14:47:01+00:00\" \/>\r\n<meta property=\"og:image\" content=\"https:\/\/www.uqac.ca\/uqactualites\/wp-content\/uploads\/2025\/06\/ESIEA-summer-school.jpg\" \/>\r\n\t<meta property=\"og:image:width\" content=\"1200\" \/>\r\n\t<meta property=\"og:image:height\" content=\"675\" \/>\r\n\t<meta property=\"og:image:type\" content=\"image\/jpeg\" \/>\r\n<meta name=\"author\" content=\"Service des communications et des relations publiques\" \/>\r\n<meta name=\"twitter:card\" content=\"summary_large_image\" \/>\r\n<meta name=\"twitter:label1\" content=\"\u00c9crit par\" \/>\n\t<meta name=\"twitter:data1\" content=\"Service des communications et des relations publiques\" \/>\n\t<meta name=\"twitter:label2\" content=\"Estimation du temps de lecture\" \/>\n\t<meta name=\"twitter:data2\" content=\"2 minutes\" \/>\r\n<script type=\"application\/ld+json\" class=\"yoast-schema-graph\">{\"@context\":\"https:\/\/schema.org\",\"@graph\":[{\"@type\":\"WebPage\",\"@id\":\"https:\/\/www.uqac.ca\/uqactualites\/2025\/06\/12\/clap-de-fin-pour-la-troisieme-edition-de-lecole-dete-esiea-uqac\/\",\"url\":\"https:\/\/www.uqac.ca\/uqactualites\/2025\/06\/12\/clap-de-fin-pour-la-troisieme-edition-de-lecole-dete-esiea-uqac\/\",\"name\":\"Clap de fin pour la troisi\u00e8me \u00e9dition de l\u2019\u00e9cole d\u2019\u00e9t\u00e9 ESIEA-UQAC - UQACtualit\u00e9s\",\"isPartOf\":{\"@id\":\"https:\/\/www.uqac.ca\/uqactualites\/#website\"},\"primaryImageOfPage\":{\"@id\":\"https:\/\/www.uqac.ca\/uqactualites\/2025\/06\/12\/clap-de-fin-pour-la-troisieme-edition-de-lecole-dete-esiea-uqac\/#primaryimage\"},\"image\":{\"@id\":\"https:\/\/www.uqac.ca\/uqactualites\/2025\/06\/12\/clap-de-fin-pour-la-troisieme-edition-de-lecole-dete-esiea-uqac\/#primaryimage\"},\"thumbnailUrl\":\"https:\/\/www.uqac.ca\/uqactualites\/wp-content\/uploads\/2025\/06\/ESIEA-summer-school.jpg\",\"datePublished\":\"2025-06-12T15:19:18+00:00\",\"dateModified\":\"2025-06-16T14:47:01+00:00\",\"author\":{\"@id\":\"https:\/\/www.uqac.ca\/uqactualites\/#\/schema\/person\/366c45a0c4f0e677b41b4af5886e2018\"},\"breadcrumb\":{\"@id\":\"https:\/\/www.uqac.ca\/uqactualites\/2025\/06\/12\/clap-de-fin-pour-la-troisieme-edition-de-lecole-dete-esiea-uqac\/#breadcrumb\"},\"inLanguage\":\"fr-CA\",\"potentialAction\":[{\"@type\":\"ReadAction\",\"target\":[\"https:\/\/www.uqac.ca\/uqactualites\/2025\/06\/12\/clap-de-fin-pour-la-troisieme-edition-de-lecole-dete-esiea-uqac\/\"]}]},{\"@type\":\"ImageObject\",\"inLanguage\":\"fr-CA\",\"@id\":\"https:\/\/www.uqac.ca\/uqactualites\/2025\/06\/12\/clap-de-fin-pour-la-troisieme-edition-de-lecole-dete-esiea-uqac\/#primaryimage\",\"url\":\"https:\/\/www.uqac.ca\/uqactualites\/wp-content\/uploads\/2025\/06\/ESIEA-summer-school.jpg\",\"contentUrl\":\"https:\/\/www.uqac.ca\/uqactualites\/wp-content\/uploads\/2025\/06\/ESIEA-summer-school.jpg\",\"width\":1200,\"height\":675},{\"@type\":\"BreadcrumbList\",\"@id\":\"https:\/\/www.uqac.ca\/uqactualites\/2025\/06\/12\/clap-de-fin-pour-la-troisieme-edition-de-lecole-dete-esiea-uqac\/#breadcrumb\",\"itemListElement\":[{\"@type\":\"ListItem\",\"position\":1,\"name\":\"Home\",\"item\":\"https:\/\/www.uqac.ca\/uqactualites\/\"},{\"@type\":\"ListItem\",\"position\":2,\"name\":\"Clap de fin pour la troisi\u00e8me \u00e9dition de l\u2019\u00e9cole d\u2019\u00e9t\u00e9 ESIEA-UQAC\"}]},{\"@type\":\"WebSite\",\"@id\":\"https:\/\/www.uqac.ca\/uqactualites\/#website\",\"url\":\"https:\/\/www.uqac.ca\/uqactualites\/\",\"name\":\"UQACtualit\u00e9s\",\"description\":\"Le portail des nouvelles de l&#039;UQAC\",\"potentialAction\":[{\"@type\":\"SearchAction\",\"target\":{\"@type\":\"EntryPoint\",\"urlTemplate\":\"https:\/\/www.uqac.ca\/uqactualites\/?s={search_term_string}\"},\"query-input\":{\"@type\":\"PropertyValueSpecification\",\"valueRequired\":true,\"valueName\":\"search_term_string\"}}],\"inLanguage\":\"fr-CA\"},{\"@type\":\"Person\",\"@id\":\"https:\/\/www.uqac.ca\/uqactualites\/#\/schema\/person\/366c45a0c4f0e677b41b4af5886e2018\",\"name\":\"Service des communications et des relations publiques\",\"image\":{\"@type\":\"ImageObject\",\"inLanguage\":\"fr-CA\",\"@id\":\"https:\/\/www.uqac.ca\/uqactualites\/#\/schema\/person\/image\/\",\"url\":\"https:\/\/secure.gravatar.com\/avatar\/20fbbda8a292f59f2d3461a5b999c00b?s=96&d=mm&r=g\",\"contentUrl\":\"https:\/\/secure.gravatar.com\/avatar\/20fbbda8a292f59f2d3461a5b999c00b?s=96&d=mm&r=g\",\"caption\":\"Service des communications et des relations publiques\"},\"url\":\"https:\/\/www.uqac.ca\/uqactualites\/author\/bap\/\"}]}<\/script>\r\n<!-- \/ Yoast SEO plugin. -->","yoast_head_json":{"title":"Clap de fin pour la troisi\u00e8me \u00e9dition de l\u2019\u00e9cole d\u2019\u00e9t\u00e9 ESIEA-UQAC - UQACtualit\u00e9s","robots":{"index":"index","follow":"follow","max-snippet":"max-snippet:-1","max-image-preview":"max-image-preview:large","max-video-preview":"max-video-preview:-1"},"canonical":"https:\/\/www.uqac.ca\/uqactualites\/2025\/06\/12\/clap-de-fin-pour-la-troisieme-edition-de-lecole-dete-esiea-uqac\/","og_locale":"fr_CA","og_type":"article","og_title":"Clap de fin pour la troisi\u00e8me \u00e9dition de l\u2019\u00e9cole d\u2019\u00e9t\u00e9 ESIEA-UQAC - UQACtualit\u00e9s","og_description":"En mai dernier, 35 \u00e9tudiants et \u00e9tudiantes en provenance de l\u2019\u00e9cole d&rsquo;ing\u00e9nierie informatique parisienne ESIEA arrivaient au Saguenay-Lac-Saint-Jean pour participer \u00e0 la troisi\u00e8me \u00e9dition de l&rsquo;\u00e9cole d\u2019\u00e9t\u00e9 sur mesure de l&rsquo;UQAC. Les membres du groupe de troisi\u00e8me ann\u00e9e de licence en alternance ont entam\u00e9 leur s\u00e9jour de huit semaines riche en d\u00e9couvertes, leur permettant de [&hellip;]","og_url":"https:\/\/www.uqac.ca\/uqactualites\/2025\/06\/12\/clap-de-fin-pour-la-troisieme-edition-de-lecole-dete-esiea-uqac\/","og_site_name":"UQACtualit\u00e9s","article_published_time":"2025-06-12T15:19:18+00:00","article_modified_time":"2025-06-16T14:47:01+00:00","og_image":[{"width":1200,"height":675,"url":"https:\/\/www.uqac.ca\/uqactualites\/wp-content\/uploads\/2025\/06\/ESIEA-summer-school.jpg","type":"image\/jpeg"}],"author":"Service des communications et des relations publiques","twitter_card":"summary_large_image","twitter_misc":{"\u00c9crit par":"Service des communications et des relations publiques","Estimation du temps de lecture":"2 minutes"},"schema":{"@context":"https:\/\/schema.org","@graph":[{"@type":"WebPage","@id":"https:\/\/www.uqac.ca\/uqactualites\/2025\/06\/12\/clap-de-fin-pour-la-troisieme-edition-de-lecole-dete-esiea-uqac\/","url":"https:\/\/www.uqac.ca\/uqactualites\/2025\/06\/12\/clap-de-fin-pour-la-troisieme-edition-de-lecole-dete-esiea-uqac\/","name":"Clap de fin pour la troisi\u00e8me \u00e9dition de l\u2019\u00e9cole d\u2019\u00e9t\u00e9 ESIEA-UQAC - UQACtualit\u00e9s","isPartOf":{"@id":"https:\/\/www.uqac.ca\/uqactualites\/#website"},"primaryImageOfPage":{"@id":"https:\/\/www.uqac.ca\/uqactualites\/2025\/06\/12\/clap-de-fin-pour-la-troisieme-edition-de-lecole-dete-esiea-uqac\/#primaryimage"},"image":{"@id":"https:\/\/www.uqac.ca\/uqactualites\/2025\/06\/12\/clap-de-fin-pour-la-troisieme-edition-de-lecole-dete-esiea-uqac\/#primaryimage"},"thumbnailUrl":"https:\/\/www.uqac.ca\/uqactualites\/wp-content\/uploads\/2025\/06\/ESIEA-summer-school.jpg","datePublished":"2025-06-12T15:19:18+00:00","dateModified":"2025-06-16T14:47:01+00:00","author":{"@id":"https:\/\/www.uqac.ca\/uqactualites\/#\/schema\/person\/366c45a0c4f0e677b41b4af5886e2018"},"breadcrumb":{"@id":"https:\/\/www.uqac.ca\/uqactualites\/2025\/06\/12\/clap-de-fin-pour-la-troisieme-edition-de-lecole-dete-esiea-uqac\/#breadcrumb"},"inLanguage":"fr-CA","potentialAction":[{"@type":"ReadAction","target":["https:\/\/www.uqac.ca\/uqactualites\/2025\/06\/12\/clap-de-fin-pour-la-troisieme-edition-de-lecole-dete-esiea-uqac\/"]}]},{"@type":"ImageObject","inLanguage":"fr-CA","@id":"https:\/\/www.uqac.ca\/uqactualites\/2025\/06\/12\/clap-de-fin-pour-la-troisieme-edition-de-lecole-dete-esiea-uqac\/#primaryimage","url":"https:\/\/www.uqac.ca\/uqactualites\/wp-content\/uploads\/2025\/06\/ESIEA-summer-school.jpg","contentUrl":"https:\/\/www.uqac.ca\/uqactualites\/wp-content\/uploads\/2025\/06\/ESIEA-summer-school.jpg","width":1200,"height":675},{"@type":"BreadcrumbList","@id":"https:\/\/www.uqac.ca\/uqactualites\/2025\/06\/12\/clap-de-fin-pour-la-troisieme-edition-de-lecole-dete-esiea-uqac\/#breadcrumb","itemListElement":[{"@type":"ListItem","position":1,"name":"Home","item":"https:\/\/www.uqac.ca\/uqactualites\/"},{"@type":"ListItem","position":2,"name":"Clap de fin pour la troisi\u00e8me \u00e9dition de l\u2019\u00e9cole d\u2019\u00e9t\u00e9 ESIEA-UQAC"}]},{"@type":"WebSite","@id":"https:\/\/www.uqac.ca\/uqactualites\/#website","url":"https:\/\/www.uqac.ca\/uqactualites\/","name":"UQACtualit\u00e9s","description":"Le portail des nouvelles de l&#039;UQAC","potentialAction":[{"@type":"SearchAction","target":{"@type":"EntryPoint","urlTemplate":"https:\/\/www.uqac.ca\/uqactualites\/?s={search_term_string}"},"query-input":{"@type":"PropertyValueSpecification","valueRequired":true,"valueName":"search_term_string"}}],"inLanguage":"fr-CA"},{"@type":"Person","@id":"https:\/\/www.uqac.ca\/uqactualites\/#\/schema\/person\/366c45a0c4f0e677b41b4af5886e2018","name":"Service des communications et des relations publiques","image":{"@type":"ImageObject","inLanguage":"fr-CA","@id":"https:\/\/www.uqac.ca\/uqactualites\/#\/schema\/person\/image\/","url":"https:\/\/secure.gravatar.com\/avatar\/20fbbda8a292f59f2d3461a5b999c00b?s=96&d=mm&r=g","contentUrl":"https:\/\/secure.gravatar.com\/avatar\/20fbbda8a292f59f2d3461a5b999c00b?s=96&d=mm&r=g","caption":"Service des communications et des relations publiques"},"url":"https:\/\/www.uqac.ca\/uqactualites\/author\/bap\/"}]}},"_links":{"self":[{"href":"https:\/\/www.uqac.ca\/uqactualites\/wp-json\/wp\/v2\/posts\/50966"}],"collection":[{"href":"https:\/\/www.uqac.ca\/uqactualites\/wp-json\/wp\/v2\/posts"}],"about":[{"href":"https:\/\/www.uqac.ca\/uqactualites\/wp-json\/wp\/v2\/types\/post"}],"author":[{"embeddable":true,"href":"https:\/\/www.uqac.ca\/uqactualites\/wp-json\/wp\/v2\/users\/5"}],"replies":[{"embeddable":true,"href":"https:\/\/www.uqac.ca\/uqactualites\/wp-json\/wp\/v2\/comments?post=50966"}],"version-history":[{"count":9,"href":"https:\/\/www.uqac.ca\/uqactualites\/wp-json\/wp\/v2\/posts\/50966\/revisions"}],"predecessor-version":[{"id":51000,"href":"https:\/\/www.uqac.ca\/uqactualites\/wp-json\/wp\/v2\/posts\/50966\/revisions\/51000"}],"wp:featuredmedia":[{"embeddable":true,"href":"https:\/\/www.uqac.ca\/uqactualites\/wp-json\/wp\/v2\/media\/50967"}],"wp:attachment":[{"href":"https:\/\/www.uqac.ca\/uqactualites\/wp-json\/wp\/v2\/media?parent=50966"}],"wp:term":[{"taxonomy":"category","embeddable":true,"href":"https:\/\/www.uqac.ca\/uqactualites\/wp-json\/wp\/v2\/categories?post=50966"},{"taxonomy":"post_tag","embeddable":true,"href":"https:\/\/www.uqac.ca\/uqactualites\/wp-json\/wp\/v2\/tags?post=50966"}],"curies":[{"name":"wp","href":"https:\/\/api.w.org\/{rel}","templated":true}]}}