{"id":50970,"date":"2025-06-12T14:44:49","date_gmt":"2025-06-12T18:44:49","guid":{"rendered":"https:\/\/www.uqac.ca\/uqactualites\/?p=50970"},"modified":"2025-06-12T14:47:11","modified_gmt":"2025-06-12T18:47:11","slug":"une-recherche-du-professeur-jacques-cherblanc-inspire-une-avancee-sociale-majeure","status":"publish","type":"post","link":"https:\/\/www.uqac.ca\/uqactualites\/2025\/06\/12\/une-recherche-du-professeur-jacques-cherblanc-inspire-une-avancee-sociale-majeure\/","title":{"rendered":"Une recherche dirig\u00e9e par le professeur Jacques Cherblanc inspire une avanc\u00e9e sociale majeure"},"content":{"rendered":"<p>Gr\u00e2ce \u00e0 leurs travaux en sociologie du deuil, une \u00e9quipe dirig\u00e9e par le professeur Jacques Cherblanc, chercheur \u00e0 l\u2019UQAC et directeur du <a href=\"https:\/\/recherche.uqac.ca\/laboratoire-dexpertise-et-de-recherche-en-anthropologie-rituelle-et-symbolique\" target=\"_blank\" rel=\"noopener\">Laboratoire d&rsquo;expertise et de recherche en anthropologie rituelle et symbolique (LERARS)<\/a>, a contribu\u00e9 directement \u00e0 une importante avanc\u00e9e politique : la mise en place d\u2019une prestation pour les parents endeuill\u00e9s par le d\u00e9c\u00e8s d\u2019un enfant.<\/p>\n<p>Sollicit\u00e9 par plusieurs d\u00e9put\u00e9es de l\u2019Assembl\u00e9e nationale, Jacques Cherblanc a mis son expertise au service de l\u2019\u00e9laboration de cette politique novatrice, en s\u2019appuyant notamment sur une \u00e9tude sur les co\u00fbts multidimensionnels du deuil parental men\u00e9e avec son \u00e9quipe gr\u00e2ce \u00e0 une subvention du R\u00e9seau qu\u00e9b\u00e9cois de recherche en soins palliatifs et de fin de vie (RQSPAL). Cette recherche intitul\u00e9e \u00ab\u00a0Co\u00fbtDeuil\u00a0\u00bb a permis de documenter les charges financi\u00e8res, psychologiques et sociales assum\u00e9es par les familles, tout en identifiant les dispositifs de soutien existants au Qu\u00e9bec et \u00e0 l\u2019international.<\/p>\n<p>\u00c0 compter du 1<sup>er<\/sup> juillet 2025, l\u2019Allocation famille sera vers\u00e9e pendant 12 mois suppl\u00e9mentaires aux parents endeuill\u00e9s. Cette mesure est une formidable reconnaissance symbolique du deuil d\u2019un enfant, mais offrira plus concr\u00e8tement aux familles un temps de transition n\u00e9cessaire pour faire face \u00e0 la perte d\u2019un enfant, dans la dignit\u00e9 et avec un soutien adapt\u00e9.<\/p>\n<p>Ce lien direct entre recherche universitaire et changement social illustre parfaitement l\u2019impact que peut avoir la science sur le bien commun. F\u00e9licitations \u00e0 toute l\u2019\u00e9quipe de recherche pour son engagement et pour cette contribution majeure \u00e0 la dignit\u00e9 des familles qu\u00e9b\u00e9coises.<\/p>\n","protected":false},"excerpt":{"rendered":"<p>Gr\u00e2ce \u00e0 leurs travaux en sociologie du deuil, une \u00e9quipe dirig\u00e9e par le professeur Jacques Cherblanc, chercheur \u00e0 l\u2019UQAC et directeur du Laboratoire d&rsquo;expertise et de recherche en anthropologie rituelle et symbolique (LERARS), a contribu\u00e9 directement \u00e0 une importante avanc\u00e9e politique : la mise en place d\u2019une prestation pour les parents endeuill\u00e9s par le d\u00e9c\u00e8s [&hellip;]<\/p>\n","protected":false},"author":5,"featured_media":50984,"comment_status":"closed","ping_status":"open","sticky":false,"template":"","format":"standard","meta":{"footnotes":""},"categories":[2795,2,4],"tags":[22,1974],"yoast_head":"<!-- This site is optimized with the Yoast SEO plugin v24.2 - https:\/\/yoast.com\/wordpress\/plugins\/seo\/ -->\r\n<title>Une recherche dirig\u00e9e par le professeur Jacques Cherblanc inspire une avanc\u00e9e sociale majeure - UQACtualit\u00e9s<\/title>\r\n<meta name=\"robots\" content=\"index, follow, max-snippet:-1, max-image-preview:large, max-video-preview:-1\" \/>\r\n<link rel=\"canonical\" href=\"https:\/\/www.uqac.ca\/uqactualites\/2025\/06\/12\/une-recherche-du-professeur-jacques-cherblanc-inspire-une-avancee-sociale-majeure\/\" \/>\r\n<meta property=\"og:locale\" content=\"fr_CA\" \/>\r\n<meta property=\"og:type\" content=\"article\" \/>\r\n<meta property=\"og:title\" content=\"Une recherche dirig\u00e9e par le professeur Jacques Cherblanc inspire une avanc\u00e9e sociale majeure - UQACtualit\u00e9s\" \/>\r\n<meta property=\"og:description\" content=\"Gr\u00e2ce \u00e0 leurs travaux en sociologie du deuil, une \u00e9quipe dirig\u00e9e par le professeur Jacques Cherblanc, chercheur \u00e0 l\u2019UQAC et directeur du Laboratoire d&rsquo;expertise et de recherche en anthropologie rituelle et symbolique (LERARS), a contribu\u00e9 directement \u00e0 une importante avanc\u00e9e politique : la mise en place d\u2019une prestation pour les parents endeuill\u00e9s par le d\u00e9c\u00e8s [&hellip;]\" \/>\r\n<meta property=\"og:url\" content=\"https:\/\/www.uqac.ca\/uqactualites\/2025\/06\/12\/une-recherche-du-professeur-jacques-cherblanc-inspire-une-avancee-sociale-majeure\/\" \/>\r\n<meta property=\"og:site_name\" content=\"UQACtualit\u00e9s\" \/>\r\n<meta property=\"article:published_time\" content=\"2025-06-12T18:44:49+00:00\" \/>\r\n<meta property=\"article:modified_time\" content=\"2025-06-12T18:47:11+00:00\" \/>\r\n<meta property=\"og:image\" content=\"https:\/\/www.uqac.ca\/uqactualites\/wp-content\/uploads\/2025\/06\/equipeLabVivant_staillo_E22-12-scaled.jpg\" \/>\r\n\t<meta property=\"og:image:width\" content=\"2560\" \/>\r\n\t<meta property=\"og:image:height\" content=\"1707\" \/>\r\n\t<meta property=\"og:image:type\" content=\"image\/jpeg\" \/>\r\n<meta name=\"author\" content=\"Service des communications et des relations publiques\" \/>\r\n<meta name=\"twitter:card\" content=\"summary_large_image\" \/>\r\n<meta name=\"twitter:label1\" content=\"\u00c9crit par\" \/>\n\t<meta name=\"twitter:data1\" content=\"Service des communications et des relations publiques\" \/>\n\t<meta name=\"twitter:label2\" content=\"Estimation du temps de lecture\" \/>\n\t<meta name=\"twitter:data2\" content=\"2 minutes\" \/>\r\n<script type=\"application\/ld+json\" class=\"yoast-schema-graph\">{\"@context\":\"https:\/\/schema.org\",\"@graph\":[{\"@type\":\"WebPage\",\"@id\":\"https:\/\/www.uqac.ca\/uqactualites\/2025\/06\/12\/une-recherche-du-professeur-jacques-cherblanc-inspire-une-avancee-sociale-majeure\/\",\"url\":\"https:\/\/www.uqac.ca\/uqactualites\/2025\/06\/12\/une-recherche-du-professeur-jacques-cherblanc-inspire-une-avancee-sociale-majeure\/\",\"name\":\"Une recherche dirig\u00e9e par le professeur Jacques Cherblanc inspire une avanc\u00e9e sociale majeure - UQACtualit\u00e9s\",\"isPartOf\":{\"@id\":\"https:\/\/www.uqac.ca\/uqactualites\/#website\"},\"primaryImageOfPage\":{\"@id\":\"https:\/\/www.uqac.ca\/uqactualites\/2025\/06\/12\/une-recherche-du-professeur-jacques-cherblanc-inspire-une-avancee-sociale-majeure\/#primaryimage\"},\"image\":{\"@id\":\"https:\/\/www.uqac.ca\/uqactualites\/2025\/06\/12\/une-recherche-du-professeur-jacques-cherblanc-inspire-une-avancee-sociale-majeure\/#primaryimage\"},\"thumbnailUrl\":\"https:\/\/www.uqac.ca\/uqactualites\/wp-content\/uploads\/2025\/06\/equipeLabVivant_staillo_E22-12-scaled.jpg\",\"datePublished\":\"2025-06-12T18:44:49+00:00\",\"dateModified\":\"2025-06-12T18:47:11+00:00\",\"author\":{\"@id\":\"https:\/\/www.uqac.ca\/uqactualites\/#\/schema\/person\/366c45a0c4f0e677b41b4af5886e2018\"},\"breadcrumb\":{\"@id\":\"https:\/\/www.uqac.ca\/uqactualites\/2025\/06\/12\/une-recherche-du-professeur-jacques-cherblanc-inspire-une-avancee-sociale-majeure\/#breadcrumb\"},\"inLanguage\":\"fr-CA\",\"potentialAction\":[{\"@type\":\"ReadAction\",\"target\":[\"https:\/\/www.uqac.ca\/uqactualites\/2025\/06\/12\/une-recherche-du-professeur-jacques-cherblanc-inspire-une-avancee-sociale-majeure\/\"]}]},{\"@type\":\"ImageObject\",\"inLanguage\":\"fr-CA\",\"@id\":\"https:\/\/www.uqac.ca\/uqactualites\/2025\/06\/12\/une-recherche-du-professeur-jacques-cherblanc-inspire-une-avancee-sociale-majeure\/#primaryimage\",\"url\":\"https:\/\/www.uqac.ca\/uqactualites\/wp-content\/uploads\/2025\/06\/equipeLabVivant_staillo_E22-12-scaled.jpg\",\"contentUrl\":\"https:\/\/www.uqac.ca\/uqactualites\/wp-content\/uploads\/2025\/06\/equipeLabVivant_staillo_E22-12-scaled.jpg\",\"width\":2560,\"height\":1707},{\"@type\":\"BreadcrumbList\",\"@id\":\"https:\/\/www.uqac.ca\/uqactualites\/2025\/06\/12\/une-recherche-du-professeur-jacques-cherblanc-inspire-une-avancee-sociale-majeure\/#breadcrumb\",\"itemListElement\":[{\"@type\":\"ListItem\",\"position\":1,\"name\":\"Home\",\"item\":\"https:\/\/www.uqac.ca\/uqactualites\/\"},{\"@type\":\"ListItem\",\"position\":2,\"name\":\"Une recherche dirig\u00e9e par le professeur Jacques Cherblanc inspire une avanc\u00e9e sociale majeure\"}]},{\"@type\":\"WebSite\",\"@id\":\"https:\/\/www.uqac.ca\/uqactualites\/#website\",\"url\":\"https:\/\/www.uqac.ca\/uqactualites\/\",\"name\":\"UQACtualit\u00e9s\",\"description\":\"Le portail des nouvelles de l&#039;UQAC\",\"potentialAction\":[{\"@type\":\"SearchAction\",\"target\":{\"@type\":\"EntryPoint\",\"urlTemplate\":\"https:\/\/www.uqac.ca\/uqactualites\/?s={search_term_string}\"},\"query-input\":{\"@type\":\"PropertyValueSpecification\",\"valueRequired\":true,\"valueName\":\"search_term_string\"}}],\"inLanguage\":\"fr-CA\"},{\"@type\":\"Person\",\"@id\":\"https:\/\/www.uqac.ca\/uqactualites\/#\/schema\/person\/366c45a0c4f0e677b41b4af5886e2018\",\"name\":\"Service des communications et des relations publiques\",\"image\":{\"@type\":\"ImageObject\",\"inLanguage\":\"fr-CA\",\"@id\":\"https:\/\/www.uqac.ca\/uqactualites\/#\/schema\/person\/image\/\",\"url\":\"https:\/\/secure.gravatar.com\/avatar\/20fbbda8a292f59f2d3461a5b999c00b?s=96&d=mm&r=g\",\"contentUrl\":\"https:\/\/secure.gravatar.com\/avatar\/20fbbda8a292f59f2d3461a5b999c00b?s=96&d=mm&r=g\",\"caption\":\"Service des communications et des relations publiques\"},\"url\":\"https:\/\/www.uqac.ca\/uqactualites\/author\/bap\/\"}]}<\/script>\r\n<!-- \/ Yoast SEO plugin. -->","yoast_head_json":{"title":"Une recherche dirig\u00e9e par le professeur Jacques Cherblanc inspire une avanc\u00e9e sociale majeure - UQACtualit\u00e9s","robots":{"index":"index","follow":"follow","max-snippet":"max-snippet:-1","max-image-preview":"max-image-preview:large","max-video-preview":"max-video-preview:-1"},"canonical":"https:\/\/www.uqac.ca\/uqactualites\/2025\/06\/12\/une-recherche-du-professeur-jacques-cherblanc-inspire-une-avancee-sociale-majeure\/","og_locale":"fr_CA","og_type":"article","og_title":"Une recherche dirig\u00e9e par le professeur Jacques Cherblanc inspire une avanc\u00e9e sociale majeure - UQACtualit\u00e9s","og_description":"Gr\u00e2ce \u00e0 leurs travaux en sociologie du deuil, une \u00e9quipe dirig\u00e9e par le professeur Jacques Cherblanc, chercheur \u00e0 l\u2019UQAC et directeur du Laboratoire d&rsquo;expertise et de recherche en anthropologie rituelle et symbolique (LERARS), a contribu\u00e9 directement \u00e0 une importante avanc\u00e9e politique : la mise en place d\u2019une prestation pour les parents endeuill\u00e9s par le d\u00e9c\u00e8s [&hellip;]","og_url":"https:\/\/www.uqac.ca\/uqactualites\/2025\/06\/12\/une-recherche-du-professeur-jacques-cherblanc-inspire-une-avancee-sociale-majeure\/","og_site_name":"UQACtualit\u00e9s","article_published_time":"2025-06-12T18:44:49+00:00","article_modified_time":"2025-06-12T18:47:11+00:00","og_image":[{"width":2560,"height":1707,"url":"https:\/\/www.uqac.ca\/uqactualites\/wp-content\/uploads\/2025\/06\/equipeLabVivant_staillo_E22-12-scaled.jpg","type":"image\/jpeg"}],"author":"Service des communications et des relations publiques","twitter_card":"summary_large_image","twitter_misc":{"\u00c9crit par":"Service des communications et des relations publiques","Estimation du temps de lecture":"2 minutes"},"schema":{"@context":"https:\/\/schema.org","@graph":[{"@type":"WebPage","@id":"https:\/\/www.uqac.ca\/uqactualites\/2025\/06\/12\/une-recherche-du-professeur-jacques-cherblanc-inspire-une-avancee-sociale-majeure\/","url":"https:\/\/www.uqac.ca\/uqactualites\/2025\/06\/12\/une-recherche-du-professeur-jacques-cherblanc-inspire-une-avancee-sociale-majeure\/","name":"Une recherche dirig\u00e9e par le professeur Jacques Cherblanc inspire une avanc\u00e9e sociale majeure - UQACtualit\u00e9s","isPartOf":{"@id":"https:\/\/www.uqac.ca\/uqactualites\/#website"},"primaryImageOfPage":{"@id":"https:\/\/www.uqac.ca\/uqactualites\/2025\/06\/12\/une-recherche-du-professeur-jacques-cherblanc-inspire-une-avancee-sociale-majeure\/#primaryimage"},"image":{"@id":"https:\/\/www.uqac.ca\/uqactualites\/2025\/06\/12\/une-recherche-du-professeur-jacques-cherblanc-inspire-une-avancee-sociale-majeure\/#primaryimage"},"thumbnailUrl":"https:\/\/www.uqac.ca\/uqactualites\/wp-content\/uploads\/2025\/06\/equipeLabVivant_staillo_E22-12-scaled.jpg","datePublished":"2025-06-12T18:44:49+00:00","dateModified":"2025-06-12T18:47:11+00:00","author":{"@id":"https:\/\/www.uqac.ca\/uqactualites\/#\/schema\/person\/366c45a0c4f0e677b41b4af5886e2018"},"breadcrumb":{"@id":"https:\/\/www.uqac.ca\/uqactualites\/2025\/06\/12\/une-recherche-du-professeur-jacques-cherblanc-inspire-une-avancee-sociale-majeure\/#breadcrumb"},"inLanguage":"fr-CA","potentialAction":[{"@type":"ReadAction","target":["https:\/\/www.uqac.ca\/uqactualites\/2025\/06\/12\/une-recherche-du-professeur-jacques-cherblanc-inspire-une-avancee-sociale-majeure\/"]}]},{"@type":"ImageObject","inLanguage":"fr-CA","@id":"https:\/\/www.uqac.ca\/uqactualites\/2025\/06\/12\/une-recherche-du-professeur-jacques-cherblanc-inspire-une-avancee-sociale-majeure\/#primaryimage","url":"https:\/\/www.uqac.ca\/uqactualites\/wp-content\/uploads\/2025\/06\/equipeLabVivant_staillo_E22-12-scaled.jpg","contentUrl":"https:\/\/www.uqac.ca\/uqactualites\/wp-content\/uploads\/2025\/06\/equipeLabVivant_staillo_E22-12-scaled.jpg","width":2560,"height":1707},{"@type":"BreadcrumbList","@id":"https:\/\/www.uqac.ca\/uqactualites\/2025\/06\/12\/une-recherche-du-professeur-jacques-cherblanc-inspire-une-avancee-sociale-majeure\/#breadcrumb","itemListElement":[{"@type":"ListItem","position":1,"name":"Home","item":"https:\/\/www.uqac.ca\/uqactualites\/"},{"@type":"ListItem","position":2,"name":"Une recherche dirig\u00e9e par le professeur Jacques Cherblanc inspire une avanc\u00e9e sociale majeure"}]},{"@type":"WebSite","@id":"https:\/\/www.uqac.ca\/uqactualites\/#website","url":"https:\/\/www.uqac.ca\/uqactualites\/","name":"UQACtualit\u00e9s","description":"Le portail des nouvelles de l&#039;UQAC","potentialAction":[{"@type":"SearchAction","target":{"@type":"EntryPoint","urlTemplate":"https:\/\/www.uqac.ca\/uqactualites\/?s={search_term_string}"},"query-input":{"@type":"PropertyValueSpecification","valueRequired":true,"valueName":"search_term_string"}}],"inLanguage":"fr-CA"},{"@type":"Person","@id":"https:\/\/www.uqac.ca\/uqactualites\/#\/schema\/person\/366c45a0c4f0e677b41b4af5886e2018","name":"Service des communications et des relations publiques","image":{"@type":"ImageObject","inLanguage":"fr-CA","@id":"https:\/\/www.uqac.ca\/uqactualites\/#\/schema\/person\/image\/","url":"https:\/\/secure.gravatar.com\/avatar\/20fbbda8a292f59f2d3461a5b999c00b?s=96&d=mm&r=g","contentUrl":"https:\/\/secure.gravatar.com\/avatar\/20fbbda8a292f59f2d3461a5b999c00b?s=96&d=mm&r=g","caption":"Service des communications et des relations publiques"},"url":"https:\/\/www.uqac.ca\/uqactualites\/author\/bap\/"}]}},"_links":{"self":[{"href":"https:\/\/www.uqac.ca\/uqactualites\/wp-json\/wp\/v2\/posts\/50970"}],"collection":[{"href":"https:\/\/www.uqac.ca\/uqactualites\/wp-json\/wp\/v2\/posts"}],"about":[{"href":"https:\/\/www.uqac.ca\/uqactualites\/wp-json\/wp\/v2\/types\/post"}],"author":[{"embeddable":true,"href":"https:\/\/www.uqac.ca\/uqactualites\/wp-json\/wp\/v2\/users\/5"}],"replies":[{"embeddable":true,"href":"https:\/\/www.uqac.ca\/uqactualites\/wp-json\/wp\/v2\/comments?post=50970"}],"version-history":[{"count":6,"href":"https:\/\/www.uqac.ca\/uqactualites\/wp-json\/wp\/v2\/posts\/50970\/revisions"}],"predecessor-version":[{"id":50989,"href":"https:\/\/www.uqac.ca\/uqactualites\/wp-json\/wp\/v2\/posts\/50970\/revisions\/50989"}],"wp:featuredmedia":[{"embeddable":true,"href":"https:\/\/www.uqac.ca\/uqactualites\/wp-json\/wp\/v2\/media\/50984"}],"wp:attachment":[{"href":"https:\/\/www.uqac.ca\/uqactualites\/wp-json\/wp\/v2\/media?parent=50970"}],"wp:term":[{"taxonomy":"category","embeddable":true,"href":"https:\/\/www.uqac.ca\/uqactualites\/wp-json\/wp\/v2\/categories?post=50970"},{"taxonomy":"post_tag","embeddable":true,"href":"https:\/\/www.uqac.ca\/uqactualites\/wp-json\/wp\/v2\/tags?post=50970"}],"curies":[{"name":"wp","href":"https:\/\/api.w.org\/{rel}","templated":true}]}}