{"id":51175,"date":"2025-07-01T08:43:50","date_gmt":"2025-07-01T12:43:50","guid":{"rendered":"https:\/\/www.uqac.ca\/uqactualites\/?p=51175"},"modified":"2025-07-01T14:29:41","modified_gmt":"2025-07-01T18:29:41","slug":"luqac-rayonne-lors-du-congres-mondial-de-physiotherapie-a-tokyo","status":"publish","type":"post","link":"https:\/\/www.uqac.ca\/uqactualites\/2025\/07\/01\/luqac-rayonne-lors-du-congres-mondial-de-physiotherapie-a-tokyo\/","title":{"rendered":"L\u2019UQAC rayonne lors du Congr\u00e8s mondial de physioth\u00e9rapie \u00e0 Tokyo"},"content":{"rendered":"<p>Lors du Congr\u00e8s mondial de la physioth\u00e9rapie, qui avait lieu dans la ville de Tokyo au Japon en mai dernier, des professeures, professeurs et membres de la communaut\u00e9 \u00e9tudiante issus des programmes de sciences de la sant\u00e9 de l\u2019UQAC \u00e9taient sur place pour pr\u00e9senter leurs travaux.<\/p>\n<p>La professeure <a href=\"https:\/\/portfolio.uqac.ca\/fernandaribeiro\/\" target=\"_blank\" rel=\"noopener\">Fernanda Ribeiro<\/a> est intervenue \u00e0 titre de conf\u00e9renci\u00e8re dans une session particuli\u00e8re nomm\u00e9e \u00ab <em>Idobata<\/em>\u00a0\u00bb, un terme japonais qui fait r\u00e9f\u00e9rence aux discussions informelles typiques des communaut\u00e9s japonaises traditionnelles. Lors de cette s\u00e9ance, la professeure a anim\u00e9 une discussion avec des physioth\u00e9rapeutes ainsi que des chercheuses et chercheurs de plusieurs pays \u00e0 propos des perceptions des professionnelles et professionnels de la sant\u00e9 \u00e0 l\u2019\u00e9gard de la physioth\u00e9rapie et de l\u2019impact que celles-ci peuvent exercer sur l\u2019accessibilit\u00e9 aux soins.<\/p>\n<figure id=\"attachment_51177\" aria-describedby=\"caption-attachment-51177\" style=\"width: 696px\" class=\"wp-caption alignnone\"><img loading=\"lazy\" decoding=\"async\" class=\"wp-image-51177 size-large\" src=\"https:\/\/www.uqac.ca\/uqactualites\/wp-content\/uploads\/2025\/07\/Fernanda-Ribeiro-1024x499.jpg\" alt=\"\" width=\"696\" height=\"339\" srcset=\"https:\/\/www.uqac.ca\/uqactualites\/wp-content\/uploads\/2025\/07\/Fernanda-Ribeiro-1024x499.jpg 1024w, https:\/\/www.uqac.ca\/uqactualites\/wp-content\/uploads\/2025\/07\/Fernanda-Ribeiro-300x146.jpg 300w, https:\/\/www.uqac.ca\/uqactualites\/wp-content\/uploads\/2025\/07\/Fernanda-Ribeiro-768x374.jpg 768w, https:\/\/www.uqac.ca\/uqactualites\/wp-content\/uploads\/2025\/07\/Fernanda-Ribeiro-150x73.jpg 150w, https:\/\/www.uqac.ca\/uqactualites\/wp-content\/uploads\/2025\/07\/Fernanda-Ribeiro-696x339.jpg 696w, https:\/\/www.uqac.ca\/uqactualites\/wp-content\/uploads\/2025\/07\/Fernanda-Ribeiro-1068x521.jpg 1068w, https:\/\/www.uqac.ca\/uqactualites\/wp-content\/uploads\/2025\/07\/Fernanda-Ribeiro.jpg 1430w\" sizes=\"(max-width: 696px) 100vw, 696px\" \/><figcaption id=\"caption-attachment-51177\" class=\"wp-caption-text\">La professeure Ribeiro pr\u00e9sente sa conf\u00e9rence intitul\u00e9e \u00ab\u00a0Out of sight, out of mind: How healthcare professionals&rsquo; perceptions influence accessibility to physiotherapy in your country? \u00bb<\/figcaption><\/figure>\n<p>De plus, ce congr\u00e8s mondial fut l\u2019occasion de pr\u00e9senter les r\u00e9sultats initiaux de la programmation de recherche de Mireille Bouchard, \u00e9tudiante \u00e0 la <a href=\"https:\/\/www.uqac.ca\/programme\/2094-maitrise-en-sante-durable\/\">ma\u00eetrise en sant\u00e9 durable<\/a> et coordonnatrice r\u00e9gionale en r\u00e9adaptation, nutrition clinique et inhaloth\u00e9rapie au CIUSSS du Saguenay-Lac-Saint-Jean.<\/p>\n<figure id=\"attachment_51181\" aria-describedby=\"caption-attachment-51181\" style=\"width: 280px\" class=\"wp-caption alignnone\"><img loading=\"lazy\" decoding=\"async\" class=\"wp-image-51181\" src=\"https:\/\/www.uqac.ca\/uqactualites\/wp-content\/uploads\/2025\/07\/Ribeiro_Bouchard-e1751372587991-242x300.jpg\" alt=\"\" width=\"280\" height=\"347\" srcset=\"https:\/\/www.uqac.ca\/uqactualites\/wp-content\/uploads\/2025\/07\/Ribeiro_Bouchard-e1751372587991-242x300.jpg 242w, https:\/\/www.uqac.ca\/uqactualites\/wp-content\/uploads\/2025\/07\/Ribeiro_Bouchard-e1751372587991-827x1024.jpg 827w, https:\/\/www.uqac.ca\/uqactualites\/wp-content\/uploads\/2025\/07\/Ribeiro_Bouchard-e1751372587991-768x951.jpg 768w, https:\/\/www.uqac.ca\/uqactualites\/wp-content\/uploads\/2025\/07\/Ribeiro_Bouchard-e1751372587991-1241x1536.jpg 1241w, https:\/\/www.uqac.ca\/uqactualites\/wp-content\/uploads\/2025\/07\/Ribeiro_Bouchard-e1751372587991-150x186.jpg 150w, https:\/\/www.uqac.ca\/uqactualites\/wp-content\/uploads\/2025\/07\/Ribeiro_Bouchard-e1751372587991-300x371.jpg 300w, https:\/\/www.uqac.ca\/uqactualites\/wp-content\/uploads\/2025\/07\/Ribeiro_Bouchard-e1751372587991-324x400.jpg 324w, https:\/\/www.uqac.ca\/uqactualites\/wp-content\/uploads\/2025\/07\/Ribeiro_Bouchard-e1751372587991-696x861.jpg 696w, https:\/\/www.uqac.ca\/uqactualites\/wp-content\/uploads\/2025\/07\/Ribeiro_Bouchard-e1751372587991-1068x1322.jpg 1068w, https:\/\/www.uqac.ca\/uqactualites\/wp-content\/uploads\/2025\/07\/Ribeiro_Bouchard-e1751372587991.jpg 1430w\" sizes=\"(max-width: 280px) 100vw, 280px\" \/><figcaption id=\"caption-attachment-51181\" class=\"wp-caption-text\">Mireille Bouchard pr\u00e9sente l\u2019affiche de son projet de recherche, en compagnie de la professeure Fernanda Ribeiro<\/figcaption><\/figure>\n<p>Sous la direction de la professeure <a href=\"https:\/\/portfolio.uqac.ca\/fernandaribeiro\/\">Fernanda Ribeiro<\/a> et la codirection du professeur <a href=\"https:\/\/portfolio.uqac.ca\/sebastiendufresne\/\">S\u00e9bastien Dufresne<\/a>, le projet de Mireille Bouchard porte sur le r\u00e9f\u00e9rencement vers la physioth\u00e9rapie pour les soins de plaies et leur impact sur l\u2019accessibilit\u00e9 aux soins. L\u2019affiche scientifique du projet, r\u00e9alis\u00e9e en collaboration avec l\u2019\u00e9tudiante \u00e0 la <a href=\"https:\/\/www.uqac.ca\/programme\/1978-maitrise-es-sc-appliquees-en-physiotherapie\/\">ma\u00eetrise \u00e8s sciences appliqu\u00e9es en physioth\u00e9rapie<\/a> Alexandra Tremblay-Martel, a suscit\u00e9 l\u2019int\u00e9r\u00eat d\u2019un grand nombre de personnes pr\u00e9sentes pendant le congr\u00e8s.<\/p>\n<p>Finalement, le professeur et directeur de l\u2019unit\u00e9 d\u2019enseignement en physioth\u00e9rapie <a href=\"https:\/\/portfolio.uqac.ca\/rubensdasilva\/\">Rubens Da Silva<\/a> a pr\u00e9sent\u00e9 les r\u00e9sultats de ses recherches men\u00e9es aupr\u00e8s de la client\u00e8le g\u00e9riatrique atteinte de la maladie de Parkinson. Dans le cadre de ce projet, le professeur da Silva et son \u00e9quipe du <a href=\"https:\/\/cisd.uqac.ca\/\">Centre intersectoriel en sant\u00e9 durable (CISD)<\/a> et du <a href=\"https:\/\/recherche.uqac.ca\/labbionr\/\">LabBioNR<\/a> ont mis sur pied un programme d\u2019exercices adapt\u00e9 \u00e0 la client\u00e8le de l\u2019H\u00f4pital de La Baie. Le professeur Da Silva est aussi un chercheur r\u00e9gulier du CIUSSS-SLSJ, dans le domaine de la r\u00e9adaptation sp\u00e9cialis\u00e9e en g\u00e9riatrie. Parmi les personnes qui ont contribu\u00e9 \u00e0 ce projet de recherche, trois sont dipl\u00f4m\u00e9es en physioth\u00e9rapie \u00e0 l\u2019UQAC : Alexandra Houde-Thibeault, \u00c9milie Fortin et Jer\u00f4me Tremblay-Bouchard, en plus de de la stagiaire au postdoctorat Maria Lima. La professeure <a href=\"https:\/\/portfolio.uqac.ca\/juliebouchard\/\" target=\"_blank\" rel=\"noopener\">Julie Bouchard<\/a> et la doyenne de la recherche, de la cr\u00e9ation et de l&rsquo;innovation <a href=\"https:\/\/portfolio.uqac.ca\/suzyngomo\/\" target=\"_blank\" rel=\"noopener\">Suzy Ngomo<\/a> ont \u00e9galement particip\u00e9 \u00e0 la r\u00e9alisation de ce projet.<\/p>\n<figure id=\"attachment_51182\" aria-describedby=\"caption-attachment-51182\" style=\"width: 250px\" class=\"wp-caption alignnone\"><img loading=\"lazy\" decoding=\"async\" class=\"wp-image-51182\" src=\"https:\/\/www.uqac.ca\/uqactualites\/wp-content\/uploads\/2025\/07\/Rubens-da-Silva-201x300.jpg\" alt=\"\" width=\"250\" height=\"373\" srcset=\"https:\/\/www.uqac.ca\/uqactualites\/wp-content\/uploads\/2025\/07\/Rubens-da-Silva-201x300.jpg 201w, https:\/\/www.uqac.ca\/uqactualites\/wp-content\/uploads\/2025\/07\/Rubens-da-Silva-150x224.jpg 150w, https:\/\/www.uqac.ca\/uqactualites\/wp-content\/uploads\/2025\/07\/Rubens-da-Silva-300x448.jpg 300w, https:\/\/www.uqac.ca\/uqactualites\/wp-content\/uploads\/2025\/07\/Rubens-da-Silva.jpg 486w\" sizes=\"(max-width: 250px) 100vw, 250px\" \/><figcaption id=\"caption-attachment-51182\" class=\"wp-caption-text\">Le professeur Rubens Da Silva en compagnie des dipl\u00f4m\u00e9(e)s de la ma\u00eetrise en physioth\u00e9rapie de l&rsquo;UQAC Michael Th\u00e9berge et Rose-Marie-Bourget<\/figcaption><\/figure>\n<p>Le professeur Da Silva a \u00e9t\u00e9 aussi co-auteur lors d\u2019une pr\u00e9sentation par affiche scientifique sur le projet l\u2019ExploREA en collaboration avec l\u2019\u00e9quipe des auteurs de l\u2019Universit\u00e9 Laval. La pr\u00e9sentation comptait les principaux r\u00e9sultats du projet ExploREA \u00e0 partir d\u2019un partenariat entre l\u2019Universit\u00e9 Laval, l\u2019Universit\u00e9 du Qu\u00e9bec \u00e0 Chicoutimi et les Centres int\u00e9gr\u00e9s de sant\u00e9 et services sociaux (CISSS) du Bas-Saint-Laurent, de la C\u00f4te-Nord, de la Gasp\u00e9sie et des \u00celes. Ce projet vise entre autres \u00e0 optimiser le plan de formation des physioth\u00e9rapeutes \u00e0 en devenir par l\u2019impl\u00e9mentation de stages pratique en r\u00e9adaptation dans les diff\u00e9rentes r\u00e9gions du Qu\u00e9bec.<\/p>\n<p>F\u00e9licitations \u00e0 l\u2019ensemble des repr\u00e9sentantes et repr\u00e9sentants de l\u2019UQAC \u00e0 ce Congr\u00e8s mondial de la physioth\u00e9rapie pour le rayonnement de leurs travaux \u00e0 l\u2019international et pour leur contribution \u00e0 l\u2019avancement des connaissances dans le domaine des sciences de la sant\u00e9!<\/p>\n","protected":false},"excerpt":{"rendered":"<p>Lors du Congr\u00e8s mondial de la physioth\u00e9rapie, qui avait lieu dans la ville de Tokyo au Japon en mai dernier, des professeures, professeurs et membres de la communaut\u00e9 \u00e9tudiante issus des programmes de sciences de la sant\u00e9 de l\u2019UQAC \u00e9taient sur place pour pr\u00e9senter leurs travaux. La professeure Fernanda Ribeiro est intervenue \u00e0 titre de [&hellip;]<\/p>\n","protected":false},"author":5,"featured_media":51176,"comment_status":"closed","ping_status":"open","sticky":false,"template":"","format":"standard","meta":{"footnotes":""},"categories":[2795,2,61],"tags":[19,23,2949,99],"yoast_head":"<!-- This site is optimized with the Yoast SEO plugin v24.2 - https:\/\/yoast.com\/wordpress\/plugins\/seo\/ -->\r\n<title>L\u2019UQAC rayonne lors du Congr\u00e8s mondial de physioth\u00e9rapie \u00e0 Tokyo - UQACtualit\u00e9s<\/title>\r\n<meta name=\"robots\" content=\"index, follow, max-snippet:-1, max-image-preview:large, max-video-preview:-1\" \/>\r\n<link rel=\"canonical\" href=\"https:\/\/www.uqac.ca\/uqactualites\/2025\/07\/01\/luqac-rayonne-lors-du-congres-mondial-de-physiotherapie-a-tokyo\/\" \/>\r\n<meta property=\"og:locale\" content=\"fr_CA\" \/>\r\n<meta property=\"og:type\" content=\"article\" \/>\r\n<meta property=\"og:title\" content=\"L\u2019UQAC rayonne lors du Congr\u00e8s mondial de physioth\u00e9rapie \u00e0 Tokyo - UQACtualit\u00e9s\" \/>\r\n<meta property=\"og:description\" content=\"Lors du Congr\u00e8s mondial de la physioth\u00e9rapie, qui avait lieu dans la ville de Tokyo au Japon en mai dernier, des professeures, professeurs et membres de la communaut\u00e9 \u00e9tudiante issus des programmes de sciences de la sant\u00e9 de l\u2019UQAC \u00e9taient sur place pour pr\u00e9senter leurs travaux. La professeure Fernanda Ribeiro est intervenue \u00e0 titre de [&hellip;]\" \/>\r\n<meta property=\"og:url\" content=\"https:\/\/www.uqac.ca\/uqactualites\/2025\/07\/01\/luqac-rayonne-lors-du-congres-mondial-de-physiotherapie-a-tokyo\/\" \/>\r\n<meta property=\"og:site_name\" content=\"UQACtualit\u00e9s\" \/>\r\n<meta property=\"article:published_time\" content=\"2025-07-01T12:43:50+00:00\" \/>\r\n<meta property=\"article:modified_time\" content=\"2025-07-01T18:29:41+00:00\" \/>\r\n<meta property=\"og:image\" content=\"https:\/\/www.uqac.ca\/uqactualites\/wp-content\/uploads\/2025\/07\/R-Da-Silva_F-Ribeiro-1024x643.png\" \/>\r\n\t<meta property=\"og:image:width\" content=\"1024\" \/>\r\n\t<meta property=\"og:image:height\" content=\"643\" \/>\r\n\t<meta property=\"og:image:type\" content=\"image\/png\" \/>\r\n<meta name=\"author\" content=\"Service des communications et des relations publiques\" \/>\r\n<meta name=\"twitter:card\" content=\"summary_large_image\" \/>\r\n<meta name=\"twitter:label1\" content=\"\u00c9crit par\" \/>\n\t<meta name=\"twitter:data1\" content=\"Service des communications et des relations publiques\" \/>\n\t<meta name=\"twitter:label2\" content=\"Estimation du temps de lecture\" \/>\n\t<meta name=\"twitter:data2\" content=\"4 minutes\" \/>\r\n<script type=\"application\/ld+json\" class=\"yoast-schema-graph\">{\"@context\":\"https:\/\/schema.org\",\"@graph\":[{\"@type\":\"WebPage\",\"@id\":\"https:\/\/www.uqac.ca\/uqactualites\/2025\/07\/01\/luqac-rayonne-lors-du-congres-mondial-de-physiotherapie-a-tokyo\/\",\"url\":\"https:\/\/www.uqac.ca\/uqactualites\/2025\/07\/01\/luqac-rayonne-lors-du-congres-mondial-de-physiotherapie-a-tokyo\/\",\"name\":\"L\u2019UQAC rayonne lors du Congr\u00e8s mondial de physioth\u00e9rapie \u00e0 Tokyo - UQACtualit\u00e9s\",\"isPartOf\":{\"@id\":\"https:\/\/www.uqac.ca\/uqactualites\/#website\"},\"primaryImageOfPage\":{\"@id\":\"https:\/\/www.uqac.ca\/uqactualites\/2025\/07\/01\/luqac-rayonne-lors-du-congres-mondial-de-physiotherapie-a-tokyo\/#primaryimage\"},\"image\":{\"@id\":\"https:\/\/www.uqac.ca\/uqactualites\/2025\/07\/01\/luqac-rayonne-lors-du-congres-mondial-de-physiotherapie-a-tokyo\/#primaryimage\"},\"thumbnailUrl\":\"https:\/\/www.uqac.ca\/uqactualites\/wp-content\/uploads\/2025\/07\/R-Da-Silva_F-Ribeiro.png\",\"datePublished\":\"2025-07-01T12:43:50+00:00\",\"dateModified\":\"2025-07-01T18:29:41+00:00\",\"author\":{\"@id\":\"https:\/\/www.uqac.ca\/uqactualites\/#\/schema\/person\/366c45a0c4f0e677b41b4af5886e2018\"},\"breadcrumb\":{\"@id\":\"https:\/\/www.uqac.ca\/uqactualites\/2025\/07\/01\/luqac-rayonne-lors-du-congres-mondial-de-physiotherapie-a-tokyo\/#breadcrumb\"},\"inLanguage\":\"fr-CA\",\"potentialAction\":[{\"@type\":\"ReadAction\",\"target\":[\"https:\/\/www.uqac.ca\/uqactualites\/2025\/07\/01\/luqac-rayonne-lors-du-congres-mondial-de-physiotherapie-a-tokyo\/\"]}]},{\"@type\":\"ImageObject\",\"inLanguage\":\"fr-CA\",\"@id\":\"https:\/\/www.uqac.ca\/uqactualites\/2025\/07\/01\/luqac-rayonne-lors-du-congres-mondial-de-physiotherapie-a-tokyo\/#primaryimage\",\"url\":\"https:\/\/www.uqac.ca\/uqactualites\/wp-content\/uploads\/2025\/07\/R-Da-Silva_F-Ribeiro.png\",\"contentUrl\":\"https:\/\/www.uqac.ca\/uqactualites\/wp-content\/uploads\/2025\/07\/R-Da-Silva_F-Ribeiro.png\",\"width\":1719,\"height\":1080},{\"@type\":\"BreadcrumbList\",\"@id\":\"https:\/\/www.uqac.ca\/uqactualites\/2025\/07\/01\/luqac-rayonne-lors-du-congres-mondial-de-physiotherapie-a-tokyo\/#breadcrumb\",\"itemListElement\":[{\"@type\":\"ListItem\",\"position\":1,\"name\":\"Home\",\"item\":\"https:\/\/www.uqac.ca\/uqactualites\/\"},{\"@type\":\"ListItem\",\"position\":2,\"name\":\"L\u2019UQAC rayonne lors du Congr\u00e8s mondial de physioth\u00e9rapie \u00e0 Tokyo\"}]},{\"@type\":\"WebSite\",\"@id\":\"https:\/\/www.uqac.ca\/uqactualites\/#website\",\"url\":\"https:\/\/www.uqac.ca\/uqactualites\/\",\"name\":\"UQACtualit\u00e9s\",\"description\":\"Le portail des nouvelles de l&#039;UQAC\",\"potentialAction\":[{\"@type\":\"SearchAction\",\"target\":{\"@type\":\"EntryPoint\",\"urlTemplate\":\"https:\/\/www.uqac.ca\/uqactualites\/?s={search_term_string}\"},\"query-input\":{\"@type\":\"PropertyValueSpecification\",\"valueRequired\":true,\"valueName\":\"search_term_string\"}}],\"inLanguage\":\"fr-CA\"},{\"@type\":\"Person\",\"@id\":\"https:\/\/www.uqac.ca\/uqactualites\/#\/schema\/person\/366c45a0c4f0e677b41b4af5886e2018\",\"name\":\"Service des communications et des relations publiques\",\"image\":{\"@type\":\"ImageObject\",\"inLanguage\":\"fr-CA\",\"@id\":\"https:\/\/www.uqac.ca\/uqactualites\/#\/schema\/person\/image\/\",\"url\":\"https:\/\/secure.gravatar.com\/avatar\/20fbbda8a292f59f2d3461a5b999c00b?s=96&d=mm&r=g\",\"contentUrl\":\"https:\/\/secure.gravatar.com\/avatar\/20fbbda8a292f59f2d3461a5b999c00b?s=96&d=mm&r=g\",\"caption\":\"Service des communications et des relations publiques\"},\"url\":\"https:\/\/www.uqac.ca\/uqactualites\/author\/bap\/\"}]}<\/script>\r\n<!-- \/ Yoast SEO plugin. -->","yoast_head_json":{"title":"L\u2019UQAC rayonne lors du Congr\u00e8s mondial de physioth\u00e9rapie \u00e0 Tokyo - UQACtualit\u00e9s","robots":{"index":"index","follow":"follow","max-snippet":"max-snippet:-1","max-image-preview":"max-image-preview:large","max-video-preview":"max-video-preview:-1"},"canonical":"https:\/\/www.uqac.ca\/uqactualites\/2025\/07\/01\/luqac-rayonne-lors-du-congres-mondial-de-physiotherapie-a-tokyo\/","og_locale":"fr_CA","og_type":"article","og_title":"L\u2019UQAC rayonne lors du Congr\u00e8s mondial de physioth\u00e9rapie \u00e0 Tokyo - UQACtualit\u00e9s","og_description":"Lors du Congr\u00e8s mondial de la physioth\u00e9rapie, qui avait lieu dans la ville de Tokyo au Japon en mai dernier, des professeures, professeurs et membres de la communaut\u00e9 \u00e9tudiante issus des programmes de sciences de la sant\u00e9 de l\u2019UQAC \u00e9taient sur place pour pr\u00e9senter leurs travaux. La professeure Fernanda Ribeiro est intervenue \u00e0 titre de [&hellip;]","og_url":"https:\/\/www.uqac.ca\/uqactualites\/2025\/07\/01\/luqac-rayonne-lors-du-congres-mondial-de-physiotherapie-a-tokyo\/","og_site_name":"UQACtualit\u00e9s","article_published_time":"2025-07-01T12:43:50+00:00","article_modified_time":"2025-07-01T18:29:41+00:00","og_image":[{"width":1024,"height":643,"url":"https:\/\/www.uqac.ca\/uqactualites\/wp-content\/uploads\/2025\/07\/R-Da-Silva_F-Ribeiro-1024x643.png","type":"image\/png"}],"author":"Service des communications et des relations publiques","twitter_card":"summary_large_image","twitter_misc":{"\u00c9crit par":"Service des communications et des relations publiques","Estimation du temps de lecture":"4 minutes"},"schema":{"@context":"https:\/\/schema.org","@graph":[{"@type":"WebPage","@id":"https:\/\/www.uqac.ca\/uqactualites\/2025\/07\/01\/luqac-rayonne-lors-du-congres-mondial-de-physiotherapie-a-tokyo\/","url":"https:\/\/www.uqac.ca\/uqactualites\/2025\/07\/01\/luqac-rayonne-lors-du-congres-mondial-de-physiotherapie-a-tokyo\/","name":"L\u2019UQAC rayonne lors du Congr\u00e8s mondial de physioth\u00e9rapie \u00e0 Tokyo - UQACtualit\u00e9s","isPartOf":{"@id":"https:\/\/www.uqac.ca\/uqactualites\/#website"},"primaryImageOfPage":{"@id":"https:\/\/www.uqac.ca\/uqactualites\/2025\/07\/01\/luqac-rayonne-lors-du-congres-mondial-de-physiotherapie-a-tokyo\/#primaryimage"},"image":{"@id":"https:\/\/www.uqac.ca\/uqactualites\/2025\/07\/01\/luqac-rayonne-lors-du-congres-mondial-de-physiotherapie-a-tokyo\/#primaryimage"},"thumbnailUrl":"https:\/\/www.uqac.ca\/uqactualites\/wp-content\/uploads\/2025\/07\/R-Da-Silva_F-Ribeiro.png","datePublished":"2025-07-01T12:43:50+00:00","dateModified":"2025-07-01T18:29:41+00:00","author":{"@id":"https:\/\/www.uqac.ca\/uqactualites\/#\/schema\/person\/366c45a0c4f0e677b41b4af5886e2018"},"breadcrumb":{"@id":"https:\/\/www.uqac.ca\/uqactualites\/2025\/07\/01\/luqac-rayonne-lors-du-congres-mondial-de-physiotherapie-a-tokyo\/#breadcrumb"},"inLanguage":"fr-CA","potentialAction":[{"@type":"ReadAction","target":["https:\/\/www.uqac.ca\/uqactualites\/2025\/07\/01\/luqac-rayonne-lors-du-congres-mondial-de-physiotherapie-a-tokyo\/"]}]},{"@type":"ImageObject","inLanguage":"fr-CA","@id":"https:\/\/www.uqac.ca\/uqactualites\/2025\/07\/01\/luqac-rayonne-lors-du-congres-mondial-de-physiotherapie-a-tokyo\/#primaryimage","url":"https:\/\/www.uqac.ca\/uqactualites\/wp-content\/uploads\/2025\/07\/R-Da-Silva_F-Ribeiro.png","contentUrl":"https:\/\/www.uqac.ca\/uqactualites\/wp-content\/uploads\/2025\/07\/R-Da-Silva_F-Ribeiro.png","width":1719,"height":1080},{"@type":"BreadcrumbList","@id":"https:\/\/www.uqac.ca\/uqactualites\/2025\/07\/01\/luqac-rayonne-lors-du-congres-mondial-de-physiotherapie-a-tokyo\/#breadcrumb","itemListElement":[{"@type":"ListItem","position":1,"name":"Home","item":"https:\/\/www.uqac.ca\/uqactualites\/"},{"@type":"ListItem","position":2,"name":"L\u2019UQAC rayonne lors du Congr\u00e8s mondial de physioth\u00e9rapie \u00e0 Tokyo"}]},{"@type":"WebSite","@id":"https:\/\/www.uqac.ca\/uqactualites\/#website","url":"https:\/\/www.uqac.ca\/uqactualites\/","name":"UQACtualit\u00e9s","description":"Le portail des nouvelles de l&#039;UQAC","potentialAction":[{"@type":"SearchAction","target":{"@type":"EntryPoint","urlTemplate":"https:\/\/www.uqac.ca\/uqactualites\/?s={search_term_string}"},"query-input":{"@type":"PropertyValueSpecification","valueRequired":true,"valueName":"search_term_string"}}],"inLanguage":"fr-CA"},{"@type":"Person","@id":"https:\/\/www.uqac.ca\/uqactualites\/#\/schema\/person\/366c45a0c4f0e677b41b4af5886e2018","name":"Service des communications et des relations publiques","image":{"@type":"ImageObject","inLanguage":"fr-CA","@id":"https:\/\/www.uqac.ca\/uqactualites\/#\/schema\/person\/image\/","url":"https:\/\/secure.gravatar.com\/avatar\/20fbbda8a292f59f2d3461a5b999c00b?s=96&d=mm&r=g","contentUrl":"https:\/\/secure.gravatar.com\/avatar\/20fbbda8a292f59f2d3461a5b999c00b?s=96&d=mm&r=g","caption":"Service des communications et des relations publiques"},"url":"https:\/\/www.uqac.ca\/uqactualites\/author\/bap\/"}]}},"_links":{"self":[{"href":"https:\/\/www.uqac.ca\/uqactualites\/wp-json\/wp\/v2\/posts\/51175"}],"collection":[{"href":"https:\/\/www.uqac.ca\/uqactualites\/wp-json\/wp\/v2\/posts"}],"about":[{"href":"https:\/\/www.uqac.ca\/uqactualites\/wp-json\/wp\/v2\/types\/post"}],"author":[{"embeddable":true,"href":"https:\/\/www.uqac.ca\/uqactualites\/wp-json\/wp\/v2\/users\/5"}],"replies":[{"embeddable":true,"href":"https:\/\/www.uqac.ca\/uqactualites\/wp-json\/wp\/v2\/comments?post=51175"}],"version-history":[{"count":7,"href":"https:\/\/www.uqac.ca\/uqactualites\/wp-json\/wp\/v2\/posts\/51175\/revisions"}],"predecessor-version":[{"id":51190,"href":"https:\/\/www.uqac.ca\/uqactualites\/wp-json\/wp\/v2\/posts\/51175\/revisions\/51190"}],"wp:featuredmedia":[{"embeddable":true,"href":"https:\/\/www.uqac.ca\/uqactualites\/wp-json\/wp\/v2\/media\/51176"}],"wp:attachment":[{"href":"https:\/\/www.uqac.ca\/uqactualites\/wp-json\/wp\/v2\/media?parent=51175"}],"wp:term":[{"taxonomy":"category","embeddable":true,"href":"https:\/\/www.uqac.ca\/uqactualites\/wp-json\/wp\/v2\/categories?post=51175"},{"taxonomy":"post_tag","embeddable":true,"href":"https:\/\/www.uqac.ca\/uqactualites\/wp-json\/wp\/v2\/tags?post=51175"}],"curies":[{"name":"wp","href":"https:\/\/api.w.org\/{rel}","templated":true}]}}