{"id":51193,"date":"2025-07-02T11:12:10","date_gmt":"2025-07-02T15:12:10","guid":{"rendered":"https:\/\/www.uqac.ca\/uqactualites\/?p=51193"},"modified":"2025-07-02T11:39:12","modified_gmt":"2025-07-02T15:39:12","slug":"le-professeur-luc-baronian-participe-au-balado-comment-tu-dis-ca","status":"publish","type":"post","link":"https:\/\/www.uqac.ca\/uqactualites\/2025\/07\/02\/le-professeur-luc-baronian-participe-au-balado-comment-tu-dis-ca\/","title":{"rendered":"Le professeur Luc Baronian participe au balado \u00ab Comment tu dis \u00e7a? \u00bb"},"content":{"rendered":"<p>Luc Baronian, professeur en linguistique au D\u00e9partement des arts, de lettres et du langage de l&rsquo;UQAC, intervient \u00e0 titre d&rsquo;expert dans la nouvelle s\u00e9rie balado <em><a href=\"https:\/\/www.commenttudisca.ca\/\" target=\"_blank\" rel=\"noopener\">Comment tu dis \u00e7a?<\/a>. <\/em><\/p>\n<p>R\u00e9cemment lanc\u00e9 par Visages r\u00e9gionaux, en collaboration avec la F\u00e9d\u00e9ration qu\u00e9b\u00e9coise des municipalit\u00e9s, <em>Comment tu dis \u00e7a? <\/em>est un balado de cinq \u00e9pisodes qui s&rsquo;int\u00e9resse \u00e0 la diversit\u00e9 du fran\u00e7ais dans les r\u00e9gions qu\u00e9b\u00e9coises. \u00c0 travers ses entretiens avec des linguistes, des artistes et des personnes issus des quatre coins du territoire qu\u00e9b\u00e9cois, l&rsquo;animatrice Gabrielle Thouin y explore la pluralit\u00e9 et la richesse de la langue parl\u00e9e au Qu\u00e9bec et les nombreux r\u00e9gionalismes et accents qui la composent.<\/p>\n<p>La s\u00e9rie balado <em>Comment tu dis \u00e7a? <\/em>est disponible sur <a href=\"https:\/\/open.spotify.com\/show\/23z3DfHSnfu2pN35Jw8YPr\" target=\"_blank\" rel=\"noopener\">Spotify<\/a> et sur<a href=\"https:\/\/ici.radio-canada.ca\/ohdio\/balados\/12694\/comment-tu-dis-ca\" target=\"_blank\" rel=\"noopener\"> la plateforme Ohdio de Radio-Canada<\/a><\/p>\n<p>&nbsp;<\/p>\n","protected":false},"excerpt":{"rendered":"<p>Luc Baronian, professeur en linguistique au D\u00e9partement des arts, de lettres et du langage de l&rsquo;UQAC, intervient \u00e0 titre d&rsquo;expert dans la nouvelle s\u00e9rie balado Comment tu dis \u00e7a?. R\u00e9cemment lanc\u00e9 par Visages r\u00e9gionaux, en collaboration avec la F\u00e9d\u00e9ration qu\u00e9b\u00e9coise des municipalit\u00e9s, Comment tu dis \u00e7a? est un balado de cinq \u00e9pisodes qui s&rsquo;int\u00e9resse \u00e0 [&hellip;]<\/p>\n","protected":false},"author":5,"featured_media":51194,"comment_status":"closed","ping_status":"open","sticky":false,"template":"","format":"standard","meta":{"footnotes":""},"categories":[2795,2],"tags":[39,2974],"yoast_head":"<!-- This site is optimized with the Yoast SEO plugin v24.2 - https:\/\/yoast.com\/wordpress\/plugins\/seo\/ -->\r\n<title>Le professeur Luc Baronian participe au balado \u00ab Comment tu dis \u00e7a? \u00bb - UQACtualit\u00e9s<\/title>\r\n<meta name=\"robots\" content=\"index, follow, max-snippet:-1, max-image-preview:large, max-video-preview:-1\" \/>\r\n<link rel=\"canonical\" href=\"https:\/\/www.uqac.ca\/uqactualites\/2025\/07\/02\/le-professeur-luc-baronian-participe-au-balado-comment-tu-dis-ca\/\" \/>\r\n<meta property=\"og:locale\" content=\"fr_CA\" \/>\r\n<meta property=\"og:type\" content=\"article\" \/>\r\n<meta property=\"og:title\" content=\"Le professeur Luc Baronian participe au balado \u00ab Comment tu dis \u00e7a? \u00bb - UQACtualit\u00e9s\" \/>\r\n<meta property=\"og:description\" content=\"Luc Baronian, professeur en linguistique au D\u00e9partement des arts, de lettres et du langage de l&rsquo;UQAC, intervient \u00e0 titre d&rsquo;expert dans la nouvelle s\u00e9rie balado Comment tu dis \u00e7a?. R\u00e9cemment lanc\u00e9 par Visages r\u00e9gionaux, en collaboration avec la F\u00e9d\u00e9ration qu\u00e9b\u00e9coise des municipalit\u00e9s, Comment tu dis \u00e7a? est un balado de cinq \u00e9pisodes qui s&rsquo;int\u00e9resse \u00e0 [&hellip;]\" \/>\r\n<meta property=\"og:url\" content=\"https:\/\/www.uqac.ca\/uqactualites\/2025\/07\/02\/le-professeur-luc-baronian-participe-au-balado-comment-tu-dis-ca\/\" \/>\r\n<meta property=\"og:site_name\" content=\"UQACtualit\u00e9s\" \/>\r\n<meta property=\"article:published_time\" content=\"2025-07-02T15:12:10+00:00\" \/>\r\n<meta property=\"article:modified_time\" content=\"2025-07-02T15:39:12+00:00\" \/>\r\n<meta property=\"og:image\" content=\"https:\/\/www.uqac.ca\/uqactualites\/wp-content\/uploads\/2025\/07\/Luc-Baronian-Comment-tu-dis-ca.png\" \/>\r\n\t<meta property=\"og:image:width\" content=\"1920\" \/>\r\n\t<meta property=\"og:image:height\" content=\"1080\" \/>\r\n\t<meta property=\"og:image:type\" content=\"image\/png\" \/>\r\n<meta name=\"author\" content=\"Service des communications et des relations publiques\" \/>\r\n<meta name=\"twitter:card\" content=\"summary_large_image\" \/>\r\n<meta name=\"twitter:label1\" content=\"\u00c9crit par\" \/>\n\t<meta name=\"twitter:data1\" content=\"Service des communications et des relations publiques\" \/>\n\t<meta name=\"twitter:label2\" content=\"Estimation du temps de lecture\" \/>\n\t<meta name=\"twitter:data2\" content=\"1 minute\" \/>\r\n<script type=\"application\/ld+json\" class=\"yoast-schema-graph\">{\"@context\":\"https:\/\/schema.org\",\"@graph\":[{\"@type\":\"WebPage\",\"@id\":\"https:\/\/www.uqac.ca\/uqactualites\/2025\/07\/02\/le-professeur-luc-baronian-participe-au-balado-comment-tu-dis-ca\/\",\"url\":\"https:\/\/www.uqac.ca\/uqactualites\/2025\/07\/02\/le-professeur-luc-baronian-participe-au-balado-comment-tu-dis-ca\/\",\"name\":\"Le professeur Luc Baronian participe au balado \u00ab Comment tu dis \u00e7a? \u00bb - UQACtualit\u00e9s\",\"isPartOf\":{\"@id\":\"https:\/\/www.uqac.ca\/uqactualites\/#website\"},\"primaryImageOfPage\":{\"@id\":\"https:\/\/www.uqac.ca\/uqactualites\/2025\/07\/02\/le-professeur-luc-baronian-participe-au-balado-comment-tu-dis-ca\/#primaryimage\"},\"image\":{\"@id\":\"https:\/\/www.uqac.ca\/uqactualites\/2025\/07\/02\/le-professeur-luc-baronian-participe-au-balado-comment-tu-dis-ca\/#primaryimage\"},\"thumbnailUrl\":\"https:\/\/www.uqac.ca\/uqactualites\/wp-content\/uploads\/2025\/07\/Luc-Baronian-Comment-tu-dis-ca.png\",\"datePublished\":\"2025-07-02T15:12:10+00:00\",\"dateModified\":\"2025-07-02T15:39:12+00:00\",\"author\":{\"@id\":\"https:\/\/www.uqac.ca\/uqactualites\/#\/schema\/person\/366c45a0c4f0e677b41b4af5886e2018\"},\"breadcrumb\":{\"@id\":\"https:\/\/www.uqac.ca\/uqactualites\/2025\/07\/02\/le-professeur-luc-baronian-participe-au-balado-comment-tu-dis-ca\/#breadcrumb\"},\"inLanguage\":\"fr-CA\",\"potentialAction\":[{\"@type\":\"ReadAction\",\"target\":[\"https:\/\/www.uqac.ca\/uqactualites\/2025\/07\/02\/le-professeur-luc-baronian-participe-au-balado-comment-tu-dis-ca\/\"]}]},{\"@type\":\"ImageObject\",\"inLanguage\":\"fr-CA\",\"@id\":\"https:\/\/www.uqac.ca\/uqactualites\/2025\/07\/02\/le-professeur-luc-baronian-participe-au-balado-comment-tu-dis-ca\/#primaryimage\",\"url\":\"https:\/\/www.uqac.ca\/uqactualites\/wp-content\/uploads\/2025\/07\/Luc-Baronian-Comment-tu-dis-ca.png\",\"contentUrl\":\"https:\/\/www.uqac.ca\/uqactualites\/wp-content\/uploads\/2025\/07\/Luc-Baronian-Comment-tu-dis-ca.png\",\"width\":1920,\"height\":1080},{\"@type\":\"BreadcrumbList\",\"@id\":\"https:\/\/www.uqac.ca\/uqactualites\/2025\/07\/02\/le-professeur-luc-baronian-participe-au-balado-comment-tu-dis-ca\/#breadcrumb\",\"itemListElement\":[{\"@type\":\"ListItem\",\"position\":1,\"name\":\"Home\",\"item\":\"https:\/\/www.uqac.ca\/uqactualites\/\"},{\"@type\":\"ListItem\",\"position\":2,\"name\":\"Le professeur Luc Baronian participe au balado \u00ab Comment tu dis \u00e7a? \u00bb\"}]},{\"@type\":\"WebSite\",\"@id\":\"https:\/\/www.uqac.ca\/uqactualites\/#website\",\"url\":\"https:\/\/www.uqac.ca\/uqactualites\/\",\"name\":\"UQACtualit\u00e9s\",\"description\":\"Le portail des nouvelles de l&#039;UQAC\",\"potentialAction\":[{\"@type\":\"SearchAction\",\"target\":{\"@type\":\"EntryPoint\",\"urlTemplate\":\"https:\/\/www.uqac.ca\/uqactualites\/?s={search_term_string}\"},\"query-input\":{\"@type\":\"PropertyValueSpecification\",\"valueRequired\":true,\"valueName\":\"search_term_string\"}}],\"inLanguage\":\"fr-CA\"},{\"@type\":\"Person\",\"@id\":\"https:\/\/www.uqac.ca\/uqactualites\/#\/schema\/person\/366c45a0c4f0e677b41b4af5886e2018\",\"name\":\"Service des communications et des relations publiques\",\"image\":{\"@type\":\"ImageObject\",\"inLanguage\":\"fr-CA\",\"@id\":\"https:\/\/www.uqac.ca\/uqactualites\/#\/schema\/person\/image\/\",\"url\":\"https:\/\/secure.gravatar.com\/avatar\/20fbbda8a292f59f2d3461a5b999c00b?s=96&d=mm&r=g\",\"contentUrl\":\"https:\/\/secure.gravatar.com\/avatar\/20fbbda8a292f59f2d3461a5b999c00b?s=96&d=mm&r=g\",\"caption\":\"Service des communications et des relations publiques\"},\"url\":\"https:\/\/www.uqac.ca\/uqactualites\/author\/bap\/\"}]}<\/script>\r\n<!-- \/ Yoast SEO plugin. -->","yoast_head_json":{"title":"Le professeur Luc Baronian participe au balado \u00ab Comment tu dis \u00e7a? \u00bb - UQACtualit\u00e9s","robots":{"index":"index","follow":"follow","max-snippet":"max-snippet:-1","max-image-preview":"max-image-preview:large","max-video-preview":"max-video-preview:-1"},"canonical":"https:\/\/www.uqac.ca\/uqactualites\/2025\/07\/02\/le-professeur-luc-baronian-participe-au-balado-comment-tu-dis-ca\/","og_locale":"fr_CA","og_type":"article","og_title":"Le professeur Luc Baronian participe au balado \u00ab Comment tu dis \u00e7a? \u00bb - UQACtualit\u00e9s","og_description":"Luc Baronian, professeur en linguistique au D\u00e9partement des arts, de lettres et du langage de l&rsquo;UQAC, intervient \u00e0 titre d&rsquo;expert dans la nouvelle s\u00e9rie balado Comment tu dis \u00e7a?. R\u00e9cemment lanc\u00e9 par Visages r\u00e9gionaux, en collaboration avec la F\u00e9d\u00e9ration qu\u00e9b\u00e9coise des municipalit\u00e9s, Comment tu dis \u00e7a? est un balado de cinq \u00e9pisodes qui s&rsquo;int\u00e9resse \u00e0 [&hellip;]","og_url":"https:\/\/www.uqac.ca\/uqactualites\/2025\/07\/02\/le-professeur-luc-baronian-participe-au-balado-comment-tu-dis-ca\/","og_site_name":"UQACtualit\u00e9s","article_published_time":"2025-07-02T15:12:10+00:00","article_modified_time":"2025-07-02T15:39:12+00:00","og_image":[{"width":1920,"height":1080,"url":"https:\/\/www.uqac.ca\/uqactualites\/wp-content\/uploads\/2025\/07\/Luc-Baronian-Comment-tu-dis-ca.png","type":"image\/png"}],"author":"Service des communications et des relations publiques","twitter_card":"summary_large_image","twitter_misc":{"\u00c9crit par":"Service des communications et des relations publiques","Estimation du temps de lecture":"1 minute"},"schema":{"@context":"https:\/\/schema.org","@graph":[{"@type":"WebPage","@id":"https:\/\/www.uqac.ca\/uqactualites\/2025\/07\/02\/le-professeur-luc-baronian-participe-au-balado-comment-tu-dis-ca\/","url":"https:\/\/www.uqac.ca\/uqactualites\/2025\/07\/02\/le-professeur-luc-baronian-participe-au-balado-comment-tu-dis-ca\/","name":"Le professeur Luc Baronian participe au balado \u00ab Comment tu dis \u00e7a? \u00bb - UQACtualit\u00e9s","isPartOf":{"@id":"https:\/\/www.uqac.ca\/uqactualites\/#website"},"primaryImageOfPage":{"@id":"https:\/\/www.uqac.ca\/uqactualites\/2025\/07\/02\/le-professeur-luc-baronian-participe-au-balado-comment-tu-dis-ca\/#primaryimage"},"image":{"@id":"https:\/\/www.uqac.ca\/uqactualites\/2025\/07\/02\/le-professeur-luc-baronian-participe-au-balado-comment-tu-dis-ca\/#primaryimage"},"thumbnailUrl":"https:\/\/www.uqac.ca\/uqactualites\/wp-content\/uploads\/2025\/07\/Luc-Baronian-Comment-tu-dis-ca.png","datePublished":"2025-07-02T15:12:10+00:00","dateModified":"2025-07-02T15:39:12+00:00","author":{"@id":"https:\/\/www.uqac.ca\/uqactualites\/#\/schema\/person\/366c45a0c4f0e677b41b4af5886e2018"},"breadcrumb":{"@id":"https:\/\/www.uqac.ca\/uqactualites\/2025\/07\/02\/le-professeur-luc-baronian-participe-au-balado-comment-tu-dis-ca\/#breadcrumb"},"inLanguage":"fr-CA","potentialAction":[{"@type":"ReadAction","target":["https:\/\/www.uqac.ca\/uqactualites\/2025\/07\/02\/le-professeur-luc-baronian-participe-au-balado-comment-tu-dis-ca\/"]}]},{"@type":"ImageObject","inLanguage":"fr-CA","@id":"https:\/\/www.uqac.ca\/uqactualites\/2025\/07\/02\/le-professeur-luc-baronian-participe-au-balado-comment-tu-dis-ca\/#primaryimage","url":"https:\/\/www.uqac.ca\/uqactualites\/wp-content\/uploads\/2025\/07\/Luc-Baronian-Comment-tu-dis-ca.png","contentUrl":"https:\/\/www.uqac.ca\/uqactualites\/wp-content\/uploads\/2025\/07\/Luc-Baronian-Comment-tu-dis-ca.png","width":1920,"height":1080},{"@type":"BreadcrumbList","@id":"https:\/\/www.uqac.ca\/uqactualites\/2025\/07\/02\/le-professeur-luc-baronian-participe-au-balado-comment-tu-dis-ca\/#breadcrumb","itemListElement":[{"@type":"ListItem","position":1,"name":"Home","item":"https:\/\/www.uqac.ca\/uqactualites\/"},{"@type":"ListItem","position":2,"name":"Le professeur Luc Baronian participe au balado \u00ab Comment tu dis \u00e7a? \u00bb"}]},{"@type":"WebSite","@id":"https:\/\/www.uqac.ca\/uqactualites\/#website","url":"https:\/\/www.uqac.ca\/uqactualites\/","name":"UQACtualit\u00e9s","description":"Le portail des nouvelles de l&#039;UQAC","potentialAction":[{"@type":"SearchAction","target":{"@type":"EntryPoint","urlTemplate":"https:\/\/www.uqac.ca\/uqactualites\/?s={search_term_string}"},"query-input":{"@type":"PropertyValueSpecification","valueRequired":true,"valueName":"search_term_string"}}],"inLanguage":"fr-CA"},{"@type":"Person","@id":"https:\/\/www.uqac.ca\/uqactualites\/#\/schema\/person\/366c45a0c4f0e677b41b4af5886e2018","name":"Service des communications et des relations publiques","image":{"@type":"ImageObject","inLanguage":"fr-CA","@id":"https:\/\/www.uqac.ca\/uqactualites\/#\/schema\/person\/image\/","url":"https:\/\/secure.gravatar.com\/avatar\/20fbbda8a292f59f2d3461a5b999c00b?s=96&d=mm&r=g","contentUrl":"https:\/\/secure.gravatar.com\/avatar\/20fbbda8a292f59f2d3461a5b999c00b?s=96&d=mm&r=g","caption":"Service des communications et des relations publiques"},"url":"https:\/\/www.uqac.ca\/uqactualites\/author\/bap\/"}]}},"_links":{"self":[{"href":"https:\/\/www.uqac.ca\/uqactualites\/wp-json\/wp\/v2\/posts\/51193"}],"collection":[{"href":"https:\/\/www.uqac.ca\/uqactualites\/wp-json\/wp\/v2\/posts"}],"about":[{"href":"https:\/\/www.uqac.ca\/uqactualites\/wp-json\/wp\/v2\/types\/post"}],"author":[{"embeddable":true,"href":"https:\/\/www.uqac.ca\/uqactualites\/wp-json\/wp\/v2\/users\/5"}],"replies":[{"embeddable":true,"href":"https:\/\/www.uqac.ca\/uqactualites\/wp-json\/wp\/v2\/comments?post=51193"}],"version-history":[{"count":8,"href":"https:\/\/www.uqac.ca\/uqactualites\/wp-json\/wp\/v2\/posts\/51193\/revisions"}],"predecessor-version":[{"id":51203,"href":"https:\/\/www.uqac.ca\/uqactualites\/wp-json\/wp\/v2\/posts\/51193\/revisions\/51203"}],"wp:featuredmedia":[{"embeddable":true,"href":"https:\/\/www.uqac.ca\/uqactualites\/wp-json\/wp\/v2\/media\/51194"}],"wp:attachment":[{"href":"https:\/\/www.uqac.ca\/uqactualites\/wp-json\/wp\/v2\/media?parent=51193"}],"wp:term":[{"taxonomy":"category","embeddable":true,"href":"https:\/\/www.uqac.ca\/uqactualites\/wp-json\/wp\/v2\/categories?post=51193"},{"taxonomy":"post_tag","embeddable":true,"href":"https:\/\/www.uqac.ca\/uqactualites\/wp-json\/wp\/v2\/tags?post=51193"}],"curies":[{"name":"wp","href":"https:\/\/api.w.org\/{rel}","templated":true}]}}