{"id":51211,"date":"2025-07-03T09:31:38","date_gmt":"2025-07-03T13:31:38","guid":{"rendered":"https:\/\/www.uqac.ca\/uqactualites\/?p=51211"},"modified":"2025-07-03T09:37:09","modified_gmt":"2025-07-03T13:37:09","slug":"un-succes-pour-le-premier-colloque-reseau-de-lobservatoire-de-la-formation-professionnelle-du-quebec","status":"publish","type":"post","link":"https:\/\/www.uqac.ca\/uqactualites\/2025\/07\/03\/un-succes-pour-le-premier-colloque-reseau-de-lobservatoire-de-la-formation-professionnelle-du-quebec\/","title":{"rendered":"Un succ\u00e8s pour le premier colloque r\u00e9seau de l\u2019Observatoire de la formation professionnelle du Qu\u00e9bec"},"content":{"rendered":"<p>Le 16 juin dernier se tenait le premier colloque r\u00e9seau de l\u2019<a href=\"https:\/\/observatoirefp.org\/\" target=\"_blank\" rel=\"noopener\">Observatoire de la formation professionnelle du Qu\u00e9bec (OPFQ)<\/a>. Pour l\u2019occasion, l\u2019UQAC a eu le plaisir d&rsquo;\u00eatre parmi les h\u00f4tes de cet \u00e9v\u00e9nement, qui se tenait dans sept lieux diff\u00e9rents \u00e0 travers le Qu\u00e9bec de mani\u00e8re simultan\u00e9e.<\/p>\n<p>Sous le th\u00e8me \u00ab Ensemble \u00bb, ce colloque visait \u00e0 mettre en valeur les initiatives men\u00e9es dans les centres de formation professionnelle et les universit\u00e9s, tout en favorisant une r\u00e9flexion collective sur les enjeux de valorisation, de positionnement et d\u2019am\u00e9lioration de la formation professionnelle au Qu\u00e9bec.<\/p>\n<p>Avec pour objectifs de promouvoir la formation professionnelle et de soutenir le perfectionnement de ses enseignantes et enseignants, l&rsquo;OPFQ compte plus de 1300 membres. Il comprend \u00e9galement pr\u00e8s d&rsquo;une quarantaine de chercheuses et chercheurs issus des cinq universit\u00e9s qu\u00e9b\u00e9coises offrant un programme de <a href=\"https:\/\/www.uqac.ca\/programme\/6633-baccalaureat-en-enseignement-professionnel\/\" target=\"_blank\" rel=\"noopener\">baccalaur\u00e9at en enseignement professionnel<\/a> (Universit\u00e9 de Sherbrooke, UQAM, UQAT, UQAC, UQAR), ainsi que des partenaires r\u00e9gionaux, provinciaux et internationaux.<\/p>\n<p>Nous sommes ravis de l\u2019engouement suscit\u00e9 \u00e0 Chicoutimi pour assister \u00e0 des pr\u00e9sentations inspirantes et participer \u00e0 des \u00e9changes riches et pertinents sur l\u2019avenir de la formation professionnelle.<\/p>\n","protected":false},"excerpt":{"rendered":"<p>Le 16 juin dernier se tenait le premier colloque r\u00e9seau de l\u2019Observatoire de la formation professionnelle du Qu\u00e9bec (OPFQ). Pour l\u2019occasion, l\u2019UQAC a eu le plaisir d&rsquo;\u00eatre parmi les h\u00f4tes de cet \u00e9v\u00e9nement, qui se tenait dans sept lieux diff\u00e9rents \u00e0 travers le Qu\u00e9bec de mani\u00e8re simultan\u00e9e. Sous le th\u00e8me \u00ab Ensemble \u00bb, ce colloque [&hellip;]<\/p>\n","protected":false},"author":5,"featured_media":51214,"comment_status":"closed","ping_status":"open","sticky":false,"template":"","format":"standard","meta":{"footnotes":""},"categories":[2795,2,61],"tags":[2975,5],"yoast_head":"<!-- This site is optimized with the Yoast SEO plugin v24.2 - https:\/\/yoast.com\/wordpress\/plugins\/seo\/ -->\r\n<title>Un succ\u00e8s pour le premier colloque r\u00e9seau de l\u2019Observatoire de la formation professionnelle du Qu\u00e9bec - UQACtualit\u00e9s<\/title>\r\n<meta name=\"robots\" content=\"index, follow, max-snippet:-1, max-image-preview:large, max-video-preview:-1\" \/>\r\n<link rel=\"canonical\" href=\"https:\/\/www.uqac.ca\/uqactualites\/2025\/07\/03\/un-succes-pour-le-premier-colloque-reseau-de-lobservatoire-de-la-formation-professionnelle-du-quebec\/\" \/>\r\n<meta property=\"og:locale\" content=\"fr_CA\" \/>\r\n<meta property=\"og:type\" content=\"article\" \/>\r\n<meta property=\"og:title\" content=\"Un succ\u00e8s pour le premier colloque r\u00e9seau de l\u2019Observatoire de la formation professionnelle du Qu\u00e9bec - UQACtualit\u00e9s\" \/>\r\n<meta property=\"og:description\" content=\"Le 16 juin dernier se tenait le premier colloque r\u00e9seau de l\u2019Observatoire de la formation professionnelle du Qu\u00e9bec (OPFQ). Pour l\u2019occasion, l\u2019UQAC a eu le plaisir d&rsquo;\u00eatre parmi les h\u00f4tes de cet \u00e9v\u00e9nement, qui se tenait dans sept lieux diff\u00e9rents \u00e0 travers le Qu\u00e9bec de mani\u00e8re simultan\u00e9e. Sous le th\u00e8me \u00ab Ensemble \u00bb, ce colloque [&hellip;]\" \/>\r\n<meta property=\"og:url\" content=\"https:\/\/www.uqac.ca\/uqactualites\/2025\/07\/03\/un-succes-pour-le-premier-colloque-reseau-de-lobservatoire-de-la-formation-professionnelle-du-quebec\/\" \/>\r\n<meta property=\"og:site_name\" content=\"UQACtualit\u00e9s\" \/>\r\n<meta property=\"article:published_time\" content=\"2025-07-03T13:31:38+00:00\" \/>\r\n<meta property=\"article:modified_time\" content=\"2025-07-03T13:37:09+00:00\" \/>\r\n<meta property=\"og:image\" content=\"https:\/\/www.uqac.ca\/uqactualites\/wp-content\/uploads\/2025\/07\/Colloque-OFPQ.png\" \/>\r\n\t<meta property=\"og:image:width\" content=\"1920\" \/>\r\n\t<meta property=\"og:image:height\" content=\"1080\" \/>\r\n\t<meta property=\"og:image:type\" content=\"image\/png\" \/>\r\n<meta name=\"author\" content=\"Service des communications et des relations publiques\" \/>\r\n<meta name=\"twitter:card\" content=\"summary_large_image\" \/>\r\n<meta name=\"twitter:label1\" content=\"\u00c9crit par\" \/>\n\t<meta name=\"twitter:data1\" content=\"Service des communications et des relations publiques\" \/>\n\t<meta name=\"twitter:label2\" content=\"Estimation du temps de lecture\" \/>\n\t<meta name=\"twitter:data2\" content=\"2 minutes\" \/>\r\n<script type=\"application\/ld+json\" class=\"yoast-schema-graph\">{\"@context\":\"https:\/\/schema.org\",\"@graph\":[{\"@type\":\"WebPage\",\"@id\":\"https:\/\/www.uqac.ca\/uqactualites\/2025\/07\/03\/un-succes-pour-le-premier-colloque-reseau-de-lobservatoire-de-la-formation-professionnelle-du-quebec\/\",\"url\":\"https:\/\/www.uqac.ca\/uqactualites\/2025\/07\/03\/un-succes-pour-le-premier-colloque-reseau-de-lobservatoire-de-la-formation-professionnelle-du-quebec\/\",\"name\":\"Un succ\u00e8s pour le premier colloque r\u00e9seau de l\u2019Observatoire de la formation professionnelle du Qu\u00e9bec - UQACtualit\u00e9s\",\"isPartOf\":{\"@id\":\"https:\/\/www.uqac.ca\/uqactualites\/#website\"},\"primaryImageOfPage\":{\"@id\":\"https:\/\/www.uqac.ca\/uqactualites\/2025\/07\/03\/un-succes-pour-le-premier-colloque-reseau-de-lobservatoire-de-la-formation-professionnelle-du-quebec\/#primaryimage\"},\"image\":{\"@id\":\"https:\/\/www.uqac.ca\/uqactualites\/2025\/07\/03\/un-succes-pour-le-premier-colloque-reseau-de-lobservatoire-de-la-formation-professionnelle-du-quebec\/#primaryimage\"},\"thumbnailUrl\":\"https:\/\/www.uqac.ca\/uqactualites\/wp-content\/uploads\/2025\/07\/Colloque-OFPQ.png\",\"datePublished\":\"2025-07-03T13:31:38+00:00\",\"dateModified\":\"2025-07-03T13:37:09+00:00\",\"author\":{\"@id\":\"https:\/\/www.uqac.ca\/uqactualites\/#\/schema\/person\/366c45a0c4f0e677b41b4af5886e2018\"},\"breadcrumb\":{\"@id\":\"https:\/\/www.uqac.ca\/uqactualites\/2025\/07\/03\/un-succes-pour-le-premier-colloque-reseau-de-lobservatoire-de-la-formation-professionnelle-du-quebec\/#breadcrumb\"},\"inLanguage\":\"fr-CA\",\"potentialAction\":[{\"@type\":\"ReadAction\",\"target\":[\"https:\/\/www.uqac.ca\/uqactualites\/2025\/07\/03\/un-succes-pour-le-premier-colloque-reseau-de-lobservatoire-de-la-formation-professionnelle-du-quebec\/\"]}]},{\"@type\":\"ImageObject\",\"inLanguage\":\"fr-CA\",\"@id\":\"https:\/\/www.uqac.ca\/uqactualites\/2025\/07\/03\/un-succes-pour-le-premier-colloque-reseau-de-lobservatoire-de-la-formation-professionnelle-du-quebec\/#primaryimage\",\"url\":\"https:\/\/www.uqac.ca\/uqactualites\/wp-content\/uploads\/2025\/07\/Colloque-OFPQ.png\",\"contentUrl\":\"https:\/\/www.uqac.ca\/uqactualites\/wp-content\/uploads\/2025\/07\/Colloque-OFPQ.png\",\"width\":1920,\"height\":1080},{\"@type\":\"BreadcrumbList\",\"@id\":\"https:\/\/www.uqac.ca\/uqactualites\/2025\/07\/03\/un-succes-pour-le-premier-colloque-reseau-de-lobservatoire-de-la-formation-professionnelle-du-quebec\/#breadcrumb\",\"itemListElement\":[{\"@type\":\"ListItem\",\"position\":1,\"name\":\"Home\",\"item\":\"https:\/\/www.uqac.ca\/uqactualites\/\"},{\"@type\":\"ListItem\",\"position\":2,\"name\":\"Un succ\u00e8s pour le premier colloque r\u00e9seau de l\u2019Observatoire de la formation professionnelle du Qu\u00e9bec\"}]},{\"@type\":\"WebSite\",\"@id\":\"https:\/\/www.uqac.ca\/uqactualites\/#website\",\"url\":\"https:\/\/www.uqac.ca\/uqactualites\/\",\"name\":\"UQACtualit\u00e9s\",\"description\":\"Le portail des nouvelles de l&#039;UQAC\",\"potentialAction\":[{\"@type\":\"SearchAction\",\"target\":{\"@type\":\"EntryPoint\",\"urlTemplate\":\"https:\/\/www.uqac.ca\/uqactualites\/?s={search_term_string}\"},\"query-input\":{\"@type\":\"PropertyValueSpecification\",\"valueRequired\":true,\"valueName\":\"search_term_string\"}}],\"inLanguage\":\"fr-CA\"},{\"@type\":\"Person\",\"@id\":\"https:\/\/www.uqac.ca\/uqactualites\/#\/schema\/person\/366c45a0c4f0e677b41b4af5886e2018\",\"name\":\"Service des communications et des relations publiques\",\"image\":{\"@type\":\"ImageObject\",\"inLanguage\":\"fr-CA\",\"@id\":\"https:\/\/www.uqac.ca\/uqactualites\/#\/schema\/person\/image\/\",\"url\":\"https:\/\/secure.gravatar.com\/avatar\/20fbbda8a292f59f2d3461a5b999c00b?s=96&d=mm&r=g\",\"contentUrl\":\"https:\/\/secure.gravatar.com\/avatar\/20fbbda8a292f59f2d3461a5b999c00b?s=96&d=mm&r=g\",\"caption\":\"Service des communications et des relations publiques\"},\"url\":\"https:\/\/www.uqac.ca\/uqactualites\/author\/bap\/\"}]}<\/script>\r\n<!-- \/ Yoast SEO plugin. -->","yoast_head_json":{"title":"Un succ\u00e8s pour le premier colloque r\u00e9seau de l\u2019Observatoire de la formation professionnelle du Qu\u00e9bec - UQACtualit\u00e9s","robots":{"index":"index","follow":"follow","max-snippet":"max-snippet:-1","max-image-preview":"max-image-preview:large","max-video-preview":"max-video-preview:-1"},"canonical":"https:\/\/www.uqac.ca\/uqactualites\/2025\/07\/03\/un-succes-pour-le-premier-colloque-reseau-de-lobservatoire-de-la-formation-professionnelle-du-quebec\/","og_locale":"fr_CA","og_type":"article","og_title":"Un succ\u00e8s pour le premier colloque r\u00e9seau de l\u2019Observatoire de la formation professionnelle du Qu\u00e9bec - UQACtualit\u00e9s","og_description":"Le 16 juin dernier se tenait le premier colloque r\u00e9seau de l\u2019Observatoire de la formation professionnelle du Qu\u00e9bec (OPFQ). Pour l\u2019occasion, l\u2019UQAC a eu le plaisir d&rsquo;\u00eatre parmi les h\u00f4tes de cet \u00e9v\u00e9nement, qui se tenait dans sept lieux diff\u00e9rents \u00e0 travers le Qu\u00e9bec de mani\u00e8re simultan\u00e9e. Sous le th\u00e8me \u00ab Ensemble \u00bb, ce colloque [&hellip;]","og_url":"https:\/\/www.uqac.ca\/uqactualites\/2025\/07\/03\/un-succes-pour-le-premier-colloque-reseau-de-lobservatoire-de-la-formation-professionnelle-du-quebec\/","og_site_name":"UQACtualit\u00e9s","article_published_time":"2025-07-03T13:31:38+00:00","article_modified_time":"2025-07-03T13:37:09+00:00","og_image":[{"width":1920,"height":1080,"url":"https:\/\/www.uqac.ca\/uqactualites\/wp-content\/uploads\/2025\/07\/Colloque-OFPQ.png","type":"image\/png"}],"author":"Service des communications et des relations publiques","twitter_card":"summary_large_image","twitter_misc":{"\u00c9crit par":"Service des communications et des relations publiques","Estimation du temps de lecture":"2 minutes"},"schema":{"@context":"https:\/\/schema.org","@graph":[{"@type":"WebPage","@id":"https:\/\/www.uqac.ca\/uqactualites\/2025\/07\/03\/un-succes-pour-le-premier-colloque-reseau-de-lobservatoire-de-la-formation-professionnelle-du-quebec\/","url":"https:\/\/www.uqac.ca\/uqactualites\/2025\/07\/03\/un-succes-pour-le-premier-colloque-reseau-de-lobservatoire-de-la-formation-professionnelle-du-quebec\/","name":"Un succ\u00e8s pour le premier colloque r\u00e9seau de l\u2019Observatoire de la formation professionnelle du Qu\u00e9bec - UQACtualit\u00e9s","isPartOf":{"@id":"https:\/\/www.uqac.ca\/uqactualites\/#website"},"primaryImageOfPage":{"@id":"https:\/\/www.uqac.ca\/uqactualites\/2025\/07\/03\/un-succes-pour-le-premier-colloque-reseau-de-lobservatoire-de-la-formation-professionnelle-du-quebec\/#primaryimage"},"image":{"@id":"https:\/\/www.uqac.ca\/uqactualites\/2025\/07\/03\/un-succes-pour-le-premier-colloque-reseau-de-lobservatoire-de-la-formation-professionnelle-du-quebec\/#primaryimage"},"thumbnailUrl":"https:\/\/www.uqac.ca\/uqactualites\/wp-content\/uploads\/2025\/07\/Colloque-OFPQ.png","datePublished":"2025-07-03T13:31:38+00:00","dateModified":"2025-07-03T13:37:09+00:00","author":{"@id":"https:\/\/www.uqac.ca\/uqactualites\/#\/schema\/person\/366c45a0c4f0e677b41b4af5886e2018"},"breadcrumb":{"@id":"https:\/\/www.uqac.ca\/uqactualites\/2025\/07\/03\/un-succes-pour-le-premier-colloque-reseau-de-lobservatoire-de-la-formation-professionnelle-du-quebec\/#breadcrumb"},"inLanguage":"fr-CA","potentialAction":[{"@type":"ReadAction","target":["https:\/\/www.uqac.ca\/uqactualites\/2025\/07\/03\/un-succes-pour-le-premier-colloque-reseau-de-lobservatoire-de-la-formation-professionnelle-du-quebec\/"]}]},{"@type":"ImageObject","inLanguage":"fr-CA","@id":"https:\/\/www.uqac.ca\/uqactualites\/2025\/07\/03\/un-succes-pour-le-premier-colloque-reseau-de-lobservatoire-de-la-formation-professionnelle-du-quebec\/#primaryimage","url":"https:\/\/www.uqac.ca\/uqactualites\/wp-content\/uploads\/2025\/07\/Colloque-OFPQ.png","contentUrl":"https:\/\/www.uqac.ca\/uqactualites\/wp-content\/uploads\/2025\/07\/Colloque-OFPQ.png","width":1920,"height":1080},{"@type":"BreadcrumbList","@id":"https:\/\/www.uqac.ca\/uqactualites\/2025\/07\/03\/un-succes-pour-le-premier-colloque-reseau-de-lobservatoire-de-la-formation-professionnelle-du-quebec\/#breadcrumb","itemListElement":[{"@type":"ListItem","position":1,"name":"Home","item":"https:\/\/www.uqac.ca\/uqactualites\/"},{"@type":"ListItem","position":2,"name":"Un succ\u00e8s pour le premier colloque r\u00e9seau de l\u2019Observatoire de la formation professionnelle du Qu\u00e9bec"}]},{"@type":"WebSite","@id":"https:\/\/www.uqac.ca\/uqactualites\/#website","url":"https:\/\/www.uqac.ca\/uqactualites\/","name":"UQACtualit\u00e9s","description":"Le portail des nouvelles de l&#039;UQAC","potentialAction":[{"@type":"SearchAction","target":{"@type":"EntryPoint","urlTemplate":"https:\/\/www.uqac.ca\/uqactualites\/?s={search_term_string}"},"query-input":{"@type":"PropertyValueSpecification","valueRequired":true,"valueName":"search_term_string"}}],"inLanguage":"fr-CA"},{"@type":"Person","@id":"https:\/\/www.uqac.ca\/uqactualites\/#\/schema\/person\/366c45a0c4f0e677b41b4af5886e2018","name":"Service des communications et des relations publiques","image":{"@type":"ImageObject","inLanguage":"fr-CA","@id":"https:\/\/www.uqac.ca\/uqactualites\/#\/schema\/person\/image\/","url":"https:\/\/secure.gravatar.com\/avatar\/20fbbda8a292f59f2d3461a5b999c00b?s=96&d=mm&r=g","contentUrl":"https:\/\/secure.gravatar.com\/avatar\/20fbbda8a292f59f2d3461a5b999c00b?s=96&d=mm&r=g","caption":"Service des communications et des relations publiques"},"url":"https:\/\/www.uqac.ca\/uqactualites\/author\/bap\/"}]}},"_links":{"self":[{"href":"https:\/\/www.uqac.ca\/uqactualites\/wp-json\/wp\/v2\/posts\/51211"}],"collection":[{"href":"https:\/\/www.uqac.ca\/uqactualites\/wp-json\/wp\/v2\/posts"}],"about":[{"href":"https:\/\/www.uqac.ca\/uqactualites\/wp-json\/wp\/v2\/types\/post"}],"author":[{"embeddable":true,"href":"https:\/\/www.uqac.ca\/uqactualites\/wp-json\/wp\/v2\/users\/5"}],"replies":[{"embeddable":true,"href":"https:\/\/www.uqac.ca\/uqactualites\/wp-json\/wp\/v2\/comments?post=51211"}],"version-history":[{"count":4,"href":"https:\/\/www.uqac.ca\/uqactualites\/wp-json\/wp\/v2\/posts\/51211\/revisions"}],"predecessor-version":[{"id":51216,"href":"https:\/\/www.uqac.ca\/uqactualites\/wp-json\/wp\/v2\/posts\/51211\/revisions\/51216"}],"wp:featuredmedia":[{"embeddable":true,"href":"https:\/\/www.uqac.ca\/uqactualites\/wp-json\/wp\/v2\/media\/51214"}],"wp:attachment":[{"href":"https:\/\/www.uqac.ca\/uqactualites\/wp-json\/wp\/v2\/media?parent=51211"}],"wp:term":[{"taxonomy":"category","embeddable":true,"href":"https:\/\/www.uqac.ca\/uqactualites\/wp-json\/wp\/v2\/categories?post=51211"},{"taxonomy":"post_tag","embeddable":true,"href":"https:\/\/www.uqac.ca\/uqactualites\/wp-json\/wp\/v2\/tags?post=51211"}],"curies":[{"name":"wp","href":"https:\/\/api.w.org\/{rel}","templated":true}]}}