{"id":51221,"date":"2025-07-08T13:43:08","date_gmt":"2025-07-08T17:43:08","guid":{"rendered":"https:\/\/www.uqac.ca\/uqactualites\/?p=51221"},"modified":"2025-07-08T14:54:00","modified_gmt":"2025-07-08T18:54:00","slug":"maria-camila-londono-aristizabal-nouvelle-professeure-en-developpement-de-la-petite-enfance","status":"publish","type":"post","link":"https:\/\/www.uqac.ca\/uqactualites\/2025\/07\/08\/maria-camila-londono-aristizabal-nouvelle-professeure-en-developpement-de-la-petite-enfance\/","title":{"rendered":"Mar\u00eda Camila Londo\u00f1o Aristizabal, nouvelle professeure en d\u00e9veloppement de la petite enfance"},"content":{"rendered":"<p>Bienvenue \u00e0 Mar\u00eda\u202fCamila\u202fLondo\u00f1o\u202fAristizabal, nouvelle professeure de l&rsquo;UQAC au D\u00e9partement des sciences de l&rsquo;\u00e9ducation.<\/p>\n<p>Originaire de Colombie, Mar\u00eda\u202fCamila\u202fLondo\u00f1o\u202fAristizabal d\u00e9tient un baccalaur\u00e9at en psychologie de la Pontificia Universidad Javeriana de Bogot\u00e1. Doctorante en psychologie \u00e0 l\u2019Universit\u00e9 du Qu\u00e9bec \u00e0 Trois-Rivi\u00e8res (UQTR), ses travaux portent sur l\u2019\u00e9valuation authentique des fonctions ex\u00e9cutives chez les jeunes enfants. Avant de se joindre \u00e0 l\u2019UQAC, elle a \u00e9t\u00e9 assistante de recherche \u00e0 la Chaire UNESCO \u2013 Petite enfance et intervention pr\u00e9coce inclusive, o\u00f9 elle a contribu\u00e9 \u00e0 divers projets visant l\u2019accompagnement de milieux \u00e9ducatifs dans l\u2019implantation de pratiques inclusives et le soutien des pratiques \u00e9ducatives favorisant le d\u00e9veloppement global des jeunes enfants. Elle a aussi collabor\u00e9 \u00e0 des initiatives nationales et internationales visant \u00e0 favoriser l\u2019inclusion en petite enfance. Elle a \u00e9galement \u00e9t\u00e9 charg\u00e9e de cours au D\u00e9partement de psycho\u00e9ducation et de travail social de l\u2019UQTR. Ses champs d\u2019int\u00e9r\u00eat incluent le d\u00e9veloppement global des jeunes enfants, les fonctions ex\u00e9cutives en petite enfance, l\u2019inclusion et le soutien aux milieux \u00e9ducatifs.<\/p>\n<hr \/>\n<h5>Portrait de la professeure en bref<\/h5>\n<p><strong>Champs d\u2019int\u00e9r\u00eat et expertises de recherche<\/strong><\/p>\n<ul>\n<li>D\u00e9veloppement global des jeunes enfants<\/li>\n<li>D\u00e9veloppement cognitif et fonctions ex\u00e9cutives en petite enfance<\/li>\n<li>Inclusion en petite enfance<\/li>\n<li>Conception et validation d\u2019outils d\u2019\u00e9valuation pour la petite enfance<\/li>\n<li>Soutien aux milieux \u00e9ducatifs<\/li>\n<\/ul>\n<p><strong>Cours enseign\u00e9s \u00e0 l\u2019UQAC et programmes<\/strong><\/p>\n<ul>\n<li><a href=\"https:\/\/programmes.uqac.ca\/3ppg240\" target=\"_blank\" rel=\"noopener\">\u00c9tude du d\u00e9veloppement intellectuel<\/a>\n<ul>\n<li>baccalaur\u00e9at en enseignement en adaptation scolaire et sociale<\/li>\n<li>baccalaur\u00e9at en enseignement de l&rsquo;anglais langue seconde<\/li>\n<li>baccalaur\u00e9at en \u00e9ducation pr\u00e9scolaire et en enseignement primaire<\/li>\n<\/ul>\n<\/li>\n<li><a href=\"https:\/\/programmes.uqac.ca\/3ppg201\" target=\"_blank\" rel=\"noopener\">D\u00e9veloppement affectif, social et moral de l&rsquo;enfant et de l&rsquo;adolescent<\/a>\n<ul>\n<li>baccalaur\u00e9at en enseignement en adaptation scolaire et sociale<\/li>\n<li>baccalaur\u00e9at en enseignement des arts<\/li>\n<li>baccalaur\u00e9at en \u00e9ducation pr\u00e9scolaire et en enseignement primaire<\/li>\n<\/ul>\n<\/li>\n<\/ul>\n<p><strong><a href=\"http:\/\/www.linkedin.com\/in\/maria-camila-londono\" target=\"_blank\" rel=\"noopener\">Page LinkedIn de la professeure\u00a0<\/a><\/strong><\/p>\n","protected":false},"excerpt":{"rendered":"<p>Bienvenue \u00e0 Mar\u00eda\u202fCamila\u202fLondo\u00f1o\u202fAristizabal, nouvelle professeure de l&rsquo;UQAC au D\u00e9partement des sciences de l&rsquo;\u00e9ducation. Originaire de Colombie, Mar\u00eda\u202fCamila\u202fLondo\u00f1o\u202fAristizabal d\u00e9tient un baccalaur\u00e9at en psychologie de la Pontificia Universidad Javeriana de Bogot\u00e1. Doctorante en psychologie \u00e0 l\u2019Universit\u00e9 du Qu\u00e9bec \u00e0 Trois-Rivi\u00e8res (UQTR), ses travaux portent sur l\u2019\u00e9valuation authentique des fonctions ex\u00e9cutives chez les jeunes enfants. Avant de se [&hellip;]<\/p>\n","protected":false},"author":5,"featured_media":51257,"comment_status":"closed","ping_status":"open","sticky":false,"template":"","format":"standard","meta":{"footnotes":""},"categories":[2846],"tags":[5],"yoast_head":"<!-- This site is optimized with the Yoast SEO plugin v24.2 - https:\/\/yoast.com\/wordpress\/plugins\/seo\/ -->\r\n<title>Mar\u00eda Camila Londo\u00f1o Aristizabal, nouvelle professeure en d\u00e9veloppement de la petite enfance - UQACtualit\u00e9s<\/title>\r\n<meta name=\"robots\" content=\"index, follow, max-snippet:-1, max-image-preview:large, max-video-preview:-1\" \/>\r\n<link rel=\"canonical\" href=\"https:\/\/www.uqac.ca\/uqactualites\/2025\/07\/08\/maria-camila-londono-aristizabal-nouvelle-professeure-en-developpement-de-la-petite-enfance\/\" \/>\r\n<meta property=\"og:locale\" content=\"fr_CA\" \/>\r\n<meta property=\"og:type\" content=\"article\" \/>\r\n<meta property=\"og:title\" content=\"Mar\u00eda Camila Londo\u00f1o Aristizabal, nouvelle professeure en d\u00e9veloppement de la petite enfance - UQACtualit\u00e9s\" \/>\r\n<meta property=\"og:description\" content=\"Bienvenue \u00e0 Mar\u00eda\u202fCamila\u202fLondo\u00f1o\u202fAristizabal, nouvelle professeure de l&rsquo;UQAC au D\u00e9partement des sciences de l&rsquo;\u00e9ducation. Originaire de Colombie, Mar\u00eda\u202fCamila\u202fLondo\u00f1o\u202fAristizabal d\u00e9tient un baccalaur\u00e9at en psychologie de la Pontificia Universidad Javeriana de Bogot\u00e1. Doctorante en psychologie \u00e0 l\u2019Universit\u00e9 du Qu\u00e9bec \u00e0 Trois-Rivi\u00e8res (UQTR), ses travaux portent sur l\u2019\u00e9valuation authentique des fonctions ex\u00e9cutives chez les jeunes enfants. Avant de se [&hellip;]\" \/>\r\n<meta property=\"og:url\" content=\"https:\/\/www.uqac.ca\/uqactualites\/2025\/07\/08\/maria-camila-londono-aristizabal-nouvelle-professeure-en-developpement-de-la-petite-enfance\/\" \/>\r\n<meta property=\"og:site_name\" content=\"UQACtualit\u00e9s\" \/>\r\n<meta property=\"article:published_time\" content=\"2025-07-08T17:43:08+00:00\" \/>\r\n<meta property=\"article:modified_time\" content=\"2025-07-08T18:54:00+00:00\" \/>\r\n<meta property=\"og:image\" content=\"https:\/\/www.uqac.ca\/uqactualites\/wp-content\/uploads\/2025\/07\/Maria_2_VGfrias_e25-scaled.jpg\" \/>\r\n\t<meta property=\"og:image:width\" content=\"2560\" \/>\r\n\t<meta property=\"og:image:height\" content=\"1709\" \/>\r\n\t<meta property=\"og:image:type\" content=\"image\/jpeg\" \/>\r\n<meta name=\"author\" content=\"Service des communications et des relations publiques\" \/>\r\n<meta name=\"twitter:card\" content=\"summary_large_image\" \/>\r\n<meta name=\"twitter:label1\" content=\"\u00c9crit par\" \/>\n\t<meta name=\"twitter:data1\" content=\"Service des communications et des relations publiques\" \/>\n\t<meta name=\"twitter:label2\" content=\"Estimation du temps de lecture\" \/>\n\t<meta name=\"twitter:data2\" content=\"2 minutes\" \/>\r\n<script type=\"application\/ld+json\" class=\"yoast-schema-graph\">{\"@context\":\"https:\/\/schema.org\",\"@graph\":[{\"@type\":\"WebPage\",\"@id\":\"https:\/\/www.uqac.ca\/uqactualites\/2025\/07\/08\/maria-camila-londono-aristizabal-nouvelle-professeure-en-developpement-de-la-petite-enfance\/\",\"url\":\"https:\/\/www.uqac.ca\/uqactualites\/2025\/07\/08\/maria-camila-londono-aristizabal-nouvelle-professeure-en-developpement-de-la-petite-enfance\/\",\"name\":\"Mar\u00eda Camila Londo\u00f1o Aristizabal, nouvelle professeure en d\u00e9veloppement de la petite enfance - UQACtualit\u00e9s\",\"isPartOf\":{\"@id\":\"https:\/\/www.uqac.ca\/uqactualites\/#website\"},\"primaryImageOfPage\":{\"@id\":\"https:\/\/www.uqac.ca\/uqactualites\/2025\/07\/08\/maria-camila-londono-aristizabal-nouvelle-professeure-en-developpement-de-la-petite-enfance\/#primaryimage\"},\"image\":{\"@id\":\"https:\/\/www.uqac.ca\/uqactualites\/2025\/07\/08\/maria-camila-londono-aristizabal-nouvelle-professeure-en-developpement-de-la-petite-enfance\/#primaryimage\"},\"thumbnailUrl\":\"https:\/\/www.uqac.ca\/uqactualites\/wp-content\/uploads\/2025\/07\/Maria_2_VGfrias_e25-scaled.jpg\",\"datePublished\":\"2025-07-08T17:43:08+00:00\",\"dateModified\":\"2025-07-08T18:54:00+00:00\",\"author\":{\"@id\":\"https:\/\/www.uqac.ca\/uqactualites\/#\/schema\/person\/366c45a0c4f0e677b41b4af5886e2018\"},\"breadcrumb\":{\"@id\":\"https:\/\/www.uqac.ca\/uqactualites\/2025\/07\/08\/maria-camila-londono-aristizabal-nouvelle-professeure-en-developpement-de-la-petite-enfance\/#breadcrumb\"},\"inLanguage\":\"fr-CA\",\"potentialAction\":[{\"@type\":\"ReadAction\",\"target\":[\"https:\/\/www.uqac.ca\/uqactualites\/2025\/07\/08\/maria-camila-londono-aristizabal-nouvelle-professeure-en-developpement-de-la-petite-enfance\/\"]}]},{\"@type\":\"ImageObject\",\"inLanguage\":\"fr-CA\",\"@id\":\"https:\/\/www.uqac.ca\/uqactualites\/2025\/07\/08\/maria-camila-londono-aristizabal-nouvelle-professeure-en-developpement-de-la-petite-enfance\/#primaryimage\",\"url\":\"https:\/\/www.uqac.ca\/uqactualites\/wp-content\/uploads\/2025\/07\/Maria_2_VGfrias_e25-scaled.jpg\",\"contentUrl\":\"https:\/\/www.uqac.ca\/uqactualites\/wp-content\/uploads\/2025\/07\/Maria_2_VGfrias_e25-scaled.jpg\",\"width\":2560,\"height\":1709},{\"@type\":\"BreadcrumbList\",\"@id\":\"https:\/\/www.uqac.ca\/uqactualites\/2025\/07\/08\/maria-camila-londono-aristizabal-nouvelle-professeure-en-developpement-de-la-petite-enfance\/#breadcrumb\",\"itemListElement\":[{\"@type\":\"ListItem\",\"position\":1,\"name\":\"Home\",\"item\":\"https:\/\/www.uqac.ca\/uqactualites\/\"},{\"@type\":\"ListItem\",\"position\":2,\"name\":\"Mar\u00eda Camila Londo\u00f1o Aristizabal, nouvelle professeure en d\u00e9veloppement de la petite enfance\"}]},{\"@type\":\"WebSite\",\"@id\":\"https:\/\/www.uqac.ca\/uqactualites\/#website\",\"url\":\"https:\/\/www.uqac.ca\/uqactualites\/\",\"name\":\"UQACtualit\u00e9s\",\"description\":\"Le portail des nouvelles de l&#039;UQAC\",\"potentialAction\":[{\"@type\":\"SearchAction\",\"target\":{\"@type\":\"EntryPoint\",\"urlTemplate\":\"https:\/\/www.uqac.ca\/uqactualites\/?s={search_term_string}\"},\"query-input\":{\"@type\":\"PropertyValueSpecification\",\"valueRequired\":true,\"valueName\":\"search_term_string\"}}],\"inLanguage\":\"fr-CA\"},{\"@type\":\"Person\",\"@id\":\"https:\/\/www.uqac.ca\/uqactualites\/#\/schema\/person\/366c45a0c4f0e677b41b4af5886e2018\",\"name\":\"Service des communications et des relations publiques\",\"image\":{\"@type\":\"ImageObject\",\"inLanguage\":\"fr-CA\",\"@id\":\"https:\/\/www.uqac.ca\/uqactualites\/#\/schema\/person\/image\/\",\"url\":\"https:\/\/secure.gravatar.com\/avatar\/20fbbda8a292f59f2d3461a5b999c00b?s=96&d=mm&r=g\",\"contentUrl\":\"https:\/\/secure.gravatar.com\/avatar\/20fbbda8a292f59f2d3461a5b999c00b?s=96&d=mm&r=g\",\"caption\":\"Service des communications et des relations publiques\"},\"url\":\"https:\/\/www.uqac.ca\/uqactualites\/author\/bap\/\"}]}<\/script>\r\n<!-- \/ Yoast SEO plugin. -->","yoast_head_json":{"title":"Mar\u00eda Camila Londo\u00f1o Aristizabal, nouvelle professeure en d\u00e9veloppement de la petite enfance - UQACtualit\u00e9s","robots":{"index":"index","follow":"follow","max-snippet":"max-snippet:-1","max-image-preview":"max-image-preview:large","max-video-preview":"max-video-preview:-1"},"canonical":"https:\/\/www.uqac.ca\/uqactualites\/2025\/07\/08\/maria-camila-londono-aristizabal-nouvelle-professeure-en-developpement-de-la-petite-enfance\/","og_locale":"fr_CA","og_type":"article","og_title":"Mar\u00eda Camila Londo\u00f1o Aristizabal, nouvelle professeure en d\u00e9veloppement de la petite enfance - UQACtualit\u00e9s","og_description":"Bienvenue \u00e0 Mar\u00eda\u202fCamila\u202fLondo\u00f1o\u202fAristizabal, nouvelle professeure de l&rsquo;UQAC au D\u00e9partement des sciences de l&rsquo;\u00e9ducation. Originaire de Colombie, Mar\u00eda\u202fCamila\u202fLondo\u00f1o\u202fAristizabal d\u00e9tient un baccalaur\u00e9at en psychologie de la Pontificia Universidad Javeriana de Bogot\u00e1. Doctorante en psychologie \u00e0 l\u2019Universit\u00e9 du Qu\u00e9bec \u00e0 Trois-Rivi\u00e8res (UQTR), ses travaux portent sur l\u2019\u00e9valuation authentique des fonctions ex\u00e9cutives chez les jeunes enfants. Avant de se [&hellip;]","og_url":"https:\/\/www.uqac.ca\/uqactualites\/2025\/07\/08\/maria-camila-londono-aristizabal-nouvelle-professeure-en-developpement-de-la-petite-enfance\/","og_site_name":"UQACtualit\u00e9s","article_published_time":"2025-07-08T17:43:08+00:00","article_modified_time":"2025-07-08T18:54:00+00:00","og_image":[{"width":2560,"height":1709,"url":"https:\/\/www.uqac.ca\/uqactualites\/wp-content\/uploads\/2025\/07\/Maria_2_VGfrias_e25-scaled.jpg","type":"image\/jpeg"}],"author":"Service des communications et des relations publiques","twitter_card":"summary_large_image","twitter_misc":{"\u00c9crit par":"Service des communications et des relations publiques","Estimation du temps de lecture":"2 minutes"},"schema":{"@context":"https:\/\/schema.org","@graph":[{"@type":"WebPage","@id":"https:\/\/www.uqac.ca\/uqactualites\/2025\/07\/08\/maria-camila-londono-aristizabal-nouvelle-professeure-en-developpement-de-la-petite-enfance\/","url":"https:\/\/www.uqac.ca\/uqactualites\/2025\/07\/08\/maria-camila-londono-aristizabal-nouvelle-professeure-en-developpement-de-la-petite-enfance\/","name":"Mar\u00eda Camila Londo\u00f1o Aristizabal, nouvelle professeure en d\u00e9veloppement de la petite enfance - UQACtualit\u00e9s","isPartOf":{"@id":"https:\/\/www.uqac.ca\/uqactualites\/#website"},"primaryImageOfPage":{"@id":"https:\/\/www.uqac.ca\/uqactualites\/2025\/07\/08\/maria-camila-londono-aristizabal-nouvelle-professeure-en-developpement-de-la-petite-enfance\/#primaryimage"},"image":{"@id":"https:\/\/www.uqac.ca\/uqactualites\/2025\/07\/08\/maria-camila-londono-aristizabal-nouvelle-professeure-en-developpement-de-la-petite-enfance\/#primaryimage"},"thumbnailUrl":"https:\/\/www.uqac.ca\/uqactualites\/wp-content\/uploads\/2025\/07\/Maria_2_VGfrias_e25-scaled.jpg","datePublished":"2025-07-08T17:43:08+00:00","dateModified":"2025-07-08T18:54:00+00:00","author":{"@id":"https:\/\/www.uqac.ca\/uqactualites\/#\/schema\/person\/366c45a0c4f0e677b41b4af5886e2018"},"breadcrumb":{"@id":"https:\/\/www.uqac.ca\/uqactualites\/2025\/07\/08\/maria-camila-londono-aristizabal-nouvelle-professeure-en-developpement-de-la-petite-enfance\/#breadcrumb"},"inLanguage":"fr-CA","potentialAction":[{"@type":"ReadAction","target":["https:\/\/www.uqac.ca\/uqactualites\/2025\/07\/08\/maria-camila-londono-aristizabal-nouvelle-professeure-en-developpement-de-la-petite-enfance\/"]}]},{"@type":"ImageObject","inLanguage":"fr-CA","@id":"https:\/\/www.uqac.ca\/uqactualites\/2025\/07\/08\/maria-camila-londono-aristizabal-nouvelle-professeure-en-developpement-de-la-petite-enfance\/#primaryimage","url":"https:\/\/www.uqac.ca\/uqactualites\/wp-content\/uploads\/2025\/07\/Maria_2_VGfrias_e25-scaled.jpg","contentUrl":"https:\/\/www.uqac.ca\/uqactualites\/wp-content\/uploads\/2025\/07\/Maria_2_VGfrias_e25-scaled.jpg","width":2560,"height":1709},{"@type":"BreadcrumbList","@id":"https:\/\/www.uqac.ca\/uqactualites\/2025\/07\/08\/maria-camila-londono-aristizabal-nouvelle-professeure-en-developpement-de-la-petite-enfance\/#breadcrumb","itemListElement":[{"@type":"ListItem","position":1,"name":"Home","item":"https:\/\/www.uqac.ca\/uqactualites\/"},{"@type":"ListItem","position":2,"name":"Mar\u00eda Camila Londo\u00f1o Aristizabal, nouvelle professeure en d\u00e9veloppement de la petite enfance"}]},{"@type":"WebSite","@id":"https:\/\/www.uqac.ca\/uqactualites\/#website","url":"https:\/\/www.uqac.ca\/uqactualites\/","name":"UQACtualit\u00e9s","description":"Le portail des nouvelles de l&#039;UQAC","potentialAction":[{"@type":"SearchAction","target":{"@type":"EntryPoint","urlTemplate":"https:\/\/www.uqac.ca\/uqactualites\/?s={search_term_string}"},"query-input":{"@type":"PropertyValueSpecification","valueRequired":true,"valueName":"search_term_string"}}],"inLanguage":"fr-CA"},{"@type":"Person","@id":"https:\/\/www.uqac.ca\/uqactualites\/#\/schema\/person\/366c45a0c4f0e677b41b4af5886e2018","name":"Service des communications et des relations publiques","image":{"@type":"ImageObject","inLanguage":"fr-CA","@id":"https:\/\/www.uqac.ca\/uqactualites\/#\/schema\/person\/image\/","url":"https:\/\/secure.gravatar.com\/avatar\/20fbbda8a292f59f2d3461a5b999c00b?s=96&d=mm&r=g","contentUrl":"https:\/\/secure.gravatar.com\/avatar\/20fbbda8a292f59f2d3461a5b999c00b?s=96&d=mm&r=g","caption":"Service des communications et des relations publiques"},"url":"https:\/\/www.uqac.ca\/uqactualites\/author\/bap\/"}]}},"_links":{"self":[{"href":"https:\/\/www.uqac.ca\/uqactualites\/wp-json\/wp\/v2\/posts\/51221"}],"collection":[{"href":"https:\/\/www.uqac.ca\/uqactualites\/wp-json\/wp\/v2\/posts"}],"about":[{"href":"https:\/\/www.uqac.ca\/uqactualites\/wp-json\/wp\/v2\/types\/post"}],"author":[{"embeddable":true,"href":"https:\/\/www.uqac.ca\/uqactualites\/wp-json\/wp\/v2\/users\/5"}],"replies":[{"embeddable":true,"href":"https:\/\/www.uqac.ca\/uqactualites\/wp-json\/wp\/v2\/comments?post=51221"}],"version-history":[{"count":3,"href":"https:\/\/www.uqac.ca\/uqactualites\/wp-json\/wp\/v2\/posts\/51221\/revisions"}],"predecessor-version":[{"id":51223,"href":"https:\/\/www.uqac.ca\/uqactualites\/wp-json\/wp\/v2\/posts\/51221\/revisions\/51223"}],"wp:featuredmedia":[{"embeddable":true,"href":"https:\/\/www.uqac.ca\/uqactualites\/wp-json\/wp\/v2\/media\/51257"}],"wp:attachment":[{"href":"https:\/\/www.uqac.ca\/uqactualites\/wp-json\/wp\/v2\/media?parent=51221"}],"wp:term":[{"taxonomy":"category","embeddable":true,"href":"https:\/\/www.uqac.ca\/uqactualites\/wp-json\/wp\/v2\/categories?post=51221"},{"taxonomy":"post_tag","embeddable":true,"href":"https:\/\/www.uqac.ca\/uqactualites\/wp-json\/wp\/v2\/tags?post=51221"}],"curies":[{"name":"wp","href":"https:\/\/api.w.org\/{rel}","templated":true}]}}