{"id":51496,"date":"2025-08-29T14:39:46","date_gmt":"2025-08-29T18:39:46","guid":{"rendered":"https:\/\/www.uqac.ca\/uqactualites\/?p=51496"},"modified":"2025-08-29T14:39:46","modified_gmt":"2025-08-29T18:39:46","slug":"le-personnel-de-luqac-se-reunit-pour-souligner-la-rentree","status":"publish","type":"post","link":"https:\/\/www.uqac.ca\/uqactualites\/2025\/08\/29\/le-personnel-de-luqac-se-reunit-pour-souligner-la-rentree\/","title":{"rendered":"Le personnel de l\u2019UQAC se r\u00e9unit pour souligner la rentr\u00e9e"},"content":{"rendered":"<p>Qui dit rentr\u00e9e universitaire dit aussi rentr\u00e9e pour le personnel de l\u2019UQAC! Ce jeudi, les membres du personnel se sont donn\u00e9 rendez-vous dans le cadre d\u2019un 4 \u00e0 8 convivial, une activit\u00e9 qui s\u2019inscrit dans la programmation de la Rentr\u00e9e.<\/p>\n<p>Organis\u00e9e pour souligner le coup d\u2019envoi de la nouvelle ann\u00e9e acad\u00e9mique, cette activit\u00e9 a permis aux membres du personnel de se retrouver apr\u00e8s la p\u00e9riode estivale et de partager un moment convivial en dehors du cadre habituel de travail. Le plaisir de renouer avec les coll\u00e8gues \u00e9tait au rendez-vous, contribuant \u00e0 cr\u00e9er une atmosph\u00e8re empreinte de camaraderie et d\u2019enthousiasme.<\/p>\n<p>L\u2019un des moments forts de la soir\u00e9e fut sans contredit l\u2019atelier de danse en ligne offert par Pierre-Luc Bilodeau du D\u00e9partement des sciences de l&rsquo;\u00e9ducation. Plusieurs employ\u00e9s et employ\u00e9es ont eu l\u2019occasion de s\u2019initier \u00e0 cette activit\u00e9 dans une ambiance ludique et d\u00e9contract\u00e9e. Rires et pas de danse se sont multipli\u00e9s, ajoutant une touche festive et originale \u00e0 la soir\u00e9e.<\/p>\n<p>En plus de lancer l\u2019ann\u00e9e du bon pied, ce rassemblement a offert l\u2019occasion de renforcer les liens entre coll\u00e8gues issus de diff\u00e9rents secteurs de l\u2019Universit\u00e9 et d\u2019accueillir les nouveaux visages, favorisant ainsi un esprit de collaboration et de proximit\u00e9 qui accompagne le quotidien de notre institution.<\/p>\n<div id='gallery-1' class='gallery galleryid-51496 gallery-columns-3 gallery-size-medium'><figure class='gallery-item'>\n\t\t\t<div class='gallery-icon landscape'>\n\t\t\t\t<a href='https:\/\/www.uqac.ca\/uqactualites\/2025\/08\/29\/le-personnel-de-luqac-se-reunit-pour-souligner-la-rentree\/rentree-mduhaime-a25-123\/'><img loading=\"lazy\" decoding=\"async\" width=\"300\" height=\"168\" src=\"https:\/\/www.uqac.ca\/uqactualites\/wp-content\/uploads\/2025\/08\/rentree-mduhaime-a25-123-300x168.jpg\" class=\"attachment-medium size-medium\" alt=\"\" srcset=\"https:\/\/www.uqac.ca\/uqactualites\/wp-content\/uploads\/2025\/08\/rentree-mduhaime-a25-123-300x168.jpg 300w, https:\/\/www.uqac.ca\/uqactualites\/wp-content\/uploads\/2025\/08\/rentree-mduhaime-a25-123-1024x574.jpg 1024w, https:\/\/www.uqac.ca\/uqactualites\/wp-content\/uploads\/2025\/08\/rentree-mduhaime-a25-123-768x431.jpg 768w, https:\/\/www.uqac.ca\/uqactualites\/wp-content\/uploads\/2025\/08\/rentree-mduhaime-a25-123-1536x862.jpg 1536w, https:\/\/www.uqac.ca\/uqactualites\/wp-content\/uploads\/2025\/08\/rentree-mduhaime-a25-123-150x84.jpg 150w, https:\/\/www.uqac.ca\/uqactualites\/wp-content\/uploads\/2025\/08\/rentree-mduhaime-a25-123-696x390.jpg 696w, https:\/\/www.uqac.ca\/uqactualites\/wp-content\/uploads\/2025\/08\/rentree-mduhaime-a25-123-1068x599.jpg 1068w, https:\/\/www.uqac.ca\/uqactualites\/wp-content\/uploads\/2025\/08\/rentree-mduhaime-a25-123.jpg 1920w\" sizes=\"(max-width: 300px) 100vw, 300px\" \/><\/a>\n\t\t\t<\/div><\/figure><figure class='gallery-item'>\n\t\t\t<div class='gallery-icon landscape'>\n\t\t\t\t<a href='https:\/\/www.uqac.ca\/uqactualites\/2025\/08\/29\/le-personnel-de-luqac-se-reunit-pour-souligner-la-rentree\/rentree-mduhaime-a25-124\/'><img loading=\"lazy\" decoding=\"async\" width=\"300\" height=\"168\" src=\"https:\/\/www.uqac.ca\/uqactualites\/wp-content\/uploads\/2025\/08\/rentree-mduhaime-a25-124-300x168.jpg\" class=\"attachment-medium size-medium\" alt=\"\" srcset=\"https:\/\/www.uqac.ca\/uqactualites\/wp-content\/uploads\/2025\/08\/rentree-mduhaime-a25-124-300x168.jpg 300w, https:\/\/www.uqac.ca\/uqactualites\/wp-content\/uploads\/2025\/08\/rentree-mduhaime-a25-124-1024x574.jpg 1024w, https:\/\/www.uqac.ca\/uqactualites\/wp-content\/uploads\/2025\/08\/rentree-mduhaime-a25-124-768x431.jpg 768w, https:\/\/www.uqac.ca\/uqactualites\/wp-content\/uploads\/2025\/08\/rentree-mduhaime-a25-124-1536x862.jpg 1536w, https:\/\/www.uqac.ca\/uqactualites\/wp-content\/uploads\/2025\/08\/rentree-mduhaime-a25-124-150x84.jpg 150w, https:\/\/www.uqac.ca\/uqactualites\/wp-content\/uploads\/2025\/08\/rentree-mduhaime-a25-124-696x390.jpg 696w, https:\/\/www.uqac.ca\/uqactualites\/wp-content\/uploads\/2025\/08\/rentree-mduhaime-a25-124-1068x599.jpg 1068w, https:\/\/www.uqac.ca\/uqactualites\/wp-content\/uploads\/2025\/08\/rentree-mduhaime-a25-124.jpg 1920w\" sizes=\"(max-width: 300px) 100vw, 300px\" \/><\/a>\n\t\t\t<\/div><\/figure><figure class='gallery-item'>\n\t\t\t<div class='gallery-icon landscape'>\n\t\t\t\t<a href='https:\/\/www.uqac.ca\/uqactualites\/2025\/08\/29\/le-personnel-de-luqac-se-reunit-pour-souligner-la-rentree\/rentree-mduhaime-a25-122\/'><img loading=\"lazy\" decoding=\"async\" width=\"300\" height=\"168\" src=\"https:\/\/www.uqac.ca\/uqactualites\/wp-content\/uploads\/2025\/08\/rentree-mduhaime-a25-122-300x168.jpg\" class=\"attachment-medium size-medium\" alt=\"\" srcset=\"https:\/\/www.uqac.ca\/uqactualites\/wp-content\/uploads\/2025\/08\/rentree-mduhaime-a25-122-300x168.jpg 300w, https:\/\/www.uqac.ca\/uqactualites\/wp-content\/uploads\/2025\/08\/rentree-mduhaime-a25-122-1024x574.jpg 1024w, https:\/\/www.uqac.ca\/uqactualites\/wp-content\/uploads\/2025\/08\/rentree-mduhaime-a25-122-768x431.jpg 768w, https:\/\/www.uqac.ca\/uqactualites\/wp-content\/uploads\/2025\/08\/rentree-mduhaime-a25-122-1536x862.jpg 1536w, https:\/\/www.uqac.ca\/uqactualites\/wp-content\/uploads\/2025\/08\/rentree-mduhaime-a25-122-150x84.jpg 150w, https:\/\/www.uqac.ca\/uqactualites\/wp-content\/uploads\/2025\/08\/rentree-mduhaime-a25-122-696x390.jpg 696w, https:\/\/www.uqac.ca\/uqactualites\/wp-content\/uploads\/2025\/08\/rentree-mduhaime-a25-122-1068x599.jpg 1068w, https:\/\/www.uqac.ca\/uqactualites\/wp-content\/uploads\/2025\/08\/rentree-mduhaime-a25-122.jpg 1920w\" sizes=\"(max-width: 300px) 100vw, 300px\" \/><\/a>\n\t\t\t<\/div><\/figure>\n\t\t<\/div>\n\n","protected":false},"excerpt":{"rendered":"<p>Qui dit rentr\u00e9e universitaire dit aussi rentr\u00e9e pour le personnel de l\u2019UQAC! Ce jeudi, les membres du personnel se sont donn\u00e9 rendez-vous dans le cadre d\u2019un 4 \u00e0 8 convivial, une activit\u00e9 qui s\u2019inscrit dans la programmation de la Rentr\u00e9e. Organis\u00e9e pour souligner le coup d\u2019envoi de la nouvelle ann\u00e9e acad\u00e9mique, cette activit\u00e9 a permis [&hellip;]<\/p>\n","protected":false},"author":5,"featured_media":51497,"comment_status":"closed","ping_status":"open","sticky":false,"template":"","format":"standard","meta":{"footnotes":""},"categories":[2795,2],"tags":[538,1727],"yoast_head":"<!-- This site is optimized with the Yoast SEO plugin v24.2 - https:\/\/yoast.com\/wordpress\/plugins\/seo\/ -->\r\n<title>Le personnel de l\u2019UQAC se r\u00e9unit pour souligner la rentr\u00e9e - UQACtualit\u00e9s<\/title>\r\n<meta name=\"robots\" content=\"index, follow, max-snippet:-1, max-image-preview:large, max-video-preview:-1\" \/>\r\n<link rel=\"canonical\" href=\"https:\/\/www.uqac.ca\/uqactualites\/2025\/08\/29\/le-personnel-de-luqac-se-reunit-pour-souligner-la-rentree\/\" \/>\r\n<meta property=\"og:locale\" content=\"fr_CA\" \/>\r\n<meta property=\"og:type\" content=\"article\" \/>\r\n<meta property=\"og:title\" content=\"Le personnel de l\u2019UQAC se r\u00e9unit pour souligner la rentr\u00e9e - UQACtualit\u00e9s\" \/>\r\n<meta property=\"og:description\" content=\"Qui dit rentr\u00e9e universitaire dit aussi rentr\u00e9e pour le personnel de l\u2019UQAC! Ce jeudi, les membres du personnel se sont donn\u00e9 rendez-vous dans le cadre d\u2019un 4 \u00e0 8 convivial, une activit\u00e9 qui s\u2019inscrit dans la programmation de la Rentr\u00e9e. Organis\u00e9e pour souligner le coup d\u2019envoi de la nouvelle ann\u00e9e acad\u00e9mique, cette activit\u00e9 a permis [&hellip;]\" \/>\r\n<meta property=\"og:url\" content=\"https:\/\/www.uqac.ca\/uqactualites\/2025\/08\/29\/le-personnel-de-luqac-se-reunit-pour-souligner-la-rentree\/\" \/>\r\n<meta property=\"og:site_name\" content=\"UQACtualit\u00e9s\" \/>\r\n<meta property=\"article:published_time\" content=\"2025-08-29T18:39:46+00:00\" \/>\r\n<meta property=\"og:image\" content=\"https:\/\/www.uqac.ca\/uqactualites\/wp-content\/uploads\/2025\/08\/rentree-mduhaime-a25-125.jpg\" \/>\r\n\t<meta property=\"og:image:width\" content=\"1920\" \/>\r\n\t<meta property=\"og:image:height\" content=\"1077\" \/>\r\n\t<meta property=\"og:image:type\" content=\"image\/jpeg\" \/>\r\n<meta name=\"author\" content=\"Service des communications et des relations publiques\" \/>\r\n<meta name=\"twitter:card\" content=\"summary_large_image\" \/>\r\n<meta name=\"twitter:label1\" content=\"\u00c9crit par\" \/>\n\t<meta name=\"twitter:data1\" content=\"Service des communications et des relations publiques\" \/>\n\t<meta name=\"twitter:label2\" content=\"Estimation du temps de lecture\" \/>\n\t<meta name=\"twitter:data2\" content=\"2 minutes\" \/>\r\n<script type=\"application\/ld+json\" class=\"yoast-schema-graph\">{\"@context\":\"https:\/\/schema.org\",\"@graph\":[{\"@type\":\"WebPage\",\"@id\":\"https:\/\/www.uqac.ca\/uqactualites\/2025\/08\/29\/le-personnel-de-luqac-se-reunit-pour-souligner-la-rentree\/\",\"url\":\"https:\/\/www.uqac.ca\/uqactualites\/2025\/08\/29\/le-personnel-de-luqac-se-reunit-pour-souligner-la-rentree\/\",\"name\":\"Le personnel de l\u2019UQAC se r\u00e9unit pour souligner la rentr\u00e9e - UQACtualit\u00e9s\",\"isPartOf\":{\"@id\":\"https:\/\/www.uqac.ca\/uqactualites\/#website\"},\"primaryImageOfPage\":{\"@id\":\"https:\/\/www.uqac.ca\/uqactualites\/2025\/08\/29\/le-personnel-de-luqac-se-reunit-pour-souligner-la-rentree\/#primaryimage\"},\"image\":{\"@id\":\"https:\/\/www.uqac.ca\/uqactualites\/2025\/08\/29\/le-personnel-de-luqac-se-reunit-pour-souligner-la-rentree\/#primaryimage\"},\"thumbnailUrl\":\"https:\/\/www.uqac.ca\/uqactualites\/wp-content\/uploads\/2025\/08\/rentree-mduhaime-a25-125.jpg\",\"datePublished\":\"2025-08-29T18:39:46+00:00\",\"dateModified\":\"2025-08-29T18:39:46+00:00\",\"author\":{\"@id\":\"https:\/\/www.uqac.ca\/uqactualites\/#\/schema\/person\/366c45a0c4f0e677b41b4af5886e2018\"},\"breadcrumb\":{\"@id\":\"https:\/\/www.uqac.ca\/uqactualites\/2025\/08\/29\/le-personnel-de-luqac-se-reunit-pour-souligner-la-rentree\/#breadcrumb\"},\"inLanguage\":\"fr-CA\",\"potentialAction\":[{\"@type\":\"ReadAction\",\"target\":[\"https:\/\/www.uqac.ca\/uqactualites\/2025\/08\/29\/le-personnel-de-luqac-se-reunit-pour-souligner-la-rentree\/\"]}]},{\"@type\":\"ImageObject\",\"inLanguage\":\"fr-CA\",\"@id\":\"https:\/\/www.uqac.ca\/uqactualites\/2025\/08\/29\/le-personnel-de-luqac-se-reunit-pour-souligner-la-rentree\/#primaryimage\",\"url\":\"https:\/\/www.uqac.ca\/uqactualites\/wp-content\/uploads\/2025\/08\/rentree-mduhaime-a25-125.jpg\",\"contentUrl\":\"https:\/\/www.uqac.ca\/uqactualites\/wp-content\/uploads\/2025\/08\/rentree-mduhaime-a25-125.jpg\",\"width\":1920,\"height\":1077},{\"@type\":\"BreadcrumbList\",\"@id\":\"https:\/\/www.uqac.ca\/uqactualites\/2025\/08\/29\/le-personnel-de-luqac-se-reunit-pour-souligner-la-rentree\/#breadcrumb\",\"itemListElement\":[{\"@type\":\"ListItem\",\"position\":1,\"name\":\"Home\",\"item\":\"https:\/\/www.uqac.ca\/uqactualites\/\"},{\"@type\":\"ListItem\",\"position\":2,\"name\":\"Le personnel de l\u2019UQAC se r\u00e9unit pour souligner la rentr\u00e9e\"}]},{\"@type\":\"WebSite\",\"@id\":\"https:\/\/www.uqac.ca\/uqactualites\/#website\",\"url\":\"https:\/\/www.uqac.ca\/uqactualites\/\",\"name\":\"UQACtualit\u00e9s\",\"description\":\"Le portail des nouvelles de l&#039;UQAC\",\"potentialAction\":[{\"@type\":\"SearchAction\",\"target\":{\"@type\":\"EntryPoint\",\"urlTemplate\":\"https:\/\/www.uqac.ca\/uqactualites\/?s={search_term_string}\"},\"query-input\":{\"@type\":\"PropertyValueSpecification\",\"valueRequired\":true,\"valueName\":\"search_term_string\"}}],\"inLanguage\":\"fr-CA\"},{\"@type\":\"Person\",\"@id\":\"https:\/\/www.uqac.ca\/uqactualites\/#\/schema\/person\/366c45a0c4f0e677b41b4af5886e2018\",\"name\":\"Service des communications et des relations publiques\",\"image\":{\"@type\":\"ImageObject\",\"inLanguage\":\"fr-CA\",\"@id\":\"https:\/\/www.uqac.ca\/uqactualites\/#\/schema\/person\/image\/\",\"url\":\"https:\/\/secure.gravatar.com\/avatar\/20fbbda8a292f59f2d3461a5b999c00b?s=96&d=mm&r=g\",\"contentUrl\":\"https:\/\/secure.gravatar.com\/avatar\/20fbbda8a292f59f2d3461a5b999c00b?s=96&d=mm&r=g\",\"caption\":\"Service des communications et des relations publiques\"},\"url\":\"https:\/\/www.uqac.ca\/uqactualites\/author\/bap\/\"}]}<\/script>\r\n<!-- \/ Yoast SEO plugin. -->","yoast_head_json":{"title":"Le personnel de l\u2019UQAC se r\u00e9unit pour souligner la rentr\u00e9e - UQACtualit\u00e9s","robots":{"index":"index","follow":"follow","max-snippet":"max-snippet:-1","max-image-preview":"max-image-preview:large","max-video-preview":"max-video-preview:-1"},"canonical":"https:\/\/www.uqac.ca\/uqactualites\/2025\/08\/29\/le-personnel-de-luqac-se-reunit-pour-souligner-la-rentree\/","og_locale":"fr_CA","og_type":"article","og_title":"Le personnel de l\u2019UQAC se r\u00e9unit pour souligner la rentr\u00e9e - UQACtualit\u00e9s","og_description":"Qui dit rentr\u00e9e universitaire dit aussi rentr\u00e9e pour le personnel de l\u2019UQAC! Ce jeudi, les membres du personnel se sont donn\u00e9 rendez-vous dans le cadre d\u2019un 4 \u00e0 8 convivial, une activit\u00e9 qui s\u2019inscrit dans la programmation de la Rentr\u00e9e. Organis\u00e9e pour souligner le coup d\u2019envoi de la nouvelle ann\u00e9e acad\u00e9mique, cette activit\u00e9 a permis [&hellip;]","og_url":"https:\/\/www.uqac.ca\/uqactualites\/2025\/08\/29\/le-personnel-de-luqac-se-reunit-pour-souligner-la-rentree\/","og_site_name":"UQACtualit\u00e9s","article_published_time":"2025-08-29T18:39:46+00:00","og_image":[{"width":1920,"height":1077,"url":"https:\/\/www.uqac.ca\/uqactualites\/wp-content\/uploads\/2025\/08\/rentree-mduhaime-a25-125.jpg","type":"image\/jpeg"}],"author":"Service des communications et des relations publiques","twitter_card":"summary_large_image","twitter_misc":{"\u00c9crit par":"Service des communications et des relations publiques","Estimation du temps de lecture":"2 minutes"},"schema":{"@context":"https:\/\/schema.org","@graph":[{"@type":"WebPage","@id":"https:\/\/www.uqac.ca\/uqactualites\/2025\/08\/29\/le-personnel-de-luqac-se-reunit-pour-souligner-la-rentree\/","url":"https:\/\/www.uqac.ca\/uqactualites\/2025\/08\/29\/le-personnel-de-luqac-se-reunit-pour-souligner-la-rentree\/","name":"Le personnel de l\u2019UQAC se r\u00e9unit pour souligner la rentr\u00e9e - UQACtualit\u00e9s","isPartOf":{"@id":"https:\/\/www.uqac.ca\/uqactualites\/#website"},"primaryImageOfPage":{"@id":"https:\/\/www.uqac.ca\/uqactualites\/2025\/08\/29\/le-personnel-de-luqac-se-reunit-pour-souligner-la-rentree\/#primaryimage"},"image":{"@id":"https:\/\/www.uqac.ca\/uqactualites\/2025\/08\/29\/le-personnel-de-luqac-se-reunit-pour-souligner-la-rentree\/#primaryimage"},"thumbnailUrl":"https:\/\/www.uqac.ca\/uqactualites\/wp-content\/uploads\/2025\/08\/rentree-mduhaime-a25-125.jpg","datePublished":"2025-08-29T18:39:46+00:00","dateModified":"2025-08-29T18:39:46+00:00","author":{"@id":"https:\/\/www.uqac.ca\/uqactualites\/#\/schema\/person\/366c45a0c4f0e677b41b4af5886e2018"},"breadcrumb":{"@id":"https:\/\/www.uqac.ca\/uqactualites\/2025\/08\/29\/le-personnel-de-luqac-se-reunit-pour-souligner-la-rentree\/#breadcrumb"},"inLanguage":"fr-CA","potentialAction":[{"@type":"ReadAction","target":["https:\/\/www.uqac.ca\/uqactualites\/2025\/08\/29\/le-personnel-de-luqac-se-reunit-pour-souligner-la-rentree\/"]}]},{"@type":"ImageObject","inLanguage":"fr-CA","@id":"https:\/\/www.uqac.ca\/uqactualites\/2025\/08\/29\/le-personnel-de-luqac-se-reunit-pour-souligner-la-rentree\/#primaryimage","url":"https:\/\/www.uqac.ca\/uqactualites\/wp-content\/uploads\/2025\/08\/rentree-mduhaime-a25-125.jpg","contentUrl":"https:\/\/www.uqac.ca\/uqactualites\/wp-content\/uploads\/2025\/08\/rentree-mduhaime-a25-125.jpg","width":1920,"height":1077},{"@type":"BreadcrumbList","@id":"https:\/\/www.uqac.ca\/uqactualites\/2025\/08\/29\/le-personnel-de-luqac-se-reunit-pour-souligner-la-rentree\/#breadcrumb","itemListElement":[{"@type":"ListItem","position":1,"name":"Home","item":"https:\/\/www.uqac.ca\/uqactualites\/"},{"@type":"ListItem","position":2,"name":"Le personnel de l\u2019UQAC se r\u00e9unit pour souligner la rentr\u00e9e"}]},{"@type":"WebSite","@id":"https:\/\/www.uqac.ca\/uqactualites\/#website","url":"https:\/\/www.uqac.ca\/uqactualites\/","name":"UQACtualit\u00e9s","description":"Le portail des nouvelles de l&#039;UQAC","potentialAction":[{"@type":"SearchAction","target":{"@type":"EntryPoint","urlTemplate":"https:\/\/www.uqac.ca\/uqactualites\/?s={search_term_string}"},"query-input":{"@type":"PropertyValueSpecification","valueRequired":true,"valueName":"search_term_string"}}],"inLanguage":"fr-CA"},{"@type":"Person","@id":"https:\/\/www.uqac.ca\/uqactualites\/#\/schema\/person\/366c45a0c4f0e677b41b4af5886e2018","name":"Service des communications et des relations publiques","image":{"@type":"ImageObject","inLanguage":"fr-CA","@id":"https:\/\/www.uqac.ca\/uqactualites\/#\/schema\/person\/image\/","url":"https:\/\/secure.gravatar.com\/avatar\/20fbbda8a292f59f2d3461a5b999c00b?s=96&d=mm&r=g","contentUrl":"https:\/\/secure.gravatar.com\/avatar\/20fbbda8a292f59f2d3461a5b999c00b?s=96&d=mm&r=g","caption":"Service des communications et des relations publiques"},"url":"https:\/\/www.uqac.ca\/uqactualites\/author\/bap\/"}]}},"_links":{"self":[{"href":"https:\/\/www.uqac.ca\/uqactualites\/wp-json\/wp\/v2\/posts\/51496"}],"collection":[{"href":"https:\/\/www.uqac.ca\/uqactualites\/wp-json\/wp\/v2\/posts"}],"about":[{"href":"https:\/\/www.uqac.ca\/uqactualites\/wp-json\/wp\/v2\/types\/post"}],"author":[{"embeddable":true,"href":"https:\/\/www.uqac.ca\/uqactualites\/wp-json\/wp\/v2\/users\/5"}],"replies":[{"embeddable":true,"href":"https:\/\/www.uqac.ca\/uqactualites\/wp-json\/wp\/v2\/comments?post=51496"}],"version-history":[{"count":2,"href":"https:\/\/www.uqac.ca\/uqactualites\/wp-json\/wp\/v2\/posts\/51496\/revisions"}],"predecessor-version":[{"id":51502,"href":"https:\/\/www.uqac.ca\/uqactualites\/wp-json\/wp\/v2\/posts\/51496\/revisions\/51502"}],"wp:featuredmedia":[{"embeddable":true,"href":"https:\/\/www.uqac.ca\/uqactualites\/wp-json\/wp\/v2\/media\/51497"}],"wp:attachment":[{"href":"https:\/\/www.uqac.ca\/uqactualites\/wp-json\/wp\/v2\/media?parent=51496"}],"wp:term":[{"taxonomy":"category","embeddable":true,"href":"https:\/\/www.uqac.ca\/uqactualites\/wp-json\/wp\/v2\/categories?post=51496"},{"taxonomy":"post_tag","embeddable":true,"href":"https:\/\/www.uqac.ca\/uqactualites\/wp-json\/wp\/v2\/tags?post=51496"}],"curies":[{"name":"wp","href":"https:\/\/api.w.org\/{rel}","templated":true}]}}