{"id":51542,"date":"2025-09-10T15:07:21","date_gmt":"2025-09-10T19:07:21","guid":{"rendered":"https:\/\/www.uqac.ca\/uqactualites\/?p=51542"},"modified":"2025-09-11T10:58:51","modified_gmt":"2025-09-11T14:58:51","slug":"la-fuqac-et-gestion-ferique-creent-un-concours-de-bourses-consacre-a-la-communaute-etudiante-en-genie","status":"publish","type":"post","link":"https:\/\/www.uqac.ca\/uqactualites\/2025\/09\/10\/la-fuqac-et-gestion-ferique-creent-un-concours-de-bourses-consacre-a-la-communaute-etudiante-en-genie\/","title":{"rendered":"La FUQAC et Gestion F\u00c9RIQUE cr\u00e9ent un concours de bourses consacr\u00e9 \u00e0 la communaut\u00e9 \u00e9tudiante en g\u00e9nie"},"content":{"rendered":"<p>Un nouveau partenariat conclu entre la <strong><a href=\"https:\/\/fuqac.ca\/\" target=\"_blank\" rel=\"noopener\">Fondation de l\u2019UQAC (FUQAC)<\/a><\/strong> et Gestion F\u00c9RIQUE a permis la cr\u00e9ation d\u2019un concours visant \u00e0 souligner la cr\u00e9ativit\u00e9 et l\u2019ing\u00e9niosit\u00e9 de la communaut\u00e9 \u00e9tudiante en g\u00e9nie de l\u2019UQAC. Gestion F\u00c9RIQUE est un OBNL ayant pour objectif d\u2019acc\u00e9l\u00e9rer l\u2019autonomie financi\u00e8re des dipl\u00f4m\u00e9es et dipl\u00f4m\u00e9s, des personnes \u00e9tudiantes, et des professionnels et professionnelles en g\u00e9nie.<\/p>\n<p>Trois bourses de 1 500 $ seront remises annuellement aux \u00e9quipes \u00e9tudiantes ayant soumis leur projet de synth\u00e8se dans l\u2019une des trois cat\u00e9gories suivantes : D\u00e9veloppement durable, Sant\u00e9-s\u00e9curit\u00e9 et protection du public et Gestion de projet.<\/p>\n<p>Le vendredi 5 septembre dernier a eu lieu une activit\u00e9 visant \u00e0 remettre les trois premi\u00e8res bourses de ce nouveau concours. Pour souligner cette r\u00e9ussite, la FUQAC \u00e9tait accompagn\u00e9e de Nicolas Samaan, vice-pr\u00e9sident d\u00e9veloppement des affaires chez Gestion F\u00c9RIQUE, <a href=\"https:\/\/portfolio.uqac.ca\/kadiataba\/\" target=\"_blank\" rel=\"noopener\"><strong>Kadiata Ba<\/strong><\/a>, professeure et directrice du module d\u2019ing\u00e9nierie de l\u2019UQAC, <strong><a href=\"https:\/\/portfolio.uqac.ca\/reneelucesimard\/\" target=\"_blank\" rel=\"noopener\">Ren\u00e9e-Luce Simard<\/a><\/strong>, professeure et directrice par int\u00e9rim de l\u2019Unit\u00e9 d\u2019enseignement en sciences de la Terre de l\u2019UQAC et Serge Desbiens, coordonnateur de stages et des projets de synth\u00e8se, ainsi que de nombreux \u00e9tudiants et \u00e9tudiantes des programmes de g\u00e9nie.<\/p>\n<p>F\u00e9licitations aux r\u00e9cipiendaires de ces bourses :<\/p>\n<h5>Cat\u00e9gorie D\u00e9veloppement durable<\/h5>\n<p><u>Projet de conception d\u2019une caserne de pompier \u00e0 Mashteuiatsh<br \/>\n<\/u>R\u00e9cipiendaires: No\u00e9mie Girard, Samuel Paquet, Maxime Lapointe et Xavier Larouche<\/p>\n<figure id=\"attachment_51554\" aria-describedby=\"caption-attachment-51554\" style=\"width: 300px\" class=\"wp-caption alignnone\"><img loading=\"lazy\" decoding=\"async\" class=\"wp-image-51554 size-medium\" src=\"https:\/\/www.uqac.ca\/uqactualites\/wp-content\/uploads\/2025\/09\/Laureats_Developpement-durable-300x225.jpg\" alt=\"\" width=\"300\" height=\"225\" srcset=\"https:\/\/www.uqac.ca\/uqactualites\/wp-content\/uploads\/2025\/09\/Laureats_Developpement-durable-300x225.jpg 300w, https:\/\/www.uqac.ca\/uqactualites\/wp-content\/uploads\/2025\/09\/Laureats_Developpement-durable-1024x767.jpg 1024w, https:\/\/www.uqac.ca\/uqactualites\/wp-content\/uploads\/2025\/09\/Laureats_Developpement-durable-768x575.jpg 768w, https:\/\/www.uqac.ca\/uqactualites\/wp-content\/uploads\/2025\/09\/Laureats_Developpement-durable-150x112.jpg 150w, https:\/\/www.uqac.ca\/uqactualites\/wp-content\/uploads\/2025\/09\/Laureats_Developpement-durable-696x521.jpg 696w, https:\/\/www.uqac.ca\/uqactualites\/wp-content\/uploads\/2025\/09\/Laureats_Developpement-durable-1068x800.jpg 1068w, https:\/\/www.uqac.ca\/uqactualites\/wp-content\/uploads\/2025\/09\/Laureats_Developpement-durable.jpg 1200w\" sizes=\"(max-width: 300px) 100vw, 300px\" \/><figcaption id=\"caption-attachment-51554\" class=\"wp-caption-text\">Sur la photo: Ren\u00e9-Luce Simard, Kadiata Ba, Nicolas Samaan, No\u00e9mie Girard et Samuel Paquet<\/figcaption><\/figure>\n<h5>Cat\u00e9gorie Sant\u00e9-s\u00e9curit\u00e9 et protection du public<\/h5>\n<p><u>Projet de d\u00e9veloppement d\u2019un outil num\u00e9rique d\u2019aide au diagnostic m\u00e9dical<br \/>\n<\/u>R\u00e9cipiendaires: Lou de Montigny, Louis Ouellette et Christophe B. Lazure<\/p>\n<figure id=\"attachment_51552\" aria-describedby=\"caption-attachment-51552\" style=\"width: 300px\" class=\"wp-caption alignnone\"><img loading=\"lazy\" decoding=\"async\" class=\"wp-image-51552 size-medium\" src=\"https:\/\/www.uqac.ca\/uqactualites\/wp-content\/uploads\/2025\/09\/Laureats_Sante-securite-300x225.jpg\" alt=\"\" width=\"300\" height=\"225\" srcset=\"https:\/\/www.uqac.ca\/uqactualites\/wp-content\/uploads\/2025\/09\/Laureats_Sante-securite-300x225.jpg 300w, https:\/\/www.uqac.ca\/uqactualites\/wp-content\/uploads\/2025\/09\/Laureats_Sante-securite-1024x768.jpg 1024w, https:\/\/www.uqac.ca\/uqactualites\/wp-content\/uploads\/2025\/09\/Laureats_Sante-securite-768x576.jpg 768w, https:\/\/www.uqac.ca\/uqactualites\/wp-content\/uploads\/2025\/09\/Laureats_Sante-securite-150x113.jpg 150w, https:\/\/www.uqac.ca\/uqactualites\/wp-content\/uploads\/2025\/09\/Laureats_Sante-securite-696x522.jpg 696w, https:\/\/www.uqac.ca\/uqactualites\/wp-content\/uploads\/2025\/09\/Laureats_Sante-securite-1068x801.jpg 1068w, https:\/\/www.uqac.ca\/uqactualites\/wp-content\/uploads\/2025\/09\/Laureats_Sante-securite.jpg 1200w\" sizes=\"(max-width: 300px) 100vw, 300px\" \/><figcaption id=\"caption-attachment-51552\" class=\"wp-caption-text\">Sur la photo: Ren\u00e9-Luce Simard, Kadiata Ba, Nicolas Samaan, Lou de Montigny et Louis Ouellet<\/figcaption><\/figure>\n<h5>Cat\u00e9gorie Gestion de projet<\/h5>\n<p><u>Projet de conception d\u2019une pale de rotor d\u2019h\u00e9licopt\u00e8re avec bord d\u2019attaque interchangeable<\/u><br \/>\nR\u00e9cipiendaires: \u00c9tienne Larouche, Julia Bergeron et J\u00e9r\u00f4me Pearson<\/p>\n<figure id=\"attachment_51553\" aria-describedby=\"caption-attachment-51553\" style=\"width: 300px\" class=\"wp-caption alignnone\"><img loading=\"lazy\" decoding=\"async\" class=\"wp-image-51553 size-medium\" src=\"https:\/\/www.uqac.ca\/uqactualites\/wp-content\/uploads\/2025\/09\/Laureats_Gestion-de-projet-300x225.jpg\" alt=\"\" width=\"300\" height=\"225\" srcset=\"https:\/\/www.uqac.ca\/uqactualites\/wp-content\/uploads\/2025\/09\/Laureats_Gestion-de-projet-300x225.jpg 300w, https:\/\/www.uqac.ca\/uqactualites\/wp-content\/uploads\/2025\/09\/Laureats_Gestion-de-projet-1024x768.jpg 1024w, https:\/\/www.uqac.ca\/uqactualites\/wp-content\/uploads\/2025\/09\/Laureats_Gestion-de-projet-768x576.jpg 768w, https:\/\/www.uqac.ca\/uqactualites\/wp-content\/uploads\/2025\/09\/Laureats_Gestion-de-projet-150x113.jpg 150w, https:\/\/www.uqac.ca\/uqactualites\/wp-content\/uploads\/2025\/09\/Laureats_Gestion-de-projet-696x522.jpg 696w, https:\/\/www.uqac.ca\/uqactualites\/wp-content\/uploads\/2025\/09\/Laureats_Gestion-de-projet-1068x801.jpg 1068w, https:\/\/www.uqac.ca\/uqactualites\/wp-content\/uploads\/2025\/09\/Laureats_Gestion-de-projet.jpg 1200w\" sizes=\"(max-width: 300px) 100vw, 300px\" \/><figcaption id=\"caption-attachment-51553\" class=\"wp-caption-text\">Sur la photo: Ren\u00e9-Luce Simard, Kadiata Ba, Nicolas Samaan, Julia Bergeron et J\u00e9r\u00f4me Pearson<\/figcaption><\/figure>\n<p>Enfin, Gestion F\u00c9RIQUE a aussi conclu une entente visant la cr\u00e9ation d\u2019une nouvelle bourse de soutien \u00e0 la r\u00e9ussite de 2 000 $ qui sera attribu\u00e9e \u00e0 une personne \u00e9tudiant \u00e0 temps complet dans l\u2019un des baccalaur\u00e9ats en g\u00e9nie de l&rsquo;UQAC. Le concours de bourses d\u2019excellence de la Fondation, lequel inclut cette nouvelle bourse, sera en affichage cet automne. Les \u00e9tudiantes et \u00e9tudiants des baccalaur\u00e9ats en g\u00e9nie sont invit\u00e9s \u00e0 surveiller <strong><a href=\"https:\/\/fuqac.ca\/bourses-portail\/\" target=\"_blank\" rel=\"noopener\">le portail des bourses de la FUQAC<\/a><\/strong> pour le d\u00e9p\u00f4t de leur candidature.<\/p>\n","protected":false},"excerpt":{"rendered":"<p>Un nouveau partenariat conclu entre la Fondation de l\u2019UQAC (FUQAC) et Gestion F\u00c9RIQUE a permis la cr\u00e9ation d\u2019un concours visant \u00e0 souligner la cr\u00e9ativit\u00e9 et l\u2019ing\u00e9niosit\u00e9 de la communaut\u00e9 \u00e9tudiante en g\u00e9nie de l\u2019UQAC. Gestion F\u00c9RIQUE est un OBNL ayant pour objectif d\u2019acc\u00e9l\u00e9rer l\u2019autonomie financi\u00e8re des dipl\u00f4m\u00e9es et dipl\u00f4m\u00e9s, des personnes \u00e9tudiantes, et des professionnels [&hellip;]<\/p>\n","protected":false},"author":5,"featured_media":51543,"comment_status":"closed","ping_status":"open","sticky":false,"template":"","format":"standard","meta":{"footnotes":""},"categories":[2795,2854,9],"tags":[21,49],"yoast_head":"<!-- This site is optimized with the Yoast SEO plugin v24.2 - https:\/\/yoast.com\/wordpress\/plugins\/seo\/ -->\r\n<title>La FUQAC et Gestion F\u00c9RIQUE cr\u00e9ent un concours de bourses consacr\u00e9 \u00e0 la communaut\u00e9 \u00e9tudiante en g\u00e9nie - UQACtualit\u00e9s<\/title>\r\n<meta name=\"robots\" content=\"index, follow, max-snippet:-1, max-image-preview:large, max-video-preview:-1\" \/>\r\n<link rel=\"canonical\" href=\"https:\/\/www.uqac.ca\/uqactualites\/2025\/09\/10\/la-fuqac-et-gestion-ferique-creent-un-concours-de-bourses-consacre-a-la-communaute-etudiante-en-genie\/\" \/>\r\n<meta property=\"og:locale\" content=\"fr_CA\" \/>\r\n<meta property=\"og:type\" content=\"article\" \/>\r\n<meta property=\"og:title\" content=\"La FUQAC et Gestion F\u00c9RIQUE cr\u00e9ent un concours de bourses consacr\u00e9 \u00e0 la communaut\u00e9 \u00e9tudiante en g\u00e9nie - UQACtualit\u00e9s\" \/>\r\n<meta property=\"og:description\" content=\"Un nouveau partenariat conclu entre la Fondation de l\u2019UQAC (FUQAC) et Gestion F\u00c9RIQUE a permis la cr\u00e9ation d\u2019un concours visant \u00e0 souligner la cr\u00e9ativit\u00e9 et l\u2019ing\u00e9niosit\u00e9 de la communaut\u00e9 \u00e9tudiante en g\u00e9nie de l\u2019UQAC. Gestion F\u00c9RIQUE est un OBNL ayant pour objectif d\u2019acc\u00e9l\u00e9rer l\u2019autonomie financi\u00e8re des dipl\u00f4m\u00e9es et dipl\u00f4m\u00e9s, des personnes \u00e9tudiantes, et des professionnels [&hellip;]\" \/>\r\n<meta property=\"og:url\" content=\"https:\/\/www.uqac.ca\/uqactualites\/2025\/09\/10\/la-fuqac-et-gestion-ferique-creent-un-concours-de-bourses-consacre-a-la-communaute-etudiante-en-genie\/\" \/>\r\n<meta property=\"og:site_name\" content=\"UQACtualit\u00e9s\" \/>\r\n<meta property=\"article:published_time\" content=\"2025-09-10T19:07:21+00:00\" \/>\r\n<meta property=\"article:modified_time\" content=\"2025-09-11T14:58:51+00:00\" \/>\r\n<meta property=\"og:image\" content=\"https:\/\/www.uqac.ca\/uqactualites\/wp-content\/uploads\/2025\/09\/Concours-FUQAC.png\" \/>\r\n\t<meta property=\"og:image:width\" content=\"1920\" \/>\r\n\t<meta property=\"og:image:height\" content=\"1080\" \/>\r\n\t<meta property=\"og:image:type\" content=\"image\/png\" \/>\r\n<meta name=\"author\" content=\"Service des communications et des relations publiques\" \/>\r\n<meta name=\"twitter:card\" content=\"summary_large_image\" \/>\r\n<meta name=\"twitter:label1\" content=\"\u00c9crit par\" \/>\n\t<meta name=\"twitter:data1\" content=\"Service des communications et des relations publiques\" \/>\n\t<meta name=\"twitter:label2\" content=\"Estimation du temps de lecture\" \/>\n\t<meta name=\"twitter:data2\" content=\"3 minutes\" \/>\r\n<script type=\"application\/ld+json\" class=\"yoast-schema-graph\">{\"@context\":\"https:\/\/schema.org\",\"@graph\":[{\"@type\":\"WebPage\",\"@id\":\"https:\/\/www.uqac.ca\/uqactualites\/2025\/09\/10\/la-fuqac-et-gestion-ferique-creent-un-concours-de-bourses-consacre-a-la-communaute-etudiante-en-genie\/\",\"url\":\"https:\/\/www.uqac.ca\/uqactualites\/2025\/09\/10\/la-fuqac-et-gestion-ferique-creent-un-concours-de-bourses-consacre-a-la-communaute-etudiante-en-genie\/\",\"name\":\"La FUQAC et Gestion F\u00c9RIQUE cr\u00e9ent un concours de bourses consacr\u00e9 \u00e0 la communaut\u00e9 \u00e9tudiante en g\u00e9nie - UQACtualit\u00e9s\",\"isPartOf\":{\"@id\":\"https:\/\/www.uqac.ca\/uqactualites\/#website\"},\"primaryImageOfPage\":{\"@id\":\"https:\/\/www.uqac.ca\/uqactualites\/2025\/09\/10\/la-fuqac-et-gestion-ferique-creent-un-concours-de-bourses-consacre-a-la-communaute-etudiante-en-genie\/#primaryimage\"},\"image\":{\"@id\":\"https:\/\/www.uqac.ca\/uqactualites\/2025\/09\/10\/la-fuqac-et-gestion-ferique-creent-un-concours-de-bourses-consacre-a-la-communaute-etudiante-en-genie\/#primaryimage\"},\"thumbnailUrl\":\"https:\/\/www.uqac.ca\/uqactualites\/wp-content\/uploads\/2025\/09\/Concours-FUQAC.png\",\"datePublished\":\"2025-09-10T19:07:21+00:00\",\"dateModified\":\"2025-09-11T14:58:51+00:00\",\"author\":{\"@id\":\"https:\/\/www.uqac.ca\/uqactualites\/#\/schema\/person\/366c45a0c4f0e677b41b4af5886e2018\"},\"breadcrumb\":{\"@id\":\"https:\/\/www.uqac.ca\/uqactualites\/2025\/09\/10\/la-fuqac-et-gestion-ferique-creent-un-concours-de-bourses-consacre-a-la-communaute-etudiante-en-genie\/#breadcrumb\"},\"inLanguage\":\"fr-CA\",\"potentialAction\":[{\"@type\":\"ReadAction\",\"target\":[\"https:\/\/www.uqac.ca\/uqactualites\/2025\/09\/10\/la-fuqac-et-gestion-ferique-creent-un-concours-de-bourses-consacre-a-la-communaute-etudiante-en-genie\/\"]}]},{\"@type\":\"ImageObject\",\"inLanguage\":\"fr-CA\",\"@id\":\"https:\/\/www.uqac.ca\/uqactualites\/2025\/09\/10\/la-fuqac-et-gestion-ferique-creent-un-concours-de-bourses-consacre-a-la-communaute-etudiante-en-genie\/#primaryimage\",\"url\":\"https:\/\/www.uqac.ca\/uqactualites\/wp-content\/uploads\/2025\/09\/Concours-FUQAC.png\",\"contentUrl\":\"https:\/\/www.uqac.ca\/uqactualites\/wp-content\/uploads\/2025\/09\/Concours-FUQAC.png\",\"width\":1920,\"height\":1080},{\"@type\":\"BreadcrumbList\",\"@id\":\"https:\/\/www.uqac.ca\/uqactualites\/2025\/09\/10\/la-fuqac-et-gestion-ferique-creent-un-concours-de-bourses-consacre-a-la-communaute-etudiante-en-genie\/#breadcrumb\",\"itemListElement\":[{\"@type\":\"ListItem\",\"position\":1,\"name\":\"Home\",\"item\":\"https:\/\/www.uqac.ca\/uqactualites\/\"},{\"@type\":\"ListItem\",\"position\":2,\"name\":\"La FUQAC et Gestion F\u00c9RIQUE cr\u00e9ent un concours de bourses consacr\u00e9 \u00e0 la communaut\u00e9 \u00e9tudiante en g\u00e9nie\"}]},{\"@type\":\"WebSite\",\"@id\":\"https:\/\/www.uqac.ca\/uqactualites\/#website\",\"url\":\"https:\/\/www.uqac.ca\/uqactualites\/\",\"name\":\"UQACtualit\u00e9s\",\"description\":\"Le portail des nouvelles de l&#039;UQAC\",\"potentialAction\":[{\"@type\":\"SearchAction\",\"target\":{\"@type\":\"EntryPoint\",\"urlTemplate\":\"https:\/\/www.uqac.ca\/uqactualites\/?s={search_term_string}\"},\"query-input\":{\"@type\":\"PropertyValueSpecification\",\"valueRequired\":true,\"valueName\":\"search_term_string\"}}],\"inLanguage\":\"fr-CA\"},{\"@type\":\"Person\",\"@id\":\"https:\/\/www.uqac.ca\/uqactualites\/#\/schema\/person\/366c45a0c4f0e677b41b4af5886e2018\",\"name\":\"Service des communications et des relations publiques\",\"image\":{\"@type\":\"ImageObject\",\"inLanguage\":\"fr-CA\",\"@id\":\"https:\/\/www.uqac.ca\/uqactualites\/#\/schema\/person\/image\/\",\"url\":\"https:\/\/secure.gravatar.com\/avatar\/20fbbda8a292f59f2d3461a5b999c00b?s=96&d=mm&r=g\",\"contentUrl\":\"https:\/\/secure.gravatar.com\/avatar\/20fbbda8a292f59f2d3461a5b999c00b?s=96&d=mm&r=g\",\"caption\":\"Service des communications et des relations publiques\"},\"url\":\"https:\/\/www.uqac.ca\/uqactualites\/author\/bap\/\"}]}<\/script>\r\n<!-- \/ Yoast SEO plugin. -->","yoast_head_json":{"title":"La FUQAC et Gestion F\u00c9RIQUE cr\u00e9ent un concours de bourses consacr\u00e9 \u00e0 la communaut\u00e9 \u00e9tudiante en g\u00e9nie - UQACtualit\u00e9s","robots":{"index":"index","follow":"follow","max-snippet":"max-snippet:-1","max-image-preview":"max-image-preview:large","max-video-preview":"max-video-preview:-1"},"canonical":"https:\/\/www.uqac.ca\/uqactualites\/2025\/09\/10\/la-fuqac-et-gestion-ferique-creent-un-concours-de-bourses-consacre-a-la-communaute-etudiante-en-genie\/","og_locale":"fr_CA","og_type":"article","og_title":"La FUQAC et Gestion F\u00c9RIQUE cr\u00e9ent un concours de bourses consacr\u00e9 \u00e0 la communaut\u00e9 \u00e9tudiante en g\u00e9nie - UQACtualit\u00e9s","og_description":"Un nouveau partenariat conclu entre la Fondation de l\u2019UQAC (FUQAC) et Gestion F\u00c9RIQUE a permis la cr\u00e9ation d\u2019un concours visant \u00e0 souligner la cr\u00e9ativit\u00e9 et l\u2019ing\u00e9niosit\u00e9 de la communaut\u00e9 \u00e9tudiante en g\u00e9nie de l\u2019UQAC. Gestion F\u00c9RIQUE est un OBNL ayant pour objectif d\u2019acc\u00e9l\u00e9rer l\u2019autonomie financi\u00e8re des dipl\u00f4m\u00e9es et dipl\u00f4m\u00e9s, des personnes \u00e9tudiantes, et des professionnels [&hellip;]","og_url":"https:\/\/www.uqac.ca\/uqactualites\/2025\/09\/10\/la-fuqac-et-gestion-ferique-creent-un-concours-de-bourses-consacre-a-la-communaute-etudiante-en-genie\/","og_site_name":"UQACtualit\u00e9s","article_published_time":"2025-09-10T19:07:21+00:00","article_modified_time":"2025-09-11T14:58:51+00:00","og_image":[{"width":1920,"height":1080,"url":"https:\/\/www.uqac.ca\/uqactualites\/wp-content\/uploads\/2025\/09\/Concours-FUQAC.png","type":"image\/png"}],"author":"Service des communications et des relations publiques","twitter_card":"summary_large_image","twitter_misc":{"\u00c9crit par":"Service des communications et des relations publiques","Estimation du temps de lecture":"3 minutes"},"schema":{"@context":"https:\/\/schema.org","@graph":[{"@type":"WebPage","@id":"https:\/\/www.uqac.ca\/uqactualites\/2025\/09\/10\/la-fuqac-et-gestion-ferique-creent-un-concours-de-bourses-consacre-a-la-communaute-etudiante-en-genie\/","url":"https:\/\/www.uqac.ca\/uqactualites\/2025\/09\/10\/la-fuqac-et-gestion-ferique-creent-un-concours-de-bourses-consacre-a-la-communaute-etudiante-en-genie\/","name":"La FUQAC et Gestion F\u00c9RIQUE cr\u00e9ent un concours de bourses consacr\u00e9 \u00e0 la communaut\u00e9 \u00e9tudiante en g\u00e9nie - UQACtualit\u00e9s","isPartOf":{"@id":"https:\/\/www.uqac.ca\/uqactualites\/#website"},"primaryImageOfPage":{"@id":"https:\/\/www.uqac.ca\/uqactualites\/2025\/09\/10\/la-fuqac-et-gestion-ferique-creent-un-concours-de-bourses-consacre-a-la-communaute-etudiante-en-genie\/#primaryimage"},"image":{"@id":"https:\/\/www.uqac.ca\/uqactualites\/2025\/09\/10\/la-fuqac-et-gestion-ferique-creent-un-concours-de-bourses-consacre-a-la-communaute-etudiante-en-genie\/#primaryimage"},"thumbnailUrl":"https:\/\/www.uqac.ca\/uqactualites\/wp-content\/uploads\/2025\/09\/Concours-FUQAC.png","datePublished":"2025-09-10T19:07:21+00:00","dateModified":"2025-09-11T14:58:51+00:00","author":{"@id":"https:\/\/www.uqac.ca\/uqactualites\/#\/schema\/person\/366c45a0c4f0e677b41b4af5886e2018"},"breadcrumb":{"@id":"https:\/\/www.uqac.ca\/uqactualites\/2025\/09\/10\/la-fuqac-et-gestion-ferique-creent-un-concours-de-bourses-consacre-a-la-communaute-etudiante-en-genie\/#breadcrumb"},"inLanguage":"fr-CA","potentialAction":[{"@type":"ReadAction","target":["https:\/\/www.uqac.ca\/uqactualites\/2025\/09\/10\/la-fuqac-et-gestion-ferique-creent-un-concours-de-bourses-consacre-a-la-communaute-etudiante-en-genie\/"]}]},{"@type":"ImageObject","inLanguage":"fr-CA","@id":"https:\/\/www.uqac.ca\/uqactualites\/2025\/09\/10\/la-fuqac-et-gestion-ferique-creent-un-concours-de-bourses-consacre-a-la-communaute-etudiante-en-genie\/#primaryimage","url":"https:\/\/www.uqac.ca\/uqactualites\/wp-content\/uploads\/2025\/09\/Concours-FUQAC.png","contentUrl":"https:\/\/www.uqac.ca\/uqactualites\/wp-content\/uploads\/2025\/09\/Concours-FUQAC.png","width":1920,"height":1080},{"@type":"BreadcrumbList","@id":"https:\/\/www.uqac.ca\/uqactualites\/2025\/09\/10\/la-fuqac-et-gestion-ferique-creent-un-concours-de-bourses-consacre-a-la-communaute-etudiante-en-genie\/#breadcrumb","itemListElement":[{"@type":"ListItem","position":1,"name":"Home","item":"https:\/\/www.uqac.ca\/uqactualites\/"},{"@type":"ListItem","position":2,"name":"La FUQAC et Gestion F\u00c9RIQUE cr\u00e9ent un concours de bourses consacr\u00e9 \u00e0 la communaut\u00e9 \u00e9tudiante en g\u00e9nie"}]},{"@type":"WebSite","@id":"https:\/\/www.uqac.ca\/uqactualites\/#website","url":"https:\/\/www.uqac.ca\/uqactualites\/","name":"UQACtualit\u00e9s","description":"Le portail des nouvelles de l&#039;UQAC","potentialAction":[{"@type":"SearchAction","target":{"@type":"EntryPoint","urlTemplate":"https:\/\/www.uqac.ca\/uqactualites\/?s={search_term_string}"},"query-input":{"@type":"PropertyValueSpecification","valueRequired":true,"valueName":"search_term_string"}}],"inLanguage":"fr-CA"},{"@type":"Person","@id":"https:\/\/www.uqac.ca\/uqactualites\/#\/schema\/person\/366c45a0c4f0e677b41b4af5886e2018","name":"Service des communications et des relations publiques","image":{"@type":"ImageObject","inLanguage":"fr-CA","@id":"https:\/\/www.uqac.ca\/uqactualites\/#\/schema\/person\/image\/","url":"https:\/\/secure.gravatar.com\/avatar\/20fbbda8a292f59f2d3461a5b999c00b?s=96&d=mm&r=g","contentUrl":"https:\/\/secure.gravatar.com\/avatar\/20fbbda8a292f59f2d3461a5b999c00b?s=96&d=mm&r=g","caption":"Service des communications et des relations publiques"},"url":"https:\/\/www.uqac.ca\/uqactualites\/author\/bap\/"}]}},"_links":{"self":[{"href":"https:\/\/www.uqac.ca\/uqactualites\/wp-json\/wp\/v2\/posts\/51542"}],"collection":[{"href":"https:\/\/www.uqac.ca\/uqactualites\/wp-json\/wp\/v2\/posts"}],"about":[{"href":"https:\/\/www.uqac.ca\/uqactualites\/wp-json\/wp\/v2\/types\/post"}],"author":[{"embeddable":true,"href":"https:\/\/www.uqac.ca\/uqactualites\/wp-json\/wp\/v2\/users\/5"}],"replies":[{"embeddable":true,"href":"https:\/\/www.uqac.ca\/uqactualites\/wp-json\/wp\/v2\/comments?post=51542"}],"version-history":[{"count":13,"href":"https:\/\/www.uqac.ca\/uqactualites\/wp-json\/wp\/v2\/posts\/51542\/revisions"}],"predecessor-version":[{"id":51577,"href":"https:\/\/www.uqac.ca\/uqactualites\/wp-json\/wp\/v2\/posts\/51542\/revisions\/51577"}],"wp:featuredmedia":[{"embeddable":true,"href":"https:\/\/www.uqac.ca\/uqactualites\/wp-json\/wp\/v2\/media\/51543"}],"wp:attachment":[{"href":"https:\/\/www.uqac.ca\/uqactualites\/wp-json\/wp\/v2\/media?parent=51542"}],"wp:term":[{"taxonomy":"category","embeddable":true,"href":"https:\/\/www.uqac.ca\/uqactualites\/wp-json\/wp\/v2\/categories?post=51542"},{"taxonomy":"post_tag","embeddable":true,"href":"https:\/\/www.uqac.ca\/uqactualites\/wp-json\/wp\/v2\/tags?post=51542"}],"curies":[{"name":"wp","href":"https:\/\/api.w.org\/{rel}","templated":true}]}}