{"id":51611,"date":"2025-09-18T16:03:32","date_gmt":"2025-09-18T20:03:32","guid":{"rendered":"https:\/\/www.uqac.ca\/uqactualites\/?p=51611"},"modified":"2025-09-18T16:03:32","modified_gmt":"2025-09-18T20:03:32","slug":"decouvrez-loffre-de-formations-50-de-lautomne","status":"publish","type":"post","link":"https:\/\/www.uqac.ca\/uqactualites\/2025\/09\/18\/decouvrez-loffre-de-formations-50-de-lautomne\/","title":{"rendered":"D\u00e9couvrez l&rsquo;offre de formations 50+ de l&rsquo;automne"},"content":{"rendered":"<p>Le 18 septembre dernier, la Formation continue de l\u2019UQAC a pr\u00e9sent\u00e9 une conf\u00e9rence gratuite \u00e0 titre de lancement de l\u2019offre de formation de l\u2019automne destin\u00e9e aux personnes de 50 ans et plus. L\u2019int\u00e9r\u00eat qu\u2019a suscit\u00e9 la conf\u00e9rence du professeur en g\u00e9n\u00e9tique de l\u2019UQAC, Simon Girard, illustre bien \u00e0 quel point l\u2019apprentissage est une aventure qui ne conna\u00eet pas de fronti\u00e8res d\u2019\u00e2ge.<\/p>\n<p>L\u2019Universit\u00e9 du troisi\u00e8me \u00e2ge (UTA) de l\u2019UQAC, pilot\u00e9 par la Formation continue, propose des formations accessibles, stimulantes et conviviales, sp\u00e9cialement con\u00e7ues pour les personnes de 50 ans et plus qui souhaitent nourrir leur curiosit\u00e9 intellectuelle, demeurer actives et engag\u00e9es dans leur communaut\u00e9.<\/p>\n<p>D\u00e9couvrez la programmation diversifi\u00e9e de formations 50+ de l\u2019automne. Les places sont limit\u00e9es, inscrivez-vous rapidement!<\/p>\n<h5><a href=\"https:\/\/formationcontinue.uqac.ca\/histoire-economique-des-regions-et-perspectives-davenir-2050-50\/\">Histoire \u00e9conomique des<\/a><a href=\"https:\/\/formationcontinue.uqac.ca\/histoire-economique-des-regions-et-perspectives-davenir-2050-50\/\"> r\u00e9gions et perspectives d\u2019avenir 2050<\/a><\/h5>\n<p><a href=\"https:\/\/formationcontinue.uqac.ca\/histoire-economique-des-regions-et-perspectives-davenir-2050-50\/\" target=\"_blank\" rel=\"noopener\"><img loading=\"lazy\" decoding=\"async\" class=\"alignleft wp-image-51612 size-thumbnail\" src=\"https:\/\/www.uqac.ca\/uqactualites\/wp-content\/uploads\/2025\/09\/NUM_FC_HistoireEconomiqueSLSJE25_Instg-Fbk-LinkCarr-1080x1080-08-150x150.jpg\" alt=\"\" width=\"150\" height=\"150\" srcset=\"https:\/\/www.uqac.ca\/uqactualites\/wp-content\/uploads\/2025\/09\/NUM_FC_HistoireEconomiqueSLSJE25_Instg-Fbk-LinkCarr-1080x1080-08-150x150.jpg 150w, https:\/\/www.uqac.ca\/uqactualites\/wp-content\/uploads\/2025\/09\/NUM_FC_HistoireEconomiqueSLSJE25_Instg-Fbk-LinkCarr-1080x1080-08-300x300.jpg 300w, https:\/\/www.uqac.ca\/uqactualites\/wp-content\/uploads\/2025\/09\/NUM_FC_HistoireEconomiqueSLSJE25_Instg-Fbk-LinkCarr-1080x1080-08-1024x1024.jpg 1024w, https:\/\/www.uqac.ca\/uqactualites\/wp-content\/uploads\/2025\/09\/NUM_FC_HistoireEconomiqueSLSJE25_Instg-Fbk-LinkCarr-1080x1080-08-768x768.jpg 768w, https:\/\/www.uqac.ca\/uqactualites\/wp-content\/uploads\/2025\/09\/NUM_FC_HistoireEconomiqueSLSJE25_Instg-Fbk-LinkCarr-1080x1080-08-696x696.jpg 696w, https:\/\/www.uqac.ca\/uqactualites\/wp-content\/uploads\/2025\/09\/NUM_FC_HistoireEconomiqueSLSJE25_Instg-Fbk-LinkCarr-1080x1080-08-1068x1068.jpg 1068w, https:\/\/www.uqac.ca\/uqactualites\/wp-content\/uploads\/2025\/09\/NUM_FC_HistoireEconomiqueSLSJE25_Instg-Fbk-LinkCarr-1080x1080-08.jpg 1080w\" sizes=\"(max-width: 150px) 100vw, 150px\" \/><\/a>Portrait des grands cycles et contrecycles qui ont marqu\u00e9 l\u2019\u00e9volution des r\u00e9gions du Qu\u00e9bec, en particulier du Saguenay\u2013Lac-Saint-Jean. La formation exposera les facteurs qui ont permis le d\u00e9collage \u00e9conomique fulgurant des r\u00e9gions, illustr\u00e9 notamment par l\u2019\u00e9mergence rapide des \u00abvilles champignons\u00bb, la construction d\u2019importantes infrastructures, la livraison massive de mati\u00e8res premi\u00e8res sur le march\u00e9, l\u2019explosion d\u00e9mographique et les gains en qualit\u00e9 de vie.<\/p>\n<p>Formateur\u00a0: Marc-Urbain Proulx, professeur UQAC<br \/>\nLieu\u00a0: UQAC, campus de Saguenay<\/p>\n<hr \/>\n<h5><a href=\"https:\/\/formationcontinue.uqac.ca\/comprendre-lart-perspectives-philosophiques-et-historiques-50\/\">Comprendre l\u2019art : perspectives philosophiques et historiques<\/a><\/h5>\n<p><a href=\"https:\/\/formationcontinue.uqac.ca\/comprendre-lart-perspectives-philosophiques-et-historiques-50\/\" target=\"_blank\" rel=\"noopener\"><img loading=\"lazy\" decoding=\"async\" class=\"wp-image-51614 size-thumbnail alignleft\" src=\"https:\/\/www.uqac.ca\/uqactualites\/wp-content\/uploads\/2025\/09\/NUM_FC_ComprendreArtE25_Instg-Fbk-LinkCarr-1080x1080-08-150x150.jpg\" alt=\"\" width=\"150\" height=\"150\" srcset=\"https:\/\/www.uqac.ca\/uqactualites\/wp-content\/uploads\/2025\/09\/NUM_FC_ComprendreArtE25_Instg-Fbk-LinkCarr-1080x1080-08-150x150.jpg 150w, https:\/\/www.uqac.ca\/uqactualites\/wp-content\/uploads\/2025\/09\/NUM_FC_ComprendreArtE25_Instg-Fbk-LinkCarr-1080x1080-08-300x300.jpg 300w, https:\/\/www.uqac.ca\/uqactualites\/wp-content\/uploads\/2025\/09\/NUM_FC_ComprendreArtE25_Instg-Fbk-LinkCarr-1080x1080-08-1024x1024.jpg 1024w, https:\/\/www.uqac.ca\/uqactualites\/wp-content\/uploads\/2025\/09\/NUM_FC_ComprendreArtE25_Instg-Fbk-LinkCarr-1080x1080-08-768x768.jpg 768w, https:\/\/www.uqac.ca\/uqactualites\/wp-content\/uploads\/2025\/09\/NUM_FC_ComprendreArtE25_Instg-Fbk-LinkCarr-1080x1080-08-696x696.jpg 696w, https:\/\/www.uqac.ca\/uqactualites\/wp-content\/uploads\/2025\/09\/NUM_FC_ComprendreArtE25_Instg-Fbk-LinkCarr-1080x1080-08-1068x1068.jpg 1068w, https:\/\/www.uqac.ca\/uqactualites\/wp-content\/uploads\/2025\/09\/NUM_FC_ComprendreArtE25_Instg-Fbk-LinkCarr-1080x1080-08.jpg 1080w\" sizes=\"(max-width: 150px) 100vw, 150px\" \/><\/a>L\u2019art comme objet d\u2019analyse philosophique \u00e0 travers l\u2019histoire, de l\u2019Antiquit\u00e9 grecque classique jusqu\u2019au milieu du 19<sup>e<\/sup> si\u00e8cle en Occident. Le cours s\u2019int\u00e9resse, entre autres, aux diff\u00e9rentes grilles d\u2019analyse critique pour mieux comprendre les arts.<\/p>\n<p>Formatrice\u00a0: Jessica Rivest<br \/>\nLieu\u00a0: UQAC, campus de Saguenay<\/p>\n<hr \/>\n<h5><a href=\"https:\/\/formationcontinue.uqac.ca\/pnl-50\/\">Programmation neurolinguistique (PNL)<\/a><\/h5>\n<p><a style=\"color: #4db2ec; text-decoration-line: underline;\" href=\"https:\/\/formationcontinue.uqac.ca\/pnl-50\/\" target=\"_blank\" rel=\"noopener\"><img loading=\"lazy\" decoding=\"async\" class=\"wp-image-51617 size-thumbnail alignleft\" src=\"https:\/\/www.uqac.ca\/uqactualites\/wp-content\/uploads\/2025\/09\/NUM_FC_ProgNeurolinguistiqueE25_Instg-Fbk-LinkCarr-1080x1080-08-150x150.jpg\" alt=\"\" width=\"150\" height=\"150\" srcset=\"https:\/\/www.uqac.ca\/uqactualites\/wp-content\/uploads\/2025\/09\/NUM_FC_ProgNeurolinguistiqueE25_Instg-Fbk-LinkCarr-1080x1080-08-150x150.jpg 150w, https:\/\/www.uqac.ca\/uqactualites\/wp-content\/uploads\/2025\/09\/NUM_FC_ProgNeurolinguistiqueE25_Instg-Fbk-LinkCarr-1080x1080-08-300x300.jpg 300w, https:\/\/www.uqac.ca\/uqactualites\/wp-content\/uploads\/2025\/09\/NUM_FC_ProgNeurolinguistiqueE25_Instg-Fbk-LinkCarr-1080x1080-08-1024x1024.jpg 1024w, https:\/\/www.uqac.ca\/uqactualites\/wp-content\/uploads\/2025\/09\/NUM_FC_ProgNeurolinguistiqueE25_Instg-Fbk-LinkCarr-1080x1080-08-768x768.jpg 768w, https:\/\/www.uqac.ca\/uqactualites\/wp-content\/uploads\/2025\/09\/NUM_FC_ProgNeurolinguistiqueE25_Instg-Fbk-LinkCarr-1080x1080-08-696x696.jpg 696w, https:\/\/www.uqac.ca\/uqactualites\/wp-content\/uploads\/2025\/09\/NUM_FC_ProgNeurolinguistiqueE25_Instg-Fbk-LinkCarr-1080x1080-08-1068x1068.jpg 1068w, https:\/\/www.uqac.ca\/uqactualites\/wp-content\/uploads\/2025\/09\/NUM_FC_ProgNeurolinguistiqueE25_Instg-Fbk-LinkCarr-1080x1080-08.jpg 1080w\" sizes=\"(max-width: 150px) 100vw, 150px\" \/><\/a>Des outils concrets pour mieux communiquer et transformer votre quotidien. La formation permet d\u2019obtenir de nouvelles perspectives afin d\u2019aborder des situations de vie de fa\u00e7on diff\u00e9rente et r\u00e9confortante et d\u2019acqu\u00e9rir de nouvelles connaissances sur la communication interpersonnelle.<\/p>\n<p>Formatrice : \u00c9laine Boulet<br \/>\nLieu\u00a0: UQAC, campus de Saguenay<\/p>\n<hr \/>\n<h5><a href=\"https:\/\/formationcontinue.uqac.ca\/portrait-et-enjeux-des-religions-dans-le-monde-contemporain-50\/\">Portrait et enjeux des religions dans le monde contemporain<\/a><\/h5>\n<p><a href=\"https:\/\/formationcontinue.uqac.ca\/portrait-et-enjeux-des-religions-dans-le-monde-contemporain-50\/\" target=\"_blank\" rel=\"noopener\"><img loading=\"lazy\" decoding=\"async\" class=\"wp-image-51618 size-thumbnail alignleft\" src=\"https:\/\/www.uqac.ca\/uqactualites\/wp-content\/uploads\/2025\/09\/NUM_FC_ReligionsDansLeMondeE25_Instg-Fbk-LinkCarr-1080x1080-08-150x150.jpg\" alt=\"\" width=\"150\" height=\"150\" srcset=\"https:\/\/www.uqac.ca\/uqactualites\/wp-content\/uploads\/2025\/09\/NUM_FC_ReligionsDansLeMondeE25_Instg-Fbk-LinkCarr-1080x1080-08-150x150.jpg 150w, https:\/\/www.uqac.ca\/uqactualites\/wp-content\/uploads\/2025\/09\/NUM_FC_ReligionsDansLeMondeE25_Instg-Fbk-LinkCarr-1080x1080-08-300x300.jpg 300w, https:\/\/www.uqac.ca\/uqactualites\/wp-content\/uploads\/2025\/09\/NUM_FC_ReligionsDansLeMondeE25_Instg-Fbk-LinkCarr-1080x1080-08-1024x1024.jpg 1024w, https:\/\/www.uqac.ca\/uqactualites\/wp-content\/uploads\/2025\/09\/NUM_FC_ReligionsDansLeMondeE25_Instg-Fbk-LinkCarr-1080x1080-08-768x768.jpg 768w, https:\/\/www.uqac.ca\/uqactualites\/wp-content\/uploads\/2025\/09\/NUM_FC_ReligionsDansLeMondeE25_Instg-Fbk-LinkCarr-1080x1080-08-696x696.jpg 696w, https:\/\/www.uqac.ca\/uqactualites\/wp-content\/uploads\/2025\/09\/NUM_FC_ReligionsDansLeMondeE25_Instg-Fbk-LinkCarr-1080x1080-08-1068x1068.jpg 1068w, https:\/\/www.uqac.ca\/uqactualites\/wp-content\/uploads\/2025\/09\/NUM_FC_ReligionsDansLeMondeE25_Instg-Fbk-LinkCarr-1080x1080-08.jpg 1080w\" sizes=\"(max-width: 150px) 100vw, 150px\" \/><\/a>Le cours a pour objectif, en ayant recours \u00e0 une approche \u00e0 la fois historique, g\u00e9ographique et socio-anthropologique, de brosser un portrait g\u00e9n\u00e9ral des plus importantes religions du monde en nombre de fid\u00e8les, d\u2019en pr\u00e9senter les diff\u00e9rentes manifestations spatiales et d\u2019en d\u00e9tailler les principaux enjeux de nature g\u00e9opolitique.<\/p>\n<p>Formateur\u00a0: David Villeneuve<strong>\u00a0<\/strong><br \/>\nLieu\u00a0: UQAC, campus de Saguenay<\/p>\n<hr \/>\n<h5><a href=\"https:\/\/formationcontinue.uqac.ca\/les-humains-erreur-de-parcours-ou-chef-doeuvre-a-venir\/\">Les humains : Une erreur de parcours ou chef-d\u2019\u0153uvre \u00e0 venir ? | COMPLET<\/a><\/h5>\n<p><a href=\"https:\/\/formationcontinue.uqac.ca\/les-humains-erreur-de-parcours-ou-chef-doeuvre-a-venir\/\" target=\"_blank\" rel=\"noopener\"><img loading=\"lazy\" decoding=\"async\" class=\"alignleft wp-image-51619 size-thumbnail\" src=\"https:\/\/www.uqac.ca\/uqactualites\/wp-content\/uploads\/2025\/09\/NUM_FC_EvolutionCelluleHumaineE25_Instg-Fbk-LinkCarr-1080x1080-08-150x150.jpg\" alt=\"\" width=\"150\" height=\"150\" srcset=\"https:\/\/www.uqac.ca\/uqactualites\/wp-content\/uploads\/2025\/09\/NUM_FC_EvolutionCelluleHumaineE25_Instg-Fbk-LinkCarr-1080x1080-08-150x150.jpg 150w, https:\/\/www.uqac.ca\/uqactualites\/wp-content\/uploads\/2025\/09\/NUM_FC_EvolutionCelluleHumaineE25_Instg-Fbk-LinkCarr-1080x1080-08-300x300.jpg 300w, https:\/\/www.uqac.ca\/uqactualites\/wp-content\/uploads\/2025\/09\/NUM_FC_EvolutionCelluleHumaineE25_Instg-Fbk-LinkCarr-1080x1080-08-1024x1024.jpg 1024w, https:\/\/www.uqac.ca\/uqactualites\/wp-content\/uploads\/2025\/09\/NUM_FC_EvolutionCelluleHumaineE25_Instg-Fbk-LinkCarr-1080x1080-08-768x768.jpg 768w, https:\/\/www.uqac.ca\/uqactualites\/wp-content\/uploads\/2025\/09\/NUM_FC_EvolutionCelluleHumaineE25_Instg-Fbk-LinkCarr-1080x1080-08-696x696.jpg 696w, https:\/\/www.uqac.ca\/uqactualites\/wp-content\/uploads\/2025\/09\/NUM_FC_EvolutionCelluleHumaineE25_Instg-Fbk-LinkCarr-1080x1080-08-1068x1068.jpg 1068w, https:\/\/www.uqac.ca\/uqactualites\/wp-content\/uploads\/2025\/09\/NUM_FC_EvolutionCelluleHumaineE25_Instg-Fbk-LinkCarr-1080x1080-08.jpg 1080w\" sizes=\"(max-width: 150px) 100vw, 150px\" \/><\/a><\/p>\n<p>Un voyage \u00e9volutif de la premi\u00e8re cellule aux premiers\u00a0Saguen\u00e9ens. Ce cours permettra de d\u00e9couvrir le trajet que la vie a pris pour en arriver \u00e0 une esp\u00e8ce bien \u00e9trange, Homo sapiens, les humains modernes. Le cours sera divis\u00e9 en cinq grandes th\u00e9matiques qui m\u00e8neront de la premi\u00e8re cellule aux premiers habitants du Saguenay\u2013Lac-Saint-Jean.<\/p>\n<p>Formateur\u00a0: Simon Girard, professeur\u00a0UQAC<br \/>\nLieu\u00a0: Biblioth\u00e8que H\u00e9l\u00e8ne-Pedneault \u00e0 Jonqui\u00e8re &#8211; COMPLET<\/p>\n<hr \/>\n<h5><a href=\"https:\/\/formationcontinue.uqac.ca\/les-technologies-avancees-ou-regressions-sociales-50\/\">Les technologies : avanc\u00e9es ou r\u00e9gressions sociales?<\/a><\/h5>\n<p><strong><a href=\"https:\/\/formationcontinue.uqac.ca\/les-technologies-avancees-ou-regressions-sociales-50\/\" target=\"_blank\" rel=\"noopener\"><img loading=\"lazy\" decoding=\"async\" class=\"alignleft wp-image-51621 size-thumbnail\" src=\"https:\/\/www.uqac.ca\/uqactualites\/wp-content\/uploads\/2025\/09\/NUM_FC_ReseauxSociauxE25_Instg-Fbk-LinkCarr-1080x1080-08-150x150.jpg\" alt=\"\" width=\"150\" height=\"150\" srcset=\"https:\/\/www.uqac.ca\/uqactualites\/wp-content\/uploads\/2025\/09\/NUM_FC_ReseauxSociauxE25_Instg-Fbk-LinkCarr-1080x1080-08-150x150.jpg 150w, https:\/\/www.uqac.ca\/uqactualites\/wp-content\/uploads\/2025\/09\/NUM_FC_ReseauxSociauxE25_Instg-Fbk-LinkCarr-1080x1080-08-300x300.jpg 300w, https:\/\/www.uqac.ca\/uqactualites\/wp-content\/uploads\/2025\/09\/NUM_FC_ReseauxSociauxE25_Instg-Fbk-LinkCarr-1080x1080-08-1024x1024.jpg 1024w, https:\/\/www.uqac.ca\/uqactualites\/wp-content\/uploads\/2025\/09\/NUM_FC_ReseauxSociauxE25_Instg-Fbk-LinkCarr-1080x1080-08-768x768.jpg 768w, https:\/\/www.uqac.ca\/uqactualites\/wp-content\/uploads\/2025\/09\/NUM_FC_ReseauxSociauxE25_Instg-Fbk-LinkCarr-1080x1080-08-696x696.jpg 696w, https:\/\/www.uqac.ca\/uqactualites\/wp-content\/uploads\/2025\/09\/NUM_FC_ReseauxSociauxE25_Instg-Fbk-LinkCarr-1080x1080-08-1068x1068.jpg 1068w, https:\/\/www.uqac.ca\/uqactualites\/wp-content\/uploads\/2025\/09\/NUM_FC_ReseauxSociauxE25_Instg-Fbk-LinkCarr-1080x1080-08.jpg 1080w\" sizes=\"(max-width: 150px) 100vw, 150px\" \/><\/a><\/strong>Les technologies font partie de notre quotidien depuis plus de 40 ans, mais la d\u00e9mocratisation de leur utilisation s\u2019est acc\u00e9l\u00e9r\u00e9e au cours des 20 derni\u00e8res ann\u00e9es. Ce cours abordera les impacts tant positifs que n\u00e9gatifs sur le d\u00e9veloppement social, le d\u00e9veloppement \u00e9conomique, l\u2019environnement, la sant\u00e9 et les interactions humaines.<\/p>\n<p>Formateur\u00a0: Richard Rioux<strong>\u00a0<\/strong><br \/>\nLieu\u00a0: \u00c0 confirmer<\/p>\n<hr \/>\n<p>&nbsp;<\/p>\n<p><strong>\u00c0 propos de l\u2019Universit\u00e9 du troisi\u00e8me \u00e2ge (UTA)<\/strong><\/p>\n<p>L\u2019UTA de l\u2019UQAC a pour mission de favoriser l\u2019apprentissage tout au long de la vie en offrant des activit\u00e9s \u00e9ducatives de qualit\u00e9, sp\u00e9cialement adapt\u00e9es aux personnes a\u00een\u00e9es. Elle met de l\u2019avant la participation sociale, encourage le dialogue interg\u00e9n\u00e9rationnel et contribue \u00e0 l\u2019\u00e9panouissement personnel par le savoir.<\/p>\n<p>C\u2019est en 1973, \u00e0 l\u2019Universit\u00e9 des sciences sociales de Toulouse, que le professeur Pierre Vellas a donn\u00e9 naissance \u00e0 la toute premi\u00e8re Universit\u00e9 du troisi\u00e8me \u00e2ge. Son objectif? Offrir aux personnes a\u00een\u00e9es un acc\u00e8s \u00e0 des activit\u00e9s \u00e9ducatives et culturelles adapt\u00e9es \u00e0 leurs besoins, int\u00e9r\u00eats et r\u00e9alit\u00e9s, dans un esprit de partage et de valorisation de l\u2019exp\u00e9rience de vie.<\/p>\n<p>Inspir\u00e9e de ce mod\u00e8le novateur, l\u2019id\u00e9e a rapidement pris racine au Qu\u00e9bec. Plusieurs universit\u00e9s ont adopt\u00e9 cette approche afin de promouvoir l\u2019apprentissage continu, stimuler le dialogue social et favoriser l\u2019\u00e9panouissement personnel des personnes de 50 ans et plus.<\/p>\n","protected":false},"excerpt":{"rendered":"<p>Le 18 septembre dernier, la Formation continue de l\u2019UQAC a pr\u00e9sent\u00e9 une conf\u00e9rence gratuite \u00e0 titre de lancement de l\u2019offre de formation de l\u2019automne destin\u00e9e aux personnes de 50 ans et plus. L\u2019int\u00e9r\u00eat qu\u2019a suscit\u00e9 la conf\u00e9rence du professeur en g\u00e9n\u00e9tique de l\u2019UQAC, Simon Girard, illustre bien \u00e0 quel point l\u2019apprentissage est une aventure qui [&hellip;]<\/p>\n","protected":false},"author":5,"featured_media":51640,"comment_status":"closed","ping_status":"open","sticky":false,"template":"","format":"standard","meta":{"footnotes":""},"categories":[2795,2],"tags":[291],"yoast_head":"<!-- This site is optimized with the Yoast SEO plugin v24.2 - https:\/\/yoast.com\/wordpress\/plugins\/seo\/ -->\r\n<title>D\u00e9couvrez l&#039;offre de formations 50+ de l&#039;automne - UQACtualit\u00e9s<\/title>\r\n<meta name=\"robots\" content=\"index, follow, max-snippet:-1, max-image-preview:large, max-video-preview:-1\" \/>\r\n<link rel=\"canonical\" href=\"https:\/\/www.uqac.ca\/uqactualites\/2025\/09\/18\/decouvrez-loffre-de-formations-50-de-lautomne\/\" \/>\r\n<meta property=\"og:locale\" content=\"fr_CA\" \/>\r\n<meta property=\"og:type\" content=\"article\" \/>\r\n<meta property=\"og:title\" content=\"D\u00e9couvrez l&#039;offre de formations 50+ de l&#039;automne - UQACtualit\u00e9s\" \/>\r\n<meta property=\"og:description\" content=\"Le 18 septembre dernier, la Formation continue de l\u2019UQAC a pr\u00e9sent\u00e9 une conf\u00e9rence gratuite \u00e0 titre de lancement de l\u2019offre de formation de l\u2019automne destin\u00e9e aux personnes de 50 ans et plus. L\u2019int\u00e9r\u00eat qu\u2019a suscit\u00e9 la conf\u00e9rence du professeur en g\u00e9n\u00e9tique de l\u2019UQAC, Simon Girard, illustre bien \u00e0 quel point l\u2019apprentissage est une aventure qui [&hellip;]\" \/>\r\n<meta property=\"og:url\" content=\"https:\/\/www.uqac.ca\/uqactualites\/2025\/09\/18\/decouvrez-loffre-de-formations-50-de-lautomne\/\" \/>\r\n<meta property=\"og:site_name\" content=\"UQACtualit\u00e9s\" \/>\r\n<meta property=\"article:published_time\" content=\"2025-09-18T20:03:32+00:00\" \/>\r\n<meta property=\"og:image\" content=\"https:\/\/www.uqac.ca\/uqactualites\/wp-content\/uploads\/2025\/09\/UTA-mduhaime-a25-11.jpg\" \/>\r\n\t<meta property=\"og:image:width\" content=\"1920\" \/>\r\n\t<meta property=\"og:image:height\" content=\"1077\" \/>\r\n\t<meta property=\"og:image:type\" content=\"image\/jpeg\" \/>\r\n<meta name=\"author\" content=\"Service des communications et des relations publiques\" \/>\r\n<meta name=\"twitter:card\" content=\"summary_large_image\" \/>\r\n<meta name=\"twitter:label1\" content=\"\u00c9crit par\" \/>\n\t<meta name=\"twitter:data1\" content=\"Service des communications et des relations publiques\" \/>\n\t<meta name=\"twitter:label2\" content=\"Estimation du temps de lecture\" \/>\n\t<meta name=\"twitter:data2\" content=\"5 minutes\" \/>\r\n<script type=\"application\/ld+json\" class=\"yoast-schema-graph\">{\"@context\":\"https:\/\/schema.org\",\"@graph\":[{\"@type\":\"WebPage\",\"@id\":\"https:\/\/www.uqac.ca\/uqactualites\/2025\/09\/18\/decouvrez-loffre-de-formations-50-de-lautomne\/\",\"url\":\"https:\/\/www.uqac.ca\/uqactualites\/2025\/09\/18\/decouvrez-loffre-de-formations-50-de-lautomne\/\",\"name\":\"D\u00e9couvrez l'offre de formations 50+ de l'automne - UQACtualit\u00e9s\",\"isPartOf\":{\"@id\":\"https:\/\/www.uqac.ca\/uqactualites\/#website\"},\"primaryImageOfPage\":{\"@id\":\"https:\/\/www.uqac.ca\/uqactualites\/2025\/09\/18\/decouvrez-loffre-de-formations-50-de-lautomne\/#primaryimage\"},\"image\":{\"@id\":\"https:\/\/www.uqac.ca\/uqactualites\/2025\/09\/18\/decouvrez-loffre-de-formations-50-de-lautomne\/#primaryimage\"},\"thumbnailUrl\":\"https:\/\/www.uqac.ca\/uqactualites\/wp-content\/uploads\/2025\/09\/UTA-mduhaime-a25-11.jpg\",\"datePublished\":\"2025-09-18T20:03:32+00:00\",\"dateModified\":\"2025-09-18T20:03:32+00:00\",\"author\":{\"@id\":\"https:\/\/www.uqac.ca\/uqactualites\/#\/schema\/person\/366c45a0c4f0e677b41b4af5886e2018\"},\"breadcrumb\":{\"@id\":\"https:\/\/www.uqac.ca\/uqactualites\/2025\/09\/18\/decouvrez-loffre-de-formations-50-de-lautomne\/#breadcrumb\"},\"inLanguage\":\"fr-CA\",\"potentialAction\":[{\"@type\":\"ReadAction\",\"target\":[\"https:\/\/www.uqac.ca\/uqactualites\/2025\/09\/18\/decouvrez-loffre-de-formations-50-de-lautomne\/\"]}]},{\"@type\":\"ImageObject\",\"inLanguage\":\"fr-CA\",\"@id\":\"https:\/\/www.uqac.ca\/uqactualites\/2025\/09\/18\/decouvrez-loffre-de-formations-50-de-lautomne\/#primaryimage\",\"url\":\"https:\/\/www.uqac.ca\/uqactualites\/wp-content\/uploads\/2025\/09\/UTA-mduhaime-a25-11.jpg\",\"contentUrl\":\"https:\/\/www.uqac.ca\/uqactualites\/wp-content\/uploads\/2025\/09\/UTA-mduhaime-a25-11.jpg\",\"width\":1920,\"height\":1077},{\"@type\":\"BreadcrumbList\",\"@id\":\"https:\/\/www.uqac.ca\/uqactualites\/2025\/09\/18\/decouvrez-loffre-de-formations-50-de-lautomne\/#breadcrumb\",\"itemListElement\":[{\"@type\":\"ListItem\",\"position\":1,\"name\":\"Home\",\"item\":\"https:\/\/www.uqac.ca\/uqactualites\/\"},{\"@type\":\"ListItem\",\"position\":2,\"name\":\"D\u00e9couvrez l&rsquo;offre de formations 50+ de l&rsquo;automne\"}]},{\"@type\":\"WebSite\",\"@id\":\"https:\/\/www.uqac.ca\/uqactualites\/#website\",\"url\":\"https:\/\/www.uqac.ca\/uqactualites\/\",\"name\":\"UQACtualit\u00e9s\",\"description\":\"Le portail des nouvelles de l&#039;UQAC\",\"potentialAction\":[{\"@type\":\"SearchAction\",\"target\":{\"@type\":\"EntryPoint\",\"urlTemplate\":\"https:\/\/www.uqac.ca\/uqactualites\/?s={search_term_string}\"},\"query-input\":{\"@type\":\"PropertyValueSpecification\",\"valueRequired\":true,\"valueName\":\"search_term_string\"}}],\"inLanguage\":\"fr-CA\"},{\"@type\":\"Person\",\"@id\":\"https:\/\/www.uqac.ca\/uqactualites\/#\/schema\/person\/366c45a0c4f0e677b41b4af5886e2018\",\"name\":\"Service des communications et des relations publiques\",\"image\":{\"@type\":\"ImageObject\",\"inLanguage\":\"fr-CA\",\"@id\":\"https:\/\/www.uqac.ca\/uqactualites\/#\/schema\/person\/image\/\",\"url\":\"https:\/\/secure.gravatar.com\/avatar\/20fbbda8a292f59f2d3461a5b999c00b?s=96&d=mm&r=g\",\"contentUrl\":\"https:\/\/secure.gravatar.com\/avatar\/20fbbda8a292f59f2d3461a5b999c00b?s=96&d=mm&r=g\",\"caption\":\"Service des communications et des relations publiques\"},\"url\":\"https:\/\/www.uqac.ca\/uqactualites\/author\/bap\/\"}]}<\/script>\r\n<!-- \/ Yoast SEO plugin. -->","yoast_head_json":{"title":"D\u00e9couvrez l'offre de formations 50+ de l'automne - UQACtualit\u00e9s","robots":{"index":"index","follow":"follow","max-snippet":"max-snippet:-1","max-image-preview":"max-image-preview:large","max-video-preview":"max-video-preview:-1"},"canonical":"https:\/\/www.uqac.ca\/uqactualites\/2025\/09\/18\/decouvrez-loffre-de-formations-50-de-lautomne\/","og_locale":"fr_CA","og_type":"article","og_title":"D\u00e9couvrez l'offre de formations 50+ de l'automne - UQACtualit\u00e9s","og_description":"Le 18 septembre dernier, la Formation continue de l\u2019UQAC a pr\u00e9sent\u00e9 une conf\u00e9rence gratuite \u00e0 titre de lancement de l\u2019offre de formation de l\u2019automne destin\u00e9e aux personnes de 50 ans et plus. L\u2019int\u00e9r\u00eat qu\u2019a suscit\u00e9 la conf\u00e9rence du professeur en g\u00e9n\u00e9tique de l\u2019UQAC, Simon Girard, illustre bien \u00e0 quel point l\u2019apprentissage est une aventure qui [&hellip;]","og_url":"https:\/\/www.uqac.ca\/uqactualites\/2025\/09\/18\/decouvrez-loffre-de-formations-50-de-lautomne\/","og_site_name":"UQACtualit\u00e9s","article_published_time":"2025-09-18T20:03:32+00:00","og_image":[{"width":1920,"height":1077,"url":"https:\/\/www.uqac.ca\/uqactualites\/wp-content\/uploads\/2025\/09\/UTA-mduhaime-a25-11.jpg","type":"image\/jpeg"}],"author":"Service des communications et des relations publiques","twitter_card":"summary_large_image","twitter_misc":{"\u00c9crit par":"Service des communications et des relations publiques","Estimation du temps de lecture":"5 minutes"},"schema":{"@context":"https:\/\/schema.org","@graph":[{"@type":"WebPage","@id":"https:\/\/www.uqac.ca\/uqactualites\/2025\/09\/18\/decouvrez-loffre-de-formations-50-de-lautomne\/","url":"https:\/\/www.uqac.ca\/uqactualites\/2025\/09\/18\/decouvrez-loffre-de-formations-50-de-lautomne\/","name":"D\u00e9couvrez l'offre de formations 50+ de l'automne - UQACtualit\u00e9s","isPartOf":{"@id":"https:\/\/www.uqac.ca\/uqactualites\/#website"},"primaryImageOfPage":{"@id":"https:\/\/www.uqac.ca\/uqactualites\/2025\/09\/18\/decouvrez-loffre-de-formations-50-de-lautomne\/#primaryimage"},"image":{"@id":"https:\/\/www.uqac.ca\/uqactualites\/2025\/09\/18\/decouvrez-loffre-de-formations-50-de-lautomne\/#primaryimage"},"thumbnailUrl":"https:\/\/www.uqac.ca\/uqactualites\/wp-content\/uploads\/2025\/09\/UTA-mduhaime-a25-11.jpg","datePublished":"2025-09-18T20:03:32+00:00","dateModified":"2025-09-18T20:03:32+00:00","author":{"@id":"https:\/\/www.uqac.ca\/uqactualites\/#\/schema\/person\/366c45a0c4f0e677b41b4af5886e2018"},"breadcrumb":{"@id":"https:\/\/www.uqac.ca\/uqactualites\/2025\/09\/18\/decouvrez-loffre-de-formations-50-de-lautomne\/#breadcrumb"},"inLanguage":"fr-CA","potentialAction":[{"@type":"ReadAction","target":["https:\/\/www.uqac.ca\/uqactualites\/2025\/09\/18\/decouvrez-loffre-de-formations-50-de-lautomne\/"]}]},{"@type":"ImageObject","inLanguage":"fr-CA","@id":"https:\/\/www.uqac.ca\/uqactualites\/2025\/09\/18\/decouvrez-loffre-de-formations-50-de-lautomne\/#primaryimage","url":"https:\/\/www.uqac.ca\/uqactualites\/wp-content\/uploads\/2025\/09\/UTA-mduhaime-a25-11.jpg","contentUrl":"https:\/\/www.uqac.ca\/uqactualites\/wp-content\/uploads\/2025\/09\/UTA-mduhaime-a25-11.jpg","width":1920,"height":1077},{"@type":"BreadcrumbList","@id":"https:\/\/www.uqac.ca\/uqactualites\/2025\/09\/18\/decouvrez-loffre-de-formations-50-de-lautomne\/#breadcrumb","itemListElement":[{"@type":"ListItem","position":1,"name":"Home","item":"https:\/\/www.uqac.ca\/uqactualites\/"},{"@type":"ListItem","position":2,"name":"D\u00e9couvrez l&rsquo;offre de formations 50+ de l&rsquo;automne"}]},{"@type":"WebSite","@id":"https:\/\/www.uqac.ca\/uqactualites\/#website","url":"https:\/\/www.uqac.ca\/uqactualites\/","name":"UQACtualit\u00e9s","description":"Le portail des nouvelles de l&#039;UQAC","potentialAction":[{"@type":"SearchAction","target":{"@type":"EntryPoint","urlTemplate":"https:\/\/www.uqac.ca\/uqactualites\/?s={search_term_string}"},"query-input":{"@type":"PropertyValueSpecification","valueRequired":true,"valueName":"search_term_string"}}],"inLanguage":"fr-CA"},{"@type":"Person","@id":"https:\/\/www.uqac.ca\/uqactualites\/#\/schema\/person\/366c45a0c4f0e677b41b4af5886e2018","name":"Service des communications et des relations publiques","image":{"@type":"ImageObject","inLanguage":"fr-CA","@id":"https:\/\/www.uqac.ca\/uqactualites\/#\/schema\/person\/image\/","url":"https:\/\/secure.gravatar.com\/avatar\/20fbbda8a292f59f2d3461a5b999c00b?s=96&d=mm&r=g","contentUrl":"https:\/\/secure.gravatar.com\/avatar\/20fbbda8a292f59f2d3461a5b999c00b?s=96&d=mm&r=g","caption":"Service des communications et des relations publiques"},"url":"https:\/\/www.uqac.ca\/uqactualites\/author\/bap\/"}]}},"_links":{"self":[{"href":"https:\/\/www.uqac.ca\/uqactualites\/wp-json\/wp\/v2\/posts\/51611"}],"collection":[{"href":"https:\/\/www.uqac.ca\/uqactualites\/wp-json\/wp\/v2\/posts"}],"about":[{"href":"https:\/\/www.uqac.ca\/uqactualites\/wp-json\/wp\/v2\/types\/post"}],"author":[{"embeddable":true,"href":"https:\/\/www.uqac.ca\/uqactualites\/wp-json\/wp\/v2\/users\/5"}],"replies":[{"embeddable":true,"href":"https:\/\/www.uqac.ca\/uqactualites\/wp-json\/wp\/v2\/comments?post=51611"}],"version-history":[{"count":12,"href":"https:\/\/www.uqac.ca\/uqactualites\/wp-json\/wp\/v2\/posts\/51611\/revisions"}],"predecessor-version":[{"id":51641,"href":"https:\/\/www.uqac.ca\/uqactualites\/wp-json\/wp\/v2\/posts\/51611\/revisions\/51641"}],"wp:featuredmedia":[{"embeddable":true,"href":"https:\/\/www.uqac.ca\/uqactualites\/wp-json\/wp\/v2\/media\/51640"}],"wp:attachment":[{"href":"https:\/\/www.uqac.ca\/uqactualites\/wp-json\/wp\/v2\/media?parent=51611"}],"wp:term":[{"taxonomy":"category","embeddable":true,"href":"https:\/\/www.uqac.ca\/uqactualites\/wp-json\/wp\/v2\/categories?post=51611"},{"taxonomy":"post_tag","embeddable":true,"href":"https:\/\/www.uqac.ca\/uqactualites\/wp-json\/wp\/v2\/tags?post=51611"}],"curies":[{"name":"wp","href":"https:\/\/api.w.org\/{rel}","templated":true}]}}