{"id":51703,"date":"2025-09-23T13:55:27","date_gmt":"2025-09-23T17:55:27","guid":{"rendered":"https:\/\/www.uqac.ca\/uqactualites\/?p=51703"},"modified":"2025-09-23T14:49:59","modified_gmt":"2025-09-23T18:49:59","slug":"luniversite-en-region-sous-la-loupe-co-direction-dun-vaste-dossier-par-le-professeur-francois-olivier-dorais","status":"publish","type":"post","link":"https:\/\/www.uqac.ca\/uqactualites\/2025\/09\/23\/luniversite-en-region-sous-la-loupe-co-direction-dun-vaste-dossier-par-le-professeur-francois-olivier-dorais\/","title":{"rendered":"L\u2019universit\u00e9 en r\u00e9gion sous la loupe: co-direction d\u2019un vaste dossier par le professeur Fran\u00e7ois-Olivier Dorais"},"content":{"rendered":"<p>Un dossier sp\u00e9cial intitul\u00e9 \u00ab Universit\u00e9s en r\u00e9gion : perspectives et prospectives \u00bb, codirig\u00e9 par <a href=\"https:\/\/portfolio.uqac.ca\/francoisolivierdorais\/\">Fran\u00e7ois-Olivier Dorais<\/a> (UQAC), Olivier Lemieux (UQAR) et Jean Bernatchez (UQAR), vient de para\u00eetre dans le Magazine de l\u2019ACFAS. Avec la participation de plusieurs contributeurs et contributrices, dont certains chercheurs et chercheuses de l&rsquo;UQAC (<a href=\"https:\/\/portfolio.uqac.ca\/stephaneallaire\/\">St\u00e9phane Allaire<\/a>, <a href=\"https:\/\/portfolio.uqac.ca\/jorgefrozzini\/\">Jorge Frozzini<\/a>, Nathalie Villeneuve et <a href=\"https:\/\/portfolio.uqac.ca\/sabrinatremblay\/\">Sabrina Tremblay<\/a>), il propose une r\u00e9flexion collective sur le r\u00f4le et l\u2019avenir des universit\u00e9s en r\u00e9gion, en abordant leurs d\u00e9fis, leurs missions et leurs perspectives de d\u00e9veloppement.<\/p>\n<p>Ce dossier s\u2019inscrit dans un contexte o\u00f9 l\u2019universit\u00e9 est interpell\u00e9e par de profondes transformations : crise climatique, mont\u00e9e des in\u00e9galit\u00e9s, r\u00e9volution num\u00e9rique, \u00e9rosion d\u00e9mocratique et pressions financi\u00e8res. Si ces enjeux touchent l\u2019ensemble du milieu de l\u2019enseignement sup\u00e9rieur, ils prennent une acuit\u00e9 particuli\u00e8re dans les universit\u00e9s en r\u00e9gion, qui doivent conjuguer accessibilit\u00e9, inclusion et d\u00e9veloppement territorial tout en affrontant des d\u00e9fis sp\u00e9cifiques li\u00e9s au d\u00e9clin d\u00e9mographique, \u00e0 la dispersion territoriale et \u00e0 la comp\u00e9titivit\u00e9 des modes actuels de financement. Ces \u00e9tablissements apparaissent ainsi comme de v\u00e9ritables \u00ab vigies \u00bb, annon\u00e7ant et exp\u00e9rimentant des mutations qui concernent l\u2019avenir de toutes les universit\u00e9s.<\/p>\n<p>Pour lire le dossier complet : <strong><a href=\"https:\/\/www.acfas.ca\/publications\/magazine\/enjeux-recherche\/universites-en-region\">https:\/\/www.acfas.ca\/publications\/magazine\/enjeux-recherche\/universites-en-region<\/a><\/strong><\/p>\n","protected":false},"excerpt":{"rendered":"<p>Un dossier sp\u00e9cial intitul\u00e9 \u00ab Universit\u00e9s en r\u00e9gion : perspectives et prospectives \u00bb, codirig\u00e9 par Fran\u00e7ois-Olivier Dorais (UQAC), Olivier Lemieux (UQAR) et Jean Bernatchez (UQAR), vient de para\u00eetre dans le Magazine de l\u2019ACFAS. Avec la participation de plusieurs contributeurs et contributrices, dont certains chercheurs et chercheuses de l&rsquo;UQAC (St\u00e9phane Allaire, Jorge Frozzini, Nathalie Villeneuve et [&hellip;]<\/p>\n","protected":false},"author":5,"featured_media":51704,"comment_status":"closed","ping_status":"open","sticky":false,"template":"","format":"standard","meta":{"footnotes":""},"categories":[2795,2,25],"tags":[22,2989,2950],"yoast_head":"<!-- This site is optimized with the Yoast SEO plugin v24.2 - https:\/\/yoast.com\/wordpress\/plugins\/seo\/ -->\r\n<title>L\u2019universit\u00e9 en r\u00e9gion sous la loupe: co-direction d\u2019un vaste dossier par le professeur Fran\u00e7ois-Olivier Dorais - UQACtualit\u00e9s<\/title>\r\n<meta name=\"robots\" content=\"index, follow, max-snippet:-1, max-image-preview:large, max-video-preview:-1\" \/>\r\n<link rel=\"canonical\" href=\"https:\/\/www.uqac.ca\/uqactualites\/2025\/09\/23\/luniversite-en-region-sous-la-loupe-co-direction-dun-vaste-dossier-par-le-professeur-francois-olivier-dorais\/\" \/>\r\n<meta property=\"og:locale\" content=\"fr_CA\" \/>\r\n<meta property=\"og:type\" content=\"article\" \/>\r\n<meta property=\"og:title\" content=\"L\u2019universit\u00e9 en r\u00e9gion sous la loupe: co-direction d\u2019un vaste dossier par le professeur Fran\u00e7ois-Olivier Dorais - UQACtualit\u00e9s\" \/>\r\n<meta property=\"og:description\" content=\"Un dossier sp\u00e9cial intitul\u00e9 \u00ab Universit\u00e9s en r\u00e9gion : perspectives et prospectives \u00bb, codirig\u00e9 par Fran\u00e7ois-Olivier Dorais (UQAC), Olivier Lemieux (UQAR) et Jean Bernatchez (UQAR), vient de para\u00eetre dans le Magazine de l\u2019ACFAS. Avec la participation de plusieurs contributeurs et contributrices, dont certains chercheurs et chercheuses de l&rsquo;UQAC (St\u00e9phane Allaire, Jorge Frozzini, Nathalie Villeneuve et [&hellip;]\" \/>\r\n<meta property=\"og:url\" content=\"https:\/\/www.uqac.ca\/uqactualites\/2025\/09\/23\/luniversite-en-region-sous-la-loupe-co-direction-dun-vaste-dossier-par-le-professeur-francois-olivier-dorais\/\" \/>\r\n<meta property=\"og:site_name\" content=\"UQACtualit\u00e9s\" \/>\r\n<meta property=\"article:published_time\" content=\"2025-09-23T17:55:27+00:00\" \/>\r\n<meta property=\"article:modified_time\" content=\"2025-09-23T18:49:59+00:00\" \/>\r\n<meta property=\"og:image\" content=\"https:\/\/www.uqac.ca\/uqactualites\/wp-content\/uploads\/2025\/09\/NUM_F-ODoraisA25_Uqctualite1920X1080.jpg\" \/>\r\n\t<meta property=\"og:image:width\" content=\"1920\" \/>\r\n\t<meta property=\"og:image:height\" content=\"1080\" \/>\r\n\t<meta property=\"og:image:type\" content=\"image\/jpeg\" \/>\r\n<meta name=\"author\" content=\"Service des communications et des relations publiques\" \/>\r\n<meta name=\"twitter:card\" content=\"summary_large_image\" \/>\r\n<meta name=\"twitter:label1\" content=\"\u00c9crit par\" \/>\n\t<meta name=\"twitter:data1\" content=\"Service des communications et des relations publiques\" \/>\n\t<meta name=\"twitter:label2\" content=\"Estimation du temps de lecture\" \/>\n\t<meta name=\"twitter:data2\" content=\"2 minutes\" \/>\r\n<script type=\"application\/ld+json\" class=\"yoast-schema-graph\">{\"@context\":\"https:\/\/schema.org\",\"@graph\":[{\"@type\":\"WebPage\",\"@id\":\"https:\/\/www.uqac.ca\/uqactualites\/2025\/09\/23\/luniversite-en-region-sous-la-loupe-co-direction-dun-vaste-dossier-par-le-professeur-francois-olivier-dorais\/\",\"url\":\"https:\/\/www.uqac.ca\/uqactualites\/2025\/09\/23\/luniversite-en-region-sous-la-loupe-co-direction-dun-vaste-dossier-par-le-professeur-francois-olivier-dorais\/\",\"name\":\"L\u2019universit\u00e9 en r\u00e9gion sous la loupe: co-direction d\u2019un vaste dossier par le professeur Fran\u00e7ois-Olivier Dorais - UQACtualit\u00e9s\",\"isPartOf\":{\"@id\":\"https:\/\/www.uqac.ca\/uqactualites\/#website\"},\"primaryImageOfPage\":{\"@id\":\"https:\/\/www.uqac.ca\/uqactualites\/2025\/09\/23\/luniversite-en-region-sous-la-loupe-co-direction-dun-vaste-dossier-par-le-professeur-francois-olivier-dorais\/#primaryimage\"},\"image\":{\"@id\":\"https:\/\/www.uqac.ca\/uqactualites\/2025\/09\/23\/luniversite-en-region-sous-la-loupe-co-direction-dun-vaste-dossier-par-le-professeur-francois-olivier-dorais\/#primaryimage\"},\"thumbnailUrl\":\"https:\/\/www.uqac.ca\/uqactualites\/wp-content\/uploads\/2025\/09\/NUM_F-ODoraisA25_Uqctualite1920X1080.jpg\",\"datePublished\":\"2025-09-23T17:55:27+00:00\",\"dateModified\":\"2025-09-23T18:49:59+00:00\",\"author\":{\"@id\":\"https:\/\/www.uqac.ca\/uqactualites\/#\/schema\/person\/366c45a0c4f0e677b41b4af5886e2018\"},\"breadcrumb\":{\"@id\":\"https:\/\/www.uqac.ca\/uqactualites\/2025\/09\/23\/luniversite-en-region-sous-la-loupe-co-direction-dun-vaste-dossier-par-le-professeur-francois-olivier-dorais\/#breadcrumb\"},\"inLanguage\":\"fr-CA\",\"potentialAction\":[{\"@type\":\"ReadAction\",\"target\":[\"https:\/\/www.uqac.ca\/uqactualites\/2025\/09\/23\/luniversite-en-region-sous-la-loupe-co-direction-dun-vaste-dossier-par-le-professeur-francois-olivier-dorais\/\"]}]},{\"@type\":\"ImageObject\",\"inLanguage\":\"fr-CA\",\"@id\":\"https:\/\/www.uqac.ca\/uqactualites\/2025\/09\/23\/luniversite-en-region-sous-la-loupe-co-direction-dun-vaste-dossier-par-le-professeur-francois-olivier-dorais\/#primaryimage\",\"url\":\"https:\/\/www.uqac.ca\/uqactualites\/wp-content\/uploads\/2025\/09\/NUM_F-ODoraisA25_Uqctualite1920X1080.jpg\",\"contentUrl\":\"https:\/\/www.uqac.ca\/uqactualites\/wp-content\/uploads\/2025\/09\/NUM_F-ODoraisA25_Uqctualite1920X1080.jpg\",\"width\":1920,\"height\":1080},{\"@type\":\"BreadcrumbList\",\"@id\":\"https:\/\/www.uqac.ca\/uqactualites\/2025\/09\/23\/luniversite-en-region-sous-la-loupe-co-direction-dun-vaste-dossier-par-le-professeur-francois-olivier-dorais\/#breadcrumb\",\"itemListElement\":[{\"@type\":\"ListItem\",\"position\":1,\"name\":\"Home\",\"item\":\"https:\/\/www.uqac.ca\/uqactualites\/\"},{\"@type\":\"ListItem\",\"position\":2,\"name\":\"L\u2019universit\u00e9 en r\u00e9gion sous la loupe: co-direction d\u2019un vaste dossier par le professeur Fran\u00e7ois-Olivier Dorais\"}]},{\"@type\":\"WebSite\",\"@id\":\"https:\/\/www.uqac.ca\/uqactualites\/#website\",\"url\":\"https:\/\/www.uqac.ca\/uqactualites\/\",\"name\":\"UQACtualit\u00e9s\",\"description\":\"Le portail des nouvelles de l&#039;UQAC\",\"potentialAction\":[{\"@type\":\"SearchAction\",\"target\":{\"@type\":\"EntryPoint\",\"urlTemplate\":\"https:\/\/www.uqac.ca\/uqactualites\/?s={search_term_string}\"},\"query-input\":{\"@type\":\"PropertyValueSpecification\",\"valueRequired\":true,\"valueName\":\"search_term_string\"}}],\"inLanguage\":\"fr-CA\"},{\"@type\":\"Person\",\"@id\":\"https:\/\/www.uqac.ca\/uqactualites\/#\/schema\/person\/366c45a0c4f0e677b41b4af5886e2018\",\"name\":\"Service des communications et des relations publiques\",\"image\":{\"@type\":\"ImageObject\",\"inLanguage\":\"fr-CA\",\"@id\":\"https:\/\/www.uqac.ca\/uqactualites\/#\/schema\/person\/image\/\",\"url\":\"https:\/\/secure.gravatar.com\/avatar\/20fbbda8a292f59f2d3461a5b999c00b?s=96&d=mm&r=g\",\"contentUrl\":\"https:\/\/secure.gravatar.com\/avatar\/20fbbda8a292f59f2d3461a5b999c00b?s=96&d=mm&r=g\",\"caption\":\"Service des communications et des relations publiques\"},\"url\":\"https:\/\/www.uqac.ca\/uqactualites\/author\/bap\/\"}]}<\/script>\r\n<!-- \/ Yoast SEO plugin. -->","yoast_head_json":{"title":"L\u2019universit\u00e9 en r\u00e9gion sous la loupe: co-direction d\u2019un vaste dossier par le professeur Fran\u00e7ois-Olivier Dorais - UQACtualit\u00e9s","robots":{"index":"index","follow":"follow","max-snippet":"max-snippet:-1","max-image-preview":"max-image-preview:large","max-video-preview":"max-video-preview:-1"},"canonical":"https:\/\/www.uqac.ca\/uqactualites\/2025\/09\/23\/luniversite-en-region-sous-la-loupe-co-direction-dun-vaste-dossier-par-le-professeur-francois-olivier-dorais\/","og_locale":"fr_CA","og_type":"article","og_title":"L\u2019universit\u00e9 en r\u00e9gion sous la loupe: co-direction d\u2019un vaste dossier par le professeur Fran\u00e7ois-Olivier Dorais - UQACtualit\u00e9s","og_description":"Un dossier sp\u00e9cial intitul\u00e9 \u00ab Universit\u00e9s en r\u00e9gion : perspectives et prospectives \u00bb, codirig\u00e9 par Fran\u00e7ois-Olivier Dorais (UQAC), Olivier Lemieux (UQAR) et Jean Bernatchez (UQAR), vient de para\u00eetre dans le Magazine de l\u2019ACFAS. Avec la participation de plusieurs contributeurs et contributrices, dont certains chercheurs et chercheuses de l&rsquo;UQAC (St\u00e9phane Allaire, Jorge Frozzini, Nathalie Villeneuve et [&hellip;]","og_url":"https:\/\/www.uqac.ca\/uqactualites\/2025\/09\/23\/luniversite-en-region-sous-la-loupe-co-direction-dun-vaste-dossier-par-le-professeur-francois-olivier-dorais\/","og_site_name":"UQACtualit\u00e9s","article_published_time":"2025-09-23T17:55:27+00:00","article_modified_time":"2025-09-23T18:49:59+00:00","og_image":[{"width":1920,"height":1080,"url":"https:\/\/www.uqac.ca\/uqactualites\/wp-content\/uploads\/2025\/09\/NUM_F-ODoraisA25_Uqctualite1920X1080.jpg","type":"image\/jpeg"}],"author":"Service des communications et des relations publiques","twitter_card":"summary_large_image","twitter_misc":{"\u00c9crit par":"Service des communications et des relations publiques","Estimation du temps de lecture":"2 minutes"},"schema":{"@context":"https:\/\/schema.org","@graph":[{"@type":"WebPage","@id":"https:\/\/www.uqac.ca\/uqactualites\/2025\/09\/23\/luniversite-en-region-sous-la-loupe-co-direction-dun-vaste-dossier-par-le-professeur-francois-olivier-dorais\/","url":"https:\/\/www.uqac.ca\/uqactualites\/2025\/09\/23\/luniversite-en-region-sous-la-loupe-co-direction-dun-vaste-dossier-par-le-professeur-francois-olivier-dorais\/","name":"L\u2019universit\u00e9 en r\u00e9gion sous la loupe: co-direction d\u2019un vaste dossier par le professeur Fran\u00e7ois-Olivier Dorais - UQACtualit\u00e9s","isPartOf":{"@id":"https:\/\/www.uqac.ca\/uqactualites\/#website"},"primaryImageOfPage":{"@id":"https:\/\/www.uqac.ca\/uqactualites\/2025\/09\/23\/luniversite-en-region-sous-la-loupe-co-direction-dun-vaste-dossier-par-le-professeur-francois-olivier-dorais\/#primaryimage"},"image":{"@id":"https:\/\/www.uqac.ca\/uqactualites\/2025\/09\/23\/luniversite-en-region-sous-la-loupe-co-direction-dun-vaste-dossier-par-le-professeur-francois-olivier-dorais\/#primaryimage"},"thumbnailUrl":"https:\/\/www.uqac.ca\/uqactualites\/wp-content\/uploads\/2025\/09\/NUM_F-ODoraisA25_Uqctualite1920X1080.jpg","datePublished":"2025-09-23T17:55:27+00:00","dateModified":"2025-09-23T18:49:59+00:00","author":{"@id":"https:\/\/www.uqac.ca\/uqactualites\/#\/schema\/person\/366c45a0c4f0e677b41b4af5886e2018"},"breadcrumb":{"@id":"https:\/\/www.uqac.ca\/uqactualites\/2025\/09\/23\/luniversite-en-region-sous-la-loupe-co-direction-dun-vaste-dossier-par-le-professeur-francois-olivier-dorais\/#breadcrumb"},"inLanguage":"fr-CA","potentialAction":[{"@type":"ReadAction","target":["https:\/\/www.uqac.ca\/uqactualites\/2025\/09\/23\/luniversite-en-region-sous-la-loupe-co-direction-dun-vaste-dossier-par-le-professeur-francois-olivier-dorais\/"]}]},{"@type":"ImageObject","inLanguage":"fr-CA","@id":"https:\/\/www.uqac.ca\/uqactualites\/2025\/09\/23\/luniversite-en-region-sous-la-loupe-co-direction-dun-vaste-dossier-par-le-professeur-francois-olivier-dorais\/#primaryimage","url":"https:\/\/www.uqac.ca\/uqactualites\/wp-content\/uploads\/2025\/09\/NUM_F-ODoraisA25_Uqctualite1920X1080.jpg","contentUrl":"https:\/\/www.uqac.ca\/uqactualites\/wp-content\/uploads\/2025\/09\/NUM_F-ODoraisA25_Uqctualite1920X1080.jpg","width":1920,"height":1080},{"@type":"BreadcrumbList","@id":"https:\/\/www.uqac.ca\/uqactualites\/2025\/09\/23\/luniversite-en-region-sous-la-loupe-co-direction-dun-vaste-dossier-par-le-professeur-francois-olivier-dorais\/#breadcrumb","itemListElement":[{"@type":"ListItem","position":1,"name":"Home","item":"https:\/\/www.uqac.ca\/uqactualites\/"},{"@type":"ListItem","position":2,"name":"L\u2019universit\u00e9 en r\u00e9gion sous la loupe: co-direction d\u2019un vaste dossier par le professeur Fran\u00e7ois-Olivier Dorais"}]},{"@type":"WebSite","@id":"https:\/\/www.uqac.ca\/uqactualites\/#website","url":"https:\/\/www.uqac.ca\/uqactualites\/","name":"UQACtualit\u00e9s","description":"Le portail des nouvelles de l&#039;UQAC","potentialAction":[{"@type":"SearchAction","target":{"@type":"EntryPoint","urlTemplate":"https:\/\/www.uqac.ca\/uqactualites\/?s={search_term_string}"},"query-input":{"@type":"PropertyValueSpecification","valueRequired":true,"valueName":"search_term_string"}}],"inLanguage":"fr-CA"},{"@type":"Person","@id":"https:\/\/www.uqac.ca\/uqactualites\/#\/schema\/person\/366c45a0c4f0e677b41b4af5886e2018","name":"Service des communications et des relations publiques","image":{"@type":"ImageObject","inLanguage":"fr-CA","@id":"https:\/\/www.uqac.ca\/uqactualites\/#\/schema\/person\/image\/","url":"https:\/\/secure.gravatar.com\/avatar\/20fbbda8a292f59f2d3461a5b999c00b?s=96&d=mm&r=g","contentUrl":"https:\/\/secure.gravatar.com\/avatar\/20fbbda8a292f59f2d3461a5b999c00b?s=96&d=mm&r=g","caption":"Service des communications et des relations publiques"},"url":"https:\/\/www.uqac.ca\/uqactualites\/author\/bap\/"}]}},"_links":{"self":[{"href":"https:\/\/www.uqac.ca\/uqactualites\/wp-json\/wp\/v2\/posts\/51703"}],"collection":[{"href":"https:\/\/www.uqac.ca\/uqactualites\/wp-json\/wp\/v2\/posts"}],"about":[{"href":"https:\/\/www.uqac.ca\/uqactualites\/wp-json\/wp\/v2\/types\/post"}],"author":[{"embeddable":true,"href":"https:\/\/www.uqac.ca\/uqactualites\/wp-json\/wp\/v2\/users\/5"}],"replies":[{"embeddable":true,"href":"https:\/\/www.uqac.ca\/uqactualites\/wp-json\/wp\/v2\/comments?post=51703"}],"version-history":[{"count":8,"href":"https:\/\/www.uqac.ca\/uqactualites\/wp-json\/wp\/v2\/posts\/51703\/revisions"}],"predecessor-version":[{"id":51712,"href":"https:\/\/www.uqac.ca\/uqactualites\/wp-json\/wp\/v2\/posts\/51703\/revisions\/51712"}],"wp:featuredmedia":[{"embeddable":true,"href":"https:\/\/www.uqac.ca\/uqactualites\/wp-json\/wp\/v2\/media\/51704"}],"wp:attachment":[{"href":"https:\/\/www.uqac.ca\/uqactualites\/wp-json\/wp\/v2\/media?parent=51703"}],"wp:term":[{"taxonomy":"category","embeddable":true,"href":"https:\/\/www.uqac.ca\/uqactualites\/wp-json\/wp\/v2\/categories?post=51703"},{"taxonomy":"post_tag","embeddable":true,"href":"https:\/\/www.uqac.ca\/uqactualites\/wp-json\/wp\/v2\/tags?post=51703"}],"curies":[{"name":"wp","href":"https:\/\/api.w.org\/{rel}","templated":true}]}}