{"id":51742,"date":"2025-09-26T11:31:28","date_gmt":"2025-09-26T15:31:28","guid":{"rendered":"https:\/\/www.uqac.ca\/uqactualites\/?p=51742"},"modified":"2025-10-08T16:19:41","modified_gmt":"2025-10-08T20:19:41","slug":"le-talent-litteraire-de-la-communaute-uqac-rayonne-a-la-61e-edition-du-salon-du-livre-du-saguenay-lac-saint-jean","status":"publish","type":"post","link":"https:\/\/www.uqac.ca\/uqactualites\/2025\/09\/26\/le-talent-litteraire-de-la-communaute-uqac-rayonne-a-la-61e-edition-du-salon-du-livre-du-saguenay-lac-saint-jean\/","title":{"rendered":"Le talent litt\u00e9raire de la communaut\u00e9 UQAC rayonne \u00e0 la 61e \u00e9dition du Salon du livre du Saguenay-Lac-Saint-Jean"},"content":{"rendered":"<p>Le jeudi, 25 septembre dernier avait lieu la soir\u00e9e des prix litt\u00e9raires pr\u00e9sent\u00e9e dans le cadre de l\u2019\u00e9dition 2025 du Salon du livre du Saguenay-Lac-Saint-Jean. Parmi les cinq prix d\u00e9cern\u00e9s lors de cette c\u00e9r\u00e9monie, quatre ont \u00e9t\u00e9 remis \u00e0 des talents issus du corps professoral ou de la communaut\u00e9 des dipl\u00f4m\u00e9s et dipl\u00f4m\u00e9es de l\u2019UQAC. F\u00e9licitations aux r\u00e9cipiendaires, qui, par leur cr\u00e9ativit\u00e9 litt\u00e9raire et leur savoir, font rayonner notre institution\u202f:<span data-ccp-props=\"{}\">\u00a0<\/span><\/p>\n<ul>\n<li><a href=\"https:\/\/portfolio.uqac.ca\/mustaphafahmi\/\" target=\"_blank\" rel=\"noopener\"><span data-ccp-charstyle=\"Hyperlink\"><strong>Mustapha Fahmi<\/strong><\/span><\/a><strong><span data-contrast=\"auto\">, professeur au D\u00e9partement des arts<\/span>, des lettres et du langage<\/strong><br \/>\n<span data-contrast=\"auto\">Laur\u00e9at dans la cat\u00e9gorie \u00ab\u202fInt\u00e9r\u00eat g\u00e9n\u00e9ral\u202f\u00bb<\/span> <span data-contrast=\"auto\">pour son essai <\/span><a href=\"https:\/\/www.leslibraires.ca\/livres\/la-beaute-de-cleopatre-mustapha-fahmi-9782925416401.html?a=1487\" target=\"_blank\" rel=\"noopener\"><span data-ccp-charstyle=\"Hyperlink\"><em>La beaut\u00e9 de Cl\u00e9op\u00e2tre<\/em><\/span><\/a><span data-contrast=\"none\">\u00a0<\/span><\/li>\n<li><span data-contrast=\"auto\"> <strong>Marie-Andr\u00e9e Gill, dipl\u00f4m\u00e9e de la <\/strong><\/span><strong><a href=\"https:\/\/www.uqac.ca\/programme\/2036-maitrise-en-lettres\/\" target=\"_blank\" rel=\"noopener\">ma\u00eetrise en lettres<\/a><\/strong><br \/>\nLaur\u00e9ate dans la cat\u00e9gorie \u00ab\u202fPo\u00e9sie\/Th\u00e9atre\u202f\u00bb pour son recueil <a href=\"https:\/\/www.leslibraires.ca\/livres\/uashtenamu-marie-andree-gill-9782925416555.html?a=1487\" target=\"_blank\" rel=\"noopener\"><span data-ccp-charstyle=\"Hyperlink\"><em>Uashtenamu : Allumer quelque chose<\/em><\/span><\/a><span data-ccp-props=\"{&quot;335559685&quot;:720}\">\u00a0<\/span><\/li>\n<li><span class=\"html-span xexx8yu xyri2b x18d9i69 x1c1uobl x1hl2dhg x16tdsg8 x1vvkbs x3nfvp2 x1j61x8r x1fcty0u xdj266r xat24cr xm2jcoa x1mpyi22 xxymvpz xlup9mm x1kky2od\"><strong>Ann-\u00c9lisabeth Pilote, dipl\u00f4m\u00e9e de la ma\u00eetrise en lettres<\/strong><br \/>\nLaur\u00e9ate dans la cat\u00e9gorie \u00ab D\u00e9couverte \u00bb pour son roman <a href=\"https:\/\/www.leslibraires.ca\/books\/contours-ann-elisabeth-pilote-9782760413252.html?a=1487\" target=\"_blank\" rel=\"noopener\"><em>Contours<\/em><\/a><\/span><\/li>\n<li><span data-contrast=\"auto\"><strong>Kev Lambert, titulaire d\u2019une formation postdoctorale en lettres au D\u00e9partement des arts, des lettres et du langage<\/strong><\/span><br \/>\n<span data-contrast=\"auto\">Laur\u00e9ate<\/span> <span data-contrast=\"auto\">dans la cat\u00e9gorie \u00ab\u202fRoman\/R\u00e9cit\/Nouvelles\u202f\u00bb<\/span> <span data-contrast=\"auto\">pour son roman <\/span><a href=\"https:\/\/www.leslibraires.ca\/auteurs\/kevin-lambert-1-265578?a=1487\" target=\"_blank\" rel=\"noopener\"><span data-ccp-charstyle=\"Hyperlink\"><em>Le sentier des neiges<\/em><\/span><\/a><span data-contrast=\"auto\">\u00a0<\/span><\/li>\n<\/ul>\n<p><span data-contrast=\"auto\">Mention sp\u00e9ciale au professeur du D\u00e9partement des sciences humaines et sociales <a href=\"https:\/\/portfolio.uqac.ca\/francoisolivierdorais\/\" target=\"_blank\" rel=\"noopener\"><strong>Fran\u00e7ois-Olivier Dorais<\/strong><\/a><\/span><span data-contrast=\"auto\">, qui, avec son ouvrage <a href=\"https:\/\/www.leslibraires.ca\/livres\/au-temps-du-bois-debout-marianne-fortin-9782921889193.html\" target=\"_blank\" rel=\"noopener\"><em>Au temps du bois debout<\/em><\/a><\/span><span data-contrast=\"auto\">, co-\u00e9crit avec l\u2019\u00e9tudiant et l\u2019\u00e9tudiante \u00e0 la <a href=\"https:\/\/www.uqac.ca\/programme\/2221-maitrise-en-histoire\/\" target=\"_blank\" rel=\"noopener\">ma\u00eetrise en histoire<\/a> Maxime Fleury et Marianne Fortin, \u00e9tait repr\u00e9sent\u00e9 parmi les finalistes dans la cat\u00e9gorie \u00ab\u202fInt\u00e9r\u00eat g\u00e9n\u00e9ral\u202f\u00bb.<\/span><span data-ccp-props=\"{}\">\u00a0<\/span><\/p>\n<p><span data-contrast=\"auto\">En plus de la conf\u00e9rence de l\u2019avocat et auteur de l\u2019ouvrage <em>Portage \u2013 D\u00e9couvertes en pays autochtones<\/em> Paul Dionne, qui s\u2019est tenue sur le campus de Saguenay ce jeudi 25 septembre, l\u2019UQAC sera bien repr\u00e9sent\u00e9e dans la programmation de ce week-end. Toute la communaut\u00e9 universitaire est invit\u00e9e \u00e0 aller \u00e9changer avec les r\u00e9cipiendaires et \u00e0 assister aux nombreuses entrevues et panels de discussion qui sont pr\u00e9vus.<\/span><span data-ccp-props=\"{&quot;134233117&quot;:false,&quot;134233118&quot;:false,&quot;335551550&quot;:0,&quot;335551620&quot;:0,&quot;335559738&quot;:210,&quot;335559739&quot;:210}\">\u00a0<\/span><\/p>\n<h5 aria-level=\"3\"><span data-contrast=\"auto\">Samedi 27 septembre\u00a0<\/span><span data-ccp-props=\"{&quot;134245418&quot;:true,&quot;134245529&quot;:true,&quot;335559738&quot;:160,&quot;335559739&quot;:80}\">\u00a0<\/span><\/h5>\n<ul>\n<li><span data-contrast=\"auto\"><strong>13\u202fh \u2013 Sc\u00e8ne Ville de Saguenay<\/strong><\/span><br \/>\n<a href=\"https:\/\/salondulivre.ca\/programmation\/activites\/grandes-entrevues-desjardins-kev-offre-14-aout\/\" target=\"_blank\" rel=\"noopener\"><span data-ccp-charstyle=\"Hyperlink\">Grandes entrevues Desjardins : Stanley P\u00e9an re\u00e7oit Marie-Andr\u00e9e Gill (La Peuplade)<\/span><\/a><span data-ccp-props=\"{}\">\u00a0<\/span><\/li>\n<li><span data-contrast=\"auto\"><strong>13 h 30 \u2013 Sc\u00e8ne Ville de Saguenay<\/strong><\/span><br \/>\n<a href=\"https:\/\/salondulivre.ca\/programmation\/activites\/grandes-entrevues-desjardins-kev-offre-14-aout\/\" target=\"_blank\" rel=\"noopener\"><span data-ccp-charstyle=\"Hyperlink\">Grandes entrevues Desjardins : Stanley P\u00e9an re\u00e7oit Kev Lambert (H\u00e9liotrope)<\/span><\/a><span data-ccp-props=\"{}\">\u00a0<\/span><\/li>\n<li><span data-contrast=\"auto\"><strong>14\u202fh &#8211; Sc\u00e8ne Ville de Saguenay<\/strong><\/span><br \/>\n<a href=\"https:\/\/salondulivre.ca\/programmation\/activites\/grandes-entrevues-desjardins-m-fahmi-offre-12-aout\/\" target=\"_blank\" rel=\"noopener\"><span data-ccp-charstyle=\"Hyperlink\">Grandes entrevues Desjardins : Marjolaine V\u00e9zine re\u00e7oit Mustapha Fahmi (La Peuplade)<\/span><\/a><span data-ccp-props=\"{}\">\u00a0<\/span><\/li>\n<\/ul>\n<h5>Dimanche<span data-ccp-parastyle=\"heading 3\"> 2<\/span><span data-ccp-parastyle=\"heading 3\">8<\/span><span data-ccp-parastyle=\"heading 3\"> septembre<\/span><span data-ccp-props=\"{&quot;134245418&quot;:true,&quot;134245529&quot;:true,&quot;335559738&quot;:160,&quot;335559739&quot;:80}\">\u00a0<\/span><\/h5>\n<ul>\n<li><strong>13 h 15 &#8211;\u00a0Sc\u00e8ne Ville de Saguenay<\/strong><br \/>\n<a href=\"https:\/\/salondulivre.ca\/programmation\/activites\/table-ronde-sujet-a-definir-4\/\" target=\"_blank\" rel=\"noopener\">L&rsquo;importance du devoir de m\u00e9moire avec Marcel Boulais (GID), Fran\u00e7ois-Olivier Dorais (Saguenayensia), Priscilla Plamondon Lalancette (De l&rsquo;Homme) anim\u00e9e par Louis C\u00f4t\u00e9<\/a><\/li>\n<li><strong>14 h 05 &#8211; Sc\u00e8ne Ville de Saguenay<\/strong><br \/>\n<a href=\"https:\/\/salondulivre.ca\/programmation\/activites\/grandes-entrevues-desjardins-anne-elisabeth-offre-14-aout\/\" target=\"_blank\" rel=\"noopener\">Grandes entrevues Desjardins : Cynthia Harvey re\u00e7oit Ann-\u00c9lisabeth Pilote (Stank\u00e9)<\/a><\/li>\n<li><span data-contrast=\"auto\"><strong>14 h 30 \u2013 Sc\u00e8ne Ville de Saguenay<\/strong><\/span><br \/>\n<a href=\"https:\/\/salondulivre.ca\/programmation\/activites\/grandes-entrevues-desjardins-dorais-et-cie-ac-anime-par-denis\/\" target=\"_blank\" rel=\"noopener\"><span data-ccp-charstyle=\"Hyperlink\">Grandes entrevues Desjardins : Michel Payette re\u00e7oit Fran\u00e7ois-Olivier Dorais, Marianne Fortin et Maxime Fleury (Saguenayensia)<\/span><\/a><span data-ccp-props=\"{}\">\u00a0<\/span><\/li>\n<li><span data-contrast=\"auto\"><strong>15\u202fh \u2013 Sc\u00e8ne Ville de Saguenay<\/strong><\/span><br \/>\n<a href=\"https:\/\/salondulivre.ca\/programmation\/activites\/table-ronde-projet-ecrivains-de-la-sagamie-sujet-a-venir-gerard-bouchard-boreal-et-et-animee-par\/\" target=\"_blank\" rel=\"noopener\"><span data-ccp-charstyle=\"Hyperlink\">Une table ronde, toute bleue ! avec G\u00e9rard Bouchard (professeur \u00e9m\u00e9rite de l\u2019UQAC), Mustapha Fahmi, Isabelle Larouche, Sylvie Marcoux, Larry Tremblay, \u00c9lisabeth Vonarburg anim\u00e9e par Yvon Par\u00e9<\/span><\/a><br \/>\n<span data-ccp-props=\"{}\">\u00a0<\/span><\/li>\n<\/ul>\n<p>&nbsp;<\/p>\n","protected":false},"excerpt":{"rendered":"<p>Le jeudi, 25 septembre dernier avait lieu la soir\u00e9e des prix litt\u00e9raires pr\u00e9sent\u00e9e dans le cadre de l\u2019\u00e9dition 2025 du Salon du livre du Saguenay-Lac-Saint-Jean. Parmi les cinq prix d\u00e9cern\u00e9s lors de cette c\u00e9r\u00e9monie, quatre ont \u00e9t\u00e9 remis \u00e0 des talents issus du corps professoral ou de la communaut\u00e9 des dipl\u00f4m\u00e9s et dipl\u00f4m\u00e9es de l\u2019UQAC. [&hellip;]<\/p>\n","protected":false},"author":5,"featured_media":51751,"comment_status":"closed","ping_status":"open","sticky":false,"template":"","format":"standard","meta":{"footnotes":""},"categories":[2795,2,61,25],"tags":[39,22,38,2871,823],"yoast_head":"<!-- This site is optimized with the Yoast SEO plugin v24.2 - https:\/\/yoast.com\/wordpress\/plugins\/seo\/ -->\r\n<title>Le talent litt\u00e9raire de la communaut\u00e9 UQAC rayonne \u00e0 la 61e \u00e9dition du Salon du livre du Saguenay-Lac-Saint-Jean - UQACtualit\u00e9s<\/title>\r\n<meta name=\"robots\" content=\"index, follow, max-snippet:-1, max-image-preview:large, max-video-preview:-1\" \/>\r\n<link rel=\"canonical\" href=\"https:\/\/www.uqac.ca\/uqactualites\/2025\/09\/26\/le-talent-litteraire-de-la-communaute-uqac-rayonne-a-la-61e-edition-du-salon-du-livre-du-saguenay-lac-saint-jean\/\" \/>\r\n<meta property=\"og:locale\" content=\"fr_CA\" \/>\r\n<meta property=\"og:type\" content=\"article\" \/>\r\n<meta property=\"og:title\" content=\"Le talent litt\u00e9raire de la communaut\u00e9 UQAC rayonne \u00e0 la 61e \u00e9dition du Salon du livre du Saguenay-Lac-Saint-Jean - UQACtualit\u00e9s\" \/>\r\n<meta property=\"og:description\" content=\"Le jeudi, 25 septembre dernier avait lieu la soir\u00e9e des prix litt\u00e9raires pr\u00e9sent\u00e9e dans le cadre de l\u2019\u00e9dition 2025 du Salon du livre du Saguenay-Lac-Saint-Jean. Parmi les cinq prix d\u00e9cern\u00e9s lors de cette c\u00e9r\u00e9monie, quatre ont \u00e9t\u00e9 remis \u00e0 des talents issus du corps professoral ou de la communaut\u00e9 des dipl\u00f4m\u00e9s et dipl\u00f4m\u00e9es de l\u2019UQAC. [&hellip;]\" \/>\r\n<meta property=\"og:url\" content=\"https:\/\/www.uqac.ca\/uqactualites\/2025\/09\/26\/le-talent-litteraire-de-la-communaute-uqac-rayonne-a-la-61e-edition-du-salon-du-livre-du-saguenay-lac-saint-jean\/\" \/>\r\n<meta property=\"og:site_name\" content=\"UQACtualit\u00e9s\" \/>\r\n<meta property=\"article:published_time\" content=\"2025-09-26T15:31:28+00:00\" \/>\r\n<meta property=\"article:modified_time\" content=\"2025-10-08T20:19:41+00:00\" \/>\r\n<meta property=\"og:image\" content=\"https:\/\/www.uqac.ca\/uqactualites\/wp-content\/uploads\/2025\/09\/NUM_SalonLivreA25-V2_Uqctualite1920X1080.png\" \/>\r\n\t<meta property=\"og:image:width\" content=\"1920\" \/>\r\n\t<meta property=\"og:image:height\" content=\"1080\" \/>\r\n\t<meta property=\"og:image:type\" content=\"image\/png\" \/>\r\n<meta name=\"author\" content=\"Service des communications et des relations publiques\" \/>\r\n<meta name=\"twitter:card\" content=\"summary_large_image\" \/>\r\n<meta name=\"twitter:label1\" content=\"\u00c9crit par\" \/>\n\t<meta name=\"twitter:data1\" content=\"Service des communications et des relations publiques\" \/>\n\t<meta name=\"twitter:label2\" content=\"Estimation du temps de lecture\" \/>\n\t<meta name=\"twitter:data2\" content=\"3 minutes\" \/>\r\n<script type=\"application\/ld+json\" class=\"yoast-schema-graph\">{\"@context\":\"https:\/\/schema.org\",\"@graph\":[{\"@type\":\"WebPage\",\"@id\":\"https:\/\/www.uqac.ca\/uqactualites\/2025\/09\/26\/le-talent-litteraire-de-la-communaute-uqac-rayonne-a-la-61e-edition-du-salon-du-livre-du-saguenay-lac-saint-jean\/\",\"url\":\"https:\/\/www.uqac.ca\/uqactualites\/2025\/09\/26\/le-talent-litteraire-de-la-communaute-uqac-rayonne-a-la-61e-edition-du-salon-du-livre-du-saguenay-lac-saint-jean\/\",\"name\":\"Le talent litt\u00e9raire de la communaut\u00e9 UQAC rayonne \u00e0 la 61e \u00e9dition du Salon du livre du Saguenay-Lac-Saint-Jean - UQACtualit\u00e9s\",\"isPartOf\":{\"@id\":\"https:\/\/www.uqac.ca\/uqactualites\/#website\"},\"primaryImageOfPage\":{\"@id\":\"https:\/\/www.uqac.ca\/uqactualites\/2025\/09\/26\/le-talent-litteraire-de-la-communaute-uqac-rayonne-a-la-61e-edition-du-salon-du-livre-du-saguenay-lac-saint-jean\/#primaryimage\"},\"image\":{\"@id\":\"https:\/\/www.uqac.ca\/uqactualites\/2025\/09\/26\/le-talent-litteraire-de-la-communaute-uqac-rayonne-a-la-61e-edition-du-salon-du-livre-du-saguenay-lac-saint-jean\/#primaryimage\"},\"thumbnailUrl\":\"https:\/\/www.uqac.ca\/uqactualites\/wp-content\/uploads\/2025\/09\/NUM_SalonLivreA25-V2_Uqctualite1920X1080.png\",\"datePublished\":\"2025-09-26T15:31:28+00:00\",\"dateModified\":\"2025-10-08T20:19:41+00:00\",\"author\":{\"@id\":\"https:\/\/www.uqac.ca\/uqactualites\/#\/schema\/person\/366c45a0c4f0e677b41b4af5886e2018\"},\"breadcrumb\":{\"@id\":\"https:\/\/www.uqac.ca\/uqactualites\/2025\/09\/26\/le-talent-litteraire-de-la-communaute-uqac-rayonne-a-la-61e-edition-du-salon-du-livre-du-saguenay-lac-saint-jean\/#breadcrumb\"},\"inLanguage\":\"fr-CA\",\"potentialAction\":[{\"@type\":\"ReadAction\",\"target\":[\"https:\/\/www.uqac.ca\/uqactualites\/2025\/09\/26\/le-talent-litteraire-de-la-communaute-uqac-rayonne-a-la-61e-edition-du-salon-du-livre-du-saguenay-lac-saint-jean\/\"]}]},{\"@type\":\"ImageObject\",\"inLanguage\":\"fr-CA\",\"@id\":\"https:\/\/www.uqac.ca\/uqactualites\/2025\/09\/26\/le-talent-litteraire-de-la-communaute-uqac-rayonne-a-la-61e-edition-du-salon-du-livre-du-saguenay-lac-saint-jean\/#primaryimage\",\"url\":\"https:\/\/www.uqac.ca\/uqactualites\/wp-content\/uploads\/2025\/09\/NUM_SalonLivreA25-V2_Uqctualite1920X1080.png\",\"contentUrl\":\"https:\/\/www.uqac.ca\/uqactualites\/wp-content\/uploads\/2025\/09\/NUM_SalonLivreA25-V2_Uqctualite1920X1080.png\",\"width\":1920,\"height\":1080},{\"@type\":\"BreadcrumbList\",\"@id\":\"https:\/\/www.uqac.ca\/uqactualites\/2025\/09\/26\/le-talent-litteraire-de-la-communaute-uqac-rayonne-a-la-61e-edition-du-salon-du-livre-du-saguenay-lac-saint-jean\/#breadcrumb\",\"itemListElement\":[{\"@type\":\"ListItem\",\"position\":1,\"name\":\"Home\",\"item\":\"https:\/\/www.uqac.ca\/uqactualites\/\"},{\"@type\":\"ListItem\",\"position\":2,\"name\":\"Le talent litt\u00e9raire de la communaut\u00e9 UQAC rayonne \u00e0 la 61e \u00e9dition du Salon du livre du Saguenay-Lac-Saint-Jean\"}]},{\"@type\":\"WebSite\",\"@id\":\"https:\/\/www.uqac.ca\/uqactualites\/#website\",\"url\":\"https:\/\/www.uqac.ca\/uqactualites\/\",\"name\":\"UQACtualit\u00e9s\",\"description\":\"Le portail des nouvelles de l&#039;UQAC\",\"potentialAction\":[{\"@type\":\"SearchAction\",\"target\":{\"@type\":\"EntryPoint\",\"urlTemplate\":\"https:\/\/www.uqac.ca\/uqactualites\/?s={search_term_string}\"},\"query-input\":{\"@type\":\"PropertyValueSpecification\",\"valueRequired\":true,\"valueName\":\"search_term_string\"}}],\"inLanguage\":\"fr-CA\"},{\"@type\":\"Person\",\"@id\":\"https:\/\/www.uqac.ca\/uqactualites\/#\/schema\/person\/366c45a0c4f0e677b41b4af5886e2018\",\"name\":\"Service des communications et des relations publiques\",\"image\":{\"@type\":\"ImageObject\",\"inLanguage\":\"fr-CA\",\"@id\":\"https:\/\/www.uqac.ca\/uqactualites\/#\/schema\/person\/image\/\",\"url\":\"https:\/\/secure.gravatar.com\/avatar\/20fbbda8a292f59f2d3461a5b999c00b?s=96&d=mm&r=g\",\"contentUrl\":\"https:\/\/secure.gravatar.com\/avatar\/20fbbda8a292f59f2d3461a5b999c00b?s=96&d=mm&r=g\",\"caption\":\"Service des communications et des relations publiques\"},\"url\":\"https:\/\/www.uqac.ca\/uqactualites\/author\/bap\/\"}]}<\/script>\r\n<!-- \/ Yoast SEO plugin. -->","yoast_head_json":{"title":"Le talent litt\u00e9raire de la communaut\u00e9 UQAC rayonne \u00e0 la 61e \u00e9dition du Salon du livre du Saguenay-Lac-Saint-Jean - UQACtualit\u00e9s","robots":{"index":"index","follow":"follow","max-snippet":"max-snippet:-1","max-image-preview":"max-image-preview:large","max-video-preview":"max-video-preview:-1"},"canonical":"https:\/\/www.uqac.ca\/uqactualites\/2025\/09\/26\/le-talent-litteraire-de-la-communaute-uqac-rayonne-a-la-61e-edition-du-salon-du-livre-du-saguenay-lac-saint-jean\/","og_locale":"fr_CA","og_type":"article","og_title":"Le talent litt\u00e9raire de la communaut\u00e9 UQAC rayonne \u00e0 la 61e \u00e9dition du Salon du livre du Saguenay-Lac-Saint-Jean - UQACtualit\u00e9s","og_description":"Le jeudi, 25 septembre dernier avait lieu la soir\u00e9e des prix litt\u00e9raires pr\u00e9sent\u00e9e dans le cadre de l\u2019\u00e9dition 2025 du Salon du livre du Saguenay-Lac-Saint-Jean. Parmi les cinq prix d\u00e9cern\u00e9s lors de cette c\u00e9r\u00e9monie, quatre ont \u00e9t\u00e9 remis \u00e0 des talents issus du corps professoral ou de la communaut\u00e9 des dipl\u00f4m\u00e9s et dipl\u00f4m\u00e9es de l\u2019UQAC. [&hellip;]","og_url":"https:\/\/www.uqac.ca\/uqactualites\/2025\/09\/26\/le-talent-litteraire-de-la-communaute-uqac-rayonne-a-la-61e-edition-du-salon-du-livre-du-saguenay-lac-saint-jean\/","og_site_name":"UQACtualit\u00e9s","article_published_time":"2025-09-26T15:31:28+00:00","article_modified_time":"2025-10-08T20:19:41+00:00","og_image":[{"width":1920,"height":1080,"url":"https:\/\/www.uqac.ca\/uqactualites\/wp-content\/uploads\/2025\/09\/NUM_SalonLivreA25-V2_Uqctualite1920X1080.png","type":"image\/png"}],"author":"Service des communications et des relations publiques","twitter_card":"summary_large_image","twitter_misc":{"\u00c9crit par":"Service des communications et des relations publiques","Estimation du temps de lecture":"3 minutes"},"schema":{"@context":"https:\/\/schema.org","@graph":[{"@type":"WebPage","@id":"https:\/\/www.uqac.ca\/uqactualites\/2025\/09\/26\/le-talent-litteraire-de-la-communaute-uqac-rayonne-a-la-61e-edition-du-salon-du-livre-du-saguenay-lac-saint-jean\/","url":"https:\/\/www.uqac.ca\/uqactualites\/2025\/09\/26\/le-talent-litteraire-de-la-communaute-uqac-rayonne-a-la-61e-edition-du-salon-du-livre-du-saguenay-lac-saint-jean\/","name":"Le talent litt\u00e9raire de la communaut\u00e9 UQAC rayonne \u00e0 la 61e \u00e9dition du Salon du livre du Saguenay-Lac-Saint-Jean - UQACtualit\u00e9s","isPartOf":{"@id":"https:\/\/www.uqac.ca\/uqactualites\/#website"},"primaryImageOfPage":{"@id":"https:\/\/www.uqac.ca\/uqactualites\/2025\/09\/26\/le-talent-litteraire-de-la-communaute-uqac-rayonne-a-la-61e-edition-du-salon-du-livre-du-saguenay-lac-saint-jean\/#primaryimage"},"image":{"@id":"https:\/\/www.uqac.ca\/uqactualites\/2025\/09\/26\/le-talent-litteraire-de-la-communaute-uqac-rayonne-a-la-61e-edition-du-salon-du-livre-du-saguenay-lac-saint-jean\/#primaryimage"},"thumbnailUrl":"https:\/\/www.uqac.ca\/uqactualites\/wp-content\/uploads\/2025\/09\/NUM_SalonLivreA25-V2_Uqctualite1920X1080.png","datePublished":"2025-09-26T15:31:28+00:00","dateModified":"2025-10-08T20:19:41+00:00","author":{"@id":"https:\/\/www.uqac.ca\/uqactualites\/#\/schema\/person\/366c45a0c4f0e677b41b4af5886e2018"},"breadcrumb":{"@id":"https:\/\/www.uqac.ca\/uqactualites\/2025\/09\/26\/le-talent-litteraire-de-la-communaute-uqac-rayonne-a-la-61e-edition-du-salon-du-livre-du-saguenay-lac-saint-jean\/#breadcrumb"},"inLanguage":"fr-CA","potentialAction":[{"@type":"ReadAction","target":["https:\/\/www.uqac.ca\/uqactualites\/2025\/09\/26\/le-talent-litteraire-de-la-communaute-uqac-rayonne-a-la-61e-edition-du-salon-du-livre-du-saguenay-lac-saint-jean\/"]}]},{"@type":"ImageObject","inLanguage":"fr-CA","@id":"https:\/\/www.uqac.ca\/uqactualites\/2025\/09\/26\/le-talent-litteraire-de-la-communaute-uqac-rayonne-a-la-61e-edition-du-salon-du-livre-du-saguenay-lac-saint-jean\/#primaryimage","url":"https:\/\/www.uqac.ca\/uqactualites\/wp-content\/uploads\/2025\/09\/NUM_SalonLivreA25-V2_Uqctualite1920X1080.png","contentUrl":"https:\/\/www.uqac.ca\/uqactualites\/wp-content\/uploads\/2025\/09\/NUM_SalonLivreA25-V2_Uqctualite1920X1080.png","width":1920,"height":1080},{"@type":"BreadcrumbList","@id":"https:\/\/www.uqac.ca\/uqactualites\/2025\/09\/26\/le-talent-litteraire-de-la-communaute-uqac-rayonne-a-la-61e-edition-du-salon-du-livre-du-saguenay-lac-saint-jean\/#breadcrumb","itemListElement":[{"@type":"ListItem","position":1,"name":"Home","item":"https:\/\/www.uqac.ca\/uqactualites\/"},{"@type":"ListItem","position":2,"name":"Le talent litt\u00e9raire de la communaut\u00e9 UQAC rayonne \u00e0 la 61e \u00e9dition du Salon du livre du Saguenay-Lac-Saint-Jean"}]},{"@type":"WebSite","@id":"https:\/\/www.uqac.ca\/uqactualites\/#website","url":"https:\/\/www.uqac.ca\/uqactualites\/","name":"UQACtualit\u00e9s","description":"Le portail des nouvelles de l&#039;UQAC","potentialAction":[{"@type":"SearchAction","target":{"@type":"EntryPoint","urlTemplate":"https:\/\/www.uqac.ca\/uqactualites\/?s={search_term_string}"},"query-input":{"@type":"PropertyValueSpecification","valueRequired":true,"valueName":"search_term_string"}}],"inLanguage":"fr-CA"},{"@type":"Person","@id":"https:\/\/www.uqac.ca\/uqactualites\/#\/schema\/person\/366c45a0c4f0e677b41b4af5886e2018","name":"Service des communications et des relations publiques","image":{"@type":"ImageObject","inLanguage":"fr-CA","@id":"https:\/\/www.uqac.ca\/uqactualites\/#\/schema\/person\/image\/","url":"https:\/\/secure.gravatar.com\/avatar\/20fbbda8a292f59f2d3461a5b999c00b?s=96&d=mm&r=g","contentUrl":"https:\/\/secure.gravatar.com\/avatar\/20fbbda8a292f59f2d3461a5b999c00b?s=96&d=mm&r=g","caption":"Service des communications et des relations publiques"},"url":"https:\/\/www.uqac.ca\/uqactualites\/author\/bap\/"}]}},"_links":{"self":[{"href":"https:\/\/www.uqac.ca\/uqactualites\/wp-json\/wp\/v2\/posts\/51742"}],"collection":[{"href":"https:\/\/www.uqac.ca\/uqactualites\/wp-json\/wp\/v2\/posts"}],"about":[{"href":"https:\/\/www.uqac.ca\/uqactualites\/wp-json\/wp\/v2\/types\/post"}],"author":[{"embeddable":true,"href":"https:\/\/www.uqac.ca\/uqactualites\/wp-json\/wp\/v2\/users\/5"}],"replies":[{"embeddable":true,"href":"https:\/\/www.uqac.ca\/uqactualites\/wp-json\/wp\/v2\/comments?post=51742"}],"version-history":[{"count":15,"href":"https:\/\/www.uqac.ca\/uqactualites\/wp-json\/wp\/v2\/posts\/51742\/revisions"}],"predecessor-version":[{"id":51945,"href":"https:\/\/www.uqac.ca\/uqactualites\/wp-json\/wp\/v2\/posts\/51742\/revisions\/51945"}],"wp:featuredmedia":[{"embeddable":true,"href":"https:\/\/www.uqac.ca\/uqactualites\/wp-json\/wp\/v2\/media\/51751"}],"wp:attachment":[{"href":"https:\/\/www.uqac.ca\/uqactualites\/wp-json\/wp\/v2\/media?parent=51742"}],"wp:term":[{"taxonomy":"category","embeddable":true,"href":"https:\/\/www.uqac.ca\/uqactualites\/wp-json\/wp\/v2\/categories?post=51742"},{"taxonomy":"post_tag","embeddable":true,"href":"https:\/\/www.uqac.ca\/uqactualites\/wp-json\/wp\/v2\/tags?post=51742"}],"curies":[{"name":"wp","href":"https:\/\/api.w.org\/{rel}","templated":true}]}}