{"id":51799,"date":"2025-10-01T16:09:35","date_gmt":"2025-10-01T20:09:35","guid":{"rendered":"https:\/\/www.uqac.ca\/uqactualites\/?p=51799"},"modified":"2025-10-03T09:56:08","modified_gmt":"2025-10-03T13:56:08","slug":"un-ambassadeur-des-etudes-quebecoises-au-japon-en-visite-a-luqac","status":"publish","type":"post","link":"https:\/\/www.uqac.ca\/uqactualites\/2025\/10\/01\/un-ambassadeur-des-etudes-quebecoises-au-japon-en-visite-a-luqac\/","title":{"rendered":"Un ambassadeur des \u00e9tudes qu\u00e9b\u00e9coises au Japon en visite \u00e0 l\u2019UQAC"},"content":{"rendered":"<p>\u00c0 l\u2019invitation du <a href=\"https:\/\/cridaq.uqam.ca\/\" target=\"_blank\" rel=\"noopener\">Centre de recherche interdisciplinaire sur la diversit\u00e9 et la d\u00e9mocratie (CRIDAQ)<\/a>, l&rsquo;UQAC a eu le plaisir et l\u2019honneur d\u2019accueillir, en septembre dernier, le professeur Kiyonobu Date, de l\u2019Universit\u00e9 de Tokyo, pour un s\u00e9jour de recherche de quelques jours.<\/p>\n<p>Professeur au D\u00e9partement des \u00e9tudes ar\u00e9ales de l\u2019\u00c9cole sup\u00e9rieure des arts et sciences de l\u2019Universit\u00e9 de Tokyo, M. Date \u00e9tait en visite au Qu\u00e9bec \u00e0 titre de chercheur invit\u00e9 du CRIDAQ. Sp\u00e9cialiste des sciences religieuses, ses travaux portent sur la la\u00efcit\u00e9 et les dynamiques entre religion et soci\u00e9t\u00e9 au Japon, en France et au Qu\u00e9bec. Membre actif de l\u2019Association japonaise des \u00e9tudes qu\u00e9b\u00e9coises, M. Date contribue \u00e0 faire rayonner la recherche qu\u00e9b\u00e9coise \u00e0 l\u2019international, notamment par ses publications en japonais sur le Qu\u00e9bec et ses traductions de certains travaux de recherche qu\u00e9b\u00e9cois, dont ceux de l\u2019historien, sociologue et professeur \u00e9m\u00e9rite de l&rsquo;UQAC <a href=\"https:\/\/portfolio.uqac.ca\/gerardbouchard\/\" target=\"_blank\" rel=\"noopener\">G\u00e9rard Bouchard<\/a>. Son s\u00e9jour \u00e0 l\u2019UQAC a \u00e9t\u00e9 pr\u00e9par\u00e9 et encadr\u00e9 par les professeurs <a href=\"https:\/\/portfolio.uqac.ca\/francoisolivierdorais\/\" target=\"_blank\" rel=\"noopener\">Fran\u00e7ois-Olivier Dorais<\/a> et <a href=\"https:\/\/portfolio.uqac.ca\/arnaudmontreuil\/\" target=\"_blank\" rel=\"noopener\">Arnaud Montreuil<\/a>, avec la collaboration du professeur Dominic Bizot.<\/p>\n<p>Durant son passage, le professeur Date a offert une conf\u00e9rence sur l\u2019h\u00e9ritage de Jean-Jacques Rousseau chez Ch\u014dmin Nakae, penseur politique influent de l\u2019\u00e8re Meiji (photo 1). Il a \u00e9galement pris part \u00e0 un s\u00e9minaire de la <a href=\"https:\/\/www.uqac.ca\/programme\/2221-maitrise-en-histoire\/\" target=\"_blank\" rel=\"noopener\">ma\u00eetrise en histoire<\/a>, o\u00f9 il a pu \u00e9changer avec les \u00e9tudiants et \u00e9tudiantes sur les enjeux identitaires du Japon moderne depuis la Seconde Guerre mondiale (photo 2).<\/p>\n\r\n                <style type=\"text\/css\">\r\n                    \r\n                    #tdi_1  .td-doubleSlider-2 .td-item1 {\r\n                        background: url(https:\/\/www.uqac.ca\/uqactualites\/wp-content\/uploads\/2025\/10\/Photo-1-Jpeg.jpeg) 0 0 no-repeat;\r\n                    }\r\n                    #tdi_1  .td-doubleSlider-2 .td-item2 {\r\n                        background: url(https:\/\/www.uqac.ca\/uqactualites\/wp-content\/uploads\/2025\/10\/Photo-2-jpeg.jpeg) 0 0 no-repeat;\r\n                    }\r\n                <\/style>\r\n\r\n                <div id=\"tdi_1\" class=\"td-gallery td-slide-on-2-columns\">\r\n                    <div class=\"post_td_gallery\">\r\n                        <div class=\"td-gallery-slide-top\">\r\n                           <div class=\"td-gallery-title\"><\/div>\r\n\r\n                            <div class=\"td-gallery-controls-wrapper\">\r\n                                <div class=\"td-gallery-slide-count\"><span class=\"td-gallery-slide-item-focus\">1<\/span> of 2<\/div>\r\n                                <div class=\"td-gallery-slide-prev-next-but\">\r\n                                    <i class = \"td-icon-left doubleSliderPrevButton\"><\/i>\r\n                                    <i class = \"td-icon-right doubleSliderNextButton\"><\/i>\r\n                                <\/div>\r\n                            <\/div>\r\n                        <\/div>\r\n\r\n                        <div class = \"td-doubleSlider-1 \">\r\n                            <div class = \"td-slider\">\r\n                                \r\n                    <div class = \"td-slide-item td-item1\">\r\n                        <figure class=\"td-slide-galery-figure td-slide-popup-gallery\">\r\n                            <a class=\"slide-gallery-image-link\" href=\"https:\/\/www.uqac.ca\/uqactualites\/wp-content\/uploads\/2025\/10\/Photo-1-Jpeg.jpeg\" title=\"Photo-1-Jpeg\"  data-caption=\"photo 1\"  data-description=\"\">\r\n                                <img decoding=\"async\" src=\"https:\/\/www.uqac.ca\/uqactualites\/wp-content\/uploads\/2025\/10\/Photo-1-Jpeg.jpeg\" srcset=\"https:\/\/www.uqac.ca\/uqactualites\/wp-content\/uploads\/2025\/10\/Photo-1-Jpeg.jpeg 1200w, https:\/\/www.uqac.ca\/uqactualites\/wp-content\/uploads\/2025\/10\/Photo-1-Jpeg-300x225.jpeg 300w, https:\/\/www.uqac.ca\/uqactualites\/wp-content\/uploads\/2025\/10\/Photo-1-Jpeg-1024x768.jpeg 1024w, https:\/\/www.uqac.ca\/uqactualites\/wp-content\/uploads\/2025\/10\/Photo-1-Jpeg-768x576.jpeg 768w, https:\/\/www.uqac.ca\/uqactualites\/wp-content\/uploads\/2025\/10\/Photo-1-Jpeg-150x113.jpeg 150w, https:\/\/www.uqac.ca\/uqactualites\/wp-content\/uploads\/2025\/10\/Photo-1-Jpeg-696x522.jpeg 696w, https:\/\/www.uqac.ca\/uqactualites\/wp-content\/uploads\/2025\/10\/Photo-1-Jpeg-1068x801.jpeg 1068w\" sizes=\"(max-width: 1200px) 100vw, 1200px\" alt=\"\">\r\n                            <\/a>\r\n                            <figcaption class = \"td-slide-caption td-gallery-slide-content\"><div class = \"td-gallery-slide-copywrite\">photo 1<\/div><\/figcaption>\r\n                        <\/figure>\r\n                    <\/div>\r\n                    <div class = \"td-slide-item td-item2\">\r\n                        <figure class=\"td-slide-galery-figure td-slide-popup-gallery\">\r\n                            <a class=\"slide-gallery-image-link\" href=\"https:\/\/www.uqac.ca\/uqactualites\/wp-content\/uploads\/2025\/10\/Photo-2-jpeg.jpeg\" title=\"Photo-2-jpeg\"  data-caption=\"photo 2\"  data-description=\"\">\r\n                                <img decoding=\"async\" src=\"https:\/\/www.uqac.ca\/uqactualites\/wp-content\/uploads\/2025\/10\/Photo-2-jpeg.jpeg\" srcset=\"https:\/\/www.uqac.ca\/uqactualites\/wp-content\/uploads\/2025\/10\/Photo-2-jpeg.jpeg 1200w, https:\/\/www.uqac.ca\/uqactualites\/wp-content\/uploads\/2025\/10\/Photo-2-jpeg-300x225.jpeg 300w, https:\/\/www.uqac.ca\/uqactualites\/wp-content\/uploads\/2025\/10\/Photo-2-jpeg-1024x768.jpeg 1024w, https:\/\/www.uqac.ca\/uqactualites\/wp-content\/uploads\/2025\/10\/Photo-2-jpeg-768x576.jpeg 768w, https:\/\/www.uqac.ca\/uqactualites\/wp-content\/uploads\/2025\/10\/Photo-2-jpeg-150x113.jpeg 150w, https:\/\/www.uqac.ca\/uqactualites\/wp-content\/uploads\/2025\/10\/Photo-2-jpeg-696x522.jpeg 696w, https:\/\/www.uqac.ca\/uqactualites\/wp-content\/uploads\/2025\/10\/Photo-2-jpeg-1068x801.jpeg 1068w\" sizes=\"(max-width: 1200px) 100vw, 1200px\" alt=\"\">\r\n                            <\/a>\r\n                            <figcaption class = \"td-slide-caption td-gallery-slide-content\"><div class = \"td-gallery-slide-copywrite\">photo 2<\/div><\/figcaption>\r\n                        <\/figure>\r\n                    <\/div>\r\n                            <\/div>\r\n                        <\/div>\r\n\r\n                        <div class = \"td-doubleSlider-2\">\r\n                            <div class = \"td-slider\">\r\n                                \r\n                    <div class = \"td-button td-item1\">\r\n                        <div class = \"td-border\"><\/div>\r\n                    <\/div>\r\n                    <div class = \"td-button td-item2\">\r\n                        <div class = \"td-border\"><\/div>\r\n                    <\/div>\r\n                            <\/div>\r\n                        <\/div>\r\n\r\n                    <\/div>\r\n\r\n                <\/div>\r\n                \n<p>L&rsquo;UQAC tient \u00e0 remercier sinc\u00e8rement le professeur Date pour sa visite, sa g\u00e9n\u00e9rosit\u00e9 intellectuelle et son engagement envers les \u00e9tudes qu\u00e9b\u00e9coises.<\/p>\n","protected":false},"excerpt":{"rendered":"<p>\u00c0 l\u2019invitation du Centre de recherche interdisciplinaire sur la diversit\u00e9 et la d\u00e9mocratie (CRIDAQ), l&rsquo;UQAC a eu le plaisir et l\u2019honneur d\u2019accueillir, en septembre dernier, le professeur Kiyonobu Date, de l\u2019Universit\u00e9 de Tokyo, pour un s\u00e9jour de recherche de quelques jours. Professeur au D\u00e9partement des \u00e9tudes ar\u00e9ales de l\u2019\u00c9cole sup\u00e9rieure des arts et sciences de [&hellip;]<\/p>\n","protected":false},"author":5,"featured_media":51803,"comment_status":"closed","ping_status":"open","sticky":false,"template":"","format":"standard","meta":{"footnotes":""},"categories":[2795,2,61],"tags":[22,38,2871,2950],"yoast_head":"<!-- This site is optimized with the Yoast SEO plugin v24.2 - https:\/\/yoast.com\/wordpress\/plugins\/seo\/ -->\r\n<title>Un ambassadeur des \u00e9tudes qu\u00e9b\u00e9coises au Japon en visite \u00e0 l\u2019UQAC - UQACtualit\u00e9s<\/title>\r\n<meta name=\"robots\" content=\"index, follow, max-snippet:-1, max-image-preview:large, max-video-preview:-1\" \/>\r\n<link rel=\"canonical\" href=\"https:\/\/www.uqac.ca\/uqactualites\/2025\/10\/01\/un-ambassadeur-des-etudes-quebecoises-au-japon-en-visite-a-luqac\/\" \/>\r\n<meta property=\"og:locale\" content=\"fr_CA\" \/>\r\n<meta property=\"og:type\" content=\"article\" \/>\r\n<meta property=\"og:title\" content=\"Un ambassadeur des \u00e9tudes qu\u00e9b\u00e9coises au Japon en visite \u00e0 l\u2019UQAC - UQACtualit\u00e9s\" \/>\r\n<meta property=\"og:description\" content=\"\u00c0 l\u2019invitation du Centre de recherche interdisciplinaire sur la diversit\u00e9 et la d\u00e9mocratie (CRIDAQ), l&rsquo;UQAC a eu le plaisir et l\u2019honneur d\u2019accueillir, en septembre dernier, le professeur Kiyonobu Date, de l\u2019Universit\u00e9 de Tokyo, pour un s\u00e9jour de recherche de quelques jours. Professeur au D\u00e9partement des \u00e9tudes ar\u00e9ales de l\u2019\u00c9cole sup\u00e9rieure des arts et sciences de [&hellip;]\" \/>\r\n<meta property=\"og:url\" content=\"https:\/\/www.uqac.ca\/uqactualites\/2025\/10\/01\/un-ambassadeur-des-etudes-quebecoises-au-japon-en-visite-a-luqac\/\" \/>\r\n<meta property=\"og:site_name\" content=\"UQACtualit\u00e9s\" \/>\r\n<meta property=\"article:published_time\" content=\"2025-10-01T20:09:35+00:00\" \/>\r\n<meta property=\"article:modified_time\" content=\"2025-10-03T13:56:08+00:00\" \/>\r\n<meta property=\"og:image\" content=\"https:\/\/www.uqac.ca\/uqactualites\/wp-content\/uploads\/2025\/10\/Photo1-1024x576.png\" \/>\r\n\t<meta property=\"og:image:width\" content=\"1024\" \/>\r\n\t<meta property=\"og:image:height\" content=\"576\" \/>\r\n\t<meta property=\"og:image:type\" content=\"image\/png\" \/>\r\n<meta name=\"author\" content=\"Service des communications et des relations publiques\" \/>\r\n<meta name=\"twitter:card\" content=\"summary_large_image\" \/>\r\n<meta name=\"twitter:label1\" content=\"\u00c9crit par\" \/>\n\t<meta name=\"twitter:data1\" content=\"Service des communications et des relations publiques\" \/>\n\t<meta name=\"twitter:label2\" content=\"Estimation du temps de lecture\" \/>\n\t<meta name=\"twitter:data2\" content=\"2 minutes\" \/>\r\n<script type=\"application\/ld+json\" class=\"yoast-schema-graph\">{\"@context\":\"https:\/\/schema.org\",\"@graph\":[{\"@type\":\"WebPage\",\"@id\":\"https:\/\/www.uqac.ca\/uqactualites\/2025\/10\/01\/un-ambassadeur-des-etudes-quebecoises-au-japon-en-visite-a-luqac\/\",\"url\":\"https:\/\/www.uqac.ca\/uqactualites\/2025\/10\/01\/un-ambassadeur-des-etudes-quebecoises-au-japon-en-visite-a-luqac\/\",\"name\":\"Un ambassadeur des \u00e9tudes qu\u00e9b\u00e9coises au Japon en visite \u00e0 l\u2019UQAC - UQACtualit\u00e9s\",\"isPartOf\":{\"@id\":\"https:\/\/www.uqac.ca\/uqactualites\/#website\"},\"primaryImageOfPage\":{\"@id\":\"https:\/\/www.uqac.ca\/uqactualites\/2025\/10\/01\/un-ambassadeur-des-etudes-quebecoises-au-japon-en-visite-a-luqac\/#primaryimage\"},\"image\":{\"@id\":\"https:\/\/www.uqac.ca\/uqactualites\/2025\/10\/01\/un-ambassadeur-des-etudes-quebecoises-au-japon-en-visite-a-luqac\/#primaryimage\"},\"thumbnailUrl\":\"https:\/\/www.uqac.ca\/uqactualites\/wp-content\/uploads\/2025\/10\/Photo1.png\",\"datePublished\":\"2025-10-01T20:09:35+00:00\",\"dateModified\":\"2025-10-03T13:56:08+00:00\",\"author\":{\"@id\":\"https:\/\/www.uqac.ca\/uqactualites\/#\/schema\/person\/366c45a0c4f0e677b41b4af5886e2018\"},\"breadcrumb\":{\"@id\":\"https:\/\/www.uqac.ca\/uqactualites\/2025\/10\/01\/un-ambassadeur-des-etudes-quebecoises-au-japon-en-visite-a-luqac\/#breadcrumb\"},\"inLanguage\":\"fr-CA\",\"potentialAction\":[{\"@type\":\"ReadAction\",\"target\":[\"https:\/\/www.uqac.ca\/uqactualites\/2025\/10\/01\/un-ambassadeur-des-etudes-quebecoises-au-japon-en-visite-a-luqac\/\"]}]},{\"@type\":\"ImageObject\",\"inLanguage\":\"fr-CA\",\"@id\":\"https:\/\/www.uqac.ca\/uqactualites\/2025\/10\/01\/un-ambassadeur-des-etudes-quebecoises-au-japon-en-visite-a-luqac\/#primaryimage\",\"url\":\"https:\/\/www.uqac.ca\/uqactualites\/wp-content\/uploads\/2025\/10\/Photo1.png\",\"contentUrl\":\"https:\/\/www.uqac.ca\/uqactualites\/wp-content\/uploads\/2025\/10\/Photo1.png\",\"width\":1920,\"height\":1080},{\"@type\":\"BreadcrumbList\",\"@id\":\"https:\/\/www.uqac.ca\/uqactualites\/2025\/10\/01\/un-ambassadeur-des-etudes-quebecoises-au-japon-en-visite-a-luqac\/#breadcrumb\",\"itemListElement\":[{\"@type\":\"ListItem\",\"position\":1,\"name\":\"Home\",\"item\":\"https:\/\/www.uqac.ca\/uqactualites\/\"},{\"@type\":\"ListItem\",\"position\":2,\"name\":\"Un ambassadeur des \u00e9tudes qu\u00e9b\u00e9coises au Japon en visite \u00e0 l\u2019UQAC\"}]},{\"@type\":\"WebSite\",\"@id\":\"https:\/\/www.uqac.ca\/uqactualites\/#website\",\"url\":\"https:\/\/www.uqac.ca\/uqactualites\/\",\"name\":\"UQACtualit\u00e9s\",\"description\":\"Le portail des nouvelles de l&#039;UQAC\",\"potentialAction\":[{\"@type\":\"SearchAction\",\"target\":{\"@type\":\"EntryPoint\",\"urlTemplate\":\"https:\/\/www.uqac.ca\/uqactualites\/?s={search_term_string}\"},\"query-input\":{\"@type\":\"PropertyValueSpecification\",\"valueRequired\":true,\"valueName\":\"search_term_string\"}}],\"inLanguage\":\"fr-CA\"},{\"@type\":\"Person\",\"@id\":\"https:\/\/www.uqac.ca\/uqactualites\/#\/schema\/person\/366c45a0c4f0e677b41b4af5886e2018\",\"name\":\"Service des communications et des relations publiques\",\"image\":{\"@type\":\"ImageObject\",\"inLanguage\":\"fr-CA\",\"@id\":\"https:\/\/www.uqac.ca\/uqactualites\/#\/schema\/person\/image\/\",\"url\":\"https:\/\/secure.gravatar.com\/avatar\/20fbbda8a292f59f2d3461a5b999c00b?s=96&d=mm&r=g\",\"contentUrl\":\"https:\/\/secure.gravatar.com\/avatar\/20fbbda8a292f59f2d3461a5b999c00b?s=96&d=mm&r=g\",\"caption\":\"Service des communications et des relations publiques\"},\"url\":\"https:\/\/www.uqac.ca\/uqactualites\/author\/bap\/\"}]}<\/script>\r\n<!-- \/ Yoast SEO plugin. -->","yoast_head_json":{"title":"Un ambassadeur des \u00e9tudes qu\u00e9b\u00e9coises au Japon en visite \u00e0 l\u2019UQAC - UQACtualit\u00e9s","robots":{"index":"index","follow":"follow","max-snippet":"max-snippet:-1","max-image-preview":"max-image-preview:large","max-video-preview":"max-video-preview:-1"},"canonical":"https:\/\/www.uqac.ca\/uqactualites\/2025\/10\/01\/un-ambassadeur-des-etudes-quebecoises-au-japon-en-visite-a-luqac\/","og_locale":"fr_CA","og_type":"article","og_title":"Un ambassadeur des \u00e9tudes qu\u00e9b\u00e9coises au Japon en visite \u00e0 l\u2019UQAC - UQACtualit\u00e9s","og_description":"\u00c0 l\u2019invitation du Centre de recherche interdisciplinaire sur la diversit\u00e9 et la d\u00e9mocratie (CRIDAQ), l&rsquo;UQAC a eu le plaisir et l\u2019honneur d\u2019accueillir, en septembre dernier, le professeur Kiyonobu Date, de l\u2019Universit\u00e9 de Tokyo, pour un s\u00e9jour de recherche de quelques jours. Professeur au D\u00e9partement des \u00e9tudes ar\u00e9ales de l\u2019\u00c9cole sup\u00e9rieure des arts et sciences de [&hellip;]","og_url":"https:\/\/www.uqac.ca\/uqactualites\/2025\/10\/01\/un-ambassadeur-des-etudes-quebecoises-au-japon-en-visite-a-luqac\/","og_site_name":"UQACtualit\u00e9s","article_published_time":"2025-10-01T20:09:35+00:00","article_modified_time":"2025-10-03T13:56:08+00:00","og_image":[{"width":1024,"height":576,"url":"https:\/\/www.uqac.ca\/uqactualites\/wp-content\/uploads\/2025\/10\/Photo1-1024x576.png","type":"image\/png"}],"author":"Service des communications et des relations publiques","twitter_card":"summary_large_image","twitter_misc":{"\u00c9crit par":"Service des communications et des relations publiques","Estimation du temps de lecture":"2 minutes"},"schema":{"@context":"https:\/\/schema.org","@graph":[{"@type":"WebPage","@id":"https:\/\/www.uqac.ca\/uqactualites\/2025\/10\/01\/un-ambassadeur-des-etudes-quebecoises-au-japon-en-visite-a-luqac\/","url":"https:\/\/www.uqac.ca\/uqactualites\/2025\/10\/01\/un-ambassadeur-des-etudes-quebecoises-au-japon-en-visite-a-luqac\/","name":"Un ambassadeur des \u00e9tudes qu\u00e9b\u00e9coises au Japon en visite \u00e0 l\u2019UQAC - UQACtualit\u00e9s","isPartOf":{"@id":"https:\/\/www.uqac.ca\/uqactualites\/#website"},"primaryImageOfPage":{"@id":"https:\/\/www.uqac.ca\/uqactualites\/2025\/10\/01\/un-ambassadeur-des-etudes-quebecoises-au-japon-en-visite-a-luqac\/#primaryimage"},"image":{"@id":"https:\/\/www.uqac.ca\/uqactualites\/2025\/10\/01\/un-ambassadeur-des-etudes-quebecoises-au-japon-en-visite-a-luqac\/#primaryimage"},"thumbnailUrl":"https:\/\/www.uqac.ca\/uqactualites\/wp-content\/uploads\/2025\/10\/Photo1.png","datePublished":"2025-10-01T20:09:35+00:00","dateModified":"2025-10-03T13:56:08+00:00","author":{"@id":"https:\/\/www.uqac.ca\/uqactualites\/#\/schema\/person\/366c45a0c4f0e677b41b4af5886e2018"},"breadcrumb":{"@id":"https:\/\/www.uqac.ca\/uqactualites\/2025\/10\/01\/un-ambassadeur-des-etudes-quebecoises-au-japon-en-visite-a-luqac\/#breadcrumb"},"inLanguage":"fr-CA","potentialAction":[{"@type":"ReadAction","target":["https:\/\/www.uqac.ca\/uqactualites\/2025\/10\/01\/un-ambassadeur-des-etudes-quebecoises-au-japon-en-visite-a-luqac\/"]}]},{"@type":"ImageObject","inLanguage":"fr-CA","@id":"https:\/\/www.uqac.ca\/uqactualites\/2025\/10\/01\/un-ambassadeur-des-etudes-quebecoises-au-japon-en-visite-a-luqac\/#primaryimage","url":"https:\/\/www.uqac.ca\/uqactualites\/wp-content\/uploads\/2025\/10\/Photo1.png","contentUrl":"https:\/\/www.uqac.ca\/uqactualites\/wp-content\/uploads\/2025\/10\/Photo1.png","width":1920,"height":1080},{"@type":"BreadcrumbList","@id":"https:\/\/www.uqac.ca\/uqactualites\/2025\/10\/01\/un-ambassadeur-des-etudes-quebecoises-au-japon-en-visite-a-luqac\/#breadcrumb","itemListElement":[{"@type":"ListItem","position":1,"name":"Home","item":"https:\/\/www.uqac.ca\/uqactualites\/"},{"@type":"ListItem","position":2,"name":"Un ambassadeur des \u00e9tudes qu\u00e9b\u00e9coises au Japon en visite \u00e0 l\u2019UQAC"}]},{"@type":"WebSite","@id":"https:\/\/www.uqac.ca\/uqactualites\/#website","url":"https:\/\/www.uqac.ca\/uqactualites\/","name":"UQACtualit\u00e9s","description":"Le portail des nouvelles de l&#039;UQAC","potentialAction":[{"@type":"SearchAction","target":{"@type":"EntryPoint","urlTemplate":"https:\/\/www.uqac.ca\/uqactualites\/?s={search_term_string}"},"query-input":{"@type":"PropertyValueSpecification","valueRequired":true,"valueName":"search_term_string"}}],"inLanguage":"fr-CA"},{"@type":"Person","@id":"https:\/\/www.uqac.ca\/uqactualites\/#\/schema\/person\/366c45a0c4f0e677b41b4af5886e2018","name":"Service des communications et des relations publiques","image":{"@type":"ImageObject","inLanguage":"fr-CA","@id":"https:\/\/www.uqac.ca\/uqactualites\/#\/schema\/person\/image\/","url":"https:\/\/secure.gravatar.com\/avatar\/20fbbda8a292f59f2d3461a5b999c00b?s=96&d=mm&r=g","contentUrl":"https:\/\/secure.gravatar.com\/avatar\/20fbbda8a292f59f2d3461a5b999c00b?s=96&d=mm&r=g","caption":"Service des communications et des relations publiques"},"url":"https:\/\/www.uqac.ca\/uqactualites\/author\/bap\/"}]}},"_links":{"self":[{"href":"https:\/\/www.uqac.ca\/uqactualites\/wp-json\/wp\/v2\/posts\/51799"}],"collection":[{"href":"https:\/\/www.uqac.ca\/uqactualites\/wp-json\/wp\/v2\/posts"}],"about":[{"href":"https:\/\/www.uqac.ca\/uqactualites\/wp-json\/wp\/v2\/types\/post"}],"author":[{"embeddable":true,"href":"https:\/\/www.uqac.ca\/uqactualites\/wp-json\/wp\/v2\/users\/5"}],"replies":[{"embeddable":true,"href":"https:\/\/www.uqac.ca\/uqactualites\/wp-json\/wp\/v2\/comments?post=51799"}],"version-history":[{"count":7,"href":"https:\/\/www.uqac.ca\/uqactualites\/wp-json\/wp\/v2\/posts\/51799\/revisions"}],"predecessor-version":[{"id":51824,"href":"https:\/\/www.uqac.ca\/uqactualites\/wp-json\/wp\/v2\/posts\/51799\/revisions\/51824"}],"wp:featuredmedia":[{"embeddable":true,"href":"https:\/\/www.uqac.ca\/uqactualites\/wp-json\/wp\/v2\/media\/51803"}],"wp:attachment":[{"href":"https:\/\/www.uqac.ca\/uqactualites\/wp-json\/wp\/v2\/media?parent=51799"}],"wp:term":[{"taxonomy":"category","embeddable":true,"href":"https:\/\/www.uqac.ca\/uqactualites\/wp-json\/wp\/v2\/categories?post=51799"},{"taxonomy":"post_tag","embeddable":true,"href":"https:\/\/www.uqac.ca\/uqactualites\/wp-json\/wp\/v2\/tags?post=51799"}],"curies":[{"name":"wp","href":"https:\/\/api.w.org\/{rel}","templated":true}]}}