{"id":51855,"date":"2025-10-06T11:04:47","date_gmt":"2025-10-06T15:04:47","guid":{"rendered":"https:\/\/www.uqac.ca\/uqactualites\/?p=51855"},"modified":"2025-10-06T13:42:24","modified_gmt":"2025-10-06T17:42:24","slug":"la-communaute-nord-cotiere-en-gestion-de-projet-se-reunit-sur-le-campus-de-sept-iles","status":"publish","type":"post","link":"https:\/\/www.uqac.ca\/uqactualites\/2025\/10\/06\/la-communaute-nord-cotiere-en-gestion-de-projet-se-reunit-sur-le-campus-de-sept-iles\/","title":{"rendered":"La communaut\u00e9 nord-c\u00f4ti\u00e8re en gestion de projet se r\u00e9unit sur le campus de Sept-\u00celes"},"content":{"rendered":"<p>Le 24 septembre dernier se d\u00e9roulait sur le campus de Sept-\u00celes, le Rendez-vous de la gestion de projet. N\u00e9 d\u2019une id\u00e9e de Marie-Claude Quessy-L\u00e9gar\u00e9,\u00a0 \u00e9tudiante au <strong><a href=\"https:\/\/www.uqac.ca\/programme\/3077-doctorat-en-management-de-projets\" target=\"_blank\" rel=\"noopener\">doctorat en management de projets<\/a><\/strong>, cette initiative avait pour objectif de f\u00e9d\u00e9rer l\u2019expertise en gestion de projet pr\u00e9sente dans la r\u00e9gion de Sept-\u00celes et de Port-Cartier. R\u00e9alis\u00e9 en collaboration avec deux membres du corps professoral du <strong><a href=\"https:\/\/www.uqac.ca\/dsea\/\" target=\"_blank\" rel=\"noopener\">D\u00e9partement des sciences \u00e9conomiques et administratives<\/a><\/strong> de l\u2019UQAC, Katy Langlais et Philippe Boigey, l\u2019\u00e9v\u00e9nement a permis de rassembler pr\u00e8s de 25 professionnels et professionnelles de la gestion de projet.<\/p>\n<p>Pour lancer la saison 2025-2026 de la communaut\u00e9 de pratique r\u00e9gionale active depuis juin 2024, de multiples conf\u00e9rences et ateliers ont \u00e9t\u00e9 propos\u00e9s pendant la journ\u00e9e.<\/p>\n<p>En ouverture, Caroline Girard, architecte-associ\u00e9e principale chez BGLA, a pr\u00e9sent\u00e9 le projet de milieu de vie Nutshimit, con\u00e7u par et pour les communaut\u00e9s autochtones sur les terrains du C\u00e9gep de Sept-\u00celes.<\/p>\n<p>Par le suite, le professeur Boigey, accompagn\u00e9 de l\u2019\u00e9tudiant \u00e0 la <strong><a href=\"https:\/\/www.uqac.ca\/programme\/3249-maitrise-en-gestion-de-projet\/\" target=\"_blank\" rel=\"noopener\">ma\u00eetrise en gestion de projet<\/a><\/strong> Paul-Andr\u00e9 Vollant-Fontaine, a pr\u00e9sent\u00e9 un projet en cours de d\u00e9veloppement utilisant l\u2019IA dans la r\u00e9daction de cas en contexte autochtone. S\u2019en est suivie une conf\u00e9rence sur la gestion du changement dans un contexte de projet qui a permis de d\u00e9mystifier les diff\u00e9rentes phases, enjeux et succ\u00e8s d\u2019une approche consid\u00e9rant l\u2019humain dans le changement, avec Sylvain Houde, sp\u00e9cialiste dans le domaine.<\/p>\n<p>L\u2019apr\u00e8s-midi a \u00e9t\u00e9 marqu\u00e9 par la conf\u00e9rence de Jeannot Vich, fondateur et responsable du plus grand \u00e9v\u00e9nement sportif r\u00e9cr\u00e9atif de volleyball int\u00e9rieur au Canada, le Tournoi Orange. Finalement, le rendez-vous s\u2019est conclu avec la tenue d\u2019un atelier pratique anim\u00e9 par Marie-Claude Quessy-L\u00e9gar\u00e9 sur la r\u00e9alisation des <em>post mortem<\/em> de projet.<\/p>\n<p>Les participants et participantes ont appr\u00e9ci\u00e9 cette opportunit\u00e9 d&rsquo;enrichir leurs connaissances en gestion de projet et de r\u00e9aliser des rencontres avec d\u2019autres professionnels et professionnelles du domaine.<\/p>\n","protected":false},"excerpt":{"rendered":"<p>Le 24 septembre dernier se d\u00e9roulait sur le campus de Sept-\u00celes, le Rendez-vous de la gestion de projet. N\u00e9 d\u2019une id\u00e9e de Marie-Claude Quessy-L\u00e9gar\u00e9,\u00a0 \u00e9tudiante au doctorat en management de projets, cette initiative avait pour objectif de f\u00e9d\u00e9rer l\u2019expertise en gestion de projet pr\u00e9sente dans la r\u00e9gion de Sept-\u00celes et de Port-Cartier. R\u00e9alis\u00e9 en collaboration [&hellip;]<\/p>\n","protected":false},"author":5,"featured_media":51872,"comment_status":"closed","ping_status":"open","sticky":false,"template":"","format":"standard","meta":{"footnotes":""},"categories":[2795,61],"tags":[2990,8,1690],"yoast_head":"<!-- This site is optimized with the Yoast SEO plugin v24.2 - https:\/\/yoast.com\/wordpress\/plugins\/seo\/ -->\r\n<title>La communaut\u00e9 nord-c\u00f4ti\u00e8re en gestion de projet se r\u00e9unit sur le campus de Sept-\u00celes - UQACtualit\u00e9s<\/title>\r\n<meta name=\"robots\" content=\"index, follow, max-snippet:-1, max-image-preview:large, max-video-preview:-1\" \/>\r\n<link rel=\"canonical\" href=\"https:\/\/www.uqac.ca\/uqactualites\/2025\/10\/06\/la-communaute-nord-cotiere-en-gestion-de-projet-se-reunit-sur-le-campus-de-sept-iles\/\" \/>\r\n<meta property=\"og:locale\" content=\"fr_CA\" \/>\r\n<meta property=\"og:type\" content=\"article\" \/>\r\n<meta property=\"og:title\" content=\"La communaut\u00e9 nord-c\u00f4ti\u00e8re en gestion de projet se r\u00e9unit sur le campus de Sept-\u00celes - UQACtualit\u00e9s\" \/>\r\n<meta property=\"og:description\" content=\"Le 24 septembre dernier se d\u00e9roulait sur le campus de Sept-\u00celes, le Rendez-vous de la gestion de projet. N\u00e9 d\u2019une id\u00e9e de Marie-Claude Quessy-L\u00e9gar\u00e9,\u00a0 \u00e9tudiante au doctorat en management de projets, cette initiative avait pour objectif de f\u00e9d\u00e9rer l\u2019expertise en gestion de projet pr\u00e9sente dans la r\u00e9gion de Sept-\u00celes et de Port-Cartier. R\u00e9alis\u00e9 en collaboration [&hellip;]\" \/>\r\n<meta property=\"og:url\" content=\"https:\/\/www.uqac.ca\/uqactualites\/2025\/10\/06\/la-communaute-nord-cotiere-en-gestion-de-projet-se-reunit-sur-le-campus-de-sept-iles\/\" \/>\r\n<meta property=\"og:site_name\" content=\"UQACtualit\u00e9s\" \/>\r\n<meta property=\"article:published_time\" content=\"2025-10-06T15:04:47+00:00\" \/>\r\n<meta property=\"article:modified_time\" content=\"2025-10-06T17:42:24+00:00\" \/>\r\n<meta property=\"og:image\" content=\"https:\/\/www.uqac.ca\/uqactualites\/wp-content\/uploads\/2025\/10\/Image1.png\" \/>\r\n\t<meta property=\"og:image:width\" content=\"576\" \/>\r\n\t<meta property=\"og:image:height\" content=\"324\" \/>\r\n\t<meta property=\"og:image:type\" content=\"image\/png\" \/>\r\n<meta name=\"author\" content=\"Service des communications et des relations publiques\" \/>\r\n<meta name=\"twitter:card\" content=\"summary_large_image\" \/>\r\n<meta name=\"twitter:label1\" content=\"\u00c9crit par\" \/>\n\t<meta name=\"twitter:data1\" content=\"Service des communications et des relations publiques\" \/>\n\t<meta name=\"twitter:label2\" content=\"Estimation du temps de lecture\" \/>\n\t<meta name=\"twitter:data2\" content=\"2 minutes\" \/>\r\n<script type=\"application\/ld+json\" class=\"yoast-schema-graph\">{\"@context\":\"https:\/\/schema.org\",\"@graph\":[{\"@type\":\"WebPage\",\"@id\":\"https:\/\/www.uqac.ca\/uqactualites\/2025\/10\/06\/la-communaute-nord-cotiere-en-gestion-de-projet-se-reunit-sur-le-campus-de-sept-iles\/\",\"url\":\"https:\/\/www.uqac.ca\/uqactualites\/2025\/10\/06\/la-communaute-nord-cotiere-en-gestion-de-projet-se-reunit-sur-le-campus-de-sept-iles\/\",\"name\":\"La communaut\u00e9 nord-c\u00f4ti\u00e8re en gestion de projet se r\u00e9unit sur le campus de Sept-\u00celes - UQACtualit\u00e9s\",\"isPartOf\":{\"@id\":\"https:\/\/www.uqac.ca\/uqactualites\/#website\"},\"primaryImageOfPage\":{\"@id\":\"https:\/\/www.uqac.ca\/uqactualites\/2025\/10\/06\/la-communaute-nord-cotiere-en-gestion-de-projet-se-reunit-sur-le-campus-de-sept-iles\/#primaryimage\"},\"image\":{\"@id\":\"https:\/\/www.uqac.ca\/uqactualites\/2025\/10\/06\/la-communaute-nord-cotiere-en-gestion-de-projet-se-reunit-sur-le-campus-de-sept-iles\/#primaryimage\"},\"thumbnailUrl\":\"https:\/\/www.uqac.ca\/uqactualites\/wp-content\/uploads\/2025\/10\/Image1.png\",\"datePublished\":\"2025-10-06T15:04:47+00:00\",\"dateModified\":\"2025-10-06T17:42:24+00:00\",\"author\":{\"@id\":\"https:\/\/www.uqac.ca\/uqactualites\/#\/schema\/person\/366c45a0c4f0e677b41b4af5886e2018\"},\"breadcrumb\":{\"@id\":\"https:\/\/www.uqac.ca\/uqactualites\/2025\/10\/06\/la-communaute-nord-cotiere-en-gestion-de-projet-se-reunit-sur-le-campus-de-sept-iles\/#breadcrumb\"},\"inLanguage\":\"fr-CA\",\"potentialAction\":[{\"@type\":\"ReadAction\",\"target\":[\"https:\/\/www.uqac.ca\/uqactualites\/2025\/10\/06\/la-communaute-nord-cotiere-en-gestion-de-projet-se-reunit-sur-le-campus-de-sept-iles\/\"]}]},{\"@type\":\"ImageObject\",\"inLanguage\":\"fr-CA\",\"@id\":\"https:\/\/www.uqac.ca\/uqactualites\/2025\/10\/06\/la-communaute-nord-cotiere-en-gestion-de-projet-se-reunit-sur-le-campus-de-sept-iles\/#primaryimage\",\"url\":\"https:\/\/www.uqac.ca\/uqactualites\/wp-content\/uploads\/2025\/10\/Image1.png\",\"contentUrl\":\"https:\/\/www.uqac.ca\/uqactualites\/wp-content\/uploads\/2025\/10\/Image1.png\",\"width\":576,\"height\":324},{\"@type\":\"BreadcrumbList\",\"@id\":\"https:\/\/www.uqac.ca\/uqactualites\/2025\/10\/06\/la-communaute-nord-cotiere-en-gestion-de-projet-se-reunit-sur-le-campus-de-sept-iles\/#breadcrumb\",\"itemListElement\":[{\"@type\":\"ListItem\",\"position\":1,\"name\":\"Home\",\"item\":\"https:\/\/www.uqac.ca\/uqactualites\/\"},{\"@type\":\"ListItem\",\"position\":2,\"name\":\"La communaut\u00e9 nord-c\u00f4ti\u00e8re en gestion de projet se r\u00e9unit sur le campus de Sept-\u00celes\"}]},{\"@type\":\"WebSite\",\"@id\":\"https:\/\/www.uqac.ca\/uqactualites\/#website\",\"url\":\"https:\/\/www.uqac.ca\/uqactualites\/\",\"name\":\"UQACtualit\u00e9s\",\"description\":\"Le portail des nouvelles de l&#039;UQAC\",\"potentialAction\":[{\"@type\":\"SearchAction\",\"target\":{\"@type\":\"EntryPoint\",\"urlTemplate\":\"https:\/\/www.uqac.ca\/uqactualites\/?s={search_term_string}\"},\"query-input\":{\"@type\":\"PropertyValueSpecification\",\"valueRequired\":true,\"valueName\":\"search_term_string\"}}],\"inLanguage\":\"fr-CA\"},{\"@type\":\"Person\",\"@id\":\"https:\/\/www.uqac.ca\/uqactualites\/#\/schema\/person\/366c45a0c4f0e677b41b4af5886e2018\",\"name\":\"Service des communications et des relations publiques\",\"image\":{\"@type\":\"ImageObject\",\"inLanguage\":\"fr-CA\",\"@id\":\"https:\/\/www.uqac.ca\/uqactualites\/#\/schema\/person\/image\/\",\"url\":\"https:\/\/secure.gravatar.com\/avatar\/20fbbda8a292f59f2d3461a5b999c00b?s=96&d=mm&r=g\",\"contentUrl\":\"https:\/\/secure.gravatar.com\/avatar\/20fbbda8a292f59f2d3461a5b999c00b?s=96&d=mm&r=g\",\"caption\":\"Service des communications et des relations publiques\"},\"url\":\"https:\/\/www.uqac.ca\/uqactualites\/author\/bap\/\"}]}<\/script>\r\n<!-- \/ Yoast SEO plugin. -->","yoast_head_json":{"title":"La communaut\u00e9 nord-c\u00f4ti\u00e8re en gestion de projet se r\u00e9unit sur le campus de Sept-\u00celes - UQACtualit\u00e9s","robots":{"index":"index","follow":"follow","max-snippet":"max-snippet:-1","max-image-preview":"max-image-preview:large","max-video-preview":"max-video-preview:-1"},"canonical":"https:\/\/www.uqac.ca\/uqactualites\/2025\/10\/06\/la-communaute-nord-cotiere-en-gestion-de-projet-se-reunit-sur-le-campus-de-sept-iles\/","og_locale":"fr_CA","og_type":"article","og_title":"La communaut\u00e9 nord-c\u00f4ti\u00e8re en gestion de projet se r\u00e9unit sur le campus de Sept-\u00celes - UQACtualit\u00e9s","og_description":"Le 24 septembre dernier se d\u00e9roulait sur le campus de Sept-\u00celes, le Rendez-vous de la gestion de projet. N\u00e9 d\u2019une id\u00e9e de Marie-Claude Quessy-L\u00e9gar\u00e9,\u00a0 \u00e9tudiante au doctorat en management de projets, cette initiative avait pour objectif de f\u00e9d\u00e9rer l\u2019expertise en gestion de projet pr\u00e9sente dans la r\u00e9gion de Sept-\u00celes et de Port-Cartier. R\u00e9alis\u00e9 en collaboration [&hellip;]","og_url":"https:\/\/www.uqac.ca\/uqactualites\/2025\/10\/06\/la-communaute-nord-cotiere-en-gestion-de-projet-se-reunit-sur-le-campus-de-sept-iles\/","og_site_name":"UQACtualit\u00e9s","article_published_time":"2025-10-06T15:04:47+00:00","article_modified_time":"2025-10-06T17:42:24+00:00","og_image":[{"width":576,"height":324,"url":"https:\/\/www.uqac.ca\/uqactualites\/wp-content\/uploads\/2025\/10\/Image1.png","type":"image\/png"}],"author":"Service des communications et des relations publiques","twitter_card":"summary_large_image","twitter_misc":{"\u00c9crit par":"Service des communications et des relations publiques","Estimation du temps de lecture":"2 minutes"},"schema":{"@context":"https:\/\/schema.org","@graph":[{"@type":"WebPage","@id":"https:\/\/www.uqac.ca\/uqactualites\/2025\/10\/06\/la-communaute-nord-cotiere-en-gestion-de-projet-se-reunit-sur-le-campus-de-sept-iles\/","url":"https:\/\/www.uqac.ca\/uqactualites\/2025\/10\/06\/la-communaute-nord-cotiere-en-gestion-de-projet-se-reunit-sur-le-campus-de-sept-iles\/","name":"La communaut\u00e9 nord-c\u00f4ti\u00e8re en gestion de projet se r\u00e9unit sur le campus de Sept-\u00celes - UQACtualit\u00e9s","isPartOf":{"@id":"https:\/\/www.uqac.ca\/uqactualites\/#website"},"primaryImageOfPage":{"@id":"https:\/\/www.uqac.ca\/uqactualites\/2025\/10\/06\/la-communaute-nord-cotiere-en-gestion-de-projet-se-reunit-sur-le-campus-de-sept-iles\/#primaryimage"},"image":{"@id":"https:\/\/www.uqac.ca\/uqactualites\/2025\/10\/06\/la-communaute-nord-cotiere-en-gestion-de-projet-se-reunit-sur-le-campus-de-sept-iles\/#primaryimage"},"thumbnailUrl":"https:\/\/www.uqac.ca\/uqactualites\/wp-content\/uploads\/2025\/10\/Image1.png","datePublished":"2025-10-06T15:04:47+00:00","dateModified":"2025-10-06T17:42:24+00:00","author":{"@id":"https:\/\/www.uqac.ca\/uqactualites\/#\/schema\/person\/366c45a0c4f0e677b41b4af5886e2018"},"breadcrumb":{"@id":"https:\/\/www.uqac.ca\/uqactualites\/2025\/10\/06\/la-communaute-nord-cotiere-en-gestion-de-projet-se-reunit-sur-le-campus-de-sept-iles\/#breadcrumb"},"inLanguage":"fr-CA","potentialAction":[{"@type":"ReadAction","target":["https:\/\/www.uqac.ca\/uqactualites\/2025\/10\/06\/la-communaute-nord-cotiere-en-gestion-de-projet-se-reunit-sur-le-campus-de-sept-iles\/"]}]},{"@type":"ImageObject","inLanguage":"fr-CA","@id":"https:\/\/www.uqac.ca\/uqactualites\/2025\/10\/06\/la-communaute-nord-cotiere-en-gestion-de-projet-se-reunit-sur-le-campus-de-sept-iles\/#primaryimage","url":"https:\/\/www.uqac.ca\/uqactualites\/wp-content\/uploads\/2025\/10\/Image1.png","contentUrl":"https:\/\/www.uqac.ca\/uqactualites\/wp-content\/uploads\/2025\/10\/Image1.png","width":576,"height":324},{"@type":"BreadcrumbList","@id":"https:\/\/www.uqac.ca\/uqactualites\/2025\/10\/06\/la-communaute-nord-cotiere-en-gestion-de-projet-se-reunit-sur-le-campus-de-sept-iles\/#breadcrumb","itemListElement":[{"@type":"ListItem","position":1,"name":"Home","item":"https:\/\/www.uqac.ca\/uqactualites\/"},{"@type":"ListItem","position":2,"name":"La communaut\u00e9 nord-c\u00f4ti\u00e8re en gestion de projet se r\u00e9unit sur le campus de Sept-\u00celes"}]},{"@type":"WebSite","@id":"https:\/\/www.uqac.ca\/uqactualites\/#website","url":"https:\/\/www.uqac.ca\/uqactualites\/","name":"UQACtualit\u00e9s","description":"Le portail des nouvelles de l&#039;UQAC","potentialAction":[{"@type":"SearchAction","target":{"@type":"EntryPoint","urlTemplate":"https:\/\/www.uqac.ca\/uqactualites\/?s={search_term_string}"},"query-input":{"@type":"PropertyValueSpecification","valueRequired":true,"valueName":"search_term_string"}}],"inLanguage":"fr-CA"},{"@type":"Person","@id":"https:\/\/www.uqac.ca\/uqactualites\/#\/schema\/person\/366c45a0c4f0e677b41b4af5886e2018","name":"Service des communications et des relations publiques","image":{"@type":"ImageObject","inLanguage":"fr-CA","@id":"https:\/\/www.uqac.ca\/uqactualites\/#\/schema\/person\/image\/","url":"https:\/\/secure.gravatar.com\/avatar\/20fbbda8a292f59f2d3461a5b999c00b?s=96&d=mm&r=g","contentUrl":"https:\/\/secure.gravatar.com\/avatar\/20fbbda8a292f59f2d3461a5b999c00b?s=96&d=mm&r=g","caption":"Service des communications et des relations publiques"},"url":"https:\/\/www.uqac.ca\/uqactualites\/author\/bap\/"}]}},"_links":{"self":[{"href":"https:\/\/www.uqac.ca\/uqactualites\/wp-json\/wp\/v2\/posts\/51855"}],"collection":[{"href":"https:\/\/www.uqac.ca\/uqactualites\/wp-json\/wp\/v2\/posts"}],"about":[{"href":"https:\/\/www.uqac.ca\/uqactualites\/wp-json\/wp\/v2\/types\/post"}],"author":[{"embeddable":true,"href":"https:\/\/www.uqac.ca\/uqactualites\/wp-json\/wp\/v2\/users\/5"}],"replies":[{"embeddable":true,"href":"https:\/\/www.uqac.ca\/uqactualites\/wp-json\/wp\/v2\/comments?post=51855"}],"version-history":[{"count":17,"href":"https:\/\/www.uqac.ca\/uqactualites\/wp-json\/wp\/v2\/posts\/51855\/revisions"}],"predecessor-version":[{"id":51885,"href":"https:\/\/www.uqac.ca\/uqactualites\/wp-json\/wp\/v2\/posts\/51855\/revisions\/51885"}],"wp:featuredmedia":[{"embeddable":true,"href":"https:\/\/www.uqac.ca\/uqactualites\/wp-json\/wp\/v2\/media\/51872"}],"wp:attachment":[{"href":"https:\/\/www.uqac.ca\/uqactualites\/wp-json\/wp\/v2\/media?parent=51855"}],"wp:term":[{"taxonomy":"category","embeddable":true,"href":"https:\/\/www.uqac.ca\/uqactualites\/wp-json\/wp\/v2\/categories?post=51855"},{"taxonomy":"post_tag","embeddable":true,"href":"https:\/\/www.uqac.ca\/uqactualites\/wp-json\/wp\/v2\/tags?post=51855"}],"curies":[{"name":"wp","href":"https:\/\/api.w.org\/{rel}","templated":true}]}}