{"id":52037,"date":"2025-10-10T11:20:31","date_gmt":"2025-10-10T15:20:31","guid":{"rendered":"https:\/\/www.uqac.ca\/uqactualites\/?p=52037"},"modified":"2025-10-10T13:30:59","modified_gmt":"2025-10-10T17:30:59","slug":"luqac-decerne-les-medailles-du-gouverneur-general-du-canada-4","status":"publish","type":"post","link":"https:\/\/www.uqac.ca\/uqactualites\/2025\/10\/10\/luqac-decerne-les-medailles-du-gouverneur-general-du-canada-4\/","title":{"rendered":"L&rsquo;UQAC d\u00e9cerne les m\u00e9dailles du Gouverneur g\u00e9n\u00e9ral du Canada"},"content":{"rendered":"<p>\u00c0 l\u2019occasion de la <a href=\"https:\/\/www.uqac.ca\/uqactualites\/2025\/10\/10\/luqac-celebre-lexcellence-de-la-releve-universitaire-170-000-en-bourses-dadmission-attribues-a-69-etudiantes-et-etudiants\/\" target=\"_blank\" rel=\"noopener\"><strong>c\u00e9r\u00e9monie annuelle de remise des bourses d\u2019admission<\/strong><\/a> du 8 octobre dernier, l\u2019UQAC a eu le plaisir de remettre les prestigieuses m\u00e9dailles du Gouverneur g\u00e9n\u00e9ral du Canada \u00e0 Am\u00e9lie D\u2019Ambroise, laur\u00e9ate de la m\u00e9daille d\u2019argent, dipl\u00f4m\u00e9e du <a href=\"https:\/\/www.uqac.ca\/programme\/7092-baccalaureat-en-psychologie\/\" target=\"_blank\" rel=\"noopener\">baccalaur\u00e9at en psychologie<\/a> et \u00e9tudiante au <a href=\"https:\/\/www.uqac.ca\/programme\/1747-doctorat-en-psychologie-neuropsychologie\/\" target=\"_blank\" rel=\"noopener\">doctorat en neuropsychologie<\/a>, ainsi qu\u2019\u00e0 Catherine Lacelle, laur\u00e9ate de la m\u00e9daille d\u2019or, dipl\u00f4m\u00e9e de la <a href=\"https:\/\/www.uqac.ca\/programme\/3563-maitrise-en-travail-social\/\" target=\"_blank\" rel=\"noopener\">ma\u00eetrise en travail social<\/a> et \u00e9tudiante au <a href=\"https:\/\/www.uqac.ca\/programme\/2064-doctorat-en-sciences-humaines-appliquees\" target=\"_blank\" rel=\"noopener\">doctorat en sciences humaines appliqu\u00e9es<\/a>.<\/p>\n\r\n                <style type=\"text\/css\">\r\n                    \r\n                    #tdi_1  .td-doubleSlider-2 .td-item1 {\r\n                        background: url(https:\/\/www.uqac.ca\/uqactualites\/wp-content\/uploads\/2025\/10\/bourses-admission-fuqac-mduhaime-a25-25.jpg) 0 0 no-repeat;\r\n                    }\r\n                    #tdi_1  .td-doubleSlider-2 .td-item2 {\r\n                        background: url(https:\/\/www.uqac.ca\/uqactualites\/wp-content\/uploads\/2025\/10\/bourses-admission-fuqac-mduhaime-a25-23.jpg) 0 0 no-repeat;\r\n                    }\r\n                <\/style>\r\n\r\n                <div id=\"tdi_1\" class=\"td-gallery td-slide-on-2-columns\">\r\n                    <div class=\"post_td_gallery\">\r\n                        <div class=\"td-gallery-slide-top\">\r\n                           <div class=\"td-gallery-title\"><\/div>\r\n\r\n                            <div class=\"td-gallery-controls-wrapper\">\r\n                                <div class=\"td-gallery-slide-count\"><span class=\"td-gallery-slide-item-focus\">1<\/span> of 2<\/div>\r\n                                <div class=\"td-gallery-slide-prev-next-but\">\r\n                                    <i class = \"td-icon-left doubleSliderPrevButton\"><\/i>\r\n                                    <i class = \"td-icon-right doubleSliderNextButton\"><\/i>\r\n                                <\/div>\r\n                            <\/div>\r\n                        <\/div>\r\n\r\n                        <div class = \"td-doubleSlider-1 \">\r\n                            <div class = \"td-slider\">\r\n                                \r\n                    <div class = \"td-slide-item td-item1\">\r\n                        <figure class=\"td-slide-galery-figure td-slide-popup-gallery\">\r\n                            <a class=\"slide-gallery-image-link\" href=\"https:\/\/www.uqac.ca\/uqactualites\/wp-content\/uploads\/2025\/10\/bourses-admission-fuqac-mduhaime-a25-25.jpg\" title=\"bourses-admission-fuqac-mduhaime-a25-25\"  data-caption=\"Catherine Lacelle, laur\u00e9ate de la m\u00e9daille d\u2019or, entour\u00e9e du doyen Manu Tranquard, des vice-recteurs \u00c9tienne H\u00e9bert et Mohamed Bouazara, de la professeure titulaire en travail social \u00c8ve Pouliot, et la doyenne Suzy Ngomo\"  data-description=\"\">\r\n                                <img decoding=\"async\" src=\"https:\/\/www.uqac.ca\/uqactualites\/wp-content\/uploads\/2025\/10\/bourses-admission-fuqac-mduhaime-a25-25.jpg\" srcset=\"https:\/\/www.uqac.ca\/uqactualites\/wp-content\/uploads\/2025\/10\/bourses-admission-fuqac-mduhaime-a25-25.jpg 1920w, https:\/\/www.uqac.ca\/uqactualites\/wp-content\/uploads\/2025\/10\/bourses-admission-fuqac-mduhaime-a25-25-300x168.jpg 300w, https:\/\/www.uqac.ca\/uqactualites\/wp-content\/uploads\/2025\/10\/bourses-admission-fuqac-mduhaime-a25-25-1024x574.jpg 1024w, https:\/\/www.uqac.ca\/uqactualites\/wp-content\/uploads\/2025\/10\/bourses-admission-fuqac-mduhaime-a25-25-768x431.jpg 768w, https:\/\/www.uqac.ca\/uqactualites\/wp-content\/uploads\/2025\/10\/bourses-admission-fuqac-mduhaime-a25-25-1536x862.jpg 1536w, https:\/\/www.uqac.ca\/uqactualites\/wp-content\/uploads\/2025\/10\/bourses-admission-fuqac-mduhaime-a25-25-150x84.jpg 150w, https:\/\/www.uqac.ca\/uqactualites\/wp-content\/uploads\/2025\/10\/bourses-admission-fuqac-mduhaime-a25-25-696x390.jpg 696w, https:\/\/www.uqac.ca\/uqactualites\/wp-content\/uploads\/2025\/10\/bourses-admission-fuqac-mduhaime-a25-25-1068x599.jpg 1068w\" sizes=\"(max-width: 1920px) 100vw, 1920px\" alt=\"\">\r\n                            <\/a>\r\n                            <figcaption class = \"td-slide-caption td-gallery-slide-content\"><div class = \"td-gallery-slide-copywrite\">Catherine Lacelle, laur\u00e9ate de la m\u00e9daille d\u2019or, entour\u00e9e du doyen Manu Tranquard, des vice-recteurs \u00c9tienne H\u00e9bert et Mohamed Bouazara, de la professeure titulaire en travail social \u00c8ve Pouliot, et la doyenne Suzy Ngomo<\/div><\/figcaption>\r\n                        <\/figure>\r\n                    <\/div>\r\n                    <div class = \"td-slide-item td-item2\">\r\n                        <figure class=\"td-slide-galery-figure td-slide-popup-gallery\">\r\n                            <a class=\"slide-gallery-image-link\" href=\"https:\/\/www.uqac.ca\/uqactualites\/wp-content\/uploads\/2025\/10\/bourses-admission-fuqac-mduhaime-a25-23.jpg\" title=\"bourses-admission-fuqac-mduhaime-a25-23\"  data-caption=\"Am\u00e9lie D\u2019Ambroise, laur\u00e9ate de la m\u00e9daille d\u2019argent, entour\u00e9e du doyen Manu Tranquard, de la directrice du D\u00e9partement des sciences de la sant\u00e9 Julie Bouchard, de la doyenne Suzy Ngomo et des vice-recteurs \u00c9tienne H\u00e9bert et Mohamed Bouazara.\"  data-description=\"\">\r\n                                <img decoding=\"async\" src=\"https:\/\/www.uqac.ca\/uqactualites\/wp-content\/uploads\/2025\/10\/bourses-admission-fuqac-mduhaime-a25-23.jpg\" srcset=\"https:\/\/www.uqac.ca\/uqactualites\/wp-content\/uploads\/2025\/10\/bourses-admission-fuqac-mduhaime-a25-23.jpg 1920w, https:\/\/www.uqac.ca\/uqactualites\/wp-content\/uploads\/2025\/10\/bourses-admission-fuqac-mduhaime-a25-23-300x168.jpg 300w, https:\/\/www.uqac.ca\/uqactualites\/wp-content\/uploads\/2025\/10\/bourses-admission-fuqac-mduhaime-a25-23-1024x574.jpg 1024w, https:\/\/www.uqac.ca\/uqactualites\/wp-content\/uploads\/2025\/10\/bourses-admission-fuqac-mduhaime-a25-23-768x431.jpg 768w, https:\/\/www.uqac.ca\/uqactualites\/wp-content\/uploads\/2025\/10\/bourses-admission-fuqac-mduhaime-a25-23-1536x862.jpg 1536w, https:\/\/www.uqac.ca\/uqactualites\/wp-content\/uploads\/2025\/10\/bourses-admission-fuqac-mduhaime-a25-23-150x84.jpg 150w, https:\/\/www.uqac.ca\/uqactualites\/wp-content\/uploads\/2025\/10\/bourses-admission-fuqac-mduhaime-a25-23-696x390.jpg 696w, https:\/\/www.uqac.ca\/uqactualites\/wp-content\/uploads\/2025\/10\/bourses-admission-fuqac-mduhaime-a25-23-1068x599.jpg 1068w\" sizes=\"(max-width: 1920px) 100vw, 1920px\" alt=\"\">\r\n                            <\/a>\r\n                            <figcaption class = \"td-slide-caption td-gallery-slide-content\"><div class = \"td-gallery-slide-copywrite\">Am\u00e9lie D\u2019Ambroise, laur\u00e9ate de la m\u00e9daille d\u2019argent, entour\u00e9e du doyen Manu Tranquard, de la directrice du D\u00e9partement des sciences de la sant\u00e9 Julie Bouchard, de la doyenne Suzy Ngomo et des vice-recteurs \u00c9tienne H\u00e9bert et Mohamed Bouazara.<\/div><\/figcaption>\r\n                        <\/figure>\r\n                    <\/div>\r\n                            <\/div>\r\n                        <\/div>\r\n\r\n                        <div class = \"td-doubleSlider-2\">\r\n                            <div class = \"td-slider\">\r\n                                \r\n                    <div class = \"td-button td-item1\">\r\n                        <div class = \"td-border\"><\/div>\r\n                    <\/div>\r\n                    <div class = \"td-button td-item2\">\r\n                        <div class = \"td-border\"><\/div>\r\n                    <\/div>\r\n                            <\/div>\r\n                        <\/div>\r\n\r\n                    <\/div>\r\n\r\n                <\/div>\r\n                \n<p>F\u00e9licitations aux deux laur\u00e9ates pour cette reconnaissance de leur r\u00e9ussite acad\u00e9mique exceptionnelle!<\/p>\n<h5>\u00c0 propos de la m\u00e9daille du Gouverneur g\u00e9n\u00e9ral<\/h5>\n<p>Attribu\u00e9e pour la premi\u00e8re fois en 1873, la\u00a0<a href=\"https:\/\/www.gg.ca\/fr\/distinctions\/prix-du-gouverneur-general\/medaille-academique-du-gouverneur-general\">m\u00e9daille acad\u00e9mique du\u00a0Gouverneur g\u00e9n\u00e9ral<\/a>\u00a0est devenue l\u2019une des plus prestigieuses distinctions offertes aux \u00e9tudiantes et \u00e9tudiants des \u00e9tablissements d\u2019enseignement canadiens.<\/p>\n<p>La m\u00e9daille d\u2019argent est d\u00e9cern\u00e9e \u00e0 l\u2019\u00e9tudiante ou \u00e0 l\u2019\u00e9tudiant qui obtient les meilleurs r\u00e9sultats dans un programme d\u2019\u00e9tudes conduisant au baccalaur\u00e9at, alors que la m\u00e9daille d\u2019or r\u00e9compense les performances acad\u00e9miques exceptionnelles aux cycles sup\u00e9rieurs (2e et 3e cycles).<\/p>\n<p>Rappelons que les m\u00e9dailles sont remises aux \u00e9tudiantes et \u00e9tudiants qui ont obtenu la meilleure moyenne au terme de leurs \u00e9tudes dans une \u00e9cole secondaire, dans un coll\u00e8ge ou une universit\u00e9. Il s\u2019agit de la plus haute distinction acad\u00e9mique offerte dans les \u00e9tablissements d\u2019enseignement canadiens.<\/p>\n","protected":false},"excerpt":{"rendered":"<p>\u00c0 l\u2019occasion de la c\u00e9r\u00e9monie annuelle de remise des bourses d\u2019admission du 8 octobre dernier, l\u2019UQAC a eu le plaisir de remettre les prestigieuses m\u00e9dailles du Gouverneur g\u00e9n\u00e9ral du Canada \u00e0 Am\u00e9lie D\u2019Ambroise, laur\u00e9ate de la m\u00e9daille d\u2019argent, dipl\u00f4m\u00e9e du baccalaur\u00e9at en psychologie et \u00e9tudiante au doctorat en neuropsychologie, ainsi qu\u2019\u00e0 Catherine Lacelle, laur\u00e9ate de [&hellip;]<\/p>\n","protected":false},"author":5,"featured_media":52041,"comment_status":"closed","ping_status":"open","sticky":false,"template":"","format":"standard","meta":{"footnotes":""},"categories":[2795,2854,9],"tags":[22,23,49,110,169],"yoast_head":"<!-- This site is optimized with the Yoast SEO plugin v24.2 - https:\/\/yoast.com\/wordpress\/plugins\/seo\/ -->\r\n<title>L&#039;UQAC d\u00e9cerne les m\u00e9dailles du Gouverneur g\u00e9n\u00e9ral du Canada - UQACtualit\u00e9s<\/title>\r\n<meta name=\"robots\" content=\"index, follow, max-snippet:-1, max-image-preview:large, max-video-preview:-1\" \/>\r\n<link rel=\"canonical\" href=\"https:\/\/www.uqac.ca\/uqactualites\/2025\/10\/10\/luqac-decerne-les-medailles-du-gouverneur-general-du-canada-4\/\" \/>\r\n<meta property=\"og:locale\" content=\"fr_CA\" \/>\r\n<meta property=\"og:type\" content=\"article\" \/>\r\n<meta property=\"og:title\" content=\"L&#039;UQAC d\u00e9cerne les m\u00e9dailles du Gouverneur g\u00e9n\u00e9ral du Canada - UQACtualit\u00e9s\" \/>\r\n<meta property=\"og:description\" content=\"\u00c0 l\u2019occasion de la c\u00e9r\u00e9monie annuelle de remise des bourses d\u2019admission du 8 octobre dernier, l\u2019UQAC a eu le plaisir de remettre les prestigieuses m\u00e9dailles du Gouverneur g\u00e9n\u00e9ral du Canada \u00e0 Am\u00e9lie D\u2019Ambroise, laur\u00e9ate de la m\u00e9daille d\u2019argent, dipl\u00f4m\u00e9e du baccalaur\u00e9at en psychologie et \u00e9tudiante au doctorat en neuropsychologie, ainsi qu\u2019\u00e0 Catherine Lacelle, laur\u00e9ate de [&hellip;]\" \/>\r\n<meta property=\"og:url\" content=\"https:\/\/www.uqac.ca\/uqactualites\/2025\/10\/10\/luqac-decerne-les-medailles-du-gouverneur-general-du-canada-4\/\" \/>\r\n<meta property=\"og:site_name\" content=\"UQACtualit\u00e9s\" \/>\r\n<meta property=\"article:published_time\" content=\"2025-10-10T15:20:31+00:00\" \/>\r\n<meta property=\"article:modified_time\" content=\"2025-10-10T17:30:59+00:00\" \/>\r\n<meta property=\"og:image\" content=\"https:\/\/www.uqac.ca\/uqactualites\/wp-content\/uploads\/2025\/10\/bourses-admission-fuqac-mduhaime-a25-26-1.jpg\" \/>\r\n\t<meta property=\"og:image:width\" content=\"1920\" \/>\r\n\t<meta property=\"og:image:height\" content=\"1077\" \/>\r\n\t<meta property=\"og:image:type\" content=\"image\/jpeg\" \/>\r\n<meta name=\"author\" content=\"Service des communications et des relations publiques\" \/>\r\n<meta name=\"twitter:card\" content=\"summary_large_image\" \/>\r\n<meta name=\"twitter:label1\" content=\"\u00c9crit par\" \/>\n\t<meta name=\"twitter:data1\" content=\"Service des communications et des relations publiques\" \/>\n\t<meta name=\"twitter:label2\" content=\"Estimation du temps de lecture\" \/>\n\t<meta name=\"twitter:data2\" content=\"2 minutes\" \/>\r\n<script type=\"application\/ld+json\" class=\"yoast-schema-graph\">{\"@context\":\"https:\/\/schema.org\",\"@graph\":[{\"@type\":\"WebPage\",\"@id\":\"https:\/\/www.uqac.ca\/uqactualites\/2025\/10\/10\/luqac-decerne-les-medailles-du-gouverneur-general-du-canada-4\/\",\"url\":\"https:\/\/www.uqac.ca\/uqactualites\/2025\/10\/10\/luqac-decerne-les-medailles-du-gouverneur-general-du-canada-4\/\",\"name\":\"L'UQAC d\u00e9cerne les m\u00e9dailles du Gouverneur g\u00e9n\u00e9ral du Canada - UQACtualit\u00e9s\",\"isPartOf\":{\"@id\":\"https:\/\/www.uqac.ca\/uqactualites\/#website\"},\"primaryImageOfPage\":{\"@id\":\"https:\/\/www.uqac.ca\/uqactualites\/2025\/10\/10\/luqac-decerne-les-medailles-du-gouverneur-general-du-canada-4\/#primaryimage\"},\"image\":{\"@id\":\"https:\/\/www.uqac.ca\/uqactualites\/2025\/10\/10\/luqac-decerne-les-medailles-du-gouverneur-general-du-canada-4\/#primaryimage\"},\"thumbnailUrl\":\"https:\/\/www.uqac.ca\/uqactualites\/wp-content\/uploads\/2025\/10\/bourses-admission-fuqac-mduhaime-a25-26-1.jpg\",\"datePublished\":\"2025-10-10T15:20:31+00:00\",\"dateModified\":\"2025-10-10T17:30:59+00:00\",\"author\":{\"@id\":\"https:\/\/www.uqac.ca\/uqactualites\/#\/schema\/person\/366c45a0c4f0e677b41b4af5886e2018\"},\"breadcrumb\":{\"@id\":\"https:\/\/www.uqac.ca\/uqactualites\/2025\/10\/10\/luqac-decerne-les-medailles-du-gouverneur-general-du-canada-4\/#breadcrumb\"},\"inLanguage\":\"fr-CA\",\"potentialAction\":[{\"@type\":\"ReadAction\",\"target\":[\"https:\/\/www.uqac.ca\/uqactualites\/2025\/10\/10\/luqac-decerne-les-medailles-du-gouverneur-general-du-canada-4\/\"]}]},{\"@type\":\"ImageObject\",\"inLanguage\":\"fr-CA\",\"@id\":\"https:\/\/www.uqac.ca\/uqactualites\/2025\/10\/10\/luqac-decerne-les-medailles-du-gouverneur-general-du-canada-4\/#primaryimage\",\"url\":\"https:\/\/www.uqac.ca\/uqactualites\/wp-content\/uploads\/2025\/10\/bourses-admission-fuqac-mduhaime-a25-26-1.jpg\",\"contentUrl\":\"https:\/\/www.uqac.ca\/uqactualites\/wp-content\/uploads\/2025\/10\/bourses-admission-fuqac-mduhaime-a25-26-1.jpg\",\"width\":1920,\"height\":1077},{\"@type\":\"BreadcrumbList\",\"@id\":\"https:\/\/www.uqac.ca\/uqactualites\/2025\/10\/10\/luqac-decerne-les-medailles-du-gouverneur-general-du-canada-4\/#breadcrumb\",\"itemListElement\":[{\"@type\":\"ListItem\",\"position\":1,\"name\":\"Home\",\"item\":\"https:\/\/www.uqac.ca\/uqactualites\/\"},{\"@type\":\"ListItem\",\"position\":2,\"name\":\"L&rsquo;UQAC d\u00e9cerne les m\u00e9dailles du Gouverneur g\u00e9n\u00e9ral du Canada\"}]},{\"@type\":\"WebSite\",\"@id\":\"https:\/\/www.uqac.ca\/uqactualites\/#website\",\"url\":\"https:\/\/www.uqac.ca\/uqactualites\/\",\"name\":\"UQACtualit\u00e9s\",\"description\":\"Le portail des nouvelles de l&#039;UQAC\",\"potentialAction\":[{\"@type\":\"SearchAction\",\"target\":{\"@type\":\"EntryPoint\",\"urlTemplate\":\"https:\/\/www.uqac.ca\/uqactualites\/?s={search_term_string}\"},\"query-input\":{\"@type\":\"PropertyValueSpecification\",\"valueRequired\":true,\"valueName\":\"search_term_string\"}}],\"inLanguage\":\"fr-CA\"},{\"@type\":\"Person\",\"@id\":\"https:\/\/www.uqac.ca\/uqactualites\/#\/schema\/person\/366c45a0c4f0e677b41b4af5886e2018\",\"name\":\"Service des communications et des relations publiques\",\"image\":{\"@type\":\"ImageObject\",\"inLanguage\":\"fr-CA\",\"@id\":\"https:\/\/www.uqac.ca\/uqactualites\/#\/schema\/person\/image\/\",\"url\":\"https:\/\/secure.gravatar.com\/avatar\/20fbbda8a292f59f2d3461a5b999c00b?s=96&d=mm&r=g\",\"contentUrl\":\"https:\/\/secure.gravatar.com\/avatar\/20fbbda8a292f59f2d3461a5b999c00b?s=96&d=mm&r=g\",\"caption\":\"Service des communications et des relations publiques\"},\"url\":\"https:\/\/www.uqac.ca\/uqactualites\/author\/bap\/\"}]}<\/script>\r\n<!-- \/ Yoast SEO plugin. -->","yoast_head_json":{"title":"L'UQAC d\u00e9cerne les m\u00e9dailles du Gouverneur g\u00e9n\u00e9ral du Canada - UQACtualit\u00e9s","robots":{"index":"index","follow":"follow","max-snippet":"max-snippet:-1","max-image-preview":"max-image-preview:large","max-video-preview":"max-video-preview:-1"},"canonical":"https:\/\/www.uqac.ca\/uqactualites\/2025\/10\/10\/luqac-decerne-les-medailles-du-gouverneur-general-du-canada-4\/","og_locale":"fr_CA","og_type":"article","og_title":"L'UQAC d\u00e9cerne les m\u00e9dailles du Gouverneur g\u00e9n\u00e9ral du Canada - UQACtualit\u00e9s","og_description":"\u00c0 l\u2019occasion de la c\u00e9r\u00e9monie annuelle de remise des bourses d\u2019admission du 8 octobre dernier, l\u2019UQAC a eu le plaisir de remettre les prestigieuses m\u00e9dailles du Gouverneur g\u00e9n\u00e9ral du Canada \u00e0 Am\u00e9lie D\u2019Ambroise, laur\u00e9ate de la m\u00e9daille d\u2019argent, dipl\u00f4m\u00e9e du baccalaur\u00e9at en psychologie et \u00e9tudiante au doctorat en neuropsychologie, ainsi qu\u2019\u00e0 Catherine Lacelle, laur\u00e9ate de [&hellip;]","og_url":"https:\/\/www.uqac.ca\/uqactualites\/2025\/10\/10\/luqac-decerne-les-medailles-du-gouverneur-general-du-canada-4\/","og_site_name":"UQACtualit\u00e9s","article_published_time":"2025-10-10T15:20:31+00:00","article_modified_time":"2025-10-10T17:30:59+00:00","og_image":[{"width":1920,"height":1077,"url":"https:\/\/www.uqac.ca\/uqactualites\/wp-content\/uploads\/2025\/10\/bourses-admission-fuqac-mduhaime-a25-26-1.jpg","type":"image\/jpeg"}],"author":"Service des communications et des relations publiques","twitter_card":"summary_large_image","twitter_misc":{"\u00c9crit par":"Service des communications et des relations publiques","Estimation du temps de lecture":"2 minutes"},"schema":{"@context":"https:\/\/schema.org","@graph":[{"@type":"WebPage","@id":"https:\/\/www.uqac.ca\/uqactualites\/2025\/10\/10\/luqac-decerne-les-medailles-du-gouverneur-general-du-canada-4\/","url":"https:\/\/www.uqac.ca\/uqactualites\/2025\/10\/10\/luqac-decerne-les-medailles-du-gouverneur-general-du-canada-4\/","name":"L'UQAC d\u00e9cerne les m\u00e9dailles du Gouverneur g\u00e9n\u00e9ral du Canada - UQACtualit\u00e9s","isPartOf":{"@id":"https:\/\/www.uqac.ca\/uqactualites\/#website"},"primaryImageOfPage":{"@id":"https:\/\/www.uqac.ca\/uqactualites\/2025\/10\/10\/luqac-decerne-les-medailles-du-gouverneur-general-du-canada-4\/#primaryimage"},"image":{"@id":"https:\/\/www.uqac.ca\/uqactualites\/2025\/10\/10\/luqac-decerne-les-medailles-du-gouverneur-general-du-canada-4\/#primaryimage"},"thumbnailUrl":"https:\/\/www.uqac.ca\/uqactualites\/wp-content\/uploads\/2025\/10\/bourses-admission-fuqac-mduhaime-a25-26-1.jpg","datePublished":"2025-10-10T15:20:31+00:00","dateModified":"2025-10-10T17:30:59+00:00","author":{"@id":"https:\/\/www.uqac.ca\/uqactualites\/#\/schema\/person\/366c45a0c4f0e677b41b4af5886e2018"},"breadcrumb":{"@id":"https:\/\/www.uqac.ca\/uqactualites\/2025\/10\/10\/luqac-decerne-les-medailles-du-gouverneur-general-du-canada-4\/#breadcrumb"},"inLanguage":"fr-CA","potentialAction":[{"@type":"ReadAction","target":["https:\/\/www.uqac.ca\/uqactualites\/2025\/10\/10\/luqac-decerne-les-medailles-du-gouverneur-general-du-canada-4\/"]}]},{"@type":"ImageObject","inLanguage":"fr-CA","@id":"https:\/\/www.uqac.ca\/uqactualites\/2025\/10\/10\/luqac-decerne-les-medailles-du-gouverneur-general-du-canada-4\/#primaryimage","url":"https:\/\/www.uqac.ca\/uqactualites\/wp-content\/uploads\/2025\/10\/bourses-admission-fuqac-mduhaime-a25-26-1.jpg","contentUrl":"https:\/\/www.uqac.ca\/uqactualites\/wp-content\/uploads\/2025\/10\/bourses-admission-fuqac-mduhaime-a25-26-1.jpg","width":1920,"height":1077},{"@type":"BreadcrumbList","@id":"https:\/\/www.uqac.ca\/uqactualites\/2025\/10\/10\/luqac-decerne-les-medailles-du-gouverneur-general-du-canada-4\/#breadcrumb","itemListElement":[{"@type":"ListItem","position":1,"name":"Home","item":"https:\/\/www.uqac.ca\/uqactualites\/"},{"@type":"ListItem","position":2,"name":"L&rsquo;UQAC d\u00e9cerne les m\u00e9dailles du Gouverneur g\u00e9n\u00e9ral du Canada"}]},{"@type":"WebSite","@id":"https:\/\/www.uqac.ca\/uqactualites\/#website","url":"https:\/\/www.uqac.ca\/uqactualites\/","name":"UQACtualit\u00e9s","description":"Le portail des nouvelles de l&#039;UQAC","potentialAction":[{"@type":"SearchAction","target":{"@type":"EntryPoint","urlTemplate":"https:\/\/www.uqac.ca\/uqactualites\/?s={search_term_string}"},"query-input":{"@type":"PropertyValueSpecification","valueRequired":true,"valueName":"search_term_string"}}],"inLanguage":"fr-CA"},{"@type":"Person","@id":"https:\/\/www.uqac.ca\/uqactualites\/#\/schema\/person\/366c45a0c4f0e677b41b4af5886e2018","name":"Service des communications et des relations publiques","image":{"@type":"ImageObject","inLanguage":"fr-CA","@id":"https:\/\/www.uqac.ca\/uqactualites\/#\/schema\/person\/image\/","url":"https:\/\/secure.gravatar.com\/avatar\/20fbbda8a292f59f2d3461a5b999c00b?s=96&d=mm&r=g","contentUrl":"https:\/\/secure.gravatar.com\/avatar\/20fbbda8a292f59f2d3461a5b999c00b?s=96&d=mm&r=g","caption":"Service des communications et des relations publiques"},"url":"https:\/\/www.uqac.ca\/uqactualites\/author\/bap\/"}]}},"_links":{"self":[{"href":"https:\/\/www.uqac.ca\/uqactualites\/wp-json\/wp\/v2\/posts\/52037"}],"collection":[{"href":"https:\/\/www.uqac.ca\/uqactualites\/wp-json\/wp\/v2\/posts"}],"about":[{"href":"https:\/\/www.uqac.ca\/uqactualites\/wp-json\/wp\/v2\/types\/post"}],"author":[{"embeddable":true,"href":"https:\/\/www.uqac.ca\/uqactualites\/wp-json\/wp\/v2\/users\/5"}],"replies":[{"embeddable":true,"href":"https:\/\/www.uqac.ca\/uqactualites\/wp-json\/wp\/v2\/comments?post=52037"}],"version-history":[{"count":7,"href":"https:\/\/www.uqac.ca\/uqactualites\/wp-json\/wp\/v2\/posts\/52037\/revisions"}],"predecessor-version":[{"id":52052,"href":"https:\/\/www.uqac.ca\/uqactualites\/wp-json\/wp\/v2\/posts\/52037\/revisions\/52052"}],"wp:featuredmedia":[{"embeddable":true,"href":"https:\/\/www.uqac.ca\/uqactualites\/wp-json\/wp\/v2\/media\/52041"}],"wp:attachment":[{"href":"https:\/\/www.uqac.ca\/uqactualites\/wp-json\/wp\/v2\/media?parent=52037"}],"wp:term":[{"taxonomy":"category","embeddable":true,"href":"https:\/\/www.uqac.ca\/uqactualites\/wp-json\/wp\/v2\/categories?post=52037"},{"taxonomy":"post_tag","embeddable":true,"href":"https:\/\/www.uqac.ca\/uqactualites\/wp-json\/wp\/v2\/tags?post=52037"}],"curies":[{"name":"wp","href":"https:\/\/api.w.org\/{rel}","templated":true}]}}