{"id":52136,"date":"2025-10-23T08:09:19","date_gmt":"2025-10-23T12:09:19","guid":{"rendered":"https:\/\/www.uqac.ca\/uqactualites\/?p=52136"},"modified":"2025-10-23T08:09:19","modified_gmt":"2025-10-23T12:09:19","slug":"le-professeur-arnaud-montreuil-elu-president-de-la-societe-des-etudes-medievales-du-quebec","status":"publish","type":"post","link":"https:\/\/www.uqac.ca\/uqactualites\/2025\/10\/23\/le-professeur-arnaud-montreuil-elu-president-de-la-societe-des-etudes-medievales-du-quebec\/","title":{"rendered":"Le professeur Arnaud Montreuil \u00e9lu pr\u00e9sident de la Soci\u00e9t\u00e9 des \u00e9tudes m\u00e9di\u00e9vales du Qu\u00e9bec"},"content":{"rendered":"<p>Le vendredi 17 octobre 2025, les membres de la Soci\u00e9t\u00e9 des \u00e9tudes m\u00e9di\u00e9vales du Qu\u00e9bec (S\u00c9MQ), r\u00e9unis en assembl\u00e9e g\u00e9n\u00e9rale, ont \u00e9lu \u00e0 titre de pr\u00e9sident <strong><a href=\"https:\/\/portfolio.uqac.ca\/arnaudmontreuil\/\" target=\"_blank\" rel=\"noopener\">Arnaud Montreuil<\/a><\/strong>, professeur d&rsquo;histoire au <strong><a href=\"https:\/\/www.uqac.ca\/dshs\/\" target=\"_blank\" rel=\"noopener\">D\u00e9partement des sciences humaines et sociales<\/a><\/strong>. C&rsquo;est la premi\u00e8re fois dans l&rsquo;histoire de la S\u00c9MQ qu&rsquo;un professeur de l&rsquo;UQAC occupe cette fonction.<\/p>\r\n<p>Fond\u00e9e il y a 41 ans, la S\u00c9MQ est une soci\u00e9t\u00e9 savante rassemblant des membres de l&rsquo;Universit\u00e9 du Qu\u00e9bec \u00e0 Montr\u00e9al, de l&rsquo;Universit\u00e9 Laval, de l&rsquo;Universit\u00e9 McGill, de l&rsquo;Universit\u00e9 de Montr\u00e9al, de l&rsquo;Universit\u00e9 d&rsquo;Ottawa, de l&rsquo;Universit\u00e9 de Sherbrooke et, depuis peu, de l&rsquo;Universit\u00e9 du Qu\u00e9bec \u00e0 Chicoutimi.<\/p>\r\n<p>La S\u00c9MQ a notamment pour mandat de faire la promotion de la recherche sur des sujets d&rsquo;histoire, d&rsquo;histoire de l&rsquo;art et de l&rsquo;architecture, de litt\u00e9rature, de philologie, de linguistique, de th\u00e9ologie et de philosophie pour des p\u00e9riodes allant du Haut Moyen \u00c2ge et de l&rsquo;Antiquit\u00e9 tardive jusqu&rsquo;au XVIIe si\u00e8cle. Par ailleurs, elle s&rsquo;efforce d&rsquo;accompagner les \u00e9tudiants et \u00e9tudiantes de 2e et 3e cycle dans leur cheminement, en leur offrant des opportunit\u00e9s de communications scientifiques et de publications dans la revue<em> <a href=\"https:\/\/journals.openedition.org\/memini\/\" target=\"_blank\" rel=\"noopener\"><strong>Memini, Travaux et documents<\/strong><\/a><\/em>, un journal avec r\u00e9vision par les pairs qui dispose d&rsquo;un lectorat international.<\/p>\r\n<p>F\u00e9licitations au professeur Montreuil pour cette nomination!<\/p>\r\n","protected":false},"excerpt":{"rendered":"<p>Le vendredi 17 octobre 2025, les membres de la Soci\u00e9t\u00e9 des \u00e9tudes m\u00e9di\u00e9vales du Qu\u00e9bec (S\u00c9MQ), r\u00e9unis en assembl\u00e9e g\u00e9n\u00e9rale, ont \u00e9lu \u00e0 titre de pr\u00e9sident Arnaud Montreuil, professeur d&rsquo;histoire au D\u00e9partement des sciences humaines et sociales. C&rsquo;est la premi\u00e8re fois dans l&rsquo;histoire de la S\u00c9MQ qu&rsquo;un professeur de l&rsquo;UQAC occupe cette fonction. Fond\u00e9e il [&hellip;]<\/p>\n","protected":false},"author":5,"featured_media":52202,"comment_status":"closed","ping_status":"open","sticky":false,"template":"","format":"standard","meta":{"footnotes":""},"categories":[2795,2,15],"tags":[],"yoast_head":"<!-- This site is optimized with the Yoast SEO plugin v24.2 - https:\/\/yoast.com\/wordpress\/plugins\/seo\/ -->\r\n<title>Le professeur Arnaud Montreuil \u00e9lu pr\u00e9sident de la Soci\u00e9t\u00e9 des \u00e9tudes m\u00e9di\u00e9vales du Qu\u00e9bec - UQACtualit\u00e9s<\/title>\r\n<meta name=\"robots\" content=\"index, follow, max-snippet:-1, max-image-preview:large, max-video-preview:-1\" \/>\r\n<link rel=\"canonical\" href=\"https:\/\/www.uqac.ca\/uqactualites\/2025\/10\/23\/le-professeur-arnaud-montreuil-elu-president-de-la-societe-des-etudes-medievales-du-quebec\/\" \/>\r\n<meta property=\"og:locale\" content=\"fr_CA\" \/>\r\n<meta property=\"og:type\" content=\"article\" \/>\r\n<meta property=\"og:title\" content=\"Le professeur Arnaud Montreuil \u00e9lu pr\u00e9sident de la Soci\u00e9t\u00e9 des \u00e9tudes m\u00e9di\u00e9vales du Qu\u00e9bec - UQACtualit\u00e9s\" \/>\r\n<meta property=\"og:description\" content=\"Le vendredi 17 octobre 2025, les membres de la Soci\u00e9t\u00e9 des \u00e9tudes m\u00e9di\u00e9vales du Qu\u00e9bec (S\u00c9MQ), r\u00e9unis en assembl\u00e9e g\u00e9n\u00e9rale, ont \u00e9lu \u00e0 titre de pr\u00e9sident Arnaud Montreuil, professeur d&rsquo;histoire au D\u00e9partement des sciences humaines et sociales. C&rsquo;est la premi\u00e8re fois dans l&rsquo;histoire de la S\u00c9MQ qu&rsquo;un professeur de l&rsquo;UQAC occupe cette fonction. Fond\u00e9e il [&hellip;]\" \/>\r\n<meta property=\"og:url\" content=\"https:\/\/www.uqac.ca\/uqactualites\/2025\/10\/23\/le-professeur-arnaud-montreuil-elu-president-de-la-societe-des-etudes-medievales-du-quebec\/\" \/>\r\n<meta property=\"og:site_name\" content=\"UQACtualit\u00e9s\" \/>\r\n<meta property=\"article:published_time\" content=\"2025-10-23T12:09:19+00:00\" \/>\r\n<meta property=\"og:image\" content=\"https:\/\/www.uqac.ca\/uqactualites\/wp-content\/uploads\/2025\/10\/Arnaud-Montreuil_staillo_E23-3-1024x683.jpg\" \/>\r\n\t<meta property=\"og:image:width\" content=\"1024\" \/>\r\n\t<meta property=\"og:image:height\" content=\"683\" \/>\r\n\t<meta property=\"og:image:type\" content=\"image\/jpeg\" \/>\r\n<meta name=\"author\" content=\"Service des communications et des relations publiques\" \/>\r\n<meta name=\"twitter:card\" content=\"summary_large_image\" \/>\r\n<meta name=\"twitter:label1\" content=\"\u00c9crit par\" \/>\n\t<meta name=\"twitter:data1\" content=\"Service des communications et des relations publiques\" \/>\n\t<meta name=\"twitter:label2\" content=\"Estimation du temps de lecture\" \/>\n\t<meta name=\"twitter:data2\" content=\"2 minutes\" \/>\r\n<script type=\"application\/ld+json\" class=\"yoast-schema-graph\">{\"@context\":\"https:\/\/schema.org\",\"@graph\":[{\"@type\":\"WebPage\",\"@id\":\"https:\/\/www.uqac.ca\/uqactualites\/2025\/10\/23\/le-professeur-arnaud-montreuil-elu-president-de-la-societe-des-etudes-medievales-du-quebec\/\",\"url\":\"https:\/\/www.uqac.ca\/uqactualites\/2025\/10\/23\/le-professeur-arnaud-montreuil-elu-president-de-la-societe-des-etudes-medievales-du-quebec\/\",\"name\":\"Le professeur Arnaud Montreuil \u00e9lu pr\u00e9sident de la Soci\u00e9t\u00e9 des \u00e9tudes m\u00e9di\u00e9vales du Qu\u00e9bec - UQACtualit\u00e9s\",\"isPartOf\":{\"@id\":\"https:\/\/www.uqac.ca\/uqactualites\/#website\"},\"primaryImageOfPage\":{\"@id\":\"https:\/\/www.uqac.ca\/uqactualites\/2025\/10\/23\/le-professeur-arnaud-montreuil-elu-president-de-la-societe-des-etudes-medievales-du-quebec\/#primaryimage\"},\"image\":{\"@id\":\"https:\/\/www.uqac.ca\/uqactualites\/2025\/10\/23\/le-professeur-arnaud-montreuil-elu-president-de-la-societe-des-etudes-medievales-du-quebec\/#primaryimage\"},\"thumbnailUrl\":\"https:\/\/www.uqac.ca\/uqactualites\/wp-content\/uploads\/2025\/10\/Arnaud-Montreuil_staillo_E23-3.jpg\",\"datePublished\":\"2025-10-23T12:09:19+00:00\",\"dateModified\":\"2025-10-23T12:09:19+00:00\",\"author\":{\"@id\":\"https:\/\/www.uqac.ca\/uqactualites\/#\/schema\/person\/366c45a0c4f0e677b41b4af5886e2018\"},\"breadcrumb\":{\"@id\":\"https:\/\/www.uqac.ca\/uqactualites\/2025\/10\/23\/le-professeur-arnaud-montreuil-elu-president-de-la-societe-des-etudes-medievales-du-quebec\/#breadcrumb\"},\"inLanguage\":\"fr-CA\",\"potentialAction\":[{\"@type\":\"ReadAction\",\"target\":[\"https:\/\/www.uqac.ca\/uqactualites\/2025\/10\/23\/le-professeur-arnaud-montreuil-elu-president-de-la-societe-des-etudes-medievales-du-quebec\/\"]}]},{\"@type\":\"ImageObject\",\"inLanguage\":\"fr-CA\",\"@id\":\"https:\/\/www.uqac.ca\/uqactualites\/2025\/10\/23\/le-professeur-arnaud-montreuil-elu-president-de-la-societe-des-etudes-medievales-du-quebec\/#primaryimage\",\"url\":\"https:\/\/www.uqac.ca\/uqactualites\/wp-content\/uploads\/2025\/10\/Arnaud-Montreuil_staillo_E23-3.jpg\",\"contentUrl\":\"https:\/\/www.uqac.ca\/uqactualites\/wp-content\/uploads\/2025\/10\/Arnaud-Montreuil_staillo_E23-3.jpg\",\"width\":2048,\"height\":1366},{\"@type\":\"BreadcrumbList\",\"@id\":\"https:\/\/www.uqac.ca\/uqactualites\/2025\/10\/23\/le-professeur-arnaud-montreuil-elu-president-de-la-societe-des-etudes-medievales-du-quebec\/#breadcrumb\",\"itemListElement\":[{\"@type\":\"ListItem\",\"position\":1,\"name\":\"Home\",\"item\":\"https:\/\/www.uqac.ca\/uqactualites\/\"},{\"@type\":\"ListItem\",\"position\":2,\"name\":\"Le professeur Arnaud Montreuil \u00e9lu pr\u00e9sident de la Soci\u00e9t\u00e9 des \u00e9tudes m\u00e9di\u00e9vales du Qu\u00e9bec\"}]},{\"@type\":\"WebSite\",\"@id\":\"https:\/\/www.uqac.ca\/uqactualites\/#website\",\"url\":\"https:\/\/www.uqac.ca\/uqactualites\/\",\"name\":\"UQACtualit\u00e9s\",\"description\":\"Le portail des nouvelles de l&#039;UQAC\",\"potentialAction\":[{\"@type\":\"SearchAction\",\"target\":{\"@type\":\"EntryPoint\",\"urlTemplate\":\"https:\/\/www.uqac.ca\/uqactualites\/?s={search_term_string}\"},\"query-input\":{\"@type\":\"PropertyValueSpecification\",\"valueRequired\":true,\"valueName\":\"search_term_string\"}}],\"inLanguage\":\"fr-CA\"},{\"@type\":\"Person\",\"@id\":\"https:\/\/www.uqac.ca\/uqactualites\/#\/schema\/person\/366c45a0c4f0e677b41b4af5886e2018\",\"name\":\"Service des communications et des relations publiques\",\"image\":{\"@type\":\"ImageObject\",\"inLanguage\":\"fr-CA\",\"@id\":\"https:\/\/www.uqac.ca\/uqactualites\/#\/schema\/person\/image\/\",\"url\":\"https:\/\/secure.gravatar.com\/avatar\/20fbbda8a292f59f2d3461a5b999c00b?s=96&d=mm&r=g\",\"contentUrl\":\"https:\/\/secure.gravatar.com\/avatar\/20fbbda8a292f59f2d3461a5b999c00b?s=96&d=mm&r=g\",\"caption\":\"Service des communications et des relations publiques\"},\"url\":\"https:\/\/www.uqac.ca\/uqactualites\/author\/bap\/\"}]}<\/script>\r\n<!-- \/ Yoast SEO plugin. -->","yoast_head_json":{"title":"Le professeur Arnaud Montreuil \u00e9lu pr\u00e9sident de la Soci\u00e9t\u00e9 des \u00e9tudes m\u00e9di\u00e9vales du Qu\u00e9bec - UQACtualit\u00e9s","robots":{"index":"index","follow":"follow","max-snippet":"max-snippet:-1","max-image-preview":"max-image-preview:large","max-video-preview":"max-video-preview:-1"},"canonical":"https:\/\/www.uqac.ca\/uqactualites\/2025\/10\/23\/le-professeur-arnaud-montreuil-elu-president-de-la-societe-des-etudes-medievales-du-quebec\/","og_locale":"fr_CA","og_type":"article","og_title":"Le professeur Arnaud Montreuil \u00e9lu pr\u00e9sident de la Soci\u00e9t\u00e9 des \u00e9tudes m\u00e9di\u00e9vales du Qu\u00e9bec - UQACtualit\u00e9s","og_description":"Le vendredi 17 octobre 2025, les membres de la Soci\u00e9t\u00e9 des \u00e9tudes m\u00e9di\u00e9vales du Qu\u00e9bec (S\u00c9MQ), r\u00e9unis en assembl\u00e9e g\u00e9n\u00e9rale, ont \u00e9lu \u00e0 titre de pr\u00e9sident Arnaud Montreuil, professeur d&rsquo;histoire au D\u00e9partement des sciences humaines et sociales. C&rsquo;est la premi\u00e8re fois dans l&rsquo;histoire de la S\u00c9MQ qu&rsquo;un professeur de l&rsquo;UQAC occupe cette fonction. Fond\u00e9e il [&hellip;]","og_url":"https:\/\/www.uqac.ca\/uqactualites\/2025\/10\/23\/le-professeur-arnaud-montreuil-elu-president-de-la-societe-des-etudes-medievales-du-quebec\/","og_site_name":"UQACtualit\u00e9s","article_published_time":"2025-10-23T12:09:19+00:00","og_image":[{"width":1024,"height":683,"url":"https:\/\/www.uqac.ca\/uqactualites\/wp-content\/uploads\/2025\/10\/Arnaud-Montreuil_staillo_E23-3-1024x683.jpg","type":"image\/jpeg"}],"author":"Service des communications et des relations publiques","twitter_card":"summary_large_image","twitter_misc":{"\u00c9crit par":"Service des communications et des relations publiques","Estimation du temps de lecture":"2 minutes"},"schema":{"@context":"https:\/\/schema.org","@graph":[{"@type":"WebPage","@id":"https:\/\/www.uqac.ca\/uqactualites\/2025\/10\/23\/le-professeur-arnaud-montreuil-elu-president-de-la-societe-des-etudes-medievales-du-quebec\/","url":"https:\/\/www.uqac.ca\/uqactualites\/2025\/10\/23\/le-professeur-arnaud-montreuil-elu-president-de-la-societe-des-etudes-medievales-du-quebec\/","name":"Le professeur Arnaud Montreuil \u00e9lu pr\u00e9sident de la Soci\u00e9t\u00e9 des \u00e9tudes m\u00e9di\u00e9vales du Qu\u00e9bec - UQACtualit\u00e9s","isPartOf":{"@id":"https:\/\/www.uqac.ca\/uqactualites\/#website"},"primaryImageOfPage":{"@id":"https:\/\/www.uqac.ca\/uqactualites\/2025\/10\/23\/le-professeur-arnaud-montreuil-elu-president-de-la-societe-des-etudes-medievales-du-quebec\/#primaryimage"},"image":{"@id":"https:\/\/www.uqac.ca\/uqactualites\/2025\/10\/23\/le-professeur-arnaud-montreuil-elu-president-de-la-societe-des-etudes-medievales-du-quebec\/#primaryimage"},"thumbnailUrl":"https:\/\/www.uqac.ca\/uqactualites\/wp-content\/uploads\/2025\/10\/Arnaud-Montreuil_staillo_E23-3.jpg","datePublished":"2025-10-23T12:09:19+00:00","dateModified":"2025-10-23T12:09:19+00:00","author":{"@id":"https:\/\/www.uqac.ca\/uqactualites\/#\/schema\/person\/366c45a0c4f0e677b41b4af5886e2018"},"breadcrumb":{"@id":"https:\/\/www.uqac.ca\/uqactualites\/2025\/10\/23\/le-professeur-arnaud-montreuil-elu-president-de-la-societe-des-etudes-medievales-du-quebec\/#breadcrumb"},"inLanguage":"fr-CA","potentialAction":[{"@type":"ReadAction","target":["https:\/\/www.uqac.ca\/uqactualites\/2025\/10\/23\/le-professeur-arnaud-montreuil-elu-president-de-la-societe-des-etudes-medievales-du-quebec\/"]}]},{"@type":"ImageObject","inLanguage":"fr-CA","@id":"https:\/\/www.uqac.ca\/uqactualites\/2025\/10\/23\/le-professeur-arnaud-montreuil-elu-president-de-la-societe-des-etudes-medievales-du-quebec\/#primaryimage","url":"https:\/\/www.uqac.ca\/uqactualites\/wp-content\/uploads\/2025\/10\/Arnaud-Montreuil_staillo_E23-3.jpg","contentUrl":"https:\/\/www.uqac.ca\/uqactualites\/wp-content\/uploads\/2025\/10\/Arnaud-Montreuil_staillo_E23-3.jpg","width":2048,"height":1366},{"@type":"BreadcrumbList","@id":"https:\/\/www.uqac.ca\/uqactualites\/2025\/10\/23\/le-professeur-arnaud-montreuil-elu-president-de-la-societe-des-etudes-medievales-du-quebec\/#breadcrumb","itemListElement":[{"@type":"ListItem","position":1,"name":"Home","item":"https:\/\/www.uqac.ca\/uqactualites\/"},{"@type":"ListItem","position":2,"name":"Le professeur Arnaud Montreuil \u00e9lu pr\u00e9sident de la Soci\u00e9t\u00e9 des \u00e9tudes m\u00e9di\u00e9vales du Qu\u00e9bec"}]},{"@type":"WebSite","@id":"https:\/\/www.uqac.ca\/uqactualites\/#website","url":"https:\/\/www.uqac.ca\/uqactualites\/","name":"UQACtualit\u00e9s","description":"Le portail des nouvelles de l&#039;UQAC","potentialAction":[{"@type":"SearchAction","target":{"@type":"EntryPoint","urlTemplate":"https:\/\/www.uqac.ca\/uqactualites\/?s={search_term_string}"},"query-input":{"@type":"PropertyValueSpecification","valueRequired":true,"valueName":"search_term_string"}}],"inLanguage":"fr-CA"},{"@type":"Person","@id":"https:\/\/www.uqac.ca\/uqactualites\/#\/schema\/person\/366c45a0c4f0e677b41b4af5886e2018","name":"Service des communications et des relations publiques","image":{"@type":"ImageObject","inLanguage":"fr-CA","@id":"https:\/\/www.uqac.ca\/uqactualites\/#\/schema\/person\/image\/","url":"https:\/\/secure.gravatar.com\/avatar\/20fbbda8a292f59f2d3461a5b999c00b?s=96&d=mm&r=g","contentUrl":"https:\/\/secure.gravatar.com\/avatar\/20fbbda8a292f59f2d3461a5b999c00b?s=96&d=mm&r=g","caption":"Service des communications et des relations publiques"},"url":"https:\/\/www.uqac.ca\/uqactualites\/author\/bap\/"}]}},"_links":{"self":[{"href":"https:\/\/www.uqac.ca\/uqactualites\/wp-json\/wp\/v2\/posts\/52136"}],"collection":[{"href":"https:\/\/www.uqac.ca\/uqactualites\/wp-json\/wp\/v2\/posts"}],"about":[{"href":"https:\/\/www.uqac.ca\/uqactualites\/wp-json\/wp\/v2\/types\/post"}],"author":[{"embeddable":true,"href":"https:\/\/www.uqac.ca\/uqactualites\/wp-json\/wp\/v2\/users\/5"}],"replies":[{"embeddable":true,"href":"https:\/\/www.uqac.ca\/uqactualites\/wp-json\/wp\/v2\/comments?post=52136"}],"version-history":[{"count":4,"href":"https:\/\/www.uqac.ca\/uqactualites\/wp-json\/wp\/v2\/posts\/52136\/revisions"}],"predecessor-version":[{"id":52204,"href":"https:\/\/www.uqac.ca\/uqactualites\/wp-json\/wp\/v2\/posts\/52136\/revisions\/52204"}],"wp:featuredmedia":[{"embeddable":true,"href":"https:\/\/www.uqac.ca\/uqactualites\/wp-json\/wp\/v2\/media\/52202"}],"wp:attachment":[{"href":"https:\/\/www.uqac.ca\/uqactualites\/wp-json\/wp\/v2\/media?parent=52136"}],"wp:term":[{"taxonomy":"category","embeddable":true,"href":"https:\/\/www.uqac.ca\/uqactualites\/wp-json\/wp\/v2\/categories?post=52136"},{"taxonomy":"post_tag","embeddable":true,"href":"https:\/\/www.uqac.ca\/uqactualites\/wp-json\/wp\/v2\/tags?post=52136"}],"curies":[{"name":"wp","href":"https:\/\/api.w.org\/{rel}","templated":true}]}}