{"id":52138,"date":"2025-10-17T10:56:48","date_gmt":"2025-10-17T14:56:48","guid":{"rendered":"https:\/\/www.uqac.ca\/uqactualites\/?p=52138"},"modified":"2025-10-20T13:26:34","modified_gmt":"2025-10-20T17:26:34","slug":"salon-zig-zag-luqac-a-la-rencontre-de-pres-de-6-000-eleves-du-secondaire","status":"publish","type":"post","link":"https:\/\/www.uqac.ca\/uqactualites\/2025\/10\/17\/salon-zig-zag-luqac-a-la-rencontre-de-pres-de-6-000-eleves-du-secondaire\/","title":{"rendered":"SALON ZIG ZAG : L\u2019UQAC \u00e0 la rencontre de pr\u00e8s de 6 000 \u00e9l\u00e8ves du secondaire"},"content":{"rendered":"<p>Les 15 et 16 octobre avait lieu le salon Zig Zag, au pavillon sportif de l\u2019UQAC. Cet \u00e9v\u00e9nement d\u2019information scolaire interordres a permis de mieux faire conna\u00eetre les avenues de poursuite post-secondaire aupr\u00e8s des \u00e9l\u00e8ves de 3<sup>e<\/sup>, 4<sup>e<\/sup> et 5<sup>e<\/sup> secondaire des \u00e9coles de Saguenay.<\/p>\n<p>\u00c0 l\u2019UQAC, c\u2019est 35 programmes de baccalaur\u00e9ats qui se sont mobilis\u00e9s afin de d\u00e9mocratiser les \u00e9tudes sup\u00e9rieures, aupr\u00e8s des jeunes pour qui la r\u00e9flexion se poursuivra pendant encore quelques ann\u00e9es. Des kiosques anim\u00e9s par les \u00e9tudiantes et \u00e9tudiants de l\u2019UQAC ont contribu\u00e9 \u00e0 vulgariser le cursus d\u2019un programme avec du mat\u00e9riel p\u00e9dagogique et de laboratoire. De m\u00eame, plusieurs kiosques ont mis en action les personnes participantes en les initiant \u00e0 quelques concepts, comme ce fut le cas pour le programme D\u00e9veloppement de jeu vid\u00e9o, qui donnait l\u2019opportunit\u00e9 de tester des jeux d\u00e9velopp\u00e9s par les \u00e9tudiants et \u00e9tudiantes.<\/p>\n<p>De plus, les personnes \u00e9tudiantes de l\u2019UQAC qui s\u2019adressent aux \u00e9l\u00e8ves du secondaire, deviennent en quelque sorte des mod\u00e8les pour se projeter dans des \u00e9tudes universitaires. Par diff\u00e9rents \u00e9changes, les \u00e9l\u00e8ves comprennent mieux comment s\u2019est d\u00e9velopp\u00e9 l\u2019int\u00e9r\u00eat pour un domaine et ont des exemples concrets de cheminements parfois singuliers qui ont men\u00e9s vers le m\u00eame baccalaur\u00e9at. On peut penser \u00e0 deux personnes qui se retrouvent dans un baccalaur\u00e9at en g\u00e9nie, la premi\u00e8re ayant compl\u00e9t\u00e9 un DEC pr\u00e9universitaire, alors que l&rsquo;autre a opt\u00e9 pour une technique physique.<\/p>\n<p>Ainsi, cette opportunit\u00e9 de rencontrer les \u00e9l\u00e8ves du secondaire a permis de faire rayonner les programmes de l\u2019UQAC et a contribu\u00e9 \u00e0 partager que tous les parcours se valent.<\/p>\n<div id='gallery-1' class='gallery galleryid-52138 gallery-columns-3 gallery-size-thumbnail'><figure class='gallery-item'>\n\t\t\t<div class='gallery-icon landscape'>\n\t\t\t\t<a href='https:\/\/www.uqac.ca\/uqactualites\/2025\/10\/17\/salon-zig-zag-luqac-a-la-rencontre-de-pres-de-6-000-eleves-du-secondaire\/zig-zag-vgfrias-a25-12\/'><img loading=\"lazy\" decoding=\"async\" width=\"150\" height=\"150\" src=\"https:\/\/www.uqac.ca\/uqactualites\/wp-content\/uploads\/2025\/10\/Zig-Zag-vgfrias-A25-12-150x150.jpg\" class=\"attachment-thumbnail size-thumbnail\" alt=\"\" \/><\/a>\n\t\t\t<\/div><\/figure><figure class='gallery-item'>\n\t\t\t<div class='gallery-icon landscape'>\n\t\t\t\t<a href='https:\/\/www.uqac.ca\/uqactualites\/2025\/10\/17\/salon-zig-zag-luqac-a-la-rencontre-de-pres-de-6-000-eleves-du-secondaire\/zig-zag-vgfrias-a25-11\/'><img loading=\"lazy\" decoding=\"async\" width=\"150\" height=\"150\" src=\"https:\/\/www.uqac.ca\/uqactualites\/wp-content\/uploads\/2025\/10\/Zig-Zag-vgfrias-A25-11-150x150.jpg\" class=\"attachment-thumbnail size-thumbnail\" alt=\"\" \/><\/a>\n\t\t\t<\/div><\/figure><figure class='gallery-item'>\n\t\t\t<div class='gallery-icon landscape'>\n\t\t\t\t<a href='https:\/\/www.uqac.ca\/uqactualites\/2025\/10\/17\/salon-zig-zag-luqac-a-la-rencontre-de-pres-de-6-000-eleves-du-secondaire\/zig-zag-vgfrias-a25-10\/'><img loading=\"lazy\" decoding=\"async\" width=\"150\" height=\"150\" src=\"https:\/\/www.uqac.ca\/uqactualites\/wp-content\/uploads\/2025\/10\/Zig-Zag-vgfrias-A25-10-150x150.jpg\" class=\"attachment-thumbnail size-thumbnail\" alt=\"\" \/><\/a>\n\t\t\t<\/div><\/figure><figure class='gallery-item'>\n\t\t\t<div class='gallery-icon landscape'>\n\t\t\t\t<a href='https:\/\/www.uqac.ca\/uqactualites\/2025\/10\/17\/salon-zig-zag-luqac-a-la-rencontre-de-pres-de-6-000-eleves-du-secondaire\/zig-zag-vgfrias-a25-09\/'><img loading=\"lazy\" decoding=\"async\" width=\"150\" height=\"150\" src=\"https:\/\/www.uqac.ca\/uqactualites\/wp-content\/uploads\/2025\/10\/Zig-Zag-vgfrias-A25-09-150x150.jpg\" class=\"attachment-thumbnail size-thumbnail\" alt=\"\" \/><\/a>\n\t\t\t<\/div><\/figure><figure class='gallery-item'>\n\t\t\t<div class='gallery-icon landscape'>\n\t\t\t\t<a href='https:\/\/www.uqac.ca\/uqactualites\/2025\/10\/17\/salon-zig-zag-luqac-a-la-rencontre-de-pres-de-6-000-eleves-du-secondaire\/zig-zag-vgfrias-a25-08\/'><img loading=\"lazy\" decoding=\"async\" width=\"150\" height=\"150\" src=\"https:\/\/www.uqac.ca\/uqactualites\/wp-content\/uploads\/2025\/10\/Zig-Zag-vgfrias-A25-08-150x150.jpg\" class=\"attachment-thumbnail size-thumbnail\" alt=\"\" \/><\/a>\n\t\t\t<\/div><\/figure><figure class='gallery-item'>\n\t\t\t<div class='gallery-icon landscape'>\n\t\t\t\t<a href='https:\/\/www.uqac.ca\/uqactualites\/2025\/10\/17\/salon-zig-zag-luqac-a-la-rencontre-de-pres-de-6-000-eleves-du-secondaire\/zig-zag-vgfrias-a25-07\/'><img loading=\"lazy\" decoding=\"async\" width=\"150\" height=\"150\" src=\"https:\/\/www.uqac.ca\/uqactualites\/wp-content\/uploads\/2025\/10\/Zig-Zag-vgfrias-A25-07-150x150.jpg\" class=\"attachment-thumbnail size-thumbnail\" alt=\"\" \/><\/a>\n\t\t\t<\/div><\/figure><figure class='gallery-item'>\n\t\t\t<div class='gallery-icon landscape'>\n\t\t\t\t<a href='https:\/\/www.uqac.ca\/uqactualites\/2025\/10\/17\/salon-zig-zag-luqac-a-la-rencontre-de-pres-de-6-000-eleves-du-secondaire\/zig-zag-vgfrias-a25-04\/'><img loading=\"lazy\" decoding=\"async\" width=\"150\" height=\"150\" src=\"https:\/\/www.uqac.ca\/uqactualites\/wp-content\/uploads\/2025\/10\/Zig-Zag-vgfrias-A25-04-150x150.jpg\" class=\"attachment-thumbnail size-thumbnail\" alt=\"\" \/><\/a>\n\t\t\t<\/div><\/figure><figure class='gallery-item'>\n\t\t\t<div class='gallery-icon landscape'>\n\t\t\t\t<a href='https:\/\/www.uqac.ca\/uqactualites\/2025\/10\/17\/salon-zig-zag-luqac-a-la-rencontre-de-pres-de-6-000-eleves-du-secondaire\/zig-zag-vgfrias-a25-03\/'><img loading=\"lazy\" decoding=\"async\" width=\"150\" height=\"150\" src=\"https:\/\/www.uqac.ca\/uqactualites\/wp-content\/uploads\/2025\/10\/Zig-Zag-vgfrias-A25-03-150x150.jpg\" class=\"attachment-thumbnail size-thumbnail\" alt=\"\" \/><\/a>\n\t\t\t<\/div><\/figure><figure class='gallery-item'>\n\t\t\t<div class='gallery-icon landscape'>\n\t\t\t\t<a href='https:\/\/www.uqac.ca\/uqactualites\/2025\/10\/17\/salon-zig-zag-luqac-a-la-rencontre-de-pres-de-6-000-eleves-du-secondaire\/zig-zag-vgfrias-a25-02\/'><img loading=\"lazy\" decoding=\"async\" width=\"150\" height=\"150\" src=\"https:\/\/www.uqac.ca\/uqactualites\/wp-content\/uploads\/2025\/10\/Zig-Zag-vgfrias-A25-02-150x150.jpg\" class=\"attachment-thumbnail size-thumbnail\" alt=\"\" \/><\/a>\n\t\t\t<\/div><\/figure><figure class='gallery-item'>\n\t\t\t<div class='gallery-icon landscape'>\n\t\t\t\t<a href='https:\/\/www.uqac.ca\/uqactualites\/2025\/10\/17\/salon-zig-zag-luqac-a-la-rencontre-de-pres-de-6-000-eleves-du-secondaire\/zig-zag-vgfrias-a25-01\/'><img loading=\"lazy\" decoding=\"async\" width=\"150\" height=\"150\" src=\"https:\/\/www.uqac.ca\/uqactualites\/wp-content\/uploads\/2025\/10\/Zig-Zag-vgfrias-A25-01-150x150.jpg\" class=\"attachment-thumbnail size-thumbnail\" alt=\"\" \/><\/a>\n\t\t\t<\/div><\/figure>\n\t\t<\/div>\n\n","protected":false},"excerpt":{"rendered":"<p>Les 15 et 16 octobre avait lieu le salon Zig Zag, au pavillon sportif de l\u2019UQAC. Cet \u00e9v\u00e9nement d\u2019information scolaire interordres a permis de mieux faire conna\u00eetre les avenues de poursuite post-secondaire aupr\u00e8s des \u00e9l\u00e8ves de 3e, 4e et 5e secondaire des \u00e9coles de Saguenay. \u00c0 l\u2019UQAC, c\u2019est 35 programmes de baccalaur\u00e9ats qui se sont [&hellip;]<\/p>\n","protected":false},"author":5,"featured_media":52151,"comment_status":"closed","ping_status":"open","sticky":false,"template":"","format":"standard","meta":{"footnotes":""},"categories":[2,61],"tags":[],"yoast_head":"<!-- This site is optimized with the Yoast SEO plugin v24.2 - https:\/\/yoast.com\/wordpress\/plugins\/seo\/ -->\r\n<title>SALON ZIG ZAG : L\u2019UQAC \u00e0 la rencontre de pr\u00e8s de 6 000 \u00e9l\u00e8ves du secondaire - UQACtualit\u00e9s<\/title>\r\n<meta name=\"robots\" content=\"index, follow, max-snippet:-1, max-image-preview:large, max-video-preview:-1\" \/>\r\n<link rel=\"canonical\" href=\"https:\/\/www.uqac.ca\/uqactualites\/2025\/10\/17\/salon-zig-zag-luqac-a-la-rencontre-de-pres-de-6-000-eleves-du-secondaire\/\" \/>\r\n<meta property=\"og:locale\" content=\"fr_CA\" \/>\r\n<meta property=\"og:type\" content=\"article\" \/>\r\n<meta property=\"og:title\" content=\"SALON ZIG ZAG : L\u2019UQAC \u00e0 la rencontre de pr\u00e8s de 6 000 \u00e9l\u00e8ves du secondaire - UQACtualit\u00e9s\" \/>\r\n<meta property=\"og:description\" content=\"Les 15 et 16 octobre avait lieu le salon Zig Zag, au pavillon sportif de l\u2019UQAC. Cet \u00e9v\u00e9nement d\u2019information scolaire interordres a permis de mieux faire conna\u00eetre les avenues de poursuite post-secondaire aupr\u00e8s des \u00e9l\u00e8ves de 3e, 4e et 5e secondaire des \u00e9coles de Saguenay. \u00c0 l\u2019UQAC, c\u2019est 35 programmes de baccalaur\u00e9ats qui se sont [&hellip;]\" \/>\r\n<meta property=\"og:url\" content=\"https:\/\/www.uqac.ca\/uqactualites\/2025\/10\/17\/salon-zig-zag-luqac-a-la-rencontre-de-pres-de-6-000-eleves-du-secondaire\/\" \/>\r\n<meta property=\"og:site_name\" content=\"UQACtualit\u00e9s\" \/>\r\n<meta property=\"article:published_time\" content=\"2025-10-17T14:56:48+00:00\" \/>\r\n<meta property=\"article:modified_time\" content=\"2025-10-20T17:26:34+00:00\" \/>\r\n<meta property=\"og:image\" content=\"https:\/\/www.uqac.ca\/uqactualites\/wp-content\/uploads\/2025\/10\/Zig-Zag-vgfrias-A25-06-scaled.jpg\" \/>\r\n\t<meta property=\"og:image:width\" content=\"2560\" \/>\r\n\t<meta property=\"og:image:height\" content=\"1707\" \/>\r\n\t<meta property=\"og:image:type\" content=\"image\/jpeg\" \/>\r\n<meta name=\"author\" content=\"Service des communications et des relations publiques\" \/>\r\n<meta name=\"twitter:card\" content=\"summary_large_image\" \/>\r\n<meta name=\"twitter:label1\" content=\"\u00c9crit par\" \/>\n\t<meta name=\"twitter:data1\" content=\"Service des communications et des relations publiques\" \/>\n\t<meta name=\"twitter:label2\" content=\"Estimation du temps de lecture\" \/>\n\t<meta name=\"twitter:data2\" content=\"2 minutes\" \/>\r\n<script type=\"application\/ld+json\" class=\"yoast-schema-graph\">{\"@context\":\"https:\/\/schema.org\",\"@graph\":[{\"@type\":\"WebPage\",\"@id\":\"https:\/\/www.uqac.ca\/uqactualites\/2025\/10\/17\/salon-zig-zag-luqac-a-la-rencontre-de-pres-de-6-000-eleves-du-secondaire\/\",\"url\":\"https:\/\/www.uqac.ca\/uqactualites\/2025\/10\/17\/salon-zig-zag-luqac-a-la-rencontre-de-pres-de-6-000-eleves-du-secondaire\/\",\"name\":\"SALON ZIG ZAG : L\u2019UQAC \u00e0 la rencontre de pr\u00e8s de 6 000 \u00e9l\u00e8ves du secondaire - UQACtualit\u00e9s\",\"isPartOf\":{\"@id\":\"https:\/\/www.uqac.ca\/uqactualites\/#website\"},\"primaryImageOfPage\":{\"@id\":\"https:\/\/www.uqac.ca\/uqactualites\/2025\/10\/17\/salon-zig-zag-luqac-a-la-rencontre-de-pres-de-6-000-eleves-du-secondaire\/#primaryimage\"},\"image\":{\"@id\":\"https:\/\/www.uqac.ca\/uqactualites\/2025\/10\/17\/salon-zig-zag-luqac-a-la-rencontre-de-pres-de-6-000-eleves-du-secondaire\/#primaryimage\"},\"thumbnailUrl\":\"https:\/\/www.uqac.ca\/uqactualites\/wp-content\/uploads\/2025\/10\/Zig-Zag-vgfrias-A25-06-scaled.jpg\",\"datePublished\":\"2025-10-17T14:56:48+00:00\",\"dateModified\":\"2025-10-20T17:26:34+00:00\",\"author\":{\"@id\":\"https:\/\/www.uqac.ca\/uqactualites\/#\/schema\/person\/366c45a0c4f0e677b41b4af5886e2018\"},\"breadcrumb\":{\"@id\":\"https:\/\/www.uqac.ca\/uqactualites\/2025\/10\/17\/salon-zig-zag-luqac-a-la-rencontre-de-pres-de-6-000-eleves-du-secondaire\/#breadcrumb\"},\"inLanguage\":\"fr-CA\",\"potentialAction\":[{\"@type\":\"ReadAction\",\"target\":[\"https:\/\/www.uqac.ca\/uqactualites\/2025\/10\/17\/salon-zig-zag-luqac-a-la-rencontre-de-pres-de-6-000-eleves-du-secondaire\/\"]}]},{\"@type\":\"ImageObject\",\"inLanguage\":\"fr-CA\",\"@id\":\"https:\/\/www.uqac.ca\/uqactualites\/2025\/10\/17\/salon-zig-zag-luqac-a-la-rencontre-de-pres-de-6-000-eleves-du-secondaire\/#primaryimage\",\"url\":\"https:\/\/www.uqac.ca\/uqactualites\/wp-content\/uploads\/2025\/10\/Zig-Zag-vgfrias-A25-06-scaled.jpg\",\"contentUrl\":\"https:\/\/www.uqac.ca\/uqactualites\/wp-content\/uploads\/2025\/10\/Zig-Zag-vgfrias-A25-06-scaled.jpg\",\"width\":2560,\"height\":1707},{\"@type\":\"BreadcrumbList\",\"@id\":\"https:\/\/www.uqac.ca\/uqactualites\/2025\/10\/17\/salon-zig-zag-luqac-a-la-rencontre-de-pres-de-6-000-eleves-du-secondaire\/#breadcrumb\",\"itemListElement\":[{\"@type\":\"ListItem\",\"position\":1,\"name\":\"Home\",\"item\":\"https:\/\/www.uqac.ca\/uqactualites\/\"},{\"@type\":\"ListItem\",\"position\":2,\"name\":\"SALON ZIG ZAG : L\u2019UQAC \u00e0 la rencontre de pr\u00e8s de 6 000 \u00e9l\u00e8ves du secondaire\"}]},{\"@type\":\"WebSite\",\"@id\":\"https:\/\/www.uqac.ca\/uqactualites\/#website\",\"url\":\"https:\/\/www.uqac.ca\/uqactualites\/\",\"name\":\"UQACtualit\u00e9s\",\"description\":\"Le portail des nouvelles de l&#039;UQAC\",\"potentialAction\":[{\"@type\":\"SearchAction\",\"target\":{\"@type\":\"EntryPoint\",\"urlTemplate\":\"https:\/\/www.uqac.ca\/uqactualites\/?s={search_term_string}\"},\"query-input\":{\"@type\":\"PropertyValueSpecification\",\"valueRequired\":true,\"valueName\":\"search_term_string\"}}],\"inLanguage\":\"fr-CA\"},{\"@type\":\"Person\",\"@id\":\"https:\/\/www.uqac.ca\/uqactualites\/#\/schema\/person\/366c45a0c4f0e677b41b4af5886e2018\",\"name\":\"Service des communications et des relations publiques\",\"image\":{\"@type\":\"ImageObject\",\"inLanguage\":\"fr-CA\",\"@id\":\"https:\/\/www.uqac.ca\/uqactualites\/#\/schema\/person\/image\/\",\"url\":\"https:\/\/secure.gravatar.com\/avatar\/20fbbda8a292f59f2d3461a5b999c00b?s=96&d=mm&r=g\",\"contentUrl\":\"https:\/\/secure.gravatar.com\/avatar\/20fbbda8a292f59f2d3461a5b999c00b?s=96&d=mm&r=g\",\"caption\":\"Service des communications et des relations publiques\"},\"url\":\"https:\/\/www.uqac.ca\/uqactualites\/author\/bap\/\"}]}<\/script>\r\n<!-- \/ Yoast SEO plugin. -->","yoast_head_json":{"title":"SALON ZIG ZAG : L\u2019UQAC \u00e0 la rencontre de pr\u00e8s de 6 000 \u00e9l\u00e8ves du secondaire - UQACtualit\u00e9s","robots":{"index":"index","follow":"follow","max-snippet":"max-snippet:-1","max-image-preview":"max-image-preview:large","max-video-preview":"max-video-preview:-1"},"canonical":"https:\/\/www.uqac.ca\/uqactualites\/2025\/10\/17\/salon-zig-zag-luqac-a-la-rencontre-de-pres-de-6-000-eleves-du-secondaire\/","og_locale":"fr_CA","og_type":"article","og_title":"SALON ZIG ZAG : L\u2019UQAC \u00e0 la rencontre de pr\u00e8s de 6 000 \u00e9l\u00e8ves du secondaire - UQACtualit\u00e9s","og_description":"Les 15 et 16 octobre avait lieu le salon Zig Zag, au pavillon sportif de l\u2019UQAC. Cet \u00e9v\u00e9nement d\u2019information scolaire interordres a permis de mieux faire conna\u00eetre les avenues de poursuite post-secondaire aupr\u00e8s des \u00e9l\u00e8ves de 3e, 4e et 5e secondaire des \u00e9coles de Saguenay. \u00c0 l\u2019UQAC, c\u2019est 35 programmes de baccalaur\u00e9ats qui se sont [&hellip;]","og_url":"https:\/\/www.uqac.ca\/uqactualites\/2025\/10\/17\/salon-zig-zag-luqac-a-la-rencontre-de-pres-de-6-000-eleves-du-secondaire\/","og_site_name":"UQACtualit\u00e9s","article_published_time":"2025-10-17T14:56:48+00:00","article_modified_time":"2025-10-20T17:26:34+00:00","og_image":[{"width":2560,"height":1707,"url":"https:\/\/www.uqac.ca\/uqactualites\/wp-content\/uploads\/2025\/10\/Zig-Zag-vgfrias-A25-06-scaled.jpg","type":"image\/jpeg"}],"author":"Service des communications et des relations publiques","twitter_card":"summary_large_image","twitter_misc":{"\u00c9crit par":"Service des communications et des relations publiques","Estimation du temps de lecture":"2 minutes"},"schema":{"@context":"https:\/\/schema.org","@graph":[{"@type":"WebPage","@id":"https:\/\/www.uqac.ca\/uqactualites\/2025\/10\/17\/salon-zig-zag-luqac-a-la-rencontre-de-pres-de-6-000-eleves-du-secondaire\/","url":"https:\/\/www.uqac.ca\/uqactualites\/2025\/10\/17\/salon-zig-zag-luqac-a-la-rencontre-de-pres-de-6-000-eleves-du-secondaire\/","name":"SALON ZIG ZAG : L\u2019UQAC \u00e0 la rencontre de pr\u00e8s de 6 000 \u00e9l\u00e8ves du secondaire - UQACtualit\u00e9s","isPartOf":{"@id":"https:\/\/www.uqac.ca\/uqactualites\/#website"},"primaryImageOfPage":{"@id":"https:\/\/www.uqac.ca\/uqactualites\/2025\/10\/17\/salon-zig-zag-luqac-a-la-rencontre-de-pres-de-6-000-eleves-du-secondaire\/#primaryimage"},"image":{"@id":"https:\/\/www.uqac.ca\/uqactualites\/2025\/10\/17\/salon-zig-zag-luqac-a-la-rencontre-de-pres-de-6-000-eleves-du-secondaire\/#primaryimage"},"thumbnailUrl":"https:\/\/www.uqac.ca\/uqactualites\/wp-content\/uploads\/2025\/10\/Zig-Zag-vgfrias-A25-06-scaled.jpg","datePublished":"2025-10-17T14:56:48+00:00","dateModified":"2025-10-20T17:26:34+00:00","author":{"@id":"https:\/\/www.uqac.ca\/uqactualites\/#\/schema\/person\/366c45a0c4f0e677b41b4af5886e2018"},"breadcrumb":{"@id":"https:\/\/www.uqac.ca\/uqactualites\/2025\/10\/17\/salon-zig-zag-luqac-a-la-rencontre-de-pres-de-6-000-eleves-du-secondaire\/#breadcrumb"},"inLanguage":"fr-CA","potentialAction":[{"@type":"ReadAction","target":["https:\/\/www.uqac.ca\/uqactualites\/2025\/10\/17\/salon-zig-zag-luqac-a-la-rencontre-de-pres-de-6-000-eleves-du-secondaire\/"]}]},{"@type":"ImageObject","inLanguage":"fr-CA","@id":"https:\/\/www.uqac.ca\/uqactualites\/2025\/10\/17\/salon-zig-zag-luqac-a-la-rencontre-de-pres-de-6-000-eleves-du-secondaire\/#primaryimage","url":"https:\/\/www.uqac.ca\/uqactualites\/wp-content\/uploads\/2025\/10\/Zig-Zag-vgfrias-A25-06-scaled.jpg","contentUrl":"https:\/\/www.uqac.ca\/uqactualites\/wp-content\/uploads\/2025\/10\/Zig-Zag-vgfrias-A25-06-scaled.jpg","width":2560,"height":1707},{"@type":"BreadcrumbList","@id":"https:\/\/www.uqac.ca\/uqactualites\/2025\/10\/17\/salon-zig-zag-luqac-a-la-rencontre-de-pres-de-6-000-eleves-du-secondaire\/#breadcrumb","itemListElement":[{"@type":"ListItem","position":1,"name":"Home","item":"https:\/\/www.uqac.ca\/uqactualites\/"},{"@type":"ListItem","position":2,"name":"SALON ZIG ZAG : L\u2019UQAC \u00e0 la rencontre de pr\u00e8s de 6 000 \u00e9l\u00e8ves du secondaire"}]},{"@type":"WebSite","@id":"https:\/\/www.uqac.ca\/uqactualites\/#website","url":"https:\/\/www.uqac.ca\/uqactualites\/","name":"UQACtualit\u00e9s","description":"Le portail des nouvelles de l&#039;UQAC","potentialAction":[{"@type":"SearchAction","target":{"@type":"EntryPoint","urlTemplate":"https:\/\/www.uqac.ca\/uqactualites\/?s={search_term_string}"},"query-input":{"@type":"PropertyValueSpecification","valueRequired":true,"valueName":"search_term_string"}}],"inLanguage":"fr-CA"},{"@type":"Person","@id":"https:\/\/www.uqac.ca\/uqactualites\/#\/schema\/person\/366c45a0c4f0e677b41b4af5886e2018","name":"Service des communications et des relations publiques","image":{"@type":"ImageObject","inLanguage":"fr-CA","@id":"https:\/\/www.uqac.ca\/uqactualites\/#\/schema\/person\/image\/","url":"https:\/\/secure.gravatar.com\/avatar\/20fbbda8a292f59f2d3461a5b999c00b?s=96&d=mm&r=g","contentUrl":"https:\/\/secure.gravatar.com\/avatar\/20fbbda8a292f59f2d3461a5b999c00b?s=96&d=mm&r=g","caption":"Service des communications et des relations publiques"},"url":"https:\/\/www.uqac.ca\/uqactualites\/author\/bap\/"}]}},"_links":{"self":[{"href":"https:\/\/www.uqac.ca\/uqactualites\/wp-json\/wp\/v2\/posts\/52138"}],"collection":[{"href":"https:\/\/www.uqac.ca\/uqactualites\/wp-json\/wp\/v2\/posts"}],"about":[{"href":"https:\/\/www.uqac.ca\/uqactualites\/wp-json\/wp\/v2\/types\/post"}],"author":[{"embeddable":true,"href":"https:\/\/www.uqac.ca\/uqactualites\/wp-json\/wp\/v2\/users\/5"}],"replies":[{"embeddable":true,"href":"https:\/\/www.uqac.ca\/uqactualites\/wp-json\/wp\/v2\/comments?post=52138"}],"version-history":[{"count":5,"href":"https:\/\/www.uqac.ca\/uqactualites\/wp-json\/wp\/v2\/posts\/52138\/revisions"}],"predecessor-version":[{"id":52191,"href":"https:\/\/www.uqac.ca\/uqactualites\/wp-json\/wp\/v2\/posts\/52138\/revisions\/52191"}],"wp:featuredmedia":[{"embeddable":true,"href":"https:\/\/www.uqac.ca\/uqactualites\/wp-json\/wp\/v2\/media\/52151"}],"wp:attachment":[{"href":"https:\/\/www.uqac.ca\/uqactualites\/wp-json\/wp\/v2\/media?parent=52138"}],"wp:term":[{"taxonomy":"category","embeddable":true,"href":"https:\/\/www.uqac.ca\/uqactualites\/wp-json\/wp\/v2\/categories?post=52138"},{"taxonomy":"post_tag","embeddable":true,"href":"https:\/\/www.uqac.ca\/uqactualites\/wp-json\/wp\/v2\/tags?post=52138"}],"curies":[{"name":"wp","href":"https:\/\/api.w.org\/{rel}","templated":true}]}}