{"id":52140,"date":"2025-10-17T09:33:16","date_gmt":"2025-10-17T13:33:16","guid":{"rendered":"https:\/\/www.uqac.ca\/uqactualites\/?p=52140"},"modified":"2025-10-20T10:14:34","modified_gmt":"2025-10-20T14:14:34","slug":"conference-sur-le-deuil-perinatal-retour-sur-un-moment-empreint-dhumanite","status":"publish","type":"post","link":"https:\/\/www.uqac.ca\/uqactualites\/2025\/10\/17\/conference-sur-le-deuil-perinatal-retour-sur-un-moment-empreint-dhumanite\/","title":{"rendered":"Conf\u00e9rence sur le deuil p\u00e9rinatal : retour sur un moment empreint d\u2019humanit\u00e9"},"content":{"rendered":"<p>Le 15 octobre marque la Journ\u00e9e mondiale du deuil p\u00e9rinatal. Pour l\u2019occasion, le <a href=\"https:\/\/cisd.uqac.ca\/\" target=\"_blank\" rel=\"noopener\">Centre intersectoriel en sant\u00e9 durable de l\u2019UQAC (CISD)<\/a> a collabor\u00e9 avec le CIUSSS, le R\u00e9seau d\u2019\u00e9claireurs, la Maison des naissances du Fjord-au-Lac et Deuil 02 afin d\u2019organiser une conf\u00e9rence sur ce sujet \u00e0 la fois d\u00e9licat et encore trop peu connu. Plus de 50 personnes y ont pris part \u2014 certaines pour en apprendre davantage, d\u2019autres pour entamer ou poursuivre leur cheminement \u00e0 travers un processus de deuil souvent long et complexe.<\/p>\n<p>La conf\u00e9renci\u00e8re, Mme Sylvie Blouin, accompagnatrice et formatrice en deuil, a offert une pr\u00e9sentation empreinte de douceur et de compassion, choisissant des mots justes et sensibles pour \u00e9voquer cette r\u00e9alit\u00e9 difficile. Elle s\u2019est pench\u00e9e sur les d\u00e9fis de communication auxquels font face les couples vivant un deuil p\u00e9rinatal, soulignant que les partenaires ne se trouvent pas toujours au m\u00eame stade de leur cheminement. D\u2019o\u00f9 l\u2019importance de dialoguer, de se comprendre et de se respecter mutuellement.<\/p>\n<p>Elle a \u00e9galement mis l\u2019accent sur le fait qu\u2019un deuil demande \u00e9norm\u00e9ment d\u2019\u00e9nergie, et que les mamans comme les papas qui le traversent doivent s\u2019accorder le droit de prendre soin d\u2019eux, \u00e0 leur propre rythme et selon leurs besoins. Pour ces parents dont le r\u00eave s\u2019est effondr\u00e9, alors qu\u2019ils devaient accueillir la vie et non pas la mort, les sentiments d\u2019impuissance, d\u2019anxi\u00e9t\u00e9, de traumatisme et de d\u00e9sespoir s\u2019entrem\u00ealent, entra\u00eenant souvent une d\u00e9sorganisation profonde, voire une crise au sein du couple. Elle a aussi soulign\u00e9 l\u2019existence d\u2019organismes dans la r\u00e9gion qui accompagnent les parents endeuill\u00e9s dans leur cheminement et les aident \u00e0 retrouver un apaisement int\u00e9rieur.<\/p>\n<p>Au nom des organismes ayant contribu\u00e9 \u00e0 l\u2019organisation de cette conf\u00e9rence, le CISD tient \u00e0 remercier les personnes qui ont assist\u00e9 \u00e0 la conf\u00e9rence et \u00e0 exprimer son soutien aux parents qui vivent ou qui ont v\u00e9cu un deuil p\u00e9rinatal.<\/p>\n","protected":false},"excerpt":{"rendered":"<p>Le 15 octobre marque la Journ\u00e9e mondiale du deuil p\u00e9rinatal. Pour l\u2019occasion, le Centre intersectoriel en sant\u00e9 durable de l\u2019UQAC (CISD) a collabor\u00e9 avec le CIUSSS, le R\u00e9seau d\u2019\u00e9claireurs, la Maison des naissances du Fjord-au-Lac et Deuil 02 afin d\u2019organiser une conf\u00e9rence sur ce sujet \u00e0 la fois d\u00e9licat et encore trop peu connu. Plus [&hellip;]<\/p>\n","protected":false},"author":24,"featured_media":52141,"comment_status":"closed","ping_status":"open","sticky":false,"template":"","format":"standard","meta":{"footnotes":""},"categories":[2795,61],"tags":[19],"yoast_head":"<!-- This site is optimized with the Yoast SEO plugin v24.2 - https:\/\/yoast.com\/wordpress\/plugins\/seo\/ -->\r\n<title>Conf\u00e9rence sur le deuil p\u00e9rinatal : retour sur un moment empreint d\u2019humanit\u00e9 - UQACtualit\u00e9s<\/title>\r\n<meta name=\"robots\" content=\"index, follow, max-snippet:-1, max-image-preview:large, max-video-preview:-1\" \/>\r\n<link rel=\"canonical\" href=\"https:\/\/www.uqac.ca\/uqactualites\/2025\/10\/17\/conference-sur-le-deuil-perinatal-retour-sur-un-moment-empreint-dhumanite\/\" \/>\r\n<meta property=\"og:locale\" content=\"fr_CA\" \/>\r\n<meta property=\"og:type\" content=\"article\" \/>\r\n<meta property=\"og:title\" content=\"Conf\u00e9rence sur le deuil p\u00e9rinatal : retour sur un moment empreint d\u2019humanit\u00e9 - UQACtualit\u00e9s\" \/>\r\n<meta property=\"og:description\" content=\"Le 15 octobre marque la Journ\u00e9e mondiale du deuil p\u00e9rinatal. Pour l\u2019occasion, le Centre intersectoriel en sant\u00e9 durable de l\u2019UQAC (CISD) a collabor\u00e9 avec le CIUSSS, le R\u00e9seau d\u2019\u00e9claireurs, la Maison des naissances du Fjord-au-Lac et Deuil 02 afin d\u2019organiser une conf\u00e9rence sur ce sujet \u00e0 la fois d\u00e9licat et encore trop peu connu. Plus [&hellip;]\" \/>\r\n<meta property=\"og:url\" content=\"https:\/\/www.uqac.ca\/uqactualites\/2025\/10\/17\/conference-sur-le-deuil-perinatal-retour-sur-un-moment-empreint-dhumanite\/\" \/>\r\n<meta property=\"og:site_name\" content=\"UQACtualit\u00e9s\" \/>\r\n<meta property=\"article:published_time\" content=\"2025-10-17T13:33:16+00:00\" \/>\r\n<meta property=\"article:modified_time\" content=\"2025-10-20T14:14:34+00:00\" \/>\r\n<meta property=\"og:image\" content=\"https:\/\/www.uqac.ca\/uqactualites\/wp-content\/uploads\/2025\/10\/Conference-CISD-1024x576.png\" \/>\r\n\t<meta property=\"og:image:width\" content=\"1024\" \/>\r\n\t<meta property=\"og:image:height\" content=\"576\" \/>\r\n\t<meta property=\"og:image:type\" content=\"image\/png\" \/>\r\n<meta name=\"author\" content=\"Centre intersectoriel Sant\u00e9 durable\" \/>\r\n<meta name=\"twitter:card\" content=\"summary_large_image\" \/>\r\n<meta name=\"twitter:label1\" content=\"\u00c9crit par\" \/>\n\t<meta name=\"twitter:data1\" content=\"Centre intersectoriel Sant\u00e9 durable\" \/>\n\t<meta name=\"twitter:label2\" content=\"Estimation du temps de lecture\" \/>\n\t<meta name=\"twitter:data2\" content=\"2 minutes\" \/>\r\n<script type=\"application\/ld+json\" class=\"yoast-schema-graph\">{\"@context\":\"https:\/\/schema.org\",\"@graph\":[{\"@type\":\"WebPage\",\"@id\":\"https:\/\/www.uqac.ca\/uqactualites\/2025\/10\/17\/conference-sur-le-deuil-perinatal-retour-sur-un-moment-empreint-dhumanite\/\",\"url\":\"https:\/\/www.uqac.ca\/uqactualites\/2025\/10\/17\/conference-sur-le-deuil-perinatal-retour-sur-un-moment-empreint-dhumanite\/\",\"name\":\"Conf\u00e9rence sur le deuil p\u00e9rinatal : retour sur un moment empreint d\u2019humanit\u00e9 - UQACtualit\u00e9s\",\"isPartOf\":{\"@id\":\"https:\/\/www.uqac.ca\/uqactualites\/#website\"},\"primaryImageOfPage\":{\"@id\":\"https:\/\/www.uqac.ca\/uqactualites\/2025\/10\/17\/conference-sur-le-deuil-perinatal-retour-sur-un-moment-empreint-dhumanite\/#primaryimage\"},\"image\":{\"@id\":\"https:\/\/www.uqac.ca\/uqactualites\/2025\/10\/17\/conference-sur-le-deuil-perinatal-retour-sur-un-moment-empreint-dhumanite\/#primaryimage\"},\"thumbnailUrl\":\"https:\/\/www.uqac.ca\/uqactualites\/wp-content\/uploads\/2025\/10\/Conference-CISD.png\",\"datePublished\":\"2025-10-17T13:33:16+00:00\",\"dateModified\":\"2025-10-20T14:14:34+00:00\",\"author\":{\"@id\":\"https:\/\/www.uqac.ca\/uqactualites\/#\/schema\/person\/5e12778a2251390b7ce5f6c0f7165508\"},\"breadcrumb\":{\"@id\":\"https:\/\/www.uqac.ca\/uqactualites\/2025\/10\/17\/conference-sur-le-deuil-perinatal-retour-sur-un-moment-empreint-dhumanite\/#breadcrumb\"},\"inLanguage\":\"fr-CA\",\"potentialAction\":[{\"@type\":\"ReadAction\",\"target\":[\"https:\/\/www.uqac.ca\/uqactualites\/2025\/10\/17\/conference-sur-le-deuil-perinatal-retour-sur-un-moment-empreint-dhumanite\/\"]}]},{\"@type\":\"ImageObject\",\"inLanguage\":\"fr-CA\",\"@id\":\"https:\/\/www.uqac.ca\/uqactualites\/2025\/10\/17\/conference-sur-le-deuil-perinatal-retour-sur-un-moment-empreint-dhumanite\/#primaryimage\",\"url\":\"https:\/\/www.uqac.ca\/uqactualites\/wp-content\/uploads\/2025\/10\/Conference-CISD.png\",\"contentUrl\":\"https:\/\/www.uqac.ca\/uqactualites\/wp-content\/uploads\/2025\/10\/Conference-CISD.png\",\"width\":1920,\"height\":1080},{\"@type\":\"BreadcrumbList\",\"@id\":\"https:\/\/www.uqac.ca\/uqactualites\/2025\/10\/17\/conference-sur-le-deuil-perinatal-retour-sur-un-moment-empreint-dhumanite\/#breadcrumb\",\"itemListElement\":[{\"@type\":\"ListItem\",\"position\":1,\"name\":\"Home\",\"item\":\"https:\/\/www.uqac.ca\/uqactualites\/\"},{\"@type\":\"ListItem\",\"position\":2,\"name\":\"Conf\u00e9rence sur le deuil p\u00e9rinatal : retour sur un moment empreint d\u2019humanit\u00e9\"}]},{\"@type\":\"WebSite\",\"@id\":\"https:\/\/www.uqac.ca\/uqactualites\/#website\",\"url\":\"https:\/\/www.uqac.ca\/uqactualites\/\",\"name\":\"UQACtualit\u00e9s\",\"description\":\"Le portail des nouvelles de l&#039;UQAC\",\"potentialAction\":[{\"@type\":\"SearchAction\",\"target\":{\"@type\":\"EntryPoint\",\"urlTemplate\":\"https:\/\/www.uqac.ca\/uqactualites\/?s={search_term_string}\"},\"query-input\":{\"@type\":\"PropertyValueSpecification\",\"valueRequired\":true,\"valueName\":\"search_term_string\"}}],\"inLanguage\":\"fr-CA\"},{\"@type\":\"Person\",\"@id\":\"https:\/\/www.uqac.ca\/uqactualites\/#\/schema\/person\/5e12778a2251390b7ce5f6c0f7165508\",\"name\":\"Centre intersectoriel Sant\u00e9 durable\",\"image\":{\"@type\":\"ImageObject\",\"inLanguage\":\"fr-CA\",\"@id\":\"https:\/\/www.uqac.ca\/uqactualites\/#\/schema\/person\/image\/\",\"url\":\"https:\/\/secure.gravatar.com\/avatar\/38fd1978379e08753d55ed38ceb3b8e6?s=96&d=mm&r=g\",\"contentUrl\":\"https:\/\/secure.gravatar.com\/avatar\/38fd1978379e08753d55ed38ceb3b8e6?s=96&d=mm&r=g\",\"caption\":\"Centre intersectoriel Sant\u00e9 durable\"},\"sameAs\":[\"https:\/\/cisd.uqac.ca\/\"],\"url\":\"https:\/\/www.uqac.ca\/uqactualites\/author\/cisd\/\"}]}<\/script>\r\n<!-- \/ Yoast SEO plugin. -->","yoast_head_json":{"title":"Conf\u00e9rence sur le deuil p\u00e9rinatal : retour sur un moment empreint d\u2019humanit\u00e9 - UQACtualit\u00e9s","robots":{"index":"index","follow":"follow","max-snippet":"max-snippet:-1","max-image-preview":"max-image-preview:large","max-video-preview":"max-video-preview:-1"},"canonical":"https:\/\/www.uqac.ca\/uqactualites\/2025\/10\/17\/conference-sur-le-deuil-perinatal-retour-sur-un-moment-empreint-dhumanite\/","og_locale":"fr_CA","og_type":"article","og_title":"Conf\u00e9rence sur le deuil p\u00e9rinatal : retour sur un moment empreint d\u2019humanit\u00e9 - UQACtualit\u00e9s","og_description":"Le 15 octobre marque la Journ\u00e9e mondiale du deuil p\u00e9rinatal. Pour l\u2019occasion, le Centre intersectoriel en sant\u00e9 durable de l\u2019UQAC (CISD) a collabor\u00e9 avec le CIUSSS, le R\u00e9seau d\u2019\u00e9claireurs, la Maison des naissances du Fjord-au-Lac et Deuil 02 afin d\u2019organiser une conf\u00e9rence sur ce sujet \u00e0 la fois d\u00e9licat et encore trop peu connu. Plus [&hellip;]","og_url":"https:\/\/www.uqac.ca\/uqactualites\/2025\/10\/17\/conference-sur-le-deuil-perinatal-retour-sur-un-moment-empreint-dhumanite\/","og_site_name":"UQACtualit\u00e9s","article_published_time":"2025-10-17T13:33:16+00:00","article_modified_time":"2025-10-20T14:14:34+00:00","og_image":[{"width":1024,"height":576,"url":"https:\/\/www.uqac.ca\/uqactualites\/wp-content\/uploads\/2025\/10\/Conference-CISD-1024x576.png","type":"image\/png"}],"author":"Centre intersectoriel Sant\u00e9 durable","twitter_card":"summary_large_image","twitter_misc":{"\u00c9crit par":"Centre intersectoriel Sant\u00e9 durable","Estimation du temps de lecture":"2 minutes"},"schema":{"@context":"https:\/\/schema.org","@graph":[{"@type":"WebPage","@id":"https:\/\/www.uqac.ca\/uqactualites\/2025\/10\/17\/conference-sur-le-deuil-perinatal-retour-sur-un-moment-empreint-dhumanite\/","url":"https:\/\/www.uqac.ca\/uqactualites\/2025\/10\/17\/conference-sur-le-deuil-perinatal-retour-sur-un-moment-empreint-dhumanite\/","name":"Conf\u00e9rence sur le deuil p\u00e9rinatal : retour sur un moment empreint d\u2019humanit\u00e9 - UQACtualit\u00e9s","isPartOf":{"@id":"https:\/\/www.uqac.ca\/uqactualites\/#website"},"primaryImageOfPage":{"@id":"https:\/\/www.uqac.ca\/uqactualites\/2025\/10\/17\/conference-sur-le-deuil-perinatal-retour-sur-un-moment-empreint-dhumanite\/#primaryimage"},"image":{"@id":"https:\/\/www.uqac.ca\/uqactualites\/2025\/10\/17\/conference-sur-le-deuil-perinatal-retour-sur-un-moment-empreint-dhumanite\/#primaryimage"},"thumbnailUrl":"https:\/\/www.uqac.ca\/uqactualites\/wp-content\/uploads\/2025\/10\/Conference-CISD.png","datePublished":"2025-10-17T13:33:16+00:00","dateModified":"2025-10-20T14:14:34+00:00","author":{"@id":"https:\/\/www.uqac.ca\/uqactualites\/#\/schema\/person\/5e12778a2251390b7ce5f6c0f7165508"},"breadcrumb":{"@id":"https:\/\/www.uqac.ca\/uqactualites\/2025\/10\/17\/conference-sur-le-deuil-perinatal-retour-sur-un-moment-empreint-dhumanite\/#breadcrumb"},"inLanguage":"fr-CA","potentialAction":[{"@type":"ReadAction","target":["https:\/\/www.uqac.ca\/uqactualites\/2025\/10\/17\/conference-sur-le-deuil-perinatal-retour-sur-un-moment-empreint-dhumanite\/"]}]},{"@type":"ImageObject","inLanguage":"fr-CA","@id":"https:\/\/www.uqac.ca\/uqactualites\/2025\/10\/17\/conference-sur-le-deuil-perinatal-retour-sur-un-moment-empreint-dhumanite\/#primaryimage","url":"https:\/\/www.uqac.ca\/uqactualites\/wp-content\/uploads\/2025\/10\/Conference-CISD.png","contentUrl":"https:\/\/www.uqac.ca\/uqactualites\/wp-content\/uploads\/2025\/10\/Conference-CISD.png","width":1920,"height":1080},{"@type":"BreadcrumbList","@id":"https:\/\/www.uqac.ca\/uqactualites\/2025\/10\/17\/conference-sur-le-deuil-perinatal-retour-sur-un-moment-empreint-dhumanite\/#breadcrumb","itemListElement":[{"@type":"ListItem","position":1,"name":"Home","item":"https:\/\/www.uqac.ca\/uqactualites\/"},{"@type":"ListItem","position":2,"name":"Conf\u00e9rence sur le deuil p\u00e9rinatal : retour sur un moment empreint d\u2019humanit\u00e9"}]},{"@type":"WebSite","@id":"https:\/\/www.uqac.ca\/uqactualites\/#website","url":"https:\/\/www.uqac.ca\/uqactualites\/","name":"UQACtualit\u00e9s","description":"Le portail des nouvelles de l&#039;UQAC","potentialAction":[{"@type":"SearchAction","target":{"@type":"EntryPoint","urlTemplate":"https:\/\/www.uqac.ca\/uqactualites\/?s={search_term_string}"},"query-input":{"@type":"PropertyValueSpecification","valueRequired":true,"valueName":"search_term_string"}}],"inLanguage":"fr-CA"},{"@type":"Person","@id":"https:\/\/www.uqac.ca\/uqactualites\/#\/schema\/person\/5e12778a2251390b7ce5f6c0f7165508","name":"Centre intersectoriel Sant\u00e9 durable","image":{"@type":"ImageObject","inLanguage":"fr-CA","@id":"https:\/\/www.uqac.ca\/uqactualites\/#\/schema\/person\/image\/","url":"https:\/\/secure.gravatar.com\/avatar\/38fd1978379e08753d55ed38ceb3b8e6?s=96&d=mm&r=g","contentUrl":"https:\/\/secure.gravatar.com\/avatar\/38fd1978379e08753d55ed38ceb3b8e6?s=96&d=mm&r=g","caption":"Centre intersectoriel Sant\u00e9 durable"},"sameAs":["https:\/\/cisd.uqac.ca\/"],"url":"https:\/\/www.uqac.ca\/uqactualites\/author\/cisd\/"}]}},"_links":{"self":[{"href":"https:\/\/www.uqac.ca\/uqactualites\/wp-json\/wp\/v2\/posts\/52140"}],"collection":[{"href":"https:\/\/www.uqac.ca\/uqactualites\/wp-json\/wp\/v2\/posts"}],"about":[{"href":"https:\/\/www.uqac.ca\/uqactualites\/wp-json\/wp\/v2\/types\/post"}],"author":[{"embeddable":true,"href":"https:\/\/www.uqac.ca\/uqactualites\/wp-json\/wp\/v2\/users\/24"}],"replies":[{"embeddable":true,"href":"https:\/\/www.uqac.ca\/uqactualites\/wp-json\/wp\/v2\/comments?post=52140"}],"version-history":[{"count":7,"href":"https:\/\/www.uqac.ca\/uqactualites\/wp-json\/wp\/v2\/posts\/52140\/revisions"}],"predecessor-version":[{"id":52189,"href":"https:\/\/www.uqac.ca\/uqactualites\/wp-json\/wp\/v2\/posts\/52140\/revisions\/52189"}],"wp:featuredmedia":[{"embeddable":true,"href":"https:\/\/www.uqac.ca\/uqactualites\/wp-json\/wp\/v2\/media\/52141"}],"wp:attachment":[{"href":"https:\/\/www.uqac.ca\/uqactualites\/wp-json\/wp\/v2\/media?parent=52140"}],"wp:term":[{"taxonomy":"category","embeddable":true,"href":"https:\/\/www.uqac.ca\/uqactualites\/wp-json\/wp\/v2\/categories?post=52140"},{"taxonomy":"post_tag","embeddable":true,"href":"https:\/\/www.uqac.ca\/uqactualites\/wp-json\/wp\/v2\/tags?post=52140"}],"curies":[{"name":"wp","href":"https:\/\/api.w.org\/{rel}","templated":true}]}}