{"id":52228,"date":"2025-10-24T13:34:47","date_gmt":"2025-10-24T17:34:47","guid":{"rendered":"https:\/\/www.uqac.ca\/uqactualites\/?p=52228"},"modified":"2025-10-24T13:34:47","modified_gmt":"2025-10-24T17:34:47","slug":"des-capsules-animees-pour-enrichir-lenseignement-en-travail-social-le-projet-pedagogique-deric-pilote","status":"publish","type":"post","link":"https:\/\/www.uqac.ca\/uqactualites\/2025\/10\/24\/des-capsules-animees-pour-enrichir-lenseignement-en-travail-social-le-projet-pedagogique-deric-pilote\/","title":{"rendered":"Des capsules anim\u00e9es pour enrichir l\u2019enseignement en travail social : le projet p\u00e9dagogique d\u2019\u00c9ric Pilote"},"content":{"rendered":"<p><a href=\"https:\/\/portfolio.uqac.ca\/ericpilote\/\">\u00c9ric Pilote<\/a>, professeur au D\u00e9partement des sciences humaines et sociales, donne, depuis plusieurs ann\u00e9es, le cours <a href=\"https:\/\/programmes.uqac.ca\/4svs228\"><em>Intervention aupr\u00e8s des individus en travail social (4SVS228)<\/em><\/a>. C\u2019est dans le cadre de ce cours du <a href=\"https:\/\/www.uqac.ca\/programme\/7798-baccalaureat-en-travail-social\/\" target=\"_blank\" rel=\"noopener\">baccalaur\u00e9at en travail social<\/a> qu\u2019est introduit le processus de l&rsquo;\u00e9valuation du fonctionnement social (\u00c9FS), une comp\u00e9tence cruciale \u00e0 ma\u00eetriser pour quiconque aspire \u00e0 la pratique professionnelle de l\u2019intervention et du travail social.<\/p>\n<p>Avec son projet, soutenu par les Fonds de d\u00e9veloppement de la p\u00e9dagogie universitaire de l\u2019UQAC, le professeur Pilote a pour objectif de consolider les apprentissages en lien avec ce processus fondamental gr\u00e2ce \u00e0 la conception de capsules anim\u00e9es. Ces capsules, con\u00e7ues comme supports p\u00e9dagogiques, pourront \u00eatre utilis\u00e9es dans une grande vari\u00e9t\u00e9 de contextes d\u2019enseignement :<\/p>\n<p>\u00ab\u00a0<em>Les capsules anim\u00e9es seront utiles non seulement dans mon cours, mais dans tous les cours d&rsquo;intervention (famille, groupe, communautaire) ainsi que les stages o\u00f9 l&rsquo;objectif majeur est la ma\u00eetrise de l&rsquo;\u00c9FS. Enfin, on peut penser que ces capsules pourraient \u00eatre pertinentes pour tous les milieux d&rsquo;enseignement en travail social\u00a0\u00bb, <\/em>affirme \u00c9ric Pilote.<\/p>\n<p>L\u2019id\u00e9e lui est venue apr\u00e8s avoir assist\u00e9 \u00e0 une pr\u00e9sentation d\u2019une initiative de sa coll\u00e8gue, la professeure en travail social <a href=\"https:\/\/portfolio.uqac.ca\/christianebergeronleclerc\/\">Christiane Bergeron-Leclerc<\/a>, qui lors de la premi\u00e8re \u00e9dition des Fonds de d\u00e9veloppement, avait men\u00e9 un projet visant <a href=\"https:\/\/www.uqac.ca\/uqactualites\/2024\/05\/02\/creer-des-outils-innovants-pour-enrichir-les-enseignements-en-travail-social-le-projet-de-la-professeure-christiane-bergeron-leclerc\/\">la cr\u00e9ation d\u2019outils p\u00e9dagogiques innovants pour enrichir les enseignements en travail social<\/a>.<\/p>\n<p>Favorisant une approche centr\u00e9e sur le travail d\u2019\u00e9quipe et la co-construction, le projet mobilisera une ressource \u00e9tudiante de la ma\u00eetrise en travail social pour la r\u00e9alisation des capsules anim\u00e9es. Cette personne, bien ancr\u00e9e dans le cheminement d\u2019apprentissage du processus de l\u2019\u00c9FS, sera sollicit\u00e9e pour donner ses id\u00e9es pratiques, p\u00e9dagogiques et th\u00e9oriques sur chacune des \u00e9tapes de conception.<\/p>\n<p>En tant que r\u00e9cipiendaire du <a href=\"https:\/\/www.uqac.ca\/carrefour\/fonds\/fond-de-pedagogie-3e-edition\/\">Fonds de d\u00e9veloppement de la p\u00e9dagogie universitaire<\/a> de l\u2019UQAC, \u00c9ric Pilote b\u00e9n\u00e9ficie d\u2019un soutien financier et d\u2019un accompagnement personnalis\u00e9 offert par l\u2019\u00e9quipe du <a href=\"https:\/\/www.uqac.ca\/carrefour\/\">Carrefour de l\u2019enseignement et de l\u2019apprentissage<\/a>.<\/p>\n","protected":false},"excerpt":{"rendered":"<p>\u00c9ric Pilote, professeur au D\u00e9partement des sciences humaines et sociales, donne, depuis plusieurs ann\u00e9es, le cours Intervention aupr\u00e8s des individus en travail social (4SVS228). C\u2019est dans le cadre de ce cours du baccalaur\u00e9at en travail social qu\u2019est introduit le processus de l&rsquo;\u00e9valuation du fonctionnement social (\u00c9FS), une comp\u00e9tence cruciale \u00e0 ma\u00eetriser pour quiconque aspire \u00e0 [&hellip;]<\/p>\n","protected":false},"author":5,"featured_media":52230,"comment_status":"closed","ping_status":"open","sticky":false,"template":"","format":"standard","meta":{"footnotes":""},"categories":[2795,2,248],"tags":[22,2917,169],"yoast_head":"<!-- This site is optimized with the Yoast SEO plugin v24.2 - https:\/\/yoast.com\/wordpress\/plugins\/seo\/ -->\r\n<title>Des capsules anim\u00e9es pour enrichir l\u2019enseignement en travail social : le projet p\u00e9dagogique d\u2019\u00c9ric Pilote - UQACtualit\u00e9s<\/title>\r\n<meta name=\"robots\" content=\"index, follow, max-snippet:-1, max-image-preview:large, max-video-preview:-1\" \/>\r\n<link rel=\"canonical\" href=\"https:\/\/www.uqac.ca\/uqactualites\/2025\/10\/24\/des-capsules-animees-pour-enrichir-lenseignement-en-travail-social-le-projet-pedagogique-deric-pilote\/\" \/>\r\n<meta property=\"og:locale\" content=\"fr_CA\" \/>\r\n<meta property=\"og:type\" content=\"article\" \/>\r\n<meta property=\"og:title\" content=\"Des capsules anim\u00e9es pour enrichir l\u2019enseignement en travail social : le projet p\u00e9dagogique d\u2019\u00c9ric Pilote - UQACtualit\u00e9s\" \/>\r\n<meta property=\"og:description\" content=\"\u00c9ric Pilote, professeur au D\u00e9partement des sciences humaines et sociales, donne, depuis plusieurs ann\u00e9es, le cours Intervention aupr\u00e8s des individus en travail social (4SVS228). C\u2019est dans le cadre de ce cours du baccalaur\u00e9at en travail social qu\u2019est introduit le processus de l&rsquo;\u00e9valuation du fonctionnement social (\u00c9FS), une comp\u00e9tence cruciale \u00e0 ma\u00eetriser pour quiconque aspire \u00e0 [&hellip;]\" \/>\r\n<meta property=\"og:url\" content=\"https:\/\/www.uqac.ca\/uqactualites\/2025\/10\/24\/des-capsules-animees-pour-enrichir-lenseignement-en-travail-social-le-projet-pedagogique-deric-pilote\/\" \/>\r\n<meta property=\"og:site_name\" content=\"UQACtualit\u00e9s\" \/>\r\n<meta property=\"article:published_time\" content=\"2025-10-24T17:34:47+00:00\" \/>\r\n<meta property=\"og:image\" content=\"https:\/\/www.uqac.ca\/uqactualites\/wp-content\/uploads\/2025\/10\/NUM_LaurieEric_Uqctualite1920X1080_EricPilot.jpg\" \/>\r\n\t<meta property=\"og:image:width\" content=\"1920\" \/>\r\n\t<meta property=\"og:image:height\" content=\"1080\" \/>\r\n\t<meta property=\"og:image:type\" content=\"image\/jpeg\" \/>\r\n<meta name=\"author\" content=\"Service des communications et des relations publiques\" \/>\r\n<meta name=\"twitter:card\" content=\"summary_large_image\" \/>\r\n<meta name=\"twitter:label1\" content=\"\u00c9crit par\" \/>\n\t<meta name=\"twitter:data1\" content=\"Service des communications et des relations publiques\" \/>\n\t<meta name=\"twitter:label2\" content=\"Estimation du temps de lecture\" \/>\n\t<meta name=\"twitter:data2\" content=\"2 minutes\" \/>\r\n<script type=\"application\/ld+json\" class=\"yoast-schema-graph\">{\"@context\":\"https:\/\/schema.org\",\"@graph\":[{\"@type\":\"WebPage\",\"@id\":\"https:\/\/www.uqac.ca\/uqactualites\/2025\/10\/24\/des-capsules-animees-pour-enrichir-lenseignement-en-travail-social-le-projet-pedagogique-deric-pilote\/\",\"url\":\"https:\/\/www.uqac.ca\/uqactualites\/2025\/10\/24\/des-capsules-animees-pour-enrichir-lenseignement-en-travail-social-le-projet-pedagogique-deric-pilote\/\",\"name\":\"Des capsules anim\u00e9es pour enrichir l\u2019enseignement en travail social : le projet p\u00e9dagogique d\u2019\u00c9ric Pilote - UQACtualit\u00e9s\",\"isPartOf\":{\"@id\":\"https:\/\/www.uqac.ca\/uqactualites\/#website\"},\"primaryImageOfPage\":{\"@id\":\"https:\/\/www.uqac.ca\/uqactualites\/2025\/10\/24\/des-capsules-animees-pour-enrichir-lenseignement-en-travail-social-le-projet-pedagogique-deric-pilote\/#primaryimage\"},\"image\":{\"@id\":\"https:\/\/www.uqac.ca\/uqactualites\/2025\/10\/24\/des-capsules-animees-pour-enrichir-lenseignement-en-travail-social-le-projet-pedagogique-deric-pilote\/#primaryimage\"},\"thumbnailUrl\":\"https:\/\/www.uqac.ca\/uqactualites\/wp-content\/uploads\/2025\/10\/NUM_LaurieEric_Uqctualite1920X1080_EricPilot.jpg\",\"datePublished\":\"2025-10-24T17:34:47+00:00\",\"dateModified\":\"2025-10-24T17:34:47+00:00\",\"author\":{\"@id\":\"https:\/\/www.uqac.ca\/uqactualites\/#\/schema\/person\/366c45a0c4f0e677b41b4af5886e2018\"},\"breadcrumb\":{\"@id\":\"https:\/\/www.uqac.ca\/uqactualites\/2025\/10\/24\/des-capsules-animees-pour-enrichir-lenseignement-en-travail-social-le-projet-pedagogique-deric-pilote\/#breadcrumb\"},\"inLanguage\":\"fr-CA\",\"potentialAction\":[{\"@type\":\"ReadAction\",\"target\":[\"https:\/\/www.uqac.ca\/uqactualites\/2025\/10\/24\/des-capsules-animees-pour-enrichir-lenseignement-en-travail-social-le-projet-pedagogique-deric-pilote\/\"]}]},{\"@type\":\"ImageObject\",\"inLanguage\":\"fr-CA\",\"@id\":\"https:\/\/www.uqac.ca\/uqactualites\/2025\/10\/24\/des-capsules-animees-pour-enrichir-lenseignement-en-travail-social-le-projet-pedagogique-deric-pilote\/#primaryimage\",\"url\":\"https:\/\/www.uqac.ca\/uqactualites\/wp-content\/uploads\/2025\/10\/NUM_LaurieEric_Uqctualite1920X1080_EricPilot.jpg\",\"contentUrl\":\"https:\/\/www.uqac.ca\/uqactualites\/wp-content\/uploads\/2025\/10\/NUM_LaurieEric_Uqctualite1920X1080_EricPilot.jpg\",\"width\":1920,\"height\":1080},{\"@type\":\"BreadcrumbList\",\"@id\":\"https:\/\/www.uqac.ca\/uqactualites\/2025\/10\/24\/des-capsules-animees-pour-enrichir-lenseignement-en-travail-social-le-projet-pedagogique-deric-pilote\/#breadcrumb\",\"itemListElement\":[{\"@type\":\"ListItem\",\"position\":1,\"name\":\"Home\",\"item\":\"https:\/\/www.uqac.ca\/uqactualites\/\"},{\"@type\":\"ListItem\",\"position\":2,\"name\":\"Des capsules anim\u00e9es pour enrichir l\u2019enseignement en travail social : le projet p\u00e9dagogique d\u2019\u00c9ric Pilote\"}]},{\"@type\":\"WebSite\",\"@id\":\"https:\/\/www.uqac.ca\/uqactualites\/#website\",\"url\":\"https:\/\/www.uqac.ca\/uqactualites\/\",\"name\":\"UQACtualit\u00e9s\",\"description\":\"Le portail des nouvelles de l&#039;UQAC\",\"potentialAction\":[{\"@type\":\"SearchAction\",\"target\":{\"@type\":\"EntryPoint\",\"urlTemplate\":\"https:\/\/www.uqac.ca\/uqactualites\/?s={search_term_string}\"},\"query-input\":{\"@type\":\"PropertyValueSpecification\",\"valueRequired\":true,\"valueName\":\"search_term_string\"}}],\"inLanguage\":\"fr-CA\"},{\"@type\":\"Person\",\"@id\":\"https:\/\/www.uqac.ca\/uqactualites\/#\/schema\/person\/366c45a0c4f0e677b41b4af5886e2018\",\"name\":\"Service des communications et des relations publiques\",\"image\":{\"@type\":\"ImageObject\",\"inLanguage\":\"fr-CA\",\"@id\":\"https:\/\/www.uqac.ca\/uqactualites\/#\/schema\/person\/image\/\",\"url\":\"https:\/\/secure.gravatar.com\/avatar\/20fbbda8a292f59f2d3461a5b999c00b?s=96&d=mm&r=g\",\"contentUrl\":\"https:\/\/secure.gravatar.com\/avatar\/20fbbda8a292f59f2d3461a5b999c00b?s=96&d=mm&r=g\",\"caption\":\"Service des communications et des relations publiques\"},\"url\":\"https:\/\/www.uqac.ca\/uqactualites\/author\/bap\/\"}]}<\/script>\r\n<!-- \/ Yoast SEO plugin. -->","yoast_head_json":{"title":"Des capsules anim\u00e9es pour enrichir l\u2019enseignement en travail social : le projet p\u00e9dagogique d\u2019\u00c9ric Pilote - UQACtualit\u00e9s","robots":{"index":"index","follow":"follow","max-snippet":"max-snippet:-1","max-image-preview":"max-image-preview:large","max-video-preview":"max-video-preview:-1"},"canonical":"https:\/\/www.uqac.ca\/uqactualites\/2025\/10\/24\/des-capsules-animees-pour-enrichir-lenseignement-en-travail-social-le-projet-pedagogique-deric-pilote\/","og_locale":"fr_CA","og_type":"article","og_title":"Des capsules anim\u00e9es pour enrichir l\u2019enseignement en travail social : le projet p\u00e9dagogique d\u2019\u00c9ric Pilote - UQACtualit\u00e9s","og_description":"\u00c9ric Pilote, professeur au D\u00e9partement des sciences humaines et sociales, donne, depuis plusieurs ann\u00e9es, le cours Intervention aupr\u00e8s des individus en travail social (4SVS228). C\u2019est dans le cadre de ce cours du baccalaur\u00e9at en travail social qu\u2019est introduit le processus de l&rsquo;\u00e9valuation du fonctionnement social (\u00c9FS), une comp\u00e9tence cruciale \u00e0 ma\u00eetriser pour quiconque aspire \u00e0 [&hellip;]","og_url":"https:\/\/www.uqac.ca\/uqactualites\/2025\/10\/24\/des-capsules-animees-pour-enrichir-lenseignement-en-travail-social-le-projet-pedagogique-deric-pilote\/","og_site_name":"UQACtualit\u00e9s","article_published_time":"2025-10-24T17:34:47+00:00","og_image":[{"width":1920,"height":1080,"url":"https:\/\/www.uqac.ca\/uqactualites\/wp-content\/uploads\/2025\/10\/NUM_LaurieEric_Uqctualite1920X1080_EricPilot.jpg","type":"image\/jpeg"}],"author":"Service des communications et des relations publiques","twitter_card":"summary_large_image","twitter_misc":{"\u00c9crit par":"Service des communications et des relations publiques","Estimation du temps de lecture":"2 minutes"},"schema":{"@context":"https:\/\/schema.org","@graph":[{"@type":"WebPage","@id":"https:\/\/www.uqac.ca\/uqactualites\/2025\/10\/24\/des-capsules-animees-pour-enrichir-lenseignement-en-travail-social-le-projet-pedagogique-deric-pilote\/","url":"https:\/\/www.uqac.ca\/uqactualites\/2025\/10\/24\/des-capsules-animees-pour-enrichir-lenseignement-en-travail-social-le-projet-pedagogique-deric-pilote\/","name":"Des capsules anim\u00e9es pour enrichir l\u2019enseignement en travail social : le projet p\u00e9dagogique d\u2019\u00c9ric Pilote - UQACtualit\u00e9s","isPartOf":{"@id":"https:\/\/www.uqac.ca\/uqactualites\/#website"},"primaryImageOfPage":{"@id":"https:\/\/www.uqac.ca\/uqactualites\/2025\/10\/24\/des-capsules-animees-pour-enrichir-lenseignement-en-travail-social-le-projet-pedagogique-deric-pilote\/#primaryimage"},"image":{"@id":"https:\/\/www.uqac.ca\/uqactualites\/2025\/10\/24\/des-capsules-animees-pour-enrichir-lenseignement-en-travail-social-le-projet-pedagogique-deric-pilote\/#primaryimage"},"thumbnailUrl":"https:\/\/www.uqac.ca\/uqactualites\/wp-content\/uploads\/2025\/10\/NUM_LaurieEric_Uqctualite1920X1080_EricPilot.jpg","datePublished":"2025-10-24T17:34:47+00:00","dateModified":"2025-10-24T17:34:47+00:00","author":{"@id":"https:\/\/www.uqac.ca\/uqactualites\/#\/schema\/person\/366c45a0c4f0e677b41b4af5886e2018"},"breadcrumb":{"@id":"https:\/\/www.uqac.ca\/uqactualites\/2025\/10\/24\/des-capsules-animees-pour-enrichir-lenseignement-en-travail-social-le-projet-pedagogique-deric-pilote\/#breadcrumb"},"inLanguage":"fr-CA","potentialAction":[{"@type":"ReadAction","target":["https:\/\/www.uqac.ca\/uqactualites\/2025\/10\/24\/des-capsules-animees-pour-enrichir-lenseignement-en-travail-social-le-projet-pedagogique-deric-pilote\/"]}]},{"@type":"ImageObject","inLanguage":"fr-CA","@id":"https:\/\/www.uqac.ca\/uqactualites\/2025\/10\/24\/des-capsules-animees-pour-enrichir-lenseignement-en-travail-social-le-projet-pedagogique-deric-pilote\/#primaryimage","url":"https:\/\/www.uqac.ca\/uqactualites\/wp-content\/uploads\/2025\/10\/NUM_LaurieEric_Uqctualite1920X1080_EricPilot.jpg","contentUrl":"https:\/\/www.uqac.ca\/uqactualites\/wp-content\/uploads\/2025\/10\/NUM_LaurieEric_Uqctualite1920X1080_EricPilot.jpg","width":1920,"height":1080},{"@type":"BreadcrumbList","@id":"https:\/\/www.uqac.ca\/uqactualites\/2025\/10\/24\/des-capsules-animees-pour-enrichir-lenseignement-en-travail-social-le-projet-pedagogique-deric-pilote\/#breadcrumb","itemListElement":[{"@type":"ListItem","position":1,"name":"Home","item":"https:\/\/www.uqac.ca\/uqactualites\/"},{"@type":"ListItem","position":2,"name":"Des capsules anim\u00e9es pour enrichir l\u2019enseignement en travail social : le projet p\u00e9dagogique d\u2019\u00c9ric Pilote"}]},{"@type":"WebSite","@id":"https:\/\/www.uqac.ca\/uqactualites\/#website","url":"https:\/\/www.uqac.ca\/uqactualites\/","name":"UQACtualit\u00e9s","description":"Le portail des nouvelles de l&#039;UQAC","potentialAction":[{"@type":"SearchAction","target":{"@type":"EntryPoint","urlTemplate":"https:\/\/www.uqac.ca\/uqactualites\/?s={search_term_string}"},"query-input":{"@type":"PropertyValueSpecification","valueRequired":true,"valueName":"search_term_string"}}],"inLanguage":"fr-CA"},{"@type":"Person","@id":"https:\/\/www.uqac.ca\/uqactualites\/#\/schema\/person\/366c45a0c4f0e677b41b4af5886e2018","name":"Service des communications et des relations publiques","image":{"@type":"ImageObject","inLanguage":"fr-CA","@id":"https:\/\/www.uqac.ca\/uqactualites\/#\/schema\/person\/image\/","url":"https:\/\/secure.gravatar.com\/avatar\/20fbbda8a292f59f2d3461a5b999c00b?s=96&d=mm&r=g","contentUrl":"https:\/\/secure.gravatar.com\/avatar\/20fbbda8a292f59f2d3461a5b999c00b?s=96&d=mm&r=g","caption":"Service des communications et des relations publiques"},"url":"https:\/\/www.uqac.ca\/uqactualites\/author\/bap\/"}]}},"_links":{"self":[{"href":"https:\/\/www.uqac.ca\/uqactualites\/wp-json\/wp\/v2\/posts\/52228"}],"collection":[{"href":"https:\/\/www.uqac.ca\/uqactualites\/wp-json\/wp\/v2\/posts"}],"about":[{"href":"https:\/\/www.uqac.ca\/uqactualites\/wp-json\/wp\/v2\/types\/post"}],"author":[{"embeddable":true,"href":"https:\/\/www.uqac.ca\/uqactualites\/wp-json\/wp\/v2\/users\/5"}],"replies":[{"embeddable":true,"href":"https:\/\/www.uqac.ca\/uqactualites\/wp-json\/wp\/v2\/comments?post=52228"}],"version-history":[{"count":1,"href":"https:\/\/www.uqac.ca\/uqactualites\/wp-json\/wp\/v2\/posts\/52228\/revisions"}],"predecessor-version":[{"id":52229,"href":"https:\/\/www.uqac.ca\/uqactualites\/wp-json\/wp\/v2\/posts\/52228\/revisions\/52229"}],"wp:featuredmedia":[{"embeddable":true,"href":"https:\/\/www.uqac.ca\/uqactualites\/wp-json\/wp\/v2\/media\/52230"}],"wp:attachment":[{"href":"https:\/\/www.uqac.ca\/uqactualites\/wp-json\/wp\/v2\/media?parent=52228"}],"wp:term":[{"taxonomy":"category","embeddable":true,"href":"https:\/\/www.uqac.ca\/uqactualites\/wp-json\/wp\/v2\/categories?post=52228"},{"taxonomy":"post_tag","embeddable":true,"href":"https:\/\/www.uqac.ca\/uqactualites\/wp-json\/wp\/v2\/tags?post=52228"}],"curies":[{"name":"wp","href":"https:\/\/api.w.org\/{rel}","templated":true}]}}