{"id":52268,"date":"2025-10-30T10:12:21","date_gmt":"2025-10-30T14:12:21","guid":{"rendered":"https:\/\/www.uqac.ca\/uqactualites\/?p=52268"},"modified":"2025-10-31T14:57:44","modified_gmt":"2025-10-31T18:57:44","slug":"des-evenements-signes-uqac-reconnus-pour-leur-impact-local","status":"publish","type":"post","link":"https:\/\/www.uqac.ca\/uqactualites\/2025\/10\/30\/des-evenements-signes-uqac-reconnus-pour-leur-impact-local\/","title":{"rendered":"Des \u00e9v\u00e9nements sign\u00e9s UQAC reconnus pour leur impact local"},"content":{"rendered":"<p>La Soir\u00e9e des Ambassadeurs 2025, organis\u00e9e par Promotion Saguenay, a une fois de plus mis en lumi\u00e8re les initiatives qui fa\u00e7onnent le dynamisme et l\u2019attractivit\u00e9 de la r\u00e9gion. Plusieurs \u00e9v\u00e9nements de l\u2019UQAC \u00e9taient \u00e0 l\u2019honneur au cours de la c\u00e9r\u00e9monie.<\/p>\n<p>Cette 15<sup>e<\/sup> \u00e9dition, qui s\u2019articulait autour du th\u00e8me \u00ab Cr\u00e9ateurs d\u2019exp\u00e9rience \u00bb, visait \u00e0 reconna\u00eetre l\u2019engagement des acteurs r\u00e9gionaux, qui, par l\u2019organisation et l\u2019accueil de congr\u00e8s et d\u2019\u00e9v\u00e9nements d\u2019envergure, contribuent de mani\u00e8re significative au rayonnement de Saguenay.<\/p>\n<p>Parmi les nombreux \u00e9v\u00e9nements qui se sont d\u00e9roul\u00e9s sur le campus de Saguenay au cours de la p\u00e9riode de juillet 2024 \u00e0 juin 2025, quatre d\u2019entre eux ont g\u00e9n\u00e9r\u00e9 un engouement particuli\u00e8rement important. Leur succ\u00e8s a \u00e9t\u00e9 soulign\u00e9 pendant la soir\u00e9e :<\/p>\n<ul>\n<li><strong>Le Colloque sur le progr\u00e8s du d\u00e9veloppement durable<\/strong>, organis\u00e9 par l\u2019UQAC;<\/li>\n<li><strong>Les G\u00e9olympiades 2025, <\/strong>organis\u00e9es par l\u2019Association des \u00e9tudiants en g\u00e9ographie et am\u00e9nagement durable de l\u2019UQAC;<\/li>\n<li><strong>Le Colloque des \u00e9tudiants du centre de recherche sur les infrastructures en b\u00e9ton<\/strong>, organis\u00e9 par le Centre de recherche sur les infrastructures en b\u00e9ton en collaboration avec l\u2019UQAC;<\/li>\n<li><strong>Le colloque \u00ab<em>Quels th\u00e9\u00e2tres de l\u2019en commun ?<\/em>\u00bb<\/strong>, orchestr\u00e9 par la Soci\u00e9t\u00e9 qu\u00e9b\u00e9coise d\u2019\u00e9tudes th\u00e9\u00e2trales (SQET) en collaboration avec l\u2019UQAC et le Centre de recherche interuniversitaire sur la litt\u00e9rature et la culture au Qu\u00e9bec (CRILCQ).<\/li>\n<\/ul>\n<p>F\u00e9licitations \u00e0 tous les membres de la communaut\u00e9 universitaire qui ont particip\u00e9 au succ\u00e8s de ces \u00e9v\u00e9nements d\u2019envergure. Leur engagement contribue non seulement \u00e0 l\u2019avancement des savoirs, mais aussi \u00e0 la vitalit\u00e9 \u00e9conomique, culturelle et scientifique de la ville de Saguenay.<\/p>\n\r\n                <style type=\"text\/css\">\r\n                    \r\n                    #tdi_1  .td-doubleSlider-2 .td-item1 {\r\n                        background: url(https:\/\/www.uqac.ca\/uqactualites\/wp-content\/uploads\/2025\/10\/MACPHOTOGRAPHIE.COM-01097-scaled.jpg) 0 0 no-repeat;\r\n                    }\r\n                    #tdi_1  .td-doubleSlider-2 .td-item2 {\r\n                        background: url(https:\/\/www.uqac.ca\/uqactualites\/wp-content\/uploads\/2025\/10\/MACPHOTOGRAPHIE.COM-01100-scaled.jpg) 0 0 no-repeat;\r\n                    }\r\n                    #tdi_1  .td-doubleSlider-2 .td-item3 {\r\n                        background: url(https:\/\/www.uqac.ca\/uqactualites\/wp-content\/uploads\/2025\/10\/MACPHOTOGRAPHIE.COM-01109-scaled.jpg) 0 0 no-repeat;\r\n                    }\r\n                    #tdi_1  .td-doubleSlider-2 .td-item4 {\r\n                        background: url(https:\/\/www.uqac.ca\/uqactualites\/wp-content\/uploads\/2025\/10\/MACPHOTOGRAPHIE.COM-01095-scaled.jpg) 0 0 no-repeat;\r\n                    }\r\n                    #tdi_1  .td-doubleSlider-2 .td-item5 {\r\n                        background: url(https:\/\/www.uqac.ca\/uqactualites\/wp-content\/uploads\/2025\/10\/trophee-scaled.jpg) 0 0 no-repeat;\r\n                    }\r\n                <\/style>\r\n\r\n                <div id=\"tdi_1\" class=\"td-gallery td-slide-on-2-columns\">\r\n                    <div class=\"post_td_gallery\">\r\n                        <div class=\"td-gallery-slide-top\">\r\n                           <div class=\"td-gallery-title\"><\/div>\r\n\r\n                            <div class=\"td-gallery-controls-wrapper\">\r\n                                <div class=\"td-gallery-slide-count\"><span class=\"td-gallery-slide-item-focus\">1<\/span> of 5<\/div>\r\n                                <div class=\"td-gallery-slide-prev-next-but\">\r\n                                    <i class = \"td-icon-left doubleSliderPrevButton\"><\/i>\r\n                                    <i class = \"td-icon-right doubleSliderNextButton\"><\/i>\r\n                                <\/div>\r\n                            <\/div>\r\n                        <\/div>\r\n\r\n                        <div class = \"td-doubleSlider-1 \">\r\n                            <div class = \"td-slider\">\r\n                                \r\n                    <div class = \"td-slide-item td-item1\">\r\n                        <figure class=\"td-slide-galery-figure td-slide-popup-gallery\">\r\n                            <a class=\"slide-gallery-image-link\" href=\"https:\/\/www.uqac.ca\/uqactualites\/wp-content\/uploads\/2025\/10\/MACPHOTOGRAPHIE.COM-01097-scaled.jpg\" title=\"MACPHOTOGRAPHIE.COM-01097\"  data-caption=\"\"  data-description=\"\">\r\n                                <img decoding=\"async\" src=\"https:\/\/www.uqac.ca\/uqactualites\/wp-content\/uploads\/2025\/10\/MACPHOTOGRAPHIE.COM-01097-scaled.jpg\" srcset=\"https:\/\/www.uqac.ca\/uqactualites\/wp-content\/uploads\/2025\/10\/MACPHOTOGRAPHIE.COM-01097-scaled.jpg 2560w, https:\/\/www.uqac.ca\/uqactualites\/wp-content\/uploads\/2025\/10\/MACPHOTOGRAPHIE.COM-01097-300x200.jpg 300w, https:\/\/www.uqac.ca\/uqactualites\/wp-content\/uploads\/2025\/10\/MACPHOTOGRAPHIE.COM-01097-1024x683.jpg 1024w, https:\/\/www.uqac.ca\/uqactualites\/wp-content\/uploads\/2025\/10\/MACPHOTOGRAPHIE.COM-01097-768x512.jpg 768w, https:\/\/www.uqac.ca\/uqactualites\/wp-content\/uploads\/2025\/10\/MACPHOTOGRAPHIE.COM-01097-1536x1024.jpg 1536w, https:\/\/www.uqac.ca\/uqactualites\/wp-content\/uploads\/2025\/10\/MACPHOTOGRAPHIE.COM-01097-2048x1366.jpg 2048w, https:\/\/www.uqac.ca\/uqactualites\/wp-content\/uploads\/2025\/10\/MACPHOTOGRAPHIE.COM-01097-150x100.jpg 150w, https:\/\/www.uqac.ca\/uqactualites\/wp-content\/uploads\/2025\/10\/MACPHOTOGRAPHIE.COM-01097-696x464.jpg 696w, https:\/\/www.uqac.ca\/uqactualites\/wp-content\/uploads\/2025\/10\/MACPHOTOGRAPHIE.COM-01097-1068x712.jpg 1068w, https:\/\/www.uqac.ca\/uqactualites\/wp-content\/uploads\/2025\/10\/MACPHOTOGRAPHIE.COM-01097-1920x1280.jpg 1920w\" sizes=\"(max-width: 2560px) 100vw, 2560px\" alt=\"\">\r\n                            <\/a>\r\n                            \r\n                        <\/figure>\r\n                    <\/div>\r\n                    <div class = \"td-slide-item td-item2\">\r\n                        <figure class=\"td-slide-galery-figure td-slide-popup-gallery\">\r\n                            <a class=\"slide-gallery-image-link\" href=\"https:\/\/www.uqac.ca\/uqactualites\/wp-content\/uploads\/2025\/10\/MACPHOTOGRAPHIE.COM-01100-scaled.jpg\" title=\"MACPHOTOGRAPHIE.COM-01100\"  data-caption=\"\"  data-description=\"\">\r\n                                <img decoding=\"async\" src=\"https:\/\/www.uqac.ca\/uqactualites\/wp-content\/uploads\/2025\/10\/MACPHOTOGRAPHIE.COM-01100-scaled.jpg\" srcset=\"https:\/\/www.uqac.ca\/uqactualites\/wp-content\/uploads\/2025\/10\/MACPHOTOGRAPHIE.COM-01100-scaled.jpg 2560w, https:\/\/www.uqac.ca\/uqactualites\/wp-content\/uploads\/2025\/10\/MACPHOTOGRAPHIE.COM-01100-300x200.jpg 300w, https:\/\/www.uqac.ca\/uqactualites\/wp-content\/uploads\/2025\/10\/MACPHOTOGRAPHIE.COM-01100-1024x683.jpg 1024w, https:\/\/www.uqac.ca\/uqactualites\/wp-content\/uploads\/2025\/10\/MACPHOTOGRAPHIE.COM-01100-768x512.jpg 768w, https:\/\/www.uqac.ca\/uqactualites\/wp-content\/uploads\/2025\/10\/MACPHOTOGRAPHIE.COM-01100-1536x1024.jpg 1536w, https:\/\/www.uqac.ca\/uqactualites\/wp-content\/uploads\/2025\/10\/MACPHOTOGRAPHIE.COM-01100-2048x1366.jpg 2048w, https:\/\/www.uqac.ca\/uqactualites\/wp-content\/uploads\/2025\/10\/MACPHOTOGRAPHIE.COM-01100-150x100.jpg 150w, https:\/\/www.uqac.ca\/uqactualites\/wp-content\/uploads\/2025\/10\/MACPHOTOGRAPHIE.COM-01100-696x464.jpg 696w, https:\/\/www.uqac.ca\/uqactualites\/wp-content\/uploads\/2025\/10\/MACPHOTOGRAPHIE.COM-01100-1068x712.jpg 1068w, https:\/\/www.uqac.ca\/uqactualites\/wp-content\/uploads\/2025\/10\/MACPHOTOGRAPHIE.COM-01100-1920x1280.jpg 1920w\" sizes=\"(max-width: 2560px) 100vw, 2560px\" alt=\"\">\r\n                            <\/a>\r\n                            \r\n                        <\/figure>\r\n                    <\/div>\r\n                    <div class = \"td-slide-item td-item3\">\r\n                        <figure class=\"td-slide-galery-figure td-slide-popup-gallery\">\r\n                            <a class=\"slide-gallery-image-link\" href=\"https:\/\/www.uqac.ca\/uqactualites\/wp-content\/uploads\/2025\/10\/MACPHOTOGRAPHIE.COM-01109-scaled.jpg\" title=\"MACPHOTOGRAPHIE.COM-01109\"  data-caption=\"\"  data-description=\"\">\r\n                                <img decoding=\"async\" src=\"https:\/\/www.uqac.ca\/uqactualites\/wp-content\/uploads\/2025\/10\/MACPHOTOGRAPHIE.COM-01109-scaled.jpg\" srcset=\"https:\/\/www.uqac.ca\/uqactualites\/wp-content\/uploads\/2025\/10\/MACPHOTOGRAPHIE.COM-01109-scaled.jpg 2560w, https:\/\/www.uqac.ca\/uqactualites\/wp-content\/uploads\/2025\/10\/MACPHOTOGRAPHIE.COM-01109-300x200.jpg 300w, https:\/\/www.uqac.ca\/uqactualites\/wp-content\/uploads\/2025\/10\/MACPHOTOGRAPHIE.COM-01109-1024x683.jpg 1024w, https:\/\/www.uqac.ca\/uqactualites\/wp-content\/uploads\/2025\/10\/MACPHOTOGRAPHIE.COM-01109-768x512.jpg 768w, https:\/\/www.uqac.ca\/uqactualites\/wp-content\/uploads\/2025\/10\/MACPHOTOGRAPHIE.COM-01109-1536x1024.jpg 1536w, https:\/\/www.uqac.ca\/uqactualites\/wp-content\/uploads\/2025\/10\/MACPHOTOGRAPHIE.COM-01109-2048x1366.jpg 2048w, https:\/\/www.uqac.ca\/uqactualites\/wp-content\/uploads\/2025\/10\/MACPHOTOGRAPHIE.COM-01109-150x100.jpg 150w, https:\/\/www.uqac.ca\/uqactualites\/wp-content\/uploads\/2025\/10\/MACPHOTOGRAPHIE.COM-01109-696x464.jpg 696w, https:\/\/www.uqac.ca\/uqactualites\/wp-content\/uploads\/2025\/10\/MACPHOTOGRAPHIE.COM-01109-1068x712.jpg 1068w, https:\/\/www.uqac.ca\/uqactualites\/wp-content\/uploads\/2025\/10\/MACPHOTOGRAPHIE.COM-01109-1920x1280.jpg 1920w\" sizes=\"(max-width: 2560px) 100vw, 2560px\" alt=\"\">\r\n                            <\/a>\r\n                            \r\n                        <\/figure>\r\n                    <\/div>\r\n                    <div class = \"td-slide-item td-item4\">\r\n                        <figure class=\"td-slide-galery-figure td-slide-popup-gallery\">\r\n                            <a class=\"slide-gallery-image-link\" href=\"https:\/\/www.uqac.ca\/uqactualites\/wp-content\/uploads\/2025\/10\/MACPHOTOGRAPHIE.COM-01095-scaled.jpg\" title=\"MACPHOTOGRAPHIE.COM-01095\"  data-caption=\"\"  data-description=\"\">\r\n                                <img decoding=\"async\" src=\"https:\/\/www.uqac.ca\/uqactualites\/wp-content\/uploads\/2025\/10\/MACPHOTOGRAPHIE.COM-01095-scaled.jpg\" srcset=\"https:\/\/www.uqac.ca\/uqactualites\/wp-content\/uploads\/2025\/10\/MACPHOTOGRAPHIE.COM-01095-scaled.jpg 2560w, https:\/\/www.uqac.ca\/uqactualites\/wp-content\/uploads\/2025\/10\/MACPHOTOGRAPHIE.COM-01095-300x200.jpg 300w, https:\/\/www.uqac.ca\/uqactualites\/wp-content\/uploads\/2025\/10\/MACPHOTOGRAPHIE.COM-01095-1024x683.jpg 1024w, https:\/\/www.uqac.ca\/uqactualites\/wp-content\/uploads\/2025\/10\/MACPHOTOGRAPHIE.COM-01095-768x512.jpg 768w, https:\/\/www.uqac.ca\/uqactualites\/wp-content\/uploads\/2025\/10\/MACPHOTOGRAPHIE.COM-01095-1536x1024.jpg 1536w, https:\/\/www.uqac.ca\/uqactualites\/wp-content\/uploads\/2025\/10\/MACPHOTOGRAPHIE.COM-01095-2048x1366.jpg 2048w, https:\/\/www.uqac.ca\/uqactualites\/wp-content\/uploads\/2025\/10\/MACPHOTOGRAPHIE.COM-01095-150x100.jpg 150w, https:\/\/www.uqac.ca\/uqactualites\/wp-content\/uploads\/2025\/10\/MACPHOTOGRAPHIE.COM-01095-696x464.jpg 696w, https:\/\/www.uqac.ca\/uqactualites\/wp-content\/uploads\/2025\/10\/MACPHOTOGRAPHIE.COM-01095-1068x712.jpg 1068w, https:\/\/www.uqac.ca\/uqactualites\/wp-content\/uploads\/2025\/10\/MACPHOTOGRAPHIE.COM-01095-1920x1280.jpg 1920w\" sizes=\"(max-width: 2560px) 100vw, 2560px\" alt=\"\">\r\n                            <\/a>\r\n                            \r\n                        <\/figure>\r\n                    <\/div>\r\n                    <div class = \"td-slide-item td-item5\">\r\n                        <figure class=\"td-slide-galery-figure td-slide-popup-gallery\">\r\n                            <a class=\"slide-gallery-image-link\" href=\"https:\/\/www.uqac.ca\/uqactualites\/wp-content\/uploads\/2025\/10\/trophee-scaled.jpg\" title=\"troph\u00e9e\"  data-caption=\"\"  data-description=\"\">\r\n                                <img decoding=\"async\" src=\"https:\/\/www.uqac.ca\/uqactualites\/wp-content\/uploads\/2025\/10\/trophee-scaled.jpg\" srcset=\"https:\/\/www.uqac.ca\/uqactualites\/wp-content\/uploads\/2025\/10\/trophee-scaled.jpg 2560w, https:\/\/www.uqac.ca\/uqactualites\/wp-content\/uploads\/2025\/10\/trophee-300x200.jpg 300w, https:\/\/www.uqac.ca\/uqactualites\/wp-content\/uploads\/2025\/10\/trophee-1024x683.jpg 1024w, https:\/\/www.uqac.ca\/uqactualites\/wp-content\/uploads\/2025\/10\/trophee-768x512.jpg 768w, https:\/\/www.uqac.ca\/uqactualites\/wp-content\/uploads\/2025\/10\/trophee-1536x1024.jpg 1536w, https:\/\/www.uqac.ca\/uqactualites\/wp-content\/uploads\/2025\/10\/trophee-2048x1366.jpg 2048w, https:\/\/www.uqac.ca\/uqactualites\/wp-content\/uploads\/2025\/10\/trophee-150x100.jpg 150w, https:\/\/www.uqac.ca\/uqactualites\/wp-content\/uploads\/2025\/10\/trophee-696x464.jpg 696w, https:\/\/www.uqac.ca\/uqactualites\/wp-content\/uploads\/2025\/10\/trophee-1068x712.jpg 1068w, https:\/\/www.uqac.ca\/uqactualites\/wp-content\/uploads\/2025\/10\/trophee-1920x1280.jpg 1920w\" sizes=\"(max-width: 2560px) 100vw, 2560px\" alt=\"\">\r\n                            <\/a>\r\n                            \r\n                        <\/figure>\r\n                    <\/div>\r\n                            <\/div>\r\n                        <\/div>\r\n\r\n                        <div class = \"td-doubleSlider-2\">\r\n                            <div class = \"td-slider\">\r\n                                \r\n                    <div class = \"td-button td-item1\">\r\n                        <div class = \"td-border\"><\/div>\r\n                    <\/div>\r\n                    <div class = \"td-button td-item2\">\r\n                        <div class = \"td-border\"><\/div>\r\n                    <\/div>\r\n                    <div class = \"td-button td-item3\">\r\n                        <div class = \"td-border\"><\/div>\r\n                    <\/div>\r\n                    <div class = \"td-button td-item4\">\r\n                        <div class = \"td-border\"><\/div>\r\n                    <\/div>\r\n                    <div class = \"td-button td-item5\">\r\n                        <div class = \"td-border\"><\/div>\r\n                    <\/div>\r\n                            <\/div>\r\n                        <\/div>\r\n\r\n                    <\/div>\r\n\r\n                <\/div>\r\n                \n","protected":false},"excerpt":{"rendered":"<p>La Soir\u00e9e des Ambassadeurs 2025, organis\u00e9e par Promotion Saguenay, a une fois de plus mis en lumi\u00e8re les initiatives qui fa\u00e7onnent le dynamisme et l\u2019attractivit\u00e9 de la r\u00e9gion. Plusieurs \u00e9v\u00e9nements de l\u2019UQAC \u00e9taient \u00e0 l\u2019honneur au cours de la c\u00e9r\u00e9monie. Cette 15e \u00e9dition, qui s\u2019articulait autour du th\u00e8me \u00ab Cr\u00e9ateurs d\u2019exp\u00e9rience \u00bb, visait \u00e0 reconna\u00eetre [&hellip;]<\/p>\n","protected":false},"author":5,"featured_media":52275,"comment_status":"closed","ping_status":"open","sticky":false,"template":"","format":"standard","meta":{"footnotes":""},"categories":[2795,2,61,9],"tags":[],"yoast_head":"<!-- This site is optimized with the Yoast SEO plugin v24.2 - https:\/\/yoast.com\/wordpress\/plugins\/seo\/ -->\r\n<title>Des \u00e9v\u00e9nements sign\u00e9s UQAC reconnus pour leur impact local - UQACtualit\u00e9s<\/title>\r\n<meta name=\"robots\" content=\"index, follow, max-snippet:-1, max-image-preview:large, max-video-preview:-1\" \/>\r\n<link rel=\"canonical\" href=\"https:\/\/www.uqac.ca\/uqactualites\/2025\/10\/30\/des-evenements-signes-uqac-reconnus-pour-leur-impact-local\/\" \/>\r\n<meta property=\"og:locale\" content=\"fr_CA\" \/>\r\n<meta property=\"og:type\" content=\"article\" \/>\r\n<meta property=\"og:title\" content=\"Des \u00e9v\u00e9nements sign\u00e9s UQAC reconnus pour leur impact local - UQACtualit\u00e9s\" \/>\r\n<meta property=\"og:description\" content=\"La Soir\u00e9e des Ambassadeurs 2025, organis\u00e9e par Promotion Saguenay, a une fois de plus mis en lumi\u00e8re les initiatives qui fa\u00e7onnent le dynamisme et l\u2019attractivit\u00e9 de la r\u00e9gion. Plusieurs \u00e9v\u00e9nements de l\u2019UQAC \u00e9taient \u00e0 l\u2019honneur au cours de la c\u00e9r\u00e9monie. Cette 15e \u00e9dition, qui s\u2019articulait autour du th\u00e8me \u00ab Cr\u00e9ateurs d\u2019exp\u00e9rience \u00bb, visait \u00e0 reconna\u00eetre [&hellip;]\" \/>\r\n<meta property=\"og:url\" content=\"https:\/\/www.uqac.ca\/uqactualites\/2025\/10\/30\/des-evenements-signes-uqac-reconnus-pour-leur-impact-local\/\" \/>\r\n<meta property=\"og:site_name\" content=\"UQACtualit\u00e9s\" \/>\r\n<meta property=\"article:published_time\" content=\"2025-10-30T14:12:21+00:00\" \/>\r\n<meta property=\"article:modified_time\" content=\"2025-10-31T18:57:44+00:00\" \/>\r\n<meta property=\"og:image\" content=\"https:\/\/www.uqac.ca\/uqactualites\/wp-content\/uploads\/2025\/10\/MACPHOTOGRAPHIE.COM-01095-scaled.jpg\" \/>\r\n\t<meta property=\"og:image:width\" content=\"2560\" \/>\r\n\t<meta property=\"og:image:height\" content=\"1707\" \/>\r\n\t<meta property=\"og:image:type\" content=\"image\/jpeg\" \/>\r\n<meta name=\"author\" content=\"Service des communications et des relations publiques\" \/>\r\n<meta name=\"twitter:card\" content=\"summary_large_image\" \/>\r\n<meta name=\"twitter:label1\" content=\"\u00c9crit par\" \/>\n\t<meta name=\"twitter:data1\" content=\"Service des communications et des relations publiques\" \/>\n\t<meta name=\"twitter:label2\" content=\"Estimation du temps de lecture\" \/>\n\t<meta name=\"twitter:data2\" content=\"2 minutes\" \/>\r\n<script type=\"application\/ld+json\" class=\"yoast-schema-graph\">{\"@context\":\"https:\/\/schema.org\",\"@graph\":[{\"@type\":\"WebPage\",\"@id\":\"https:\/\/www.uqac.ca\/uqactualites\/2025\/10\/30\/des-evenements-signes-uqac-reconnus-pour-leur-impact-local\/\",\"url\":\"https:\/\/www.uqac.ca\/uqactualites\/2025\/10\/30\/des-evenements-signes-uqac-reconnus-pour-leur-impact-local\/\",\"name\":\"Des \u00e9v\u00e9nements sign\u00e9s UQAC reconnus pour leur impact local - UQACtualit\u00e9s\",\"isPartOf\":{\"@id\":\"https:\/\/www.uqac.ca\/uqactualites\/#website\"},\"primaryImageOfPage\":{\"@id\":\"https:\/\/www.uqac.ca\/uqactualites\/2025\/10\/30\/des-evenements-signes-uqac-reconnus-pour-leur-impact-local\/#primaryimage\"},\"image\":{\"@id\":\"https:\/\/www.uqac.ca\/uqactualites\/2025\/10\/30\/des-evenements-signes-uqac-reconnus-pour-leur-impact-local\/#primaryimage\"},\"thumbnailUrl\":\"https:\/\/www.uqac.ca\/uqactualites\/wp-content\/uploads\/2025\/10\/photo-uqac-31.png\",\"datePublished\":\"2025-10-30T14:12:21+00:00\",\"dateModified\":\"2025-10-31T18:57:44+00:00\",\"author\":{\"@id\":\"https:\/\/www.uqac.ca\/uqactualites\/#\/schema\/person\/366c45a0c4f0e677b41b4af5886e2018\"},\"breadcrumb\":{\"@id\":\"https:\/\/www.uqac.ca\/uqactualites\/2025\/10\/30\/des-evenements-signes-uqac-reconnus-pour-leur-impact-local\/#breadcrumb\"},\"inLanguage\":\"fr-CA\",\"potentialAction\":[{\"@type\":\"ReadAction\",\"target\":[\"https:\/\/www.uqac.ca\/uqactualites\/2025\/10\/30\/des-evenements-signes-uqac-reconnus-pour-leur-impact-local\/\"]}]},{\"@type\":\"ImageObject\",\"inLanguage\":\"fr-CA\",\"@id\":\"https:\/\/www.uqac.ca\/uqactualites\/2025\/10\/30\/des-evenements-signes-uqac-reconnus-pour-leur-impact-local\/#primaryimage\",\"url\":\"https:\/\/www.uqac.ca\/uqactualites\/wp-content\/uploads\/2025\/10\/photo-uqac-31.png\",\"contentUrl\":\"https:\/\/www.uqac.ca\/uqactualites\/wp-content\/uploads\/2025\/10\/photo-uqac-31.png\",\"width\":1920,\"height\":1080},{\"@type\":\"BreadcrumbList\",\"@id\":\"https:\/\/www.uqac.ca\/uqactualites\/2025\/10\/30\/des-evenements-signes-uqac-reconnus-pour-leur-impact-local\/#breadcrumb\",\"itemListElement\":[{\"@type\":\"ListItem\",\"position\":1,\"name\":\"Home\",\"item\":\"https:\/\/www.uqac.ca\/uqactualites\/\"},{\"@type\":\"ListItem\",\"position\":2,\"name\":\"Des \u00e9v\u00e9nements sign\u00e9s UQAC reconnus pour leur impact local\"}]},{\"@type\":\"WebSite\",\"@id\":\"https:\/\/www.uqac.ca\/uqactualites\/#website\",\"url\":\"https:\/\/www.uqac.ca\/uqactualites\/\",\"name\":\"UQACtualit\u00e9s\",\"description\":\"Le portail des nouvelles de l&#039;UQAC\",\"potentialAction\":[{\"@type\":\"SearchAction\",\"target\":{\"@type\":\"EntryPoint\",\"urlTemplate\":\"https:\/\/www.uqac.ca\/uqactualites\/?s={search_term_string}\"},\"query-input\":{\"@type\":\"PropertyValueSpecification\",\"valueRequired\":true,\"valueName\":\"search_term_string\"}}],\"inLanguage\":\"fr-CA\"},{\"@type\":\"Person\",\"@id\":\"https:\/\/www.uqac.ca\/uqactualites\/#\/schema\/person\/366c45a0c4f0e677b41b4af5886e2018\",\"name\":\"Service des communications et des relations publiques\",\"image\":{\"@type\":\"ImageObject\",\"inLanguage\":\"fr-CA\",\"@id\":\"https:\/\/www.uqac.ca\/uqactualites\/#\/schema\/person\/image\/\",\"url\":\"https:\/\/secure.gravatar.com\/avatar\/20fbbda8a292f59f2d3461a5b999c00b?s=96&d=mm&r=g\",\"contentUrl\":\"https:\/\/secure.gravatar.com\/avatar\/20fbbda8a292f59f2d3461a5b999c00b?s=96&d=mm&r=g\",\"caption\":\"Service des communications et des relations publiques\"},\"url\":\"https:\/\/www.uqac.ca\/uqactualites\/author\/bap\/\"}]}<\/script>\r\n<!-- \/ Yoast SEO plugin. -->","yoast_head_json":{"title":"Des \u00e9v\u00e9nements sign\u00e9s UQAC reconnus pour leur impact local - UQACtualit\u00e9s","robots":{"index":"index","follow":"follow","max-snippet":"max-snippet:-1","max-image-preview":"max-image-preview:large","max-video-preview":"max-video-preview:-1"},"canonical":"https:\/\/www.uqac.ca\/uqactualites\/2025\/10\/30\/des-evenements-signes-uqac-reconnus-pour-leur-impact-local\/","og_locale":"fr_CA","og_type":"article","og_title":"Des \u00e9v\u00e9nements sign\u00e9s UQAC reconnus pour leur impact local - UQACtualit\u00e9s","og_description":"La Soir\u00e9e des Ambassadeurs 2025, organis\u00e9e par Promotion Saguenay, a une fois de plus mis en lumi\u00e8re les initiatives qui fa\u00e7onnent le dynamisme et l\u2019attractivit\u00e9 de la r\u00e9gion. Plusieurs \u00e9v\u00e9nements de l\u2019UQAC \u00e9taient \u00e0 l\u2019honneur au cours de la c\u00e9r\u00e9monie. Cette 15e \u00e9dition, qui s\u2019articulait autour du th\u00e8me \u00ab Cr\u00e9ateurs d\u2019exp\u00e9rience \u00bb, visait \u00e0 reconna\u00eetre [&hellip;]","og_url":"https:\/\/www.uqac.ca\/uqactualites\/2025\/10\/30\/des-evenements-signes-uqac-reconnus-pour-leur-impact-local\/","og_site_name":"UQACtualit\u00e9s","article_published_time":"2025-10-30T14:12:21+00:00","article_modified_time":"2025-10-31T18:57:44+00:00","og_image":[{"width":2560,"height":1707,"url":"https:\/\/www.uqac.ca\/uqactualites\/wp-content\/uploads\/2025\/10\/MACPHOTOGRAPHIE.COM-01095-scaled.jpg","type":"image\/jpeg"}],"author":"Service des communications et des relations publiques","twitter_card":"summary_large_image","twitter_misc":{"\u00c9crit par":"Service des communications et des relations publiques","Estimation du temps de lecture":"2 minutes"},"schema":{"@context":"https:\/\/schema.org","@graph":[{"@type":"WebPage","@id":"https:\/\/www.uqac.ca\/uqactualites\/2025\/10\/30\/des-evenements-signes-uqac-reconnus-pour-leur-impact-local\/","url":"https:\/\/www.uqac.ca\/uqactualites\/2025\/10\/30\/des-evenements-signes-uqac-reconnus-pour-leur-impact-local\/","name":"Des \u00e9v\u00e9nements sign\u00e9s UQAC reconnus pour leur impact local - UQACtualit\u00e9s","isPartOf":{"@id":"https:\/\/www.uqac.ca\/uqactualites\/#website"},"primaryImageOfPage":{"@id":"https:\/\/www.uqac.ca\/uqactualites\/2025\/10\/30\/des-evenements-signes-uqac-reconnus-pour-leur-impact-local\/#primaryimage"},"image":{"@id":"https:\/\/www.uqac.ca\/uqactualites\/2025\/10\/30\/des-evenements-signes-uqac-reconnus-pour-leur-impact-local\/#primaryimage"},"thumbnailUrl":"https:\/\/www.uqac.ca\/uqactualites\/wp-content\/uploads\/2025\/10\/photo-uqac-31.png","datePublished":"2025-10-30T14:12:21+00:00","dateModified":"2025-10-31T18:57:44+00:00","author":{"@id":"https:\/\/www.uqac.ca\/uqactualites\/#\/schema\/person\/366c45a0c4f0e677b41b4af5886e2018"},"breadcrumb":{"@id":"https:\/\/www.uqac.ca\/uqactualites\/2025\/10\/30\/des-evenements-signes-uqac-reconnus-pour-leur-impact-local\/#breadcrumb"},"inLanguage":"fr-CA","potentialAction":[{"@type":"ReadAction","target":["https:\/\/www.uqac.ca\/uqactualites\/2025\/10\/30\/des-evenements-signes-uqac-reconnus-pour-leur-impact-local\/"]}]},{"@type":"ImageObject","inLanguage":"fr-CA","@id":"https:\/\/www.uqac.ca\/uqactualites\/2025\/10\/30\/des-evenements-signes-uqac-reconnus-pour-leur-impact-local\/#primaryimage","url":"https:\/\/www.uqac.ca\/uqactualites\/wp-content\/uploads\/2025\/10\/photo-uqac-31.png","contentUrl":"https:\/\/www.uqac.ca\/uqactualites\/wp-content\/uploads\/2025\/10\/photo-uqac-31.png","width":1920,"height":1080},{"@type":"BreadcrumbList","@id":"https:\/\/www.uqac.ca\/uqactualites\/2025\/10\/30\/des-evenements-signes-uqac-reconnus-pour-leur-impact-local\/#breadcrumb","itemListElement":[{"@type":"ListItem","position":1,"name":"Home","item":"https:\/\/www.uqac.ca\/uqactualites\/"},{"@type":"ListItem","position":2,"name":"Des \u00e9v\u00e9nements sign\u00e9s UQAC reconnus pour leur impact local"}]},{"@type":"WebSite","@id":"https:\/\/www.uqac.ca\/uqactualites\/#website","url":"https:\/\/www.uqac.ca\/uqactualites\/","name":"UQACtualit\u00e9s","description":"Le portail des nouvelles de l&#039;UQAC","potentialAction":[{"@type":"SearchAction","target":{"@type":"EntryPoint","urlTemplate":"https:\/\/www.uqac.ca\/uqactualites\/?s={search_term_string}"},"query-input":{"@type":"PropertyValueSpecification","valueRequired":true,"valueName":"search_term_string"}}],"inLanguage":"fr-CA"},{"@type":"Person","@id":"https:\/\/www.uqac.ca\/uqactualites\/#\/schema\/person\/366c45a0c4f0e677b41b4af5886e2018","name":"Service des communications et des relations publiques","image":{"@type":"ImageObject","inLanguage":"fr-CA","@id":"https:\/\/www.uqac.ca\/uqactualites\/#\/schema\/person\/image\/","url":"https:\/\/secure.gravatar.com\/avatar\/20fbbda8a292f59f2d3461a5b999c00b?s=96&d=mm&r=g","contentUrl":"https:\/\/secure.gravatar.com\/avatar\/20fbbda8a292f59f2d3461a5b999c00b?s=96&d=mm&r=g","caption":"Service des communications et des relations publiques"},"url":"https:\/\/www.uqac.ca\/uqactualites\/author\/bap\/"}]}},"_links":{"self":[{"href":"https:\/\/www.uqac.ca\/uqactualites\/wp-json\/wp\/v2\/posts\/52268"}],"collection":[{"href":"https:\/\/www.uqac.ca\/uqactualites\/wp-json\/wp\/v2\/posts"}],"about":[{"href":"https:\/\/www.uqac.ca\/uqactualites\/wp-json\/wp\/v2\/types\/post"}],"author":[{"embeddable":true,"href":"https:\/\/www.uqac.ca\/uqactualites\/wp-json\/wp\/v2\/users\/5"}],"replies":[{"embeddable":true,"href":"https:\/\/www.uqac.ca\/uqactualites\/wp-json\/wp\/v2\/comments?post=52268"}],"version-history":[{"count":5,"href":"https:\/\/www.uqac.ca\/uqactualites\/wp-json\/wp\/v2\/posts\/52268\/revisions"}],"predecessor-version":[{"id":52323,"href":"https:\/\/www.uqac.ca\/uqactualites\/wp-json\/wp\/v2\/posts\/52268\/revisions\/52323"}],"wp:featuredmedia":[{"embeddable":true,"href":"https:\/\/www.uqac.ca\/uqactualites\/wp-json\/wp\/v2\/media\/52275"}],"wp:attachment":[{"href":"https:\/\/www.uqac.ca\/uqactualites\/wp-json\/wp\/v2\/media?parent=52268"}],"wp:term":[{"taxonomy":"category","embeddable":true,"href":"https:\/\/www.uqac.ca\/uqactualites\/wp-json\/wp\/v2\/categories?post=52268"},{"taxonomy":"post_tag","embeddable":true,"href":"https:\/\/www.uqac.ca\/uqactualites\/wp-json\/wp\/v2\/tags?post=52268"}],"curies":[{"name":"wp","href":"https:\/\/api.w.org\/{rel}","templated":true}]}}