{"id":52442,"date":"2025-11-10T15:11:45","date_gmt":"2025-11-10T20:11:45","guid":{"rendered":"https:\/\/www.uqac.ca\/uqactualites\/?p=52442"},"modified":"2025-11-10T15:16:04","modified_gmt":"2025-11-10T20:16:04","slug":"luqac-sengage-aupres-de-levenement-les-filles-et-les-sciences-un-duo-electrisant","status":"publish","type":"post","link":"https:\/\/www.uqac.ca\/uqactualites\/2025\/11\/10\/luqac-sengage-aupres-de-levenement-les-filles-et-les-sciences-un-duo-electrisant\/","title":{"rendered":"L&rsquo;UQAC s&rsquo;engage aupr\u00e8s de l&rsquo;\u00e9v\u00e9nement \u00ab Les filles et les sciences&#8230;un duo \u00e9lectrisant\u00bb"},"content":{"rendered":"<p>Samedi dernier, l\u2019UQAC accueillait l\u2019\u00e9v\u00e9nement \u00ab Les filles et les sciences\u2026un duo \u00e9lectrisant \u00bb qui s\u2019arr\u00eatait pour une premi\u00e8re fois \u00e0 Saguenay. Initi\u00e9e par <a href=\"https:\/\/lesfillesetlessciences.ca\/Saguenay\">Technoscience<\/a> , l&rsquo;activit\u00e9 qui vise \u00e0 d\u00e9mocratiser les \u00e9tudes et les professions traditionnellement masculines a f\u00e9d\u00e9r\u00e9 pas moins de 60 \u00e9l\u00e8ves de 2<sup>e<\/sup>, 3<sup>e<\/sup> et 4<sup>e<\/sup> secondaire autour d\u2019une programmation compl\u00e8tement inspirante.<\/p>\n<p>Provenant des quatre coins de la r\u00e9gion, les \u00e9l\u00e8ves ont amorc\u00e9 leur journ\u00e9e en participant \u00e0 des ateliers exp\u00e9rientiels. Les laboratoires de plusieurs secteurs de l\u2019UQAC se sont mis en action afin de rendre tangibles certains r\u00f4les occup\u00e9s par une personne qui poursuit une carri\u00e8re en science. Par exemple, le d\u00e9partement des sciences fondamentales de l\u2019UQAC a permis aux participantes d\u2019<a href=\"https:\/\/www.uqac.ca\/uqactualites\/2025\/01\/10\/le-professeur-pascal-sirois-et-letudiante-charlotte-gauthier-sinscrivent-au-top-10-des-decouvertes-2024\/\">extraire les otolithes sur des \u00e9perlans, une action couramment r\u00e9alis\u00e9e dans les programmes en biologie de l\u2019UQAC et qui permet l\u2019avanc\u00e9e de la recherche, notamment chez les populations du fl\u00e9tan de l\u2019atlantique<\/a>. Dans le m\u00eame ordre d\u2019id\u00e9es, le d\u00e9partement des sciences appliqu\u00e9es de l\u2019UQAC a propos\u00e9 aux \u00e9l\u00e8ves de programmer un robot roulant \u00ab\u00a0Rover\u00a0\u00bb, afin de mettre en pratique des comp\u00e9tences acquises dans les programmes de g\u00e9nie.<\/p>\n<p>La journ\u00e9e s\u2019est poursuivie avec un panel de discussion mettant de l\u2019avant des parcours de femmes en sciences et ce sont deux participantes de l\u2019UQAC qui ont contribu\u00e9 \u00e0 faire briller leur profession. D\u2019une part, Marie-Isabelle Farinas, ing.,Ph.D., professeur en ing\u00e9nierie, a partag\u00e9 son parcours qui met de l\u2019avant des applications m\u00e9connues des sciences appliqu\u00e9e, comme c\u2019est le cas dans le domaine de la sant\u00e9. \u00c9tudiante-chercheuse \u00e0 l\u2019UQAC, Anne-Marie Proulx a quant \u00e0 elle aussi expos\u00e9 son cheminement, ses emb\u00fbches et ses r\u00e9ussites \u00e0 travers ses \u00e9tudes en ing\u00e9nierie.<\/p>\n<p>Apr\u00e8s un passage dans la zone d\u00e9couverte qui regroupait plusieurs kiosques li\u00e9s aux programmes et professions traditionnellement masculines, les participantes ont eu l\u2019occasion de visiter trois laboratoires de recherche. Le Laboratoire international sur les mat\u00e9riaux antigivres (LIMA), le Centre de transformation et de valorisation des bioproduits (CTVB) ainsi que les infrastructures du Pavillon du givre, ont impressionn\u00e9 tant pas leur stature que par la nature des activit\u00e9s de recherche qui y ont lieu.<\/p>\n<p>Comme partenaire de l\u2019\u00e9v\u00e9nement, l\u2019UQAC est convaincue qu\u2019une activit\u00e9 inclusive comme \u00ab\u00a0Les filles et les sciences\u2026un duo \u00e9lectrisant\u00a0\u00bb, permet de d\u00e9mocratiser les parcours scientifiques, une \u00e9tape d\u00e9terminante pour la poursuite d\u2019une carri\u00e8re en sciences.<\/p>\n<div id='gallery-1' class='gallery galleryid-52442 gallery-columns-3 gallery-size-thumbnail'><figure class='gallery-item'>\n\t\t\t<div class='gallery-icon landscape'>\n\t\t\t\t<a href='https:\/\/www.uqac.ca\/uqactualites\/2025\/11\/10\/luqac-sengage-aupres-de-levenement-les-filles-et-les-sciences-un-duo-electrisant\/les-filles-et-les-sciences_vgfrias_a25-22\/'><img loading=\"lazy\" decoding=\"async\" width=\"150\" height=\"150\" src=\"https:\/\/www.uqac.ca\/uqactualites\/wp-content\/uploads\/2025\/11\/les-filles-et-les-sciences_vgfrias_A25-22-150x150.jpg\" class=\"attachment-thumbnail size-thumbnail\" alt=\"\" \/><\/a>\n\t\t\t<\/div><\/figure><figure class='gallery-item'>\n\t\t\t<div class='gallery-icon landscape'>\n\t\t\t\t<a href='https:\/\/www.uqac.ca\/uqactualites\/2025\/11\/10\/luqac-sengage-aupres-de-levenement-les-filles-et-les-sciences-un-duo-electrisant\/les-filles-et-les-sciences_vgfrias_a25-21\/'><img loading=\"lazy\" decoding=\"async\" width=\"150\" height=\"150\" src=\"https:\/\/www.uqac.ca\/uqactualites\/wp-content\/uploads\/2025\/11\/les-filles-et-les-sciences_vgfrias_A25-21-150x150.jpg\" class=\"attachment-thumbnail size-thumbnail\" alt=\"\" \/><\/a>\n\t\t\t<\/div><\/figure><figure class='gallery-item'>\n\t\t\t<div class='gallery-icon landscape'>\n\t\t\t\t<a href='https:\/\/www.uqac.ca\/uqactualites\/2025\/11\/10\/luqac-sengage-aupres-de-levenement-les-filles-et-les-sciences-un-duo-electrisant\/les-filles-et-les-sciences_vgfrias_a25-18\/'><img loading=\"lazy\" decoding=\"async\" width=\"150\" height=\"150\" src=\"https:\/\/www.uqac.ca\/uqactualites\/wp-content\/uploads\/2025\/11\/les-filles-et-les-sciences_vgfrias_A25-18-150x150.jpg\" class=\"attachment-thumbnail size-thumbnail\" alt=\"\" \/><\/a>\n\t\t\t<\/div><\/figure><figure class='gallery-item'>\n\t\t\t<div class='gallery-icon landscape'>\n\t\t\t\t<a href='https:\/\/www.uqac.ca\/uqactualites\/2025\/11\/10\/luqac-sengage-aupres-de-levenement-les-filles-et-les-sciences-un-duo-electrisant\/les-filles-et-les-sciences_vgfrias_a25-17\/'><img loading=\"lazy\" decoding=\"async\" width=\"150\" height=\"150\" src=\"https:\/\/www.uqac.ca\/uqactualites\/wp-content\/uploads\/2025\/11\/les-filles-et-les-sciences_vgfrias_A25-17-150x150.jpg\" class=\"attachment-thumbnail size-thumbnail\" alt=\"\" \/><\/a>\n\t\t\t<\/div><\/figure><figure class='gallery-item'>\n\t\t\t<div class='gallery-icon landscape'>\n\t\t\t\t<a href='https:\/\/www.uqac.ca\/uqactualites\/2025\/11\/10\/luqac-sengage-aupres-de-levenement-les-filles-et-les-sciences-un-duo-electrisant\/les-filles-et-les-sciences_vgfrias_a25-16\/'><img loading=\"lazy\" decoding=\"async\" width=\"150\" height=\"150\" src=\"https:\/\/www.uqac.ca\/uqactualites\/wp-content\/uploads\/2025\/11\/les-filles-et-les-sciences_vgfrias_A25-16-150x150.jpg\" class=\"attachment-thumbnail size-thumbnail\" alt=\"\" \/><\/a>\n\t\t\t<\/div><\/figure><figure class='gallery-item'>\n\t\t\t<div class='gallery-icon portrait'>\n\t\t\t\t<a href='https:\/\/www.uqac.ca\/uqactualites\/2025\/11\/10\/luqac-sengage-aupres-de-levenement-les-filles-et-les-sciences-un-duo-electrisant\/les-filles-et-les-sciences_vgfrias_a25-15\/'><img loading=\"lazy\" decoding=\"async\" width=\"150\" height=\"150\" src=\"https:\/\/www.uqac.ca\/uqactualites\/wp-content\/uploads\/2025\/11\/les-filles-et-les-sciences_vgfrias_A25-15-150x150.jpg\" class=\"attachment-thumbnail size-thumbnail\" alt=\"\" \/><\/a>\n\t\t\t<\/div><\/figure><figure class='gallery-item'>\n\t\t\t<div class='gallery-icon landscape'>\n\t\t\t\t<a href='https:\/\/www.uqac.ca\/uqactualites\/2025\/11\/10\/luqac-sengage-aupres-de-levenement-les-filles-et-les-sciences-un-duo-electrisant\/les-filles-et-les-sciences_vgfrias_a25-13-2\/'><img loading=\"lazy\" decoding=\"async\" width=\"150\" height=\"150\" src=\"https:\/\/www.uqac.ca\/uqactualites\/wp-content\/uploads\/2025\/11\/les-filles-et-les-sciences_vgfrias_A25-13-2-150x150.jpg\" class=\"attachment-thumbnail size-thumbnail\" alt=\"\" \/><\/a>\n\t\t\t<\/div><\/figure><figure class='gallery-item'>\n\t\t\t<div class='gallery-icon landscape'>\n\t\t\t\t<a href='https:\/\/www.uqac.ca\/uqactualites\/2025\/11\/10\/luqac-sengage-aupres-de-levenement-les-filles-et-les-sciences-un-duo-electrisant\/les-filles-et-les-sciences_vgfrias_a25-13\/'><img loading=\"lazy\" decoding=\"async\" width=\"150\" height=\"150\" src=\"https:\/\/www.uqac.ca\/uqactualites\/wp-content\/uploads\/2025\/11\/les-filles-et-les-sciences_vgfrias_A25-13-150x150.jpg\" class=\"attachment-thumbnail size-thumbnail\" alt=\"\" \/><\/a>\n\t\t\t<\/div><\/figure><figure class='gallery-item'>\n\t\t\t<div class='gallery-icon landscape'>\n\t\t\t\t<a href='https:\/\/www.uqac.ca\/uqactualites\/2025\/11\/10\/luqac-sengage-aupres-de-levenement-les-filles-et-les-sciences-un-duo-electrisant\/les-filles-et-les-sciences_vgfrias_a25-12\/'><img loading=\"lazy\" decoding=\"async\" width=\"150\" height=\"150\" src=\"https:\/\/www.uqac.ca\/uqactualites\/wp-content\/uploads\/2025\/11\/les-filles-et-les-sciences_vgfrias_A25-12-150x150.jpg\" class=\"attachment-thumbnail size-thumbnail\" alt=\"\" \/><\/a>\n\t\t\t<\/div><\/figure><figure class='gallery-item'>\n\t\t\t<div class='gallery-icon landscape'>\n\t\t\t\t<a href='https:\/\/www.uqac.ca\/uqactualites\/2025\/11\/10\/luqac-sengage-aupres-de-levenement-les-filles-et-les-sciences-un-duo-electrisant\/les-filles-et-les-sciences_vgfrias_a25-11-2\/'><img loading=\"lazy\" decoding=\"async\" width=\"150\" height=\"150\" src=\"https:\/\/www.uqac.ca\/uqactualites\/wp-content\/uploads\/2025\/11\/les-filles-et-les-sciences_vgfrias_A25-11-2-150x150.jpg\" class=\"attachment-thumbnail size-thumbnail\" alt=\"\" \/><\/a>\n\t\t\t<\/div><\/figure><figure class='gallery-item'>\n\t\t\t<div class='gallery-icon portrait'>\n\t\t\t\t<a href='https:\/\/www.uqac.ca\/uqactualites\/2025\/11\/10\/luqac-sengage-aupres-de-levenement-les-filles-et-les-sciences-un-duo-electrisant\/les-filles-et-les-sciences_vgfrias_a25-11\/'><img loading=\"lazy\" decoding=\"async\" width=\"150\" height=\"150\" src=\"https:\/\/www.uqac.ca\/uqactualites\/wp-content\/uploads\/2025\/11\/les-filles-et-les-sciences_vgfrias_A25-11-150x150.jpg\" class=\"attachment-thumbnail size-thumbnail\" alt=\"\" \/><\/a>\n\t\t\t<\/div><\/figure><figure class='gallery-item'>\n\t\t\t<div class='gallery-icon portrait'>\n\t\t\t\t<a href='https:\/\/www.uqac.ca\/uqactualites\/2025\/11\/10\/luqac-sengage-aupres-de-levenement-les-filles-et-les-sciences-un-duo-electrisant\/les-filles-et-les-sciences_vgfrias_a25-10\/'><img loading=\"lazy\" decoding=\"async\" width=\"150\" height=\"150\" src=\"https:\/\/www.uqac.ca\/uqactualites\/wp-content\/uploads\/2025\/11\/les-filles-et-les-sciences_vgfrias_A25-10-150x150.jpg\" class=\"attachment-thumbnail size-thumbnail\" alt=\"\" \/><\/a>\n\t\t\t<\/div><\/figure><figure class='gallery-item'>\n\t\t\t<div class='gallery-icon landscape'>\n\t\t\t\t<a href='https:\/\/www.uqac.ca\/uqactualites\/2025\/11\/10\/luqac-sengage-aupres-de-levenement-les-filles-et-les-sciences-un-duo-electrisant\/les-filles-et-les-sciences_vgfrias_a25-9\/'><img loading=\"lazy\" decoding=\"async\" width=\"150\" height=\"150\" src=\"https:\/\/www.uqac.ca\/uqactualites\/wp-content\/uploads\/2025\/11\/les-filles-et-les-sciences_vgfrias_A25-9-150x150.jpg\" class=\"attachment-thumbnail size-thumbnail\" alt=\"\" \/><\/a>\n\t\t\t<\/div><\/figure><figure class='gallery-item'>\n\t\t\t<div class='gallery-icon landscape'>\n\t\t\t\t<a href='https:\/\/www.uqac.ca\/uqactualites\/2025\/11\/10\/luqac-sengage-aupres-de-levenement-les-filles-et-les-sciences-un-duo-electrisant\/les-filles-et-les-sciences_vgfrias_a25-08\/'><img loading=\"lazy\" decoding=\"async\" width=\"150\" height=\"150\" src=\"https:\/\/www.uqac.ca\/uqactualites\/wp-content\/uploads\/2025\/11\/les-filles-et-les-sciences_vgfrias_A25-08-150x150.jpg\" class=\"attachment-thumbnail size-thumbnail\" alt=\"\" \/><\/a>\n\t\t\t<\/div><\/figure><figure class='gallery-item'>\n\t\t\t<div class='gallery-icon landscape'>\n\t\t\t\t<a href='https:\/\/www.uqac.ca\/uqactualites\/2025\/11\/10\/luqac-sengage-aupres-de-levenement-les-filles-et-les-sciences-un-duo-electrisant\/les-filles-et-les-sciences_vgfrias_a25-7\/'><img loading=\"lazy\" decoding=\"async\" width=\"150\" height=\"150\" src=\"https:\/\/www.uqac.ca\/uqactualites\/wp-content\/uploads\/2025\/11\/les-filles-et-les-sciences_vgfrias_A25-7-150x150.jpg\" class=\"attachment-thumbnail size-thumbnail\" alt=\"\" \/><\/a>\n\t\t\t<\/div><\/figure><figure class='gallery-item'>\n\t\t\t<div class='gallery-icon landscape'>\n\t\t\t\t<a href='https:\/\/www.uqac.ca\/uqactualites\/2025\/11\/10\/luqac-sengage-aupres-de-levenement-les-filles-et-les-sciences-un-duo-electrisant\/les-filles-et-les-sciences_vgfrias_a25-07\/'><img loading=\"lazy\" decoding=\"async\" width=\"150\" height=\"150\" src=\"https:\/\/www.uqac.ca\/uqactualites\/wp-content\/uploads\/2025\/11\/les-filles-et-les-sciences_vgfrias_A25-07-150x150.jpg\" class=\"attachment-thumbnail size-thumbnail\" alt=\"\" \/><\/a>\n\t\t\t<\/div><\/figure><figure class='gallery-item'>\n\t\t\t<div class='gallery-icon portrait'>\n\t\t\t\t<a href='https:\/\/www.uqac.ca\/uqactualites\/2025\/11\/10\/luqac-sengage-aupres-de-levenement-les-filles-et-les-sciences-un-duo-electrisant\/les-filles-et-les-sciences_vgfrias_a25-6\/'><img loading=\"lazy\" decoding=\"async\" width=\"150\" height=\"150\" src=\"https:\/\/www.uqac.ca\/uqactualites\/wp-content\/uploads\/2025\/11\/les-filles-et-les-sciences_vgfrias_A25-6-150x150.jpg\" class=\"attachment-thumbnail size-thumbnail\" alt=\"\" \/><\/a>\n\t\t\t<\/div><\/figure><figure class='gallery-item'>\n\t\t\t<div class='gallery-icon portrait'>\n\t\t\t\t<a href='https:\/\/www.uqac.ca\/uqactualites\/2025\/11\/10\/luqac-sengage-aupres-de-levenement-les-filles-et-les-sciences-un-duo-electrisant\/les-filles-et-les-sciences_vgfrias_a25-03\/'><img loading=\"lazy\" decoding=\"async\" width=\"150\" height=\"150\" src=\"https:\/\/www.uqac.ca\/uqactualites\/wp-content\/uploads\/2025\/11\/les-filles-et-les-sciences_vgfrias_A25-03-150x150.jpg\" class=\"attachment-thumbnail size-thumbnail\" alt=\"\" \/><\/a>\n\t\t\t<\/div><\/figure><figure class='gallery-item'>\n\t\t\t<div class='gallery-icon portrait'>\n\t\t\t\t<a href='https:\/\/www.uqac.ca\/uqactualites\/2025\/11\/10\/luqac-sengage-aupres-de-levenement-les-filles-et-les-sciences-un-duo-electrisant\/les-filles-et-les-sciences_vgfrias_a25-04\/'><img loading=\"lazy\" decoding=\"async\" width=\"150\" height=\"150\" src=\"https:\/\/www.uqac.ca\/uqactualites\/wp-content\/uploads\/2025\/11\/les-filles-et-les-sciences_vgfrias_A25-04-150x150.jpg\" class=\"attachment-thumbnail size-thumbnail\" alt=\"\" \/><\/a>\n\t\t\t<\/div><\/figure><figure class='gallery-item'>\n\t\t\t<div class='gallery-icon portrait'>\n\t\t\t\t<a href='https:\/\/www.uqac.ca\/uqactualites\/2025\/11\/10\/luqac-sengage-aupres-de-levenement-les-filles-et-les-sciences-un-duo-electrisant\/les-filles-et-les-sciences_vgfrias_a25-01\/'><img loading=\"lazy\" decoding=\"async\" width=\"150\" height=\"150\" src=\"https:\/\/www.uqac.ca\/uqactualites\/wp-content\/uploads\/2025\/11\/les-filles-et-les-sciences_vgfrias_A25-01-150x150.jpg\" class=\"attachment-thumbnail size-thumbnail\" alt=\"\" \/><\/a>\n\t\t\t<\/div><\/figure><figure class='gallery-item'>\n\t\t\t<div class='gallery-icon landscape'>\n\t\t\t\t<a href='https:\/\/www.uqac.ca\/uqactualites\/2025\/11\/10\/luqac-sengage-aupres-de-levenement-les-filles-et-les-sciences-un-duo-electrisant\/les-filles-et-les-sciences_vgfrias_a25-23\/'><img loading=\"lazy\" decoding=\"async\" width=\"150\" height=\"150\" src=\"https:\/\/www.uqac.ca\/uqactualites\/wp-content\/uploads\/2025\/11\/les-filles-et-les-sciences_vgfrias_A25-23-150x150.jpg\" class=\"attachment-thumbnail size-thumbnail\" alt=\"\" \/><\/a>\n\t\t\t<\/div><\/figure><figure class='gallery-item'>\n\t\t\t<div class='gallery-icon portrait'>\n\t\t\t\t<a href='https:\/\/www.uqac.ca\/uqactualites\/2025\/11\/10\/luqac-sengage-aupres-de-levenement-les-filles-et-les-sciences-un-duo-electrisant\/les-filles-et-les-sciences_vgfrias_a25-1\/'><img loading=\"lazy\" decoding=\"async\" width=\"150\" height=\"150\" src=\"https:\/\/www.uqac.ca\/uqactualites\/wp-content\/uploads\/2025\/11\/les-filles-et-les-sciences_vgfrias_A25-1-150x150.jpg\" class=\"attachment-thumbnail size-thumbnail\" alt=\"\" \/><\/a>\n\t\t\t<\/div><\/figure><figure class='gallery-item'>\n\t\t\t<div class='gallery-icon landscape'>\n\t\t\t\t<a href='https:\/\/www.uqac.ca\/uqactualites\/2025\/11\/10\/luqac-sengage-aupres-de-levenement-les-filles-et-les-sciences-un-duo-electrisant\/les-filles-et-les-sciences_vgfrias_a25-02\/'><img loading=\"lazy\" decoding=\"async\" width=\"150\" height=\"150\" src=\"https:\/\/www.uqac.ca\/uqactualites\/wp-content\/uploads\/2025\/11\/les-filles-et-les-sciences_vgfrias_A25-02-150x150.jpg\" class=\"attachment-thumbnail size-thumbnail\" alt=\"\" srcset=\"https:\/\/www.uqac.ca\/uqactualites\/wp-content\/uploads\/2025\/11\/les-filles-et-les-sciences_vgfrias_A25-02-150x149.jpg 150w, https:\/\/www.uqac.ca\/uqactualites\/wp-content\/uploads\/2025\/11\/les-filles-et-les-sciences_vgfrias_A25-02-300x298.jpg 300w, https:\/\/www.uqac.ca\/uqactualites\/wp-content\/uploads\/2025\/11\/les-filles-et-les-sciences_vgfrias_A25-02-1024x1016.jpg 1024w, https:\/\/www.uqac.ca\/uqactualites\/wp-content\/uploads\/2025\/11\/les-filles-et-les-sciences_vgfrias_A25-02-768x762.jpg 768w, https:\/\/www.uqac.ca\/uqactualites\/wp-content\/uploads\/2025\/11\/les-filles-et-les-sciences_vgfrias_A25-02-1536x1524.jpg 1536w, https:\/\/www.uqac.ca\/uqactualites\/wp-content\/uploads\/2025\/11\/les-filles-et-les-sciences_vgfrias_A25-02-696x691.jpg 696w, https:\/\/www.uqac.ca\/uqactualites\/wp-content\/uploads\/2025\/11\/les-filles-et-les-sciences_vgfrias_A25-02-1068x1060.jpg 1068w, https:\/\/www.uqac.ca\/uqactualites\/wp-content\/uploads\/2025\/11\/les-filles-et-les-sciences_vgfrias_A25-02.jpg 1558w\" sizes=\"(max-width: 150px) 100vw, 150px\" \/><\/a>\n\t\t\t<\/div><\/figure>\n\t\t<\/div>\n\n","protected":false},"excerpt":{"rendered":"<p>Samedi dernier, l\u2019UQAC accueillait l\u2019\u00e9v\u00e9nement \u00ab Les filles et les sciences\u2026un duo \u00e9lectrisant \u00bb qui s\u2019arr\u00eatait pour une premi\u00e8re fois \u00e0 Saguenay. Initi\u00e9e par Technoscience , l&rsquo;activit\u00e9 qui vise \u00e0 d\u00e9mocratiser les \u00e9tudes et les professions traditionnellement masculines a f\u00e9d\u00e9r\u00e9 pas moins de 60 \u00e9l\u00e8ves de 2e, 3e et 4e secondaire autour d\u2019une programmation compl\u00e8tement [&hellip;]<\/p>\n","protected":false},"author":5,"featured_media":52444,"comment_status":"closed","ping_status":"open","sticky":false,"template":"","format":"standard","meta":{"footnotes":""},"categories":[2,2854,61],"tags":[21,3],"yoast_head":"<!-- This site is optimized with the Yoast SEO plugin v24.2 - https:\/\/yoast.com\/wordpress\/plugins\/seo\/ -->\r\n<title>L&#039;UQAC s&#039;engage aupr\u00e8s de l&#039;\u00e9v\u00e9nement \u00ab Les filles et les sciences...un duo \u00e9lectrisant\u00bb - UQACtualit\u00e9s<\/title>\r\n<meta name=\"robots\" content=\"index, follow, max-snippet:-1, max-image-preview:large, max-video-preview:-1\" \/>\r\n<link rel=\"canonical\" href=\"https:\/\/www.uqac.ca\/uqactualites\/2025\/11\/10\/luqac-sengage-aupres-de-levenement-les-filles-et-les-sciences-un-duo-electrisant\/\" \/>\r\n<meta property=\"og:locale\" content=\"fr_CA\" \/>\r\n<meta property=\"og:type\" content=\"article\" \/>\r\n<meta property=\"og:title\" content=\"L&#039;UQAC s&#039;engage aupr\u00e8s de l&#039;\u00e9v\u00e9nement \u00ab Les filles et les sciences...un duo \u00e9lectrisant\u00bb - UQACtualit\u00e9s\" \/>\r\n<meta property=\"og:description\" content=\"Samedi dernier, l\u2019UQAC accueillait l\u2019\u00e9v\u00e9nement \u00ab Les filles et les sciences\u2026un duo \u00e9lectrisant \u00bb qui s\u2019arr\u00eatait pour une premi\u00e8re fois \u00e0 Saguenay. Initi\u00e9e par Technoscience , l&rsquo;activit\u00e9 qui vise \u00e0 d\u00e9mocratiser les \u00e9tudes et les professions traditionnellement masculines a f\u00e9d\u00e9r\u00e9 pas moins de 60 \u00e9l\u00e8ves de 2e, 3e et 4e secondaire autour d\u2019une programmation compl\u00e8tement [&hellip;]\" \/>\r\n<meta property=\"og:url\" content=\"https:\/\/www.uqac.ca\/uqactualites\/2025\/11\/10\/luqac-sengage-aupres-de-levenement-les-filles-et-les-sciences-un-duo-electrisant\/\" \/>\r\n<meta property=\"og:site_name\" content=\"UQACtualit\u00e9s\" \/>\r\n<meta property=\"article:published_time\" content=\"2025-11-10T20:11:45+00:00\" \/>\r\n<meta property=\"article:modified_time\" content=\"2025-11-10T20:16:04+00:00\" \/>\r\n<meta property=\"og:image\" content=\"https:\/\/www.uqac.ca\/uqactualites\/wp-content\/uploads\/2025\/11\/les-filles-et-les-sciences_vgfrias_A25-10-2-1024x768.jpg\" \/>\r\n\t<meta property=\"og:image:width\" content=\"1024\" \/>\r\n\t<meta property=\"og:image:height\" content=\"768\" \/>\r\n\t<meta property=\"og:image:type\" content=\"image\/jpeg\" \/>\r\n<meta name=\"author\" content=\"Service des communications et des relations publiques\" \/>\r\n<meta name=\"twitter:card\" content=\"summary_large_image\" \/>\r\n<meta name=\"twitter:label1\" content=\"\u00c9crit par\" \/>\n\t<meta name=\"twitter:data1\" content=\"Service des communications et des relations publiques\" \/>\n\t<meta name=\"twitter:label2\" content=\"Estimation du temps de lecture\" \/>\n\t<meta name=\"twitter:data2\" content=\"3 minutes\" \/>\r\n<script type=\"application\/ld+json\" class=\"yoast-schema-graph\">{\"@context\":\"https:\/\/schema.org\",\"@graph\":[{\"@type\":\"WebPage\",\"@id\":\"https:\/\/www.uqac.ca\/uqactualites\/2025\/11\/10\/luqac-sengage-aupres-de-levenement-les-filles-et-les-sciences-un-duo-electrisant\/\",\"url\":\"https:\/\/www.uqac.ca\/uqactualites\/2025\/11\/10\/luqac-sengage-aupres-de-levenement-les-filles-et-les-sciences-un-duo-electrisant\/\",\"name\":\"L'UQAC s'engage aupr\u00e8s de l'\u00e9v\u00e9nement \u00ab Les filles et les sciences...un duo \u00e9lectrisant\u00bb - UQACtualit\u00e9s\",\"isPartOf\":{\"@id\":\"https:\/\/www.uqac.ca\/uqactualites\/#website\"},\"primaryImageOfPage\":{\"@id\":\"https:\/\/www.uqac.ca\/uqactualites\/2025\/11\/10\/luqac-sengage-aupres-de-levenement-les-filles-et-les-sciences-un-duo-electrisant\/#primaryimage\"},\"image\":{\"@id\":\"https:\/\/www.uqac.ca\/uqactualites\/2025\/11\/10\/luqac-sengage-aupres-de-levenement-les-filles-et-les-sciences-un-duo-electrisant\/#primaryimage\"},\"thumbnailUrl\":\"https:\/\/www.uqac.ca\/uqactualites\/wp-content\/uploads\/2025\/11\/les-filles-et-les-sciences_vgfrias_A25-10-2.jpg\",\"datePublished\":\"2025-11-10T20:11:45+00:00\",\"dateModified\":\"2025-11-10T20:16:04+00:00\",\"author\":{\"@id\":\"https:\/\/www.uqac.ca\/uqactualites\/#\/schema\/person\/366c45a0c4f0e677b41b4af5886e2018\"},\"breadcrumb\":{\"@id\":\"https:\/\/www.uqac.ca\/uqactualites\/2025\/11\/10\/luqac-sengage-aupres-de-levenement-les-filles-et-les-sciences-un-duo-electrisant\/#breadcrumb\"},\"inLanguage\":\"fr-CA\",\"potentialAction\":[{\"@type\":\"ReadAction\",\"target\":[\"https:\/\/www.uqac.ca\/uqactualites\/2025\/11\/10\/luqac-sengage-aupres-de-levenement-les-filles-et-les-sciences-un-duo-electrisant\/\"]}]},{\"@type\":\"ImageObject\",\"inLanguage\":\"fr-CA\",\"@id\":\"https:\/\/www.uqac.ca\/uqactualites\/2025\/11\/10\/luqac-sengage-aupres-de-levenement-les-filles-et-les-sciences-un-duo-electrisant\/#primaryimage\",\"url\":\"https:\/\/www.uqac.ca\/uqactualites\/wp-content\/uploads\/2025\/11\/les-filles-et-les-sciences_vgfrias_A25-10-2.jpg\",\"contentUrl\":\"https:\/\/www.uqac.ca\/uqactualites\/wp-content\/uploads\/2025\/11\/les-filles-et-les-sciences_vgfrias_A25-10-2.jpg\",\"width\":2016,\"height\":1512},{\"@type\":\"BreadcrumbList\",\"@id\":\"https:\/\/www.uqac.ca\/uqactualites\/2025\/11\/10\/luqac-sengage-aupres-de-levenement-les-filles-et-les-sciences-un-duo-electrisant\/#breadcrumb\",\"itemListElement\":[{\"@type\":\"ListItem\",\"position\":1,\"name\":\"Home\",\"item\":\"https:\/\/www.uqac.ca\/uqactualites\/\"},{\"@type\":\"ListItem\",\"position\":2,\"name\":\"L&rsquo;UQAC s&rsquo;engage aupr\u00e8s de l&rsquo;\u00e9v\u00e9nement \u00ab Les filles et les sciences&#8230;un duo \u00e9lectrisant\u00bb\"}]},{\"@type\":\"WebSite\",\"@id\":\"https:\/\/www.uqac.ca\/uqactualites\/#website\",\"url\":\"https:\/\/www.uqac.ca\/uqactualites\/\",\"name\":\"UQACtualit\u00e9s\",\"description\":\"Le portail des nouvelles de l&#039;UQAC\",\"potentialAction\":[{\"@type\":\"SearchAction\",\"target\":{\"@type\":\"EntryPoint\",\"urlTemplate\":\"https:\/\/www.uqac.ca\/uqactualites\/?s={search_term_string}\"},\"query-input\":{\"@type\":\"PropertyValueSpecification\",\"valueRequired\":true,\"valueName\":\"search_term_string\"}}],\"inLanguage\":\"fr-CA\"},{\"@type\":\"Person\",\"@id\":\"https:\/\/www.uqac.ca\/uqactualites\/#\/schema\/person\/366c45a0c4f0e677b41b4af5886e2018\",\"name\":\"Service des communications et des relations publiques\",\"image\":{\"@type\":\"ImageObject\",\"inLanguage\":\"fr-CA\",\"@id\":\"https:\/\/www.uqac.ca\/uqactualites\/#\/schema\/person\/image\/\",\"url\":\"https:\/\/secure.gravatar.com\/avatar\/20fbbda8a292f59f2d3461a5b999c00b?s=96&d=mm&r=g\",\"contentUrl\":\"https:\/\/secure.gravatar.com\/avatar\/20fbbda8a292f59f2d3461a5b999c00b?s=96&d=mm&r=g\",\"caption\":\"Service des communications et des relations publiques\"},\"url\":\"https:\/\/www.uqac.ca\/uqactualites\/author\/bap\/\"}]}<\/script>\r\n<!-- \/ Yoast SEO plugin. -->","yoast_head_json":{"title":"L'UQAC s'engage aupr\u00e8s de l'\u00e9v\u00e9nement \u00ab Les filles et les sciences...un duo \u00e9lectrisant\u00bb - UQACtualit\u00e9s","robots":{"index":"index","follow":"follow","max-snippet":"max-snippet:-1","max-image-preview":"max-image-preview:large","max-video-preview":"max-video-preview:-1"},"canonical":"https:\/\/www.uqac.ca\/uqactualites\/2025\/11\/10\/luqac-sengage-aupres-de-levenement-les-filles-et-les-sciences-un-duo-electrisant\/","og_locale":"fr_CA","og_type":"article","og_title":"L'UQAC s'engage aupr\u00e8s de l'\u00e9v\u00e9nement \u00ab Les filles et les sciences...un duo \u00e9lectrisant\u00bb - UQACtualit\u00e9s","og_description":"Samedi dernier, l\u2019UQAC accueillait l\u2019\u00e9v\u00e9nement \u00ab Les filles et les sciences\u2026un duo \u00e9lectrisant \u00bb qui s\u2019arr\u00eatait pour une premi\u00e8re fois \u00e0 Saguenay. Initi\u00e9e par Technoscience , l&rsquo;activit\u00e9 qui vise \u00e0 d\u00e9mocratiser les \u00e9tudes et les professions traditionnellement masculines a f\u00e9d\u00e9r\u00e9 pas moins de 60 \u00e9l\u00e8ves de 2e, 3e et 4e secondaire autour d\u2019une programmation compl\u00e8tement [&hellip;]","og_url":"https:\/\/www.uqac.ca\/uqactualites\/2025\/11\/10\/luqac-sengage-aupres-de-levenement-les-filles-et-les-sciences-un-duo-electrisant\/","og_site_name":"UQACtualit\u00e9s","article_published_time":"2025-11-10T20:11:45+00:00","article_modified_time":"2025-11-10T20:16:04+00:00","og_image":[{"width":1024,"height":768,"url":"https:\/\/www.uqac.ca\/uqactualites\/wp-content\/uploads\/2025\/11\/les-filles-et-les-sciences_vgfrias_A25-10-2-1024x768.jpg","type":"image\/jpeg"}],"author":"Service des communications et des relations publiques","twitter_card":"summary_large_image","twitter_misc":{"\u00c9crit par":"Service des communications et des relations publiques","Estimation du temps de lecture":"3 minutes"},"schema":{"@context":"https:\/\/schema.org","@graph":[{"@type":"WebPage","@id":"https:\/\/www.uqac.ca\/uqactualites\/2025\/11\/10\/luqac-sengage-aupres-de-levenement-les-filles-et-les-sciences-un-duo-electrisant\/","url":"https:\/\/www.uqac.ca\/uqactualites\/2025\/11\/10\/luqac-sengage-aupres-de-levenement-les-filles-et-les-sciences-un-duo-electrisant\/","name":"L'UQAC s'engage aupr\u00e8s de l'\u00e9v\u00e9nement \u00ab Les filles et les sciences...un duo \u00e9lectrisant\u00bb - UQACtualit\u00e9s","isPartOf":{"@id":"https:\/\/www.uqac.ca\/uqactualites\/#website"},"primaryImageOfPage":{"@id":"https:\/\/www.uqac.ca\/uqactualites\/2025\/11\/10\/luqac-sengage-aupres-de-levenement-les-filles-et-les-sciences-un-duo-electrisant\/#primaryimage"},"image":{"@id":"https:\/\/www.uqac.ca\/uqactualites\/2025\/11\/10\/luqac-sengage-aupres-de-levenement-les-filles-et-les-sciences-un-duo-electrisant\/#primaryimage"},"thumbnailUrl":"https:\/\/www.uqac.ca\/uqactualites\/wp-content\/uploads\/2025\/11\/les-filles-et-les-sciences_vgfrias_A25-10-2.jpg","datePublished":"2025-11-10T20:11:45+00:00","dateModified":"2025-11-10T20:16:04+00:00","author":{"@id":"https:\/\/www.uqac.ca\/uqactualites\/#\/schema\/person\/366c45a0c4f0e677b41b4af5886e2018"},"breadcrumb":{"@id":"https:\/\/www.uqac.ca\/uqactualites\/2025\/11\/10\/luqac-sengage-aupres-de-levenement-les-filles-et-les-sciences-un-duo-electrisant\/#breadcrumb"},"inLanguage":"fr-CA","potentialAction":[{"@type":"ReadAction","target":["https:\/\/www.uqac.ca\/uqactualites\/2025\/11\/10\/luqac-sengage-aupres-de-levenement-les-filles-et-les-sciences-un-duo-electrisant\/"]}]},{"@type":"ImageObject","inLanguage":"fr-CA","@id":"https:\/\/www.uqac.ca\/uqactualites\/2025\/11\/10\/luqac-sengage-aupres-de-levenement-les-filles-et-les-sciences-un-duo-electrisant\/#primaryimage","url":"https:\/\/www.uqac.ca\/uqactualites\/wp-content\/uploads\/2025\/11\/les-filles-et-les-sciences_vgfrias_A25-10-2.jpg","contentUrl":"https:\/\/www.uqac.ca\/uqactualites\/wp-content\/uploads\/2025\/11\/les-filles-et-les-sciences_vgfrias_A25-10-2.jpg","width":2016,"height":1512},{"@type":"BreadcrumbList","@id":"https:\/\/www.uqac.ca\/uqactualites\/2025\/11\/10\/luqac-sengage-aupres-de-levenement-les-filles-et-les-sciences-un-duo-electrisant\/#breadcrumb","itemListElement":[{"@type":"ListItem","position":1,"name":"Home","item":"https:\/\/www.uqac.ca\/uqactualites\/"},{"@type":"ListItem","position":2,"name":"L&rsquo;UQAC s&rsquo;engage aupr\u00e8s de l&rsquo;\u00e9v\u00e9nement \u00ab Les filles et les sciences&#8230;un duo \u00e9lectrisant\u00bb"}]},{"@type":"WebSite","@id":"https:\/\/www.uqac.ca\/uqactualites\/#website","url":"https:\/\/www.uqac.ca\/uqactualites\/","name":"UQACtualit\u00e9s","description":"Le portail des nouvelles de l&#039;UQAC","potentialAction":[{"@type":"SearchAction","target":{"@type":"EntryPoint","urlTemplate":"https:\/\/www.uqac.ca\/uqactualites\/?s={search_term_string}"},"query-input":{"@type":"PropertyValueSpecification","valueRequired":true,"valueName":"search_term_string"}}],"inLanguage":"fr-CA"},{"@type":"Person","@id":"https:\/\/www.uqac.ca\/uqactualites\/#\/schema\/person\/366c45a0c4f0e677b41b4af5886e2018","name":"Service des communications et des relations publiques","image":{"@type":"ImageObject","inLanguage":"fr-CA","@id":"https:\/\/www.uqac.ca\/uqactualites\/#\/schema\/person\/image\/","url":"https:\/\/secure.gravatar.com\/avatar\/20fbbda8a292f59f2d3461a5b999c00b?s=96&d=mm&r=g","contentUrl":"https:\/\/secure.gravatar.com\/avatar\/20fbbda8a292f59f2d3461a5b999c00b?s=96&d=mm&r=g","caption":"Service des communications et des relations publiques"},"url":"https:\/\/www.uqac.ca\/uqactualites\/author\/bap\/"}]}},"_links":{"self":[{"href":"https:\/\/www.uqac.ca\/uqactualites\/wp-json\/wp\/v2\/posts\/52442"}],"collection":[{"href":"https:\/\/www.uqac.ca\/uqactualites\/wp-json\/wp\/v2\/posts"}],"about":[{"href":"https:\/\/www.uqac.ca\/uqactualites\/wp-json\/wp\/v2\/types\/post"}],"author":[{"embeddable":true,"href":"https:\/\/www.uqac.ca\/uqactualites\/wp-json\/wp\/v2\/users\/5"}],"replies":[{"embeddable":true,"href":"https:\/\/www.uqac.ca\/uqactualites\/wp-json\/wp\/v2\/comments?post=52442"}],"version-history":[{"count":6,"href":"https:\/\/www.uqac.ca\/uqactualites\/wp-json\/wp\/v2\/posts\/52442\/revisions"}],"predecessor-version":[{"id":52485,"href":"https:\/\/www.uqac.ca\/uqactualites\/wp-json\/wp\/v2\/posts\/52442\/revisions\/52485"}],"wp:featuredmedia":[{"embeddable":true,"href":"https:\/\/www.uqac.ca\/uqactualites\/wp-json\/wp\/v2\/media\/52444"}],"wp:attachment":[{"href":"https:\/\/www.uqac.ca\/uqactualites\/wp-json\/wp\/v2\/media?parent=52442"}],"wp:term":[{"taxonomy":"category","embeddable":true,"href":"https:\/\/www.uqac.ca\/uqactualites\/wp-json\/wp\/v2\/categories?post=52442"},{"taxonomy":"post_tag","embeddable":true,"href":"https:\/\/www.uqac.ca\/uqactualites\/wp-json\/wp\/v2\/tags?post=52442"}],"curies":[{"name":"wp","href":"https:\/\/api.w.org\/{rel}","templated":true}]}}