{"id":52498,"date":"2025-11-14T09:20:12","date_gmt":"2025-11-14T14:20:12","guid":{"rendered":"https:\/\/www.uqac.ca\/uqactualites\/?p=52498"},"modified":"2025-11-14T09:20:12","modified_gmt":"2025-11-14T14:20:12","slug":"sortir-du-cadre-une-exposition-sur-linnovation-pedagogique-presentee-a-la-bibliotheque-de-luqac","status":"publish","type":"post","link":"https:\/\/www.uqac.ca\/uqactualites\/2025\/11\/14\/sortir-du-cadre-une-exposition-sur-linnovation-pedagogique-presentee-a-la-bibliotheque-de-luqac\/","title":{"rendered":"Sortir du Cadre: une exposition sur l&rsquo;innovation p\u00e9dagogique pr\u00e9sent\u00e9e \u00e0 la biblioth\u00e8que de l&rsquo;UQAC"},"content":{"rendered":"<p>Le 6 novembre dernier, environ 80 personnes se sont d\u00e9plac\u00e9es pour le vernissage de l\u2019exposition <em>Sortir du Cadre<\/em>\u00a0\u00e0 la <a href=\"https:\/\/bibliotheque.uqac.ca\/accueil\" target=\"_blank\" rel=\"noopener\">Biblioth\u00e8que Paul-\u00c9mile Boulet<\/a>, un \u00e9v\u00e8nement coorganis\u00e9 par le <a href=\"https:\/\/recherche.uqac.ca\/laboratoire-collectif-de-recherche-en-enseignement-des-arts-crea\" target=\"_blank\" rel=\"noopener\">Collectif de recherche en enseignement des arts de l\u2019UQAC (CR\u00c9Agir)<\/a> et le Centre de services scolaires des Rives-du-Saguenay.<\/p>\n<p>Pour une troisi\u00e8me ann\u00e9e cons\u00e9cutive, cette exposition permet de mettre en valeur les \u0153uvres des \u00e9l\u00e8ves des \u00e9coles de la r\u00e9gion du Saguenay\u2013Lac-Saint-Jean ainsi que la qualit\u00e9 des interventions p\u00e9dagogiques du personnel enseignant, cette fois-ci en lien avec la th\u00e9matique de l\u2019innovation p\u00e9dagogique.<\/p>\n<p>Cette exposition, ayant des liens \u00e9troits avec les pr\u00e9occupations de recherche de CR\u00c9Agir, fait aussi \u00e9cho \u00e0 la journ\u00e9e de formation continue qui \u00e9tait offerte aux enseignants et aux enseignantes en arts de la r\u00e9gion le 7 novembre dernier et qui avait \u00e9galement pour th\u00e9matique l\u2019innovation p\u00e9dagogique. Les deux \u00e9v\u00e9nements furent un franc succ\u00e8s riche en partages, en rayonnement et en apprentissages.<\/p>\n<p>L\u2019exposition <em>Sortir du Cadre<\/em> est accessible jusqu\u2019au 24 novembre prochain sur les heures d\u2019ouverture de la biblioth\u00e8que.<\/p>\n","protected":false},"excerpt":{"rendered":"<p>Le 6 novembre dernier, environ 80 personnes se sont d\u00e9plac\u00e9es pour le vernissage de l\u2019exposition Sortir du Cadre\u00a0\u00e0 la Biblioth\u00e8que Paul-\u00c9mile Boulet, un \u00e9v\u00e8nement coorganis\u00e9 par le Collectif de recherche en enseignement des arts de l\u2019UQAC (CR\u00c9Agir) et le Centre de services scolaires des Rives-du-Saguenay. Pour une troisi\u00e8me ann\u00e9e cons\u00e9cutive, cette exposition permet de mettre [&hellip;]<\/p>\n","protected":false},"author":5,"featured_media":52499,"comment_status":"closed","ping_status":"open","sticky":false,"template":"","format":"standard","meta":{"footnotes":""},"categories":[2795,2,61],"tags":[37,3000,39],"yoast_head":"<!-- This site is optimized with the Yoast SEO plugin v24.2 - https:\/\/yoast.com\/wordpress\/plugins\/seo\/ -->\r\n<title>Sortir du Cadre: une exposition sur l&#039;innovation p\u00e9dagogique pr\u00e9sent\u00e9e \u00e0 la biblioth\u00e8que de l&#039;UQAC - UQACtualit\u00e9s<\/title>\r\n<meta name=\"robots\" content=\"index, follow, max-snippet:-1, max-image-preview:large, max-video-preview:-1\" \/>\r\n<link rel=\"canonical\" href=\"https:\/\/www.uqac.ca\/uqactualites\/2025\/11\/14\/sortir-du-cadre-une-exposition-sur-linnovation-pedagogique-presentee-a-la-bibliotheque-de-luqac\/\" \/>\r\n<meta property=\"og:locale\" content=\"fr_CA\" \/>\r\n<meta property=\"og:type\" content=\"article\" \/>\r\n<meta property=\"og:title\" content=\"Sortir du Cadre: une exposition sur l&#039;innovation p\u00e9dagogique pr\u00e9sent\u00e9e \u00e0 la biblioth\u00e8que de l&#039;UQAC - UQACtualit\u00e9s\" \/>\r\n<meta property=\"og:description\" content=\"Le 6 novembre dernier, environ 80 personnes se sont d\u00e9plac\u00e9es pour le vernissage de l\u2019exposition Sortir du Cadre\u00a0\u00e0 la Biblioth\u00e8que Paul-\u00c9mile Boulet, un \u00e9v\u00e8nement coorganis\u00e9 par le Collectif de recherche en enseignement des arts de l\u2019UQAC (CR\u00c9Agir) et le Centre de services scolaires des Rives-du-Saguenay. Pour une troisi\u00e8me ann\u00e9e cons\u00e9cutive, cette exposition permet de mettre [&hellip;]\" \/>\r\n<meta property=\"og:url\" content=\"https:\/\/www.uqac.ca\/uqactualites\/2025\/11\/14\/sortir-du-cadre-une-exposition-sur-linnovation-pedagogique-presentee-a-la-bibliotheque-de-luqac\/\" \/>\r\n<meta property=\"og:site_name\" content=\"UQACtualit\u00e9s\" \/>\r\n<meta property=\"article:published_time\" content=\"2025-11-14T14:20:12+00:00\" \/>\r\n<meta property=\"og:image\" content=\"https:\/\/www.uqac.ca\/uqactualites\/wp-content\/uploads\/2025\/11\/photo-uqac-40-1024x576.png\" \/>\r\n\t<meta property=\"og:image:width\" content=\"1024\" \/>\r\n\t<meta property=\"og:image:height\" content=\"576\" \/>\r\n\t<meta property=\"og:image:type\" content=\"image\/png\" \/>\r\n<meta name=\"author\" content=\"Service des communications et des relations publiques\" \/>\r\n<meta name=\"twitter:card\" content=\"summary_large_image\" \/>\r\n<meta name=\"twitter:label1\" content=\"\u00c9crit par\" \/>\n\t<meta name=\"twitter:data1\" content=\"Service des communications et des relations publiques\" \/>\n\t<meta name=\"twitter:label2\" content=\"Estimation du temps de lecture\" \/>\n\t<meta name=\"twitter:data2\" content=\"2 minutes\" \/>\r\n<script type=\"application\/ld+json\" class=\"yoast-schema-graph\">{\"@context\":\"https:\/\/schema.org\",\"@graph\":[{\"@type\":\"WebPage\",\"@id\":\"https:\/\/www.uqac.ca\/uqactualites\/2025\/11\/14\/sortir-du-cadre-une-exposition-sur-linnovation-pedagogique-presentee-a-la-bibliotheque-de-luqac\/\",\"url\":\"https:\/\/www.uqac.ca\/uqactualites\/2025\/11\/14\/sortir-du-cadre-une-exposition-sur-linnovation-pedagogique-presentee-a-la-bibliotheque-de-luqac\/\",\"name\":\"Sortir du Cadre: une exposition sur l'innovation p\u00e9dagogique pr\u00e9sent\u00e9e \u00e0 la biblioth\u00e8que de l'UQAC - UQACtualit\u00e9s\",\"isPartOf\":{\"@id\":\"https:\/\/www.uqac.ca\/uqactualites\/#website\"},\"primaryImageOfPage\":{\"@id\":\"https:\/\/www.uqac.ca\/uqactualites\/2025\/11\/14\/sortir-du-cadre-une-exposition-sur-linnovation-pedagogique-presentee-a-la-bibliotheque-de-luqac\/#primaryimage\"},\"image\":{\"@id\":\"https:\/\/www.uqac.ca\/uqactualites\/2025\/11\/14\/sortir-du-cadre-une-exposition-sur-linnovation-pedagogique-presentee-a-la-bibliotheque-de-luqac\/#primaryimage\"},\"thumbnailUrl\":\"https:\/\/www.uqac.ca\/uqactualites\/wp-content\/uploads\/2025\/11\/photo-uqac-40.png\",\"datePublished\":\"2025-11-14T14:20:12+00:00\",\"dateModified\":\"2025-11-14T14:20:12+00:00\",\"author\":{\"@id\":\"https:\/\/www.uqac.ca\/uqactualites\/#\/schema\/person\/366c45a0c4f0e677b41b4af5886e2018\"},\"breadcrumb\":{\"@id\":\"https:\/\/www.uqac.ca\/uqactualites\/2025\/11\/14\/sortir-du-cadre-une-exposition-sur-linnovation-pedagogique-presentee-a-la-bibliotheque-de-luqac\/#breadcrumb\"},\"inLanguage\":\"fr-CA\",\"potentialAction\":[{\"@type\":\"ReadAction\",\"target\":[\"https:\/\/www.uqac.ca\/uqactualites\/2025\/11\/14\/sortir-du-cadre-une-exposition-sur-linnovation-pedagogique-presentee-a-la-bibliotheque-de-luqac\/\"]}]},{\"@type\":\"ImageObject\",\"inLanguage\":\"fr-CA\",\"@id\":\"https:\/\/www.uqac.ca\/uqactualites\/2025\/11\/14\/sortir-du-cadre-une-exposition-sur-linnovation-pedagogique-presentee-a-la-bibliotheque-de-luqac\/#primaryimage\",\"url\":\"https:\/\/www.uqac.ca\/uqactualites\/wp-content\/uploads\/2025\/11\/photo-uqac-40.png\",\"contentUrl\":\"https:\/\/www.uqac.ca\/uqactualites\/wp-content\/uploads\/2025\/11\/photo-uqac-40.png\",\"width\":1920,\"height\":1080},{\"@type\":\"BreadcrumbList\",\"@id\":\"https:\/\/www.uqac.ca\/uqactualites\/2025\/11\/14\/sortir-du-cadre-une-exposition-sur-linnovation-pedagogique-presentee-a-la-bibliotheque-de-luqac\/#breadcrumb\",\"itemListElement\":[{\"@type\":\"ListItem\",\"position\":1,\"name\":\"Home\",\"item\":\"https:\/\/www.uqac.ca\/uqactualites\/\"},{\"@type\":\"ListItem\",\"position\":2,\"name\":\"Sortir du Cadre: une exposition sur l&rsquo;innovation p\u00e9dagogique pr\u00e9sent\u00e9e \u00e0 la biblioth\u00e8que de l&rsquo;UQAC\"}]},{\"@type\":\"WebSite\",\"@id\":\"https:\/\/www.uqac.ca\/uqactualites\/#website\",\"url\":\"https:\/\/www.uqac.ca\/uqactualites\/\",\"name\":\"UQACtualit\u00e9s\",\"description\":\"Le portail des nouvelles de l&#039;UQAC\",\"potentialAction\":[{\"@type\":\"SearchAction\",\"target\":{\"@type\":\"EntryPoint\",\"urlTemplate\":\"https:\/\/www.uqac.ca\/uqactualites\/?s={search_term_string}\"},\"query-input\":{\"@type\":\"PropertyValueSpecification\",\"valueRequired\":true,\"valueName\":\"search_term_string\"}}],\"inLanguage\":\"fr-CA\"},{\"@type\":\"Person\",\"@id\":\"https:\/\/www.uqac.ca\/uqactualites\/#\/schema\/person\/366c45a0c4f0e677b41b4af5886e2018\",\"name\":\"Service des communications et des relations publiques\",\"image\":{\"@type\":\"ImageObject\",\"inLanguage\":\"fr-CA\",\"@id\":\"https:\/\/www.uqac.ca\/uqactualites\/#\/schema\/person\/image\/\",\"url\":\"https:\/\/secure.gravatar.com\/avatar\/20fbbda8a292f59f2d3461a5b999c00b?s=96&d=mm&r=g\",\"contentUrl\":\"https:\/\/secure.gravatar.com\/avatar\/20fbbda8a292f59f2d3461a5b999c00b?s=96&d=mm&r=g\",\"caption\":\"Service des communications et des relations publiques\"},\"url\":\"https:\/\/www.uqac.ca\/uqactualites\/author\/bap\/\"}]}<\/script>\r\n<!-- \/ Yoast SEO plugin. -->","yoast_head_json":{"title":"Sortir du Cadre: une exposition sur l'innovation p\u00e9dagogique pr\u00e9sent\u00e9e \u00e0 la biblioth\u00e8que de l'UQAC - UQACtualit\u00e9s","robots":{"index":"index","follow":"follow","max-snippet":"max-snippet:-1","max-image-preview":"max-image-preview:large","max-video-preview":"max-video-preview:-1"},"canonical":"https:\/\/www.uqac.ca\/uqactualites\/2025\/11\/14\/sortir-du-cadre-une-exposition-sur-linnovation-pedagogique-presentee-a-la-bibliotheque-de-luqac\/","og_locale":"fr_CA","og_type":"article","og_title":"Sortir du Cadre: une exposition sur l'innovation p\u00e9dagogique pr\u00e9sent\u00e9e \u00e0 la biblioth\u00e8que de l'UQAC - UQACtualit\u00e9s","og_description":"Le 6 novembre dernier, environ 80 personnes se sont d\u00e9plac\u00e9es pour le vernissage de l\u2019exposition Sortir du Cadre\u00a0\u00e0 la Biblioth\u00e8que Paul-\u00c9mile Boulet, un \u00e9v\u00e8nement coorganis\u00e9 par le Collectif de recherche en enseignement des arts de l\u2019UQAC (CR\u00c9Agir) et le Centre de services scolaires des Rives-du-Saguenay. Pour une troisi\u00e8me ann\u00e9e cons\u00e9cutive, cette exposition permet de mettre [&hellip;]","og_url":"https:\/\/www.uqac.ca\/uqactualites\/2025\/11\/14\/sortir-du-cadre-une-exposition-sur-linnovation-pedagogique-presentee-a-la-bibliotheque-de-luqac\/","og_site_name":"UQACtualit\u00e9s","article_published_time":"2025-11-14T14:20:12+00:00","og_image":[{"width":1024,"height":576,"url":"https:\/\/www.uqac.ca\/uqactualites\/wp-content\/uploads\/2025\/11\/photo-uqac-40-1024x576.png","type":"image\/png"}],"author":"Service des communications et des relations publiques","twitter_card":"summary_large_image","twitter_misc":{"\u00c9crit par":"Service des communications et des relations publiques","Estimation du temps de lecture":"2 minutes"},"schema":{"@context":"https:\/\/schema.org","@graph":[{"@type":"WebPage","@id":"https:\/\/www.uqac.ca\/uqactualites\/2025\/11\/14\/sortir-du-cadre-une-exposition-sur-linnovation-pedagogique-presentee-a-la-bibliotheque-de-luqac\/","url":"https:\/\/www.uqac.ca\/uqactualites\/2025\/11\/14\/sortir-du-cadre-une-exposition-sur-linnovation-pedagogique-presentee-a-la-bibliotheque-de-luqac\/","name":"Sortir du Cadre: une exposition sur l'innovation p\u00e9dagogique pr\u00e9sent\u00e9e \u00e0 la biblioth\u00e8que de l'UQAC - UQACtualit\u00e9s","isPartOf":{"@id":"https:\/\/www.uqac.ca\/uqactualites\/#website"},"primaryImageOfPage":{"@id":"https:\/\/www.uqac.ca\/uqactualites\/2025\/11\/14\/sortir-du-cadre-une-exposition-sur-linnovation-pedagogique-presentee-a-la-bibliotheque-de-luqac\/#primaryimage"},"image":{"@id":"https:\/\/www.uqac.ca\/uqactualites\/2025\/11\/14\/sortir-du-cadre-une-exposition-sur-linnovation-pedagogique-presentee-a-la-bibliotheque-de-luqac\/#primaryimage"},"thumbnailUrl":"https:\/\/www.uqac.ca\/uqactualites\/wp-content\/uploads\/2025\/11\/photo-uqac-40.png","datePublished":"2025-11-14T14:20:12+00:00","dateModified":"2025-11-14T14:20:12+00:00","author":{"@id":"https:\/\/www.uqac.ca\/uqactualites\/#\/schema\/person\/366c45a0c4f0e677b41b4af5886e2018"},"breadcrumb":{"@id":"https:\/\/www.uqac.ca\/uqactualites\/2025\/11\/14\/sortir-du-cadre-une-exposition-sur-linnovation-pedagogique-presentee-a-la-bibliotheque-de-luqac\/#breadcrumb"},"inLanguage":"fr-CA","potentialAction":[{"@type":"ReadAction","target":["https:\/\/www.uqac.ca\/uqactualites\/2025\/11\/14\/sortir-du-cadre-une-exposition-sur-linnovation-pedagogique-presentee-a-la-bibliotheque-de-luqac\/"]}]},{"@type":"ImageObject","inLanguage":"fr-CA","@id":"https:\/\/www.uqac.ca\/uqactualites\/2025\/11\/14\/sortir-du-cadre-une-exposition-sur-linnovation-pedagogique-presentee-a-la-bibliotheque-de-luqac\/#primaryimage","url":"https:\/\/www.uqac.ca\/uqactualites\/wp-content\/uploads\/2025\/11\/photo-uqac-40.png","contentUrl":"https:\/\/www.uqac.ca\/uqactualites\/wp-content\/uploads\/2025\/11\/photo-uqac-40.png","width":1920,"height":1080},{"@type":"BreadcrumbList","@id":"https:\/\/www.uqac.ca\/uqactualites\/2025\/11\/14\/sortir-du-cadre-une-exposition-sur-linnovation-pedagogique-presentee-a-la-bibliotheque-de-luqac\/#breadcrumb","itemListElement":[{"@type":"ListItem","position":1,"name":"Home","item":"https:\/\/www.uqac.ca\/uqactualites\/"},{"@type":"ListItem","position":2,"name":"Sortir du Cadre: une exposition sur l&rsquo;innovation p\u00e9dagogique pr\u00e9sent\u00e9e \u00e0 la biblioth\u00e8que de l&rsquo;UQAC"}]},{"@type":"WebSite","@id":"https:\/\/www.uqac.ca\/uqactualites\/#website","url":"https:\/\/www.uqac.ca\/uqactualites\/","name":"UQACtualit\u00e9s","description":"Le portail des nouvelles de l&#039;UQAC","potentialAction":[{"@type":"SearchAction","target":{"@type":"EntryPoint","urlTemplate":"https:\/\/www.uqac.ca\/uqactualites\/?s={search_term_string}"},"query-input":{"@type":"PropertyValueSpecification","valueRequired":true,"valueName":"search_term_string"}}],"inLanguage":"fr-CA"},{"@type":"Person","@id":"https:\/\/www.uqac.ca\/uqactualites\/#\/schema\/person\/366c45a0c4f0e677b41b4af5886e2018","name":"Service des communications et des relations publiques","image":{"@type":"ImageObject","inLanguage":"fr-CA","@id":"https:\/\/www.uqac.ca\/uqactualites\/#\/schema\/person\/image\/","url":"https:\/\/secure.gravatar.com\/avatar\/20fbbda8a292f59f2d3461a5b999c00b?s=96&d=mm&r=g","contentUrl":"https:\/\/secure.gravatar.com\/avatar\/20fbbda8a292f59f2d3461a5b999c00b?s=96&d=mm&r=g","caption":"Service des communications et des relations publiques"},"url":"https:\/\/www.uqac.ca\/uqactualites\/author\/bap\/"}]}},"_links":{"self":[{"href":"https:\/\/www.uqac.ca\/uqactualites\/wp-json\/wp\/v2\/posts\/52498"}],"collection":[{"href":"https:\/\/www.uqac.ca\/uqactualites\/wp-json\/wp\/v2\/posts"}],"about":[{"href":"https:\/\/www.uqac.ca\/uqactualites\/wp-json\/wp\/v2\/types\/post"}],"author":[{"embeddable":true,"href":"https:\/\/www.uqac.ca\/uqactualites\/wp-json\/wp\/v2\/users\/5"}],"replies":[{"embeddable":true,"href":"https:\/\/www.uqac.ca\/uqactualites\/wp-json\/wp\/v2\/comments?post=52498"}],"version-history":[{"count":2,"href":"https:\/\/www.uqac.ca\/uqactualites\/wp-json\/wp\/v2\/posts\/52498\/revisions"}],"predecessor-version":[{"id":52512,"href":"https:\/\/www.uqac.ca\/uqactualites\/wp-json\/wp\/v2\/posts\/52498\/revisions\/52512"}],"wp:featuredmedia":[{"embeddable":true,"href":"https:\/\/www.uqac.ca\/uqactualites\/wp-json\/wp\/v2\/media\/52499"}],"wp:attachment":[{"href":"https:\/\/www.uqac.ca\/uqactualites\/wp-json\/wp\/v2\/media?parent=52498"}],"wp:term":[{"taxonomy":"category","embeddable":true,"href":"https:\/\/www.uqac.ca\/uqactualites\/wp-json\/wp\/v2\/categories?post=52498"},{"taxonomy":"post_tag","embeddable":true,"href":"https:\/\/www.uqac.ca\/uqactualites\/wp-json\/wp\/v2\/tags?post=52498"}],"curies":[{"name":"wp","href":"https:\/\/api.w.org\/{rel}","templated":true}]}}