{"id":52522,"date":"2025-11-19T09:21:30","date_gmt":"2025-11-19T14:21:30","guid":{"rendered":"https:\/\/www.uqac.ca\/uqactualites\/?p=52522"},"modified":"2025-11-20T10:50:21","modified_gmt":"2025-11-20T15:50:21","slug":"une-etude-de-la-professeure-catherine-flynn-met-en-lumiere-la-precarite-des-femmes-en-situation-ditinerance-en-monteregie","status":"publish","type":"post","link":"https:\/\/www.uqac.ca\/uqactualites\/2025\/11\/19\/une-etude-de-la-professeure-catherine-flynn-met-en-lumiere-la-precarite-des-femmes-en-situation-ditinerance-en-monteregie\/","title":{"rendered":"Une \u00e9tude de la professeure Catherine Flynn met en lumi\u00e8re la pr\u00e9carit\u00e9 des femmes en situation d\u2019itin\u00e9rance en Mont\u00e9r\u00e9gie"},"content":{"rendered":"<p><a href=\"https:\/\/portfolio.uqac.ca\/catherineflynn\/\">Catherine Flynn<\/a>, professeure en travail social au <a href=\"https:\/\/www.uqac.ca\/dshs\/\">D\u00e9partement des sciences humaines et sociales<\/a> de l\u2019UQAC et membre r\u00e9guli\u00e8re du <a href=\"https:\/\/cisd.uqac.ca\/\">Centre intersectoriel en sant\u00e9 durable (CISD)<\/a>, m\u00e8ne depuis plusieurs mois une recherche partenariale intitul\u00e9e \u00ab\u00a0<em>Itin\u00e9rance des femmes en Mont\u00e9r\u00e9gie &#8211; Un portrait r\u00e9gional pour mieux r\u00e9pondre aux besoins\u00a0<\/em>\u00bb. Cette \u00e9tude rendue possible par un financement accord\u00e9 dans le cadre de l&rsquo;Entente sectorielle pour la structuration mont\u00e9r\u00e9gienne du d\u00e9veloppement social 2023-2027 est r\u00e9alis\u00e9e en partenariat avec la Table de concertation des groupes de femmes de la Mont\u00e9r\u00e9gie (TCGFM) et la Table Itin\u00e9rance Rive-Sud (TIRS).<\/p>\n<p>Ce premier projet de recherche-action portant sur l\u2019itin\u00e9rance des femmes en Mont\u00e9r\u00e9gie vise \u00e0 r\u00e9pondre au manque de donn\u00e9es disponibles dans la r\u00e9gion sur ce sujet, \u00e0 mieux comprendre les r\u00e9alit\u00e9s et besoins sp\u00e9cifiques des femmes qui sont, ou ont d\u00e9j\u00e0 \u00e9t\u00e9 en situation d&rsquo;itin\u00e9rance, ainsi qu\u2019\u00e0 \u00e9mettre des recommandations quant aux ressources, services et pratiques n\u00e9cessaires pour r\u00e9pondre ad\u00e9quatement aux besoins des femmes, assurer leur s\u00e9curit\u00e9, leur bien-\u00eatre et leur stabilit\u00e9.<\/p>\n<p>Cette recherche fait \u00e9cho \u00e0 un drame survenu le 27 octobre dernier \u00e0 Longueuil, o\u00f9 un nouveau-n\u00e9 a \u00e9t\u00e9 abandonn\u00e9, puis retrouv\u00e9 sans vie dans un abribus.<\/p>\n<blockquote class=\"td_quote_box td_box_center\">\n<h6><span class=\"TextRun SCXW167363474 BCX0\" lang=\"FR-CA\" xml:lang=\"FR-CA\" data-contrast=\"auto\"><span class=\"NormalTextRun SCXW167363474 BCX0\"><em>\u00ab Cet \u00e9v\u00e9nement tragique doit servir d\u2019\u00e9lectrochoc pour mettre en lumi\u00e8re les d\u00e9faillances d\u2019un syst\u00e8me qui laisse encore trop de femmes sans ressources, sans logement et sans acc\u00e8s ad\u00e9quat \u00e0 des services de sant\u00e9 et de soutien social. Les femmes en situation d\u2019itin\u00e9rance vivent une r\u00e9alit\u00e9 d\u2019une extr\u00eame pr\u00e9carit\u00e9, souvent marqu\u00e9e par la violence et la stigmatisation. Leur rapport aux institutions et aux organismes est fr\u00e9quemment teint\u00e9 de m\u00e9fiance, fruit d\u2019exp\u00e9riences de jugement ou de contr\u00f4le, particuli\u00e8rement en lien avec leur exp\u00e9rience de maternit\u00e9.\u00bb<\/em><\/span><\/span><\/h6>\n<p style=\"text-align: center;\">-Catherine Flynn<\/p>\n<\/blockquote>\n<p>Jusqu\u2019\u00e0 pr\u00e9sent, la professeure Flynn et son \u00e9quipe ont rencontr\u00e9 38 femmes ayant v\u00e9cu, vivant, ou \u00e9tant \u00e0 risque de vivre une situation d\u2019itin\u00e9rance. Ces consultations ont pour objectif de collecter des donn\u00e9es qualitatives sur leur parcours et leurs besoins. Bien que la r\u00e9colte et l\u2019analyse des donn\u00e9es soient toujours en cours, ces premiers t\u00e9moignages ont d\u00e9j\u00e0 permis de relever des constats pr\u00e9liminaires pr\u00e9occupants. Plusieurs probl\u00e9matiques alarmantes ont pu \u00eatre identifi\u00e9es, notamment un important manque d\u2019acc\u00e8s aux soins, aux m\u00e9dicaments et aux suivis, une marginalisation induite par la stigmatisation dont ces femmes sont la cible, ainsi qu\u2019une absence d\u2019accompagnement et de services de soutien adapt\u00e9s \u00e0 leurs r\u00e9alit\u00e9s.<\/p>\n<p>Pour sonner l&rsquo;alarme sur la situation et inciter les instances gouvernementales \u00e0 agir, Catherine Flynn a publi\u00e9 une lettre ouverte appuy\u00e9e par plus de 400 signatures dans <em>La Presse<\/em>: <a href=\"https:\/\/www.lapresse.ca\/dialogue\/opinions\/2025-11-19\/mort-d-un-nouveau-ne-a-longueuil\/un-drame-qui-revele-la-violence-institutionnelle-envers-les-femmes.php\" target=\"_blank\" rel=\"noopener\">https:\/\/www.lapresse.ca\/dialogue\/opinions\/2025-11-19\/mort-d-un-nouveau-ne-a-longueuil\/un-drame-qui-revele-la-violence-institutionnelle-envers-les-femmes.php<\/a><\/p>\n","protected":false},"excerpt":{"rendered":"<p>Catherine Flynn, professeure en travail social au D\u00e9partement des sciences humaines et sociales de l\u2019UQAC et membre r\u00e9guli\u00e8re du Centre intersectoriel en sant\u00e9 durable (CISD), m\u00e8ne depuis plusieurs mois une recherche partenariale intitul\u00e9e \u00ab\u00a0Itin\u00e9rance des femmes en Mont\u00e9r\u00e9gie &#8211; Un portrait r\u00e9gional pour mieux r\u00e9pondre aux besoins\u00a0\u00bb. Cette \u00e9tude rendue possible par un financement accord\u00e9 [&hellip;]<\/p>\n","protected":false},"author":5,"featured_media":52523,"comment_status":"closed","ping_status":"open","sticky":false,"template":"","format":"standard","meta":{"footnotes":""},"categories":[2795,2,4],"tags":[19,22,169],"yoast_head":"<!-- This site is optimized with the Yoast SEO plugin v24.2 - https:\/\/yoast.com\/wordpress\/plugins\/seo\/ -->\r\n<title>Une \u00e9tude de la professeure Catherine Flynn met en lumi\u00e8re la pr\u00e9carit\u00e9 des femmes en situation d\u2019itin\u00e9rance en Mont\u00e9r\u00e9gie - UQACtualit\u00e9s<\/title>\r\n<meta name=\"robots\" content=\"index, follow, max-snippet:-1, max-image-preview:large, max-video-preview:-1\" \/>\r\n<link rel=\"canonical\" href=\"https:\/\/www.uqac.ca\/uqactualites\/2025\/11\/19\/une-etude-de-la-professeure-catherine-flynn-met-en-lumiere-la-precarite-des-femmes-en-situation-ditinerance-en-monteregie\/\" \/>\r\n<meta property=\"og:locale\" content=\"fr_CA\" \/>\r\n<meta property=\"og:type\" content=\"article\" \/>\r\n<meta property=\"og:title\" content=\"Une \u00e9tude de la professeure Catherine Flynn met en lumi\u00e8re la pr\u00e9carit\u00e9 des femmes en situation d\u2019itin\u00e9rance en Mont\u00e9r\u00e9gie - UQACtualit\u00e9s\" \/>\r\n<meta property=\"og:description\" content=\"Catherine Flynn, professeure en travail social au D\u00e9partement des sciences humaines et sociales de l\u2019UQAC et membre r\u00e9guli\u00e8re du Centre intersectoriel en sant\u00e9 durable (CISD), m\u00e8ne depuis plusieurs mois une recherche partenariale intitul\u00e9e \u00ab\u00a0Itin\u00e9rance des femmes en Mont\u00e9r\u00e9gie &#8211; Un portrait r\u00e9gional pour mieux r\u00e9pondre aux besoins\u00a0\u00bb. Cette \u00e9tude rendue possible par un financement accord\u00e9 [&hellip;]\" \/>\r\n<meta property=\"og:url\" content=\"https:\/\/www.uqac.ca\/uqactualites\/2025\/11\/19\/une-etude-de-la-professeure-catherine-flynn-met-en-lumiere-la-precarite-des-femmes-en-situation-ditinerance-en-monteregie\/\" \/>\r\n<meta property=\"og:site_name\" content=\"UQACtualit\u00e9s\" \/>\r\n<meta property=\"article:published_time\" content=\"2025-11-19T14:21:30+00:00\" \/>\r\n<meta property=\"article:modified_time\" content=\"2025-11-20T15:50:21+00:00\" \/>\r\n<meta property=\"og:image\" content=\"https:\/\/www.uqac.ca\/uqactualites\/wp-content\/uploads\/2025\/11\/photo-uqac-45.png\" \/>\r\n\t<meta property=\"og:image:width\" content=\"1920\" \/>\r\n\t<meta property=\"og:image:height\" content=\"1080\" \/>\r\n\t<meta property=\"og:image:type\" content=\"image\/png\" \/>\r\n<meta name=\"author\" content=\"Service des communications et des relations publiques\" \/>\r\n<meta name=\"twitter:card\" content=\"summary_large_image\" \/>\r\n<meta name=\"twitter:label1\" content=\"\u00c9crit par\" \/>\n\t<meta name=\"twitter:data1\" content=\"Service des communications et des relations publiques\" \/>\n\t<meta name=\"twitter:label2\" content=\"Estimation du temps de lecture\" \/>\n\t<meta name=\"twitter:data2\" content=\"2 minutes\" \/>\r\n<script type=\"application\/ld+json\" class=\"yoast-schema-graph\">{\"@context\":\"https:\/\/schema.org\",\"@graph\":[{\"@type\":\"WebPage\",\"@id\":\"https:\/\/www.uqac.ca\/uqactualites\/2025\/11\/19\/une-etude-de-la-professeure-catherine-flynn-met-en-lumiere-la-precarite-des-femmes-en-situation-ditinerance-en-monteregie\/\",\"url\":\"https:\/\/www.uqac.ca\/uqactualites\/2025\/11\/19\/une-etude-de-la-professeure-catherine-flynn-met-en-lumiere-la-precarite-des-femmes-en-situation-ditinerance-en-monteregie\/\",\"name\":\"Une \u00e9tude de la professeure Catherine Flynn met en lumi\u00e8re la pr\u00e9carit\u00e9 des femmes en situation d\u2019itin\u00e9rance en Mont\u00e9r\u00e9gie - UQACtualit\u00e9s\",\"isPartOf\":{\"@id\":\"https:\/\/www.uqac.ca\/uqactualites\/#website\"},\"primaryImageOfPage\":{\"@id\":\"https:\/\/www.uqac.ca\/uqactualites\/2025\/11\/19\/une-etude-de-la-professeure-catherine-flynn-met-en-lumiere-la-precarite-des-femmes-en-situation-ditinerance-en-monteregie\/#primaryimage\"},\"image\":{\"@id\":\"https:\/\/www.uqac.ca\/uqactualites\/2025\/11\/19\/une-etude-de-la-professeure-catherine-flynn-met-en-lumiere-la-precarite-des-femmes-en-situation-ditinerance-en-monteregie\/#primaryimage\"},\"thumbnailUrl\":\"https:\/\/www.uqac.ca\/uqactualites\/wp-content\/uploads\/2025\/11\/photo-uqac-45.png\",\"datePublished\":\"2025-11-19T14:21:30+00:00\",\"dateModified\":\"2025-11-20T15:50:21+00:00\",\"author\":{\"@id\":\"https:\/\/www.uqac.ca\/uqactualites\/#\/schema\/person\/366c45a0c4f0e677b41b4af5886e2018\"},\"breadcrumb\":{\"@id\":\"https:\/\/www.uqac.ca\/uqactualites\/2025\/11\/19\/une-etude-de-la-professeure-catherine-flynn-met-en-lumiere-la-precarite-des-femmes-en-situation-ditinerance-en-monteregie\/#breadcrumb\"},\"inLanguage\":\"fr-CA\",\"potentialAction\":[{\"@type\":\"ReadAction\",\"target\":[\"https:\/\/www.uqac.ca\/uqactualites\/2025\/11\/19\/une-etude-de-la-professeure-catherine-flynn-met-en-lumiere-la-precarite-des-femmes-en-situation-ditinerance-en-monteregie\/\"]}]},{\"@type\":\"ImageObject\",\"inLanguage\":\"fr-CA\",\"@id\":\"https:\/\/www.uqac.ca\/uqactualites\/2025\/11\/19\/une-etude-de-la-professeure-catherine-flynn-met-en-lumiere-la-precarite-des-femmes-en-situation-ditinerance-en-monteregie\/#primaryimage\",\"url\":\"https:\/\/www.uqac.ca\/uqactualites\/wp-content\/uploads\/2025\/11\/photo-uqac-45.png\",\"contentUrl\":\"https:\/\/www.uqac.ca\/uqactualites\/wp-content\/uploads\/2025\/11\/photo-uqac-45.png\",\"width\":1920,\"height\":1080},{\"@type\":\"BreadcrumbList\",\"@id\":\"https:\/\/www.uqac.ca\/uqactualites\/2025\/11\/19\/une-etude-de-la-professeure-catherine-flynn-met-en-lumiere-la-precarite-des-femmes-en-situation-ditinerance-en-monteregie\/#breadcrumb\",\"itemListElement\":[{\"@type\":\"ListItem\",\"position\":1,\"name\":\"Home\",\"item\":\"https:\/\/www.uqac.ca\/uqactualites\/\"},{\"@type\":\"ListItem\",\"position\":2,\"name\":\"Une \u00e9tude de la professeure Catherine Flynn met en lumi\u00e8re la pr\u00e9carit\u00e9 des femmes en situation d\u2019itin\u00e9rance en Mont\u00e9r\u00e9gie\"}]},{\"@type\":\"WebSite\",\"@id\":\"https:\/\/www.uqac.ca\/uqactualites\/#website\",\"url\":\"https:\/\/www.uqac.ca\/uqactualites\/\",\"name\":\"UQACtualit\u00e9s\",\"description\":\"Le portail des nouvelles de l&#039;UQAC\",\"potentialAction\":[{\"@type\":\"SearchAction\",\"target\":{\"@type\":\"EntryPoint\",\"urlTemplate\":\"https:\/\/www.uqac.ca\/uqactualites\/?s={search_term_string}\"},\"query-input\":{\"@type\":\"PropertyValueSpecification\",\"valueRequired\":true,\"valueName\":\"search_term_string\"}}],\"inLanguage\":\"fr-CA\"},{\"@type\":\"Person\",\"@id\":\"https:\/\/www.uqac.ca\/uqactualites\/#\/schema\/person\/366c45a0c4f0e677b41b4af5886e2018\",\"name\":\"Service des communications et des relations publiques\",\"image\":{\"@type\":\"ImageObject\",\"inLanguage\":\"fr-CA\",\"@id\":\"https:\/\/www.uqac.ca\/uqactualites\/#\/schema\/person\/image\/\",\"url\":\"https:\/\/secure.gravatar.com\/avatar\/20fbbda8a292f59f2d3461a5b999c00b?s=96&d=mm&r=g\",\"contentUrl\":\"https:\/\/secure.gravatar.com\/avatar\/20fbbda8a292f59f2d3461a5b999c00b?s=96&d=mm&r=g\",\"caption\":\"Service des communications et des relations publiques\"},\"url\":\"https:\/\/www.uqac.ca\/uqactualites\/author\/bap\/\"}]}<\/script>\r\n<!-- \/ Yoast SEO plugin. -->","yoast_head_json":{"title":"Une \u00e9tude de la professeure Catherine Flynn met en lumi\u00e8re la pr\u00e9carit\u00e9 des femmes en situation d\u2019itin\u00e9rance en Mont\u00e9r\u00e9gie - UQACtualit\u00e9s","robots":{"index":"index","follow":"follow","max-snippet":"max-snippet:-1","max-image-preview":"max-image-preview:large","max-video-preview":"max-video-preview:-1"},"canonical":"https:\/\/www.uqac.ca\/uqactualites\/2025\/11\/19\/une-etude-de-la-professeure-catherine-flynn-met-en-lumiere-la-precarite-des-femmes-en-situation-ditinerance-en-monteregie\/","og_locale":"fr_CA","og_type":"article","og_title":"Une \u00e9tude de la professeure Catherine Flynn met en lumi\u00e8re la pr\u00e9carit\u00e9 des femmes en situation d\u2019itin\u00e9rance en Mont\u00e9r\u00e9gie - UQACtualit\u00e9s","og_description":"Catherine Flynn, professeure en travail social au D\u00e9partement des sciences humaines et sociales de l\u2019UQAC et membre r\u00e9guli\u00e8re du Centre intersectoriel en sant\u00e9 durable (CISD), m\u00e8ne depuis plusieurs mois une recherche partenariale intitul\u00e9e \u00ab\u00a0Itin\u00e9rance des femmes en Mont\u00e9r\u00e9gie &#8211; Un portrait r\u00e9gional pour mieux r\u00e9pondre aux besoins\u00a0\u00bb. Cette \u00e9tude rendue possible par un financement accord\u00e9 [&hellip;]","og_url":"https:\/\/www.uqac.ca\/uqactualites\/2025\/11\/19\/une-etude-de-la-professeure-catherine-flynn-met-en-lumiere-la-precarite-des-femmes-en-situation-ditinerance-en-monteregie\/","og_site_name":"UQACtualit\u00e9s","article_published_time":"2025-11-19T14:21:30+00:00","article_modified_time":"2025-11-20T15:50:21+00:00","og_image":[{"width":1920,"height":1080,"url":"https:\/\/www.uqac.ca\/uqactualites\/wp-content\/uploads\/2025\/11\/photo-uqac-45.png","type":"image\/png"}],"author":"Service des communications et des relations publiques","twitter_card":"summary_large_image","twitter_misc":{"\u00c9crit par":"Service des communications et des relations publiques","Estimation du temps de lecture":"2 minutes"},"schema":{"@context":"https:\/\/schema.org","@graph":[{"@type":"WebPage","@id":"https:\/\/www.uqac.ca\/uqactualites\/2025\/11\/19\/une-etude-de-la-professeure-catherine-flynn-met-en-lumiere-la-precarite-des-femmes-en-situation-ditinerance-en-monteregie\/","url":"https:\/\/www.uqac.ca\/uqactualites\/2025\/11\/19\/une-etude-de-la-professeure-catherine-flynn-met-en-lumiere-la-precarite-des-femmes-en-situation-ditinerance-en-monteregie\/","name":"Une \u00e9tude de la professeure Catherine Flynn met en lumi\u00e8re la pr\u00e9carit\u00e9 des femmes en situation d\u2019itin\u00e9rance en Mont\u00e9r\u00e9gie - UQACtualit\u00e9s","isPartOf":{"@id":"https:\/\/www.uqac.ca\/uqactualites\/#website"},"primaryImageOfPage":{"@id":"https:\/\/www.uqac.ca\/uqactualites\/2025\/11\/19\/une-etude-de-la-professeure-catherine-flynn-met-en-lumiere-la-precarite-des-femmes-en-situation-ditinerance-en-monteregie\/#primaryimage"},"image":{"@id":"https:\/\/www.uqac.ca\/uqactualites\/2025\/11\/19\/une-etude-de-la-professeure-catherine-flynn-met-en-lumiere-la-precarite-des-femmes-en-situation-ditinerance-en-monteregie\/#primaryimage"},"thumbnailUrl":"https:\/\/www.uqac.ca\/uqactualites\/wp-content\/uploads\/2025\/11\/photo-uqac-45.png","datePublished":"2025-11-19T14:21:30+00:00","dateModified":"2025-11-20T15:50:21+00:00","author":{"@id":"https:\/\/www.uqac.ca\/uqactualites\/#\/schema\/person\/366c45a0c4f0e677b41b4af5886e2018"},"breadcrumb":{"@id":"https:\/\/www.uqac.ca\/uqactualites\/2025\/11\/19\/une-etude-de-la-professeure-catherine-flynn-met-en-lumiere-la-precarite-des-femmes-en-situation-ditinerance-en-monteregie\/#breadcrumb"},"inLanguage":"fr-CA","potentialAction":[{"@type":"ReadAction","target":["https:\/\/www.uqac.ca\/uqactualites\/2025\/11\/19\/une-etude-de-la-professeure-catherine-flynn-met-en-lumiere-la-precarite-des-femmes-en-situation-ditinerance-en-monteregie\/"]}]},{"@type":"ImageObject","inLanguage":"fr-CA","@id":"https:\/\/www.uqac.ca\/uqactualites\/2025\/11\/19\/une-etude-de-la-professeure-catherine-flynn-met-en-lumiere-la-precarite-des-femmes-en-situation-ditinerance-en-monteregie\/#primaryimage","url":"https:\/\/www.uqac.ca\/uqactualites\/wp-content\/uploads\/2025\/11\/photo-uqac-45.png","contentUrl":"https:\/\/www.uqac.ca\/uqactualites\/wp-content\/uploads\/2025\/11\/photo-uqac-45.png","width":1920,"height":1080},{"@type":"BreadcrumbList","@id":"https:\/\/www.uqac.ca\/uqactualites\/2025\/11\/19\/une-etude-de-la-professeure-catherine-flynn-met-en-lumiere-la-precarite-des-femmes-en-situation-ditinerance-en-monteregie\/#breadcrumb","itemListElement":[{"@type":"ListItem","position":1,"name":"Home","item":"https:\/\/www.uqac.ca\/uqactualites\/"},{"@type":"ListItem","position":2,"name":"Une \u00e9tude de la professeure Catherine Flynn met en lumi\u00e8re la pr\u00e9carit\u00e9 des femmes en situation d\u2019itin\u00e9rance en Mont\u00e9r\u00e9gie"}]},{"@type":"WebSite","@id":"https:\/\/www.uqac.ca\/uqactualites\/#website","url":"https:\/\/www.uqac.ca\/uqactualites\/","name":"UQACtualit\u00e9s","description":"Le portail des nouvelles de l&#039;UQAC","potentialAction":[{"@type":"SearchAction","target":{"@type":"EntryPoint","urlTemplate":"https:\/\/www.uqac.ca\/uqactualites\/?s={search_term_string}"},"query-input":{"@type":"PropertyValueSpecification","valueRequired":true,"valueName":"search_term_string"}}],"inLanguage":"fr-CA"},{"@type":"Person","@id":"https:\/\/www.uqac.ca\/uqactualites\/#\/schema\/person\/366c45a0c4f0e677b41b4af5886e2018","name":"Service des communications et des relations publiques","image":{"@type":"ImageObject","inLanguage":"fr-CA","@id":"https:\/\/www.uqac.ca\/uqactualites\/#\/schema\/person\/image\/","url":"https:\/\/secure.gravatar.com\/avatar\/20fbbda8a292f59f2d3461a5b999c00b?s=96&d=mm&r=g","contentUrl":"https:\/\/secure.gravatar.com\/avatar\/20fbbda8a292f59f2d3461a5b999c00b?s=96&d=mm&r=g","caption":"Service des communications et des relations publiques"},"url":"https:\/\/www.uqac.ca\/uqactualites\/author\/bap\/"}]}},"_links":{"self":[{"href":"https:\/\/www.uqac.ca\/uqactualites\/wp-json\/wp\/v2\/posts\/52522"}],"collection":[{"href":"https:\/\/www.uqac.ca\/uqactualites\/wp-json\/wp\/v2\/posts"}],"about":[{"href":"https:\/\/www.uqac.ca\/uqactualites\/wp-json\/wp\/v2\/types\/post"}],"author":[{"embeddable":true,"href":"https:\/\/www.uqac.ca\/uqactualites\/wp-json\/wp\/v2\/users\/5"}],"replies":[{"embeddable":true,"href":"https:\/\/www.uqac.ca\/uqactualites\/wp-json\/wp\/v2\/comments?post=52522"}],"version-history":[{"count":9,"href":"https:\/\/www.uqac.ca\/uqactualites\/wp-json\/wp\/v2\/posts\/52522\/revisions"}],"predecessor-version":[{"id":52579,"href":"https:\/\/www.uqac.ca\/uqactualites\/wp-json\/wp\/v2\/posts\/52522\/revisions\/52579"}],"wp:featuredmedia":[{"embeddable":true,"href":"https:\/\/www.uqac.ca\/uqactualites\/wp-json\/wp\/v2\/media\/52523"}],"wp:attachment":[{"href":"https:\/\/www.uqac.ca\/uqactualites\/wp-json\/wp\/v2\/media?parent=52522"}],"wp:term":[{"taxonomy":"category","embeddable":true,"href":"https:\/\/www.uqac.ca\/uqactualites\/wp-json\/wp\/v2\/categories?post=52522"},{"taxonomy":"post_tag","embeddable":true,"href":"https:\/\/www.uqac.ca\/uqactualites\/wp-json\/wp\/v2\/tags?post=52522"}],"curies":[{"name":"wp","href":"https:\/\/api.w.org\/{rel}","templated":true}]}}