{"id":52607,"date":"2025-11-24T19:21:05","date_gmt":"2025-11-25T00:21:05","guid":{"rendered":"https:\/\/www.uqac.ca\/uqactualites\/?p=52607"},"modified":"2026-01-23T14:34:30","modified_gmt":"2026-01-23T19:34:30","slug":"luqac-remet-un-doctorat-honoris-causa-au-tres-honorable-richard-wagner-juge-en-chef-du-canada","status":"publish","type":"post","link":"https:\/\/www.uqac.ca\/uqactualites\/2025\/11\/24\/luqac-remet-un-doctorat-honoris-causa-au-tres-honorable-richard-wagner-juge-en-chef-du-canada\/","title":{"rendered":"L\u2019UQAC remet un doctorat honoris causa au tr\u00e8s honorable Richard Wagner, juge en chef du Canada"},"content":{"rendered":"<p>Lors d\u2019une c\u00e9r\u00e9monie le 24 novembre 2025, l\u2019UQAC a d\u00e9cern\u00e9 la plus haute distinction de l\u2019Universit\u00e9, le doctorat <em>honoris causa<\/em>, au tr\u00e8s honorable Richard Wagner, juge en chef du Canada. Figure respect\u00e9e de la magistrature canadienne, il est reconnu autant pour son parcours exceptionnel que pour son engagement constant \u00e0 rapprocher la justice des citoyens et citoyennes.<\/p>\n<p>Le <a href=\"https:\/\/www.uqac.ca\/dh\/doctorats-honorifiques\/\" target=\"_blank\" rel=\"noopener\">doctorat honorifique<\/a>, ou doctorat <em>honoris causa<\/em> constitue la plus prestigieuse reconnaissance que l\u2019UQAC peut accorder. Il honore des personnalit\u00e9s dont le parcours, l\u2019engagement et les r\u00e9alisations ont eu un impact majeur sur la soci\u00e9t\u00e9, ont enrichi le savoir ou ont inspir\u00e9 les communaut\u00e9s. Par cette distinction, l\u2019Universit\u00e9 souhaite saluer l\u2019excellence et l\u2019influence de femmes et d\u2019hommes qui contribuent de mani\u00e8re significative \u00e0 l\u2019avancement des connaissances, au rayonnement de la collectivit\u00e9 et au mieux-\u00eatre de la soci\u00e9t\u00e9.<\/p>\n<p>R\u00e9elle inspiration pour la communaut\u00e9 juridique, le tr\u00e8s honorable Richard Wagner a contribu\u00e9 \u00e0 red\u00e9finir la relation entre les institutions et le public, pla\u00e7ant la transparence, l\u2019\u00e9quit\u00e9 et l\u2019accessibilit\u00e9 au c\u0153ur de l\u2019exercice du droit. Lors de la c\u00e9r\u00e9monie, une <a href=\"https:\/\/youtu.be\/vsMbmarcbpo?si=enVy812Sv6XyV7Jl\" target=\"_blank\" rel=\"noopener\">vid\u00e9o hommage<\/a>, produite par les cin\u00e9astes de Canop\u00e9e, des cr\u00e9ateurs d\u2019ici et dipl\u00f4m\u00e9s de l\u2019UQAC, a permis au public de d\u00e9couvrir le t\u00e9moignage de celles et ceux qui ont pu constater l\u2019engagement et le leadership du r\u00e9cipiendaire, un \u00eatre d\u2019une grande humanit\u00e9 dont l\u2019impact profond et durable a marqu\u00e9 notre soci\u00e9t\u00e9 et enrichi notre patrimoine collectif de fa\u00e7on inestimable.<\/p>\n<blockquote class=\"td_quote_box td_box_center\">\n<h6><span class=\"TextRun SCXW167363474 BCX0\" lang=\"FR-CA\" xml:lang=\"FR-CA\" data-contrast=\"auto\"><span class=\"NormalTextRun SCXW167363474 BCX0\"><em>\u00ab C\u2019est un honneur qui a une port\u00e9e particuli\u00e8re pour moi. Il s\u2019agit de mon premier doctorat honorifique d\u00e9cern\u00e9 par une universit\u00e9 qu\u00e9b\u00e9coise, et cela me touche profond\u00e9ment, car le Qu\u00e9bec est ma terre natale. Ce geste symbolise un lien ind\u00e9fectible avec la communaut\u00e9 universitaire qui incarne, depuis toujours, l\u2019esprit d\u2019ouverture et d\u2019excellence. Mais ce moment est d\u2019autant plus significatif que l\u2019UQAC repr\u00e9sente des valeurs qui me sont ch\u00e8res : l\u2019excellence acad\u00e9mique, l\u2019ouverture sur le monde et la capacit\u00e9 de b\u00e2tir des ponts entre les cultures. \u00bb<\/em><\/span><\/span><\/h6>\n<p style=\"text-align: center;\">\u2013 Le tr\u00e8s honorable Richard Wagner, juge en chef du Canada<\/p>\n<\/blockquote>\n<h5>Un parcours marqu\u00e9 par la modernisation et l\u2019accessibilit\u00e9 de la justice<\/h5>\n<p>N\u00e9 \u00e0 Montr\u00e9al, le juge en chef est \u00e9duqu\u00e9 dans un milieu o\u00f9 le d\u00e9bat et la r\u00e9flexion occupent une place de choix, alors que son p\u00e8re, Claude Wagner, fut avocat, professeur, juge et notamment ministre de la Justice. Tr\u00e8s jeune, il d\u00e9couvre le pouvoir des mots et la noblesse de la justice. Il en retiendra le sens du devoir, l\u2019importance de la rigueur et le respect absolu des institutions.<\/p>\n<p>Apr\u00e8s ses \u00e9tudes au Coll\u00e8ge Jean-de-Br\u00e9beuf, il poursuit \u00e0 l\u2019Universit\u00e9 d\u2019Ottawa, o\u00f9 il obtient successivement un baccalaur\u00e9at en sciences sociales et une licence en droit. Sa carri\u00e8re d\u2019avocat s\u2019amorce ensuite \u00e0 Montr\u00e9al, o\u00f9 il exercera pendant plus de vingt ans en litige commercial, en responsabilit\u00e9 professionnelle et en actions collectives. Il s\u2019y distingue par son travail minutieux, sa capacit\u00e9 d\u2019\u00e9coute et son profond sens de l\u2019\u00e9quit\u00e9.<\/p>\n<p>D\u00e8s ses d\u00e9buts, il se d\u00e9marque par une conviction forte : le droit ne peut remplir son r\u00f4le que s\u2019il demeure accessible. En 2002, il contribue \u00e0 la cr\u00e9ation du Centre d\u2019acc\u00e8s \u00e0 l\u2019information juridique, le CAIJ, une initiative qui a r\u00e9volutionn\u00e9 l\u2019acc\u00e8s \u00e0 la documentation juridique pour les juristes de partout au Qu\u00e9bec.<\/p>\n<p>Ce geste visionnaire lui vaut le M\u00e9rite du Barreau du Qu\u00e9bec en 2005. Mais surtout, il r\u00e9v\u00e8le d\u00e9j\u00e0 l\u2019un des fils conducteurs de sa carri\u00e8re : cette volont\u00e9 ferme de rapprocher la connaissance et ceux et celles qui en ont besoin.<\/p>\n<p>En 2004, il fait son entr\u00e9e dans la magistrature comme juge \u00e0 la Cour sup\u00e9rieure du Qu\u00e9bec. Sept ans plus tard, il acc\u00e8de \u00e0 la Cour d\u2019appel, puis \u00e0 la Cour supr\u00eame du Canada en 2012. Cinq ans plus tard, il en devient le dix-huiti\u00e8me juge en chef.<\/p>\n<p>\u00c0 ce poste, sa vision est claire : celle d\u2019une justice ouverte, transparente et tourn\u00e9e vers la population. Sous son leadership, la Cour supr\u00eame entreprend un chantier de modernisation unique dans son histoire. Elle diffuse des r\u00e9sum\u00e9s vulgaris\u00e9s de ses d\u00e9cisions, <em>La cause en bref<\/em>, publie une r\u00e9trospective annuelle et tient d\u00e9sormais des conf\u00e9rences de presse ouvertes aux m\u00e9dias.<\/p>\n<p>Un autre geste marquant demeure la d\u00e9cision de faire voyager la Cour supr\u00eame pour si\u00e9ger \u00e0 Winnipeg puis \u00e0 Qu\u00e9bec. Ces initiatives permettent aux citoyens et citoyennes de mieux comprendre le fonctionnement de leur plus haute institution judiciaire et t\u00e9moignent d\u2019un message clair : la justice appartient \u00e0 tout le monde, partout au pays.<\/p>\n<p>Tout au long de sa carri\u00e8re, le juge en chef Wagner a d\u00e9fendu avec conviction le principe d\u2019acc\u00e8s \u00e0 la justice. Il plaide pour un meilleur financement de l\u2019aide juridique, encourage les juristes \u00e0 multiplier les activit\u00e9s b\u00e9n\u00e9voles et rappelle sans cesse que la justice ne doit jamais devenir un luxe ou un privil\u00e8ge. En 2019, il signe un accord historique avec le ministre de la Justice affirmant clairement l\u2019ind\u00e9pendance institutionnelle de la Cour supr\u00eame.<\/p>\n<p>Les distinctions qu\u2019il a re\u00e7ues soulignent la port\u00e9e de sa contribution. En 2022, le Barreau de Montr\u00e9al lui remet sa M\u00e9daille, la plus haute distinction qu\u2019il puisse d\u00e9cerner. En 2023, la World Jurist Association lui attribue sa m\u00e9daille d\u2019honneur. Plus r\u00e9cemment, en 2024, la France lui a d\u00e9cern\u00e9 les insignes de Commandeur de la L\u00e9gion d\u2019honneur, la plus haute d\u00e9coration de ce pays, pour ses services exemplaires en faveur de la cause de la justice.<\/p>\n<p>Le parcours du tr\u00e8s honorable Richard Wagner refl\u00e8te avec justesse la mission et les valeurs de l\u2019Universit\u00e9 du Qu\u00e9bec \u00e0 Chicoutimi. Par sa d\u00e9fense d\u2019un savoir ouvert \u00e0 toutes et \u00e0 tous, il incarne cette m\u00eame volont\u00e9 d\u2019\u00e9quit\u00e9 et d\u2019accessibilit\u00e9 qui guide notre universit\u00e9. Son action en faveur de la modernisation de la justice, de la vulgarisation du droit et de l\u2019engagement citoyen traduit une vision partag\u00e9e par l\u2019UQAC : celle d\u2019une connaissance au service de la soci\u00e9t\u00e9.<\/p>\n<p>Le tr\u00e8s honorable Richard Wagner, juge en chef du Canada, s\u2019ajoute \u00e0 une\u00a0<a href=\"https:\/\/www.uqac.ca\/dh\/doctorats-honorifiques\/\" target=\"_blank\" rel=\"noopener\">liste de noms prestigieux<\/a>\u00a0qui ont re\u00e7u un doctorat\u00a0<em>honoris causa\u00a0<\/em>de l\u2019UQAC.<\/p>\n","protected":false},"excerpt":{"rendered":"<p>Lors d\u2019une c\u00e9r\u00e9monie le 24 novembre 2025, l\u2019UQAC a d\u00e9cern\u00e9 la plus haute distinction de l\u2019Universit\u00e9, le doctorat honoris causa, au tr\u00e8s honorable Richard Wagner, juge en chef du Canada. Figure respect\u00e9e de la magistrature canadienne, il est reconnu autant pour son parcours exceptionnel que pour son engagement constant \u00e0 rapprocher la justice des citoyens [&hellip;]<\/p>\n","protected":false},"author":5,"featured_media":52641,"comment_status":"closed","ping_status":"open","sticky":false,"template":"","format":"standard","meta":{"footnotes":""},"categories":[2795,2,61,9],"tags":[73],"yoast_head":"<!-- This site is optimized with the Yoast SEO plugin v24.2 - https:\/\/yoast.com\/wordpress\/plugins\/seo\/ -->\r\n<title>L\u2019UQAC remet un doctorat honoris causa au tr\u00e8s honorable Richard Wagner, juge en chef du Canada - UQACtualit\u00e9s<\/title>\r\n<meta name=\"robots\" content=\"index, follow, max-snippet:-1, max-image-preview:large, max-video-preview:-1\" \/>\r\n<link rel=\"canonical\" href=\"https:\/\/www.uqac.ca\/uqactualites\/2025\/11\/24\/luqac-remet-un-doctorat-honoris-causa-au-tres-honorable-richard-wagner-juge-en-chef-du-canada\/\" \/>\r\n<meta property=\"og:locale\" content=\"fr_CA\" \/>\r\n<meta property=\"og:type\" content=\"article\" \/>\r\n<meta property=\"og:title\" content=\"L\u2019UQAC remet un doctorat honoris causa au tr\u00e8s honorable Richard Wagner, juge en chef du Canada - UQACtualit\u00e9s\" \/>\r\n<meta property=\"og:description\" content=\"Lors d\u2019une c\u00e9r\u00e9monie le 24 novembre 2025, l\u2019UQAC a d\u00e9cern\u00e9 la plus haute distinction de l\u2019Universit\u00e9, le doctorat honoris causa, au tr\u00e8s honorable Richard Wagner, juge en chef du Canada. Figure respect\u00e9e de la magistrature canadienne, il est reconnu autant pour son parcours exceptionnel que pour son engagement constant \u00e0 rapprocher la justice des citoyens [&hellip;]\" \/>\r\n<meta property=\"og:url\" content=\"https:\/\/www.uqac.ca\/uqactualites\/2025\/11\/24\/luqac-remet-un-doctorat-honoris-causa-au-tres-honorable-richard-wagner-juge-en-chef-du-canada\/\" \/>\r\n<meta property=\"og:site_name\" content=\"UQACtualit\u00e9s\" \/>\r\n<meta property=\"article:published_time\" content=\"2025-11-25T00:21:05+00:00\" \/>\r\n<meta property=\"article:modified_time\" content=\"2026-01-23T19:34:30+00:00\" \/>\r\n<meta property=\"og:image\" content=\"https:\/\/www.uqac.ca\/uqactualites\/wp-content\/uploads\/2025\/11\/dhc-wagner-mduhaime-a25.jpg\" \/>\r\n\t<meta property=\"og:image:width\" content=\"1920\" \/>\r\n\t<meta property=\"og:image:height\" content=\"1077\" \/>\r\n\t<meta property=\"og:image:type\" content=\"image\/jpeg\" \/>\r\n<meta name=\"author\" content=\"Service des communications et des relations publiques\" \/>\r\n<meta name=\"twitter:card\" content=\"summary_large_image\" \/>\r\n<meta name=\"twitter:label1\" content=\"\u00c9crit par\" \/>\n\t<meta name=\"twitter:data1\" content=\"Service des communications et des relations publiques\" \/>\n\t<meta name=\"twitter:label2\" content=\"Estimation du temps de lecture\" \/>\n\t<meta name=\"twitter:data2\" content=\"5 minutes\" \/>\r\n<script type=\"application\/ld+json\" class=\"yoast-schema-graph\">{\"@context\":\"https:\/\/schema.org\",\"@graph\":[{\"@type\":\"WebPage\",\"@id\":\"https:\/\/www.uqac.ca\/uqactualites\/2025\/11\/24\/luqac-remet-un-doctorat-honoris-causa-au-tres-honorable-richard-wagner-juge-en-chef-du-canada\/\",\"url\":\"https:\/\/www.uqac.ca\/uqactualites\/2025\/11\/24\/luqac-remet-un-doctorat-honoris-causa-au-tres-honorable-richard-wagner-juge-en-chef-du-canada\/\",\"name\":\"L\u2019UQAC remet un doctorat honoris causa au tr\u00e8s honorable Richard Wagner, juge en chef du Canada - UQACtualit\u00e9s\",\"isPartOf\":{\"@id\":\"https:\/\/www.uqac.ca\/uqactualites\/#website\"},\"primaryImageOfPage\":{\"@id\":\"https:\/\/www.uqac.ca\/uqactualites\/2025\/11\/24\/luqac-remet-un-doctorat-honoris-causa-au-tres-honorable-richard-wagner-juge-en-chef-du-canada\/#primaryimage\"},\"image\":{\"@id\":\"https:\/\/www.uqac.ca\/uqactualites\/2025\/11\/24\/luqac-remet-un-doctorat-honoris-causa-au-tres-honorable-richard-wagner-juge-en-chef-du-canada\/#primaryimage\"},\"thumbnailUrl\":\"https:\/\/www.uqac.ca\/uqactualites\/wp-content\/uploads\/2025\/11\/dhc-wagner-mduhaime-a25.jpg\",\"datePublished\":\"2025-11-25T00:21:05+00:00\",\"dateModified\":\"2026-01-23T19:34:30+00:00\",\"author\":{\"@id\":\"https:\/\/www.uqac.ca\/uqactualites\/#\/schema\/person\/366c45a0c4f0e677b41b4af5886e2018\"},\"breadcrumb\":{\"@id\":\"https:\/\/www.uqac.ca\/uqactualites\/2025\/11\/24\/luqac-remet-un-doctorat-honoris-causa-au-tres-honorable-richard-wagner-juge-en-chef-du-canada\/#breadcrumb\"},\"inLanguage\":\"fr-CA\",\"potentialAction\":[{\"@type\":\"ReadAction\",\"target\":[\"https:\/\/www.uqac.ca\/uqactualites\/2025\/11\/24\/luqac-remet-un-doctorat-honoris-causa-au-tres-honorable-richard-wagner-juge-en-chef-du-canada\/\"]}]},{\"@type\":\"ImageObject\",\"inLanguage\":\"fr-CA\",\"@id\":\"https:\/\/www.uqac.ca\/uqactualites\/2025\/11\/24\/luqac-remet-un-doctorat-honoris-causa-au-tres-honorable-richard-wagner-juge-en-chef-du-canada\/#primaryimage\",\"url\":\"https:\/\/www.uqac.ca\/uqactualites\/wp-content\/uploads\/2025\/11\/dhc-wagner-mduhaime-a25.jpg\",\"contentUrl\":\"https:\/\/www.uqac.ca\/uqactualites\/wp-content\/uploads\/2025\/11\/dhc-wagner-mduhaime-a25.jpg\",\"width\":1920,\"height\":1077},{\"@type\":\"BreadcrumbList\",\"@id\":\"https:\/\/www.uqac.ca\/uqactualites\/2025\/11\/24\/luqac-remet-un-doctorat-honoris-causa-au-tres-honorable-richard-wagner-juge-en-chef-du-canada\/#breadcrumb\",\"itemListElement\":[{\"@type\":\"ListItem\",\"position\":1,\"name\":\"Home\",\"item\":\"https:\/\/www.uqac.ca\/uqactualites\/\"},{\"@type\":\"ListItem\",\"position\":2,\"name\":\"L\u2019UQAC remet un doctorat honoris causa au tr\u00e8s honorable Richard Wagner, juge en chef du Canada\"}]},{\"@type\":\"WebSite\",\"@id\":\"https:\/\/www.uqac.ca\/uqactualites\/#website\",\"url\":\"https:\/\/www.uqac.ca\/uqactualites\/\",\"name\":\"UQACtualit\u00e9s\",\"description\":\"Le portail des nouvelles de l&#039;UQAC\",\"potentialAction\":[{\"@type\":\"SearchAction\",\"target\":{\"@type\":\"EntryPoint\",\"urlTemplate\":\"https:\/\/www.uqac.ca\/uqactualites\/?s={search_term_string}\"},\"query-input\":{\"@type\":\"PropertyValueSpecification\",\"valueRequired\":true,\"valueName\":\"search_term_string\"}}],\"inLanguage\":\"fr-CA\"},{\"@type\":\"Person\",\"@id\":\"https:\/\/www.uqac.ca\/uqactualites\/#\/schema\/person\/366c45a0c4f0e677b41b4af5886e2018\",\"name\":\"Service des communications et des relations publiques\",\"image\":{\"@type\":\"ImageObject\",\"inLanguage\":\"fr-CA\",\"@id\":\"https:\/\/www.uqac.ca\/uqactualites\/#\/schema\/person\/image\/\",\"url\":\"https:\/\/secure.gravatar.com\/avatar\/20fbbda8a292f59f2d3461a5b999c00b?s=96&d=mm&r=g\",\"contentUrl\":\"https:\/\/secure.gravatar.com\/avatar\/20fbbda8a292f59f2d3461a5b999c00b?s=96&d=mm&r=g\",\"caption\":\"Service des communications et des relations publiques\"},\"url\":\"https:\/\/www.uqac.ca\/uqactualites\/author\/bap\/\"}]}<\/script>\r\n<!-- \/ Yoast SEO plugin. -->","yoast_head_json":{"title":"L\u2019UQAC remet un doctorat honoris causa au tr\u00e8s honorable Richard Wagner, juge en chef du Canada - UQACtualit\u00e9s","robots":{"index":"index","follow":"follow","max-snippet":"max-snippet:-1","max-image-preview":"max-image-preview:large","max-video-preview":"max-video-preview:-1"},"canonical":"https:\/\/www.uqac.ca\/uqactualites\/2025\/11\/24\/luqac-remet-un-doctorat-honoris-causa-au-tres-honorable-richard-wagner-juge-en-chef-du-canada\/","og_locale":"fr_CA","og_type":"article","og_title":"L\u2019UQAC remet un doctorat honoris causa au tr\u00e8s honorable Richard Wagner, juge en chef du Canada - UQACtualit\u00e9s","og_description":"Lors d\u2019une c\u00e9r\u00e9monie le 24 novembre 2025, l\u2019UQAC a d\u00e9cern\u00e9 la plus haute distinction de l\u2019Universit\u00e9, le doctorat honoris causa, au tr\u00e8s honorable Richard Wagner, juge en chef du Canada. Figure respect\u00e9e de la magistrature canadienne, il est reconnu autant pour son parcours exceptionnel que pour son engagement constant \u00e0 rapprocher la justice des citoyens [&hellip;]","og_url":"https:\/\/www.uqac.ca\/uqactualites\/2025\/11\/24\/luqac-remet-un-doctorat-honoris-causa-au-tres-honorable-richard-wagner-juge-en-chef-du-canada\/","og_site_name":"UQACtualit\u00e9s","article_published_time":"2025-11-25T00:21:05+00:00","article_modified_time":"2026-01-23T19:34:30+00:00","og_image":[{"width":1920,"height":1077,"url":"https:\/\/www.uqac.ca\/uqactualites\/wp-content\/uploads\/2025\/11\/dhc-wagner-mduhaime-a25.jpg","type":"image\/jpeg"}],"author":"Service des communications et des relations publiques","twitter_card":"summary_large_image","twitter_misc":{"\u00c9crit par":"Service des communications et des relations publiques","Estimation du temps de lecture":"5 minutes"},"schema":{"@context":"https:\/\/schema.org","@graph":[{"@type":"WebPage","@id":"https:\/\/www.uqac.ca\/uqactualites\/2025\/11\/24\/luqac-remet-un-doctorat-honoris-causa-au-tres-honorable-richard-wagner-juge-en-chef-du-canada\/","url":"https:\/\/www.uqac.ca\/uqactualites\/2025\/11\/24\/luqac-remet-un-doctorat-honoris-causa-au-tres-honorable-richard-wagner-juge-en-chef-du-canada\/","name":"L\u2019UQAC remet un doctorat honoris causa au tr\u00e8s honorable Richard Wagner, juge en chef du Canada - UQACtualit\u00e9s","isPartOf":{"@id":"https:\/\/www.uqac.ca\/uqactualites\/#website"},"primaryImageOfPage":{"@id":"https:\/\/www.uqac.ca\/uqactualites\/2025\/11\/24\/luqac-remet-un-doctorat-honoris-causa-au-tres-honorable-richard-wagner-juge-en-chef-du-canada\/#primaryimage"},"image":{"@id":"https:\/\/www.uqac.ca\/uqactualites\/2025\/11\/24\/luqac-remet-un-doctorat-honoris-causa-au-tres-honorable-richard-wagner-juge-en-chef-du-canada\/#primaryimage"},"thumbnailUrl":"https:\/\/www.uqac.ca\/uqactualites\/wp-content\/uploads\/2025\/11\/dhc-wagner-mduhaime-a25.jpg","datePublished":"2025-11-25T00:21:05+00:00","dateModified":"2026-01-23T19:34:30+00:00","author":{"@id":"https:\/\/www.uqac.ca\/uqactualites\/#\/schema\/person\/366c45a0c4f0e677b41b4af5886e2018"},"breadcrumb":{"@id":"https:\/\/www.uqac.ca\/uqactualites\/2025\/11\/24\/luqac-remet-un-doctorat-honoris-causa-au-tres-honorable-richard-wagner-juge-en-chef-du-canada\/#breadcrumb"},"inLanguage":"fr-CA","potentialAction":[{"@type":"ReadAction","target":["https:\/\/www.uqac.ca\/uqactualites\/2025\/11\/24\/luqac-remet-un-doctorat-honoris-causa-au-tres-honorable-richard-wagner-juge-en-chef-du-canada\/"]}]},{"@type":"ImageObject","inLanguage":"fr-CA","@id":"https:\/\/www.uqac.ca\/uqactualites\/2025\/11\/24\/luqac-remet-un-doctorat-honoris-causa-au-tres-honorable-richard-wagner-juge-en-chef-du-canada\/#primaryimage","url":"https:\/\/www.uqac.ca\/uqactualites\/wp-content\/uploads\/2025\/11\/dhc-wagner-mduhaime-a25.jpg","contentUrl":"https:\/\/www.uqac.ca\/uqactualites\/wp-content\/uploads\/2025\/11\/dhc-wagner-mduhaime-a25.jpg","width":1920,"height":1077},{"@type":"BreadcrumbList","@id":"https:\/\/www.uqac.ca\/uqactualites\/2025\/11\/24\/luqac-remet-un-doctorat-honoris-causa-au-tres-honorable-richard-wagner-juge-en-chef-du-canada\/#breadcrumb","itemListElement":[{"@type":"ListItem","position":1,"name":"Home","item":"https:\/\/www.uqac.ca\/uqactualites\/"},{"@type":"ListItem","position":2,"name":"L\u2019UQAC remet un doctorat honoris causa au tr\u00e8s honorable Richard Wagner, juge en chef du Canada"}]},{"@type":"WebSite","@id":"https:\/\/www.uqac.ca\/uqactualites\/#website","url":"https:\/\/www.uqac.ca\/uqactualites\/","name":"UQACtualit\u00e9s","description":"Le portail des nouvelles de l&#039;UQAC","potentialAction":[{"@type":"SearchAction","target":{"@type":"EntryPoint","urlTemplate":"https:\/\/www.uqac.ca\/uqactualites\/?s={search_term_string}"},"query-input":{"@type":"PropertyValueSpecification","valueRequired":true,"valueName":"search_term_string"}}],"inLanguage":"fr-CA"},{"@type":"Person","@id":"https:\/\/www.uqac.ca\/uqactualites\/#\/schema\/person\/366c45a0c4f0e677b41b4af5886e2018","name":"Service des communications et des relations publiques","image":{"@type":"ImageObject","inLanguage":"fr-CA","@id":"https:\/\/www.uqac.ca\/uqactualites\/#\/schema\/person\/image\/","url":"https:\/\/secure.gravatar.com\/avatar\/20fbbda8a292f59f2d3461a5b999c00b?s=96&d=mm&r=g","contentUrl":"https:\/\/secure.gravatar.com\/avatar\/20fbbda8a292f59f2d3461a5b999c00b?s=96&d=mm&r=g","caption":"Service des communications et des relations publiques"},"url":"https:\/\/www.uqac.ca\/uqactualites\/author\/bap\/"}]}},"_links":{"self":[{"href":"https:\/\/www.uqac.ca\/uqactualites\/wp-json\/wp\/v2\/posts\/52607"}],"collection":[{"href":"https:\/\/www.uqac.ca\/uqactualites\/wp-json\/wp\/v2\/posts"}],"about":[{"href":"https:\/\/www.uqac.ca\/uqactualites\/wp-json\/wp\/v2\/types\/post"}],"author":[{"embeddable":true,"href":"https:\/\/www.uqac.ca\/uqactualites\/wp-json\/wp\/v2\/users\/5"}],"replies":[{"embeddable":true,"href":"https:\/\/www.uqac.ca\/uqactualites\/wp-json\/wp\/v2\/comments?post=52607"}],"version-history":[{"count":8,"href":"https:\/\/www.uqac.ca\/uqactualites\/wp-json\/wp\/v2\/posts\/52607\/revisions"}],"predecessor-version":[{"id":53227,"href":"https:\/\/www.uqac.ca\/uqactualites\/wp-json\/wp\/v2\/posts\/52607\/revisions\/53227"}],"wp:featuredmedia":[{"embeddable":true,"href":"https:\/\/www.uqac.ca\/uqactualites\/wp-json\/wp\/v2\/media\/52641"}],"wp:attachment":[{"href":"https:\/\/www.uqac.ca\/uqactualites\/wp-json\/wp\/v2\/media?parent=52607"}],"wp:term":[{"taxonomy":"category","embeddable":true,"href":"https:\/\/www.uqac.ca\/uqactualites\/wp-json\/wp\/v2\/categories?post=52607"},{"taxonomy":"post_tag","embeddable":true,"href":"https:\/\/www.uqac.ca\/uqactualites\/wp-json\/wp\/v2\/tags?post=52607"}],"curies":[{"name":"wp","href":"https:\/\/api.w.org\/{rel}","templated":true}]}}