{"id":52780,"date":"2025-12-01T14:27:25","date_gmt":"2025-12-01T19:27:25","guid":{"rendered":"https:\/\/www.uqac.ca\/uqactualites\/?p=52780"},"modified":"2026-03-04T09:34:17","modified_gmt":"2026-03-04T14:34:17","slug":"5e-journee-scientifique-du-cisd-sous-le-theme-generer-mobiliser-et-transferer-les-savoirs","status":"publish","type":"post","link":"https:\/\/www.uqac.ca\/uqactualites\/2025\/12\/01\/5e-journee-scientifique-du-cisd-sous-le-theme-generer-mobiliser-et-transferer-les-savoirs\/","title":{"rendered":"5e Journ\u00e9e scientifique du CISD sous le th\u00e8me : G\u00e9n\u00e9rer, mobiliser et transf\u00e9rer les savoirs"},"content":{"rendered":"<p>Le vendredi 28 novembre dernier, le Centre intersectoriel en sant\u00e9 durable (CISD) a tenu la 5e \u00e9dition de sa Journ\u00e9e scientifique dans les murs de l\u2019UQAC et avec la collaboration de nombreux services de l\u2019\u00e9tablissement. Pr\u00e8s de 130 personnes ont particip\u00e9 \u00e0 l\u2019\u00e9v\u00e9nement.<\/p>\n<p>Le programme de la journ\u00e9e comportait un atelier anim\u00e9 par le <a href=\"https:\/\/collectiflagora.org\/\" target=\"_blank\" rel=\"noopener\">Laboratoire de gouvernances alternatives (LAGORA)<\/a>, o\u00f9 les participantes et les participants ont r\u00e9fl\u00e9chi ensemble \u00e0 d\u00e9finir ce qu\u2019est un projet de recherche intersectorielle.<\/p>\n<p>La professeure-chercheuse G\u00e9raldine Delb\u00e8s de l\u2019Institut national de la recherche scientifique (INRS) \u00e9tait la conf\u00e9renci\u00e8re invit\u00e9e. Sa grande conf\u00e9rence intitul\u00e9e \u00ab <em>Les Perturbateurs de la fertilit\u00e9\u00a0: comprendre, pr\u00e9venir, agir\u00a0\u00bb <\/em>a dress\u00e9 l\u2019\u00e9tat des recherches sur les facteurs environnementaux, particuli\u00e8rement les compos\u00e9s chimiques d\u2019origine organiques dans l\u2019air, mais \u00e9galement dans notre alimentation et les autres expositions. Elle a aussi mis l\u2019emphase sur l\u2019importance des premi\u00e8res \u00e9tapes de d\u00e9veloppement de l\u2019individu, dont l\u2019environnement intra-ut\u00e9rin et l\u2019\u00e9tude de l\u2019\u00e9pig\u00e9n\u00e9tique.<\/p>\n<p>Cinquante-cinq \u00e9tudiantes et \u00e9tudiants ont relev\u00e9 le d\u00e9fi de pr\u00e9senter leur projet de recherche en une minute, sans support visuel. Par la suite, les affiches scientifiques ont \u00e9t\u00e9 expos\u00e9es et \u00e9valu\u00e9es par des membres scientifiques ainsi que des partenaires citoyens.<\/p>\n<h4>Les gagnantes :<\/h4>\n<h6>1<sup>re<\/sup>\u00a0place (prix de 500 $, gracieuset\u00e9 de notre partenaire Alexys)\u00a0:<\/h6>\n<p><strong>\u00c9lizabeth Boivin<\/strong>, \u00e9tudiante au 2<sup>e<\/sup> cycle en recherche en sciences de la sant\u00e9<\/p>\n<p>Titre du projet : <em>Implantation d\u2019un test g\u00e9n\u00e9tique pour le d\u00e9pistage du diab\u00e8te MODY2 en soins primaires<br \/>\n<\/em>Sous la supervision des professeures Karine Tremblay et Marie-\u00c8ve Poitras (Universit\u00e9 de Sherbrooke)<\/p>\n<figure id=\"attachment_52785\" aria-describedby=\"caption-attachment-52785\" style=\"width: 300px\" class=\"wp-caption alignnone\"><img loading=\"lazy\" decoding=\"async\" class=\"wp-image-52785\" src=\"https:\/\/www.uqac.ca\/uqactualites\/wp-content\/uploads\/2025\/12\/Elizabeth-Boivin-et-Annie-Chamberland-directrice-regionale-dAxelys_1e-prix-225x300.png\" alt=\"\" width=\"300\" height=\"400\" srcset=\"https:\/\/www.uqac.ca\/uqactualites\/wp-content\/uploads\/2025\/12\/Elizabeth-Boivin-et-Annie-Chamberland-directrice-regionale-dAxelys_1e-prix-225x300.png 225w, https:\/\/www.uqac.ca\/uqactualites\/wp-content\/uploads\/2025\/12\/Elizabeth-Boivin-et-Annie-Chamberland-directrice-regionale-dAxelys_1e-prix-150x200.png 150w, https:\/\/www.uqac.ca\/uqactualites\/wp-content\/uploads\/2025\/12\/Elizabeth-Boivin-et-Annie-Chamberland-directrice-regionale-dAxelys_1e-prix-300x400.png 300w, https:\/\/www.uqac.ca\/uqactualites\/wp-content\/uploads\/2025\/12\/Elizabeth-Boivin-et-Annie-Chamberland-directrice-regionale-dAxelys_1e-prix.png 540w\" sizes=\"(max-width: 300px) 100vw, 300px\" \/><figcaption id=\"caption-attachment-52785\" class=\"wp-caption-text\">\u00c9lizabeth Boivin, r\u00e9cipiendaire du 1er prix, accompagn\u00e9e d&rsquo;Annie Chamberland, directrice r\u00e9gionale d&rsquo;Axelys<\/figcaption><\/figure>\n<h6>2<sup>e<\/sup> place (prix de 300 $)<\/h6>\n<p><strong>Coralie Labrecque<\/strong>, \u00e9tudiante au 1<sup>e<\/sup> cycle et inscrite au 2<sup>e<\/sup> cycle en sciences infirmi\u00e8res volet initial<\/p>\n<p>Titre du projet : <em>Approches professionnelles en sant\u00e9 reproductive : un microprogramme pour outiller les personnes professionnelles vers une justice reproductive inclusive<br \/>\n<\/em>Sous la supervision de la professeure <a href=\"https:\/\/portfolio.uqac.ca\/emiliehudon\/\" target=\"_blank\" rel=\"noopener\">\u00c9milie Hudon<\/a><\/p>\n<figure id=\"attachment_52786\" aria-describedby=\"caption-attachment-52786\" style=\"width: 300px\" class=\"wp-caption alignnone\"><img loading=\"lazy\" decoding=\"async\" class=\"wp-image-52786\" src=\"https:\/\/www.uqac.ca\/uqactualites\/wp-content\/uploads\/2025\/12\/Coralie-Labrecque-et-Emilie-Hudon-professeure-en-sciences-infirmieres-au-DSS_2e-prix-225x300.png\" alt=\"\" width=\"300\" height=\"400\" srcset=\"https:\/\/www.uqac.ca\/uqactualites\/wp-content\/uploads\/2025\/12\/Coralie-Labrecque-et-Emilie-Hudon-professeure-en-sciences-infirmieres-au-DSS_2e-prix-225x300.png 225w, https:\/\/www.uqac.ca\/uqactualites\/wp-content\/uploads\/2025\/12\/Coralie-Labrecque-et-Emilie-Hudon-professeure-en-sciences-infirmieres-au-DSS_2e-prix-150x200.png 150w, https:\/\/www.uqac.ca\/uqactualites\/wp-content\/uploads\/2025\/12\/Coralie-Labrecque-et-Emilie-Hudon-professeure-en-sciences-infirmieres-au-DSS_2e-prix-300x400.png 300w, https:\/\/www.uqac.ca\/uqactualites\/wp-content\/uploads\/2025\/12\/Coralie-Labrecque-et-Emilie-Hudon-professeure-en-sciences-infirmieres-au-DSS_2e-prix.png 540w\" sizes=\"(max-width: 300px) 100vw, 300px\" \/><figcaption id=\"caption-attachment-52786\" class=\"wp-caption-text\">Coralie Labrecque, r\u00e9cipiendaire du 2e prix, accompagn\u00e9e d&rsquo;\u00c9milie Hudon, professeure au D\u00e9partement des sciences de la sant\u00e9<\/figcaption><\/figure>\n<h6>3<sup>e<\/sup> place (prix de 200 $)<\/h6>\n<p><strong>Modesta Abalo<\/strong>, \u00e9tudiante au 2<sup>e<\/sup> cycle en ma\u00eetrise en sciences cliniques et biom\u00e9dicales<\/p>\n<p>Titre du projet : <em>Quand soigner devient un risque pour les pr\u00e9pos\u00e9es aux b\u00e9n\u00e9ficiaires travaillant en CHSLD<br \/>\n<\/em>Sous la supervision des professeures <a href=\"https:\/\/portfolio.uqac.ca\/melissalavoie\/\" target=\"_blank\" rel=\"noopener\">M\u00e9lissa Lavoie<\/a> et <a href=\"https:\/\/portfolio.uqac.ca\/patriciablackburn\/\" target=\"_blank\" rel=\"noopener\">Patricia Blackburn<\/a><\/p>\n<figure id=\"attachment_52787\" aria-describedby=\"caption-attachment-52787\" style=\"width: 300px\" class=\"wp-caption alignnone\"><img loading=\"lazy\" decoding=\"async\" class=\"wp-image-52787\" src=\"https:\/\/www.uqac.ca\/uqactualites\/wp-content\/uploads\/2025\/12\/Modesta-Abalo-et-Catherine-Laprise-directrice-scientifique-du-CISD_3-prix-225x300.jpg\" alt=\"\" width=\"300\" height=\"400\" srcset=\"https:\/\/www.uqac.ca\/uqactualites\/wp-content\/uploads\/2025\/12\/Modesta-Abalo-et-Catherine-Laprise-directrice-scientifique-du-CISD_3-prix-225x300.jpg 225w, https:\/\/www.uqac.ca\/uqactualites\/wp-content\/uploads\/2025\/12\/Modesta-Abalo-et-Catherine-Laprise-directrice-scientifique-du-CISD_3-prix-768x1024.jpg 768w, https:\/\/www.uqac.ca\/uqactualites\/wp-content\/uploads\/2025\/12\/Modesta-Abalo-et-Catherine-Laprise-directrice-scientifique-du-CISD_3-prix-1152x1536.jpg 1152w, https:\/\/www.uqac.ca\/uqactualites\/wp-content\/uploads\/2025\/12\/Modesta-Abalo-et-Catherine-Laprise-directrice-scientifique-du-CISD_3-prix-150x200.jpg 150w, https:\/\/www.uqac.ca\/uqactualites\/wp-content\/uploads\/2025\/12\/Modesta-Abalo-et-Catherine-Laprise-directrice-scientifique-du-CISD_3-prix-300x400.jpg 300w, https:\/\/www.uqac.ca\/uqactualites\/wp-content\/uploads\/2025\/12\/Modesta-Abalo-et-Catherine-Laprise-directrice-scientifique-du-CISD_3-prix-696x928.jpg 696w, https:\/\/www.uqac.ca\/uqactualites\/wp-content\/uploads\/2025\/12\/Modesta-Abalo-et-Catherine-Laprise-directrice-scientifique-du-CISD_3-prix-1068x1424.jpg 1068w, https:\/\/www.uqac.ca\/uqactualites\/wp-content\/uploads\/2025\/12\/Modesta-Abalo-et-Catherine-Laprise-directrice-scientifique-du-CISD_3-prix.jpg 1536w\" sizes=\"(max-width: 300px) 100vw, 300px\" \/><figcaption id=\"caption-attachment-52787\" class=\"wp-caption-text\">Modesta Abalo, r\u00e9cipiendaire du 3e prix, accompagn\u00e9e de Catherine Laprise, professeure au D\u00e9partement des sciences fondamentales et directrice scientifique du CISD<\/figcaption><\/figure>\n<h6>Prix coup de c\u0153ur du public (prix de 150 $)<\/h6>\n<p><strong>Camille Guay<\/strong>, \u00e9tudiante au 1<sup>e<\/sup> cycle et inscrite au 2<sup>e<\/sup> cycle en sant\u00e9 durable<\/p>\n<p>Titre\u00a0: <em>Pr\u00e9vention des troubles alimentaires et promotion d&rsquo;une image corporelle saine chez les enfants d&rsquo;\u00e2ge pr\u00e9scola<\/em><em>ire : Revue syst\u00e9matique des interventions existantes<br \/>\n<\/em>Sous la supervision de la professeure <a href=\"https:\/\/portfolio.uqac.ca\/edithbreton\/\" target=\"_blank\" rel=\"noopener\">\u00c9dith Breton<\/a><\/p>\n<figure id=\"attachment_52788\" aria-describedby=\"caption-attachment-52788\" style=\"width: 300px\" class=\"wp-caption alignnone\"><img loading=\"lazy\" decoding=\"async\" class=\"wp-image-52788\" src=\"https:\/\/www.uqac.ca\/uqactualites\/wp-content\/uploads\/2025\/12\/Camille-Guay-et-Edith-Breton-professeure-en-biologie-au-DSF_prix-coup-de-coeur-225x300.png\" alt=\"\" width=\"300\" height=\"400\" srcset=\"https:\/\/www.uqac.ca\/uqactualites\/wp-content\/uploads\/2025\/12\/Camille-Guay-et-Edith-Breton-professeure-en-biologie-au-DSF_prix-coup-de-coeur-225x300.png 225w, https:\/\/www.uqac.ca\/uqactualites\/wp-content\/uploads\/2025\/12\/Camille-Guay-et-Edith-Breton-professeure-en-biologie-au-DSF_prix-coup-de-coeur-150x200.png 150w, https:\/\/www.uqac.ca\/uqactualites\/wp-content\/uploads\/2025\/12\/Camille-Guay-et-Edith-Breton-professeure-en-biologie-au-DSF_prix-coup-de-coeur-300x400.png 300w, https:\/\/www.uqac.ca\/uqactualites\/wp-content\/uploads\/2025\/12\/Camille-Guay-et-Edith-Breton-professeure-en-biologie-au-DSF_prix-coup-de-coeur.png 540w\" sizes=\"(max-width: 300px) 100vw, 300px\" \/><figcaption id=\"caption-attachment-52788\" class=\"wp-caption-text\"><em>Camille Guay, r\u00e9cipiendaire du prix coup de c\u0153ur du public, accompagn\u00e9e d&rsquo;\u00c9dith Breton, professeure au D\u00e9partement des sciences fondamentales<\/em><\/figcaption><\/figure>\n<p>La pr\u00e9sentation des projets intersectoriels soutenus par le CISD \u00e9tait \u00e9galement du programme. Ainsi, la professeure <a href=\"https:\/\/portfolio.uqac.ca\/salmataouedraogo\/\" target=\"_blank\" rel=\"noopener\">Salmata Ouedraogo<\/a> a pr\u00e9sent\u00e9 son projet sur la s\u00e9curit\u00e9 alimentaire. Le professeur <a href=\"https:\/\/portfolio.uqac.ca\/rubensdasilva\/\" target=\"_blank\" rel=\"noopener\">Ruben da Silva<\/a> et la professeure <a href=\"https:\/\/portfolio.uqac.ca\/marieevelangelier\/\" target=\"_blank\" rel=\"noopener\">Marie-\u00c8ve Langelier<\/a> ont pr\u00e9sent\u00e9 leur programme d\u2019intervention par la nature pour am\u00e9liorer la sant\u00e9 physique et mentale des personnes \u00e2g\u00e9es souffrant de lombalgie chronique. Pour terminer, le professeur <a href=\"https:\/\/portfolio.uqac.ca\/sebastiensimard\/\" target=\"_blank\" rel=\"noopener\">S\u00e9bastien Simard<\/a> a pr\u00e9sent\u00e9 les r\u00e9sultats de son projet portant sur l\u2019adaptation d\u2019instruments de mesure afin d\u2019\u00e9valuer les biais attentionnels selon le niveau de s\u00e9v\u00e9rit\u00e9 de la peur de la r\u00e9cidive du cancer. Ces pr\u00e9sentations ont permis de voir toute la diversit\u00e9 des recherches soutenues par le CISD et de constater l\u2019effet de levier des projets pilotes soutenus par le centre.<\/p>\n<p>Enfin, le CISD a eu le plaisir d\u2019accueillir Juliette Pierre, b\u00e9d\u00e9iste scientifique, illustratrice et vulgarisatrice. Son mandat : cr\u00e9er une synth\u00e8se en bande dessin\u00e9e d\u2019un projet intersectoriel. Cette r\u00e9alisation du CISD issue d\u2019une co-construction ambitionne de devenir r\u00e9f\u00e9rence d\u2019une recherche intersectorielle pour la communaut\u00e9 scientifique.<\/p>\n\r\n                <style type=\"text\/css\">\r\n                    \r\n                    #tdi_1  .td-doubleSlider-2 .td-item1 {\r\n                        background: url(https:\/\/www.uqac.ca\/uqactualites\/wp-content\/uploads\/2025\/12\/Presentation-des-projets-intersectoriels.png) 0 0 no-repeat;\r\n                    }\r\n                    #tdi_1  .td-doubleSlider-2 .td-item2 {\r\n                        background: url(https:\/\/www.uqac.ca\/uqactualites\/wp-content\/uploads\/2025\/12\/Geraldine-Delbes-1.png) 0 0 no-repeat;\r\n                    }\r\n                    #tdi_1  .td-doubleSlider-2 .td-item3 {\r\n                        background: url(https:\/\/www.uqac.ca\/uqactualites\/wp-content\/uploads\/2025\/12\/Activite-par-LAGORA.jpg) 0 0 no-repeat;\r\n                    }\r\n                    #tdi_1  .td-doubleSlider-2 .td-item4 {\r\n                        background: url(https:\/\/www.uqac.ca\/uqactualites\/wp-content\/uploads\/2025\/12\/Concours-daffiches.jpg) 0 0 no-repeat;\r\n                    }\r\n                <\/style>\r\n\r\n                <div id=\"tdi_1\" class=\"td-gallery td-slide-on-2-columns\">\r\n                    <div class=\"post_td_gallery\">\r\n                        <div class=\"td-gallery-slide-top\">\r\n                           <div class=\"td-gallery-title\"><\/div>\r\n\r\n                            <div class=\"td-gallery-controls-wrapper\">\r\n                                <div class=\"td-gallery-slide-count\"><span class=\"td-gallery-slide-item-focus\">1<\/span> of 4<\/div>\r\n                                <div class=\"td-gallery-slide-prev-next-but\">\r\n                                    <i class = \"td-icon-left doubleSliderPrevButton\"><\/i>\r\n                                    <i class = \"td-icon-right doubleSliderNextButton\"><\/i>\r\n                                <\/div>\r\n                            <\/div>\r\n                        <\/div>\r\n\r\n                        <div class = \"td-doubleSlider-1 \">\r\n                            <div class = \"td-slider\">\r\n                                \r\n                    <div class = \"td-slide-item td-item1\">\r\n                        <figure class=\"td-slide-galery-figure td-slide-popup-gallery\">\r\n                            <a class=\"slide-gallery-image-link\" href=\"https:\/\/www.uqac.ca\/uqactualites\/wp-content\/uploads\/2025\/12\/Presentation-des-projets-intersectoriels.png\" title=\"Pr\u00e9sentation des projets intersectoriels\"  data-caption=\"De gauche \u00e0 droite: le professeur S\u00e9bastien Simard (DSS), le professeur Rubens Da Silva (DSS), la professeur Salmata Ouedraogo (DSEA) et la professeure Marie-\u00c8ve Langelier (DSHS)\"  data-description=\"\">\r\n                                <img decoding=\"async\" src=\"https:\/\/www.uqac.ca\/uqactualites\/wp-content\/uploads\/2025\/12\/Presentation-des-projets-intersectoriels.png\" srcset=\"https:\/\/www.uqac.ca\/uqactualites\/wp-content\/uploads\/2025\/12\/Presentation-des-projets-intersectoriels.png 720w, https:\/\/www.uqac.ca\/uqactualites\/wp-content\/uploads\/2025\/12\/Presentation-des-projets-intersectoriels-300x225.png 300w, https:\/\/www.uqac.ca\/uqactualites\/wp-content\/uploads\/2025\/12\/Presentation-des-projets-intersectoriels-150x113.png 150w, https:\/\/www.uqac.ca\/uqactualites\/wp-content\/uploads\/2025\/12\/Presentation-des-projets-intersectoriels-696x522.png 696w\" sizes=\"(max-width: 720px) 100vw, 720px\" alt=\"\">\r\n                            <\/a>\r\n                            <figcaption class = \"td-slide-caption td-gallery-slide-content\"><div class = \"td-gallery-slide-copywrite\">De gauche \u00e0 droite: le professeur S\u00e9bastien Simard (DSS), le professeur Rubens Da Silva (DSS), la professeur Salmata Ouedraogo (DSEA) et la professeure Marie-\u00c8ve Langelier (DSHS)<\/div><\/figcaption>\r\n                        <\/figure>\r\n                    <\/div>\r\n                    <div class = \"td-slide-item td-item2\">\r\n                        <figure class=\"td-slide-galery-figure td-slide-popup-gallery\">\r\n                            <a class=\"slide-gallery-image-link\" href=\"https:\/\/www.uqac.ca\/uqactualites\/wp-content\/uploads\/2025\/12\/Geraldine-Delbes-1.png\" title=\"G\u00e9raldine Delb\u00e8s-1\"  data-caption=\"Conf\u00e9rence de la professeure-chercheuse de l&#039;INRS G\u00e9raldine Delb\u00e8s\"  data-description=\"\">\r\n                                <img decoding=\"async\" src=\"https:\/\/www.uqac.ca\/uqactualites\/wp-content\/uploads\/2025\/12\/Geraldine-Delbes-1.png\" srcset=\"https:\/\/www.uqac.ca\/uqactualites\/wp-content\/uploads\/2025\/12\/Geraldine-Delbes-1.png 540w, https:\/\/www.uqac.ca\/uqactualites\/wp-content\/uploads\/2025\/12\/Geraldine-Delbes-1-300x236.png 300w, https:\/\/www.uqac.ca\/uqactualites\/wp-content\/uploads\/2025\/12\/Geraldine-Delbes-1-150x118.png 150w\" sizes=\"(max-width: 540px) 100vw, 540px\" alt=\"\">\r\n                            <\/a>\r\n                            <figcaption class = \"td-slide-caption td-gallery-slide-content\"><div class = \"td-gallery-slide-copywrite\">Conf\u00e9rence de la professeure-chercheuse de l'INRS G\u00e9raldine Delb\u00e8s<\/div><\/figcaption>\r\n                        <\/figure>\r\n                    <\/div>\r\n                    <div class = \"td-slide-item td-item3\">\r\n                        <figure class=\"td-slide-galery-figure td-slide-popup-gallery\">\r\n                            <a class=\"slide-gallery-image-link\" href=\"https:\/\/www.uqac.ca\/uqactualites\/wp-content\/uploads\/2025\/12\/Activite-par-LAGORA.jpg\" title=\"Activit\u00e9 par LAGORA\"  data-caption=\"Activit\u00e9 organis\u00e9e par le Collectif LAGORA\"  data-description=\"\">\r\n                                <img decoding=\"async\" src=\"https:\/\/www.uqac.ca\/uqactualites\/wp-content\/uploads\/2025\/12\/Activite-par-LAGORA.jpg\" srcset=\"https:\/\/www.uqac.ca\/uqactualites\/wp-content\/uploads\/2025\/12\/Activite-par-LAGORA.jpg 2048w, https:\/\/www.uqac.ca\/uqactualites\/wp-content\/uploads\/2025\/12\/Activite-par-LAGORA-300x225.jpg 300w, https:\/\/www.uqac.ca\/uqactualites\/wp-content\/uploads\/2025\/12\/Activite-par-LAGORA-1024x768.jpg 1024w, https:\/\/www.uqac.ca\/uqactualites\/wp-content\/uploads\/2025\/12\/Activite-par-LAGORA-768x576.jpg 768w, https:\/\/www.uqac.ca\/uqactualites\/wp-content\/uploads\/2025\/12\/Activite-par-LAGORA-1536x1152.jpg 1536w, https:\/\/www.uqac.ca\/uqactualites\/wp-content\/uploads\/2025\/12\/Activite-par-LAGORA-150x113.jpg 150w, https:\/\/www.uqac.ca\/uqactualites\/wp-content\/uploads\/2025\/12\/Activite-par-LAGORA-696x522.jpg 696w, https:\/\/www.uqac.ca\/uqactualites\/wp-content\/uploads\/2025\/12\/Activite-par-LAGORA-1068x801.jpg 1068w, https:\/\/www.uqac.ca\/uqactualites\/wp-content\/uploads\/2025\/12\/Activite-par-LAGORA-1920x1440.jpg 1920w\" sizes=\"(max-width: 2048px) 100vw, 2048px\" alt=\"\">\r\n                            <\/a>\r\n                            <figcaption class = \"td-slide-caption td-gallery-slide-content\"><div class = \"td-gallery-slide-copywrite\">Activit\u00e9 organis\u00e9e par le Collectif LAGORA<\/div><\/figcaption>\r\n                        <\/figure>\r\n                    <\/div>\r\n                    <div class = \"td-slide-item td-item4\">\r\n                        <figure class=\"td-slide-galery-figure td-slide-popup-gallery\">\r\n                            <a class=\"slide-gallery-image-link\" href=\"https:\/\/www.uqac.ca\/uqactualites\/wp-content\/uploads\/2025\/12\/Concours-daffiches.jpg\" title=\"Concours d'affiches\"  data-caption=\"Concours d&#039;affiches scientifiques\"  data-description=\"\">\r\n                                <img decoding=\"async\" src=\"https:\/\/www.uqac.ca\/uqactualites\/wp-content\/uploads\/2025\/12\/Concours-daffiches.jpg\" srcset=\"https:\/\/www.uqac.ca\/uqactualites\/wp-content\/uploads\/2025\/12\/Concours-daffiches.jpg 1536w, https:\/\/www.uqac.ca\/uqactualites\/wp-content\/uploads\/2025\/12\/Concours-daffiches-225x300.jpg 225w, https:\/\/www.uqac.ca\/uqactualites\/wp-content\/uploads\/2025\/12\/Concours-daffiches-768x1024.jpg 768w, https:\/\/www.uqac.ca\/uqactualites\/wp-content\/uploads\/2025\/12\/Concours-daffiches-1152x1536.jpg 1152w, https:\/\/www.uqac.ca\/uqactualites\/wp-content\/uploads\/2025\/12\/Concours-daffiches-150x200.jpg 150w, https:\/\/www.uqac.ca\/uqactualites\/wp-content\/uploads\/2025\/12\/Concours-daffiches-300x400.jpg 300w, https:\/\/www.uqac.ca\/uqactualites\/wp-content\/uploads\/2025\/12\/Concours-daffiches-696x928.jpg 696w, https:\/\/www.uqac.ca\/uqactualites\/wp-content\/uploads\/2025\/12\/Concours-daffiches-1068x1424.jpg 1068w\" sizes=\"(max-width: 1536px) 100vw, 1536px\" alt=\"\">\r\n                            <\/a>\r\n                            <figcaption class = \"td-slide-caption td-gallery-slide-content\"><div class = \"td-gallery-slide-copywrite\">Concours d'affiches scientifiques<\/div><\/figcaption>\r\n                        <\/figure>\r\n                    <\/div>\r\n                            <\/div>\r\n                        <\/div>\r\n\r\n                        <div class = \"td-doubleSlider-2\">\r\n                            <div class = \"td-slider\">\r\n                                \r\n                    <div class = \"td-button td-item1\">\r\n                        <div class = \"td-border\"><\/div>\r\n                    <\/div>\r\n                    <div class = \"td-button td-item2\">\r\n                        <div class = \"td-border\"><\/div>\r\n                    <\/div>\r\n                    <div class = \"td-button td-item3\">\r\n                        <div class = \"td-border\"><\/div>\r\n                    <\/div>\r\n                    <div class = \"td-button td-item4\">\r\n                        <div class = \"td-border\"><\/div>\r\n                    <\/div>\r\n                            <\/div>\r\n                        <\/div>\r\n\r\n                    <\/div>\r\n\r\n                <\/div>\r\n                \n<p>&nbsp;<\/p>\n","protected":false},"excerpt":{"rendered":"<p>Le vendredi 28 novembre dernier, le Centre intersectoriel en sant\u00e9 durable (CISD) a tenu la 5e \u00e9dition de sa Journ\u00e9e scientifique dans les murs de l\u2019UQAC et avec la collaboration de nombreux services de l\u2019\u00e9tablissement. Pr\u00e8s de 130 personnes ont particip\u00e9 \u00e0 l\u2019\u00e9v\u00e9nement. Le programme de la journ\u00e9e comportait un atelier anim\u00e9 par le Laboratoire [&hellip;]<\/p>\n","protected":false},"author":24,"featured_media":52784,"comment_status":"closed","ping_status":"open","sticky":false,"template":"","format":"standard","meta":{"footnotes":""},"categories":[2795,2,61],"tags":[19,8,23,2992,2851],"yoast_head":"<!-- This site is optimized with the Yoast SEO plugin v24.2 - https:\/\/yoast.com\/wordpress\/plugins\/seo\/ -->\r\n<title>5e Journ\u00e9e scientifique du CISD sous le th\u00e8me : G\u00e9n\u00e9rer, mobiliser et transf\u00e9rer les savoirs - UQACtualit\u00e9s<\/title>\r\n<meta name=\"robots\" content=\"index, follow, max-snippet:-1, max-image-preview:large, max-video-preview:-1\" \/>\r\n<link rel=\"canonical\" href=\"https:\/\/www.uqac.ca\/uqactualites\/2025\/12\/01\/5e-journee-scientifique-du-cisd-sous-le-theme-generer-mobiliser-et-transferer-les-savoirs\/\" \/>\r\n<meta property=\"og:locale\" content=\"fr_CA\" \/>\r\n<meta property=\"og:type\" content=\"article\" \/>\r\n<meta property=\"og:title\" content=\"5e Journ\u00e9e scientifique du CISD sous le th\u00e8me : G\u00e9n\u00e9rer, mobiliser et transf\u00e9rer les savoirs - UQACtualit\u00e9s\" \/>\r\n<meta property=\"og:description\" content=\"Le vendredi 28 novembre dernier, le Centre intersectoriel en sant\u00e9 durable (CISD) a tenu la 5e \u00e9dition de sa Journ\u00e9e scientifique dans les murs de l\u2019UQAC et avec la collaboration de nombreux services de l\u2019\u00e9tablissement. Pr\u00e8s de 130 personnes ont particip\u00e9 \u00e0 l\u2019\u00e9v\u00e9nement. Le programme de la journ\u00e9e comportait un atelier anim\u00e9 par le Laboratoire [&hellip;]\" \/>\r\n<meta property=\"og:url\" content=\"https:\/\/www.uqac.ca\/uqactualites\/2025\/12\/01\/5e-journee-scientifique-du-cisd-sous-le-theme-generer-mobiliser-et-transferer-les-savoirs\/\" \/>\r\n<meta property=\"og:site_name\" content=\"UQACtualit\u00e9s\" \/>\r\n<meta property=\"article:published_time\" content=\"2025-12-01T19:27:25+00:00\" \/>\r\n<meta property=\"article:modified_time\" content=\"2026-03-04T14:34:17+00:00\" \/>\r\n<meta property=\"og:image\" content=\"https:\/\/www.uqac.ca\/uqactualites\/wp-content\/uploads\/2025\/12\/A-la-une-UQACtualite-21-1024x576.png\" \/>\r\n\t<meta property=\"og:image:width\" content=\"1024\" \/>\r\n\t<meta property=\"og:image:height\" content=\"576\" \/>\r\n\t<meta property=\"og:image:type\" content=\"image\/png\" \/>\r\n<meta name=\"author\" content=\"Centre intersectoriel Sant\u00e9 durable\" \/>\r\n<meta name=\"twitter:card\" content=\"summary_large_image\" \/>\r\n<meta name=\"twitter:label1\" content=\"\u00c9crit par\" \/>\n\t<meta name=\"twitter:data1\" content=\"Centre intersectoriel Sant\u00e9 durable\" \/>\n\t<meta name=\"twitter:label2\" content=\"Estimation du temps de lecture\" \/>\n\t<meta name=\"twitter:data2\" content=\"5 minutes\" \/>\r\n<script type=\"application\/ld+json\" class=\"yoast-schema-graph\">{\"@context\":\"https:\/\/schema.org\",\"@graph\":[{\"@type\":\"WebPage\",\"@id\":\"https:\/\/www.uqac.ca\/uqactualites\/2025\/12\/01\/5e-journee-scientifique-du-cisd-sous-le-theme-generer-mobiliser-et-transferer-les-savoirs\/\",\"url\":\"https:\/\/www.uqac.ca\/uqactualites\/2025\/12\/01\/5e-journee-scientifique-du-cisd-sous-le-theme-generer-mobiliser-et-transferer-les-savoirs\/\",\"name\":\"5e Journ\u00e9e scientifique du CISD sous le th\u00e8me : G\u00e9n\u00e9rer, mobiliser et transf\u00e9rer les savoirs - UQACtualit\u00e9s\",\"isPartOf\":{\"@id\":\"https:\/\/www.uqac.ca\/uqactualites\/#website\"},\"primaryImageOfPage\":{\"@id\":\"https:\/\/www.uqac.ca\/uqactualites\/2025\/12\/01\/5e-journee-scientifique-du-cisd-sous-le-theme-generer-mobiliser-et-transferer-les-savoirs\/#primaryimage\"},\"image\":{\"@id\":\"https:\/\/www.uqac.ca\/uqactualites\/2025\/12\/01\/5e-journee-scientifique-du-cisd-sous-le-theme-generer-mobiliser-et-transferer-les-savoirs\/#primaryimage\"},\"thumbnailUrl\":\"https:\/\/www.uqac.ca\/uqactualites\/wp-content\/uploads\/2025\/12\/A-la-une-UQACtualite-21.png\",\"datePublished\":\"2025-12-01T19:27:25+00:00\",\"dateModified\":\"2026-03-04T14:34:17+00:00\",\"author\":{\"@id\":\"https:\/\/www.uqac.ca\/uqactualites\/#\/schema\/person\/5e12778a2251390b7ce5f6c0f7165508\"},\"breadcrumb\":{\"@id\":\"https:\/\/www.uqac.ca\/uqactualites\/2025\/12\/01\/5e-journee-scientifique-du-cisd-sous-le-theme-generer-mobiliser-et-transferer-les-savoirs\/#breadcrumb\"},\"inLanguage\":\"fr-CA\",\"potentialAction\":[{\"@type\":\"ReadAction\",\"target\":[\"https:\/\/www.uqac.ca\/uqactualites\/2025\/12\/01\/5e-journee-scientifique-du-cisd-sous-le-theme-generer-mobiliser-et-transferer-les-savoirs\/\"]}]},{\"@type\":\"ImageObject\",\"inLanguage\":\"fr-CA\",\"@id\":\"https:\/\/www.uqac.ca\/uqactualites\/2025\/12\/01\/5e-journee-scientifique-du-cisd-sous-le-theme-generer-mobiliser-et-transferer-les-savoirs\/#primaryimage\",\"url\":\"https:\/\/www.uqac.ca\/uqactualites\/wp-content\/uploads\/2025\/12\/A-la-une-UQACtualite-21.png\",\"contentUrl\":\"https:\/\/www.uqac.ca\/uqactualites\/wp-content\/uploads\/2025\/12\/A-la-une-UQACtualite-21.png\",\"width\":1920,\"height\":1080},{\"@type\":\"BreadcrumbList\",\"@id\":\"https:\/\/www.uqac.ca\/uqactualites\/2025\/12\/01\/5e-journee-scientifique-du-cisd-sous-le-theme-generer-mobiliser-et-transferer-les-savoirs\/#breadcrumb\",\"itemListElement\":[{\"@type\":\"ListItem\",\"position\":1,\"name\":\"Home\",\"item\":\"https:\/\/www.uqac.ca\/uqactualites\/\"},{\"@type\":\"ListItem\",\"position\":2,\"name\":\"5e Journ\u00e9e scientifique du CISD sous le th\u00e8me : G\u00e9n\u00e9rer, mobiliser et transf\u00e9rer les savoirs\"}]},{\"@type\":\"WebSite\",\"@id\":\"https:\/\/www.uqac.ca\/uqactualites\/#website\",\"url\":\"https:\/\/www.uqac.ca\/uqactualites\/\",\"name\":\"UQACtualit\u00e9s\",\"description\":\"Le portail des nouvelles de l&#039;UQAC\",\"potentialAction\":[{\"@type\":\"SearchAction\",\"target\":{\"@type\":\"EntryPoint\",\"urlTemplate\":\"https:\/\/www.uqac.ca\/uqactualites\/?s={search_term_string}\"},\"query-input\":{\"@type\":\"PropertyValueSpecification\",\"valueRequired\":true,\"valueName\":\"search_term_string\"}}],\"inLanguage\":\"fr-CA\"},{\"@type\":\"Person\",\"@id\":\"https:\/\/www.uqac.ca\/uqactualites\/#\/schema\/person\/5e12778a2251390b7ce5f6c0f7165508\",\"name\":\"Centre intersectoriel Sant\u00e9 durable\",\"image\":{\"@type\":\"ImageObject\",\"inLanguage\":\"fr-CA\",\"@id\":\"https:\/\/www.uqac.ca\/uqactualites\/#\/schema\/person\/image\/\",\"url\":\"https:\/\/secure.gravatar.com\/avatar\/38fd1978379e08753d55ed38ceb3b8e6?s=96&d=mm&r=g\",\"contentUrl\":\"https:\/\/secure.gravatar.com\/avatar\/38fd1978379e08753d55ed38ceb3b8e6?s=96&d=mm&r=g\",\"caption\":\"Centre intersectoriel Sant\u00e9 durable\"},\"sameAs\":[\"https:\/\/cisd.uqac.ca\/\"],\"url\":\"https:\/\/www.uqac.ca\/uqactualites\/author\/cisd\/\"}]}<\/script>\r\n<!-- \/ Yoast SEO plugin. -->","yoast_head_json":{"title":"5e Journ\u00e9e scientifique du CISD sous le th\u00e8me : G\u00e9n\u00e9rer, mobiliser et transf\u00e9rer les savoirs - UQACtualit\u00e9s","robots":{"index":"index","follow":"follow","max-snippet":"max-snippet:-1","max-image-preview":"max-image-preview:large","max-video-preview":"max-video-preview:-1"},"canonical":"https:\/\/www.uqac.ca\/uqactualites\/2025\/12\/01\/5e-journee-scientifique-du-cisd-sous-le-theme-generer-mobiliser-et-transferer-les-savoirs\/","og_locale":"fr_CA","og_type":"article","og_title":"5e Journ\u00e9e scientifique du CISD sous le th\u00e8me : G\u00e9n\u00e9rer, mobiliser et transf\u00e9rer les savoirs - UQACtualit\u00e9s","og_description":"Le vendredi 28 novembre dernier, le Centre intersectoriel en sant\u00e9 durable (CISD) a tenu la 5e \u00e9dition de sa Journ\u00e9e scientifique dans les murs de l\u2019UQAC et avec la collaboration de nombreux services de l\u2019\u00e9tablissement. Pr\u00e8s de 130 personnes ont particip\u00e9 \u00e0 l\u2019\u00e9v\u00e9nement. Le programme de la journ\u00e9e comportait un atelier anim\u00e9 par le Laboratoire [&hellip;]","og_url":"https:\/\/www.uqac.ca\/uqactualites\/2025\/12\/01\/5e-journee-scientifique-du-cisd-sous-le-theme-generer-mobiliser-et-transferer-les-savoirs\/","og_site_name":"UQACtualit\u00e9s","article_published_time":"2025-12-01T19:27:25+00:00","article_modified_time":"2026-03-04T14:34:17+00:00","og_image":[{"width":1024,"height":576,"url":"https:\/\/www.uqac.ca\/uqactualites\/wp-content\/uploads\/2025\/12\/A-la-une-UQACtualite-21-1024x576.png","type":"image\/png"}],"author":"Centre intersectoriel Sant\u00e9 durable","twitter_card":"summary_large_image","twitter_misc":{"\u00c9crit par":"Centre intersectoriel Sant\u00e9 durable","Estimation du temps de lecture":"5 minutes"},"schema":{"@context":"https:\/\/schema.org","@graph":[{"@type":"WebPage","@id":"https:\/\/www.uqac.ca\/uqactualites\/2025\/12\/01\/5e-journee-scientifique-du-cisd-sous-le-theme-generer-mobiliser-et-transferer-les-savoirs\/","url":"https:\/\/www.uqac.ca\/uqactualites\/2025\/12\/01\/5e-journee-scientifique-du-cisd-sous-le-theme-generer-mobiliser-et-transferer-les-savoirs\/","name":"5e Journ\u00e9e scientifique du CISD sous le th\u00e8me : G\u00e9n\u00e9rer, mobiliser et transf\u00e9rer les savoirs - UQACtualit\u00e9s","isPartOf":{"@id":"https:\/\/www.uqac.ca\/uqactualites\/#website"},"primaryImageOfPage":{"@id":"https:\/\/www.uqac.ca\/uqactualites\/2025\/12\/01\/5e-journee-scientifique-du-cisd-sous-le-theme-generer-mobiliser-et-transferer-les-savoirs\/#primaryimage"},"image":{"@id":"https:\/\/www.uqac.ca\/uqactualites\/2025\/12\/01\/5e-journee-scientifique-du-cisd-sous-le-theme-generer-mobiliser-et-transferer-les-savoirs\/#primaryimage"},"thumbnailUrl":"https:\/\/www.uqac.ca\/uqactualites\/wp-content\/uploads\/2025\/12\/A-la-une-UQACtualite-21.png","datePublished":"2025-12-01T19:27:25+00:00","dateModified":"2026-03-04T14:34:17+00:00","author":{"@id":"https:\/\/www.uqac.ca\/uqactualites\/#\/schema\/person\/5e12778a2251390b7ce5f6c0f7165508"},"breadcrumb":{"@id":"https:\/\/www.uqac.ca\/uqactualites\/2025\/12\/01\/5e-journee-scientifique-du-cisd-sous-le-theme-generer-mobiliser-et-transferer-les-savoirs\/#breadcrumb"},"inLanguage":"fr-CA","potentialAction":[{"@type":"ReadAction","target":["https:\/\/www.uqac.ca\/uqactualites\/2025\/12\/01\/5e-journee-scientifique-du-cisd-sous-le-theme-generer-mobiliser-et-transferer-les-savoirs\/"]}]},{"@type":"ImageObject","inLanguage":"fr-CA","@id":"https:\/\/www.uqac.ca\/uqactualites\/2025\/12\/01\/5e-journee-scientifique-du-cisd-sous-le-theme-generer-mobiliser-et-transferer-les-savoirs\/#primaryimage","url":"https:\/\/www.uqac.ca\/uqactualites\/wp-content\/uploads\/2025\/12\/A-la-une-UQACtualite-21.png","contentUrl":"https:\/\/www.uqac.ca\/uqactualites\/wp-content\/uploads\/2025\/12\/A-la-une-UQACtualite-21.png","width":1920,"height":1080},{"@type":"BreadcrumbList","@id":"https:\/\/www.uqac.ca\/uqactualites\/2025\/12\/01\/5e-journee-scientifique-du-cisd-sous-le-theme-generer-mobiliser-et-transferer-les-savoirs\/#breadcrumb","itemListElement":[{"@type":"ListItem","position":1,"name":"Home","item":"https:\/\/www.uqac.ca\/uqactualites\/"},{"@type":"ListItem","position":2,"name":"5e Journ\u00e9e scientifique du CISD sous le th\u00e8me : G\u00e9n\u00e9rer, mobiliser et transf\u00e9rer les savoirs"}]},{"@type":"WebSite","@id":"https:\/\/www.uqac.ca\/uqactualites\/#website","url":"https:\/\/www.uqac.ca\/uqactualites\/","name":"UQACtualit\u00e9s","description":"Le portail des nouvelles de l&#039;UQAC","potentialAction":[{"@type":"SearchAction","target":{"@type":"EntryPoint","urlTemplate":"https:\/\/www.uqac.ca\/uqactualites\/?s={search_term_string}"},"query-input":{"@type":"PropertyValueSpecification","valueRequired":true,"valueName":"search_term_string"}}],"inLanguage":"fr-CA"},{"@type":"Person","@id":"https:\/\/www.uqac.ca\/uqactualites\/#\/schema\/person\/5e12778a2251390b7ce5f6c0f7165508","name":"Centre intersectoriel Sant\u00e9 durable","image":{"@type":"ImageObject","inLanguage":"fr-CA","@id":"https:\/\/www.uqac.ca\/uqactualites\/#\/schema\/person\/image\/","url":"https:\/\/secure.gravatar.com\/avatar\/38fd1978379e08753d55ed38ceb3b8e6?s=96&d=mm&r=g","contentUrl":"https:\/\/secure.gravatar.com\/avatar\/38fd1978379e08753d55ed38ceb3b8e6?s=96&d=mm&r=g","caption":"Centre intersectoriel Sant\u00e9 durable"},"sameAs":["https:\/\/cisd.uqac.ca\/"],"url":"https:\/\/www.uqac.ca\/uqactualites\/author\/cisd\/"}]}},"_links":{"self":[{"href":"https:\/\/www.uqac.ca\/uqactualites\/wp-json\/wp\/v2\/posts\/52780"}],"collection":[{"href":"https:\/\/www.uqac.ca\/uqactualites\/wp-json\/wp\/v2\/posts"}],"about":[{"href":"https:\/\/www.uqac.ca\/uqactualites\/wp-json\/wp\/v2\/types\/post"}],"author":[{"embeddable":true,"href":"https:\/\/www.uqac.ca\/uqactualites\/wp-json\/wp\/v2\/users\/24"}],"replies":[{"embeddable":true,"href":"https:\/\/www.uqac.ca\/uqactualites\/wp-json\/wp\/v2\/comments?post=52780"}],"version-history":[{"count":14,"href":"https:\/\/www.uqac.ca\/uqactualites\/wp-json\/wp\/v2\/posts\/52780\/revisions"}],"predecessor-version":[{"id":53848,"href":"https:\/\/www.uqac.ca\/uqactualites\/wp-json\/wp\/v2\/posts\/52780\/revisions\/53848"}],"wp:featuredmedia":[{"embeddable":true,"href":"https:\/\/www.uqac.ca\/uqactualites\/wp-json\/wp\/v2\/media\/52784"}],"wp:attachment":[{"href":"https:\/\/www.uqac.ca\/uqactualites\/wp-json\/wp\/v2\/media?parent=52780"}],"wp:term":[{"taxonomy":"category","embeddable":true,"href":"https:\/\/www.uqac.ca\/uqactualites\/wp-json\/wp\/v2\/categories?post=52780"},{"taxonomy":"post_tag","embeddable":true,"href":"https:\/\/www.uqac.ca\/uqactualites\/wp-json\/wp\/v2\/tags?post=52780"}],"curies":[{"name":"wp","href":"https:\/\/api.w.org\/{rel}","templated":true}]}}