{"id":52918,"date":"2025-12-15T10:08:45","date_gmt":"2025-12-15T15:08:45","guid":{"rendered":"https:\/\/www.uqac.ca\/uqactualites\/?p=52918"},"modified":"2025-12-17T14:31:18","modified_gmt":"2025-12-17T19:31:18","slug":"la-navette-alma-uqac-poursuit-sa-trajectoire-vers-un-campus-plus-durable","status":"publish","type":"post","link":"https:\/\/www.uqac.ca\/uqactualites\/2025\/12\/15\/la-navette-alma-uqac-poursuit-sa-trajectoire-vers-un-campus-plus-durable\/","title":{"rendered":"La navette Alma-UQAC poursuit sa trajectoire vers un campus plus durable"},"content":{"rendered":"<p>La semaine derni\u00e8re, Ghislain Samson, recteur de l&rsquo;UQAC, Marie-Christine Larouche, directrice g\u00e9n\u00e9rale de la FUQAC et Sadou Diallo, coordonnateur g\u00e9n\u00e9ral du MAGE-UQAC, se sont r\u00e9unis pour souligner le d\u00e9voilement du nouveau design de la navette Alma-UQAC. Gr\u00e2ce \u00e0 un financement du programme Soutien au rayonnement des r\u00e9gions et au Fonds r\u00e9gions et ruralit\u00e9 du gouvernement du Qu\u00e9bec, ce service de mobilit\u00e9 durable offert gratuitement \u00e0 la communaut\u00e9 \u00e9tudiante a pu \u00eatre prolong\u00e9 jusqu&rsquo;en 2027.<\/p>\n<p>En vigueur depuis le trimestre d&rsquo;hiver 2025, la navette Alma-UQAC offre aux membres de la communaut\u00e9 universitaire des aller-retour quotidiens entre Alma et le campus de Saguenay du lundi au vendredi. Partenaire de l&rsquo;initiative, la ville d\u2019Alma et la municipalit\u00e9 de Saint-Bruno rendent disponibles des stationnements incitatifs \u00e0 proximit\u00e9 des points d\u2019embarquement pour les usagers et usag\u00e8res. La r\u00e9alisation du projet de la navette est rendue possible gr\u00e2ce \u00e0 la participation financi\u00e8re de la <a href=\"https:\/\/fuqac.ca\/\" target=\"_blank\" rel=\"noopener\">Fondation de l&rsquo;UQAC (FUQAC)<\/a>, du MAGE-UQAC et du minist\u00e8re des Affaires municipales et de l&rsquo;Habitation du Qu\u00e9bec.<\/p>\n<p>Jusqu\u2019\u00e0 pr\u00e9sent, l\u2019utilisation de la navette Alma-UQAC a permis de r\u00e9duire les \u00e9missions de CO\u2082 de 50 tonnes par rapport \u00e0 l\u2019usage individuel de la voiture. Cette r\u00e9duction continuera de cro\u00eetre dans les deux prochaines ann\u00e9es, contribuant encore davantage \u00e0 la transition \u00e9cologique et \u00e0 la lutte contre les changements climatiques.<\/p>\n<p>Pour en savoir plus sur les services de la navette Alma-UQAC : <a href=\"https:\/\/can01.safelinks.protection.outlook.com\/?url=https%3A%2F%2Fwww.uqac.ca%2Fdev-durable%2Fnavette-alma-uqac%2F&amp;data=05%7C02%7Cr9boucha%40uqac.ca%7C7192f8643dd047ce4e2e08de3bdbf13f%7Cc97978b1bd4c44b59bbb20215efdf611%7C0%7C0%7C639014013019237781%7CUnknown%7CTWFpbGZsb3d8eyJFbXB0eU1hcGkiOnRydWUsIlYiOiIwLjAuMDAwMCIsIlAiOiJXaW4zMiIsIkFOIjoiTWFpbCIsIldUIjoyfQ%3D%3D%7C0%7C%7C%7C&amp;sdata=amAJc59IoqWz1EBnfsI3aTHS9uEbITjtOsX9odk4v9I%3D&amp;reserved=0\">https:\/\/www.uqac.ca\/dev-durable\/navette-alma-uqac\/<\/a><\/p>\n\r\n                <style type=\"text\/css\">\r\n                    \r\n                    #tdi_1  .td-doubleSlider-2 .td-item1 {\r\n                        background: url(https:\/\/www.uqac.ca\/uqactualites\/wp-content\/uploads\/2025\/12\/navette-alma-mduhaime-a25-3.jpg) 0 0 no-repeat;\r\n                    }\r\n                    #tdi_1  .td-doubleSlider-2 .td-item2 {\r\n                        background: url(https:\/\/www.uqac.ca\/uqactualites\/wp-content\/uploads\/2025\/12\/navette-alma-mduhaime-a25-1.jpg) 0 0 no-repeat;\r\n                    }\r\n                <\/style>\r\n\r\n                <div id=\"tdi_1\" class=\"td-gallery td-slide-on-2-columns\">\r\n                    <div class=\"post_td_gallery\">\r\n                        <div class=\"td-gallery-slide-top\">\r\n                           <div class=\"td-gallery-title\"><\/div>\r\n\r\n                            <div class=\"td-gallery-controls-wrapper\">\r\n                                <div class=\"td-gallery-slide-count\"><span class=\"td-gallery-slide-item-focus\">1<\/span> of 2<\/div>\r\n                                <div class=\"td-gallery-slide-prev-next-but\">\r\n                                    <i class = \"td-icon-left doubleSliderPrevButton\"><\/i>\r\n                                    <i class = \"td-icon-right doubleSliderNextButton\"><\/i>\r\n                                <\/div>\r\n                            <\/div>\r\n                        <\/div>\r\n\r\n                        <div class = \"td-doubleSlider-1 \">\r\n                            <div class = \"td-slider\">\r\n                                \r\n                    <div class = \"td-slide-item td-item1\">\r\n                        <figure class=\"td-slide-galery-figure td-slide-popup-gallery\">\r\n                            <a class=\"slide-gallery-image-link\" href=\"https:\/\/www.uqac.ca\/uqactualites\/wp-content\/uploads\/2025\/12\/navette-alma-mduhaime-a25-3.jpg\" title=\"navette-alma-mduhaime-a25-3\"  data-caption=\"\"  data-description=\"\">\r\n                                <img decoding=\"async\" src=\"https:\/\/www.uqac.ca\/uqactualites\/wp-content\/uploads\/2025\/12\/navette-alma-mduhaime-a25-3.jpg\" srcset=\"https:\/\/www.uqac.ca\/uqactualites\/wp-content\/uploads\/2025\/12\/navette-alma-mduhaime-a25-3.jpg 1920w, https:\/\/www.uqac.ca\/uqactualites\/wp-content\/uploads\/2025\/12\/navette-alma-mduhaime-a25-3-300x168.jpg 300w, https:\/\/www.uqac.ca\/uqactualites\/wp-content\/uploads\/2025\/12\/navette-alma-mduhaime-a25-3-1024x574.jpg 1024w, https:\/\/www.uqac.ca\/uqactualites\/wp-content\/uploads\/2025\/12\/navette-alma-mduhaime-a25-3-768x431.jpg 768w, https:\/\/www.uqac.ca\/uqactualites\/wp-content\/uploads\/2025\/12\/navette-alma-mduhaime-a25-3-1536x862.jpg 1536w, https:\/\/www.uqac.ca\/uqactualites\/wp-content\/uploads\/2025\/12\/navette-alma-mduhaime-a25-3-150x84.jpg 150w, https:\/\/www.uqac.ca\/uqactualites\/wp-content\/uploads\/2025\/12\/navette-alma-mduhaime-a25-3-696x390.jpg 696w, https:\/\/www.uqac.ca\/uqactualites\/wp-content\/uploads\/2025\/12\/navette-alma-mduhaime-a25-3-1068x599.jpg 1068w\" sizes=\"(max-width: 1920px) 100vw, 1920px\" alt=\"\">\r\n                            <\/a>\r\n                            \r\n                        <\/figure>\r\n                    <\/div>\r\n                    <div class = \"td-slide-item td-item2\">\r\n                        <figure class=\"td-slide-galery-figure td-slide-popup-gallery\">\r\n                            <a class=\"slide-gallery-image-link\" href=\"https:\/\/www.uqac.ca\/uqactualites\/wp-content\/uploads\/2025\/12\/navette-alma-mduhaime-a25-1.jpg\" title=\"navette-alma-mduhaime-a25-1\"  data-caption=\"\"  data-description=\"\">\r\n                                <img decoding=\"async\" src=\"https:\/\/www.uqac.ca\/uqactualites\/wp-content\/uploads\/2025\/12\/navette-alma-mduhaime-a25-1.jpg\" srcset=\"https:\/\/www.uqac.ca\/uqactualites\/wp-content\/uploads\/2025\/12\/navette-alma-mduhaime-a25-1.jpg 1920w, https:\/\/www.uqac.ca\/uqactualites\/wp-content\/uploads\/2025\/12\/navette-alma-mduhaime-a25-1-300x168.jpg 300w, https:\/\/www.uqac.ca\/uqactualites\/wp-content\/uploads\/2025\/12\/navette-alma-mduhaime-a25-1-1024x574.jpg 1024w, https:\/\/www.uqac.ca\/uqactualites\/wp-content\/uploads\/2025\/12\/navette-alma-mduhaime-a25-1-768x431.jpg 768w, https:\/\/www.uqac.ca\/uqactualites\/wp-content\/uploads\/2025\/12\/navette-alma-mduhaime-a25-1-1536x862.jpg 1536w, https:\/\/www.uqac.ca\/uqactualites\/wp-content\/uploads\/2025\/12\/navette-alma-mduhaime-a25-1-150x84.jpg 150w, https:\/\/www.uqac.ca\/uqactualites\/wp-content\/uploads\/2025\/12\/navette-alma-mduhaime-a25-1-696x390.jpg 696w, https:\/\/www.uqac.ca\/uqactualites\/wp-content\/uploads\/2025\/12\/navette-alma-mduhaime-a25-1-1068x599.jpg 1068w\" sizes=\"(max-width: 1920px) 100vw, 1920px\" alt=\"\">\r\n                            <\/a>\r\n                            \r\n                        <\/figure>\r\n                    <\/div>\r\n                            <\/div>\r\n                        <\/div>\r\n\r\n                        <div class = \"td-doubleSlider-2\">\r\n                            <div class = \"td-slider\">\r\n                                \r\n                    <div class = \"td-button td-item1\">\r\n                        <div class = \"td-border\"><\/div>\r\n                    <\/div>\r\n                    <div class = \"td-button td-item2\">\r\n                        <div class = \"td-border\"><\/div>\r\n                    <\/div>\r\n                            <\/div>\r\n                        <\/div>\r\n\r\n                    <\/div>\r\n\r\n                <\/div>\r\n                \n","protected":false},"excerpt":{"rendered":"<p>La semaine derni\u00e8re, Ghislain Samson, recteur de l&rsquo;UQAC, Marie-Christine Larouche, directrice g\u00e9n\u00e9rale de la FUQAC et Sadou Diallo, coordonnateur g\u00e9n\u00e9ral du MAGE-UQAC, se sont r\u00e9unis pour souligner le d\u00e9voilement du nouveau design de la navette Alma-UQAC. Gr\u00e2ce \u00e0 un financement du programme Soutien au rayonnement des r\u00e9gions et au Fonds r\u00e9gions et ruralit\u00e9 du gouvernement [&hellip;]<\/p>\n","protected":false},"author":5,"featured_media":52919,"comment_status":"closed","ping_status":"open","sticky":false,"template":"","format":"standard","meta":{"footnotes":""},"categories":[2795,2],"tags":[337,1244],"yoast_head":"<!-- This site is optimized with the Yoast SEO plugin v24.2 - https:\/\/yoast.com\/wordpress\/plugins\/seo\/ -->\r\n<title>La navette Alma-UQAC poursuit sa trajectoire vers un campus plus durable - UQACtualit\u00e9s<\/title>\r\n<meta name=\"robots\" content=\"index, follow, max-snippet:-1, max-image-preview:large, max-video-preview:-1\" \/>\r\n<link rel=\"canonical\" href=\"https:\/\/www.uqac.ca\/uqactualites\/2025\/12\/15\/la-navette-alma-uqac-poursuit-sa-trajectoire-vers-un-campus-plus-durable\/\" \/>\r\n<meta property=\"og:locale\" content=\"fr_CA\" \/>\r\n<meta property=\"og:type\" content=\"article\" \/>\r\n<meta property=\"og:title\" content=\"La navette Alma-UQAC poursuit sa trajectoire vers un campus plus durable - UQACtualit\u00e9s\" \/>\r\n<meta property=\"og:description\" content=\"La semaine derni\u00e8re, Ghislain Samson, recteur de l&rsquo;UQAC, Marie-Christine Larouche, directrice g\u00e9n\u00e9rale de la FUQAC et Sadou Diallo, coordonnateur g\u00e9n\u00e9ral du MAGE-UQAC, se sont r\u00e9unis pour souligner le d\u00e9voilement du nouveau design de la navette Alma-UQAC. Gr\u00e2ce \u00e0 un financement du programme Soutien au rayonnement des r\u00e9gions et au Fonds r\u00e9gions et ruralit\u00e9 du gouvernement [&hellip;]\" \/>\r\n<meta property=\"og:url\" content=\"https:\/\/www.uqac.ca\/uqactualites\/2025\/12\/15\/la-navette-alma-uqac-poursuit-sa-trajectoire-vers-un-campus-plus-durable\/\" \/>\r\n<meta property=\"og:site_name\" content=\"UQACtualit\u00e9s\" \/>\r\n<meta property=\"article:published_time\" content=\"2025-12-15T15:08:45+00:00\" \/>\r\n<meta property=\"article:modified_time\" content=\"2025-12-17T19:31:18+00:00\" \/>\r\n<meta property=\"og:image\" content=\"https:\/\/www.uqac.ca\/uqactualites\/wp-content\/uploads\/2025\/12\/navette-alma-mduhaime-a25-4.jpg\" \/>\r\n\t<meta property=\"og:image:width\" content=\"1920\" \/>\r\n\t<meta property=\"og:image:height\" content=\"1077\" \/>\r\n\t<meta property=\"og:image:type\" content=\"image\/jpeg\" \/>\r\n<meta name=\"author\" content=\"Service des communications et des relations publiques\" \/>\r\n<meta name=\"twitter:card\" content=\"summary_large_image\" \/>\r\n<meta name=\"twitter:label1\" content=\"\u00c9crit par\" \/>\n\t<meta name=\"twitter:data1\" content=\"Service des communications et des relations publiques\" \/>\n\t<meta name=\"twitter:label2\" content=\"Estimation du temps de lecture\" \/>\n\t<meta name=\"twitter:data2\" content=\"2 minutes\" \/>\r\n<script type=\"application\/ld+json\" class=\"yoast-schema-graph\">{\"@context\":\"https:\/\/schema.org\",\"@graph\":[{\"@type\":\"WebPage\",\"@id\":\"https:\/\/www.uqac.ca\/uqactualites\/2025\/12\/15\/la-navette-alma-uqac-poursuit-sa-trajectoire-vers-un-campus-plus-durable\/\",\"url\":\"https:\/\/www.uqac.ca\/uqactualites\/2025\/12\/15\/la-navette-alma-uqac-poursuit-sa-trajectoire-vers-un-campus-plus-durable\/\",\"name\":\"La navette Alma-UQAC poursuit sa trajectoire vers un campus plus durable - UQACtualit\u00e9s\",\"isPartOf\":{\"@id\":\"https:\/\/www.uqac.ca\/uqactualites\/#website\"},\"primaryImageOfPage\":{\"@id\":\"https:\/\/www.uqac.ca\/uqactualites\/2025\/12\/15\/la-navette-alma-uqac-poursuit-sa-trajectoire-vers-un-campus-plus-durable\/#primaryimage\"},\"image\":{\"@id\":\"https:\/\/www.uqac.ca\/uqactualites\/2025\/12\/15\/la-navette-alma-uqac-poursuit-sa-trajectoire-vers-un-campus-plus-durable\/#primaryimage\"},\"thumbnailUrl\":\"https:\/\/www.uqac.ca\/uqactualites\/wp-content\/uploads\/2025\/12\/navette-alma-mduhaime-a25-4.jpg\",\"datePublished\":\"2025-12-15T15:08:45+00:00\",\"dateModified\":\"2025-12-17T19:31:18+00:00\",\"author\":{\"@id\":\"https:\/\/www.uqac.ca\/uqactualites\/#\/schema\/person\/366c45a0c4f0e677b41b4af5886e2018\"},\"breadcrumb\":{\"@id\":\"https:\/\/www.uqac.ca\/uqactualites\/2025\/12\/15\/la-navette-alma-uqac-poursuit-sa-trajectoire-vers-un-campus-plus-durable\/#breadcrumb\"},\"inLanguage\":\"fr-CA\",\"potentialAction\":[{\"@type\":\"ReadAction\",\"target\":[\"https:\/\/www.uqac.ca\/uqactualites\/2025\/12\/15\/la-navette-alma-uqac-poursuit-sa-trajectoire-vers-un-campus-plus-durable\/\"]}]},{\"@type\":\"ImageObject\",\"inLanguage\":\"fr-CA\",\"@id\":\"https:\/\/www.uqac.ca\/uqactualites\/2025\/12\/15\/la-navette-alma-uqac-poursuit-sa-trajectoire-vers-un-campus-plus-durable\/#primaryimage\",\"url\":\"https:\/\/www.uqac.ca\/uqactualites\/wp-content\/uploads\/2025\/12\/navette-alma-mduhaime-a25-4.jpg\",\"contentUrl\":\"https:\/\/www.uqac.ca\/uqactualites\/wp-content\/uploads\/2025\/12\/navette-alma-mduhaime-a25-4.jpg\",\"width\":1920,\"height\":1077},{\"@type\":\"BreadcrumbList\",\"@id\":\"https:\/\/www.uqac.ca\/uqactualites\/2025\/12\/15\/la-navette-alma-uqac-poursuit-sa-trajectoire-vers-un-campus-plus-durable\/#breadcrumb\",\"itemListElement\":[{\"@type\":\"ListItem\",\"position\":1,\"name\":\"Home\",\"item\":\"https:\/\/www.uqac.ca\/uqactualites\/\"},{\"@type\":\"ListItem\",\"position\":2,\"name\":\"La navette Alma-UQAC poursuit sa trajectoire vers un campus plus durable\"}]},{\"@type\":\"WebSite\",\"@id\":\"https:\/\/www.uqac.ca\/uqactualites\/#website\",\"url\":\"https:\/\/www.uqac.ca\/uqactualites\/\",\"name\":\"UQACtualit\u00e9s\",\"description\":\"Le portail des nouvelles de l&#039;UQAC\",\"potentialAction\":[{\"@type\":\"SearchAction\",\"target\":{\"@type\":\"EntryPoint\",\"urlTemplate\":\"https:\/\/www.uqac.ca\/uqactualites\/?s={search_term_string}\"},\"query-input\":{\"@type\":\"PropertyValueSpecification\",\"valueRequired\":true,\"valueName\":\"search_term_string\"}}],\"inLanguage\":\"fr-CA\"},{\"@type\":\"Person\",\"@id\":\"https:\/\/www.uqac.ca\/uqactualites\/#\/schema\/person\/366c45a0c4f0e677b41b4af5886e2018\",\"name\":\"Service des communications et des relations publiques\",\"image\":{\"@type\":\"ImageObject\",\"inLanguage\":\"fr-CA\",\"@id\":\"https:\/\/www.uqac.ca\/uqactualites\/#\/schema\/person\/image\/\",\"url\":\"https:\/\/secure.gravatar.com\/avatar\/20fbbda8a292f59f2d3461a5b999c00b?s=96&d=mm&r=g\",\"contentUrl\":\"https:\/\/secure.gravatar.com\/avatar\/20fbbda8a292f59f2d3461a5b999c00b?s=96&d=mm&r=g\",\"caption\":\"Service des communications et des relations publiques\"},\"url\":\"https:\/\/www.uqac.ca\/uqactualites\/author\/bap\/\"}]}<\/script>\r\n<!-- \/ Yoast SEO plugin. -->","yoast_head_json":{"title":"La navette Alma-UQAC poursuit sa trajectoire vers un campus plus durable - UQACtualit\u00e9s","robots":{"index":"index","follow":"follow","max-snippet":"max-snippet:-1","max-image-preview":"max-image-preview:large","max-video-preview":"max-video-preview:-1"},"canonical":"https:\/\/www.uqac.ca\/uqactualites\/2025\/12\/15\/la-navette-alma-uqac-poursuit-sa-trajectoire-vers-un-campus-plus-durable\/","og_locale":"fr_CA","og_type":"article","og_title":"La navette Alma-UQAC poursuit sa trajectoire vers un campus plus durable - UQACtualit\u00e9s","og_description":"La semaine derni\u00e8re, Ghislain Samson, recteur de l&rsquo;UQAC, Marie-Christine Larouche, directrice g\u00e9n\u00e9rale de la FUQAC et Sadou Diallo, coordonnateur g\u00e9n\u00e9ral du MAGE-UQAC, se sont r\u00e9unis pour souligner le d\u00e9voilement du nouveau design de la navette Alma-UQAC. Gr\u00e2ce \u00e0 un financement du programme Soutien au rayonnement des r\u00e9gions et au Fonds r\u00e9gions et ruralit\u00e9 du gouvernement [&hellip;]","og_url":"https:\/\/www.uqac.ca\/uqactualites\/2025\/12\/15\/la-navette-alma-uqac-poursuit-sa-trajectoire-vers-un-campus-plus-durable\/","og_site_name":"UQACtualit\u00e9s","article_published_time":"2025-12-15T15:08:45+00:00","article_modified_time":"2025-12-17T19:31:18+00:00","og_image":[{"width":1920,"height":1077,"url":"https:\/\/www.uqac.ca\/uqactualites\/wp-content\/uploads\/2025\/12\/navette-alma-mduhaime-a25-4.jpg","type":"image\/jpeg"}],"author":"Service des communications et des relations publiques","twitter_card":"summary_large_image","twitter_misc":{"\u00c9crit par":"Service des communications et des relations publiques","Estimation du temps de lecture":"2 minutes"},"schema":{"@context":"https:\/\/schema.org","@graph":[{"@type":"WebPage","@id":"https:\/\/www.uqac.ca\/uqactualites\/2025\/12\/15\/la-navette-alma-uqac-poursuit-sa-trajectoire-vers-un-campus-plus-durable\/","url":"https:\/\/www.uqac.ca\/uqactualites\/2025\/12\/15\/la-navette-alma-uqac-poursuit-sa-trajectoire-vers-un-campus-plus-durable\/","name":"La navette Alma-UQAC poursuit sa trajectoire vers un campus plus durable - UQACtualit\u00e9s","isPartOf":{"@id":"https:\/\/www.uqac.ca\/uqactualites\/#website"},"primaryImageOfPage":{"@id":"https:\/\/www.uqac.ca\/uqactualites\/2025\/12\/15\/la-navette-alma-uqac-poursuit-sa-trajectoire-vers-un-campus-plus-durable\/#primaryimage"},"image":{"@id":"https:\/\/www.uqac.ca\/uqactualites\/2025\/12\/15\/la-navette-alma-uqac-poursuit-sa-trajectoire-vers-un-campus-plus-durable\/#primaryimage"},"thumbnailUrl":"https:\/\/www.uqac.ca\/uqactualites\/wp-content\/uploads\/2025\/12\/navette-alma-mduhaime-a25-4.jpg","datePublished":"2025-12-15T15:08:45+00:00","dateModified":"2025-12-17T19:31:18+00:00","author":{"@id":"https:\/\/www.uqac.ca\/uqactualites\/#\/schema\/person\/366c45a0c4f0e677b41b4af5886e2018"},"breadcrumb":{"@id":"https:\/\/www.uqac.ca\/uqactualites\/2025\/12\/15\/la-navette-alma-uqac-poursuit-sa-trajectoire-vers-un-campus-plus-durable\/#breadcrumb"},"inLanguage":"fr-CA","potentialAction":[{"@type":"ReadAction","target":["https:\/\/www.uqac.ca\/uqactualites\/2025\/12\/15\/la-navette-alma-uqac-poursuit-sa-trajectoire-vers-un-campus-plus-durable\/"]}]},{"@type":"ImageObject","inLanguage":"fr-CA","@id":"https:\/\/www.uqac.ca\/uqactualites\/2025\/12\/15\/la-navette-alma-uqac-poursuit-sa-trajectoire-vers-un-campus-plus-durable\/#primaryimage","url":"https:\/\/www.uqac.ca\/uqactualites\/wp-content\/uploads\/2025\/12\/navette-alma-mduhaime-a25-4.jpg","contentUrl":"https:\/\/www.uqac.ca\/uqactualites\/wp-content\/uploads\/2025\/12\/navette-alma-mduhaime-a25-4.jpg","width":1920,"height":1077},{"@type":"BreadcrumbList","@id":"https:\/\/www.uqac.ca\/uqactualites\/2025\/12\/15\/la-navette-alma-uqac-poursuit-sa-trajectoire-vers-un-campus-plus-durable\/#breadcrumb","itemListElement":[{"@type":"ListItem","position":1,"name":"Home","item":"https:\/\/www.uqac.ca\/uqactualites\/"},{"@type":"ListItem","position":2,"name":"La navette Alma-UQAC poursuit sa trajectoire vers un campus plus durable"}]},{"@type":"WebSite","@id":"https:\/\/www.uqac.ca\/uqactualites\/#website","url":"https:\/\/www.uqac.ca\/uqactualites\/","name":"UQACtualit\u00e9s","description":"Le portail des nouvelles de l&#039;UQAC","potentialAction":[{"@type":"SearchAction","target":{"@type":"EntryPoint","urlTemplate":"https:\/\/www.uqac.ca\/uqactualites\/?s={search_term_string}"},"query-input":{"@type":"PropertyValueSpecification","valueRequired":true,"valueName":"search_term_string"}}],"inLanguage":"fr-CA"},{"@type":"Person","@id":"https:\/\/www.uqac.ca\/uqactualites\/#\/schema\/person\/366c45a0c4f0e677b41b4af5886e2018","name":"Service des communications et des relations publiques","image":{"@type":"ImageObject","inLanguage":"fr-CA","@id":"https:\/\/www.uqac.ca\/uqactualites\/#\/schema\/person\/image\/","url":"https:\/\/secure.gravatar.com\/avatar\/20fbbda8a292f59f2d3461a5b999c00b?s=96&d=mm&r=g","contentUrl":"https:\/\/secure.gravatar.com\/avatar\/20fbbda8a292f59f2d3461a5b999c00b?s=96&d=mm&r=g","caption":"Service des communications et des relations publiques"},"url":"https:\/\/www.uqac.ca\/uqactualites\/author\/bap\/"}]}},"_links":{"self":[{"href":"https:\/\/www.uqac.ca\/uqactualites\/wp-json\/wp\/v2\/posts\/52918"}],"collection":[{"href":"https:\/\/www.uqac.ca\/uqactualites\/wp-json\/wp\/v2\/posts"}],"about":[{"href":"https:\/\/www.uqac.ca\/uqactualites\/wp-json\/wp\/v2\/types\/post"}],"author":[{"embeddable":true,"href":"https:\/\/www.uqac.ca\/uqactualites\/wp-json\/wp\/v2\/users\/5"}],"replies":[{"embeddable":true,"href":"https:\/\/www.uqac.ca\/uqactualites\/wp-json\/wp\/v2\/comments?post=52918"}],"version-history":[{"count":3,"href":"https:\/\/www.uqac.ca\/uqactualites\/wp-json\/wp\/v2\/posts\/52918\/revisions"}],"predecessor-version":[{"id":52996,"href":"https:\/\/www.uqac.ca\/uqactualites\/wp-json\/wp\/v2\/posts\/52918\/revisions\/52996"}],"wp:featuredmedia":[{"embeddable":true,"href":"https:\/\/www.uqac.ca\/uqactualites\/wp-json\/wp\/v2\/media\/52919"}],"wp:attachment":[{"href":"https:\/\/www.uqac.ca\/uqactualites\/wp-json\/wp\/v2\/media?parent=52918"}],"wp:term":[{"taxonomy":"category","embeddable":true,"href":"https:\/\/www.uqac.ca\/uqactualites\/wp-json\/wp\/v2\/categories?post=52918"},{"taxonomy":"post_tag","embeddable":true,"href":"https:\/\/www.uqac.ca\/uqactualites\/wp-json\/wp\/v2\/tags?post=52918"}],"curies":[{"name":"wp","href":"https:\/\/api.w.org\/{rel}","templated":true}]}}