{"id":52953,"date":"2025-12-15T14:38:16","date_gmt":"2025-12-15T19:38:16","guid":{"rendered":"https:\/\/www.uqac.ca\/uqactualites\/?p=52953"},"modified":"2025-12-17T10:12:52","modified_gmt":"2025-12-17T15:12:52","slug":"aventure-vert-soi-un-bilan-2025-riche-en-retombees-humaines-et-collectives","status":"publish","type":"post","link":"https:\/\/www.uqac.ca\/uqactualites\/2025\/12\/15\/aventure-vert-soi-un-bilan-2025-riche-en-retombees-humaines-et-collectives\/","title":{"rendered":"Aventure Vert Soi : un bilan 2025 riche en retomb\u00e9es humaines et collectives"},"content":{"rendered":"<p>L\u2019ann\u00e9e 2025 aura \u00e9t\u00e9 une ann\u00e9e charni\u00e8re pour <a href=\"https:\/\/www.uqac.ca\/reussite\/aventure-vert-soi\/\">Aventure Vert Soi<\/a>, marqu\u00e9e par une mobilisation soutenue de la communaut\u00e9 \u00e9tudiante et par des exp\u00e9riences profond\u00e9ment transformatrices. \u00c0 travers trois \u00e9ditions tenues au cours de l\u2019ann\u00e9e, le projet a rejoint 30 personnes \u00e9tudiantes, leur offrant un espace structurant pour prendre soin de leur sant\u00e9 mentale, renforcer leurs capacit\u00e9s d\u2019autogestion et vivre des exp\u00e9riences signifiantes en nature.<\/p>\n<p><strong>Trois \u00e9ditions et autant d&rsquo;exp\u00e9riences marquantes<\/strong><\/p>\n<p>Au printemps 2025, la premi\u00e8re cohorte a amorc\u00e9 l\u2019ann\u00e9e par une exp\u00e9dition en raquettes vers un refuge en pleine for\u00eat \u00e0 l\u2019Anse-Saint-Jean. Ce contexte a favoris\u00e9 l\u2019introspection, la coh\u00e9sion de groupe et l\u2019ancrage des premi\u00e8res strat\u00e9gies explor\u00e9es dans le cadre du projet.<\/p>\n<p>L\u2019\u00e9dition estivale 2025 a quant \u00e0 elle pris place sur le lac Saint-Jean, lors d\u2019une exp\u00e9dition de kayak de mer avec camping sur une \u00eele du parc national de la Pointe-Taillon. Les participantes et participants y ont v\u00e9cu des moments forts, entre m\u00e9ditation sur l\u2019eau, vie de camp et \u00e9changes authentiques.<\/p>\n<blockquote class=\"td_quote_box td_box_center\"><p>\u00ab <em>Participer au programme Aventure Vert Soi a \u00e9t\u00e9 une exp\u00e9rience inoubliable. La bienveillance du groupe, la g\u00e9n\u00e9rosit\u00e9 de l\u2019\u00e9quipe et la qualit\u00e9 de l\u2019encadrement ont rendu cette aventure profond\u00e9ment humaine et touchante. Et m\u00eame aujourd\u2019hui, j\u2019en ressens toujours les effets : j\u2019utilise encore des strat\u00e9gies exp\u00e9riment\u00e9es durant le projet qui m\u2019aident \u00e0 me sentir plus sereine au quotidien. <\/em>\u00bb<br \/>\n\u2014 Participante, \u00e9t\u00e9 2025<\/p><\/blockquote>\n<p>Enfin, la troisi\u00e8me \u00e9dition, tenue en octobre 2025, a men\u00e9 les personnes participantes au parc national du Fjord-du-Saguenay pour une exp\u00e9dition de randonn\u00e9e p\u00e9destre et de camping sur le sentier du Fjord. Les paysages grandioses et la force du collectif ont marqu\u00e9 durablement les esprits.<\/p>\n<blockquote class=\"td_quote_box td_box_center\"><p>\u00ab <em>Je garde en m\u00e9moire les discussions autour du feu, les rires nombreux, les paysages grandioses et l\u2019\u00e9nergie bienveillante qui se d\u00e9gageait du groupe. C\u2019est une exp\u00e9rience profond\u00e9ment humaine et marquante de mon passage \u00e0 l\u2019UQAC. Je souhaite au plus grand nombre de faire partie de cette aventure!<\/em> \u00bb<br \/>\n\u2014 Participante, automne 2025<\/p><\/blockquote>\n<p><strong>Des retomb\u00e9es qui d\u00e9passent l\u2019exp\u00e9rience v\u00e9cue<\/strong><\/p>\n<p>Au fil des \u00e9ditions, Aventure Vert Soi a d\u00e9montr\u00e9 toute la pertinence de l\u2019intervention par la nature et l\u2019aventure. En s\u2019appuyant sur quatre leviers \u2013 la connexion \u00e0 la nature, l\u2019activit\u00e9 physique, la pleine conscience et le soutien par les pairs \u2013, le projet a permis aux personnes participantes de d\u00e9velopper des strat\u00e9gies concr\u00e8tes qu\u2019elles continuent d\u2019utiliser bien au-del\u00e0 du programme.<\/p>\n<p>Port\u00e9 par une \u00e9quipe interdisciplinaire compos\u00e9e de trois professeures \u2013 <a href=\"https:\/\/portfolio.uqac.ca\/marieevelangelier\/\">Marie-\u00c8ve Langelier<\/a>,\u00a0<a href=\"https:\/\/portfolio.uqac.ca\/juliefortin\/\">Julie Fortin<\/a> et <a href=\"https:\/\/www.uqac.ca\/medecine\/notre-equipe-2\/\">Isabelle Bradette<\/a> \u2013, en collaboration \u00e9troite avec l\u2019\u00e9quipe des Services aux \u00e9tudiants de l\u2019UQAC, le projet a su conjuguer rigueur scientifique, encadrement clinique et approche humaine. Les retomb\u00e9es positives se font sentir autant chez les personnes participantes que chez les intervenantes et intervenants, qui en ressortent mobilis\u00e9s et confiants quant au potentiel de l\u2019intervention par la nature en milieu universitaire.<\/p>\n<p>Fort de ce bilan 2025, le projet Aventure Vert Soi se poursuit. Le recrutement est maintenant lanc\u00e9 pour trois nouvelles \u00e9ditions pr\u00e9vues en 2026. Les personnes int\u00e9ress\u00e9es sont invit\u00e9es \u00e0 <a href=\"https:\/\/www.uqac.ca\/reussite\/aventure-vert-soi\/\">consulter l\u2019information et \u00e0<\/a> <a href=\"https:\/\/www.uqac.ca\/reussite\/aventure-vert-soi\/\">manifester leur int\u00e9r\u00eat en ligne<\/a>.<\/p>\n<hr \/>\n<p><em>Le projet Aventure Vert Soi a pu voir le jour et se d\u00e9ployer en 2025 gr\u00e2ce au pr\u00e9cieux soutien financier du Centre intersectoriel en sant\u00e9 durable (CISD) de l\u2019UQAC, de la Fondation de l\u2019UQAC (FUQAC), du Programme de soutien au d\u00e9veloppement de la recherche et de la cr\u00e9ation (PSDRC) de l\u2019UQAC, ainsi que du Fonds de recherche, d\u2019innovation et de promotion de savoir (FRIPS) de la Facult\u00e9 de m\u00e9decine et des sciences de la sant\u00e9 de l\u2019Universit\u00e9 de Sherbrooke.<\/em><\/p>\n<hr \/>\n<p>&nbsp;<\/p>\n<div id='gallery-1' class='gallery galleryid-52953 gallery-columns-5 gallery-size-thumbnail'><figure class='gallery-item'>\n\t\t\t<div class='gallery-icon landscape'>\n\t\t\t\t<a href='https:\/\/www.uqac.ca\/uqactualites\/wp-content\/uploads\/2025\/12\/IMG_0495.jpg'><img loading=\"lazy\" decoding=\"async\" width=\"150\" height=\"150\" src=\"https:\/\/www.uqac.ca\/uqactualites\/wp-content\/uploads\/2025\/12\/IMG_0495-150x150.jpg\" class=\"attachment-thumbnail size-thumbnail\" alt=\"\" \/><\/a>\n\t\t\t<\/div><\/figure><figure class='gallery-item'>\n\t\t\t<div class='gallery-icon landscape'>\n\t\t\t\t<a href='https:\/\/www.uqac.ca\/uqactualites\/wp-content\/uploads\/2025\/12\/IMG_0835.jpg'><img loading=\"lazy\" decoding=\"async\" width=\"150\" height=\"150\" src=\"https:\/\/www.uqac.ca\/uqactualites\/wp-content\/uploads\/2025\/12\/IMG_0835-150x150.jpg\" class=\"attachment-thumbnail size-thumbnail\" alt=\"\" \/><\/a>\n\t\t\t<\/div><\/figure><figure class='gallery-item'>\n\t\t\t<div class='gallery-icon landscape'>\n\t\t\t\t<a href='https:\/\/www.uqac.ca\/uqactualites\/wp-content\/uploads\/2025\/12\/IMG_0532.jpg'><img loading=\"lazy\" decoding=\"async\" width=\"150\" height=\"150\" src=\"https:\/\/www.uqac.ca\/uqactualites\/wp-content\/uploads\/2025\/12\/IMG_0532-150x150.jpg\" class=\"attachment-thumbnail size-thumbnail\" alt=\"\" \/><\/a>\n\t\t\t<\/div><\/figure><figure class='gallery-item'>\n\t\t\t<div class='gallery-icon landscape'>\n\t\t\t\t<a href='https:\/\/www.uqac.ca\/uqactualites\/wp-content\/uploads\/2025\/12\/IMG_5686-scaled.jpg'><img loading=\"lazy\" decoding=\"async\" width=\"150\" height=\"150\" src=\"https:\/\/www.uqac.ca\/uqactualites\/wp-content\/uploads\/2025\/12\/IMG_5686-150x150.jpg\" class=\"attachment-thumbnail size-thumbnail\" alt=\"\" \/><\/a>\n\t\t\t<\/div><\/figure><figure class='gallery-item'>\n\t\t\t<div class='gallery-icon landscape'>\n\t\t\t\t<a href='https:\/\/www.uqac.ca\/uqactualites\/wp-content\/uploads\/2025\/12\/IMG_5704-1-scaled.jpg'><img loading=\"lazy\" decoding=\"async\" width=\"150\" height=\"150\" src=\"https:\/\/www.uqac.ca\/uqactualites\/wp-content\/uploads\/2025\/12\/IMG_5704-1-150x150.jpg\" class=\"attachment-thumbnail size-thumbnail\" alt=\"\" \/><\/a>\n\t\t\t<\/div><\/figure>\n\t\t<\/div>\n\n","protected":false},"excerpt":{"rendered":"<p>L\u2019ann\u00e9e 2025 aura \u00e9t\u00e9 une ann\u00e9e charni\u00e8re pour Aventure Vert Soi, marqu\u00e9e par une mobilisation soutenue de la communaut\u00e9 \u00e9tudiante et par des exp\u00e9riences profond\u00e9ment transformatrices. \u00c0 travers trois \u00e9ditions tenues au cours de l\u2019ann\u00e9e, le projet a rejoint 30 personnes \u00e9tudiantes, leur offrant un espace structurant pour prendre soin de leur sant\u00e9 mentale, renforcer [&hellip;]<\/p>\n","protected":false},"author":5,"featured_media":52954,"comment_status":"closed","ping_status":"open","sticky":false,"template":"","format":"standard","meta":{"footnotes":""},"categories":[2795,2,4],"tags":[343,1309,22,118,378,2265,345],"yoast_head":"<!-- This site is optimized with the Yoast SEO plugin v24.2 - https:\/\/yoast.com\/wordpress\/plugins\/seo\/ -->\r\n<title>Aventure Vert Soi : un bilan 2025 riche en retomb\u00e9es humaines et collectives - UQACtualit\u00e9s<\/title>\r\n<meta name=\"robots\" content=\"index, follow, max-snippet:-1, max-image-preview:large, max-video-preview:-1\" \/>\r\n<link rel=\"canonical\" href=\"https:\/\/www.uqac.ca\/uqactualites\/2025\/12\/15\/aventure-vert-soi-un-bilan-2025-riche-en-retombees-humaines-et-collectives\/\" \/>\r\n<meta property=\"og:locale\" content=\"fr_CA\" \/>\r\n<meta property=\"og:type\" content=\"article\" \/>\r\n<meta property=\"og:title\" content=\"Aventure Vert Soi : un bilan 2025 riche en retomb\u00e9es humaines et collectives - UQACtualit\u00e9s\" \/>\r\n<meta property=\"og:description\" content=\"L\u2019ann\u00e9e 2025 aura \u00e9t\u00e9 une ann\u00e9e charni\u00e8re pour Aventure Vert Soi, marqu\u00e9e par une mobilisation soutenue de la communaut\u00e9 \u00e9tudiante et par des exp\u00e9riences profond\u00e9ment transformatrices. \u00c0 travers trois \u00e9ditions tenues au cours de l\u2019ann\u00e9e, le projet a rejoint 30 personnes \u00e9tudiantes, leur offrant un espace structurant pour prendre soin de leur sant\u00e9 mentale, renforcer [&hellip;]\" \/>\r\n<meta property=\"og:url\" content=\"https:\/\/www.uqac.ca\/uqactualites\/2025\/12\/15\/aventure-vert-soi-un-bilan-2025-riche-en-retombees-humaines-et-collectives\/\" \/>\r\n<meta property=\"og:site_name\" content=\"UQACtualit\u00e9s\" \/>\r\n<meta property=\"article:published_time\" content=\"2025-12-15T19:38:16+00:00\" \/>\r\n<meta property=\"article:modified_time\" content=\"2025-12-17T15:12:52+00:00\" \/>\r\n<meta property=\"og:image\" content=\"https:\/\/www.uqac.ca\/uqactualites\/wp-content\/uploads\/2025\/12\/AVS01.jpg\" \/>\r\n\t<meta property=\"og:image:width\" content=\"1024\" \/>\r\n\t<meta property=\"og:image:height\" content=\"768\" \/>\r\n\t<meta property=\"og:image:type\" content=\"image\/jpeg\" \/>\r\n<meta name=\"author\" content=\"Service des communications et des relations publiques\" \/>\r\n<meta name=\"twitter:card\" content=\"summary_large_image\" \/>\r\n<meta name=\"twitter:label1\" content=\"\u00c9crit par\" \/>\n\t<meta name=\"twitter:data1\" content=\"Service des communications et des relations publiques\" \/>\n\t<meta name=\"twitter:label2\" content=\"Estimation du temps de lecture\" \/>\n\t<meta name=\"twitter:data2\" content=\"3 minutes\" \/>\r\n<script type=\"application\/ld+json\" class=\"yoast-schema-graph\">{\"@context\":\"https:\/\/schema.org\",\"@graph\":[{\"@type\":\"WebPage\",\"@id\":\"https:\/\/www.uqac.ca\/uqactualites\/2025\/12\/15\/aventure-vert-soi-un-bilan-2025-riche-en-retombees-humaines-et-collectives\/\",\"url\":\"https:\/\/www.uqac.ca\/uqactualites\/2025\/12\/15\/aventure-vert-soi-un-bilan-2025-riche-en-retombees-humaines-et-collectives\/\",\"name\":\"Aventure Vert Soi : un bilan 2025 riche en retomb\u00e9es humaines et collectives - UQACtualit\u00e9s\",\"isPartOf\":{\"@id\":\"https:\/\/www.uqac.ca\/uqactualites\/#website\"},\"primaryImageOfPage\":{\"@id\":\"https:\/\/www.uqac.ca\/uqactualites\/2025\/12\/15\/aventure-vert-soi-un-bilan-2025-riche-en-retombees-humaines-et-collectives\/#primaryimage\"},\"image\":{\"@id\":\"https:\/\/www.uqac.ca\/uqactualites\/2025\/12\/15\/aventure-vert-soi-un-bilan-2025-riche-en-retombees-humaines-et-collectives\/#primaryimage\"},\"thumbnailUrl\":\"https:\/\/www.uqac.ca\/uqactualites\/wp-content\/uploads\/2025\/12\/AVS01.jpg\",\"datePublished\":\"2025-12-15T19:38:16+00:00\",\"dateModified\":\"2025-12-17T15:12:52+00:00\",\"author\":{\"@id\":\"https:\/\/www.uqac.ca\/uqactualites\/#\/schema\/person\/366c45a0c4f0e677b41b4af5886e2018\"},\"breadcrumb\":{\"@id\":\"https:\/\/www.uqac.ca\/uqactualites\/2025\/12\/15\/aventure-vert-soi-un-bilan-2025-riche-en-retombees-humaines-et-collectives\/#breadcrumb\"},\"inLanguage\":\"fr-CA\",\"potentialAction\":[{\"@type\":\"ReadAction\",\"target\":[\"https:\/\/www.uqac.ca\/uqactualites\/2025\/12\/15\/aventure-vert-soi-un-bilan-2025-riche-en-retombees-humaines-et-collectives\/\"]}]},{\"@type\":\"ImageObject\",\"inLanguage\":\"fr-CA\",\"@id\":\"https:\/\/www.uqac.ca\/uqactualites\/2025\/12\/15\/aventure-vert-soi-un-bilan-2025-riche-en-retombees-humaines-et-collectives\/#primaryimage\",\"url\":\"https:\/\/www.uqac.ca\/uqactualites\/wp-content\/uploads\/2025\/12\/AVS01.jpg\",\"contentUrl\":\"https:\/\/www.uqac.ca\/uqactualites\/wp-content\/uploads\/2025\/12\/AVS01.jpg\",\"width\":1024,\"height\":768},{\"@type\":\"BreadcrumbList\",\"@id\":\"https:\/\/www.uqac.ca\/uqactualites\/2025\/12\/15\/aventure-vert-soi-un-bilan-2025-riche-en-retombees-humaines-et-collectives\/#breadcrumb\",\"itemListElement\":[{\"@type\":\"ListItem\",\"position\":1,\"name\":\"Home\",\"item\":\"https:\/\/www.uqac.ca\/uqactualites\/\"},{\"@type\":\"ListItem\",\"position\":2,\"name\":\"Aventure Vert Soi : un bilan 2025 riche en retomb\u00e9es humaines et collectives\"}]},{\"@type\":\"WebSite\",\"@id\":\"https:\/\/www.uqac.ca\/uqactualites\/#website\",\"url\":\"https:\/\/www.uqac.ca\/uqactualites\/\",\"name\":\"UQACtualit\u00e9s\",\"description\":\"Le portail des nouvelles de l&#039;UQAC\",\"potentialAction\":[{\"@type\":\"SearchAction\",\"target\":{\"@type\":\"EntryPoint\",\"urlTemplate\":\"https:\/\/www.uqac.ca\/uqactualites\/?s={search_term_string}\"},\"query-input\":{\"@type\":\"PropertyValueSpecification\",\"valueRequired\":true,\"valueName\":\"search_term_string\"}}],\"inLanguage\":\"fr-CA\"},{\"@type\":\"Person\",\"@id\":\"https:\/\/www.uqac.ca\/uqactualites\/#\/schema\/person\/366c45a0c4f0e677b41b4af5886e2018\",\"name\":\"Service des communications et des relations publiques\",\"image\":{\"@type\":\"ImageObject\",\"inLanguage\":\"fr-CA\",\"@id\":\"https:\/\/www.uqac.ca\/uqactualites\/#\/schema\/person\/image\/\",\"url\":\"https:\/\/secure.gravatar.com\/avatar\/20fbbda8a292f59f2d3461a5b999c00b?s=96&d=mm&r=g\",\"contentUrl\":\"https:\/\/secure.gravatar.com\/avatar\/20fbbda8a292f59f2d3461a5b999c00b?s=96&d=mm&r=g\",\"caption\":\"Service des communications et des relations publiques\"},\"url\":\"https:\/\/www.uqac.ca\/uqactualites\/author\/bap\/\"}]}<\/script>\r\n<!-- \/ Yoast SEO plugin. -->","yoast_head_json":{"title":"Aventure Vert Soi : un bilan 2025 riche en retomb\u00e9es humaines et collectives - UQACtualit\u00e9s","robots":{"index":"index","follow":"follow","max-snippet":"max-snippet:-1","max-image-preview":"max-image-preview:large","max-video-preview":"max-video-preview:-1"},"canonical":"https:\/\/www.uqac.ca\/uqactualites\/2025\/12\/15\/aventure-vert-soi-un-bilan-2025-riche-en-retombees-humaines-et-collectives\/","og_locale":"fr_CA","og_type":"article","og_title":"Aventure Vert Soi : un bilan 2025 riche en retomb\u00e9es humaines et collectives - UQACtualit\u00e9s","og_description":"L\u2019ann\u00e9e 2025 aura \u00e9t\u00e9 une ann\u00e9e charni\u00e8re pour Aventure Vert Soi, marqu\u00e9e par une mobilisation soutenue de la communaut\u00e9 \u00e9tudiante et par des exp\u00e9riences profond\u00e9ment transformatrices. \u00c0 travers trois \u00e9ditions tenues au cours de l\u2019ann\u00e9e, le projet a rejoint 30 personnes \u00e9tudiantes, leur offrant un espace structurant pour prendre soin de leur sant\u00e9 mentale, renforcer [&hellip;]","og_url":"https:\/\/www.uqac.ca\/uqactualites\/2025\/12\/15\/aventure-vert-soi-un-bilan-2025-riche-en-retombees-humaines-et-collectives\/","og_site_name":"UQACtualit\u00e9s","article_published_time":"2025-12-15T19:38:16+00:00","article_modified_time":"2025-12-17T15:12:52+00:00","og_image":[{"width":1024,"height":768,"url":"https:\/\/www.uqac.ca\/uqactualites\/wp-content\/uploads\/2025\/12\/AVS01.jpg","type":"image\/jpeg"}],"author":"Service des communications et des relations publiques","twitter_card":"summary_large_image","twitter_misc":{"\u00c9crit par":"Service des communications et des relations publiques","Estimation du temps de lecture":"3 minutes"},"schema":{"@context":"https:\/\/schema.org","@graph":[{"@type":"WebPage","@id":"https:\/\/www.uqac.ca\/uqactualites\/2025\/12\/15\/aventure-vert-soi-un-bilan-2025-riche-en-retombees-humaines-et-collectives\/","url":"https:\/\/www.uqac.ca\/uqactualites\/2025\/12\/15\/aventure-vert-soi-un-bilan-2025-riche-en-retombees-humaines-et-collectives\/","name":"Aventure Vert Soi : un bilan 2025 riche en retomb\u00e9es humaines et collectives - UQACtualit\u00e9s","isPartOf":{"@id":"https:\/\/www.uqac.ca\/uqactualites\/#website"},"primaryImageOfPage":{"@id":"https:\/\/www.uqac.ca\/uqactualites\/2025\/12\/15\/aventure-vert-soi-un-bilan-2025-riche-en-retombees-humaines-et-collectives\/#primaryimage"},"image":{"@id":"https:\/\/www.uqac.ca\/uqactualites\/2025\/12\/15\/aventure-vert-soi-un-bilan-2025-riche-en-retombees-humaines-et-collectives\/#primaryimage"},"thumbnailUrl":"https:\/\/www.uqac.ca\/uqactualites\/wp-content\/uploads\/2025\/12\/AVS01.jpg","datePublished":"2025-12-15T19:38:16+00:00","dateModified":"2025-12-17T15:12:52+00:00","author":{"@id":"https:\/\/www.uqac.ca\/uqactualites\/#\/schema\/person\/366c45a0c4f0e677b41b4af5886e2018"},"breadcrumb":{"@id":"https:\/\/www.uqac.ca\/uqactualites\/2025\/12\/15\/aventure-vert-soi-un-bilan-2025-riche-en-retombees-humaines-et-collectives\/#breadcrumb"},"inLanguage":"fr-CA","potentialAction":[{"@type":"ReadAction","target":["https:\/\/www.uqac.ca\/uqactualites\/2025\/12\/15\/aventure-vert-soi-un-bilan-2025-riche-en-retombees-humaines-et-collectives\/"]}]},{"@type":"ImageObject","inLanguage":"fr-CA","@id":"https:\/\/www.uqac.ca\/uqactualites\/2025\/12\/15\/aventure-vert-soi-un-bilan-2025-riche-en-retombees-humaines-et-collectives\/#primaryimage","url":"https:\/\/www.uqac.ca\/uqactualites\/wp-content\/uploads\/2025\/12\/AVS01.jpg","contentUrl":"https:\/\/www.uqac.ca\/uqactualites\/wp-content\/uploads\/2025\/12\/AVS01.jpg","width":1024,"height":768},{"@type":"BreadcrumbList","@id":"https:\/\/www.uqac.ca\/uqactualites\/2025\/12\/15\/aventure-vert-soi-un-bilan-2025-riche-en-retombees-humaines-et-collectives\/#breadcrumb","itemListElement":[{"@type":"ListItem","position":1,"name":"Home","item":"https:\/\/www.uqac.ca\/uqactualites\/"},{"@type":"ListItem","position":2,"name":"Aventure Vert Soi : un bilan 2025 riche en retomb\u00e9es humaines et collectives"}]},{"@type":"WebSite","@id":"https:\/\/www.uqac.ca\/uqactualites\/#website","url":"https:\/\/www.uqac.ca\/uqactualites\/","name":"UQACtualit\u00e9s","description":"Le portail des nouvelles de l&#039;UQAC","potentialAction":[{"@type":"SearchAction","target":{"@type":"EntryPoint","urlTemplate":"https:\/\/www.uqac.ca\/uqactualites\/?s={search_term_string}"},"query-input":{"@type":"PropertyValueSpecification","valueRequired":true,"valueName":"search_term_string"}}],"inLanguage":"fr-CA"},{"@type":"Person","@id":"https:\/\/www.uqac.ca\/uqactualites\/#\/schema\/person\/366c45a0c4f0e677b41b4af5886e2018","name":"Service des communications et des relations publiques","image":{"@type":"ImageObject","inLanguage":"fr-CA","@id":"https:\/\/www.uqac.ca\/uqactualites\/#\/schema\/person\/image\/","url":"https:\/\/secure.gravatar.com\/avatar\/20fbbda8a292f59f2d3461a5b999c00b?s=96&d=mm&r=g","contentUrl":"https:\/\/secure.gravatar.com\/avatar\/20fbbda8a292f59f2d3461a5b999c00b?s=96&d=mm&r=g","caption":"Service des communications et des relations publiques"},"url":"https:\/\/www.uqac.ca\/uqactualites\/author\/bap\/"}]}},"_links":{"self":[{"href":"https:\/\/www.uqac.ca\/uqactualites\/wp-json\/wp\/v2\/posts\/52953"}],"collection":[{"href":"https:\/\/www.uqac.ca\/uqactualites\/wp-json\/wp\/v2\/posts"}],"about":[{"href":"https:\/\/www.uqac.ca\/uqactualites\/wp-json\/wp\/v2\/types\/post"}],"author":[{"embeddable":true,"href":"https:\/\/www.uqac.ca\/uqactualites\/wp-json\/wp\/v2\/users\/5"}],"replies":[{"embeddable":true,"href":"https:\/\/www.uqac.ca\/uqactualites\/wp-json\/wp\/v2\/comments?post=52953"}],"version-history":[{"count":8,"href":"https:\/\/www.uqac.ca\/uqactualites\/wp-json\/wp\/v2\/posts\/52953\/revisions"}],"predecessor-version":[{"id":52980,"href":"https:\/\/www.uqac.ca\/uqactualites\/wp-json\/wp\/v2\/posts\/52953\/revisions\/52980"}],"wp:featuredmedia":[{"embeddable":true,"href":"https:\/\/www.uqac.ca\/uqactualites\/wp-json\/wp\/v2\/media\/52954"}],"wp:attachment":[{"href":"https:\/\/www.uqac.ca\/uqactualites\/wp-json\/wp\/v2\/media?parent=52953"}],"wp:term":[{"taxonomy":"category","embeddable":true,"href":"https:\/\/www.uqac.ca\/uqactualites\/wp-json\/wp\/v2\/categories?post=52953"},{"taxonomy":"post_tag","embeddable":true,"href":"https:\/\/www.uqac.ca\/uqactualites\/wp-json\/wp\/v2\/tags?post=52953"}],"curies":[{"name":"wp","href":"https:\/\/api.w.org\/{rel}","templated":true}]}}