{"id":52981,"date":"2025-12-16T10:46:17","date_gmt":"2025-12-16T15:46:17","guid":{"rendered":"https:\/\/www.uqac.ca\/uqactualites\/?p=52981"},"modified":"2025-12-16T11:06:22","modified_gmt":"2025-12-16T16:06:22","slug":"projet-inedit-de-mobilisation-de-savoirs-realites-et-perspectives-autochtones-dans-la-formation-en-education-psychoeducation-et-travail-social-activite-de-transfert","status":"publish","type":"post","link":"https:\/\/www.uqac.ca\/uqactualites\/2025\/12\/16\/projet-inedit-de-mobilisation-de-savoirs-realites-et-perspectives-autochtones-dans-la-formation-en-education-psychoeducation-et-travail-social-activite-de-transfert\/","title":{"rendered":"Projet in\u00e9dit de mobilisation de savoirs, r\u00e9alit\u00e9s et perspectives autochtones dans la formation en \u00e9ducation, psycho\u00e9ducation et travail social : activit\u00e9 de transfert"},"content":{"rendered":"<p>Le 5 d\u00e9cembre dernier avait lieu l\u2019activit\u00e9 de transfert du projet in\u00e9dit de mobilisation de savoirs, r\u00e9alit\u00e9s et perspectives autochtones dans la formation. Cet \u00e9v\u00e9nement r\u00e9unissait des partenaires des Premiers Peuples, du Conseil en \u00c9ducation des Premi\u00e8res Nations, de l\u2019Institut Tshakapesh, ainsi que des membres du personnel de gestion, de coordination, d\u2019enseignement et de soutien p\u00e9dagogique de l\u2019UQAC, de l\u2019UQTR et de l\u2019UQAT.<\/p>\n<p>Sous la responsabilit\u00e9 partag\u00e9e de\u00a0<a href=\"https:\/\/portfolio.uqac.ca\/christinecouture\/\" target=\"_blank\" rel=\"noopener\">Christine Couture<\/a> et Danielle Rousselot (UQAC); Julie Rock et \u00c9milie H\u00e9bert-Houle (UQTR) ainsi que Glorya Pellerin et Sammy Kistabish (UQAT); une approche pouvant s\u2019int\u00e9grer \u00e0 diff\u00e9rents programmes de formation a \u00e9t\u00e9 d\u00e9velopp\u00e9e, \u00e0 partir des dimensions de la comp\u00e9tence 15 (CEPN, Institut Tshakapesh, CFMD Huron-Wendat, 2021), avec la collaboration de la Bo\u00eete Rouge Vif.<\/p>\n<p>Cette approche vise \u00e0 former des professionnels et professionnelles aptes \u00e0 accompagner les \u00e9l\u00e8ves et les familles des Premiers Peuples et \u00e0 valoriser les perspectives autochtones; et des personnes issues des Premiers Peuples fi\u00e8res de transmettre leur langue, leur culture, leurs savoirs et leurs modes de vie et d\u2019apprentissage. Les ressources pour les cours d\u00e9velopp\u00e9es dans ce projet seront disponibles sur une plateforme Web en mars 2026. Tous les membres du corps enseignant qui souhaitent contribuer \u00e0 la valorisation des savoirs, r\u00e9alit\u00e9s et perspectives autochtones pourront s\u2019en inspirer.<\/p>\n<p>L&rsquo;activit\u00e9 a b\u00e9n\u00e9fici\u00e9 d&rsquo;un soutien financier du minist\u00e8re de l\u2019Enseignement sup\u00e9rieur.<\/p>\n","protected":false},"excerpt":{"rendered":"<p>Le 5 d\u00e9cembre dernier avait lieu l\u2019activit\u00e9 de transfert du projet in\u00e9dit de mobilisation de savoirs, r\u00e9alit\u00e9s et perspectives autochtones dans la formation. Cet \u00e9v\u00e9nement r\u00e9unissait des partenaires des Premiers Peuples, du Conseil en \u00c9ducation des Premi\u00e8res Nations, de l\u2019Institut Tshakapesh, ainsi que des membres du personnel de gestion, de coordination, d\u2019enseignement et de soutien [&hellip;]<\/p>\n","protected":false},"author":5,"featured_media":52982,"comment_status":"closed","ping_status":"open","sticky":false,"template":"","format":"standard","meta":{"footnotes":""},"categories":[2,61],"tags":[3013,5,151],"yoast_head":"<!-- This site is optimized with the Yoast SEO plugin v24.2 - https:\/\/yoast.com\/wordpress\/plugins\/seo\/ -->\r\n<title>Projet in\u00e9dit de mobilisation de savoirs, r\u00e9alit\u00e9s et perspectives autochtones dans la formation en \u00e9ducation, psycho\u00e9ducation et travail social : activit\u00e9 de transfert - UQACtualit\u00e9s<\/title>\r\n<meta name=\"robots\" content=\"index, follow, max-snippet:-1, max-image-preview:large, max-video-preview:-1\" \/>\r\n<link rel=\"canonical\" href=\"https:\/\/www.uqac.ca\/uqactualites\/2025\/12\/16\/projet-inedit-de-mobilisation-de-savoirs-realites-et-perspectives-autochtones-dans-la-formation-en-education-psychoeducation-et-travail-social-activite-de-transfert\/\" \/>\r\n<meta property=\"og:locale\" content=\"fr_CA\" \/>\r\n<meta property=\"og:type\" content=\"article\" \/>\r\n<meta property=\"og:title\" content=\"Projet in\u00e9dit de mobilisation de savoirs, r\u00e9alit\u00e9s et perspectives autochtones dans la formation en \u00e9ducation, psycho\u00e9ducation et travail social : activit\u00e9 de transfert - UQACtualit\u00e9s\" \/>\r\n<meta property=\"og:description\" content=\"Le 5 d\u00e9cembre dernier avait lieu l\u2019activit\u00e9 de transfert du projet in\u00e9dit de mobilisation de savoirs, r\u00e9alit\u00e9s et perspectives autochtones dans la formation. Cet \u00e9v\u00e9nement r\u00e9unissait des partenaires des Premiers Peuples, du Conseil en \u00c9ducation des Premi\u00e8res Nations, de l\u2019Institut Tshakapesh, ainsi que des membres du personnel de gestion, de coordination, d\u2019enseignement et de soutien [&hellip;]\" \/>\r\n<meta property=\"og:url\" content=\"https:\/\/www.uqac.ca\/uqactualites\/2025\/12\/16\/projet-inedit-de-mobilisation-de-savoirs-realites-et-perspectives-autochtones-dans-la-formation-en-education-psychoeducation-et-travail-social-activite-de-transfert\/\" \/>\r\n<meta property=\"og:site_name\" content=\"UQACtualit\u00e9s\" \/>\r\n<meta property=\"article:published_time\" content=\"2025-12-16T15:46:17+00:00\" \/>\r\n<meta property=\"article:modified_time\" content=\"2025-12-16T16:06:22+00:00\" \/>\r\n<meta property=\"og:image\" content=\"https:\/\/www.uqac.ca\/uqactualites\/wp-content\/uploads\/2025\/12\/Image11111.jpg\" \/>\r\n\t<meta property=\"og:image:width\" content=\"576\" \/>\r\n\t<meta property=\"og:image:height\" content=\"384\" \/>\r\n\t<meta property=\"og:image:type\" content=\"image\/jpeg\" \/>\r\n<meta name=\"author\" content=\"Service des communications et des relations publiques\" \/>\r\n<meta name=\"twitter:card\" content=\"summary_large_image\" \/>\r\n<meta name=\"twitter:label1\" content=\"\u00c9crit par\" \/>\n\t<meta name=\"twitter:data1\" content=\"Service des communications et des relations publiques\" \/>\n\t<meta name=\"twitter:label2\" content=\"Estimation du temps de lecture\" \/>\n\t<meta name=\"twitter:data2\" content=\"2 minutes\" \/>\r\n<script type=\"application\/ld+json\" class=\"yoast-schema-graph\">{\"@context\":\"https:\/\/schema.org\",\"@graph\":[{\"@type\":\"WebPage\",\"@id\":\"https:\/\/www.uqac.ca\/uqactualites\/2025\/12\/16\/projet-inedit-de-mobilisation-de-savoirs-realites-et-perspectives-autochtones-dans-la-formation-en-education-psychoeducation-et-travail-social-activite-de-transfert\/\",\"url\":\"https:\/\/www.uqac.ca\/uqactualites\/2025\/12\/16\/projet-inedit-de-mobilisation-de-savoirs-realites-et-perspectives-autochtones-dans-la-formation-en-education-psychoeducation-et-travail-social-activite-de-transfert\/\",\"name\":\"Projet in\u00e9dit de mobilisation de savoirs, r\u00e9alit\u00e9s et perspectives autochtones dans la formation en \u00e9ducation, psycho\u00e9ducation et travail social : activit\u00e9 de transfert - UQACtualit\u00e9s\",\"isPartOf\":{\"@id\":\"https:\/\/www.uqac.ca\/uqactualites\/#website\"},\"primaryImageOfPage\":{\"@id\":\"https:\/\/www.uqac.ca\/uqactualites\/2025\/12\/16\/projet-inedit-de-mobilisation-de-savoirs-realites-et-perspectives-autochtones-dans-la-formation-en-education-psychoeducation-et-travail-social-activite-de-transfert\/#primaryimage\"},\"image\":{\"@id\":\"https:\/\/www.uqac.ca\/uqactualites\/2025\/12\/16\/projet-inedit-de-mobilisation-de-savoirs-realites-et-perspectives-autochtones-dans-la-formation-en-education-psychoeducation-et-travail-social-activite-de-transfert\/#primaryimage\"},\"thumbnailUrl\":\"https:\/\/www.uqac.ca\/uqactualites\/wp-content\/uploads\/2025\/12\/Image11111.jpg\",\"datePublished\":\"2025-12-16T15:46:17+00:00\",\"dateModified\":\"2025-12-16T16:06:22+00:00\",\"author\":{\"@id\":\"https:\/\/www.uqac.ca\/uqactualites\/#\/schema\/person\/366c45a0c4f0e677b41b4af5886e2018\"},\"breadcrumb\":{\"@id\":\"https:\/\/www.uqac.ca\/uqactualites\/2025\/12\/16\/projet-inedit-de-mobilisation-de-savoirs-realites-et-perspectives-autochtones-dans-la-formation-en-education-psychoeducation-et-travail-social-activite-de-transfert\/#breadcrumb\"},\"inLanguage\":\"fr-CA\",\"potentialAction\":[{\"@type\":\"ReadAction\",\"target\":[\"https:\/\/www.uqac.ca\/uqactualites\/2025\/12\/16\/projet-inedit-de-mobilisation-de-savoirs-realites-et-perspectives-autochtones-dans-la-formation-en-education-psychoeducation-et-travail-social-activite-de-transfert\/\"]}]},{\"@type\":\"ImageObject\",\"inLanguage\":\"fr-CA\",\"@id\":\"https:\/\/www.uqac.ca\/uqactualites\/2025\/12\/16\/projet-inedit-de-mobilisation-de-savoirs-realites-et-perspectives-autochtones-dans-la-formation-en-education-psychoeducation-et-travail-social-activite-de-transfert\/#primaryimage\",\"url\":\"https:\/\/www.uqac.ca\/uqactualites\/wp-content\/uploads\/2025\/12\/Image11111.jpg\",\"contentUrl\":\"https:\/\/www.uqac.ca\/uqactualites\/wp-content\/uploads\/2025\/12\/Image11111.jpg\",\"width\":576,\"height\":384},{\"@type\":\"BreadcrumbList\",\"@id\":\"https:\/\/www.uqac.ca\/uqactualites\/2025\/12\/16\/projet-inedit-de-mobilisation-de-savoirs-realites-et-perspectives-autochtones-dans-la-formation-en-education-psychoeducation-et-travail-social-activite-de-transfert\/#breadcrumb\",\"itemListElement\":[{\"@type\":\"ListItem\",\"position\":1,\"name\":\"Home\",\"item\":\"https:\/\/www.uqac.ca\/uqactualites\/\"},{\"@type\":\"ListItem\",\"position\":2,\"name\":\"Projet in\u00e9dit de mobilisation de savoirs, r\u00e9alit\u00e9s et perspectives autochtones dans la formation en \u00e9ducation, psycho\u00e9ducation et travail social : activit\u00e9 de transfert\"}]},{\"@type\":\"WebSite\",\"@id\":\"https:\/\/www.uqac.ca\/uqactualites\/#website\",\"url\":\"https:\/\/www.uqac.ca\/uqactualites\/\",\"name\":\"UQACtualit\u00e9s\",\"description\":\"Le portail des nouvelles de l&#039;UQAC\",\"potentialAction\":[{\"@type\":\"SearchAction\",\"target\":{\"@type\":\"EntryPoint\",\"urlTemplate\":\"https:\/\/www.uqac.ca\/uqactualites\/?s={search_term_string}\"},\"query-input\":{\"@type\":\"PropertyValueSpecification\",\"valueRequired\":true,\"valueName\":\"search_term_string\"}}],\"inLanguage\":\"fr-CA\"},{\"@type\":\"Person\",\"@id\":\"https:\/\/www.uqac.ca\/uqactualites\/#\/schema\/person\/366c45a0c4f0e677b41b4af5886e2018\",\"name\":\"Service des communications et des relations publiques\",\"image\":{\"@type\":\"ImageObject\",\"inLanguage\":\"fr-CA\",\"@id\":\"https:\/\/www.uqac.ca\/uqactualites\/#\/schema\/person\/image\/\",\"url\":\"https:\/\/secure.gravatar.com\/avatar\/20fbbda8a292f59f2d3461a5b999c00b?s=96&d=mm&r=g\",\"contentUrl\":\"https:\/\/secure.gravatar.com\/avatar\/20fbbda8a292f59f2d3461a5b999c00b?s=96&d=mm&r=g\",\"caption\":\"Service des communications et des relations publiques\"},\"url\":\"https:\/\/www.uqac.ca\/uqactualites\/author\/bap\/\"}]}<\/script>\r\n<!-- \/ Yoast SEO plugin. -->","yoast_head_json":{"title":"Projet in\u00e9dit de mobilisation de savoirs, r\u00e9alit\u00e9s et perspectives autochtones dans la formation en \u00e9ducation, psycho\u00e9ducation et travail social : activit\u00e9 de transfert - UQACtualit\u00e9s","robots":{"index":"index","follow":"follow","max-snippet":"max-snippet:-1","max-image-preview":"max-image-preview:large","max-video-preview":"max-video-preview:-1"},"canonical":"https:\/\/www.uqac.ca\/uqactualites\/2025\/12\/16\/projet-inedit-de-mobilisation-de-savoirs-realites-et-perspectives-autochtones-dans-la-formation-en-education-psychoeducation-et-travail-social-activite-de-transfert\/","og_locale":"fr_CA","og_type":"article","og_title":"Projet in\u00e9dit de mobilisation de savoirs, r\u00e9alit\u00e9s et perspectives autochtones dans la formation en \u00e9ducation, psycho\u00e9ducation et travail social : activit\u00e9 de transfert - UQACtualit\u00e9s","og_description":"Le 5 d\u00e9cembre dernier avait lieu l\u2019activit\u00e9 de transfert du projet in\u00e9dit de mobilisation de savoirs, r\u00e9alit\u00e9s et perspectives autochtones dans la formation. Cet \u00e9v\u00e9nement r\u00e9unissait des partenaires des Premiers Peuples, du Conseil en \u00c9ducation des Premi\u00e8res Nations, de l\u2019Institut Tshakapesh, ainsi que des membres du personnel de gestion, de coordination, d\u2019enseignement et de soutien [&hellip;]","og_url":"https:\/\/www.uqac.ca\/uqactualites\/2025\/12\/16\/projet-inedit-de-mobilisation-de-savoirs-realites-et-perspectives-autochtones-dans-la-formation-en-education-psychoeducation-et-travail-social-activite-de-transfert\/","og_site_name":"UQACtualit\u00e9s","article_published_time":"2025-12-16T15:46:17+00:00","article_modified_time":"2025-12-16T16:06:22+00:00","og_image":[{"width":576,"height":384,"url":"https:\/\/www.uqac.ca\/uqactualites\/wp-content\/uploads\/2025\/12\/Image11111.jpg","type":"image\/jpeg"}],"author":"Service des communications et des relations publiques","twitter_card":"summary_large_image","twitter_misc":{"\u00c9crit par":"Service des communications et des relations publiques","Estimation du temps de lecture":"2 minutes"},"schema":{"@context":"https:\/\/schema.org","@graph":[{"@type":"WebPage","@id":"https:\/\/www.uqac.ca\/uqactualites\/2025\/12\/16\/projet-inedit-de-mobilisation-de-savoirs-realites-et-perspectives-autochtones-dans-la-formation-en-education-psychoeducation-et-travail-social-activite-de-transfert\/","url":"https:\/\/www.uqac.ca\/uqactualites\/2025\/12\/16\/projet-inedit-de-mobilisation-de-savoirs-realites-et-perspectives-autochtones-dans-la-formation-en-education-psychoeducation-et-travail-social-activite-de-transfert\/","name":"Projet in\u00e9dit de mobilisation de savoirs, r\u00e9alit\u00e9s et perspectives autochtones dans la formation en \u00e9ducation, psycho\u00e9ducation et travail social : activit\u00e9 de transfert - UQACtualit\u00e9s","isPartOf":{"@id":"https:\/\/www.uqac.ca\/uqactualites\/#website"},"primaryImageOfPage":{"@id":"https:\/\/www.uqac.ca\/uqactualites\/2025\/12\/16\/projet-inedit-de-mobilisation-de-savoirs-realites-et-perspectives-autochtones-dans-la-formation-en-education-psychoeducation-et-travail-social-activite-de-transfert\/#primaryimage"},"image":{"@id":"https:\/\/www.uqac.ca\/uqactualites\/2025\/12\/16\/projet-inedit-de-mobilisation-de-savoirs-realites-et-perspectives-autochtones-dans-la-formation-en-education-psychoeducation-et-travail-social-activite-de-transfert\/#primaryimage"},"thumbnailUrl":"https:\/\/www.uqac.ca\/uqactualites\/wp-content\/uploads\/2025\/12\/Image11111.jpg","datePublished":"2025-12-16T15:46:17+00:00","dateModified":"2025-12-16T16:06:22+00:00","author":{"@id":"https:\/\/www.uqac.ca\/uqactualites\/#\/schema\/person\/366c45a0c4f0e677b41b4af5886e2018"},"breadcrumb":{"@id":"https:\/\/www.uqac.ca\/uqactualites\/2025\/12\/16\/projet-inedit-de-mobilisation-de-savoirs-realites-et-perspectives-autochtones-dans-la-formation-en-education-psychoeducation-et-travail-social-activite-de-transfert\/#breadcrumb"},"inLanguage":"fr-CA","potentialAction":[{"@type":"ReadAction","target":["https:\/\/www.uqac.ca\/uqactualites\/2025\/12\/16\/projet-inedit-de-mobilisation-de-savoirs-realites-et-perspectives-autochtones-dans-la-formation-en-education-psychoeducation-et-travail-social-activite-de-transfert\/"]}]},{"@type":"ImageObject","inLanguage":"fr-CA","@id":"https:\/\/www.uqac.ca\/uqactualites\/2025\/12\/16\/projet-inedit-de-mobilisation-de-savoirs-realites-et-perspectives-autochtones-dans-la-formation-en-education-psychoeducation-et-travail-social-activite-de-transfert\/#primaryimage","url":"https:\/\/www.uqac.ca\/uqactualites\/wp-content\/uploads\/2025\/12\/Image11111.jpg","contentUrl":"https:\/\/www.uqac.ca\/uqactualites\/wp-content\/uploads\/2025\/12\/Image11111.jpg","width":576,"height":384},{"@type":"BreadcrumbList","@id":"https:\/\/www.uqac.ca\/uqactualites\/2025\/12\/16\/projet-inedit-de-mobilisation-de-savoirs-realites-et-perspectives-autochtones-dans-la-formation-en-education-psychoeducation-et-travail-social-activite-de-transfert\/#breadcrumb","itemListElement":[{"@type":"ListItem","position":1,"name":"Home","item":"https:\/\/www.uqac.ca\/uqactualites\/"},{"@type":"ListItem","position":2,"name":"Projet in\u00e9dit de mobilisation de savoirs, r\u00e9alit\u00e9s et perspectives autochtones dans la formation en \u00e9ducation, psycho\u00e9ducation et travail social : activit\u00e9 de transfert"}]},{"@type":"WebSite","@id":"https:\/\/www.uqac.ca\/uqactualites\/#website","url":"https:\/\/www.uqac.ca\/uqactualites\/","name":"UQACtualit\u00e9s","description":"Le portail des nouvelles de l&#039;UQAC","potentialAction":[{"@type":"SearchAction","target":{"@type":"EntryPoint","urlTemplate":"https:\/\/www.uqac.ca\/uqactualites\/?s={search_term_string}"},"query-input":{"@type":"PropertyValueSpecification","valueRequired":true,"valueName":"search_term_string"}}],"inLanguage":"fr-CA"},{"@type":"Person","@id":"https:\/\/www.uqac.ca\/uqactualites\/#\/schema\/person\/366c45a0c4f0e677b41b4af5886e2018","name":"Service des communications et des relations publiques","image":{"@type":"ImageObject","inLanguage":"fr-CA","@id":"https:\/\/www.uqac.ca\/uqactualites\/#\/schema\/person\/image\/","url":"https:\/\/secure.gravatar.com\/avatar\/20fbbda8a292f59f2d3461a5b999c00b?s=96&d=mm&r=g","contentUrl":"https:\/\/secure.gravatar.com\/avatar\/20fbbda8a292f59f2d3461a5b999c00b?s=96&d=mm&r=g","caption":"Service des communications et des relations publiques"},"url":"https:\/\/www.uqac.ca\/uqactualites\/author\/bap\/"}]}},"_links":{"self":[{"href":"https:\/\/www.uqac.ca\/uqactualites\/wp-json\/wp\/v2\/posts\/52981"}],"collection":[{"href":"https:\/\/www.uqac.ca\/uqactualites\/wp-json\/wp\/v2\/posts"}],"about":[{"href":"https:\/\/www.uqac.ca\/uqactualites\/wp-json\/wp\/v2\/types\/post"}],"author":[{"embeddable":true,"href":"https:\/\/www.uqac.ca\/uqactualites\/wp-json\/wp\/v2\/users\/5"}],"replies":[{"embeddable":true,"href":"https:\/\/www.uqac.ca\/uqactualites\/wp-json\/wp\/v2\/comments?post=52981"}],"version-history":[{"count":3,"href":"https:\/\/www.uqac.ca\/uqactualites\/wp-json\/wp\/v2\/posts\/52981\/revisions"}],"predecessor-version":[{"id":52985,"href":"https:\/\/www.uqac.ca\/uqactualites\/wp-json\/wp\/v2\/posts\/52981\/revisions\/52985"}],"wp:featuredmedia":[{"embeddable":true,"href":"https:\/\/www.uqac.ca\/uqactualites\/wp-json\/wp\/v2\/media\/52982"}],"wp:attachment":[{"href":"https:\/\/www.uqac.ca\/uqactualites\/wp-json\/wp\/v2\/media?parent=52981"}],"wp:term":[{"taxonomy":"category","embeddable":true,"href":"https:\/\/www.uqac.ca\/uqactualites\/wp-json\/wp\/v2\/categories?post=52981"},{"taxonomy":"post_tag","embeddable":true,"href":"https:\/\/www.uqac.ca\/uqactualites\/wp-json\/wp\/v2\/tags?post=52981"}],"curies":[{"name":"wp","href":"https:\/\/api.w.org\/{rel}","templated":true}]}}