{"id":53090,"date":"2026-01-15T15:29:27","date_gmt":"2026-01-15T20:29:27","guid":{"rendered":"https:\/\/www.uqac.ca\/uqactualites\/?p=53090"},"modified":"2026-01-16T14:25:36","modified_gmt":"2026-01-16T19:25:36","slug":"nouveau-financement-pour-un-projet-dedie-a-la-sante-mentale-etudiante-en-enseignement-superieur","status":"publish","type":"post","link":"https:\/\/www.uqac.ca\/uqactualites\/2026\/01\/15\/nouveau-financement-pour-un-projet-dedie-a-la-sante-mentale-etudiante-en-enseignement-superieur\/","title":{"rendered":"Nouveau financement pour un projet d\u00e9di\u00e9 \u00e0 la sant\u00e9 mentale \u00e9tudiante en enseignement sup\u00e9rieur"},"content":{"rendered":"<p>Un collectif \u00e9tudiant inter\u00e9tablissements, dont fait partie la coresponsable d\u2019axe Genevi\u00e8ve Gauthier, candidate au doctorat sur mesure en sciences sociales\u00a0de l\u2019UQAC, a obtenu un financement de 5 000$ pour r\u00e9aliser un projet intitul\u00e9 \u00ab\u00a0<em>S\u2019engager pour la sant\u00e9 mentale \u00e9tudiante en enseignement sup\u00e9rieur : un projet de recherche men\u00e9 par un collectif \u00e9tudiant de l\u2019OSM\u00c9ES dans une approche par et pour les personnes \u00e9tudiantes\u00a0\u00bb<\/em>.<\/p>\n<p>Cet octroi provient du fonds de d\u00e9marrage de <a href=\"https:\/\/osmees.ca\/\" target=\"_blank\" rel=\"noopener\">l\u2019Observatoire sur la sant\u00e9 mentale \u00e9tudiante en enseignement sup\u00e9rieur (OSM\u00c9ES)<\/a>, qui organise des concours bisannuels ouverts aux axes qui souhaitent r\u00e9aliser un projet sur la sant\u00e9 mentale \u00e9tudiante en enseignement sup\u00e9rieur en coh\u00e9rence avec la mission et les valeurs de l\u2019OSM\u00c9ES.<\/p>\n<p>Sous la supervision de la professeure <a href=\"https:\/\/portfolio.uqac.ca\/christianebergeronleclerc\/\" target=\"_blank\" rel=\"noopener\">Christiane Bergeron-Leclerc<\/a> et la participation d\u2019un collectif de recherche qui inclut le professeur <a href=\"https:\/\/portfolio.uqac.ca\/jacquescherblanc\" target=\"_blank\" rel=\"noopener\">Jacques Cherblanc<\/a>, cette initiative propose une structure innovante, o\u00f9 le collectif \u00e9tudiant est porteur du projet, avec le soutien de personnes chercheuses impliqu\u00e9es au sein de l\u2019axe <em>M3 \u2013 Formation et implication des personnes \u00e9tudiantes<\/em>.<\/p>\n<p>Le projet vise \u00e0 comprendre les dynamiques d\u2019engagement des personnes \u00e9tudiantes dans les initiatives de sant\u00e9 mentale \u00e9tudiante. Les r\u00e9sultats offriront aux milieux coll\u00e9giaux et universitaires des donn\u00e9es sur les facteurs facilitants et les obstacles de l\u2019engagement \u00e9tudiant, permettant de d\u00e9gager des pistes d\u2019action concr\u00e8tes et pertinentes. Elles contribueront \u00e0 am\u00e9liorer le bien-\u00eatre dans les \u00e9tablissements d\u2019enseignement sup\u00e9rieur, et \u00e0 r\u00e9duire la stigmatisation li\u00e9e \u00e0 la sant\u00e9 mentale.<\/p>\n<p>Pour plus d\u2019information sur ce projet novateur, <a href=\"https:\/\/osmees.ca\/projets\/sengager-pour-la-sante-mentale-etudiante-en-enseignement-superieur-un-projet-de-recherche-mene-par-un-collectif-etudiant-de-losmees-dans-une-approche-par-et-pour-les-personnes-etudiantes\/\" target=\"_blank\" rel=\"noopener\">visitez le site web de l\u2019OSM\u00c9ES<\/a>.<\/p>\n","protected":false},"excerpt":{"rendered":"<p>Un collectif \u00e9tudiant inter\u00e9tablissements, dont fait partie la coresponsable d\u2019axe Genevi\u00e8ve Gauthier, candidate au doctorat sur mesure en sciences sociales\u00a0de l\u2019UQAC, a obtenu un financement de 5 000$ pour r\u00e9aliser un projet intitul\u00e9 \u00ab\u00a0S\u2019engager pour la sant\u00e9 mentale \u00e9tudiante en enseignement sup\u00e9rieur : un projet de recherche men\u00e9 par un collectif \u00e9tudiant de l\u2019OSM\u00c9ES dans [&hellip;]<\/p>\n","protected":false},"author":5,"featured_media":53092,"comment_status":"closed","ping_status":"open","sticky":false,"template":"","format":"standard","meta":{"footnotes":""},"categories":[2795,2,4],"tags":[22,169],"yoast_head":"<!-- This site is optimized with the Yoast SEO plugin v24.2 - https:\/\/yoast.com\/wordpress\/plugins\/seo\/ -->\r\n<title>Nouveau financement pour un projet d\u00e9di\u00e9 \u00e0 la sant\u00e9 mentale \u00e9tudiante en enseignement sup\u00e9rieur - UQACtualit\u00e9s<\/title>\r\n<meta name=\"robots\" content=\"index, follow, max-snippet:-1, max-image-preview:large, max-video-preview:-1\" \/>\r\n<link rel=\"canonical\" href=\"https:\/\/www.uqac.ca\/uqactualites\/2026\/01\/15\/nouveau-financement-pour-un-projet-dedie-a-la-sante-mentale-etudiante-en-enseignement-superieur\/\" \/>\r\n<meta property=\"og:locale\" content=\"fr_CA\" \/>\r\n<meta property=\"og:type\" content=\"article\" \/>\r\n<meta property=\"og:title\" content=\"Nouveau financement pour un projet d\u00e9di\u00e9 \u00e0 la sant\u00e9 mentale \u00e9tudiante en enseignement sup\u00e9rieur - UQACtualit\u00e9s\" \/>\r\n<meta property=\"og:description\" content=\"Un collectif \u00e9tudiant inter\u00e9tablissements, dont fait partie la coresponsable d\u2019axe Genevi\u00e8ve Gauthier, candidate au doctorat sur mesure en sciences sociales\u00a0de l\u2019UQAC, a obtenu un financement de 5 000$ pour r\u00e9aliser un projet intitul\u00e9 \u00ab\u00a0S\u2019engager pour la sant\u00e9 mentale \u00e9tudiante en enseignement sup\u00e9rieur : un projet de recherche men\u00e9 par un collectif \u00e9tudiant de l\u2019OSM\u00c9ES dans [&hellip;]\" \/>\r\n<meta property=\"og:url\" content=\"https:\/\/www.uqac.ca\/uqactualites\/2026\/01\/15\/nouveau-financement-pour-un-projet-dedie-a-la-sante-mentale-etudiante-en-enseignement-superieur\/\" \/>\r\n<meta property=\"og:site_name\" content=\"UQACtualit\u00e9s\" \/>\r\n<meta property=\"article:published_time\" content=\"2026-01-15T20:29:27+00:00\" \/>\r\n<meta property=\"article:modified_time\" content=\"2026-01-16T19:25:36+00:00\" \/>\r\n<meta property=\"og:image\" content=\"https:\/\/www.uqac.ca\/uqactualites\/wp-content\/uploads\/2026\/01\/Creation-sans-titre-16.png\" \/>\r\n\t<meta property=\"og:image:width\" content=\"1200\" \/>\r\n\t<meta property=\"og:image:height\" content=\"630\" \/>\r\n\t<meta property=\"og:image:type\" content=\"image\/png\" \/>\r\n<meta name=\"author\" content=\"Service des communications et des relations publiques\" \/>\r\n<meta name=\"twitter:card\" content=\"summary_large_image\" \/>\r\n<meta name=\"twitter:label1\" content=\"\u00c9crit par\" \/>\n\t<meta name=\"twitter:data1\" content=\"Service des communications et des relations publiques\" \/>\n\t<meta name=\"twitter:label2\" content=\"Estimation du temps de lecture\" \/>\n\t<meta name=\"twitter:data2\" content=\"2 minutes\" \/>\r\n<script type=\"application\/ld+json\" class=\"yoast-schema-graph\">{\"@context\":\"https:\/\/schema.org\",\"@graph\":[{\"@type\":\"WebPage\",\"@id\":\"https:\/\/www.uqac.ca\/uqactualites\/2026\/01\/15\/nouveau-financement-pour-un-projet-dedie-a-la-sante-mentale-etudiante-en-enseignement-superieur\/\",\"url\":\"https:\/\/www.uqac.ca\/uqactualites\/2026\/01\/15\/nouveau-financement-pour-un-projet-dedie-a-la-sante-mentale-etudiante-en-enseignement-superieur\/\",\"name\":\"Nouveau financement pour un projet d\u00e9di\u00e9 \u00e0 la sant\u00e9 mentale \u00e9tudiante en enseignement sup\u00e9rieur - UQACtualit\u00e9s\",\"isPartOf\":{\"@id\":\"https:\/\/www.uqac.ca\/uqactualites\/#website\"},\"primaryImageOfPage\":{\"@id\":\"https:\/\/www.uqac.ca\/uqactualites\/2026\/01\/15\/nouveau-financement-pour-un-projet-dedie-a-la-sante-mentale-etudiante-en-enseignement-superieur\/#primaryimage\"},\"image\":{\"@id\":\"https:\/\/www.uqac.ca\/uqactualites\/2026\/01\/15\/nouveau-financement-pour-un-projet-dedie-a-la-sante-mentale-etudiante-en-enseignement-superieur\/#primaryimage\"},\"thumbnailUrl\":\"https:\/\/www.uqac.ca\/uqactualites\/wp-content\/uploads\/2026\/01\/A-la-une-UQACtualite-12.png\",\"datePublished\":\"2026-01-15T20:29:27+00:00\",\"dateModified\":\"2026-01-16T19:25:36+00:00\",\"author\":{\"@id\":\"https:\/\/www.uqac.ca\/uqactualites\/#\/schema\/person\/366c45a0c4f0e677b41b4af5886e2018\"},\"breadcrumb\":{\"@id\":\"https:\/\/www.uqac.ca\/uqactualites\/2026\/01\/15\/nouveau-financement-pour-un-projet-dedie-a-la-sante-mentale-etudiante-en-enseignement-superieur\/#breadcrumb\"},\"inLanguage\":\"fr-CA\",\"potentialAction\":[{\"@type\":\"ReadAction\",\"target\":[\"https:\/\/www.uqac.ca\/uqactualites\/2026\/01\/15\/nouveau-financement-pour-un-projet-dedie-a-la-sante-mentale-etudiante-en-enseignement-superieur\/\"]}]},{\"@type\":\"ImageObject\",\"inLanguage\":\"fr-CA\",\"@id\":\"https:\/\/www.uqac.ca\/uqactualites\/2026\/01\/15\/nouveau-financement-pour-un-projet-dedie-a-la-sante-mentale-etudiante-en-enseignement-superieur\/#primaryimage\",\"url\":\"https:\/\/www.uqac.ca\/uqactualites\/wp-content\/uploads\/2026\/01\/A-la-une-UQACtualite-12.png\",\"contentUrl\":\"https:\/\/www.uqac.ca\/uqactualites\/wp-content\/uploads\/2026\/01\/A-la-une-UQACtualite-12.png\",\"width\":1920,\"height\":1080,\"caption\":\"De gauche \u00e0 droite: Christiane Bergeron-Leclerc, professeure (UQAC); Jacques Cherblanc, professeur (UQAC) et Genevi\u00e8ve Gauthier, candidate au doctorat sur mesure en sciences sociales de l'UQAC\"},{\"@type\":\"BreadcrumbList\",\"@id\":\"https:\/\/www.uqac.ca\/uqactualites\/2026\/01\/15\/nouveau-financement-pour-un-projet-dedie-a-la-sante-mentale-etudiante-en-enseignement-superieur\/#breadcrumb\",\"itemListElement\":[{\"@type\":\"ListItem\",\"position\":1,\"name\":\"Home\",\"item\":\"https:\/\/www.uqac.ca\/uqactualites\/\"},{\"@type\":\"ListItem\",\"position\":2,\"name\":\"Nouveau financement pour un projet d\u00e9di\u00e9 \u00e0 la sant\u00e9 mentale \u00e9tudiante en enseignement sup\u00e9rieur\"}]},{\"@type\":\"WebSite\",\"@id\":\"https:\/\/www.uqac.ca\/uqactualites\/#website\",\"url\":\"https:\/\/www.uqac.ca\/uqactualites\/\",\"name\":\"UQACtualit\u00e9s\",\"description\":\"Le portail des nouvelles de l&#039;UQAC\",\"potentialAction\":[{\"@type\":\"SearchAction\",\"target\":{\"@type\":\"EntryPoint\",\"urlTemplate\":\"https:\/\/www.uqac.ca\/uqactualites\/?s={search_term_string}\"},\"query-input\":{\"@type\":\"PropertyValueSpecification\",\"valueRequired\":true,\"valueName\":\"search_term_string\"}}],\"inLanguage\":\"fr-CA\"},{\"@type\":\"Person\",\"@id\":\"https:\/\/www.uqac.ca\/uqactualites\/#\/schema\/person\/366c45a0c4f0e677b41b4af5886e2018\",\"name\":\"Service des communications et des relations publiques\",\"image\":{\"@type\":\"ImageObject\",\"inLanguage\":\"fr-CA\",\"@id\":\"https:\/\/www.uqac.ca\/uqactualites\/#\/schema\/person\/image\/\",\"url\":\"https:\/\/secure.gravatar.com\/avatar\/20fbbda8a292f59f2d3461a5b999c00b?s=96&d=mm&r=g\",\"contentUrl\":\"https:\/\/secure.gravatar.com\/avatar\/20fbbda8a292f59f2d3461a5b999c00b?s=96&d=mm&r=g\",\"caption\":\"Service des communications et des relations publiques\"},\"url\":\"https:\/\/www.uqac.ca\/uqactualites\/author\/bap\/\"}]}<\/script>\r\n<!-- \/ Yoast SEO plugin. -->","yoast_head_json":{"title":"Nouveau financement pour un projet d\u00e9di\u00e9 \u00e0 la sant\u00e9 mentale \u00e9tudiante en enseignement sup\u00e9rieur - UQACtualit\u00e9s","robots":{"index":"index","follow":"follow","max-snippet":"max-snippet:-1","max-image-preview":"max-image-preview:large","max-video-preview":"max-video-preview:-1"},"canonical":"https:\/\/www.uqac.ca\/uqactualites\/2026\/01\/15\/nouveau-financement-pour-un-projet-dedie-a-la-sante-mentale-etudiante-en-enseignement-superieur\/","og_locale":"fr_CA","og_type":"article","og_title":"Nouveau financement pour un projet d\u00e9di\u00e9 \u00e0 la sant\u00e9 mentale \u00e9tudiante en enseignement sup\u00e9rieur - UQACtualit\u00e9s","og_description":"Un collectif \u00e9tudiant inter\u00e9tablissements, dont fait partie la coresponsable d\u2019axe Genevi\u00e8ve Gauthier, candidate au doctorat sur mesure en sciences sociales\u00a0de l\u2019UQAC, a obtenu un financement de 5 000$ pour r\u00e9aliser un projet intitul\u00e9 \u00ab\u00a0S\u2019engager pour la sant\u00e9 mentale \u00e9tudiante en enseignement sup\u00e9rieur : un projet de recherche men\u00e9 par un collectif \u00e9tudiant de l\u2019OSM\u00c9ES dans [&hellip;]","og_url":"https:\/\/www.uqac.ca\/uqactualites\/2026\/01\/15\/nouveau-financement-pour-un-projet-dedie-a-la-sante-mentale-etudiante-en-enseignement-superieur\/","og_site_name":"UQACtualit\u00e9s","article_published_time":"2026-01-15T20:29:27+00:00","article_modified_time":"2026-01-16T19:25:36+00:00","og_image":[{"width":1200,"height":630,"url":"https:\/\/www.uqac.ca\/uqactualites\/wp-content\/uploads\/2026\/01\/Creation-sans-titre-16.png","type":"image\/png"}],"author":"Service des communications et des relations publiques","twitter_card":"summary_large_image","twitter_misc":{"\u00c9crit par":"Service des communications et des relations publiques","Estimation du temps de lecture":"2 minutes"},"schema":{"@context":"https:\/\/schema.org","@graph":[{"@type":"WebPage","@id":"https:\/\/www.uqac.ca\/uqactualites\/2026\/01\/15\/nouveau-financement-pour-un-projet-dedie-a-la-sante-mentale-etudiante-en-enseignement-superieur\/","url":"https:\/\/www.uqac.ca\/uqactualites\/2026\/01\/15\/nouveau-financement-pour-un-projet-dedie-a-la-sante-mentale-etudiante-en-enseignement-superieur\/","name":"Nouveau financement pour un projet d\u00e9di\u00e9 \u00e0 la sant\u00e9 mentale \u00e9tudiante en enseignement sup\u00e9rieur - UQACtualit\u00e9s","isPartOf":{"@id":"https:\/\/www.uqac.ca\/uqactualites\/#website"},"primaryImageOfPage":{"@id":"https:\/\/www.uqac.ca\/uqactualites\/2026\/01\/15\/nouveau-financement-pour-un-projet-dedie-a-la-sante-mentale-etudiante-en-enseignement-superieur\/#primaryimage"},"image":{"@id":"https:\/\/www.uqac.ca\/uqactualites\/2026\/01\/15\/nouveau-financement-pour-un-projet-dedie-a-la-sante-mentale-etudiante-en-enseignement-superieur\/#primaryimage"},"thumbnailUrl":"https:\/\/www.uqac.ca\/uqactualites\/wp-content\/uploads\/2026\/01\/A-la-une-UQACtualite-12.png","datePublished":"2026-01-15T20:29:27+00:00","dateModified":"2026-01-16T19:25:36+00:00","author":{"@id":"https:\/\/www.uqac.ca\/uqactualites\/#\/schema\/person\/366c45a0c4f0e677b41b4af5886e2018"},"breadcrumb":{"@id":"https:\/\/www.uqac.ca\/uqactualites\/2026\/01\/15\/nouveau-financement-pour-un-projet-dedie-a-la-sante-mentale-etudiante-en-enseignement-superieur\/#breadcrumb"},"inLanguage":"fr-CA","potentialAction":[{"@type":"ReadAction","target":["https:\/\/www.uqac.ca\/uqactualites\/2026\/01\/15\/nouveau-financement-pour-un-projet-dedie-a-la-sante-mentale-etudiante-en-enseignement-superieur\/"]}]},{"@type":"ImageObject","inLanguage":"fr-CA","@id":"https:\/\/www.uqac.ca\/uqactualites\/2026\/01\/15\/nouveau-financement-pour-un-projet-dedie-a-la-sante-mentale-etudiante-en-enseignement-superieur\/#primaryimage","url":"https:\/\/www.uqac.ca\/uqactualites\/wp-content\/uploads\/2026\/01\/A-la-une-UQACtualite-12.png","contentUrl":"https:\/\/www.uqac.ca\/uqactualites\/wp-content\/uploads\/2026\/01\/A-la-une-UQACtualite-12.png","width":1920,"height":1080,"caption":"De gauche \u00e0 droite: Christiane Bergeron-Leclerc, professeure (UQAC); Jacques Cherblanc, professeur (UQAC) et Genevi\u00e8ve Gauthier, candidate au doctorat sur mesure en sciences sociales de l'UQAC"},{"@type":"BreadcrumbList","@id":"https:\/\/www.uqac.ca\/uqactualites\/2026\/01\/15\/nouveau-financement-pour-un-projet-dedie-a-la-sante-mentale-etudiante-en-enseignement-superieur\/#breadcrumb","itemListElement":[{"@type":"ListItem","position":1,"name":"Home","item":"https:\/\/www.uqac.ca\/uqactualites\/"},{"@type":"ListItem","position":2,"name":"Nouveau financement pour un projet d\u00e9di\u00e9 \u00e0 la sant\u00e9 mentale \u00e9tudiante en enseignement sup\u00e9rieur"}]},{"@type":"WebSite","@id":"https:\/\/www.uqac.ca\/uqactualites\/#website","url":"https:\/\/www.uqac.ca\/uqactualites\/","name":"UQACtualit\u00e9s","description":"Le portail des nouvelles de l&#039;UQAC","potentialAction":[{"@type":"SearchAction","target":{"@type":"EntryPoint","urlTemplate":"https:\/\/www.uqac.ca\/uqactualites\/?s={search_term_string}"},"query-input":{"@type":"PropertyValueSpecification","valueRequired":true,"valueName":"search_term_string"}}],"inLanguage":"fr-CA"},{"@type":"Person","@id":"https:\/\/www.uqac.ca\/uqactualites\/#\/schema\/person\/366c45a0c4f0e677b41b4af5886e2018","name":"Service des communications et des relations publiques","image":{"@type":"ImageObject","inLanguage":"fr-CA","@id":"https:\/\/www.uqac.ca\/uqactualites\/#\/schema\/person\/image\/","url":"https:\/\/secure.gravatar.com\/avatar\/20fbbda8a292f59f2d3461a5b999c00b?s=96&d=mm&r=g","contentUrl":"https:\/\/secure.gravatar.com\/avatar\/20fbbda8a292f59f2d3461a5b999c00b?s=96&d=mm&r=g","caption":"Service des communications et des relations publiques"},"url":"https:\/\/www.uqac.ca\/uqactualites\/author\/bap\/"}]}},"_links":{"self":[{"href":"https:\/\/www.uqac.ca\/uqactualites\/wp-json\/wp\/v2\/posts\/53090"}],"collection":[{"href":"https:\/\/www.uqac.ca\/uqactualites\/wp-json\/wp\/v2\/posts"}],"about":[{"href":"https:\/\/www.uqac.ca\/uqactualites\/wp-json\/wp\/v2\/types\/post"}],"author":[{"embeddable":true,"href":"https:\/\/www.uqac.ca\/uqactualites\/wp-json\/wp\/v2\/users\/5"}],"replies":[{"embeddable":true,"href":"https:\/\/www.uqac.ca\/uqactualites\/wp-json\/wp\/v2\/comments?post=53090"}],"version-history":[{"count":2,"href":"https:\/\/www.uqac.ca\/uqactualites\/wp-json\/wp\/v2\/posts\/53090\/revisions"}],"predecessor-version":[{"id":53118,"href":"https:\/\/www.uqac.ca\/uqactualites\/wp-json\/wp\/v2\/posts\/53090\/revisions\/53118"}],"wp:featuredmedia":[{"embeddable":true,"href":"https:\/\/www.uqac.ca\/uqactualites\/wp-json\/wp\/v2\/media\/53092"}],"wp:attachment":[{"href":"https:\/\/www.uqac.ca\/uqactualites\/wp-json\/wp\/v2\/media?parent=53090"}],"wp:term":[{"taxonomy":"category","embeddable":true,"href":"https:\/\/www.uqac.ca\/uqactualites\/wp-json\/wp\/v2\/categories?post=53090"},{"taxonomy":"post_tag","embeddable":true,"href":"https:\/\/www.uqac.ca\/uqactualites\/wp-json\/wp\/v2\/tags?post=53090"}],"curies":[{"name":"wp","href":"https:\/\/api.w.org\/{rel}","templated":true}]}}