{"id":53137,"date":"2026-01-19T10:17:42","date_gmt":"2026-01-19T15:17:42","guid":{"rendered":"https:\/\/www.uqac.ca\/uqactualites\/?p=53137"},"modified":"2026-01-19T11:47:32","modified_gmt":"2026-01-19T16:47:32","slug":"un-acces-gratuit-au-quotidien-pour-toute-la-communaute-etudiante","status":"publish","type":"post","link":"https:\/\/www.uqac.ca\/uqactualites\/2026\/01\/19\/un-acces-gratuit-au-quotidien-pour-toute-la-communaute-etudiante\/","title":{"rendered":"Un acc\u00e8s gratuit au Quotidien pour toute la communaut\u00e9 \u00e9tudiante"},"content":{"rendered":"<p>Bonne nouvelle pour toute la communaut\u00e9 \u00e9tudiante : l\u2019UQAC et <em>Le Quotidien<\/em> unissent leurs forces pour offrir un acc\u00e8s gratuit et complet au site Web du m\u00e9dia r\u00e9gional pour tout le trimestre d\u2019hiver.<\/p>\n<p>Cette initiative vise \u00e0 favoriser l\u2019acc\u00e8s \u00e0 une information journalistique cr\u00e9dible, rigoureuse et ancr\u00e9e dans la r\u00e9alit\u00e9 du Saguenay\u2013Lac Saint Jean. Pr\u00e9sent dans la r\u00e9gion depuis sa fondation sous le nom initial de <em>Progr\u00e8s du Saguenay<\/em> en 1887,\u00a0 <em>Le Quotidien<\/em> est reconnu comme un piller de l&rsquo;information r\u00e9gionale par la qualit\u00e9 et la pertinence de sa couverture politique, \u00e9conomique, et socioculturelle.<\/p>\n<p>Dans un contexte o\u00f9 le ph\u00e9nom\u00e8ne de d\u00e9sinformation prend une ampleur croissante, cet acc\u00e8s gratuit permet aux \u00e9tudiantes et \u00e9tudiants de s\u2019appuyer sur une source d\u2019information riche et fiable pour suivre l\u2019actualit\u00e9 r\u00e9gionale, nationale et internationale.<\/p>\n<p>De plus, pour les \u00e9tudiantes et \u00e9tudiants nouvellement arriv\u00e9s dans la r\u00e9gion, cet acc\u00e8s libre constitue une porte d\u2019entr\u00e9e privil\u00e9gi\u00e9e \u00e0 la r\u00e9alit\u00e9 du territoire, un moyen id\u00e9al pour s\u2019impr\u00e9gner de son nouveau milieu d\u2019\u00e9tudes et de vie.<\/p>\n<p>L\u2019acc\u00e8s au site web du <em>Quotidien<\/em> pour la communaut\u00e9 \u00e9tudiante est en vigueur d\u00e8s maintenant. Pour savoir comment cr\u00e9er votre compte, cliquez <a href=\"https:\/\/www.uqac.ca\/scrp-docs\/quotidien\/inscription.pdf\" target=\"_blank\" rel=\"noopener\"><strong>ici<\/strong><\/a>.<\/p>\n","protected":false},"excerpt":{"rendered":"<p>Bonne nouvelle pour toute la communaut\u00e9 \u00e9tudiante : l\u2019UQAC et Le Quotidien unissent leurs forces pour offrir un acc\u00e8s gratuit et complet au site Web du m\u00e9dia r\u00e9gional pour tout le trimestre d\u2019hiver. Cette initiative vise \u00e0 favoriser l\u2019acc\u00e8s \u00e0 une information journalistique cr\u00e9dible, rigoureuse et ancr\u00e9e dans la r\u00e9alit\u00e9 du Saguenay\u2013Lac Saint Jean. Pr\u00e9sent [&hellip;]<\/p>\n","protected":false},"author":5,"featured_media":53138,"comment_status":"closed","ping_status":"closed","sticky":false,"template":"","format":"standard","meta":{"footnotes":""},"categories":[2795,2],"tags":[],"yoast_head":"<!-- This site is optimized with the Yoast SEO plugin v24.2 - https:\/\/yoast.com\/wordpress\/plugins\/seo\/ -->\r\n<title>Un acc\u00e8s gratuit au Quotidien pour toute la communaut\u00e9 \u00e9tudiante - UQACtualit\u00e9s<\/title>\r\n<meta name=\"robots\" content=\"index, follow, max-snippet:-1, max-image-preview:large, max-video-preview:-1\" \/>\r\n<link rel=\"canonical\" href=\"https:\/\/www.uqac.ca\/uqactualites\/2026\/01\/19\/un-acces-gratuit-au-quotidien-pour-toute-la-communaute-etudiante\/\" \/>\r\n<meta property=\"og:locale\" content=\"fr_CA\" \/>\r\n<meta property=\"og:type\" content=\"article\" \/>\r\n<meta property=\"og:title\" content=\"Un acc\u00e8s gratuit au Quotidien pour toute la communaut\u00e9 \u00e9tudiante - UQACtualit\u00e9s\" \/>\r\n<meta property=\"og:description\" content=\"Bonne nouvelle pour toute la communaut\u00e9 \u00e9tudiante : l\u2019UQAC et Le Quotidien unissent leurs forces pour offrir un acc\u00e8s gratuit et complet au site Web du m\u00e9dia r\u00e9gional pour tout le trimestre d\u2019hiver. Cette initiative vise \u00e0 favoriser l\u2019acc\u00e8s \u00e0 une information journalistique cr\u00e9dible, rigoureuse et ancr\u00e9e dans la r\u00e9alit\u00e9 du Saguenay\u2013Lac Saint Jean. Pr\u00e9sent [&hellip;]\" \/>\r\n<meta property=\"og:url\" content=\"https:\/\/www.uqac.ca\/uqactualites\/2026\/01\/19\/un-acces-gratuit-au-quotidien-pour-toute-la-communaute-etudiante\/\" \/>\r\n<meta property=\"og:site_name\" content=\"UQACtualit\u00e9s\" \/>\r\n<meta property=\"article:published_time\" content=\"2026-01-19T15:17:42+00:00\" \/>\r\n<meta property=\"article:modified_time\" content=\"2026-01-19T16:47:32+00:00\" \/>\r\n<meta property=\"og:image\" content=\"https:\/\/www.uqac.ca\/uqactualites\/wp-content\/uploads\/2026\/01\/quotidien-uqac-partenariat-mduhaimeH26-1.jpg\" \/>\r\n\t<meta property=\"og:image:width\" content=\"1920\" \/>\r\n\t<meta property=\"og:image:height\" content=\"1077\" \/>\r\n\t<meta property=\"og:image:type\" content=\"image\/jpeg\" \/>\r\n<meta name=\"author\" content=\"Service des communications et des relations publiques\" \/>\r\n<meta name=\"twitter:card\" content=\"summary_large_image\" \/>\r\n<meta name=\"twitter:label1\" content=\"\u00c9crit par\" \/>\n\t<meta name=\"twitter:data1\" content=\"Service des communications et des relations publiques\" \/>\n\t<meta name=\"twitter:label2\" content=\"Estimation du temps de lecture\" \/>\n\t<meta name=\"twitter:data2\" content=\"2 minutes\" \/>\r\n<script type=\"application\/ld+json\" class=\"yoast-schema-graph\">{\"@context\":\"https:\/\/schema.org\",\"@graph\":[{\"@type\":\"WebPage\",\"@id\":\"https:\/\/www.uqac.ca\/uqactualites\/2026\/01\/19\/un-acces-gratuit-au-quotidien-pour-toute-la-communaute-etudiante\/\",\"url\":\"https:\/\/www.uqac.ca\/uqactualites\/2026\/01\/19\/un-acces-gratuit-au-quotidien-pour-toute-la-communaute-etudiante\/\",\"name\":\"Un acc\u00e8s gratuit au Quotidien pour toute la communaut\u00e9 \u00e9tudiante - UQACtualit\u00e9s\",\"isPartOf\":{\"@id\":\"https:\/\/www.uqac.ca\/uqactualites\/#website\"},\"primaryImageOfPage\":{\"@id\":\"https:\/\/www.uqac.ca\/uqactualites\/2026\/01\/19\/un-acces-gratuit-au-quotidien-pour-toute-la-communaute-etudiante\/#primaryimage\"},\"image\":{\"@id\":\"https:\/\/www.uqac.ca\/uqactualites\/2026\/01\/19\/un-acces-gratuit-au-quotidien-pour-toute-la-communaute-etudiante\/#primaryimage\"},\"thumbnailUrl\":\"https:\/\/www.uqac.ca\/uqactualites\/wp-content\/uploads\/2026\/01\/quotidien-uqac-partenariat-mduhaimeH26.jpg\",\"datePublished\":\"2026-01-19T15:17:42+00:00\",\"dateModified\":\"2026-01-19T16:47:32+00:00\",\"author\":{\"@id\":\"https:\/\/www.uqac.ca\/uqactualites\/#\/schema\/person\/366c45a0c4f0e677b41b4af5886e2018\"},\"breadcrumb\":{\"@id\":\"https:\/\/www.uqac.ca\/uqactualites\/2026\/01\/19\/un-acces-gratuit-au-quotidien-pour-toute-la-communaute-etudiante\/#breadcrumb\"},\"inLanguage\":\"fr-CA\",\"potentialAction\":[{\"@type\":\"ReadAction\",\"target\":[\"https:\/\/www.uqac.ca\/uqactualites\/2026\/01\/19\/un-acces-gratuit-au-quotidien-pour-toute-la-communaute-etudiante\/\"]}]},{\"@type\":\"ImageObject\",\"inLanguage\":\"fr-CA\",\"@id\":\"https:\/\/www.uqac.ca\/uqactualites\/2026\/01\/19\/un-acces-gratuit-au-quotidien-pour-toute-la-communaute-etudiante\/#primaryimage\",\"url\":\"https:\/\/www.uqac.ca\/uqactualites\/wp-content\/uploads\/2026\/01\/quotidien-uqac-partenariat-mduhaimeH26.jpg\",\"contentUrl\":\"https:\/\/www.uqac.ca\/uqactualites\/wp-content\/uploads\/2026\/01\/quotidien-uqac-partenariat-mduhaimeH26.jpg\",\"width\":1920,\"height\":1077,\"caption\":\"Sur la photo : Sophie Richard, cheffe d'\u00e9quipe aux ventes (Le Quotidien); Myriam Arsenault, journaliste jeunesse (Le Quotidien, Initiative de journalisme local); Sarah Tremblay, repr\u00e9sentante (Le Quotidien); Andr\u00e9anne Simard, CPA auditrice et \u00e9ditrice (Le Quotidien); et Ghislain Samson, recteur (UQAC).\"},{\"@type\":\"BreadcrumbList\",\"@id\":\"https:\/\/www.uqac.ca\/uqactualites\/2026\/01\/19\/un-acces-gratuit-au-quotidien-pour-toute-la-communaute-etudiante\/#breadcrumb\",\"itemListElement\":[{\"@type\":\"ListItem\",\"position\":1,\"name\":\"Home\",\"item\":\"https:\/\/www.uqac.ca\/uqactualites\/\"},{\"@type\":\"ListItem\",\"position\":2,\"name\":\"Un acc\u00e8s gratuit au Quotidien pour toute la communaut\u00e9 \u00e9tudiante\"}]},{\"@type\":\"WebSite\",\"@id\":\"https:\/\/www.uqac.ca\/uqactualites\/#website\",\"url\":\"https:\/\/www.uqac.ca\/uqactualites\/\",\"name\":\"UQACtualit\u00e9s\",\"description\":\"Le portail des nouvelles de l&#039;UQAC\",\"potentialAction\":[{\"@type\":\"SearchAction\",\"target\":{\"@type\":\"EntryPoint\",\"urlTemplate\":\"https:\/\/www.uqac.ca\/uqactualites\/?s={search_term_string}\"},\"query-input\":{\"@type\":\"PropertyValueSpecification\",\"valueRequired\":true,\"valueName\":\"search_term_string\"}}],\"inLanguage\":\"fr-CA\"},{\"@type\":\"Person\",\"@id\":\"https:\/\/www.uqac.ca\/uqactualites\/#\/schema\/person\/366c45a0c4f0e677b41b4af5886e2018\",\"name\":\"Service des communications et des relations publiques\",\"image\":{\"@type\":\"ImageObject\",\"inLanguage\":\"fr-CA\",\"@id\":\"https:\/\/www.uqac.ca\/uqactualites\/#\/schema\/person\/image\/\",\"url\":\"https:\/\/secure.gravatar.com\/avatar\/20fbbda8a292f59f2d3461a5b999c00b?s=96&d=mm&r=g\",\"contentUrl\":\"https:\/\/secure.gravatar.com\/avatar\/20fbbda8a292f59f2d3461a5b999c00b?s=96&d=mm&r=g\",\"caption\":\"Service des communications et des relations publiques\"},\"url\":\"https:\/\/www.uqac.ca\/uqactualites\/author\/bap\/\"}]}<\/script>\r\n<!-- \/ Yoast SEO plugin. -->","yoast_head_json":{"title":"Un acc\u00e8s gratuit au Quotidien pour toute la communaut\u00e9 \u00e9tudiante - UQACtualit\u00e9s","robots":{"index":"index","follow":"follow","max-snippet":"max-snippet:-1","max-image-preview":"max-image-preview:large","max-video-preview":"max-video-preview:-1"},"canonical":"https:\/\/www.uqac.ca\/uqactualites\/2026\/01\/19\/un-acces-gratuit-au-quotidien-pour-toute-la-communaute-etudiante\/","og_locale":"fr_CA","og_type":"article","og_title":"Un acc\u00e8s gratuit au Quotidien pour toute la communaut\u00e9 \u00e9tudiante - UQACtualit\u00e9s","og_description":"Bonne nouvelle pour toute la communaut\u00e9 \u00e9tudiante : l\u2019UQAC et Le Quotidien unissent leurs forces pour offrir un acc\u00e8s gratuit et complet au site Web du m\u00e9dia r\u00e9gional pour tout le trimestre d\u2019hiver. Cette initiative vise \u00e0 favoriser l\u2019acc\u00e8s \u00e0 une information journalistique cr\u00e9dible, rigoureuse et ancr\u00e9e dans la r\u00e9alit\u00e9 du Saguenay\u2013Lac Saint Jean. Pr\u00e9sent [&hellip;]","og_url":"https:\/\/www.uqac.ca\/uqactualites\/2026\/01\/19\/un-acces-gratuit-au-quotidien-pour-toute-la-communaute-etudiante\/","og_site_name":"UQACtualit\u00e9s","article_published_time":"2026-01-19T15:17:42+00:00","article_modified_time":"2026-01-19T16:47:32+00:00","og_image":[{"width":1920,"height":1077,"url":"https:\/\/www.uqac.ca\/uqactualites\/wp-content\/uploads\/2026\/01\/quotidien-uqac-partenariat-mduhaimeH26-1.jpg","type":"image\/jpeg"}],"author":"Service des communications et des relations publiques","twitter_card":"summary_large_image","twitter_misc":{"\u00c9crit par":"Service des communications et des relations publiques","Estimation du temps de lecture":"2 minutes"},"schema":{"@context":"https:\/\/schema.org","@graph":[{"@type":"WebPage","@id":"https:\/\/www.uqac.ca\/uqactualites\/2026\/01\/19\/un-acces-gratuit-au-quotidien-pour-toute-la-communaute-etudiante\/","url":"https:\/\/www.uqac.ca\/uqactualites\/2026\/01\/19\/un-acces-gratuit-au-quotidien-pour-toute-la-communaute-etudiante\/","name":"Un acc\u00e8s gratuit au Quotidien pour toute la communaut\u00e9 \u00e9tudiante - UQACtualit\u00e9s","isPartOf":{"@id":"https:\/\/www.uqac.ca\/uqactualites\/#website"},"primaryImageOfPage":{"@id":"https:\/\/www.uqac.ca\/uqactualites\/2026\/01\/19\/un-acces-gratuit-au-quotidien-pour-toute-la-communaute-etudiante\/#primaryimage"},"image":{"@id":"https:\/\/www.uqac.ca\/uqactualites\/2026\/01\/19\/un-acces-gratuit-au-quotidien-pour-toute-la-communaute-etudiante\/#primaryimage"},"thumbnailUrl":"https:\/\/www.uqac.ca\/uqactualites\/wp-content\/uploads\/2026\/01\/quotidien-uqac-partenariat-mduhaimeH26.jpg","datePublished":"2026-01-19T15:17:42+00:00","dateModified":"2026-01-19T16:47:32+00:00","author":{"@id":"https:\/\/www.uqac.ca\/uqactualites\/#\/schema\/person\/366c45a0c4f0e677b41b4af5886e2018"},"breadcrumb":{"@id":"https:\/\/www.uqac.ca\/uqactualites\/2026\/01\/19\/un-acces-gratuit-au-quotidien-pour-toute-la-communaute-etudiante\/#breadcrumb"},"inLanguage":"fr-CA","potentialAction":[{"@type":"ReadAction","target":["https:\/\/www.uqac.ca\/uqactualites\/2026\/01\/19\/un-acces-gratuit-au-quotidien-pour-toute-la-communaute-etudiante\/"]}]},{"@type":"ImageObject","inLanguage":"fr-CA","@id":"https:\/\/www.uqac.ca\/uqactualites\/2026\/01\/19\/un-acces-gratuit-au-quotidien-pour-toute-la-communaute-etudiante\/#primaryimage","url":"https:\/\/www.uqac.ca\/uqactualites\/wp-content\/uploads\/2026\/01\/quotidien-uqac-partenariat-mduhaimeH26.jpg","contentUrl":"https:\/\/www.uqac.ca\/uqactualites\/wp-content\/uploads\/2026\/01\/quotidien-uqac-partenariat-mduhaimeH26.jpg","width":1920,"height":1077,"caption":"Sur la photo : Sophie Richard, cheffe d'\u00e9quipe aux ventes (Le Quotidien); Myriam Arsenault, journaliste jeunesse (Le Quotidien, Initiative de journalisme local); Sarah Tremblay, repr\u00e9sentante (Le Quotidien); Andr\u00e9anne Simard, CPA auditrice et \u00e9ditrice (Le Quotidien); et Ghislain Samson, recteur (UQAC)."},{"@type":"BreadcrumbList","@id":"https:\/\/www.uqac.ca\/uqactualites\/2026\/01\/19\/un-acces-gratuit-au-quotidien-pour-toute-la-communaute-etudiante\/#breadcrumb","itemListElement":[{"@type":"ListItem","position":1,"name":"Home","item":"https:\/\/www.uqac.ca\/uqactualites\/"},{"@type":"ListItem","position":2,"name":"Un acc\u00e8s gratuit au Quotidien pour toute la communaut\u00e9 \u00e9tudiante"}]},{"@type":"WebSite","@id":"https:\/\/www.uqac.ca\/uqactualites\/#website","url":"https:\/\/www.uqac.ca\/uqactualites\/","name":"UQACtualit\u00e9s","description":"Le portail des nouvelles de l&#039;UQAC","potentialAction":[{"@type":"SearchAction","target":{"@type":"EntryPoint","urlTemplate":"https:\/\/www.uqac.ca\/uqactualites\/?s={search_term_string}"},"query-input":{"@type":"PropertyValueSpecification","valueRequired":true,"valueName":"search_term_string"}}],"inLanguage":"fr-CA"},{"@type":"Person","@id":"https:\/\/www.uqac.ca\/uqactualites\/#\/schema\/person\/366c45a0c4f0e677b41b4af5886e2018","name":"Service des communications et des relations publiques","image":{"@type":"ImageObject","inLanguage":"fr-CA","@id":"https:\/\/www.uqac.ca\/uqactualites\/#\/schema\/person\/image\/","url":"https:\/\/secure.gravatar.com\/avatar\/20fbbda8a292f59f2d3461a5b999c00b?s=96&d=mm&r=g","contentUrl":"https:\/\/secure.gravatar.com\/avatar\/20fbbda8a292f59f2d3461a5b999c00b?s=96&d=mm&r=g","caption":"Service des communications et des relations publiques"},"url":"https:\/\/www.uqac.ca\/uqactualites\/author\/bap\/"}]}},"_links":{"self":[{"href":"https:\/\/www.uqac.ca\/uqactualites\/wp-json\/wp\/v2\/posts\/53137"}],"collection":[{"href":"https:\/\/www.uqac.ca\/uqactualites\/wp-json\/wp\/v2\/posts"}],"about":[{"href":"https:\/\/www.uqac.ca\/uqactualites\/wp-json\/wp\/v2\/types\/post"}],"author":[{"embeddable":true,"href":"https:\/\/www.uqac.ca\/uqactualites\/wp-json\/wp\/v2\/users\/5"}],"replies":[{"embeddable":true,"href":"https:\/\/www.uqac.ca\/uqactualites\/wp-json\/wp\/v2\/comments?post=53137"}],"version-history":[{"count":12,"href":"https:\/\/www.uqac.ca\/uqactualites\/wp-json\/wp\/v2\/posts\/53137\/revisions"}],"predecessor-version":[{"id":53151,"href":"https:\/\/www.uqac.ca\/uqactualites\/wp-json\/wp\/v2\/posts\/53137\/revisions\/53151"}],"wp:featuredmedia":[{"embeddable":true,"href":"https:\/\/www.uqac.ca\/uqactualites\/wp-json\/wp\/v2\/media\/53138"}],"wp:attachment":[{"href":"https:\/\/www.uqac.ca\/uqactualites\/wp-json\/wp\/v2\/media?parent=53137"}],"wp:term":[{"taxonomy":"category","embeddable":true,"href":"https:\/\/www.uqac.ca\/uqactualites\/wp-json\/wp\/v2\/categories?post=53137"},{"taxonomy":"post_tag","embeddable":true,"href":"https:\/\/www.uqac.ca\/uqactualites\/wp-json\/wp\/v2\/tags?post=53137"}],"curies":[{"name":"wp","href":"https:\/\/api.w.org\/{rel}","templated":true}]}}