{"id":53152,"date":"2026-01-19T13:54:21","date_gmt":"2026-01-19T18:54:21","guid":{"rendered":"https:\/\/www.uqac.ca\/uqactualites\/?p=53152"},"modified":"2026-01-19T13:55:01","modified_gmt":"2026-01-19T18:55:01","slug":"maradon-2026-deux-presentateurs-officiels-se-joignent-a-la-course","status":"publish","type":"post","link":"https:\/\/www.uqac.ca\/uqactualites\/2026\/01\/19\/maradon-2026-deux-presentateurs-officiels-se-joignent-a-la-course\/","title":{"rendered":"Maradon 2026 : deux pr\u00e9sentateurs officiels se joignent \u00e0 la course"},"content":{"rendered":"<p>Maradon 2026 : deux pr\u00e9sentateurs officiels se joignent \u00e0 la course\u00c0 un peu plus de deux mois du grand retour du <a href=\"https:\/\/www.uqac.ca\/inuk\/maradon\">Maradon des Inuk<\/a>, qui aura lieu le 26 mars prochain au Pavillon sportif, l\u2019enthousiasme continue de monter au sein de la communaut\u00e9 universitaire et r\u00e9gionale. Apr\u00e8s cinq ans d\u2019absence, cet \u00e9v\u00e9nement-phare de mobilisation en faveur du sport universitaire promet une \u00e9dition vibrante, festive et rassembleuse.<\/p>\n<p><strong>Groupe Alfred Boivin et Groupe Boudreault, pr\u00e9sentateurs officiels de l\u2019\u00e9dition 2026<br \/>\n<\/strong>Cette ann\u00e9e, le Maradon des Inuk peut compter sur la pr\u00e9sence de deux partenaires majeurs qui s\u2019engagent activement dans la communaut\u00e9 r\u00e9gionale. Leur soutien contribue directement \u00e0 faire rayonner l\u2019\u00e9v\u00e9nement et \u00e0 soutenir la cause du sport universitaire. Entreprise embl\u00e9matique de la r\u00e9gion, Groupe Alfred Boivin se distingue par son expertise en g\u00e9nie civil, transport sp\u00e9cialis\u00e9 et gestion d\u2019infrastructures. Reconnue pour son implication dans des projets structurants, l&rsquo;entreprise s\u2019associe cette ann\u00e9e au Maradon pour encourager le d\u00e9passement et la mobilisation collective. De m\u00eame, r\u00e9put\u00e9 pour son savoir-faire et son approche humaine, Groupe Boudreault s\u2019investit dans le d\u00e9veloppement de projets durables qui dynamisent la r\u00e9gion. L&rsquo;engagement de l&rsquo;entreprise comme pr\u00e9sentatrice officielle t\u00e9moigne d\u2019une volont\u00e9 affirm\u00e9e de soutenir les initiatives locales et la rel\u00e8ve sportive.<\/p>\n<p style=\"text-align: center;\"><span style=\"color: #999999;\">_______________________<\/span><\/p>\n<div class=\"td-paragraph-padding-2\">\n<p style=\"text-align: center;\">Le Maradon, c&rsquo;est une occasion unique de se rassembler, de se d\u00e9passer ensemble et de soutenir la rel\u00e8ve sportive r\u00e9gionale. Pour conna\u00eetre les d\u00e9tails et pour vous y inscrire, consultez le site Web des Inuk.<\/p>\n<p style=\"text-align: center;\"><span class=\"td_btn td_btn_md td_outlined_btn\"> <a href=\"https:\/\/www.uqac.ca\/inuk\/maradon\">uqac.ca\/inuk\/maradon<\/a><\/span><\/p>\n<\/div>\n<p style=\"text-align: center;\"><span style=\"color: #999999;\">_______________________<\/span><\/p>\n<p><strong>L\u2019UQAC commandite une \u00e9quipe d&#8217;employ\u00e9(e)s!<br \/>\n<\/strong>Cette ann\u00e9e, l\u2019UQAC commanditera une \u00e9quipe compos\u00e9e de membres du personnel d\u00e9sirant relever le d\u00e9fi. Un appel officiel aux inscriptions internes sera diffus\u00e9 sous peu aupr\u00e8s des employ\u00e9es et employ\u00e9s. Restez \u00e0 l&rsquo;aff\u00fbt!<\/p>\n<p>&nbsp;<\/p>\n<p><span style=\"color: #999999;\">Sur la photo, de gauche \u00e0 droite : Charles-Olivier Huapaya-Proulx, entra\u00eeneur-chef des \u00e9quipes d&rsquo;athl\u00e9tisme et de cross-country des Inuk; Dave McMullen, directeur des Services aux \u00e9tudiants; Alexandre Audet, Groupe Boudreault; Isabelle Simard, pr\u00e9sidente d&rsquo;honneur du Maradon 2026; L\u00e9opold Chec, \u00e9tudiant \u00e0 la ma\u00eetrise en gestion des organisations et athl\u00e8te des \u00e9quipes de cross-country et d&rsquo;athl\u00e9tisme; et Nicolas Vaillancourt, Groupe Alfred Boivin.<\/span><\/p>\n","protected":false},"excerpt":{"rendered":"<p>Maradon 2026 : deux pr\u00e9sentateurs officiels se joignent \u00e0 la course\u00c0 un peu plus de deux mois du grand retour du Maradon des Inuk, qui aura lieu le 26 mars prochain au Pavillon sportif, l\u2019enthousiasme continue de monter au sein de la communaut\u00e9 universitaire et r\u00e9gionale. Apr\u00e8s cinq ans d\u2019absence, cet \u00e9v\u00e9nement-phare de mobilisation en [&hellip;]<\/p>\n","protected":false},"author":5,"featured_media":53153,"comment_status":"closed","ping_status":"open","sticky":false,"template":"","format":"standard","meta":{"footnotes":""},"categories":[2795,2,2773],"tags":[],"yoast_head":"<!-- This site is optimized with the Yoast SEO plugin v24.2 - https:\/\/yoast.com\/wordpress\/plugins\/seo\/ -->\r\n<title>Maradon 2026 : deux pr\u00e9sentateurs officiels se joignent \u00e0 la course - UQACtualit\u00e9s<\/title>\r\n<meta name=\"robots\" content=\"index, follow, max-snippet:-1, max-image-preview:large, max-video-preview:-1\" \/>\r\n<link rel=\"canonical\" href=\"https:\/\/www.uqac.ca\/uqactualites\/2026\/01\/19\/maradon-2026-deux-presentateurs-officiels-se-joignent-a-la-course\/\" \/>\r\n<meta property=\"og:locale\" content=\"fr_CA\" \/>\r\n<meta property=\"og:type\" content=\"article\" \/>\r\n<meta property=\"og:title\" content=\"Maradon 2026 : deux pr\u00e9sentateurs officiels se joignent \u00e0 la course - UQACtualit\u00e9s\" \/>\r\n<meta property=\"og:description\" content=\"Maradon 2026 : deux pr\u00e9sentateurs officiels se joignent \u00e0 la course\u00c0 un peu plus de deux mois du grand retour du Maradon des Inuk, qui aura lieu le 26 mars prochain au Pavillon sportif, l\u2019enthousiasme continue de monter au sein de la communaut\u00e9 universitaire et r\u00e9gionale. Apr\u00e8s cinq ans d\u2019absence, cet \u00e9v\u00e9nement-phare de mobilisation en [&hellip;]\" \/>\r\n<meta property=\"og:url\" content=\"https:\/\/www.uqac.ca\/uqactualites\/2026\/01\/19\/maradon-2026-deux-presentateurs-officiels-se-joignent-a-la-course\/\" \/>\r\n<meta property=\"og:site_name\" content=\"UQACtualit\u00e9s\" \/>\r\n<meta property=\"article:published_time\" content=\"2026-01-19T18:54:21+00:00\" \/>\r\n<meta property=\"article:modified_time\" content=\"2026-01-19T18:55:01+00:00\" \/>\r\n<meta property=\"og:image\" content=\"https:\/\/www.uqac.ca\/uqactualites\/wp-content\/uploads\/2026\/01\/Maradon2-scaled.jpg\" \/>\r\n\t<meta property=\"og:image:width\" content=\"2560\" \/>\r\n\t<meta property=\"og:image:height\" content=\"1440\" \/>\r\n\t<meta property=\"og:image:type\" content=\"image\/jpeg\" \/>\r\n<meta name=\"author\" content=\"Service des communications et des relations publiques\" \/>\r\n<meta name=\"twitter:card\" content=\"summary_large_image\" \/>\r\n<meta name=\"twitter:label1\" content=\"\u00c9crit par\" \/>\n\t<meta name=\"twitter:data1\" content=\"Service des communications et des relations publiques\" \/>\n\t<meta name=\"twitter:label2\" content=\"Estimation du temps de lecture\" \/>\n\t<meta name=\"twitter:data2\" content=\"2 minutes\" \/>\r\n<script type=\"application\/ld+json\" class=\"yoast-schema-graph\">{\"@context\":\"https:\/\/schema.org\",\"@graph\":[{\"@type\":\"WebPage\",\"@id\":\"https:\/\/www.uqac.ca\/uqactualites\/2026\/01\/19\/maradon-2026-deux-presentateurs-officiels-se-joignent-a-la-course\/\",\"url\":\"https:\/\/www.uqac.ca\/uqactualites\/2026\/01\/19\/maradon-2026-deux-presentateurs-officiels-se-joignent-a-la-course\/\",\"name\":\"Maradon 2026 : deux pr\u00e9sentateurs officiels se joignent \u00e0 la course - UQACtualit\u00e9s\",\"isPartOf\":{\"@id\":\"https:\/\/www.uqac.ca\/uqactualites\/#website\"},\"primaryImageOfPage\":{\"@id\":\"https:\/\/www.uqac.ca\/uqactualites\/2026\/01\/19\/maradon-2026-deux-presentateurs-officiels-se-joignent-a-la-course\/#primaryimage\"},\"image\":{\"@id\":\"https:\/\/www.uqac.ca\/uqactualites\/2026\/01\/19\/maradon-2026-deux-presentateurs-officiels-se-joignent-a-la-course\/#primaryimage\"},\"thumbnailUrl\":\"https:\/\/www.uqac.ca\/uqactualites\/wp-content\/uploads\/2026\/01\/Maradon2-scaled.jpg\",\"datePublished\":\"2026-01-19T18:54:21+00:00\",\"dateModified\":\"2026-01-19T18:55:01+00:00\",\"author\":{\"@id\":\"https:\/\/www.uqac.ca\/uqactualites\/#\/schema\/person\/366c45a0c4f0e677b41b4af5886e2018\"},\"breadcrumb\":{\"@id\":\"https:\/\/www.uqac.ca\/uqactualites\/2026\/01\/19\/maradon-2026-deux-presentateurs-officiels-se-joignent-a-la-course\/#breadcrumb\"},\"inLanguage\":\"fr-CA\",\"potentialAction\":[{\"@type\":\"ReadAction\",\"target\":[\"https:\/\/www.uqac.ca\/uqactualites\/2026\/01\/19\/maradon-2026-deux-presentateurs-officiels-se-joignent-a-la-course\/\"]}]},{\"@type\":\"ImageObject\",\"inLanguage\":\"fr-CA\",\"@id\":\"https:\/\/www.uqac.ca\/uqactualites\/2026\/01\/19\/maradon-2026-deux-presentateurs-officiels-se-joignent-a-la-course\/#primaryimage\",\"url\":\"https:\/\/www.uqac.ca\/uqactualites\/wp-content\/uploads\/2026\/01\/Maradon2-scaled.jpg\",\"contentUrl\":\"https:\/\/www.uqac.ca\/uqactualites\/wp-content\/uploads\/2026\/01\/Maradon2-scaled.jpg\",\"width\":2560,\"height\":1440},{\"@type\":\"BreadcrumbList\",\"@id\":\"https:\/\/www.uqac.ca\/uqactualites\/2026\/01\/19\/maradon-2026-deux-presentateurs-officiels-se-joignent-a-la-course\/#breadcrumb\",\"itemListElement\":[{\"@type\":\"ListItem\",\"position\":1,\"name\":\"Home\",\"item\":\"https:\/\/www.uqac.ca\/uqactualites\/\"},{\"@type\":\"ListItem\",\"position\":2,\"name\":\"Maradon 2026 : deux pr\u00e9sentateurs officiels se joignent \u00e0 la course\"}]},{\"@type\":\"WebSite\",\"@id\":\"https:\/\/www.uqac.ca\/uqactualites\/#website\",\"url\":\"https:\/\/www.uqac.ca\/uqactualites\/\",\"name\":\"UQACtualit\u00e9s\",\"description\":\"Le portail des nouvelles de l&#039;UQAC\",\"potentialAction\":[{\"@type\":\"SearchAction\",\"target\":{\"@type\":\"EntryPoint\",\"urlTemplate\":\"https:\/\/www.uqac.ca\/uqactualites\/?s={search_term_string}\"},\"query-input\":{\"@type\":\"PropertyValueSpecification\",\"valueRequired\":true,\"valueName\":\"search_term_string\"}}],\"inLanguage\":\"fr-CA\"},{\"@type\":\"Person\",\"@id\":\"https:\/\/www.uqac.ca\/uqactualites\/#\/schema\/person\/366c45a0c4f0e677b41b4af5886e2018\",\"name\":\"Service des communications et des relations publiques\",\"image\":{\"@type\":\"ImageObject\",\"inLanguage\":\"fr-CA\",\"@id\":\"https:\/\/www.uqac.ca\/uqactualites\/#\/schema\/person\/image\/\",\"url\":\"https:\/\/secure.gravatar.com\/avatar\/20fbbda8a292f59f2d3461a5b999c00b?s=96&d=mm&r=g\",\"contentUrl\":\"https:\/\/secure.gravatar.com\/avatar\/20fbbda8a292f59f2d3461a5b999c00b?s=96&d=mm&r=g\",\"caption\":\"Service des communications et des relations publiques\"},\"url\":\"https:\/\/www.uqac.ca\/uqactualites\/author\/bap\/\"}]}<\/script>\r\n<!-- \/ Yoast SEO plugin. -->","yoast_head_json":{"title":"Maradon 2026 : deux pr\u00e9sentateurs officiels se joignent \u00e0 la course - UQACtualit\u00e9s","robots":{"index":"index","follow":"follow","max-snippet":"max-snippet:-1","max-image-preview":"max-image-preview:large","max-video-preview":"max-video-preview:-1"},"canonical":"https:\/\/www.uqac.ca\/uqactualites\/2026\/01\/19\/maradon-2026-deux-presentateurs-officiels-se-joignent-a-la-course\/","og_locale":"fr_CA","og_type":"article","og_title":"Maradon 2026 : deux pr\u00e9sentateurs officiels se joignent \u00e0 la course - UQACtualit\u00e9s","og_description":"Maradon 2026 : deux pr\u00e9sentateurs officiels se joignent \u00e0 la course\u00c0 un peu plus de deux mois du grand retour du Maradon des Inuk, qui aura lieu le 26 mars prochain au Pavillon sportif, l\u2019enthousiasme continue de monter au sein de la communaut\u00e9 universitaire et r\u00e9gionale. Apr\u00e8s cinq ans d\u2019absence, cet \u00e9v\u00e9nement-phare de mobilisation en [&hellip;]","og_url":"https:\/\/www.uqac.ca\/uqactualites\/2026\/01\/19\/maradon-2026-deux-presentateurs-officiels-se-joignent-a-la-course\/","og_site_name":"UQACtualit\u00e9s","article_published_time":"2026-01-19T18:54:21+00:00","article_modified_time":"2026-01-19T18:55:01+00:00","og_image":[{"width":2560,"height":1440,"url":"https:\/\/www.uqac.ca\/uqactualites\/wp-content\/uploads\/2026\/01\/Maradon2-scaled.jpg","type":"image\/jpeg"}],"author":"Service des communications et des relations publiques","twitter_card":"summary_large_image","twitter_misc":{"\u00c9crit par":"Service des communications et des relations publiques","Estimation du temps de lecture":"2 minutes"},"schema":{"@context":"https:\/\/schema.org","@graph":[{"@type":"WebPage","@id":"https:\/\/www.uqac.ca\/uqactualites\/2026\/01\/19\/maradon-2026-deux-presentateurs-officiels-se-joignent-a-la-course\/","url":"https:\/\/www.uqac.ca\/uqactualites\/2026\/01\/19\/maradon-2026-deux-presentateurs-officiels-se-joignent-a-la-course\/","name":"Maradon 2026 : deux pr\u00e9sentateurs officiels se joignent \u00e0 la course - UQACtualit\u00e9s","isPartOf":{"@id":"https:\/\/www.uqac.ca\/uqactualites\/#website"},"primaryImageOfPage":{"@id":"https:\/\/www.uqac.ca\/uqactualites\/2026\/01\/19\/maradon-2026-deux-presentateurs-officiels-se-joignent-a-la-course\/#primaryimage"},"image":{"@id":"https:\/\/www.uqac.ca\/uqactualites\/2026\/01\/19\/maradon-2026-deux-presentateurs-officiels-se-joignent-a-la-course\/#primaryimage"},"thumbnailUrl":"https:\/\/www.uqac.ca\/uqactualites\/wp-content\/uploads\/2026\/01\/Maradon2-scaled.jpg","datePublished":"2026-01-19T18:54:21+00:00","dateModified":"2026-01-19T18:55:01+00:00","author":{"@id":"https:\/\/www.uqac.ca\/uqactualites\/#\/schema\/person\/366c45a0c4f0e677b41b4af5886e2018"},"breadcrumb":{"@id":"https:\/\/www.uqac.ca\/uqactualites\/2026\/01\/19\/maradon-2026-deux-presentateurs-officiels-se-joignent-a-la-course\/#breadcrumb"},"inLanguage":"fr-CA","potentialAction":[{"@type":"ReadAction","target":["https:\/\/www.uqac.ca\/uqactualites\/2026\/01\/19\/maradon-2026-deux-presentateurs-officiels-se-joignent-a-la-course\/"]}]},{"@type":"ImageObject","inLanguage":"fr-CA","@id":"https:\/\/www.uqac.ca\/uqactualites\/2026\/01\/19\/maradon-2026-deux-presentateurs-officiels-se-joignent-a-la-course\/#primaryimage","url":"https:\/\/www.uqac.ca\/uqactualites\/wp-content\/uploads\/2026\/01\/Maradon2-scaled.jpg","contentUrl":"https:\/\/www.uqac.ca\/uqactualites\/wp-content\/uploads\/2026\/01\/Maradon2-scaled.jpg","width":2560,"height":1440},{"@type":"BreadcrumbList","@id":"https:\/\/www.uqac.ca\/uqactualites\/2026\/01\/19\/maradon-2026-deux-presentateurs-officiels-se-joignent-a-la-course\/#breadcrumb","itemListElement":[{"@type":"ListItem","position":1,"name":"Home","item":"https:\/\/www.uqac.ca\/uqactualites\/"},{"@type":"ListItem","position":2,"name":"Maradon 2026 : deux pr\u00e9sentateurs officiels se joignent \u00e0 la course"}]},{"@type":"WebSite","@id":"https:\/\/www.uqac.ca\/uqactualites\/#website","url":"https:\/\/www.uqac.ca\/uqactualites\/","name":"UQACtualit\u00e9s","description":"Le portail des nouvelles de l&#039;UQAC","potentialAction":[{"@type":"SearchAction","target":{"@type":"EntryPoint","urlTemplate":"https:\/\/www.uqac.ca\/uqactualites\/?s={search_term_string}"},"query-input":{"@type":"PropertyValueSpecification","valueRequired":true,"valueName":"search_term_string"}}],"inLanguage":"fr-CA"},{"@type":"Person","@id":"https:\/\/www.uqac.ca\/uqactualites\/#\/schema\/person\/366c45a0c4f0e677b41b4af5886e2018","name":"Service des communications et des relations publiques","image":{"@type":"ImageObject","inLanguage":"fr-CA","@id":"https:\/\/www.uqac.ca\/uqactualites\/#\/schema\/person\/image\/","url":"https:\/\/secure.gravatar.com\/avatar\/20fbbda8a292f59f2d3461a5b999c00b?s=96&d=mm&r=g","contentUrl":"https:\/\/secure.gravatar.com\/avatar\/20fbbda8a292f59f2d3461a5b999c00b?s=96&d=mm&r=g","caption":"Service des communications et des relations publiques"},"url":"https:\/\/www.uqac.ca\/uqactualites\/author\/bap\/"}]}},"_links":{"self":[{"href":"https:\/\/www.uqac.ca\/uqactualites\/wp-json\/wp\/v2\/posts\/53152"}],"collection":[{"href":"https:\/\/www.uqac.ca\/uqactualites\/wp-json\/wp\/v2\/posts"}],"about":[{"href":"https:\/\/www.uqac.ca\/uqactualites\/wp-json\/wp\/v2\/types\/post"}],"author":[{"embeddable":true,"href":"https:\/\/www.uqac.ca\/uqactualites\/wp-json\/wp\/v2\/users\/5"}],"replies":[{"embeddable":true,"href":"https:\/\/www.uqac.ca\/uqactualites\/wp-json\/wp\/v2\/comments?post=53152"}],"version-history":[{"count":5,"href":"https:\/\/www.uqac.ca\/uqactualites\/wp-json\/wp\/v2\/posts\/53152\/revisions"}],"predecessor-version":[{"id":53158,"href":"https:\/\/www.uqac.ca\/uqactualites\/wp-json\/wp\/v2\/posts\/53152\/revisions\/53158"}],"wp:featuredmedia":[{"embeddable":true,"href":"https:\/\/www.uqac.ca\/uqactualites\/wp-json\/wp\/v2\/media\/53153"}],"wp:attachment":[{"href":"https:\/\/www.uqac.ca\/uqactualites\/wp-json\/wp\/v2\/media?parent=53152"}],"wp:term":[{"taxonomy":"category","embeddable":true,"href":"https:\/\/www.uqac.ca\/uqactualites\/wp-json\/wp\/v2\/categories?post=53152"},{"taxonomy":"post_tag","embeddable":true,"href":"https:\/\/www.uqac.ca\/uqactualites\/wp-json\/wp\/v2\/tags?post=53152"}],"curies":[{"name":"wp","href":"https:\/\/api.w.org\/{rel}","templated":true}]}}