{"id":53160,"date":"2026-01-20T10:28:17","date_gmt":"2026-01-20T15:28:17","guid":{"rendered":"https:\/\/www.uqac.ca\/uqactualites\/?p=53160"},"modified":"2026-01-20T10:28:27","modified_gmt":"2026-01-20T15:28:27","slug":"la-danse-inclusive-sinvite-au-departement-des-sciences-de-leducation","status":"publish","type":"post","link":"https:\/\/www.uqac.ca\/uqactualites\/2026\/01\/20\/la-danse-inclusive-sinvite-au-departement-des-sciences-de-leducation\/","title":{"rendered":"La danse inclusive s\u2019invite au D\u00e9partement des sciences de l\u2019\u00e9ducation"},"content":{"rendered":"<p>Un rendez-vous alliant th\u00e9orie et pratique en danse inclusive a r\u00e9uni \u00e0 l&rsquo;UQAC, les 7 et 8 janvier derniers, plusieurs membres de la communaut\u00e9 universitaire, des partenaires du milieu et des participantes et participants de la r\u00e9gion. Port\u00e9e par Luciola Fernandes dos Santos, professeure de musique, doctorante et charg\u00e9e de cours, avec la collaboration de la professeure Maria Camila Londo\u00f1o \u2013 toutes deux issues du D\u00e9partement des sciences de l\u2019\u00e9ducation de l\u2019UQAC \u2013, l\u2019initiative a \u00e9t\u00e9 rendue possible gr\u00e2ce \u00e0 un partenariat avec l\u2019Universit\u00e9 f\u00e9d\u00e9rale de Juiz de Fora (UFJF) au Br\u00e9sil.<\/p>\n<p>L\u2019activit\u00e9 s\u2019est amorc\u00e9e par une s\u00e9ance th\u00e9orique anim\u00e9e par la professeure Eliana Ferreira, qui a pr\u00e9sent\u00e9 les travaux du Laboratoire de recherche en inclusion, mouvement et enseignement (NGIME), qu\u2019elle dirige au sein de l\u2019UFJF. Cette rencontre a permis de faire conna\u00eetre des approches novatrices, notamment l\u2019audiodescription, la danse en fauteuil roulant et l\u2019adaptation des pratiques en milieu scolaire. Des membres du corps professoral de l\u2019UQAC issus des domaines de l\u2019\u00e9ducation, de la sant\u00e9 et des arts se sont joints \u00e0 l\u2019activit\u00e9, donnant lieu \u00e0 un \u00e9change interdisciplinaire autour des pratiques inclusives, un th\u00e8me incontournable dans les travaux en sciences de l\u2019\u00e9ducation.<\/p>\n<p>Le lendemain, un atelier pratique anim\u00e9 par l\u2019experte internationale Luciene Rodrigues Fernandes a rassembl\u00e9 des personnes exp\u00e9riment\u00e9es et d\u2019autres d\u00e9couvrant la danse inclusive pour la premi\u00e8re fois. Toutes et tous ont pu contribuer \u00e0 la cr\u00e9ation collective du mouvement, illustrant la port\u00e9e et la flexibilit\u00e9 de ces pratiques.<\/p>\n<p>Moment privil\u00e9gi\u00e9 pour explorer le mouvement, l\u2019expression et l\u2019inclusion, cette activit\u00e9 s\u2019inscrit dans une d\u00e9marche de diffusion des savoirs et de d\u00e9mocratisation de l\u2019acc\u00e8s aux pratiques inclusives, en favorisant les \u00e9changes entre la recherche universitaire, les pratiques professionnelles et la communaut\u00e9. Elle s\u2019int\u00e8gre pleinement dans les orientations du D\u00e9partement des sciences de l\u2019\u00e9ducation, qui met de l\u2019avant le d\u00e9veloppement de pratiques p\u00e9dagogiques accessibles et cr\u00e9atives, en coh\u00e9rence avec l\u2019importance accord\u00e9e \u00e0 l\u2019inclusion \u00e0 l\u2019UQAC.<\/p>\n","protected":false},"excerpt":{"rendered":"<p>Un rendez-vous alliant th\u00e9orie et pratique en danse inclusive a r\u00e9uni \u00e0 l&rsquo;UQAC, les 7 et 8 janvier derniers, plusieurs membres de la communaut\u00e9 universitaire, des partenaires du milieu et des participantes et participants de la r\u00e9gion. Port\u00e9e par Luciola Fernandes dos Santos, professeure de musique, doctorante et charg\u00e9e de cours, avec la collaboration de [&hellip;]<\/p>\n","protected":false},"author":5,"featured_media":53161,"comment_status":"closed","ping_status":"open","sticky":false,"template":"","format":"standard","meta":{"footnotes":""},"categories":[2795,2,4],"tags":[5],"yoast_head":"<!-- This site is optimized with the Yoast SEO plugin v24.2 - https:\/\/yoast.com\/wordpress\/plugins\/seo\/ -->\r\n<title>La danse inclusive s\u2019invite au D\u00e9partement des sciences de l\u2019\u00e9ducation - UQACtualit\u00e9s<\/title>\r\n<meta name=\"robots\" content=\"index, follow, max-snippet:-1, max-image-preview:large, max-video-preview:-1\" \/>\r\n<link rel=\"canonical\" href=\"https:\/\/www.uqac.ca\/uqactualites\/2026\/01\/20\/la-danse-inclusive-sinvite-au-departement-des-sciences-de-leducation\/\" \/>\r\n<meta property=\"og:locale\" content=\"fr_CA\" \/>\r\n<meta property=\"og:type\" content=\"article\" \/>\r\n<meta property=\"og:title\" content=\"La danse inclusive s\u2019invite au D\u00e9partement des sciences de l\u2019\u00e9ducation - UQACtualit\u00e9s\" \/>\r\n<meta property=\"og:description\" content=\"Un rendez-vous alliant th\u00e9orie et pratique en danse inclusive a r\u00e9uni \u00e0 l&rsquo;UQAC, les 7 et 8 janvier derniers, plusieurs membres de la communaut\u00e9 universitaire, des partenaires du milieu et des participantes et participants de la r\u00e9gion. Port\u00e9e par Luciola Fernandes dos Santos, professeure de musique, doctorante et charg\u00e9e de cours, avec la collaboration de [&hellip;]\" \/>\r\n<meta property=\"og:url\" content=\"https:\/\/www.uqac.ca\/uqactualites\/2026\/01\/20\/la-danse-inclusive-sinvite-au-departement-des-sciences-de-leducation\/\" \/>\r\n<meta property=\"og:site_name\" content=\"UQACtualit\u00e9s\" \/>\r\n<meta property=\"article:published_time\" content=\"2026-01-20T15:28:17+00:00\" \/>\r\n<meta property=\"article:modified_time\" content=\"2026-01-20T15:28:27+00:00\" \/>\r\n<meta property=\"og:image\" content=\"https:\/\/www.uqac.ca\/uqactualites\/wp-content\/uploads\/2026\/01\/Atelier-Danse-Inclusive-Pratique-2.jpeg\" \/>\r\n\t<meta property=\"og:image:width\" content=\"1200\" \/>\r\n\t<meta property=\"og:image:height\" content=\"900\" \/>\r\n\t<meta property=\"og:image:type\" content=\"image\/jpeg\" \/>\r\n<meta name=\"author\" content=\"Service des communications et des relations publiques\" \/>\r\n<meta name=\"twitter:card\" content=\"summary_large_image\" \/>\r\n<meta name=\"twitter:label1\" content=\"\u00c9crit par\" \/>\n\t<meta name=\"twitter:data1\" content=\"Service des communications et des relations publiques\" \/>\n\t<meta name=\"twitter:label2\" content=\"Estimation du temps de lecture\" \/>\n\t<meta name=\"twitter:data2\" content=\"2 minutes\" \/>\r\n<script type=\"application\/ld+json\" class=\"yoast-schema-graph\">{\"@context\":\"https:\/\/schema.org\",\"@graph\":[{\"@type\":\"WebPage\",\"@id\":\"https:\/\/www.uqac.ca\/uqactualites\/2026\/01\/20\/la-danse-inclusive-sinvite-au-departement-des-sciences-de-leducation\/\",\"url\":\"https:\/\/www.uqac.ca\/uqactualites\/2026\/01\/20\/la-danse-inclusive-sinvite-au-departement-des-sciences-de-leducation\/\",\"name\":\"La danse inclusive s\u2019invite au D\u00e9partement des sciences de l\u2019\u00e9ducation - UQACtualit\u00e9s\",\"isPartOf\":{\"@id\":\"https:\/\/www.uqac.ca\/uqactualites\/#website\"},\"primaryImageOfPage\":{\"@id\":\"https:\/\/www.uqac.ca\/uqactualites\/2026\/01\/20\/la-danse-inclusive-sinvite-au-departement-des-sciences-de-leducation\/#primaryimage\"},\"image\":{\"@id\":\"https:\/\/www.uqac.ca\/uqactualites\/2026\/01\/20\/la-danse-inclusive-sinvite-au-departement-des-sciences-de-leducation\/#primaryimage\"},\"thumbnailUrl\":\"https:\/\/www.uqac.ca\/uqactualites\/wp-content\/uploads\/2026\/01\/Atelier-Danse-Inclusive-Pratique-2.jpeg\",\"datePublished\":\"2026-01-20T15:28:17+00:00\",\"dateModified\":\"2026-01-20T15:28:27+00:00\",\"author\":{\"@id\":\"https:\/\/www.uqac.ca\/uqactualites\/#\/schema\/person\/366c45a0c4f0e677b41b4af5886e2018\"},\"breadcrumb\":{\"@id\":\"https:\/\/www.uqac.ca\/uqactualites\/2026\/01\/20\/la-danse-inclusive-sinvite-au-departement-des-sciences-de-leducation\/#breadcrumb\"},\"inLanguage\":\"fr-CA\",\"potentialAction\":[{\"@type\":\"ReadAction\",\"target\":[\"https:\/\/www.uqac.ca\/uqactualites\/2026\/01\/20\/la-danse-inclusive-sinvite-au-departement-des-sciences-de-leducation\/\"]}]},{\"@type\":\"ImageObject\",\"inLanguage\":\"fr-CA\",\"@id\":\"https:\/\/www.uqac.ca\/uqactualites\/2026\/01\/20\/la-danse-inclusive-sinvite-au-departement-des-sciences-de-leducation\/#primaryimage\",\"url\":\"https:\/\/www.uqac.ca\/uqactualites\/wp-content\/uploads\/2026\/01\/Atelier-Danse-Inclusive-Pratique-2.jpeg\",\"contentUrl\":\"https:\/\/www.uqac.ca\/uqactualites\/wp-content\/uploads\/2026\/01\/Atelier-Danse-Inclusive-Pratique-2.jpeg\",\"width\":1200,\"height\":900},{\"@type\":\"BreadcrumbList\",\"@id\":\"https:\/\/www.uqac.ca\/uqactualites\/2026\/01\/20\/la-danse-inclusive-sinvite-au-departement-des-sciences-de-leducation\/#breadcrumb\",\"itemListElement\":[{\"@type\":\"ListItem\",\"position\":1,\"name\":\"Home\",\"item\":\"https:\/\/www.uqac.ca\/uqactualites\/\"},{\"@type\":\"ListItem\",\"position\":2,\"name\":\"La danse inclusive s\u2019invite au D\u00e9partement des sciences de l\u2019\u00e9ducation\"}]},{\"@type\":\"WebSite\",\"@id\":\"https:\/\/www.uqac.ca\/uqactualites\/#website\",\"url\":\"https:\/\/www.uqac.ca\/uqactualites\/\",\"name\":\"UQACtualit\u00e9s\",\"description\":\"Le portail des nouvelles de l&#039;UQAC\",\"potentialAction\":[{\"@type\":\"SearchAction\",\"target\":{\"@type\":\"EntryPoint\",\"urlTemplate\":\"https:\/\/www.uqac.ca\/uqactualites\/?s={search_term_string}\"},\"query-input\":{\"@type\":\"PropertyValueSpecification\",\"valueRequired\":true,\"valueName\":\"search_term_string\"}}],\"inLanguage\":\"fr-CA\"},{\"@type\":\"Person\",\"@id\":\"https:\/\/www.uqac.ca\/uqactualites\/#\/schema\/person\/366c45a0c4f0e677b41b4af5886e2018\",\"name\":\"Service des communications et des relations publiques\",\"image\":{\"@type\":\"ImageObject\",\"inLanguage\":\"fr-CA\",\"@id\":\"https:\/\/www.uqac.ca\/uqactualites\/#\/schema\/person\/image\/\",\"url\":\"https:\/\/secure.gravatar.com\/avatar\/20fbbda8a292f59f2d3461a5b999c00b?s=96&d=mm&r=g\",\"contentUrl\":\"https:\/\/secure.gravatar.com\/avatar\/20fbbda8a292f59f2d3461a5b999c00b?s=96&d=mm&r=g\",\"caption\":\"Service des communications et des relations publiques\"},\"url\":\"https:\/\/www.uqac.ca\/uqactualites\/author\/bap\/\"}]}<\/script>\r\n<!-- \/ Yoast SEO plugin. -->","yoast_head_json":{"title":"La danse inclusive s\u2019invite au D\u00e9partement des sciences de l\u2019\u00e9ducation - UQACtualit\u00e9s","robots":{"index":"index","follow":"follow","max-snippet":"max-snippet:-1","max-image-preview":"max-image-preview:large","max-video-preview":"max-video-preview:-1"},"canonical":"https:\/\/www.uqac.ca\/uqactualites\/2026\/01\/20\/la-danse-inclusive-sinvite-au-departement-des-sciences-de-leducation\/","og_locale":"fr_CA","og_type":"article","og_title":"La danse inclusive s\u2019invite au D\u00e9partement des sciences de l\u2019\u00e9ducation - UQACtualit\u00e9s","og_description":"Un rendez-vous alliant th\u00e9orie et pratique en danse inclusive a r\u00e9uni \u00e0 l&rsquo;UQAC, les 7 et 8 janvier derniers, plusieurs membres de la communaut\u00e9 universitaire, des partenaires du milieu et des participantes et participants de la r\u00e9gion. Port\u00e9e par Luciola Fernandes dos Santos, professeure de musique, doctorante et charg\u00e9e de cours, avec la collaboration de [&hellip;]","og_url":"https:\/\/www.uqac.ca\/uqactualites\/2026\/01\/20\/la-danse-inclusive-sinvite-au-departement-des-sciences-de-leducation\/","og_site_name":"UQACtualit\u00e9s","article_published_time":"2026-01-20T15:28:17+00:00","article_modified_time":"2026-01-20T15:28:27+00:00","og_image":[{"width":1200,"height":900,"url":"https:\/\/www.uqac.ca\/uqactualites\/wp-content\/uploads\/2026\/01\/Atelier-Danse-Inclusive-Pratique-2.jpeg","type":"image\/jpeg"}],"author":"Service des communications et des relations publiques","twitter_card":"summary_large_image","twitter_misc":{"\u00c9crit par":"Service des communications et des relations publiques","Estimation du temps de lecture":"2 minutes"},"schema":{"@context":"https:\/\/schema.org","@graph":[{"@type":"WebPage","@id":"https:\/\/www.uqac.ca\/uqactualites\/2026\/01\/20\/la-danse-inclusive-sinvite-au-departement-des-sciences-de-leducation\/","url":"https:\/\/www.uqac.ca\/uqactualites\/2026\/01\/20\/la-danse-inclusive-sinvite-au-departement-des-sciences-de-leducation\/","name":"La danse inclusive s\u2019invite au D\u00e9partement des sciences de l\u2019\u00e9ducation - UQACtualit\u00e9s","isPartOf":{"@id":"https:\/\/www.uqac.ca\/uqactualites\/#website"},"primaryImageOfPage":{"@id":"https:\/\/www.uqac.ca\/uqactualites\/2026\/01\/20\/la-danse-inclusive-sinvite-au-departement-des-sciences-de-leducation\/#primaryimage"},"image":{"@id":"https:\/\/www.uqac.ca\/uqactualites\/2026\/01\/20\/la-danse-inclusive-sinvite-au-departement-des-sciences-de-leducation\/#primaryimage"},"thumbnailUrl":"https:\/\/www.uqac.ca\/uqactualites\/wp-content\/uploads\/2026\/01\/Atelier-Danse-Inclusive-Pratique-2.jpeg","datePublished":"2026-01-20T15:28:17+00:00","dateModified":"2026-01-20T15:28:27+00:00","author":{"@id":"https:\/\/www.uqac.ca\/uqactualites\/#\/schema\/person\/366c45a0c4f0e677b41b4af5886e2018"},"breadcrumb":{"@id":"https:\/\/www.uqac.ca\/uqactualites\/2026\/01\/20\/la-danse-inclusive-sinvite-au-departement-des-sciences-de-leducation\/#breadcrumb"},"inLanguage":"fr-CA","potentialAction":[{"@type":"ReadAction","target":["https:\/\/www.uqac.ca\/uqactualites\/2026\/01\/20\/la-danse-inclusive-sinvite-au-departement-des-sciences-de-leducation\/"]}]},{"@type":"ImageObject","inLanguage":"fr-CA","@id":"https:\/\/www.uqac.ca\/uqactualites\/2026\/01\/20\/la-danse-inclusive-sinvite-au-departement-des-sciences-de-leducation\/#primaryimage","url":"https:\/\/www.uqac.ca\/uqactualites\/wp-content\/uploads\/2026\/01\/Atelier-Danse-Inclusive-Pratique-2.jpeg","contentUrl":"https:\/\/www.uqac.ca\/uqactualites\/wp-content\/uploads\/2026\/01\/Atelier-Danse-Inclusive-Pratique-2.jpeg","width":1200,"height":900},{"@type":"BreadcrumbList","@id":"https:\/\/www.uqac.ca\/uqactualites\/2026\/01\/20\/la-danse-inclusive-sinvite-au-departement-des-sciences-de-leducation\/#breadcrumb","itemListElement":[{"@type":"ListItem","position":1,"name":"Home","item":"https:\/\/www.uqac.ca\/uqactualites\/"},{"@type":"ListItem","position":2,"name":"La danse inclusive s\u2019invite au D\u00e9partement des sciences de l\u2019\u00e9ducation"}]},{"@type":"WebSite","@id":"https:\/\/www.uqac.ca\/uqactualites\/#website","url":"https:\/\/www.uqac.ca\/uqactualites\/","name":"UQACtualit\u00e9s","description":"Le portail des nouvelles de l&#039;UQAC","potentialAction":[{"@type":"SearchAction","target":{"@type":"EntryPoint","urlTemplate":"https:\/\/www.uqac.ca\/uqactualites\/?s={search_term_string}"},"query-input":{"@type":"PropertyValueSpecification","valueRequired":true,"valueName":"search_term_string"}}],"inLanguage":"fr-CA"},{"@type":"Person","@id":"https:\/\/www.uqac.ca\/uqactualites\/#\/schema\/person\/366c45a0c4f0e677b41b4af5886e2018","name":"Service des communications et des relations publiques","image":{"@type":"ImageObject","inLanguage":"fr-CA","@id":"https:\/\/www.uqac.ca\/uqactualites\/#\/schema\/person\/image\/","url":"https:\/\/secure.gravatar.com\/avatar\/20fbbda8a292f59f2d3461a5b999c00b?s=96&d=mm&r=g","contentUrl":"https:\/\/secure.gravatar.com\/avatar\/20fbbda8a292f59f2d3461a5b999c00b?s=96&d=mm&r=g","caption":"Service des communications et des relations publiques"},"url":"https:\/\/www.uqac.ca\/uqactualites\/author\/bap\/"}]}},"_links":{"self":[{"href":"https:\/\/www.uqac.ca\/uqactualites\/wp-json\/wp\/v2\/posts\/53160"}],"collection":[{"href":"https:\/\/www.uqac.ca\/uqactualites\/wp-json\/wp\/v2\/posts"}],"about":[{"href":"https:\/\/www.uqac.ca\/uqactualites\/wp-json\/wp\/v2\/types\/post"}],"author":[{"embeddable":true,"href":"https:\/\/www.uqac.ca\/uqactualites\/wp-json\/wp\/v2\/users\/5"}],"replies":[{"embeddable":true,"href":"https:\/\/www.uqac.ca\/uqactualites\/wp-json\/wp\/v2\/comments?post=53160"}],"version-history":[{"count":3,"href":"https:\/\/www.uqac.ca\/uqactualites\/wp-json\/wp\/v2\/posts\/53160\/revisions"}],"predecessor-version":[{"id":53168,"href":"https:\/\/www.uqac.ca\/uqactualites\/wp-json\/wp\/v2\/posts\/53160\/revisions\/53168"}],"wp:featuredmedia":[{"embeddable":true,"href":"https:\/\/www.uqac.ca\/uqactualites\/wp-json\/wp\/v2\/media\/53161"}],"wp:attachment":[{"href":"https:\/\/www.uqac.ca\/uqactualites\/wp-json\/wp\/v2\/media?parent=53160"}],"wp:term":[{"taxonomy":"category","embeddable":true,"href":"https:\/\/www.uqac.ca\/uqactualites\/wp-json\/wp\/v2\/categories?post=53160"},{"taxonomy":"post_tag","embeddable":true,"href":"https:\/\/www.uqac.ca\/uqactualites\/wp-json\/wp\/v2\/tags?post=53160"}],"curies":[{"name":"wp","href":"https:\/\/api.w.org\/{rel}","templated":true}]}}