{"id":53184,"date":"2026-01-22T11:29:04","date_gmt":"2026-01-22T16:29:04","guid":{"rendered":"https:\/\/www.uqac.ca\/uqactualites\/?p=53184"},"modified":"2026-01-22T11:59:40","modified_gmt":"2026-01-22T16:59:40","slug":"le-professeur-philippe-boigey-nomme-au-conseil-des-etudes-de-luniversite-du-quebec","status":"publish","type":"post","link":"https:\/\/www.uqac.ca\/uqactualites\/2026\/01\/22\/le-professeur-philippe-boigey-nomme-au-conseil-des-etudes-de-luniversite-du-quebec\/","title":{"rendered":"Le professeur Philippe Boigey nomm\u00e9 au conseil des \u00e9tudes de l\u2019Universit\u00e9 du Qu\u00e9bec"},"content":{"rendered":"<p>L\u2019Assembl\u00e9e des gouverneurs de l\u2019Universit\u00e9 du Qu\u00e9bec (UQ) a proc\u00e9d\u00e9 \u00e0 la nomination de <a href=\"https:\/\/portfolio.uqac.ca\/philippeboigey\/\" target=\"_blank\" rel=\"noopener\">Philippe Boigey<\/a> au conseil des \u00e9tudes \u00e0 titre de repr\u00e9sentant du corps professoral pour un mandat de trois ans.<\/p>\n<p>Philippe Boigey est professeur au D\u00e9partement des sciences \u00e9conomiques et administratives et directeur du doctorat en management de projet de l\u2019UQAC. Avec cette nomination, il occupe d\u00e9sormais l\u2019un des trois si\u00e8ges du conseil des \u00e9tudes d\u00e9di\u00e9s \u00e0 des professeurs ou professeures du r\u00e9seau de l\u2019UQ et d\u00e9sign\u00e9s par le corps professoral de ses universit\u00e9s, instituts et \u00e9coles constituantes.<\/p>\n<p>Rappelons que le professeur en arch\u00e9ologie au D\u00e9partement des sciences humaines et sociales de l&rsquo;UQAC <a href=\"https:\/\/portfolio.uqac.ca\/eriklangevin\/\" target=\"_blank\" rel=\"noopener\">Erik Langevin<\/a> fait \u00e9galement partie des repr\u00e9sentants du corps professoral au conseil des \u00e9tudes, avec un mandat qui se poursuit jusqu&rsquo;en avril 2026.<\/p>\n<p>F\u00e9licitations au professeur Boigey pour cette nomination. Nous lui souhaitons tout le succ\u00e8s attendu dans le cadre de ses nouvelles fonctions!<\/p>\n","protected":false},"excerpt":{"rendered":"<p>L\u2019Assembl\u00e9e des gouverneurs de l\u2019Universit\u00e9 du Qu\u00e9bec (UQ) a proc\u00e9d\u00e9 \u00e0 la nomination de Philippe Boigey au conseil des \u00e9tudes \u00e0 titre de repr\u00e9sentant du corps professoral pour un mandat de trois ans. Philippe Boigey est professeur au D\u00e9partement des sciences \u00e9conomiques et administratives et directeur du doctorat en management de projet de l\u2019UQAC. Avec [&hellip;]<\/p>\n","protected":false},"author":5,"featured_media":53185,"comment_status":"closed","ping_status":"open","sticky":false,"template":"","format":"standard","meta":{"footnotes":""},"categories":[2795,2,15],"tags":[],"yoast_head":"<!-- This site is optimized with the Yoast SEO plugin v24.2 - https:\/\/yoast.com\/wordpress\/plugins\/seo\/ -->\r\n<title>Le professeur Philippe Boigey nomm\u00e9 au conseil des \u00e9tudes de l\u2019Universit\u00e9 du Qu\u00e9bec - UQACtualit\u00e9s<\/title>\r\n<meta name=\"robots\" content=\"index, follow, max-snippet:-1, max-image-preview:large, max-video-preview:-1\" \/>\r\n<link rel=\"canonical\" href=\"https:\/\/www.uqac.ca\/uqactualites\/2026\/01\/22\/le-professeur-philippe-boigey-nomme-au-conseil-des-etudes-de-luniversite-du-quebec\/\" \/>\r\n<meta property=\"og:locale\" content=\"fr_CA\" \/>\r\n<meta property=\"og:type\" content=\"article\" \/>\r\n<meta property=\"og:title\" content=\"Le professeur Philippe Boigey nomm\u00e9 au conseil des \u00e9tudes de l\u2019Universit\u00e9 du Qu\u00e9bec - UQACtualit\u00e9s\" \/>\r\n<meta property=\"og:description\" content=\"L\u2019Assembl\u00e9e des gouverneurs de l\u2019Universit\u00e9 du Qu\u00e9bec (UQ) a proc\u00e9d\u00e9 \u00e0 la nomination de Philippe Boigey au conseil des \u00e9tudes \u00e0 titre de repr\u00e9sentant du corps professoral pour un mandat de trois ans. Philippe Boigey est professeur au D\u00e9partement des sciences \u00e9conomiques et administratives et directeur du doctorat en management de projet de l\u2019UQAC. Avec [&hellip;]\" \/>\r\n<meta property=\"og:url\" content=\"https:\/\/www.uqac.ca\/uqactualites\/2026\/01\/22\/le-professeur-philippe-boigey-nomme-au-conseil-des-etudes-de-luniversite-du-quebec\/\" \/>\r\n<meta property=\"og:site_name\" content=\"UQACtualit\u00e9s\" \/>\r\n<meta property=\"article:published_time\" content=\"2026-01-22T16:29:04+00:00\" \/>\r\n<meta property=\"article:modified_time\" content=\"2026-01-22T16:59:40+00:00\" \/>\r\n<meta property=\"og:image\" content=\"https:\/\/www.uqac.ca\/uqactualites\/wp-content\/uploads\/2026\/01\/A-la-une-UQACtualite-16.png\" \/>\r\n\t<meta property=\"og:image:width\" content=\"1920\" \/>\r\n\t<meta property=\"og:image:height\" content=\"1080\" \/>\r\n\t<meta property=\"og:image:type\" content=\"image\/png\" \/>\r\n<meta name=\"author\" content=\"Service des communications et des relations publiques\" \/>\r\n<meta name=\"twitter:card\" content=\"summary_large_image\" \/>\r\n<meta name=\"twitter:label1\" content=\"\u00c9crit par\" \/>\n\t<meta name=\"twitter:data1\" content=\"Service des communications et des relations publiques\" \/>\n\t<meta name=\"twitter:label2\" content=\"Estimation du temps de lecture\" \/>\n\t<meta name=\"twitter:data2\" content=\"1 minute\" \/>\r\n<script type=\"application\/ld+json\" class=\"yoast-schema-graph\">{\"@context\":\"https:\/\/schema.org\",\"@graph\":[{\"@type\":\"WebPage\",\"@id\":\"https:\/\/www.uqac.ca\/uqactualites\/2026\/01\/22\/le-professeur-philippe-boigey-nomme-au-conseil-des-etudes-de-luniversite-du-quebec\/\",\"url\":\"https:\/\/www.uqac.ca\/uqactualites\/2026\/01\/22\/le-professeur-philippe-boigey-nomme-au-conseil-des-etudes-de-luniversite-du-quebec\/\",\"name\":\"Le professeur Philippe Boigey nomm\u00e9 au conseil des \u00e9tudes de l\u2019Universit\u00e9 du Qu\u00e9bec - UQACtualit\u00e9s\",\"isPartOf\":{\"@id\":\"https:\/\/www.uqac.ca\/uqactualites\/#website\"},\"primaryImageOfPage\":{\"@id\":\"https:\/\/www.uqac.ca\/uqactualites\/2026\/01\/22\/le-professeur-philippe-boigey-nomme-au-conseil-des-etudes-de-luniversite-du-quebec\/#primaryimage\"},\"image\":{\"@id\":\"https:\/\/www.uqac.ca\/uqactualites\/2026\/01\/22\/le-professeur-philippe-boigey-nomme-au-conseil-des-etudes-de-luniversite-du-quebec\/#primaryimage\"},\"thumbnailUrl\":\"https:\/\/www.uqac.ca\/uqactualites\/wp-content\/uploads\/2026\/01\/A-la-une-UQACtualite-16.png\",\"datePublished\":\"2026-01-22T16:29:04+00:00\",\"dateModified\":\"2026-01-22T16:59:40+00:00\",\"author\":{\"@id\":\"https:\/\/www.uqac.ca\/uqactualites\/#\/schema\/person\/366c45a0c4f0e677b41b4af5886e2018\"},\"breadcrumb\":{\"@id\":\"https:\/\/www.uqac.ca\/uqactualites\/2026\/01\/22\/le-professeur-philippe-boigey-nomme-au-conseil-des-etudes-de-luniversite-du-quebec\/#breadcrumb\"},\"inLanguage\":\"fr-CA\",\"potentialAction\":[{\"@type\":\"ReadAction\",\"target\":[\"https:\/\/www.uqac.ca\/uqactualites\/2026\/01\/22\/le-professeur-philippe-boigey-nomme-au-conseil-des-etudes-de-luniversite-du-quebec\/\"]}]},{\"@type\":\"ImageObject\",\"inLanguage\":\"fr-CA\",\"@id\":\"https:\/\/www.uqac.ca\/uqactualites\/2026\/01\/22\/le-professeur-philippe-boigey-nomme-au-conseil-des-etudes-de-luniversite-du-quebec\/#primaryimage\",\"url\":\"https:\/\/www.uqac.ca\/uqactualites\/wp-content\/uploads\/2026\/01\/A-la-une-UQACtualite-16.png\",\"contentUrl\":\"https:\/\/www.uqac.ca\/uqactualites\/wp-content\/uploads\/2026\/01\/A-la-une-UQACtualite-16.png\",\"width\":1920,\"height\":1080},{\"@type\":\"BreadcrumbList\",\"@id\":\"https:\/\/www.uqac.ca\/uqactualites\/2026\/01\/22\/le-professeur-philippe-boigey-nomme-au-conseil-des-etudes-de-luniversite-du-quebec\/#breadcrumb\",\"itemListElement\":[{\"@type\":\"ListItem\",\"position\":1,\"name\":\"Home\",\"item\":\"https:\/\/www.uqac.ca\/uqactualites\/\"},{\"@type\":\"ListItem\",\"position\":2,\"name\":\"Le professeur Philippe Boigey nomm\u00e9 au conseil des \u00e9tudes de l\u2019Universit\u00e9 du Qu\u00e9bec\"}]},{\"@type\":\"WebSite\",\"@id\":\"https:\/\/www.uqac.ca\/uqactualites\/#website\",\"url\":\"https:\/\/www.uqac.ca\/uqactualites\/\",\"name\":\"UQACtualit\u00e9s\",\"description\":\"Le portail des nouvelles de l&#039;UQAC\",\"potentialAction\":[{\"@type\":\"SearchAction\",\"target\":{\"@type\":\"EntryPoint\",\"urlTemplate\":\"https:\/\/www.uqac.ca\/uqactualites\/?s={search_term_string}\"},\"query-input\":{\"@type\":\"PropertyValueSpecification\",\"valueRequired\":true,\"valueName\":\"search_term_string\"}}],\"inLanguage\":\"fr-CA\"},{\"@type\":\"Person\",\"@id\":\"https:\/\/www.uqac.ca\/uqactualites\/#\/schema\/person\/366c45a0c4f0e677b41b4af5886e2018\",\"name\":\"Service des communications et des relations publiques\",\"image\":{\"@type\":\"ImageObject\",\"inLanguage\":\"fr-CA\",\"@id\":\"https:\/\/www.uqac.ca\/uqactualites\/#\/schema\/person\/image\/\",\"url\":\"https:\/\/secure.gravatar.com\/avatar\/20fbbda8a292f59f2d3461a5b999c00b?s=96&d=mm&r=g\",\"contentUrl\":\"https:\/\/secure.gravatar.com\/avatar\/20fbbda8a292f59f2d3461a5b999c00b?s=96&d=mm&r=g\",\"caption\":\"Service des communications et des relations publiques\"},\"url\":\"https:\/\/www.uqac.ca\/uqactualites\/author\/bap\/\"}]}<\/script>\r\n<!-- \/ Yoast SEO plugin. -->","yoast_head_json":{"title":"Le professeur Philippe Boigey nomm\u00e9 au conseil des \u00e9tudes de l\u2019Universit\u00e9 du Qu\u00e9bec - UQACtualit\u00e9s","robots":{"index":"index","follow":"follow","max-snippet":"max-snippet:-1","max-image-preview":"max-image-preview:large","max-video-preview":"max-video-preview:-1"},"canonical":"https:\/\/www.uqac.ca\/uqactualites\/2026\/01\/22\/le-professeur-philippe-boigey-nomme-au-conseil-des-etudes-de-luniversite-du-quebec\/","og_locale":"fr_CA","og_type":"article","og_title":"Le professeur Philippe Boigey nomm\u00e9 au conseil des \u00e9tudes de l\u2019Universit\u00e9 du Qu\u00e9bec - UQACtualit\u00e9s","og_description":"L\u2019Assembl\u00e9e des gouverneurs de l\u2019Universit\u00e9 du Qu\u00e9bec (UQ) a proc\u00e9d\u00e9 \u00e0 la nomination de Philippe Boigey au conseil des \u00e9tudes \u00e0 titre de repr\u00e9sentant du corps professoral pour un mandat de trois ans. Philippe Boigey est professeur au D\u00e9partement des sciences \u00e9conomiques et administratives et directeur du doctorat en management de projet de l\u2019UQAC. Avec [&hellip;]","og_url":"https:\/\/www.uqac.ca\/uqactualites\/2026\/01\/22\/le-professeur-philippe-boigey-nomme-au-conseil-des-etudes-de-luniversite-du-quebec\/","og_site_name":"UQACtualit\u00e9s","article_published_time":"2026-01-22T16:29:04+00:00","article_modified_time":"2026-01-22T16:59:40+00:00","og_image":[{"width":1920,"height":1080,"url":"https:\/\/www.uqac.ca\/uqactualites\/wp-content\/uploads\/2026\/01\/A-la-une-UQACtualite-16.png","type":"image\/png"}],"author":"Service des communications et des relations publiques","twitter_card":"summary_large_image","twitter_misc":{"\u00c9crit par":"Service des communications et des relations publiques","Estimation du temps de lecture":"1 minute"},"schema":{"@context":"https:\/\/schema.org","@graph":[{"@type":"WebPage","@id":"https:\/\/www.uqac.ca\/uqactualites\/2026\/01\/22\/le-professeur-philippe-boigey-nomme-au-conseil-des-etudes-de-luniversite-du-quebec\/","url":"https:\/\/www.uqac.ca\/uqactualites\/2026\/01\/22\/le-professeur-philippe-boigey-nomme-au-conseil-des-etudes-de-luniversite-du-quebec\/","name":"Le professeur Philippe Boigey nomm\u00e9 au conseil des \u00e9tudes de l\u2019Universit\u00e9 du Qu\u00e9bec - UQACtualit\u00e9s","isPartOf":{"@id":"https:\/\/www.uqac.ca\/uqactualites\/#website"},"primaryImageOfPage":{"@id":"https:\/\/www.uqac.ca\/uqactualites\/2026\/01\/22\/le-professeur-philippe-boigey-nomme-au-conseil-des-etudes-de-luniversite-du-quebec\/#primaryimage"},"image":{"@id":"https:\/\/www.uqac.ca\/uqactualites\/2026\/01\/22\/le-professeur-philippe-boigey-nomme-au-conseil-des-etudes-de-luniversite-du-quebec\/#primaryimage"},"thumbnailUrl":"https:\/\/www.uqac.ca\/uqactualites\/wp-content\/uploads\/2026\/01\/A-la-une-UQACtualite-16.png","datePublished":"2026-01-22T16:29:04+00:00","dateModified":"2026-01-22T16:59:40+00:00","author":{"@id":"https:\/\/www.uqac.ca\/uqactualites\/#\/schema\/person\/366c45a0c4f0e677b41b4af5886e2018"},"breadcrumb":{"@id":"https:\/\/www.uqac.ca\/uqactualites\/2026\/01\/22\/le-professeur-philippe-boigey-nomme-au-conseil-des-etudes-de-luniversite-du-quebec\/#breadcrumb"},"inLanguage":"fr-CA","potentialAction":[{"@type":"ReadAction","target":["https:\/\/www.uqac.ca\/uqactualites\/2026\/01\/22\/le-professeur-philippe-boigey-nomme-au-conseil-des-etudes-de-luniversite-du-quebec\/"]}]},{"@type":"ImageObject","inLanguage":"fr-CA","@id":"https:\/\/www.uqac.ca\/uqactualites\/2026\/01\/22\/le-professeur-philippe-boigey-nomme-au-conseil-des-etudes-de-luniversite-du-quebec\/#primaryimage","url":"https:\/\/www.uqac.ca\/uqactualites\/wp-content\/uploads\/2026\/01\/A-la-une-UQACtualite-16.png","contentUrl":"https:\/\/www.uqac.ca\/uqactualites\/wp-content\/uploads\/2026\/01\/A-la-une-UQACtualite-16.png","width":1920,"height":1080},{"@type":"BreadcrumbList","@id":"https:\/\/www.uqac.ca\/uqactualites\/2026\/01\/22\/le-professeur-philippe-boigey-nomme-au-conseil-des-etudes-de-luniversite-du-quebec\/#breadcrumb","itemListElement":[{"@type":"ListItem","position":1,"name":"Home","item":"https:\/\/www.uqac.ca\/uqactualites\/"},{"@type":"ListItem","position":2,"name":"Le professeur Philippe Boigey nomm\u00e9 au conseil des \u00e9tudes de l\u2019Universit\u00e9 du Qu\u00e9bec"}]},{"@type":"WebSite","@id":"https:\/\/www.uqac.ca\/uqactualites\/#website","url":"https:\/\/www.uqac.ca\/uqactualites\/","name":"UQACtualit\u00e9s","description":"Le portail des nouvelles de l&#039;UQAC","potentialAction":[{"@type":"SearchAction","target":{"@type":"EntryPoint","urlTemplate":"https:\/\/www.uqac.ca\/uqactualites\/?s={search_term_string}"},"query-input":{"@type":"PropertyValueSpecification","valueRequired":true,"valueName":"search_term_string"}}],"inLanguage":"fr-CA"},{"@type":"Person","@id":"https:\/\/www.uqac.ca\/uqactualites\/#\/schema\/person\/366c45a0c4f0e677b41b4af5886e2018","name":"Service des communications et des relations publiques","image":{"@type":"ImageObject","inLanguage":"fr-CA","@id":"https:\/\/www.uqac.ca\/uqactualites\/#\/schema\/person\/image\/","url":"https:\/\/secure.gravatar.com\/avatar\/20fbbda8a292f59f2d3461a5b999c00b?s=96&d=mm&r=g","contentUrl":"https:\/\/secure.gravatar.com\/avatar\/20fbbda8a292f59f2d3461a5b999c00b?s=96&d=mm&r=g","caption":"Service des communications et des relations publiques"},"url":"https:\/\/www.uqac.ca\/uqactualites\/author\/bap\/"}]}},"_links":{"self":[{"href":"https:\/\/www.uqac.ca\/uqactualites\/wp-json\/wp\/v2\/posts\/53184"}],"collection":[{"href":"https:\/\/www.uqac.ca\/uqactualites\/wp-json\/wp\/v2\/posts"}],"about":[{"href":"https:\/\/www.uqac.ca\/uqactualites\/wp-json\/wp\/v2\/types\/post"}],"author":[{"embeddable":true,"href":"https:\/\/www.uqac.ca\/uqactualites\/wp-json\/wp\/v2\/users\/5"}],"replies":[{"embeddable":true,"href":"https:\/\/www.uqac.ca\/uqactualites\/wp-json\/wp\/v2\/comments?post=53184"}],"version-history":[{"count":4,"href":"https:\/\/www.uqac.ca\/uqactualites\/wp-json\/wp\/v2\/posts\/53184\/revisions"}],"predecessor-version":[{"id":53189,"href":"https:\/\/www.uqac.ca\/uqactualites\/wp-json\/wp\/v2\/posts\/53184\/revisions\/53189"}],"wp:featuredmedia":[{"embeddable":true,"href":"https:\/\/www.uqac.ca\/uqactualites\/wp-json\/wp\/v2\/media\/53185"}],"wp:attachment":[{"href":"https:\/\/www.uqac.ca\/uqactualites\/wp-json\/wp\/v2\/media?parent=53184"}],"wp:term":[{"taxonomy":"category","embeddable":true,"href":"https:\/\/www.uqac.ca\/uqactualites\/wp-json\/wp\/v2\/categories?post=53184"},{"taxonomy":"post_tag","embeddable":true,"href":"https:\/\/www.uqac.ca\/uqactualites\/wp-json\/wp\/v2\/tags?post=53184"}],"curies":[{"name":"wp","href":"https:\/\/api.w.org\/{rel}","templated":true}]}}