{"id":53204,"date":"2026-02-03T08:00:30","date_gmt":"2026-02-03T13:00:30","guid":{"rendered":"https:\/\/www.uqac.ca\/uqactualites\/?p=53204"},"modified":"2026-01-23T08:54:03","modified_gmt":"2026-01-23T13:54:03","slug":"jimmy-lacourse-etudiant-au-doctorat-en-management-de-projet-soutient-sa-these","status":"publish","type":"post","link":"https:\/\/www.uqac.ca\/uqactualites\/2026\/02\/03\/jimmy-lacourse-etudiant-au-doctorat-en-management-de-projet-soutient-sa-these\/","title":{"rendered":"Jimmy Lacourse, \u00e9tudiant au doctorat en management de projet, soutient sa th\u00e8se"},"content":{"rendered":"<p>Finissant au <a href=\"https:\/\/www.uqac.ca\/programme\/3077-doctorat-en-management-de-projets\/\" target=\"_blank\" rel=\"noopener\">doctorat en management de projets<\/a>, Jimmy Lacourse a effectu\u00e9 sa soutenance de th\u00e8se le 2 f\u00e9vrier 2026. Sous la direction de recherche de <a href=\"https:\/\/portfolio.uqac.ca\/philippeboigey\/\" target=\"_blank\" rel=\"noopener\">Philippe Boigey<\/a> (UQAC) et la codirection de Christophe Bredillet (UQTR), sa th\u00e8se a pour titre \u00ab D\u00e9veloppement d&rsquo;un mod\u00e8le de r\u00e8gles, principes et proc\u00e9dures pour une prise de d\u00e9cision \u00e9thique selon des approches int\u00e9gr\u00e9es du <em>Business Ethics<\/em> en gestion organisationnelle de projets \u00bb.<\/p>\n<p>Sous la pr\u00e9sidence de <a href=\"https:\/\/portfolio.uqac.ca\/ericjean\/\" target=\"_blank\" rel=\"noopener\">Eric Jean<\/a> (UQAC), le jury d&rsquo;\u00e9valuation \u00e9tait compos\u00e9 d&rsquo;Alice Friser (UQO) et de <a href=\"https:\/\/portfolio.uqac.ca\/thiernodiallo\/\" target=\"_blank\" rel=\"noopener\">Thierno Diallo<\/a> (UQAC).<\/p>\n<hr \/>\n<h5>R\u00e9sum\u00e9 de la th\u00e8se<\/h5>\n<p>La gestion organisationnelle de projets (GOP) est confront\u00e9e \u00e0 des dilemmes \u00e9thiques complexes qui n\u00e9cessitent l&rsquo;application de cadres normatifs adapt\u00e9s. Cette recherche propose un mod\u00e8le int\u00e9gr\u00e9 de prise de d\u00e9cision \u00e9thique (I<em>ntegrated Ethical Decision-making<\/em>) bas\u00e9 sur le <em>Business Ethics<\/em>, alliant d\u00e9ontologisme, cons\u00e9quentialisme et \u00e9thique relationnelle. Ces trois approches sont analys\u00e9es pour comprendre leur influence sur les processus d\u00e9cisionnels en contexte de gestion de projets, particuli\u00e8rement dans les associations g\u00e9n\u00e9rales \u00e9tudiantes (AGEs) de l\u2019Universit\u00e9 du Qu\u00e9bec \u00e0 Trois-Rivi\u00e8res (UQTR), un terrain marqu\u00e9 par des interactions complexes entre les diff\u00e9rentes parties prenantes.<\/p>\n<p>Le mod\u00e8le th\u00e9orique repose sur une philosophie de l\u2019<em>Instrumentalist Organizing<\/em> afin de d\u00e9velopper les trois facteurs expos\u00e9s dans la probl\u00e9matique de recherche, qui sont la gestion organisationnelle de projets, la prise de d\u00e9cision \u00e9thique et le <em>Business Ethics<\/em>. Les variables expos\u00e9es sont ceux de la gouvernance pour la gestion organisationnelle de projets, des processus mentaux du mod\u00e8le de Schwartz pour la prise de d\u00e9cision \u00e9thique et des approches \u00e9thiques que sont le d\u00e9ontologisme, le cons\u00e9quentialisme et le relationnel pour le <em>Business Ethics<\/em>.<\/p>\n<details>\n<summary><strong>Voir plus<\/strong><\/summary>\n<p>Un cadre op\u00e9ratoire m\u00e9thodologique est \u00e9labor\u00e9 selon une approche abductive. \u00c0 travers une m\u00e9thode mixte, combinant \u00e9tudes de cas multiples, enqu\u00eates pragmatistes et longitudinales, cette recherche examine la mani\u00e8re dont le <em>Business Ethics<\/em> mod\u00e8re la relation entre la gestion organisationnelle de projets et la prise de d\u00e9cision \u00e9thique. Treize gestionnaires d\u2019AGEs ont \u00e9t\u00e9 rencontr\u00e9s au cours d\u2019entrevues semi-dirig\u00e9es et 88 gestionnaires ont rempli le questionnaire.<\/p>\n<p>Les r\u00e9sultats ont permis d\u2019expliquer les influences des relations entre la gestion organisationnelle de projets et la prise de d\u00e9cision \u00e9thique ainsi que l\u2019effet mod\u00e9rateur du <em>Business Ethics<\/em>. Les explications de l\u2019influence des relations entre la gestion organisationnelle de projets et la prise de d\u00e9cision \u00e9thique viennent appuyer M\u00fcller, Turner, Anderson, Shao, et Kvalnes (2016) sur les structures rigides li\u00e9es \u00e0 l\u2019\u00e9thique. Tandis que l\u2019analyse de l\u2019effet mod\u00e9rateur enrichit la litt\u00e9rature sur les relations entre la gestion organisationnelle de projets et le Business Ethics.<\/p>\n<p>Sur le plan th\u00e9orique, cette recherche contribue \u00e0 l\u2019enrichissement du champ du <em>Business Ethics<\/em> en proposant une int\u00e9gration holistique des approches normatives et relationnelles, tout en d\u00e9montrant leur pertinence dans un contexte de gestion organisationnelle de projets. Ce cadre conceptuel permet de mieux comprendre la dynamique \u00e9thique \u00e0 l\u2019oeuvre dans les processus d\u00e9cisionnels complexes.<\/p>\n<p>L\u2019apport manag\u00e9rial de cette \u00e9tude se manifeste par le d\u00e9veloppement de recommandations concr\u00e8tes visant \u00e0 favoriser une prise de d\u00e9cision \u00e9thique int\u00e9gr\u00e9e. Ces recommandations incitent les d\u00e9cideurs \u00e0 int\u00e9grer des perspectives \u00e9thiques dans leurs choix strat\u00e9giques, renfor\u00e7ant ainsi la gouvernance \u00e9thique et leur capacit\u00e9 \u00e0 anticiper les enjeux sociaux et organisationnels.<\/p>\n<p>Ainsi, ce mod\u00e8le propose une r\u00e9ponse novatrice aux d\u00e9fis \u00e9thiques rencontr\u00e9s dans la gestion organisationnelle de projets, en articulant les fondements philosophiques de l\u2019\u00e9thique avec les r\u00e9alit\u00e9s op\u00e9rationnelles des organisations. Les conclusions de cette th\u00e8se ouvrent la voie \u00e0 des recherches futures visant \u00e0 \u00e9valuer l&rsquo;impact de cette approche int\u00e9gr\u00e9e sur la performance organisationnelle et la gouvernance \u00e9thique au sein des organisations.<\/p>\n<\/details>\n<hr \/>\n<p>F\u00e9licitations \u00e0 Jimmy Lacourse pour la soutenance de sa th\u00e8se de doctorat!<\/p>\n","protected":false},"excerpt":{"rendered":"<p>Finissant au doctorat en management de projets, Jimmy Lacourse a effectu\u00e9 sa soutenance de th\u00e8se le 2 f\u00e9vrier 2026. Sous la direction de recherche de Philippe Boigey (UQAC) et la codirection de Christophe Bredillet (UQTR), sa th\u00e8se a pour titre \u00ab D\u00e9veloppement d&rsquo;un mod\u00e8le de r\u00e8gles, principes et proc\u00e9dures pour une prise de d\u00e9cision \u00e9thique [&hellip;]<\/p>\n","protected":false},"author":5,"featured_media":53211,"comment_status":"closed","ping_status":"open","sticky":false,"template":"","format":"standard","meta":{"footnotes":""},"categories":[2,248,2913],"tags":[],"yoast_head":"<!-- This site is optimized with the Yoast SEO plugin v24.2 - https:\/\/yoast.com\/wordpress\/plugins\/seo\/ -->\r\n<title>Jimmy Lacourse, \u00e9tudiant au doctorat en management de projet, soutient sa th\u00e8se - UQACtualit\u00e9s<\/title>\r\n<meta name=\"robots\" content=\"index, follow, max-snippet:-1, max-image-preview:large, max-video-preview:-1\" \/>\r\n<link rel=\"canonical\" href=\"https:\/\/www.uqac.ca\/uqactualites\/2026\/02\/03\/jimmy-lacourse-etudiant-au-doctorat-en-management-de-projet-soutient-sa-these\/\" \/>\r\n<meta property=\"og:locale\" content=\"fr_CA\" \/>\r\n<meta property=\"og:type\" content=\"article\" \/>\r\n<meta property=\"og:title\" content=\"Jimmy Lacourse, \u00e9tudiant au doctorat en management de projet, soutient sa th\u00e8se - UQACtualit\u00e9s\" \/>\r\n<meta property=\"og:description\" content=\"Finissant au doctorat en management de projets, Jimmy Lacourse a effectu\u00e9 sa soutenance de th\u00e8se le 2 f\u00e9vrier 2026. Sous la direction de recherche de Philippe Boigey (UQAC) et la codirection de Christophe Bredillet (UQTR), sa th\u00e8se a pour titre \u00ab D\u00e9veloppement d&rsquo;un mod\u00e8le de r\u00e8gles, principes et proc\u00e9dures pour une prise de d\u00e9cision \u00e9thique [&hellip;]\" \/>\r\n<meta property=\"og:url\" content=\"https:\/\/www.uqac.ca\/uqactualites\/2026\/02\/03\/jimmy-lacourse-etudiant-au-doctorat-en-management-de-projet-soutient-sa-these\/\" \/>\r\n<meta property=\"og:site_name\" content=\"UQACtualit\u00e9s\" \/>\r\n<meta property=\"article:published_time\" content=\"2026-02-03T13:00:30+00:00\" \/>\r\n<meta property=\"article:modified_time\" content=\"2026-01-23T13:54:03+00:00\" \/>\r\n<meta property=\"og:image\" content=\"https:\/\/www.uqac.ca\/uqactualites\/wp-content\/uploads\/2026\/01\/A-la-une-UQACtualite-20.png\" \/>\r\n\t<meta property=\"og:image:width\" content=\"1920\" \/>\r\n\t<meta property=\"og:image:height\" content=\"1080\" \/>\r\n\t<meta property=\"og:image:type\" content=\"image\/png\" \/>\r\n<meta name=\"author\" content=\"Service des communications et des relations publiques\" \/>\r\n<meta name=\"twitter:card\" content=\"summary_large_image\" \/>\r\n<meta name=\"twitter:label1\" content=\"\u00c9crit par\" \/>\n\t<meta name=\"twitter:data1\" content=\"Service des communications et des relations publiques\" \/>\n\t<meta name=\"twitter:label2\" content=\"Estimation du temps de lecture\" \/>\n\t<meta name=\"twitter:data2\" content=\"4 minutes\" \/>\r\n<script type=\"application\/ld+json\" class=\"yoast-schema-graph\">{\"@context\":\"https:\/\/schema.org\",\"@graph\":[{\"@type\":\"WebPage\",\"@id\":\"https:\/\/www.uqac.ca\/uqactualites\/2026\/02\/03\/jimmy-lacourse-etudiant-au-doctorat-en-management-de-projet-soutient-sa-these\/\",\"url\":\"https:\/\/www.uqac.ca\/uqactualites\/2026\/02\/03\/jimmy-lacourse-etudiant-au-doctorat-en-management-de-projet-soutient-sa-these\/\",\"name\":\"Jimmy Lacourse, \u00e9tudiant au doctorat en management de projet, soutient sa th\u00e8se - UQACtualit\u00e9s\",\"isPartOf\":{\"@id\":\"https:\/\/www.uqac.ca\/uqactualites\/#website\"},\"primaryImageOfPage\":{\"@id\":\"https:\/\/www.uqac.ca\/uqactualites\/2026\/02\/03\/jimmy-lacourse-etudiant-au-doctorat-en-management-de-projet-soutient-sa-these\/#primaryimage\"},\"image\":{\"@id\":\"https:\/\/www.uqac.ca\/uqactualites\/2026\/02\/03\/jimmy-lacourse-etudiant-au-doctorat-en-management-de-projet-soutient-sa-these\/#primaryimage\"},\"thumbnailUrl\":\"https:\/\/www.uqac.ca\/uqactualites\/wp-content\/uploads\/2026\/01\/A-la-une-UQACtualite-20.png\",\"datePublished\":\"2026-02-03T13:00:30+00:00\",\"dateModified\":\"2026-01-23T13:54:03+00:00\",\"author\":{\"@id\":\"https:\/\/www.uqac.ca\/uqactualites\/#\/schema\/person\/366c45a0c4f0e677b41b4af5886e2018\"},\"breadcrumb\":{\"@id\":\"https:\/\/www.uqac.ca\/uqactualites\/2026\/02\/03\/jimmy-lacourse-etudiant-au-doctorat-en-management-de-projet-soutient-sa-these\/#breadcrumb\"},\"inLanguage\":\"fr-CA\",\"potentialAction\":[{\"@type\":\"ReadAction\",\"target\":[\"https:\/\/www.uqac.ca\/uqactualites\/2026\/02\/03\/jimmy-lacourse-etudiant-au-doctorat-en-management-de-projet-soutient-sa-these\/\"]}]},{\"@type\":\"ImageObject\",\"inLanguage\":\"fr-CA\",\"@id\":\"https:\/\/www.uqac.ca\/uqactualites\/2026\/02\/03\/jimmy-lacourse-etudiant-au-doctorat-en-management-de-projet-soutient-sa-these\/#primaryimage\",\"url\":\"https:\/\/www.uqac.ca\/uqactualites\/wp-content\/uploads\/2026\/01\/A-la-une-UQACtualite-20.png\",\"contentUrl\":\"https:\/\/www.uqac.ca\/uqactualites\/wp-content\/uploads\/2026\/01\/A-la-une-UQACtualite-20.png\",\"width\":1920,\"height\":1080},{\"@type\":\"BreadcrumbList\",\"@id\":\"https:\/\/www.uqac.ca\/uqactualites\/2026\/02\/03\/jimmy-lacourse-etudiant-au-doctorat-en-management-de-projet-soutient-sa-these\/#breadcrumb\",\"itemListElement\":[{\"@type\":\"ListItem\",\"position\":1,\"name\":\"Home\",\"item\":\"https:\/\/www.uqac.ca\/uqactualites\/\"},{\"@type\":\"ListItem\",\"position\":2,\"name\":\"Jimmy Lacourse, \u00e9tudiant au doctorat en management de projet, soutient sa th\u00e8se\"}]},{\"@type\":\"WebSite\",\"@id\":\"https:\/\/www.uqac.ca\/uqactualites\/#website\",\"url\":\"https:\/\/www.uqac.ca\/uqactualites\/\",\"name\":\"UQACtualit\u00e9s\",\"description\":\"Le portail des nouvelles de l&#039;UQAC\",\"potentialAction\":[{\"@type\":\"SearchAction\",\"target\":{\"@type\":\"EntryPoint\",\"urlTemplate\":\"https:\/\/www.uqac.ca\/uqactualites\/?s={search_term_string}\"},\"query-input\":{\"@type\":\"PropertyValueSpecification\",\"valueRequired\":true,\"valueName\":\"search_term_string\"}}],\"inLanguage\":\"fr-CA\"},{\"@type\":\"Person\",\"@id\":\"https:\/\/www.uqac.ca\/uqactualites\/#\/schema\/person\/366c45a0c4f0e677b41b4af5886e2018\",\"name\":\"Service des communications et des relations publiques\",\"image\":{\"@type\":\"ImageObject\",\"inLanguage\":\"fr-CA\",\"@id\":\"https:\/\/www.uqac.ca\/uqactualites\/#\/schema\/person\/image\/\",\"url\":\"https:\/\/secure.gravatar.com\/avatar\/20fbbda8a292f59f2d3461a5b999c00b?s=96&d=mm&r=g\",\"contentUrl\":\"https:\/\/secure.gravatar.com\/avatar\/20fbbda8a292f59f2d3461a5b999c00b?s=96&d=mm&r=g\",\"caption\":\"Service des communications et des relations publiques\"},\"url\":\"https:\/\/www.uqac.ca\/uqactualites\/author\/bap\/\"}]}<\/script>\r\n<!-- \/ Yoast SEO plugin. -->","yoast_head_json":{"title":"Jimmy Lacourse, \u00e9tudiant au doctorat en management de projet, soutient sa th\u00e8se - UQACtualit\u00e9s","robots":{"index":"index","follow":"follow","max-snippet":"max-snippet:-1","max-image-preview":"max-image-preview:large","max-video-preview":"max-video-preview:-1"},"canonical":"https:\/\/www.uqac.ca\/uqactualites\/2026\/02\/03\/jimmy-lacourse-etudiant-au-doctorat-en-management-de-projet-soutient-sa-these\/","og_locale":"fr_CA","og_type":"article","og_title":"Jimmy Lacourse, \u00e9tudiant au doctorat en management de projet, soutient sa th\u00e8se - UQACtualit\u00e9s","og_description":"Finissant au doctorat en management de projets, Jimmy Lacourse a effectu\u00e9 sa soutenance de th\u00e8se le 2 f\u00e9vrier 2026. Sous la direction de recherche de Philippe Boigey (UQAC) et la codirection de Christophe Bredillet (UQTR), sa th\u00e8se a pour titre \u00ab D\u00e9veloppement d&rsquo;un mod\u00e8le de r\u00e8gles, principes et proc\u00e9dures pour une prise de d\u00e9cision \u00e9thique [&hellip;]","og_url":"https:\/\/www.uqac.ca\/uqactualites\/2026\/02\/03\/jimmy-lacourse-etudiant-au-doctorat-en-management-de-projet-soutient-sa-these\/","og_site_name":"UQACtualit\u00e9s","article_published_time":"2026-02-03T13:00:30+00:00","article_modified_time":"2026-01-23T13:54:03+00:00","og_image":[{"width":1920,"height":1080,"url":"https:\/\/www.uqac.ca\/uqactualites\/wp-content\/uploads\/2026\/01\/A-la-une-UQACtualite-20.png","type":"image\/png"}],"author":"Service des communications et des relations publiques","twitter_card":"summary_large_image","twitter_misc":{"\u00c9crit par":"Service des communications et des relations publiques","Estimation du temps de lecture":"4 minutes"},"schema":{"@context":"https:\/\/schema.org","@graph":[{"@type":"WebPage","@id":"https:\/\/www.uqac.ca\/uqactualites\/2026\/02\/03\/jimmy-lacourse-etudiant-au-doctorat-en-management-de-projet-soutient-sa-these\/","url":"https:\/\/www.uqac.ca\/uqactualites\/2026\/02\/03\/jimmy-lacourse-etudiant-au-doctorat-en-management-de-projet-soutient-sa-these\/","name":"Jimmy Lacourse, \u00e9tudiant au doctorat en management de projet, soutient sa th\u00e8se - UQACtualit\u00e9s","isPartOf":{"@id":"https:\/\/www.uqac.ca\/uqactualites\/#website"},"primaryImageOfPage":{"@id":"https:\/\/www.uqac.ca\/uqactualites\/2026\/02\/03\/jimmy-lacourse-etudiant-au-doctorat-en-management-de-projet-soutient-sa-these\/#primaryimage"},"image":{"@id":"https:\/\/www.uqac.ca\/uqactualites\/2026\/02\/03\/jimmy-lacourse-etudiant-au-doctorat-en-management-de-projet-soutient-sa-these\/#primaryimage"},"thumbnailUrl":"https:\/\/www.uqac.ca\/uqactualites\/wp-content\/uploads\/2026\/01\/A-la-une-UQACtualite-20.png","datePublished":"2026-02-03T13:00:30+00:00","dateModified":"2026-01-23T13:54:03+00:00","author":{"@id":"https:\/\/www.uqac.ca\/uqactualites\/#\/schema\/person\/366c45a0c4f0e677b41b4af5886e2018"},"breadcrumb":{"@id":"https:\/\/www.uqac.ca\/uqactualites\/2026\/02\/03\/jimmy-lacourse-etudiant-au-doctorat-en-management-de-projet-soutient-sa-these\/#breadcrumb"},"inLanguage":"fr-CA","potentialAction":[{"@type":"ReadAction","target":["https:\/\/www.uqac.ca\/uqactualites\/2026\/02\/03\/jimmy-lacourse-etudiant-au-doctorat-en-management-de-projet-soutient-sa-these\/"]}]},{"@type":"ImageObject","inLanguage":"fr-CA","@id":"https:\/\/www.uqac.ca\/uqactualites\/2026\/02\/03\/jimmy-lacourse-etudiant-au-doctorat-en-management-de-projet-soutient-sa-these\/#primaryimage","url":"https:\/\/www.uqac.ca\/uqactualites\/wp-content\/uploads\/2026\/01\/A-la-une-UQACtualite-20.png","contentUrl":"https:\/\/www.uqac.ca\/uqactualites\/wp-content\/uploads\/2026\/01\/A-la-une-UQACtualite-20.png","width":1920,"height":1080},{"@type":"BreadcrumbList","@id":"https:\/\/www.uqac.ca\/uqactualites\/2026\/02\/03\/jimmy-lacourse-etudiant-au-doctorat-en-management-de-projet-soutient-sa-these\/#breadcrumb","itemListElement":[{"@type":"ListItem","position":1,"name":"Home","item":"https:\/\/www.uqac.ca\/uqactualites\/"},{"@type":"ListItem","position":2,"name":"Jimmy Lacourse, \u00e9tudiant au doctorat en management de projet, soutient sa th\u00e8se"}]},{"@type":"WebSite","@id":"https:\/\/www.uqac.ca\/uqactualites\/#website","url":"https:\/\/www.uqac.ca\/uqactualites\/","name":"UQACtualit\u00e9s","description":"Le portail des nouvelles de l&#039;UQAC","potentialAction":[{"@type":"SearchAction","target":{"@type":"EntryPoint","urlTemplate":"https:\/\/www.uqac.ca\/uqactualites\/?s={search_term_string}"},"query-input":{"@type":"PropertyValueSpecification","valueRequired":true,"valueName":"search_term_string"}}],"inLanguage":"fr-CA"},{"@type":"Person","@id":"https:\/\/www.uqac.ca\/uqactualites\/#\/schema\/person\/366c45a0c4f0e677b41b4af5886e2018","name":"Service des communications et des relations publiques","image":{"@type":"ImageObject","inLanguage":"fr-CA","@id":"https:\/\/www.uqac.ca\/uqactualites\/#\/schema\/person\/image\/","url":"https:\/\/secure.gravatar.com\/avatar\/20fbbda8a292f59f2d3461a5b999c00b?s=96&d=mm&r=g","contentUrl":"https:\/\/secure.gravatar.com\/avatar\/20fbbda8a292f59f2d3461a5b999c00b?s=96&d=mm&r=g","caption":"Service des communications et des relations publiques"},"url":"https:\/\/www.uqac.ca\/uqactualites\/author\/bap\/"}]}},"_links":{"self":[{"href":"https:\/\/www.uqac.ca\/uqactualites\/wp-json\/wp\/v2\/posts\/53204"}],"collection":[{"href":"https:\/\/www.uqac.ca\/uqactualites\/wp-json\/wp\/v2\/posts"}],"about":[{"href":"https:\/\/www.uqac.ca\/uqactualites\/wp-json\/wp\/v2\/types\/post"}],"author":[{"embeddable":true,"href":"https:\/\/www.uqac.ca\/uqactualites\/wp-json\/wp\/v2\/users\/5"}],"replies":[{"embeddable":true,"href":"https:\/\/www.uqac.ca\/uqactualites\/wp-json\/wp\/v2\/comments?post=53204"}],"version-history":[{"count":3,"href":"https:\/\/www.uqac.ca\/uqactualites\/wp-json\/wp\/v2\/posts\/53204\/revisions"}],"predecessor-version":[{"id":53209,"href":"https:\/\/www.uqac.ca\/uqactualites\/wp-json\/wp\/v2\/posts\/53204\/revisions\/53209"}],"wp:featuredmedia":[{"embeddable":true,"href":"https:\/\/www.uqac.ca\/uqactualites\/wp-json\/wp\/v2\/media\/53211"}],"wp:attachment":[{"href":"https:\/\/www.uqac.ca\/uqactualites\/wp-json\/wp\/v2\/media?parent=53204"}],"wp:term":[{"taxonomy":"category","embeddable":true,"href":"https:\/\/www.uqac.ca\/uqactualites\/wp-json\/wp\/v2\/categories?post=53204"},{"taxonomy":"post_tag","embeddable":true,"href":"https:\/\/www.uqac.ca\/uqactualites\/wp-json\/wp\/v2\/tags?post=53204"}],"curies":[{"name":"wp","href":"https:\/\/api.w.org\/{rel}","templated":true}]}}