{"id":53228,"date":"2026-01-26T13:47:27","date_gmt":"2026-01-26T18:47:27","guid":{"rendered":"https:\/\/www.uqac.ca\/uqactualites\/?p=53228"},"modified":"2026-01-26T13:54:09","modified_gmt":"2026-01-26T18:54:09","slug":"campagne-centraide-x-uqac-2025-une-communaute-mobilisee-pour-faire-la-difference","status":"publish","type":"post","link":"https:\/\/www.uqac.ca\/uqactualites\/2026\/01\/26\/campagne-centraide-x-uqac-2025-une-communaute-mobilisee-pour-faire-la-difference\/","title":{"rendered":"Campagne Centraide \u00d7 UQAC \u2665 2025 : une communaut\u00e9 mobilis\u00e9e pour faire la diff\u00e9rence"},"content":{"rendered":"<p data-start=\"261\" data-end=\"646\">La campagne Centraide \u00d7 UQAC \u2665 2025 a une fois de plus d\u00e9montr\u00e9 la force de la solidarit\u00e9 au sein de la communaut\u00e9 universitaire de l\u2019UQAC. \u00c9tudiantes et \u00e9tudiants, membres du personnel enseignant et du personnel administratif, sur l\u2019ensemble des campus, ont uni leurs efforts autour d\u2019une cause profond\u00e9ment ancr\u00e9e dans notre milieu et nos r\u00e9gions.<\/p>\n<p data-start=\"648\" data-end=\"1053\">Port\u00e9e par l\u2019engagement soutenu du professeur Vincent Morin \u00e0 titre de directeur, la campagne a permis de r\u00e9unir 236 donatrices et donateurs, qui ont contribu\u00e9 \u00e0 amasser <strong>86 711 $<\/strong>, d\u00e9passant l&rsquo;ambitieux objectif de 85 000 $ qui avait \u00e9t\u00e9 fix\u00e9 pour cette \u00e9dition et constituant une augmentation de 3 700 $ par rapport au montant record obtenu l\u2019an dernier. Ces r\u00e9sultats t\u00e9moignent d\u2019un engagement bien r\u00e9el et d\u2019un d\u00e9sir partag\u00e9 de soutenir les personnes et les familles les plus vuln\u00e9rables. Les sommes recueillies permettront \u00e0 Centraide d\u2019appuyer concr\u00e8tement des organismes communautaires r\u00e9gionaux, notamment dans les domaines de la s\u00e9curit\u00e9 alimentaire, du soutien social et de l\u2019inclusion, g\u00e9n\u00e9rant ainsi des retomb\u00e9es positives et durables au sein de la communaut\u00e9.<\/p>\n<p data-start=\"648\" data-end=\"1053\">Bien que la campagne Centraide \u00d7 UQAC \u2665 2025 soit officiellement termin\u00e9e, <a href=\"https:\/\/clicdoncentraide.com\/donner\/3195\/0wrb\">il est toujours temps de donner<\/a>.<\/p>\n<p data-start=\"1549\" data-end=\"1721\">Merci \u00e0 toutes les personnes qui ont contribu\u00e9 \u00e0 cette mobilisation collective et qui, par leur g\u00e9n\u00e9rosit\u00e9, participent \u00e0 faire une r\u00e9elle diff\u00e9rence dans notre communaut\u00e9.<\/p>\n<p>&nbsp;<\/p>\n<hr \/>\n<div class=\"td-paragraph-padding-6\">\n<h5>Lumi\u00e8re sur les piliers de la campagne Centraide x UQAC \u2665 2025<\/h5>\n<ul data-spread=\"false\">\n<li data-start=\"107\" data-end=\"253\">\n<p data-start=\"109\" data-end=\"253\"><strong data-start=\"109\" data-end=\"133\">Andr\u00e9e-Anne Pineault<\/strong>, coordonnatrice aux programmes et au cheminement \u00e9tudiant<br data-start=\"191\" data-end=\"194\" \/>D\u00e9partement des sciences \u00e9conomiques et administratives<\/p>\n<\/li>\n<li data-start=\"255\" data-end=\"314\">\n<p data-start=\"257\" data-end=\"314\"><strong data-start=\"257\" data-end=\"274\">Dave McMullen<\/strong>, directeur<br data-start=\"285\" data-end=\"288\" \/>Services aux \u00e9tudiants<\/p>\n<\/li>\n<li data-start=\"316\" data-end=\"412\">\n<p data-start=\"318\" data-end=\"412\"><strong data-start=\"318\" data-end=\"349\">Gabrielle Bourassa Tremblay<\/strong>, charg\u00e9e de gestion<br data-start=\"369\" data-end=\"372\" \/>Service des immeubles et \u00e9quipements<\/p>\n<\/li>\n<li data-start=\"414\" data-end=\"490\">\n<p data-start=\"416\" data-end=\"490\"><strong data-start=\"416\" data-end=\"437\">Jo-Annie Larocque<\/strong>, agente de liaison<br data-start=\"456\" data-end=\"459\" \/>Formation continue et ELFCQ<\/p>\n<\/li>\n<li data-start=\"492\" data-end=\"578\">\n<p data-start=\"494\" data-end=\"578\"><strong data-start=\"494\" data-end=\"509\">Karen Myles<\/strong>, agente de stage<br data-start=\"526\" data-end=\"529\" \/>D\u00e9partement des sciences humaines et sociales<\/p>\n<\/li>\n<li data-start=\"580\" data-end=\"679\">\n<p data-start=\"582\" data-end=\"679\"><strong data-start=\"582\" data-end=\"601\">Karine Bouchard<\/strong>, technicienne en comptabilit\u00e9 s\u00e9nior<br data-start=\"638\" data-end=\"641\" \/>Service des ressources financi\u00e8res<\/p>\n<\/li>\n<li data-start=\"681\" data-end=\"787\">\n<p data-start=\"683\" data-end=\"787\"><strong data-start=\"683\" data-end=\"702\">Manuelle Freire<\/strong>, doyenne associ\u00e9e<br data-start=\"720\" data-end=\"723\" \/>\u00c9cole des arts num\u00e9riques, de l&rsquo;animation et du design (NAD)<\/p>\n<\/li>\n<li data-start=\"789\" data-end=\"897\">\n<p data-start=\"791\" data-end=\"897\"><strong data-start=\"791\" data-end=\"813\">Marie-France Audet<\/strong>, directrice par int\u00e9rim<br data-start=\"837\" data-end=\"840\" \/>Service des communications et des relations publiques<\/p>\n<\/li>\n<li data-start=\"899\" data-end=\"983\">\n<p data-start=\"901\" data-end=\"983\"><strong data-start=\"901\" data-end=\"923\">Marie-H\u00e9l\u00e8ne Hudon<\/strong>, agente de stage<br data-start=\"940\" data-end=\"943\" \/>D\u00e9partement des sciences de la sant\u00e9<\/p>\n<\/li>\n<li data-start=\"985\" data-end=\"1107\">\n<p data-start=\"987\" data-end=\"1107\"><strong data-start=\"987\" data-end=\"1013\">Marie-Karlynn Laflamme<\/strong>, vice-rectrice par int\u00e9rim<br data-start=\"1040\" data-end=\"1043\" \/>Vice-rectorat aux affaires administratives et aux ressources<\/p>\n<\/li>\n<li data-start=\"1109\" data-end=\"1226\">\n<p data-start=\"1111\" data-end=\"1226\"><strong data-start=\"1111\" data-end=\"1128\">Marianne Par\u00e9<\/strong>, agente de gestion (conseill\u00e8re mobilit\u00e9 sortante internationale)<br data-start=\"1194\" data-end=\"1197\" \/>Bureau de l\u2019international<\/p>\n<\/li>\n<li data-start=\"1228\" data-end=\"1306\">\n<p data-start=\"1230\" data-end=\"1306\"><strong data-start=\"1230\" data-end=\"1247\">Nicole Monney<\/strong>, professeure<br data-start=\"1260\" data-end=\"1263\" \/>D\u00e9partement des sciences de l&rsquo;\u00e9ducation<\/p>\n<\/li>\n<li data-start=\"1308\" data-end=\"1377\">\n<p data-start=\"1310\" data-end=\"1377\"><strong data-start=\"1310\" data-end=\"1328\">Pierre Ouellet<\/strong>, directeur<br data-start=\"1339\" data-end=\"1342\" \/>Service des ressources humaines<\/p>\n<\/li>\n<li data-start=\"1379\" data-end=\"1437\">\n<p data-start=\"1381\" data-end=\"1437\"><strong data-start=\"1381\" data-end=\"1400\">Robin Tranchant<\/strong>, adjoint<br data-start=\"1409\" data-end=\"1412\" \/>Bureau du registraire<\/p>\n<\/li>\n<li data-start=\"1439\" data-end=\"1526\">\n<p data-start=\"1441\" data-end=\"1526\"><strong data-start=\"1441\" data-end=\"1462\">S\u00e9bastien Gaboury<\/strong>, professeur<br data-start=\"1474\" data-end=\"1477\" \/>D\u00e9partement d\u2019informatique et de math\u00e9matique<\/p>\n<\/li>\n<\/ul>\n<\/div>\n<div class=\"td-paragraph-padding-6\">\n<p>Un immense merci \u00e0 ces piliers pour leur d\u00e9vouement et leur implication exemplaire!<\/p>\n<\/div>\n<hr \/>\n<p>&nbsp;<\/p>\n","protected":false},"excerpt":{"rendered":"<p>La campagne Centraide \u00d7 UQAC \u2665 2025 a une fois de plus d\u00e9montr\u00e9 la force de la solidarit\u00e9 au sein de la communaut\u00e9 universitaire de l\u2019UQAC. \u00c9tudiantes et \u00e9tudiants, membres du personnel enseignant et du personnel administratif, sur l\u2019ensemble des campus, ont uni leurs efforts autour d\u2019une cause profond\u00e9ment ancr\u00e9e dans notre milieu et nos [&hellip;]<\/p>\n","protected":false},"author":5,"featured_media":53232,"comment_status":"closed","ping_status":"open","sticky":false,"template":"","format":"standard","meta":{"footnotes":""},"categories":[2795,2],"tags":[],"yoast_head":"<!-- This site is optimized with the Yoast SEO plugin v24.2 - https:\/\/yoast.com\/wordpress\/plugins\/seo\/ -->\r\n<title>Campagne Centraide \u00d7 UQAC \u2665 2025 : une communaut\u00e9 mobilis\u00e9e pour faire la diff\u00e9rence - UQACtualit\u00e9s<\/title>\r\n<meta name=\"robots\" content=\"index, follow, max-snippet:-1, max-image-preview:large, max-video-preview:-1\" \/>\r\n<link rel=\"canonical\" href=\"https:\/\/www.uqac.ca\/uqactualites\/2026\/01\/26\/campagne-centraide-x-uqac-2025-une-communaute-mobilisee-pour-faire-la-difference\/\" \/>\r\n<meta property=\"og:locale\" content=\"fr_CA\" \/>\r\n<meta property=\"og:type\" content=\"article\" \/>\r\n<meta property=\"og:title\" content=\"Campagne Centraide \u00d7 UQAC \u2665 2025 : une communaut\u00e9 mobilis\u00e9e pour faire la diff\u00e9rence - UQACtualit\u00e9s\" \/>\r\n<meta property=\"og:description\" content=\"La campagne Centraide \u00d7 UQAC \u2665 2025 a une fois de plus d\u00e9montr\u00e9 la force de la solidarit\u00e9 au sein de la communaut\u00e9 universitaire de l\u2019UQAC. \u00c9tudiantes et \u00e9tudiants, membres du personnel enseignant et du personnel administratif, sur l\u2019ensemble des campus, ont uni leurs efforts autour d\u2019une cause profond\u00e9ment ancr\u00e9e dans notre milieu et nos [&hellip;]\" \/>\r\n<meta property=\"og:url\" content=\"https:\/\/www.uqac.ca\/uqactualites\/2026\/01\/26\/campagne-centraide-x-uqac-2025-une-communaute-mobilisee-pour-faire-la-difference\/\" \/>\r\n<meta property=\"og:site_name\" content=\"UQACtualit\u00e9s\" \/>\r\n<meta property=\"article:published_time\" content=\"2026-01-26T18:47:27+00:00\" \/>\r\n<meta property=\"article:modified_time\" content=\"2026-01-26T18:54:09+00:00\" \/>\r\n<meta property=\"og:image\" content=\"https:\/\/www.uqac.ca\/uqactualites\/wp-content\/uploads\/2026\/01\/Campus\u00a9UQACHiver_CanopeeH21_3.jpg\" \/>\r\n\t<meta property=\"og:image:width\" content=\"1000\" \/>\r\n\t<meta property=\"og:image:height\" content=\"667\" \/>\r\n\t<meta property=\"og:image:type\" content=\"image\/jpeg\" \/>\r\n<meta name=\"author\" content=\"Service des communications et des relations publiques\" \/>\r\n<meta name=\"twitter:card\" content=\"summary_large_image\" \/>\r\n<meta name=\"twitter:label1\" content=\"\u00c9crit par\" \/>\n\t<meta name=\"twitter:data1\" content=\"Service des communications et des relations publiques\" \/>\n\t<meta name=\"twitter:label2\" content=\"Estimation du temps de lecture\" \/>\n\t<meta name=\"twitter:data2\" content=\"3 minutes\" \/>\r\n<script type=\"application\/ld+json\" class=\"yoast-schema-graph\">{\"@context\":\"https:\/\/schema.org\",\"@graph\":[{\"@type\":\"WebPage\",\"@id\":\"https:\/\/www.uqac.ca\/uqactualites\/2026\/01\/26\/campagne-centraide-x-uqac-2025-une-communaute-mobilisee-pour-faire-la-difference\/\",\"url\":\"https:\/\/www.uqac.ca\/uqactualites\/2026\/01\/26\/campagne-centraide-x-uqac-2025-une-communaute-mobilisee-pour-faire-la-difference\/\",\"name\":\"Campagne Centraide \u00d7 UQAC \u2665 2025 : une communaut\u00e9 mobilis\u00e9e pour faire la diff\u00e9rence - UQACtualit\u00e9s\",\"isPartOf\":{\"@id\":\"https:\/\/www.uqac.ca\/uqactualites\/#website\"},\"primaryImageOfPage\":{\"@id\":\"https:\/\/www.uqac.ca\/uqactualites\/2026\/01\/26\/campagne-centraide-x-uqac-2025-une-communaute-mobilisee-pour-faire-la-difference\/#primaryimage\"},\"image\":{\"@id\":\"https:\/\/www.uqac.ca\/uqactualites\/2026\/01\/26\/campagne-centraide-x-uqac-2025-une-communaute-mobilisee-pour-faire-la-difference\/#primaryimage\"},\"thumbnailUrl\":\"https:\/\/www.uqac.ca\/uqactualites\/wp-content\/uploads\/2026\/01\/Campus\u00a9UQACHiver_CanopeeH21_3.jpg\",\"datePublished\":\"2026-01-26T18:47:27+00:00\",\"dateModified\":\"2026-01-26T18:54:09+00:00\",\"author\":{\"@id\":\"https:\/\/www.uqac.ca\/uqactualites\/#\/schema\/person\/366c45a0c4f0e677b41b4af5886e2018\"},\"breadcrumb\":{\"@id\":\"https:\/\/www.uqac.ca\/uqactualites\/2026\/01\/26\/campagne-centraide-x-uqac-2025-une-communaute-mobilisee-pour-faire-la-difference\/#breadcrumb\"},\"inLanguage\":\"fr-CA\",\"potentialAction\":[{\"@type\":\"ReadAction\",\"target\":[\"https:\/\/www.uqac.ca\/uqactualites\/2026\/01\/26\/campagne-centraide-x-uqac-2025-une-communaute-mobilisee-pour-faire-la-difference\/\"]}]},{\"@type\":\"ImageObject\",\"inLanguage\":\"fr-CA\",\"@id\":\"https:\/\/www.uqac.ca\/uqactualites\/2026\/01\/26\/campagne-centraide-x-uqac-2025-une-communaute-mobilisee-pour-faire-la-difference\/#primaryimage\",\"url\":\"https:\/\/www.uqac.ca\/uqactualites\/wp-content\/uploads\/2026\/01\/Campus\u00a9UQACHiver_CanopeeH21_3.jpg\",\"contentUrl\":\"https:\/\/www.uqac.ca\/uqactualites\/wp-content\/uploads\/2026\/01\/Campus\u00a9UQACHiver_CanopeeH21_3.jpg\",\"width\":1000,\"height\":667},{\"@type\":\"BreadcrumbList\",\"@id\":\"https:\/\/www.uqac.ca\/uqactualites\/2026\/01\/26\/campagne-centraide-x-uqac-2025-une-communaute-mobilisee-pour-faire-la-difference\/#breadcrumb\",\"itemListElement\":[{\"@type\":\"ListItem\",\"position\":1,\"name\":\"Home\",\"item\":\"https:\/\/www.uqac.ca\/uqactualites\/\"},{\"@type\":\"ListItem\",\"position\":2,\"name\":\"Campagne Centraide \u00d7 UQAC \u2665 2025 : une communaut\u00e9 mobilis\u00e9e pour faire la diff\u00e9rence\"}]},{\"@type\":\"WebSite\",\"@id\":\"https:\/\/www.uqac.ca\/uqactualites\/#website\",\"url\":\"https:\/\/www.uqac.ca\/uqactualites\/\",\"name\":\"UQACtualit\u00e9s\",\"description\":\"Le portail des nouvelles de l&#039;UQAC\",\"potentialAction\":[{\"@type\":\"SearchAction\",\"target\":{\"@type\":\"EntryPoint\",\"urlTemplate\":\"https:\/\/www.uqac.ca\/uqactualites\/?s={search_term_string}\"},\"query-input\":{\"@type\":\"PropertyValueSpecification\",\"valueRequired\":true,\"valueName\":\"search_term_string\"}}],\"inLanguage\":\"fr-CA\"},{\"@type\":\"Person\",\"@id\":\"https:\/\/www.uqac.ca\/uqactualites\/#\/schema\/person\/366c45a0c4f0e677b41b4af5886e2018\",\"name\":\"Service des communications et des relations publiques\",\"image\":{\"@type\":\"ImageObject\",\"inLanguage\":\"fr-CA\",\"@id\":\"https:\/\/www.uqac.ca\/uqactualites\/#\/schema\/person\/image\/\",\"url\":\"https:\/\/secure.gravatar.com\/avatar\/20fbbda8a292f59f2d3461a5b999c00b?s=96&d=mm&r=g\",\"contentUrl\":\"https:\/\/secure.gravatar.com\/avatar\/20fbbda8a292f59f2d3461a5b999c00b?s=96&d=mm&r=g\",\"caption\":\"Service des communications et des relations publiques\"},\"url\":\"https:\/\/www.uqac.ca\/uqactualites\/author\/bap\/\"}]}<\/script>\r\n<!-- \/ Yoast SEO plugin. -->","yoast_head_json":{"title":"Campagne Centraide \u00d7 UQAC \u2665 2025 : une communaut\u00e9 mobilis\u00e9e pour faire la diff\u00e9rence - UQACtualit\u00e9s","robots":{"index":"index","follow":"follow","max-snippet":"max-snippet:-1","max-image-preview":"max-image-preview:large","max-video-preview":"max-video-preview:-1"},"canonical":"https:\/\/www.uqac.ca\/uqactualites\/2026\/01\/26\/campagne-centraide-x-uqac-2025-une-communaute-mobilisee-pour-faire-la-difference\/","og_locale":"fr_CA","og_type":"article","og_title":"Campagne Centraide \u00d7 UQAC \u2665 2025 : une communaut\u00e9 mobilis\u00e9e pour faire la diff\u00e9rence - UQACtualit\u00e9s","og_description":"La campagne Centraide \u00d7 UQAC \u2665 2025 a une fois de plus d\u00e9montr\u00e9 la force de la solidarit\u00e9 au sein de la communaut\u00e9 universitaire de l\u2019UQAC. \u00c9tudiantes et \u00e9tudiants, membres du personnel enseignant et du personnel administratif, sur l\u2019ensemble des campus, ont uni leurs efforts autour d\u2019une cause profond\u00e9ment ancr\u00e9e dans notre milieu et nos [&hellip;]","og_url":"https:\/\/www.uqac.ca\/uqactualites\/2026\/01\/26\/campagne-centraide-x-uqac-2025-une-communaute-mobilisee-pour-faire-la-difference\/","og_site_name":"UQACtualit\u00e9s","article_published_time":"2026-01-26T18:47:27+00:00","article_modified_time":"2026-01-26T18:54:09+00:00","og_image":[{"width":1000,"height":667,"url":"https:\/\/www.uqac.ca\/uqactualites\/wp-content\/uploads\/2026\/01\/Campus\u00a9UQACHiver_CanopeeH21_3.jpg","type":"image\/jpeg"}],"author":"Service des communications et des relations publiques","twitter_card":"summary_large_image","twitter_misc":{"\u00c9crit par":"Service des communications et des relations publiques","Estimation du temps de lecture":"3 minutes"},"schema":{"@context":"https:\/\/schema.org","@graph":[{"@type":"WebPage","@id":"https:\/\/www.uqac.ca\/uqactualites\/2026\/01\/26\/campagne-centraide-x-uqac-2025-une-communaute-mobilisee-pour-faire-la-difference\/","url":"https:\/\/www.uqac.ca\/uqactualites\/2026\/01\/26\/campagne-centraide-x-uqac-2025-une-communaute-mobilisee-pour-faire-la-difference\/","name":"Campagne Centraide \u00d7 UQAC \u2665 2025 : une communaut\u00e9 mobilis\u00e9e pour faire la diff\u00e9rence - UQACtualit\u00e9s","isPartOf":{"@id":"https:\/\/www.uqac.ca\/uqactualites\/#website"},"primaryImageOfPage":{"@id":"https:\/\/www.uqac.ca\/uqactualites\/2026\/01\/26\/campagne-centraide-x-uqac-2025-une-communaute-mobilisee-pour-faire-la-difference\/#primaryimage"},"image":{"@id":"https:\/\/www.uqac.ca\/uqactualites\/2026\/01\/26\/campagne-centraide-x-uqac-2025-une-communaute-mobilisee-pour-faire-la-difference\/#primaryimage"},"thumbnailUrl":"https:\/\/www.uqac.ca\/uqactualites\/wp-content\/uploads\/2026\/01\/Campus\u00a9UQACHiver_CanopeeH21_3.jpg","datePublished":"2026-01-26T18:47:27+00:00","dateModified":"2026-01-26T18:54:09+00:00","author":{"@id":"https:\/\/www.uqac.ca\/uqactualites\/#\/schema\/person\/366c45a0c4f0e677b41b4af5886e2018"},"breadcrumb":{"@id":"https:\/\/www.uqac.ca\/uqactualites\/2026\/01\/26\/campagne-centraide-x-uqac-2025-une-communaute-mobilisee-pour-faire-la-difference\/#breadcrumb"},"inLanguage":"fr-CA","potentialAction":[{"@type":"ReadAction","target":["https:\/\/www.uqac.ca\/uqactualites\/2026\/01\/26\/campagne-centraide-x-uqac-2025-une-communaute-mobilisee-pour-faire-la-difference\/"]}]},{"@type":"ImageObject","inLanguage":"fr-CA","@id":"https:\/\/www.uqac.ca\/uqactualites\/2026\/01\/26\/campagne-centraide-x-uqac-2025-une-communaute-mobilisee-pour-faire-la-difference\/#primaryimage","url":"https:\/\/www.uqac.ca\/uqactualites\/wp-content\/uploads\/2026\/01\/Campus\u00a9UQACHiver_CanopeeH21_3.jpg","contentUrl":"https:\/\/www.uqac.ca\/uqactualites\/wp-content\/uploads\/2026\/01\/Campus\u00a9UQACHiver_CanopeeH21_3.jpg","width":1000,"height":667},{"@type":"BreadcrumbList","@id":"https:\/\/www.uqac.ca\/uqactualites\/2026\/01\/26\/campagne-centraide-x-uqac-2025-une-communaute-mobilisee-pour-faire-la-difference\/#breadcrumb","itemListElement":[{"@type":"ListItem","position":1,"name":"Home","item":"https:\/\/www.uqac.ca\/uqactualites\/"},{"@type":"ListItem","position":2,"name":"Campagne Centraide \u00d7 UQAC \u2665 2025 : une communaut\u00e9 mobilis\u00e9e pour faire la diff\u00e9rence"}]},{"@type":"WebSite","@id":"https:\/\/www.uqac.ca\/uqactualites\/#website","url":"https:\/\/www.uqac.ca\/uqactualites\/","name":"UQACtualit\u00e9s","description":"Le portail des nouvelles de l&#039;UQAC","potentialAction":[{"@type":"SearchAction","target":{"@type":"EntryPoint","urlTemplate":"https:\/\/www.uqac.ca\/uqactualites\/?s={search_term_string}"},"query-input":{"@type":"PropertyValueSpecification","valueRequired":true,"valueName":"search_term_string"}}],"inLanguage":"fr-CA"},{"@type":"Person","@id":"https:\/\/www.uqac.ca\/uqactualites\/#\/schema\/person\/366c45a0c4f0e677b41b4af5886e2018","name":"Service des communications et des relations publiques","image":{"@type":"ImageObject","inLanguage":"fr-CA","@id":"https:\/\/www.uqac.ca\/uqactualites\/#\/schema\/person\/image\/","url":"https:\/\/secure.gravatar.com\/avatar\/20fbbda8a292f59f2d3461a5b999c00b?s=96&d=mm&r=g","contentUrl":"https:\/\/secure.gravatar.com\/avatar\/20fbbda8a292f59f2d3461a5b999c00b?s=96&d=mm&r=g","caption":"Service des communications et des relations publiques"},"url":"https:\/\/www.uqac.ca\/uqactualites\/author\/bap\/"}]}},"_links":{"self":[{"href":"https:\/\/www.uqac.ca\/uqactualites\/wp-json\/wp\/v2\/posts\/53228"}],"collection":[{"href":"https:\/\/www.uqac.ca\/uqactualites\/wp-json\/wp\/v2\/posts"}],"about":[{"href":"https:\/\/www.uqac.ca\/uqactualites\/wp-json\/wp\/v2\/types\/post"}],"author":[{"embeddable":true,"href":"https:\/\/www.uqac.ca\/uqactualites\/wp-json\/wp\/v2\/users\/5"}],"replies":[{"embeddable":true,"href":"https:\/\/www.uqac.ca\/uqactualites\/wp-json\/wp\/v2\/comments?post=53228"}],"version-history":[{"count":5,"href":"https:\/\/www.uqac.ca\/uqactualites\/wp-json\/wp\/v2\/posts\/53228\/revisions"}],"predecessor-version":[{"id":53237,"href":"https:\/\/www.uqac.ca\/uqactualites\/wp-json\/wp\/v2\/posts\/53228\/revisions\/53237"}],"wp:featuredmedia":[{"embeddable":true,"href":"https:\/\/www.uqac.ca\/uqactualites\/wp-json\/wp\/v2\/media\/53232"}],"wp:attachment":[{"href":"https:\/\/www.uqac.ca\/uqactualites\/wp-json\/wp\/v2\/media?parent=53228"}],"wp:term":[{"taxonomy":"category","embeddable":true,"href":"https:\/\/www.uqac.ca\/uqactualites\/wp-json\/wp\/v2\/categories?post=53228"},{"taxonomy":"post_tag","embeddable":true,"href":"https:\/\/www.uqac.ca\/uqactualites\/wp-json\/wp\/v2\/tags?post=53228"}],"curies":[{"name":"wp","href":"https:\/\/api.w.org\/{rel}","templated":true}]}}