{"id":53394,"date":"2026-02-04T15:43:36","date_gmt":"2026-02-04T20:43:36","guid":{"rendered":"https:\/\/www.uqac.ca\/uqactualites\/?p=53394"},"modified":"2026-02-04T16:27:12","modified_gmt":"2026-02-04T21:27:12","slug":"des-panels-inspirants-donnent-le-ton-a-la-3e-journee-des-rendez-vous-de-la-recherche-et-de-la-creation","status":"publish","type":"post","link":"https:\/\/www.uqac.ca\/uqactualites\/2026\/02\/04\/des-panels-inspirants-donnent-le-ton-a-la-3e-journee-des-rendez-vous-de-la-recherche-et-de-la-creation\/","title":{"rendered":"Des panels inspirants donnent le ton \u00e0 la 3e journ\u00e9e des Rendez-vous de la recherche et de la cr\u00e9ation"},"content":{"rendered":"<p>La troisi\u00e8me journ\u00e9e des <a href=\"https:\/\/www.uqac.ca\/jrc\/\" target=\"_blank\" rel=\"noopener\"><strong>Rendez-vous de la recherche et de la cr\u00e9ation<\/strong><\/a> a offert une programmation riche, marqu\u00e9e par la tenue de trois panels phares comportant des th\u00e9matiques essentielles pour la communaut\u00e9 universitaire. Entre r\u00e9silience entrepreneuriale, recherche chez les personnes charg\u00e9es de cours et num\u00e9rique responsable, des discussions inspirantes ont r\u00e9v\u00e9l\u00e9es la vitalit\u00e9 de la recherche appliqu\u00e9e \u00e0 l&rsquo;UQAC.<\/p>\n<hr \/>\n<h5>La recherche chez les charg\u00e9es et charg\u00e9s de cours<\/h5>\n<p>Cet \u00e9change a mis en lumi\u00e8re la contribution trop souvent m\u00e9connue des charg\u00e9es et charg\u00e9s de cours dans la production scientifique. Les trois pan\u00e9listes, Julie Andr\u00e9e Tremblay, Ian Segers et Yanik Potvin ont abord\u00e9 la r\u00e9alit\u00e9 et la sp\u00e9cificit\u00e9 du statut de personne charg\u00e9e de cours chercheure \u00e0 l\u2019UQAC ainsi que les enjeux qui y sont associ\u00e9s.<\/p>\n<hr \/>\n<div>\n<h5>Enjeux des PME en temps de crise : Facteurs de r\u00e9silience<\/h5>\n<p>Organis\u00e9e en partenariat avec le <a href=\"https:\/\/cqrda.ca\/\" target=\"_blank\" rel=\"noopener\"><strong>Centre qu\u00e9b\u00e9cois de recherche et de d\u00e9veloppement de l\u2019aluminium (CQRDA)<\/strong><\/a>, la table ronde consacr\u00e9e aux <em>enjeux des PME en temps de crise<\/em> a r\u00e9uni des membres du <a href=\"https:\/\/recherche.uqac.ca\/laboratoire-de-recherche-entrepreneuriat-et-pme-larepme\" target=\"_blank\" rel=\"noopener\"><strong>Laboratoire de recherche en entrepreneuriat et PME (LAREPME)<\/strong> <\/a>ainsi que <strong>Michel Lavoie<\/strong>, fondateur et pr\u00e9sident-directeur g\u00e9n\u00e9ral de <a href=\"https:\/\/pcpaluminium.com\/fr\/\" target=\"_blank\" rel=\"noopener\"><strong>PCP Aluminium<\/strong><\/a>.<\/p>\n<p>Au fil de l\u2019\u00e9change, les pan\u00e9listes ont expos\u00e9 les r\u00e9alit\u00e9s auxquelles sont confront\u00e9es les petites et moyennes entreprises lorsqu\u2019elles traversent des p\u00e9riodes de turbulence. Les participants ont notamment abord\u00e9 :<\/p>\n<ul>\n<li>les strat\u00e9gies permettant aux entreprises de s\u2019adapter rapidement \u00e0 des conditions changeantes;<\/li>\n<li>les facteurs de r\u00e9silience organisationnelle observables dans un contexte \u00e9conomique instable;<\/li>\n<li>les approches innovantes pouvant faciliter la transformation et la p\u00e9rennit\u00e9 des PME.<\/li>\n<\/ul>\n<p>La discussion a mis en lumi\u00e8re le r\u00f4le crucial de l\u2019agilit\u00e9, du leadership et de l\u2019innovation dans la capacit\u00e9 des entreprises \u00e0 surmonter les crises et \u00e0 se repositionner avantageusement dans leur secteur d\u2019activit\u00e9.<\/p>\n<hr \/>\n<h5>Le num\u00e9rique responsable<\/h5>\n<p>Le deuxi\u00e8me moment fort de la journ\u00e9e a \u00e9t\u00e9 le panel consacr\u00e9 au <strong>num\u00e9rique responsable<\/strong>, anim\u00e9 par <strong>Marc Saint\u2011Hilaire<\/strong>, directeur g\u00e9n\u00e9ral d\u2019Alliage 02. Compos\u00e9e de cinq pan\u00e9listes aux expertises compl\u00e9mentaires, cette rencontre a donn\u00e9 lieu \u00e0 une r\u00e9flexion critique sur les enjeux li\u00e9s \u00e0 l\u2019\u00e9volution rapide du num\u00e9rique.<\/p>\n<p>Les discussions ont \u00e9t\u00e9 nourries par les interventions de :<\/p>\n<ul>\n<li><strong>Louis Leclerc<\/strong>, sp\u00e9cialiste en performance organisationnelle et directeur Qualit\u00e9 chez Constructions Proco inc.;<\/li>\n<li><strong>Hamid Nach, Ph. D.<\/strong>, professeur en gestion des technologies d\u2019affaires \u00e0 l\u2019UQAR;<\/li>\n<li><strong>Guillaume Bourgeois, Ph. D.<\/strong>, postdoctorant \u00e0 l\u2019\u00c9TS et expert en impact environnemental du num\u00e9rique;<\/li>\n<li><strong>Jean\u2011Philippe Levasseur<\/strong>, pr\u00e9sident fondateur de Carbone Qu\u00e9bec;<\/li>\n<li><strong>St\u00e9fanie Vall\u00e9e, M. Sc.<\/strong>, doctorante \u00e0 l\u2019UQAC sp\u00e9cialis\u00e9e en transformation num\u00e9rique durable.<\/li>\n<\/ul>\n<p>Les pan\u00e9listes ont notamment abord\u00e9 l&rsquo;impact environnemental du num\u00e9rique, la gouvernance des donn\u00e9es (Loi 25), l\u2019inclusion num\u00e9rique, les mod\u00e8les d\u2019affaires responsables, la culture organisationnelle et l\u2019IA.<\/p>\n<hr \/>\n<p>Ces activit\u00e9 t\u00e9moignent de l\u2019engagement et du dynamisme de nos chercheuses, chercheurs et partenaires.<\/p>\n<p>Les Rendez-vous de la recherche et de la cr\u00e9ation se poursuivent jusqu&rsquo;\u00e0 vendredi, avec une programmation toute aussi passionnante!<\/p>\n<h5>En photos :<\/h5>\n\r\n                <style type=\"text\/css\">\r\n                    \r\n                    #tdi_1  .td-doubleSlider-2 .td-item1 {\r\n                        background: url(https:\/\/www.uqac.ca\/uqactualites\/wp-content\/uploads\/2026\/02\/panel-entreprises-mduhaimeH26-3.jpg) 0 0 no-repeat;\r\n                    }\r\n                    #tdi_1  .td-doubleSlider-2 .td-item2 {\r\n                        background: url(https:\/\/www.uqac.ca\/uqactualites\/wp-content\/uploads\/2026\/02\/panel-entreprises-mduhaimeH26-2.jpg) 0 0 no-repeat;\r\n                    }\r\n                    #tdi_1  .td-doubleSlider-2 .td-item3 {\r\n                        background: url(https:\/\/www.uqac.ca\/uqactualites\/wp-content\/uploads\/2026\/02\/panel-entreprises-mduhaimeH26-4.jpg) 0 0 no-repeat;\r\n                    }\r\n                    #tdi_1  .td-doubleSlider-2 .td-item4 {\r\n                        background: url(https:\/\/www.uqac.ca\/uqactualites\/wp-content\/uploads\/2026\/02\/panel-entreprises-mduhaimeH26-5.jpg) 0 0 no-repeat;\r\n                    }\r\n                    #tdi_1  .td-doubleSlider-2 .td-item5 {\r\n                        background: url(https:\/\/www.uqac.ca\/uqactualites\/wp-content\/uploads\/2026\/02\/panel-entreprises-mduhaimeH26-1.jpg) 0 0 no-repeat;\r\n                    }\r\n                    #tdi_1  .td-doubleSlider-2 .td-item6 {\r\n                        background: url(https:\/\/www.uqac.ca\/uqactualites\/wp-content\/uploads\/2026\/02\/panel-numerique-durable-mduhaimeH26-1.jpg) 0 0 no-repeat;\r\n                    }\r\n                    #tdi_1  .td-doubleSlider-2 .td-item7 {\r\n                        background: url(https:\/\/www.uqac.ca\/uqactualites\/wp-content\/uploads\/2026\/02\/panel-numerique-durable-mduhaimeH26-2.jpg) 0 0 no-repeat;\r\n                    }\r\n                    #tdi_1  .td-doubleSlider-2 .td-item8 {\r\n                        background: url(https:\/\/www.uqac.ca\/uqactualites\/wp-content\/uploads\/2026\/02\/panel-numerique-durable-mduhaimeH26-3.jpg) 0 0 no-repeat;\r\n                    }\r\n                    #tdi_1  .td-doubleSlider-2 .td-item9 {\r\n                        background: url(https:\/\/www.uqac.ca\/uqactualites\/wp-content\/uploads\/2026\/02\/panel-numerique-durable-mduhaimeH26-4.jpg) 0 0 no-repeat;\r\n                    }\r\n                    #tdi_1  .td-doubleSlider-2 .td-item10 {\r\n                        background: url(https:\/\/www.uqac.ca\/uqactualites\/wp-content\/uploads\/2026\/02\/panel-CC-mduhaimeH26-4.jpg) 0 0 no-repeat;\r\n                    }\r\n                    #tdi_1  .td-doubleSlider-2 .td-item11 {\r\n                        background: url(https:\/\/www.uqac.ca\/uqactualites\/wp-content\/uploads\/2026\/02\/panel-CC-mduhaimeH26-5.jpg) 0 0 no-repeat;\r\n                    }\r\n                    #tdi_1  .td-doubleSlider-2 .td-item12 {\r\n                        background: url(https:\/\/www.uqac.ca\/uqactualites\/wp-content\/uploads\/2026\/02\/panel-CC-mduhaimeH26-1.jpg) 0 0 no-repeat;\r\n                    }\r\n                    #tdi_1  .td-doubleSlider-2 .td-item13 {\r\n                        background: url(https:\/\/www.uqac.ca\/uqactualites\/wp-content\/uploads\/2026\/02\/panel-CC-mduhaimeH26-2.jpg) 0 0 no-repeat;\r\n                    }\r\n                    #tdi_1  .td-doubleSlider-2 .td-item14 {\r\n                        background: url(https:\/\/www.uqac.ca\/uqactualites\/wp-content\/uploads\/2026\/02\/panel-CC-mduhaimeH26-3.jpg) 0 0 no-repeat;\r\n                    }\r\n                <\/style>\r\n\r\n                <div id=\"tdi_1\" class=\"td-gallery td-slide-on-2-columns\">\r\n                    <div class=\"post_td_gallery\">\r\n                        <div class=\"td-gallery-slide-top\">\r\n                           <div class=\"td-gallery-title\"><\/div>\r\n\r\n                            <div class=\"td-gallery-controls-wrapper\">\r\n                                <div class=\"td-gallery-slide-count\"><span class=\"td-gallery-slide-item-focus\">1<\/span> of 14<\/div>\r\n                                <div class=\"td-gallery-slide-prev-next-but\">\r\n                                    <i class = \"td-icon-left doubleSliderPrevButton\"><\/i>\r\n                                    <i class = \"td-icon-right doubleSliderNextButton\"><\/i>\r\n                                <\/div>\r\n                            <\/div>\r\n                        <\/div>\r\n\r\n                        <div class = \"td-doubleSlider-1 \">\r\n                            <div class = \"td-slider\">\r\n                                \r\n                    <div class = \"td-slide-item td-item1\">\r\n                        <figure class=\"td-slide-galery-figure td-slide-popup-gallery\">\r\n                            <a class=\"slide-gallery-image-link\" href=\"https:\/\/www.uqac.ca\/uqactualites\/wp-content\/uploads\/2026\/02\/panel-entreprises-mduhaimeH26-3.jpg\" title=\"panel-entreprises-mduhaimeH26-3\"  data-caption=\"Panel Enjeux des PME en temps de crise : Facteurs de r\u00e9silience\"  data-description=\"\">\r\n                                <img decoding=\"async\" src=\"https:\/\/www.uqac.ca\/uqactualites\/wp-content\/uploads\/2026\/02\/panel-entreprises-mduhaimeH26-3.jpg\" srcset=\"https:\/\/www.uqac.ca\/uqactualites\/wp-content\/uploads\/2026\/02\/panel-entreprises-mduhaimeH26-3.jpg 1920w, https:\/\/www.uqac.ca\/uqactualites\/wp-content\/uploads\/2026\/02\/panel-entreprises-mduhaimeH26-3-300x168.jpg 300w, https:\/\/www.uqac.ca\/uqactualites\/wp-content\/uploads\/2026\/02\/panel-entreprises-mduhaimeH26-3-1024x574.jpg 1024w, https:\/\/www.uqac.ca\/uqactualites\/wp-content\/uploads\/2026\/02\/panel-entreprises-mduhaimeH26-3-768x431.jpg 768w, https:\/\/www.uqac.ca\/uqactualites\/wp-content\/uploads\/2026\/02\/panel-entreprises-mduhaimeH26-3-1536x862.jpg 1536w, https:\/\/www.uqac.ca\/uqactualites\/wp-content\/uploads\/2026\/02\/panel-entreprises-mduhaimeH26-3-150x84.jpg 150w, https:\/\/www.uqac.ca\/uqactualites\/wp-content\/uploads\/2026\/02\/panel-entreprises-mduhaimeH26-3-696x390.jpg 696w, https:\/\/www.uqac.ca\/uqactualites\/wp-content\/uploads\/2026\/02\/panel-entreprises-mduhaimeH26-3-1068x599.jpg 1068w\" sizes=\"(max-width: 1920px) 100vw, 1920px\" alt=\"\">\r\n                            <\/a>\r\n                            <figcaption class = \"td-slide-caption td-gallery-slide-content\"><div class = \"td-gallery-slide-copywrite\">Panel Enjeux des PME en temps de crise : Facteurs de r\u00e9silience<\/div><\/figcaption>\r\n                        <\/figure>\r\n                    <\/div>\r\n                    <div class = \"td-slide-item td-item2\">\r\n                        <figure class=\"td-slide-galery-figure td-slide-popup-gallery\">\r\n                            <a class=\"slide-gallery-image-link\" href=\"https:\/\/www.uqac.ca\/uqactualites\/wp-content\/uploads\/2026\/02\/panel-entreprises-mduhaimeH26-2.jpg\" title=\"panel-entreprises-mduhaimeH26-2\"  data-caption=\"Panel Enjeux des PME en temps de crise : Facteurs de r\u00e9silience\"  data-description=\"\">\r\n                                <img decoding=\"async\" src=\"https:\/\/www.uqac.ca\/uqactualites\/wp-content\/uploads\/2026\/02\/panel-entreprises-mduhaimeH26-2.jpg\" srcset=\"https:\/\/www.uqac.ca\/uqactualites\/wp-content\/uploads\/2026\/02\/panel-entreprises-mduhaimeH26-2.jpg 1920w, https:\/\/www.uqac.ca\/uqactualites\/wp-content\/uploads\/2026\/02\/panel-entreprises-mduhaimeH26-2-300x168.jpg 300w, https:\/\/www.uqac.ca\/uqactualites\/wp-content\/uploads\/2026\/02\/panel-entreprises-mduhaimeH26-2-1024x574.jpg 1024w, https:\/\/www.uqac.ca\/uqactualites\/wp-content\/uploads\/2026\/02\/panel-entreprises-mduhaimeH26-2-768x431.jpg 768w, https:\/\/www.uqac.ca\/uqactualites\/wp-content\/uploads\/2026\/02\/panel-entreprises-mduhaimeH26-2-1536x862.jpg 1536w, https:\/\/www.uqac.ca\/uqactualites\/wp-content\/uploads\/2026\/02\/panel-entreprises-mduhaimeH26-2-150x84.jpg 150w, https:\/\/www.uqac.ca\/uqactualites\/wp-content\/uploads\/2026\/02\/panel-entreprises-mduhaimeH26-2-696x390.jpg 696w, https:\/\/www.uqac.ca\/uqactualites\/wp-content\/uploads\/2026\/02\/panel-entreprises-mduhaimeH26-2-1068x599.jpg 1068w\" sizes=\"(max-width: 1920px) 100vw, 1920px\" alt=\"\">\r\n                            <\/a>\r\n                            <figcaption class = \"td-slide-caption td-gallery-slide-content\"><div class = \"td-gallery-slide-copywrite\">Panel Enjeux des PME en temps de crise : Facteurs de r\u00e9silience<\/div><\/figcaption>\r\n                        <\/figure>\r\n                    <\/div>\r\n                    <div class = \"td-slide-item td-item3\">\r\n                        <figure class=\"td-slide-galery-figure td-slide-popup-gallery\">\r\n                            <a class=\"slide-gallery-image-link\" href=\"https:\/\/www.uqac.ca\/uqactualites\/wp-content\/uploads\/2026\/02\/panel-entreprises-mduhaimeH26-4.jpg\" title=\"panel-entreprises-mduhaimeH26-4\"  data-caption=\"Panel Enjeux des PME en temps de crise : Facteurs de r\u00e9silience\"  data-description=\"\">\r\n                                <img decoding=\"async\" src=\"https:\/\/www.uqac.ca\/uqactualites\/wp-content\/uploads\/2026\/02\/panel-entreprises-mduhaimeH26-4.jpg\" srcset=\"https:\/\/www.uqac.ca\/uqactualites\/wp-content\/uploads\/2026\/02\/panel-entreprises-mduhaimeH26-4.jpg 1920w, https:\/\/www.uqac.ca\/uqactualites\/wp-content\/uploads\/2026\/02\/panel-entreprises-mduhaimeH26-4-300x168.jpg 300w, https:\/\/www.uqac.ca\/uqactualites\/wp-content\/uploads\/2026\/02\/panel-entreprises-mduhaimeH26-4-1024x574.jpg 1024w, https:\/\/www.uqac.ca\/uqactualites\/wp-content\/uploads\/2026\/02\/panel-entreprises-mduhaimeH26-4-768x431.jpg 768w, https:\/\/www.uqac.ca\/uqactualites\/wp-content\/uploads\/2026\/02\/panel-entreprises-mduhaimeH26-4-1536x862.jpg 1536w, https:\/\/www.uqac.ca\/uqactualites\/wp-content\/uploads\/2026\/02\/panel-entreprises-mduhaimeH26-4-150x84.jpg 150w, https:\/\/www.uqac.ca\/uqactualites\/wp-content\/uploads\/2026\/02\/panel-entreprises-mduhaimeH26-4-696x390.jpg 696w, https:\/\/www.uqac.ca\/uqactualites\/wp-content\/uploads\/2026\/02\/panel-entreprises-mduhaimeH26-4-1068x599.jpg 1068w\" sizes=\"(max-width: 1920px) 100vw, 1920px\" alt=\"\">\r\n                            <\/a>\r\n                            <figcaption class = \"td-slide-caption td-gallery-slide-content\"><div class = \"td-gallery-slide-copywrite\">Panel Enjeux des PME en temps de crise : Facteurs de r\u00e9silience<\/div><\/figcaption>\r\n                        <\/figure>\r\n                    <\/div>\r\n                    <div class = \"td-slide-item td-item4\">\r\n                        <figure class=\"td-slide-galery-figure td-slide-popup-gallery\">\r\n                            <a class=\"slide-gallery-image-link\" href=\"https:\/\/www.uqac.ca\/uqactualites\/wp-content\/uploads\/2026\/02\/panel-entreprises-mduhaimeH26-5.jpg\" title=\"panel-entreprises-mduhaimeH26-5\"  data-caption=\"Panel Enjeux des PME en temps de crise : Facteurs de r\u00e9silience\"  data-description=\"\">\r\n                                <img decoding=\"async\" src=\"https:\/\/www.uqac.ca\/uqactualites\/wp-content\/uploads\/2026\/02\/panel-entreprises-mduhaimeH26-5.jpg\" srcset=\"https:\/\/www.uqac.ca\/uqactualites\/wp-content\/uploads\/2026\/02\/panel-entreprises-mduhaimeH26-5.jpg 1920w, https:\/\/www.uqac.ca\/uqactualites\/wp-content\/uploads\/2026\/02\/panel-entreprises-mduhaimeH26-5-300x168.jpg 300w, https:\/\/www.uqac.ca\/uqactualites\/wp-content\/uploads\/2026\/02\/panel-entreprises-mduhaimeH26-5-1024x574.jpg 1024w, https:\/\/www.uqac.ca\/uqactualites\/wp-content\/uploads\/2026\/02\/panel-entreprises-mduhaimeH26-5-768x431.jpg 768w, https:\/\/www.uqac.ca\/uqactualites\/wp-content\/uploads\/2026\/02\/panel-entreprises-mduhaimeH26-5-1536x862.jpg 1536w, https:\/\/www.uqac.ca\/uqactualites\/wp-content\/uploads\/2026\/02\/panel-entreprises-mduhaimeH26-5-150x84.jpg 150w, https:\/\/www.uqac.ca\/uqactualites\/wp-content\/uploads\/2026\/02\/panel-entreprises-mduhaimeH26-5-696x390.jpg 696w, https:\/\/www.uqac.ca\/uqactualites\/wp-content\/uploads\/2026\/02\/panel-entreprises-mduhaimeH26-5-1068x599.jpg 1068w\" sizes=\"(max-width: 1920px) 100vw, 1920px\" alt=\"\">\r\n                            <\/a>\r\n                            <figcaption class = \"td-slide-caption td-gallery-slide-content\"><div class = \"td-gallery-slide-copywrite\">Panel Enjeux des PME en temps de crise : Facteurs de r\u00e9silience<\/div><\/figcaption>\r\n                        <\/figure>\r\n                    <\/div>\r\n                    <div class = \"td-slide-item td-item5\">\r\n                        <figure class=\"td-slide-galery-figure td-slide-popup-gallery\">\r\n                            <a class=\"slide-gallery-image-link\" href=\"https:\/\/www.uqac.ca\/uqactualites\/wp-content\/uploads\/2026\/02\/panel-entreprises-mduhaimeH26-1.jpg\" title=\"panel-entreprises-mduhaimeH26-1\"  data-caption=\"Panel Enjeux des PME en temps de crise : Facteurs de r\u00e9silience\"  data-description=\"\">\r\n                                <img decoding=\"async\" src=\"https:\/\/www.uqac.ca\/uqactualites\/wp-content\/uploads\/2026\/02\/panel-entreprises-mduhaimeH26-1.jpg\" srcset=\"https:\/\/www.uqac.ca\/uqactualites\/wp-content\/uploads\/2026\/02\/panel-entreprises-mduhaimeH26-1.jpg 1920w, https:\/\/www.uqac.ca\/uqactualites\/wp-content\/uploads\/2026\/02\/panel-entreprises-mduhaimeH26-1-300x168.jpg 300w, https:\/\/www.uqac.ca\/uqactualites\/wp-content\/uploads\/2026\/02\/panel-entreprises-mduhaimeH26-1-1024x574.jpg 1024w, https:\/\/www.uqac.ca\/uqactualites\/wp-content\/uploads\/2026\/02\/panel-entreprises-mduhaimeH26-1-768x431.jpg 768w, https:\/\/www.uqac.ca\/uqactualites\/wp-content\/uploads\/2026\/02\/panel-entreprises-mduhaimeH26-1-1536x862.jpg 1536w, https:\/\/www.uqac.ca\/uqactualites\/wp-content\/uploads\/2026\/02\/panel-entreprises-mduhaimeH26-1-150x84.jpg 150w, https:\/\/www.uqac.ca\/uqactualites\/wp-content\/uploads\/2026\/02\/panel-entreprises-mduhaimeH26-1-696x390.jpg 696w, https:\/\/www.uqac.ca\/uqactualites\/wp-content\/uploads\/2026\/02\/panel-entreprises-mduhaimeH26-1-1068x599.jpg 1068w\" sizes=\"(max-width: 1920px) 100vw, 1920px\" alt=\"\">\r\n                            <\/a>\r\n                            <figcaption class = \"td-slide-caption td-gallery-slide-content\"><div class = \"td-gallery-slide-copywrite\">Panel Enjeux des PME en temps de crise : Facteurs de r\u00e9silience<\/div><\/figcaption>\r\n                        <\/figure>\r\n                    <\/div>\r\n                    <div class = \"td-slide-item td-item6\">\r\n                        <figure class=\"td-slide-galery-figure td-slide-popup-gallery\">\r\n                            <a class=\"slide-gallery-image-link\" href=\"https:\/\/www.uqac.ca\/uqactualites\/wp-content\/uploads\/2026\/02\/panel-numerique-durable-mduhaimeH26-1.jpg\" title=\"panel-numerique-durable-mduhaimeH26-1\"  data-caption=\"Panel sur le num\u00e9rique responsable\"  data-description=\"\">\r\n                                <img decoding=\"async\" src=\"https:\/\/www.uqac.ca\/uqactualites\/wp-content\/uploads\/2026\/02\/panel-numerique-durable-mduhaimeH26-1.jpg\" srcset=\"https:\/\/www.uqac.ca\/uqactualites\/wp-content\/uploads\/2026\/02\/panel-numerique-durable-mduhaimeH26-1.jpg 1920w, https:\/\/www.uqac.ca\/uqactualites\/wp-content\/uploads\/2026\/02\/panel-numerique-durable-mduhaimeH26-1-300x168.jpg 300w, https:\/\/www.uqac.ca\/uqactualites\/wp-content\/uploads\/2026\/02\/panel-numerique-durable-mduhaimeH26-1-1024x574.jpg 1024w, https:\/\/www.uqac.ca\/uqactualites\/wp-content\/uploads\/2026\/02\/panel-numerique-durable-mduhaimeH26-1-768x431.jpg 768w, https:\/\/www.uqac.ca\/uqactualites\/wp-content\/uploads\/2026\/02\/panel-numerique-durable-mduhaimeH26-1-1536x862.jpg 1536w, https:\/\/www.uqac.ca\/uqactualites\/wp-content\/uploads\/2026\/02\/panel-numerique-durable-mduhaimeH26-1-150x84.jpg 150w, https:\/\/www.uqac.ca\/uqactualites\/wp-content\/uploads\/2026\/02\/panel-numerique-durable-mduhaimeH26-1-696x390.jpg 696w, https:\/\/www.uqac.ca\/uqactualites\/wp-content\/uploads\/2026\/02\/panel-numerique-durable-mduhaimeH26-1-1068x599.jpg 1068w\" sizes=\"(max-width: 1920px) 100vw, 1920px\" alt=\"\">\r\n                            <\/a>\r\n                            <figcaption class = \"td-slide-caption td-gallery-slide-content\"><div class = \"td-gallery-slide-copywrite\">Panel sur le num\u00e9rique responsable<\/div><\/figcaption>\r\n                        <\/figure>\r\n                    <\/div>\r\n                    <div class = \"td-slide-item td-item7\">\r\n                        <figure class=\"td-slide-galery-figure td-slide-popup-gallery\">\r\n                            <a class=\"slide-gallery-image-link\" href=\"https:\/\/www.uqac.ca\/uqactualites\/wp-content\/uploads\/2026\/02\/panel-numerique-durable-mduhaimeH26-2.jpg\" title=\"panel-numerique-durable-mduhaimeH26-2\"  data-caption=\"Panel sur le num\u00e9rique responsable\"  data-description=\"\">\r\n                                <img decoding=\"async\" src=\"https:\/\/www.uqac.ca\/uqactualites\/wp-content\/uploads\/2026\/02\/panel-numerique-durable-mduhaimeH26-2.jpg\" srcset=\"https:\/\/www.uqac.ca\/uqactualites\/wp-content\/uploads\/2026\/02\/panel-numerique-durable-mduhaimeH26-2.jpg 1920w, https:\/\/www.uqac.ca\/uqactualites\/wp-content\/uploads\/2026\/02\/panel-numerique-durable-mduhaimeH26-2-300x168.jpg 300w, https:\/\/www.uqac.ca\/uqactualites\/wp-content\/uploads\/2026\/02\/panel-numerique-durable-mduhaimeH26-2-1024x574.jpg 1024w, https:\/\/www.uqac.ca\/uqactualites\/wp-content\/uploads\/2026\/02\/panel-numerique-durable-mduhaimeH26-2-768x431.jpg 768w, https:\/\/www.uqac.ca\/uqactualites\/wp-content\/uploads\/2026\/02\/panel-numerique-durable-mduhaimeH26-2-1536x862.jpg 1536w, https:\/\/www.uqac.ca\/uqactualites\/wp-content\/uploads\/2026\/02\/panel-numerique-durable-mduhaimeH26-2-150x84.jpg 150w, https:\/\/www.uqac.ca\/uqactualites\/wp-content\/uploads\/2026\/02\/panel-numerique-durable-mduhaimeH26-2-696x390.jpg 696w, https:\/\/www.uqac.ca\/uqactualites\/wp-content\/uploads\/2026\/02\/panel-numerique-durable-mduhaimeH26-2-1068x599.jpg 1068w\" sizes=\"(max-width: 1920px) 100vw, 1920px\" alt=\"\">\r\n                            <\/a>\r\n                            <figcaption class = \"td-slide-caption td-gallery-slide-content\"><div class = \"td-gallery-slide-copywrite\">Panel sur le num\u00e9rique responsable<\/div><\/figcaption>\r\n                        <\/figure>\r\n                    <\/div>\r\n                    <div class = \"td-slide-item td-item8\">\r\n                        <figure class=\"td-slide-galery-figure td-slide-popup-gallery\">\r\n                            <a class=\"slide-gallery-image-link\" href=\"https:\/\/www.uqac.ca\/uqactualites\/wp-content\/uploads\/2026\/02\/panel-numerique-durable-mduhaimeH26-3.jpg\" title=\"panel-numerique-durable-mduhaimeH26-3\"  data-caption=\"Panel sur le num\u00e9rique responsable\"  data-description=\"\">\r\n                                <img decoding=\"async\" src=\"https:\/\/www.uqac.ca\/uqactualites\/wp-content\/uploads\/2026\/02\/panel-numerique-durable-mduhaimeH26-3.jpg\" srcset=\"https:\/\/www.uqac.ca\/uqactualites\/wp-content\/uploads\/2026\/02\/panel-numerique-durable-mduhaimeH26-3.jpg 1920w, https:\/\/www.uqac.ca\/uqactualites\/wp-content\/uploads\/2026\/02\/panel-numerique-durable-mduhaimeH26-3-300x168.jpg 300w, https:\/\/www.uqac.ca\/uqactualites\/wp-content\/uploads\/2026\/02\/panel-numerique-durable-mduhaimeH26-3-1024x574.jpg 1024w, https:\/\/www.uqac.ca\/uqactualites\/wp-content\/uploads\/2026\/02\/panel-numerique-durable-mduhaimeH26-3-768x431.jpg 768w, https:\/\/www.uqac.ca\/uqactualites\/wp-content\/uploads\/2026\/02\/panel-numerique-durable-mduhaimeH26-3-1536x862.jpg 1536w, https:\/\/www.uqac.ca\/uqactualites\/wp-content\/uploads\/2026\/02\/panel-numerique-durable-mduhaimeH26-3-150x84.jpg 150w, https:\/\/www.uqac.ca\/uqactualites\/wp-content\/uploads\/2026\/02\/panel-numerique-durable-mduhaimeH26-3-696x390.jpg 696w, https:\/\/www.uqac.ca\/uqactualites\/wp-content\/uploads\/2026\/02\/panel-numerique-durable-mduhaimeH26-3-1068x599.jpg 1068w\" sizes=\"(max-width: 1920px) 100vw, 1920px\" alt=\"\">\r\n                            <\/a>\r\n                            <figcaption class = \"td-slide-caption td-gallery-slide-content\"><div class = \"td-gallery-slide-copywrite\">Panel sur le num\u00e9rique responsable<\/div><\/figcaption>\r\n                        <\/figure>\r\n                    <\/div>\r\n                    <div class = \"td-slide-item td-item9\">\r\n                        <figure class=\"td-slide-galery-figure td-slide-popup-gallery\">\r\n                            <a class=\"slide-gallery-image-link\" href=\"https:\/\/www.uqac.ca\/uqactualites\/wp-content\/uploads\/2026\/02\/panel-numerique-durable-mduhaimeH26-4.jpg\" title=\"panel-numerique-durable-mduhaimeH26-4\"  data-caption=\"Panel sur le num\u00e9rique responsable\"  data-description=\"\">\r\n                                <img decoding=\"async\" src=\"https:\/\/www.uqac.ca\/uqactualites\/wp-content\/uploads\/2026\/02\/panel-numerique-durable-mduhaimeH26-4.jpg\" srcset=\"https:\/\/www.uqac.ca\/uqactualites\/wp-content\/uploads\/2026\/02\/panel-numerique-durable-mduhaimeH26-4.jpg 1920w, https:\/\/www.uqac.ca\/uqactualites\/wp-content\/uploads\/2026\/02\/panel-numerique-durable-mduhaimeH26-4-300x168.jpg 300w, https:\/\/www.uqac.ca\/uqactualites\/wp-content\/uploads\/2026\/02\/panel-numerique-durable-mduhaimeH26-4-1024x574.jpg 1024w, https:\/\/www.uqac.ca\/uqactualites\/wp-content\/uploads\/2026\/02\/panel-numerique-durable-mduhaimeH26-4-768x431.jpg 768w, https:\/\/www.uqac.ca\/uqactualites\/wp-content\/uploads\/2026\/02\/panel-numerique-durable-mduhaimeH26-4-1536x862.jpg 1536w, https:\/\/www.uqac.ca\/uqactualites\/wp-content\/uploads\/2026\/02\/panel-numerique-durable-mduhaimeH26-4-150x84.jpg 150w, https:\/\/www.uqac.ca\/uqactualites\/wp-content\/uploads\/2026\/02\/panel-numerique-durable-mduhaimeH26-4-696x390.jpg 696w, https:\/\/www.uqac.ca\/uqactualites\/wp-content\/uploads\/2026\/02\/panel-numerique-durable-mduhaimeH26-4-1068x599.jpg 1068w\" sizes=\"(max-width: 1920px) 100vw, 1920px\" alt=\"\">\r\n                            <\/a>\r\n                            <figcaption class = \"td-slide-caption td-gallery-slide-content\"><div class = \"td-gallery-slide-copywrite\">Panel sur le num\u00e9rique responsable<\/div><\/figcaption>\r\n                        <\/figure>\r\n                    <\/div>\r\n                    <div class = \"td-slide-item td-item10\">\r\n                        <figure class=\"td-slide-galery-figure td-slide-popup-gallery\">\r\n                            <a class=\"slide-gallery-image-link\" href=\"https:\/\/www.uqac.ca\/uqactualites\/wp-content\/uploads\/2026\/02\/panel-CC-mduhaimeH26-4.jpg\" title=\"panel-CC-mduhaimeH26-4\"  data-caption=\"La recherche chez les charg\u00e9es et charg\u00e9s de cours\"  data-description=\"\">\r\n                                <img decoding=\"async\" src=\"https:\/\/www.uqac.ca\/uqactualites\/wp-content\/uploads\/2026\/02\/panel-CC-mduhaimeH26-4.jpg\" srcset=\"https:\/\/www.uqac.ca\/uqactualites\/wp-content\/uploads\/2026\/02\/panel-CC-mduhaimeH26-4.jpg 1920w, https:\/\/www.uqac.ca\/uqactualites\/wp-content\/uploads\/2026\/02\/panel-CC-mduhaimeH26-4-300x168.jpg 300w, https:\/\/www.uqac.ca\/uqactualites\/wp-content\/uploads\/2026\/02\/panel-CC-mduhaimeH26-4-1024x574.jpg 1024w, https:\/\/www.uqac.ca\/uqactualites\/wp-content\/uploads\/2026\/02\/panel-CC-mduhaimeH26-4-768x431.jpg 768w, https:\/\/www.uqac.ca\/uqactualites\/wp-content\/uploads\/2026\/02\/panel-CC-mduhaimeH26-4-1536x862.jpg 1536w, https:\/\/www.uqac.ca\/uqactualites\/wp-content\/uploads\/2026\/02\/panel-CC-mduhaimeH26-4-150x84.jpg 150w, https:\/\/www.uqac.ca\/uqactualites\/wp-content\/uploads\/2026\/02\/panel-CC-mduhaimeH26-4-696x390.jpg 696w, https:\/\/www.uqac.ca\/uqactualites\/wp-content\/uploads\/2026\/02\/panel-CC-mduhaimeH26-4-1068x599.jpg 1068w\" sizes=\"(max-width: 1920px) 100vw, 1920px\" alt=\"\">\r\n                            <\/a>\r\n                            <figcaption class = \"td-slide-caption td-gallery-slide-content\"><div class = \"td-gallery-slide-copywrite\">La recherche chez les charg\u00e9es et charg\u00e9s de cours<\/div><\/figcaption>\r\n                        <\/figure>\r\n                    <\/div>\r\n                    <div class = \"td-slide-item td-item11\">\r\n                        <figure class=\"td-slide-galery-figure td-slide-popup-gallery\">\r\n                            <a class=\"slide-gallery-image-link\" href=\"https:\/\/www.uqac.ca\/uqactualites\/wp-content\/uploads\/2026\/02\/panel-CC-mduhaimeH26-5.jpg\" title=\"panel-CC-mduhaimeH26-5\"  data-caption=\"La recherche chez les charg\u00e9es et charg\u00e9s de cours\"  data-description=\"\">\r\n                                <img decoding=\"async\" src=\"https:\/\/www.uqac.ca\/uqactualites\/wp-content\/uploads\/2026\/02\/panel-CC-mduhaimeH26-5.jpg\" srcset=\"https:\/\/www.uqac.ca\/uqactualites\/wp-content\/uploads\/2026\/02\/panel-CC-mduhaimeH26-5.jpg 1920w, https:\/\/www.uqac.ca\/uqactualites\/wp-content\/uploads\/2026\/02\/panel-CC-mduhaimeH26-5-300x168.jpg 300w, https:\/\/www.uqac.ca\/uqactualites\/wp-content\/uploads\/2026\/02\/panel-CC-mduhaimeH26-5-1024x574.jpg 1024w, https:\/\/www.uqac.ca\/uqactualites\/wp-content\/uploads\/2026\/02\/panel-CC-mduhaimeH26-5-768x431.jpg 768w, https:\/\/www.uqac.ca\/uqactualites\/wp-content\/uploads\/2026\/02\/panel-CC-mduhaimeH26-5-1536x862.jpg 1536w, https:\/\/www.uqac.ca\/uqactualites\/wp-content\/uploads\/2026\/02\/panel-CC-mduhaimeH26-5-150x84.jpg 150w, https:\/\/www.uqac.ca\/uqactualites\/wp-content\/uploads\/2026\/02\/panel-CC-mduhaimeH26-5-696x390.jpg 696w, https:\/\/www.uqac.ca\/uqactualites\/wp-content\/uploads\/2026\/02\/panel-CC-mduhaimeH26-5-1068x599.jpg 1068w\" sizes=\"(max-width: 1920px) 100vw, 1920px\" alt=\"\">\r\n                            <\/a>\r\n                            <figcaption class = \"td-slide-caption td-gallery-slide-content\"><div class = \"td-gallery-slide-copywrite\">La recherche chez les charg\u00e9es et charg\u00e9s de cours<\/div><\/figcaption>\r\n                        <\/figure>\r\n                    <\/div>\r\n                    <div class = \"td-slide-item td-item12\">\r\n                        <figure class=\"td-slide-galery-figure td-slide-popup-gallery\">\r\n                            <a class=\"slide-gallery-image-link\" href=\"https:\/\/www.uqac.ca\/uqactualites\/wp-content\/uploads\/2026\/02\/panel-CC-mduhaimeH26-1.jpg\" title=\"panel-CC-mduhaimeH26-1\"  data-caption=\"La recherche chez les charg\u00e9es et charg\u00e9s de cours\"  data-description=\"\">\r\n                                <img decoding=\"async\" src=\"https:\/\/www.uqac.ca\/uqactualites\/wp-content\/uploads\/2026\/02\/panel-CC-mduhaimeH26-1.jpg\" srcset=\"https:\/\/www.uqac.ca\/uqactualites\/wp-content\/uploads\/2026\/02\/panel-CC-mduhaimeH26-1.jpg 1920w, https:\/\/www.uqac.ca\/uqactualites\/wp-content\/uploads\/2026\/02\/panel-CC-mduhaimeH26-1-300x168.jpg 300w, https:\/\/www.uqac.ca\/uqactualites\/wp-content\/uploads\/2026\/02\/panel-CC-mduhaimeH26-1-1024x574.jpg 1024w, https:\/\/www.uqac.ca\/uqactualites\/wp-content\/uploads\/2026\/02\/panel-CC-mduhaimeH26-1-768x431.jpg 768w, https:\/\/www.uqac.ca\/uqactualites\/wp-content\/uploads\/2026\/02\/panel-CC-mduhaimeH26-1-1536x862.jpg 1536w, https:\/\/www.uqac.ca\/uqactualites\/wp-content\/uploads\/2026\/02\/panel-CC-mduhaimeH26-1-150x84.jpg 150w, https:\/\/www.uqac.ca\/uqactualites\/wp-content\/uploads\/2026\/02\/panel-CC-mduhaimeH26-1-696x390.jpg 696w, https:\/\/www.uqac.ca\/uqactualites\/wp-content\/uploads\/2026\/02\/panel-CC-mduhaimeH26-1-1068x599.jpg 1068w\" sizes=\"(max-width: 1920px) 100vw, 1920px\" alt=\"\">\r\n                            <\/a>\r\n                            <figcaption class = \"td-slide-caption td-gallery-slide-content\"><div class = \"td-gallery-slide-copywrite\">La recherche chez les charg\u00e9es et charg\u00e9s de cours<\/div><\/figcaption>\r\n                        <\/figure>\r\n                    <\/div>\r\n                    <div class = \"td-slide-item td-item13\">\r\n                        <figure class=\"td-slide-galery-figure td-slide-popup-gallery\">\r\n                            <a class=\"slide-gallery-image-link\" href=\"https:\/\/www.uqac.ca\/uqactualites\/wp-content\/uploads\/2026\/02\/panel-CC-mduhaimeH26-2.jpg\" title=\"panel-CC-mduhaimeH26-2\"  data-caption=\"La recherche chez les charg\u00e9es et charg\u00e9s de cours\"  data-description=\"\">\r\n                                <img decoding=\"async\" src=\"https:\/\/www.uqac.ca\/uqactualites\/wp-content\/uploads\/2026\/02\/panel-CC-mduhaimeH26-2.jpg\" srcset=\"https:\/\/www.uqac.ca\/uqactualites\/wp-content\/uploads\/2026\/02\/panel-CC-mduhaimeH26-2.jpg 1920w, https:\/\/www.uqac.ca\/uqactualites\/wp-content\/uploads\/2026\/02\/panel-CC-mduhaimeH26-2-300x168.jpg 300w, https:\/\/www.uqac.ca\/uqactualites\/wp-content\/uploads\/2026\/02\/panel-CC-mduhaimeH26-2-1024x574.jpg 1024w, https:\/\/www.uqac.ca\/uqactualites\/wp-content\/uploads\/2026\/02\/panel-CC-mduhaimeH26-2-768x431.jpg 768w, https:\/\/www.uqac.ca\/uqactualites\/wp-content\/uploads\/2026\/02\/panel-CC-mduhaimeH26-2-1536x862.jpg 1536w, https:\/\/www.uqac.ca\/uqactualites\/wp-content\/uploads\/2026\/02\/panel-CC-mduhaimeH26-2-150x84.jpg 150w, https:\/\/www.uqac.ca\/uqactualites\/wp-content\/uploads\/2026\/02\/panel-CC-mduhaimeH26-2-696x390.jpg 696w, https:\/\/www.uqac.ca\/uqactualites\/wp-content\/uploads\/2026\/02\/panel-CC-mduhaimeH26-2-1068x599.jpg 1068w\" sizes=\"(max-width: 1920px) 100vw, 1920px\" alt=\"\">\r\n                            <\/a>\r\n                            <figcaption class = \"td-slide-caption td-gallery-slide-content\"><div class = \"td-gallery-slide-copywrite\">La recherche chez les charg\u00e9es et charg\u00e9s de cours<\/div><\/figcaption>\r\n                        <\/figure>\r\n                    <\/div>\r\n                    <div class = \"td-slide-item td-item14\">\r\n                        <figure class=\"td-slide-galery-figure td-slide-popup-gallery\">\r\n                            <a class=\"slide-gallery-image-link\" href=\"https:\/\/www.uqac.ca\/uqactualites\/wp-content\/uploads\/2026\/02\/panel-CC-mduhaimeH26-3.jpg\" title=\"panel-CC-mduhaimeH26-3\"  data-caption=\"La recherche chez les charg\u00e9es et charg\u00e9s de cours\"  data-description=\"\">\r\n                                <img decoding=\"async\" src=\"https:\/\/www.uqac.ca\/uqactualites\/wp-content\/uploads\/2026\/02\/panel-CC-mduhaimeH26-3.jpg\" srcset=\"https:\/\/www.uqac.ca\/uqactualites\/wp-content\/uploads\/2026\/02\/panel-CC-mduhaimeH26-3.jpg 1920w, https:\/\/www.uqac.ca\/uqactualites\/wp-content\/uploads\/2026\/02\/panel-CC-mduhaimeH26-3-300x168.jpg 300w, https:\/\/www.uqac.ca\/uqactualites\/wp-content\/uploads\/2026\/02\/panel-CC-mduhaimeH26-3-1024x574.jpg 1024w, https:\/\/www.uqac.ca\/uqactualites\/wp-content\/uploads\/2026\/02\/panel-CC-mduhaimeH26-3-768x431.jpg 768w, https:\/\/www.uqac.ca\/uqactualites\/wp-content\/uploads\/2026\/02\/panel-CC-mduhaimeH26-3-1536x862.jpg 1536w, https:\/\/www.uqac.ca\/uqactualites\/wp-content\/uploads\/2026\/02\/panel-CC-mduhaimeH26-3-150x84.jpg 150w, https:\/\/www.uqac.ca\/uqactualites\/wp-content\/uploads\/2026\/02\/panel-CC-mduhaimeH26-3-696x390.jpg 696w, https:\/\/www.uqac.ca\/uqactualites\/wp-content\/uploads\/2026\/02\/panel-CC-mduhaimeH26-3-1068x599.jpg 1068w\" sizes=\"(max-width: 1920px) 100vw, 1920px\" alt=\"\">\r\n                            <\/a>\r\n                            <figcaption class = \"td-slide-caption td-gallery-slide-content\"><div class = \"td-gallery-slide-copywrite\">La recherche chez les charg\u00e9es et charg\u00e9s de cours<\/div><\/figcaption>\r\n                        <\/figure>\r\n                    <\/div>\r\n                            <\/div>\r\n                        <\/div>\r\n\r\n                        <div class = \"td-doubleSlider-2\">\r\n                            <div class = \"td-slider\">\r\n                                \r\n                    <div class = \"td-button td-item1\">\r\n                        <div class = \"td-border\"><\/div>\r\n                    <\/div>\r\n                    <div class = \"td-button td-item2\">\r\n                        <div class = \"td-border\"><\/div>\r\n                    <\/div>\r\n                    <div class = \"td-button td-item3\">\r\n                        <div class = \"td-border\"><\/div>\r\n                    <\/div>\r\n                    <div class = \"td-button td-item4\">\r\n                        <div class = \"td-border\"><\/div>\r\n                    <\/div>\r\n                    <div class = \"td-button td-item5\">\r\n                        <div class = \"td-border\"><\/div>\r\n                    <\/div>\r\n                    <div class = \"td-button td-item6\">\r\n                        <div class = \"td-border\"><\/div>\r\n                    <\/div>\r\n                    <div class = \"td-button td-item7\">\r\n                        <div class = \"td-border\"><\/div>\r\n                    <\/div>\r\n                    <div class = \"td-button td-item8\">\r\n                        <div class = \"td-border\"><\/div>\r\n                    <\/div>\r\n                    <div class = \"td-button td-item9\">\r\n                        <div class = \"td-border\"><\/div>\r\n                    <\/div>\r\n                    <div class = \"td-button td-item10\">\r\n                        <div class = \"td-border\"><\/div>\r\n                    <\/div>\r\n                    <div class = \"td-button td-item11\">\r\n                        <div class = \"td-border\"><\/div>\r\n                    <\/div>\r\n                    <div class = \"td-button td-item12\">\r\n                        <div class = \"td-border\"><\/div>\r\n                    <\/div>\r\n                    <div class = \"td-button td-item13\">\r\n                        <div class = \"td-border\"><\/div>\r\n                    <\/div>\r\n                    <div class = \"td-button td-item14\">\r\n                        <div class = \"td-border\"><\/div>\r\n                    <\/div>\r\n                            <\/div>\r\n                        <\/div>\r\n\r\n                    <\/div>\r\n\r\n                <\/div>\r\n                \n<\/div>\n","protected":false},"excerpt":{"rendered":"<p>La troisi\u00e8me journ\u00e9e des Rendez-vous de la recherche et de la cr\u00e9ation a offert une programmation riche, marqu\u00e9e par la tenue de trois panels phares comportant des th\u00e9matiques essentielles pour la communaut\u00e9 universitaire. Entre r\u00e9silience entrepreneuriale, recherche chez les personnes charg\u00e9es de cours et num\u00e9rique responsable, des discussions inspirantes ont r\u00e9v\u00e9l\u00e9es la vitalit\u00e9 de la [&hellip;]<\/p>\n","protected":false},"author":5,"featured_media":53399,"comment_status":"closed","ping_status":"open","sticky":false,"template":"","format":"standard","meta":{"footnotes":""},"categories":[2795,2,61,4],"tags":[8,3016],"yoast_head":"<!-- This site is optimized with the Yoast SEO plugin v24.2 - https:\/\/yoast.com\/wordpress\/plugins\/seo\/ -->\r\n<title>Des panels inspirants donnent le ton \u00e0 la 3e journ\u00e9e des Rendez-vous de la recherche et de la cr\u00e9ation - UQACtualit\u00e9s<\/title>\r\n<meta name=\"robots\" content=\"index, follow, max-snippet:-1, max-image-preview:large, max-video-preview:-1\" \/>\r\n<link rel=\"canonical\" href=\"https:\/\/www.uqac.ca\/uqactualites\/2026\/02\/04\/des-panels-inspirants-donnent-le-ton-a-la-3e-journee-des-rendez-vous-de-la-recherche-et-de-la-creation\/\" \/>\r\n<meta property=\"og:locale\" content=\"fr_CA\" \/>\r\n<meta property=\"og:type\" content=\"article\" \/>\r\n<meta property=\"og:title\" content=\"Des panels inspirants donnent le ton \u00e0 la 3e journ\u00e9e des Rendez-vous de la recherche et de la cr\u00e9ation - UQACtualit\u00e9s\" \/>\r\n<meta property=\"og:description\" content=\"La troisi\u00e8me journ\u00e9e des Rendez-vous de la recherche et de la cr\u00e9ation a offert une programmation riche, marqu\u00e9e par la tenue de trois panels phares comportant des th\u00e9matiques essentielles pour la communaut\u00e9 universitaire. Entre r\u00e9silience entrepreneuriale, recherche chez les personnes charg\u00e9es de cours et num\u00e9rique responsable, des discussions inspirantes ont r\u00e9v\u00e9l\u00e9es la vitalit\u00e9 de la [&hellip;]\" \/>\r\n<meta property=\"og:url\" content=\"https:\/\/www.uqac.ca\/uqactualites\/2026\/02\/04\/des-panels-inspirants-donnent-le-ton-a-la-3e-journee-des-rendez-vous-de-la-recherche-et-de-la-creation\/\" \/>\r\n<meta property=\"og:site_name\" content=\"UQACtualit\u00e9s\" \/>\r\n<meta property=\"article:published_time\" content=\"2026-02-04T20:43:36+00:00\" \/>\r\n<meta property=\"article:modified_time\" content=\"2026-02-04T21:27:12+00:00\" \/>\r\n<meta property=\"og:image\" content=\"https:\/\/www.uqac.ca\/uqactualites\/wp-content\/uploads\/2026\/02\/A-la-une-UQACtualite-38-1024x576.png\" \/>\r\n\t<meta property=\"og:image:width\" content=\"1024\" \/>\r\n\t<meta property=\"og:image:height\" content=\"576\" \/>\r\n\t<meta property=\"og:image:type\" content=\"image\/png\" \/>\r\n<meta name=\"author\" content=\"Service des communications et des relations publiques\" \/>\r\n<meta name=\"twitter:card\" content=\"summary_large_image\" \/>\r\n<meta name=\"twitter:label1\" content=\"\u00c9crit par\" \/>\n\t<meta name=\"twitter:data1\" content=\"Service des communications et des relations publiques\" \/>\n\t<meta name=\"twitter:label2\" content=\"Estimation du temps de lecture\" \/>\n\t<meta name=\"twitter:data2\" content=\"3 minutes\" \/>\r\n<script type=\"application\/ld+json\" class=\"yoast-schema-graph\">{\"@context\":\"https:\/\/schema.org\",\"@graph\":[{\"@type\":\"WebPage\",\"@id\":\"https:\/\/www.uqac.ca\/uqactualites\/2026\/02\/04\/des-panels-inspirants-donnent-le-ton-a-la-3e-journee-des-rendez-vous-de-la-recherche-et-de-la-creation\/\",\"url\":\"https:\/\/www.uqac.ca\/uqactualites\/2026\/02\/04\/des-panels-inspirants-donnent-le-ton-a-la-3e-journee-des-rendez-vous-de-la-recherche-et-de-la-creation\/\",\"name\":\"Des panels inspirants donnent le ton \u00e0 la 3e journ\u00e9e des Rendez-vous de la recherche et de la cr\u00e9ation - UQACtualit\u00e9s\",\"isPartOf\":{\"@id\":\"https:\/\/www.uqac.ca\/uqactualites\/#website\"},\"primaryImageOfPage\":{\"@id\":\"https:\/\/www.uqac.ca\/uqactualites\/2026\/02\/04\/des-panels-inspirants-donnent-le-ton-a-la-3e-journee-des-rendez-vous-de-la-recherche-et-de-la-creation\/#primaryimage\"},\"image\":{\"@id\":\"https:\/\/www.uqac.ca\/uqactualites\/2026\/02\/04\/des-panels-inspirants-donnent-le-ton-a-la-3e-journee-des-rendez-vous-de-la-recherche-et-de-la-creation\/#primaryimage\"},\"thumbnailUrl\":\"https:\/\/www.uqac.ca\/uqactualites\/wp-content\/uploads\/2026\/02\/A-la-une-UQACtualite-38.png\",\"datePublished\":\"2026-02-04T20:43:36+00:00\",\"dateModified\":\"2026-02-04T21:27:12+00:00\",\"author\":{\"@id\":\"https:\/\/www.uqac.ca\/uqactualites\/#\/schema\/person\/366c45a0c4f0e677b41b4af5886e2018\"},\"breadcrumb\":{\"@id\":\"https:\/\/www.uqac.ca\/uqactualites\/2026\/02\/04\/des-panels-inspirants-donnent-le-ton-a-la-3e-journee-des-rendez-vous-de-la-recherche-et-de-la-creation\/#breadcrumb\"},\"inLanguage\":\"fr-CA\",\"potentialAction\":[{\"@type\":\"ReadAction\",\"target\":[\"https:\/\/www.uqac.ca\/uqactualites\/2026\/02\/04\/des-panels-inspirants-donnent-le-ton-a-la-3e-journee-des-rendez-vous-de-la-recherche-et-de-la-creation\/\"]}]},{\"@type\":\"ImageObject\",\"inLanguage\":\"fr-CA\",\"@id\":\"https:\/\/www.uqac.ca\/uqactualites\/2026\/02\/04\/des-panels-inspirants-donnent-le-ton-a-la-3e-journee-des-rendez-vous-de-la-recherche-et-de-la-creation\/#primaryimage\",\"url\":\"https:\/\/www.uqac.ca\/uqactualites\/wp-content\/uploads\/2026\/02\/A-la-une-UQACtualite-38.png\",\"contentUrl\":\"https:\/\/www.uqac.ca\/uqactualites\/wp-content\/uploads\/2026\/02\/A-la-une-UQACtualite-38.png\",\"width\":1920,\"height\":1080},{\"@type\":\"BreadcrumbList\",\"@id\":\"https:\/\/www.uqac.ca\/uqactualites\/2026\/02\/04\/des-panels-inspirants-donnent-le-ton-a-la-3e-journee-des-rendez-vous-de-la-recherche-et-de-la-creation\/#breadcrumb\",\"itemListElement\":[{\"@type\":\"ListItem\",\"position\":1,\"name\":\"Home\",\"item\":\"https:\/\/www.uqac.ca\/uqactualites\/\"},{\"@type\":\"ListItem\",\"position\":2,\"name\":\"Des panels inspirants donnent le ton \u00e0 la 3e journ\u00e9e des Rendez-vous de la recherche et de la cr\u00e9ation\"}]},{\"@type\":\"WebSite\",\"@id\":\"https:\/\/www.uqac.ca\/uqactualites\/#website\",\"url\":\"https:\/\/www.uqac.ca\/uqactualites\/\",\"name\":\"UQACtualit\u00e9s\",\"description\":\"Le portail des nouvelles de l&#039;UQAC\",\"potentialAction\":[{\"@type\":\"SearchAction\",\"target\":{\"@type\":\"EntryPoint\",\"urlTemplate\":\"https:\/\/www.uqac.ca\/uqactualites\/?s={search_term_string}\"},\"query-input\":{\"@type\":\"PropertyValueSpecification\",\"valueRequired\":true,\"valueName\":\"search_term_string\"}}],\"inLanguage\":\"fr-CA\"},{\"@type\":\"Person\",\"@id\":\"https:\/\/www.uqac.ca\/uqactualites\/#\/schema\/person\/366c45a0c4f0e677b41b4af5886e2018\",\"name\":\"Service des communications et des relations publiques\",\"image\":{\"@type\":\"ImageObject\",\"inLanguage\":\"fr-CA\",\"@id\":\"https:\/\/www.uqac.ca\/uqactualites\/#\/schema\/person\/image\/\",\"url\":\"https:\/\/secure.gravatar.com\/avatar\/20fbbda8a292f59f2d3461a5b999c00b?s=96&d=mm&r=g\",\"contentUrl\":\"https:\/\/secure.gravatar.com\/avatar\/20fbbda8a292f59f2d3461a5b999c00b?s=96&d=mm&r=g\",\"caption\":\"Service des communications et des relations publiques\"},\"url\":\"https:\/\/www.uqac.ca\/uqactualites\/author\/bap\/\"}]}<\/script>\r\n<!-- \/ Yoast SEO plugin. -->","yoast_head_json":{"title":"Des panels inspirants donnent le ton \u00e0 la 3e journ\u00e9e des Rendez-vous de la recherche et de la cr\u00e9ation - UQACtualit\u00e9s","robots":{"index":"index","follow":"follow","max-snippet":"max-snippet:-1","max-image-preview":"max-image-preview:large","max-video-preview":"max-video-preview:-1"},"canonical":"https:\/\/www.uqac.ca\/uqactualites\/2026\/02\/04\/des-panels-inspirants-donnent-le-ton-a-la-3e-journee-des-rendez-vous-de-la-recherche-et-de-la-creation\/","og_locale":"fr_CA","og_type":"article","og_title":"Des panels inspirants donnent le ton \u00e0 la 3e journ\u00e9e des Rendez-vous de la recherche et de la cr\u00e9ation - UQACtualit\u00e9s","og_description":"La troisi\u00e8me journ\u00e9e des Rendez-vous de la recherche et de la cr\u00e9ation a offert une programmation riche, marqu\u00e9e par la tenue de trois panels phares comportant des th\u00e9matiques essentielles pour la communaut\u00e9 universitaire. Entre r\u00e9silience entrepreneuriale, recherche chez les personnes charg\u00e9es de cours et num\u00e9rique responsable, des discussions inspirantes ont r\u00e9v\u00e9l\u00e9es la vitalit\u00e9 de la [&hellip;]","og_url":"https:\/\/www.uqac.ca\/uqactualites\/2026\/02\/04\/des-panels-inspirants-donnent-le-ton-a-la-3e-journee-des-rendez-vous-de-la-recherche-et-de-la-creation\/","og_site_name":"UQACtualit\u00e9s","article_published_time":"2026-02-04T20:43:36+00:00","article_modified_time":"2026-02-04T21:27:12+00:00","og_image":[{"width":1024,"height":576,"url":"https:\/\/www.uqac.ca\/uqactualites\/wp-content\/uploads\/2026\/02\/A-la-une-UQACtualite-38-1024x576.png","type":"image\/png"}],"author":"Service des communications et des relations publiques","twitter_card":"summary_large_image","twitter_misc":{"\u00c9crit par":"Service des communications et des relations publiques","Estimation du temps de lecture":"3 minutes"},"schema":{"@context":"https:\/\/schema.org","@graph":[{"@type":"WebPage","@id":"https:\/\/www.uqac.ca\/uqactualites\/2026\/02\/04\/des-panels-inspirants-donnent-le-ton-a-la-3e-journee-des-rendez-vous-de-la-recherche-et-de-la-creation\/","url":"https:\/\/www.uqac.ca\/uqactualites\/2026\/02\/04\/des-panels-inspirants-donnent-le-ton-a-la-3e-journee-des-rendez-vous-de-la-recherche-et-de-la-creation\/","name":"Des panels inspirants donnent le ton \u00e0 la 3e journ\u00e9e des Rendez-vous de la recherche et de la cr\u00e9ation - UQACtualit\u00e9s","isPartOf":{"@id":"https:\/\/www.uqac.ca\/uqactualites\/#website"},"primaryImageOfPage":{"@id":"https:\/\/www.uqac.ca\/uqactualites\/2026\/02\/04\/des-panels-inspirants-donnent-le-ton-a-la-3e-journee-des-rendez-vous-de-la-recherche-et-de-la-creation\/#primaryimage"},"image":{"@id":"https:\/\/www.uqac.ca\/uqactualites\/2026\/02\/04\/des-panels-inspirants-donnent-le-ton-a-la-3e-journee-des-rendez-vous-de-la-recherche-et-de-la-creation\/#primaryimage"},"thumbnailUrl":"https:\/\/www.uqac.ca\/uqactualites\/wp-content\/uploads\/2026\/02\/A-la-une-UQACtualite-38.png","datePublished":"2026-02-04T20:43:36+00:00","dateModified":"2026-02-04T21:27:12+00:00","author":{"@id":"https:\/\/www.uqac.ca\/uqactualites\/#\/schema\/person\/366c45a0c4f0e677b41b4af5886e2018"},"breadcrumb":{"@id":"https:\/\/www.uqac.ca\/uqactualites\/2026\/02\/04\/des-panels-inspirants-donnent-le-ton-a-la-3e-journee-des-rendez-vous-de-la-recherche-et-de-la-creation\/#breadcrumb"},"inLanguage":"fr-CA","potentialAction":[{"@type":"ReadAction","target":["https:\/\/www.uqac.ca\/uqactualites\/2026\/02\/04\/des-panels-inspirants-donnent-le-ton-a-la-3e-journee-des-rendez-vous-de-la-recherche-et-de-la-creation\/"]}]},{"@type":"ImageObject","inLanguage":"fr-CA","@id":"https:\/\/www.uqac.ca\/uqactualites\/2026\/02\/04\/des-panels-inspirants-donnent-le-ton-a-la-3e-journee-des-rendez-vous-de-la-recherche-et-de-la-creation\/#primaryimage","url":"https:\/\/www.uqac.ca\/uqactualites\/wp-content\/uploads\/2026\/02\/A-la-une-UQACtualite-38.png","contentUrl":"https:\/\/www.uqac.ca\/uqactualites\/wp-content\/uploads\/2026\/02\/A-la-une-UQACtualite-38.png","width":1920,"height":1080},{"@type":"BreadcrumbList","@id":"https:\/\/www.uqac.ca\/uqactualites\/2026\/02\/04\/des-panels-inspirants-donnent-le-ton-a-la-3e-journee-des-rendez-vous-de-la-recherche-et-de-la-creation\/#breadcrumb","itemListElement":[{"@type":"ListItem","position":1,"name":"Home","item":"https:\/\/www.uqac.ca\/uqactualites\/"},{"@type":"ListItem","position":2,"name":"Des panels inspirants donnent le ton \u00e0 la 3e journ\u00e9e des Rendez-vous de la recherche et de la cr\u00e9ation"}]},{"@type":"WebSite","@id":"https:\/\/www.uqac.ca\/uqactualites\/#website","url":"https:\/\/www.uqac.ca\/uqactualites\/","name":"UQACtualit\u00e9s","description":"Le portail des nouvelles de l&#039;UQAC","potentialAction":[{"@type":"SearchAction","target":{"@type":"EntryPoint","urlTemplate":"https:\/\/www.uqac.ca\/uqactualites\/?s={search_term_string}"},"query-input":{"@type":"PropertyValueSpecification","valueRequired":true,"valueName":"search_term_string"}}],"inLanguage":"fr-CA"},{"@type":"Person","@id":"https:\/\/www.uqac.ca\/uqactualites\/#\/schema\/person\/366c45a0c4f0e677b41b4af5886e2018","name":"Service des communications et des relations publiques","image":{"@type":"ImageObject","inLanguage":"fr-CA","@id":"https:\/\/www.uqac.ca\/uqactualites\/#\/schema\/person\/image\/","url":"https:\/\/secure.gravatar.com\/avatar\/20fbbda8a292f59f2d3461a5b999c00b?s=96&d=mm&r=g","contentUrl":"https:\/\/secure.gravatar.com\/avatar\/20fbbda8a292f59f2d3461a5b999c00b?s=96&d=mm&r=g","caption":"Service des communications et des relations publiques"},"url":"https:\/\/www.uqac.ca\/uqactualites\/author\/bap\/"}]}},"_links":{"self":[{"href":"https:\/\/www.uqac.ca\/uqactualites\/wp-json\/wp\/v2\/posts\/53394"}],"collection":[{"href":"https:\/\/www.uqac.ca\/uqactualites\/wp-json\/wp\/v2\/posts"}],"about":[{"href":"https:\/\/www.uqac.ca\/uqactualites\/wp-json\/wp\/v2\/types\/post"}],"author":[{"embeddable":true,"href":"https:\/\/www.uqac.ca\/uqactualites\/wp-json\/wp\/v2\/users\/5"}],"replies":[{"embeddable":true,"href":"https:\/\/www.uqac.ca\/uqactualites\/wp-json\/wp\/v2\/comments?post=53394"}],"version-history":[{"count":16,"href":"https:\/\/www.uqac.ca\/uqactualites\/wp-json\/wp\/v2\/posts\/53394\/revisions"}],"predecessor-version":[{"id":53425,"href":"https:\/\/www.uqac.ca\/uqactualites\/wp-json\/wp\/v2\/posts\/53394\/revisions\/53425"}],"wp:featuredmedia":[{"embeddable":true,"href":"https:\/\/www.uqac.ca\/uqactualites\/wp-json\/wp\/v2\/media\/53399"}],"wp:attachment":[{"href":"https:\/\/www.uqac.ca\/uqactualites\/wp-json\/wp\/v2\/media?parent=53394"}],"wp:term":[{"taxonomy":"category","embeddable":true,"href":"https:\/\/www.uqac.ca\/uqactualites\/wp-json\/wp\/v2\/categories?post=53394"},{"taxonomy":"post_tag","embeddable":true,"href":"https:\/\/www.uqac.ca\/uqactualites\/wp-json\/wp\/v2\/tags?post=53394"}],"curies":[{"name":"wp","href":"https:\/\/api.w.org\/{rel}","templated":true}]}}