{"id":53491,"date":"2026-02-13T08:00:07","date_gmt":"2026-02-13T13:00:07","guid":{"rendered":"https:\/\/www.uqac.ca\/uqactualites\/?p=53491"},"modified":"2026-02-16T08:35:44","modified_gmt":"2026-02-16T13:35:44","slug":"conjuguer-la-parentalite-avec-un-retour-aux-etudes-la-perseverance-de-billy-bolduc","status":"publish","type":"post","link":"https:\/\/www.uqac.ca\/uqactualites\/2026\/02\/13\/conjuguer-la-parentalite-avec-un-retour-aux-etudes-la-perseverance-de-billy-bolduc\/","title":{"rendered":"Conjuguer la parentalit\u00e9 avec un retour aux \u00e9tudes : la pers\u00e9v\u00e9rance de Billy Bolduc"},"content":{"rendered":"<p>Les Journ\u00e9es de la pers\u00e9v\u00e9rance scolaire, qui ont lieu du 16 au 20 f\u00e9vrier, sont l\u2019occasion de mettre de l\u2019avant des \u00e9tudiantes et d\u2019\u00e9tudiants de l\u2019UQAC qui, par leur d\u00e9termination, ont r\u00e9ussi \u00e0 surmonter les nombreux d\u00e9fis rencontr\u00e9s au cours de leur cheminement universitaire, afin d\u2019atteindre les objectifs qu\u2019ils se sont fix\u00e9s dans la r\u00e9alisation de leur projet d\u2019\u00e9tudes. D\u00e9couvrez leurs t\u00e9moignages inspirants!<\/p>\n<hr \/>\n<h5>Billy Bolduc, \u00e9tudiant au baccalaur\u00e9at en g\u00e9nie \u00e9lectrique<\/h5>\n<p>Finissant en g\u00e9nie \u00e9lectrique, Billy Bolduc a effectu\u00e9 son parcours au baccalaur\u00e9at \u00e0 la suite d\u2019un retour aux \u00e9tudes \u00e0 l\u2019\u00e2ge de 31 ans. Lors de son second trimestre \u00e0 l\u2019UQAC, il est devenu p\u00e8re et a r\u00e9cemment accueilli la naissance d\u2019un deuxi\u00e8me enfant. Devant composer avec les d\u00e9fis de taille que repr\u00e9sentent la paternit\u00e9 et le retour aux \u00e9tudes, Billy Bolduc a fait preuve d\u2019une pers\u00e9v\u00e9rance exemplaire dans la poursuite de sa formation universitaire en g\u00e9nie.<\/p>\n<p><strong>Qu\u2019est-ce que la pers\u00e9v\u00e9rance signifie pour toi?<br \/>\n<\/strong><em>Ce n\u2019est pas facile de concilier famille et \u00e9tudes, ni de retourner sur les bancs d\u2019\u00e9cole apr\u00e8s plusieurs ann\u00e9es sur le march\u00e9 du travail. Pour moi, la pers\u00e9v\u00e9rance, c\u2019est de se projeter dans le futur, tout en vivant pleinement les instants pr\u00e9sents et en abordant les d\u00e9fis un \u00e0 la fois.<\/em><\/p>\n<p><strong>Comment arrives-tu \u00e0 bien concilier tes \u00e9tudes et ta vie personnelle?<br \/>\n<\/strong><em>Il faut avoir une bonne gestion de son horaire de 8 h \u00e0 16 h, puis le reste va \u00e0 la famille. Au besoin, je mets de l\u2019\u00e9nergie sur mes \u00e9tudes jusqu\u2019\u00e0 tard le soir, mais l\u2019important, c\u2019est de savoir \u00e9tablir correctement mes priorit\u00e9s et d\u2019y allouer le temps n\u00e9cessaire lorsque mon horaire est plus restreint.<br \/>\n<\/em><strong><br \/>\nDans les moments de d\u00e9couragement, qu\u2019est-ce qui te motive \u00e0 poursuivre ton projet d\u2019\u00e9tudes?<br \/>\n<\/strong><em>Effectivement, il y a des moments o\u00f9 l\u2019on se sent un peu d\u00e9courag\u00e9, et dans ces moments-l\u00e0, je me concentre sur ma famille.<\/em> <em>Songer que nous allons leur offrir un beau futur, \u00e7a donne l\u2019\u00e9nergie n\u00e9cessaire pour pers\u00e9v\u00e9rer.<\/em><\/p>\n<p><strong>Y a-t-il une personne significative dans ton parcours universitaire qui t\u2019aide \u00e0 pers\u00e9v\u00e9rer?<br \/>\n<\/strong><em>Je ne cacherai pas que le soutien de ma conjointe L\u00e9a, autant sur le plan financier que sur le plan affectif, m\u2019aide \u00e9norm\u00e9ment! Elle fait beaucoup pour moi et pour la famille, et elle comprend que c\u2019est un sacrifice \u00e0 court terme qui va am\u00e9liorer notre futur.<\/em><\/p>\n<p><strong>Si tu avais un conseil \u00e0 donner \u00e0 quelqu\u2019un pour l\u2019aider \u00e0 pers\u00e9v\u00e9rer, ce serait quoi?<br \/>\n<\/strong><em>Il n\u2019est jamais trop tard pour changer de voie, surtout si \u00e7a t\u2019apporte plus de bonheur et de d\u00e9fis stimulants dans ta vie. Si tu choisis un programme d\u2019\u00e9tudes et que tu aimes le domaine qui y est rattach\u00e9, il faut continuer et prendre chaque d\u00e9fi \u00e0 la fois sans se perdre.<\/em><strong><br \/>\n<\/strong><strong><br \/>\n<\/strong><strong>Quelle est ta plus grande fiert\u00e9 jusqu\u2019ici dans ton parcours universitaire?<br \/>\n<\/strong><em>Je suis fier d\u2019avoir r\u00e9ussi \u00e0 trouver un domaine o\u00f9 je me sens \u00e0 ma place. M\u00eame avec mes responsabilit\u00e9s de parent et avec toutes les autres choses qui occupent mon temps, j\u2019arrive \u00e0 aimer ce que je fais et \u00e0 continuer.<\/em><\/p>\n","protected":false},"excerpt":{"rendered":"<p>Les Journ\u00e9es de la pers\u00e9v\u00e9rance scolaire, qui ont lieu du 16 au 20 f\u00e9vrier, sont l\u2019occasion de mettre de l\u2019avant des \u00e9tudiantes et d\u2019\u00e9tudiants de l\u2019UQAC qui, par leur d\u00e9termination, ont r\u00e9ussi \u00e0 surmonter les nombreux d\u00e9fis rencontr\u00e9s au cours de leur cheminement universitaire, afin d\u2019atteindre les objectifs qu\u2019ils se sont fix\u00e9s dans la r\u00e9alisation [&hellip;]<\/p>\n","protected":false},"author":5,"featured_media":53529,"comment_status":"closed","ping_status":"open","sticky":false,"template":"","format":"standard","meta":{"footnotes":""},"categories":[2844,248],"tags":[21,2940],"yoast_head":"<!-- This site is optimized with the Yoast SEO plugin v24.2 - https:\/\/yoast.com\/wordpress\/plugins\/seo\/ -->\r\n<title>Conjuguer la parentalit\u00e9 avec un retour aux \u00e9tudes : la pers\u00e9v\u00e9rance de Billy Bolduc - UQACtualit\u00e9s<\/title>\r\n<meta name=\"robots\" content=\"index, follow, max-snippet:-1, max-image-preview:large, max-video-preview:-1\" \/>\r\n<link rel=\"canonical\" href=\"https:\/\/www.uqac.ca\/uqactualites\/2026\/02\/13\/conjuguer-la-parentalite-avec-un-retour-aux-etudes-la-perseverance-de-billy-bolduc\/\" \/>\r\n<meta property=\"og:locale\" content=\"fr_CA\" \/>\r\n<meta property=\"og:type\" content=\"article\" \/>\r\n<meta property=\"og:title\" content=\"Conjuguer la parentalit\u00e9 avec un retour aux \u00e9tudes : la pers\u00e9v\u00e9rance de Billy Bolduc - UQACtualit\u00e9s\" \/>\r\n<meta property=\"og:description\" content=\"Les Journ\u00e9es de la pers\u00e9v\u00e9rance scolaire, qui ont lieu du 16 au 20 f\u00e9vrier, sont l\u2019occasion de mettre de l\u2019avant des \u00e9tudiantes et d\u2019\u00e9tudiants de l\u2019UQAC qui, par leur d\u00e9termination, ont r\u00e9ussi \u00e0 surmonter les nombreux d\u00e9fis rencontr\u00e9s au cours de leur cheminement universitaire, afin d\u2019atteindre les objectifs qu\u2019ils se sont fix\u00e9s dans la r\u00e9alisation [&hellip;]\" \/>\r\n<meta property=\"og:url\" content=\"https:\/\/www.uqac.ca\/uqactualites\/2026\/02\/13\/conjuguer-la-parentalite-avec-un-retour-aux-etudes-la-perseverance-de-billy-bolduc\/\" \/>\r\n<meta property=\"og:site_name\" content=\"UQACtualit\u00e9s\" \/>\r\n<meta property=\"article:published_time\" content=\"2026-02-13T13:00:07+00:00\" \/>\r\n<meta property=\"article:modified_time\" content=\"2026-02-16T13:35:44+00:00\" \/>\r\n<meta property=\"og:image\" content=\"https:\/\/www.uqac.ca\/uqactualites\/wp-content\/uploads\/2026\/02\/BillyBolduc_Uqctualite1920X1080.jpg\" \/>\r\n\t<meta property=\"og:image:width\" content=\"1920\" \/>\r\n\t<meta property=\"og:image:height\" content=\"1080\" \/>\r\n\t<meta property=\"og:image:type\" content=\"image\/jpeg\" \/>\r\n<meta name=\"author\" content=\"Service des communications et des relations publiques\" \/>\r\n<meta name=\"twitter:card\" content=\"summary_large_image\" \/>\r\n<meta name=\"twitter:label1\" content=\"\u00c9crit par\" \/>\n\t<meta name=\"twitter:data1\" content=\"Service des communications et des relations publiques\" \/>\n\t<meta name=\"twitter:label2\" content=\"Estimation du temps de lecture\" \/>\n\t<meta name=\"twitter:data2\" content=\"3 minutes\" \/>\r\n<script type=\"application\/ld+json\" class=\"yoast-schema-graph\">{\"@context\":\"https:\/\/schema.org\",\"@graph\":[{\"@type\":\"WebPage\",\"@id\":\"https:\/\/www.uqac.ca\/uqactualites\/2026\/02\/13\/conjuguer-la-parentalite-avec-un-retour-aux-etudes-la-perseverance-de-billy-bolduc\/\",\"url\":\"https:\/\/www.uqac.ca\/uqactualites\/2026\/02\/13\/conjuguer-la-parentalite-avec-un-retour-aux-etudes-la-perseverance-de-billy-bolduc\/\",\"name\":\"Conjuguer la parentalit\u00e9 avec un retour aux \u00e9tudes : la pers\u00e9v\u00e9rance de Billy Bolduc - UQACtualit\u00e9s\",\"isPartOf\":{\"@id\":\"https:\/\/www.uqac.ca\/uqactualites\/#website\"},\"primaryImageOfPage\":{\"@id\":\"https:\/\/www.uqac.ca\/uqactualites\/2026\/02\/13\/conjuguer-la-parentalite-avec-un-retour-aux-etudes-la-perseverance-de-billy-bolduc\/#primaryimage\"},\"image\":{\"@id\":\"https:\/\/www.uqac.ca\/uqactualites\/2026\/02\/13\/conjuguer-la-parentalite-avec-un-retour-aux-etudes-la-perseverance-de-billy-bolduc\/#primaryimage\"},\"thumbnailUrl\":\"https:\/\/www.uqac.ca\/uqactualites\/wp-content\/uploads\/2026\/02\/BillyBolduc_Uqctualite1920X1080.jpg\",\"datePublished\":\"2026-02-13T13:00:07+00:00\",\"dateModified\":\"2026-02-16T13:35:44+00:00\",\"author\":{\"@id\":\"https:\/\/www.uqac.ca\/uqactualites\/#\/schema\/person\/366c45a0c4f0e677b41b4af5886e2018\"},\"breadcrumb\":{\"@id\":\"https:\/\/www.uqac.ca\/uqactualites\/2026\/02\/13\/conjuguer-la-parentalite-avec-un-retour-aux-etudes-la-perseverance-de-billy-bolduc\/#breadcrumb\"},\"inLanguage\":\"fr-CA\",\"potentialAction\":[{\"@type\":\"ReadAction\",\"target\":[\"https:\/\/www.uqac.ca\/uqactualites\/2026\/02\/13\/conjuguer-la-parentalite-avec-un-retour-aux-etudes-la-perseverance-de-billy-bolduc\/\"]}]},{\"@type\":\"ImageObject\",\"inLanguage\":\"fr-CA\",\"@id\":\"https:\/\/www.uqac.ca\/uqactualites\/2026\/02\/13\/conjuguer-la-parentalite-avec-un-retour-aux-etudes-la-perseverance-de-billy-bolduc\/#primaryimage\",\"url\":\"https:\/\/www.uqac.ca\/uqactualites\/wp-content\/uploads\/2026\/02\/BillyBolduc_Uqctualite1920X1080.jpg\",\"contentUrl\":\"https:\/\/www.uqac.ca\/uqactualites\/wp-content\/uploads\/2026\/02\/BillyBolduc_Uqctualite1920X1080.jpg\",\"width\":1920,\"height\":1080},{\"@type\":\"BreadcrumbList\",\"@id\":\"https:\/\/www.uqac.ca\/uqactualites\/2026\/02\/13\/conjuguer-la-parentalite-avec-un-retour-aux-etudes-la-perseverance-de-billy-bolduc\/#breadcrumb\",\"itemListElement\":[{\"@type\":\"ListItem\",\"position\":1,\"name\":\"Home\",\"item\":\"https:\/\/www.uqac.ca\/uqactualites\/\"},{\"@type\":\"ListItem\",\"position\":2,\"name\":\"Conjuguer la parentalit\u00e9 avec un retour aux \u00e9tudes : la pers\u00e9v\u00e9rance de Billy Bolduc\"}]},{\"@type\":\"WebSite\",\"@id\":\"https:\/\/www.uqac.ca\/uqactualites\/#website\",\"url\":\"https:\/\/www.uqac.ca\/uqactualites\/\",\"name\":\"UQACtualit\u00e9s\",\"description\":\"Le portail des nouvelles de l&#039;UQAC\",\"potentialAction\":[{\"@type\":\"SearchAction\",\"target\":{\"@type\":\"EntryPoint\",\"urlTemplate\":\"https:\/\/www.uqac.ca\/uqactualites\/?s={search_term_string}\"},\"query-input\":{\"@type\":\"PropertyValueSpecification\",\"valueRequired\":true,\"valueName\":\"search_term_string\"}}],\"inLanguage\":\"fr-CA\"},{\"@type\":\"Person\",\"@id\":\"https:\/\/www.uqac.ca\/uqactualites\/#\/schema\/person\/366c45a0c4f0e677b41b4af5886e2018\",\"name\":\"Service des communications et des relations publiques\",\"image\":{\"@type\":\"ImageObject\",\"inLanguage\":\"fr-CA\",\"@id\":\"https:\/\/www.uqac.ca\/uqactualites\/#\/schema\/person\/image\/\",\"url\":\"https:\/\/secure.gravatar.com\/avatar\/20fbbda8a292f59f2d3461a5b999c00b?s=96&d=mm&r=g\",\"contentUrl\":\"https:\/\/secure.gravatar.com\/avatar\/20fbbda8a292f59f2d3461a5b999c00b?s=96&d=mm&r=g\",\"caption\":\"Service des communications et des relations publiques\"},\"url\":\"https:\/\/www.uqac.ca\/uqactualites\/author\/bap\/\"}]}<\/script>\r\n<!-- \/ Yoast SEO plugin. -->","yoast_head_json":{"title":"Conjuguer la parentalit\u00e9 avec un retour aux \u00e9tudes : la pers\u00e9v\u00e9rance de Billy Bolduc - UQACtualit\u00e9s","robots":{"index":"index","follow":"follow","max-snippet":"max-snippet:-1","max-image-preview":"max-image-preview:large","max-video-preview":"max-video-preview:-1"},"canonical":"https:\/\/www.uqac.ca\/uqactualites\/2026\/02\/13\/conjuguer-la-parentalite-avec-un-retour-aux-etudes-la-perseverance-de-billy-bolduc\/","og_locale":"fr_CA","og_type":"article","og_title":"Conjuguer la parentalit\u00e9 avec un retour aux \u00e9tudes : la pers\u00e9v\u00e9rance de Billy Bolduc - UQACtualit\u00e9s","og_description":"Les Journ\u00e9es de la pers\u00e9v\u00e9rance scolaire, qui ont lieu du 16 au 20 f\u00e9vrier, sont l\u2019occasion de mettre de l\u2019avant des \u00e9tudiantes et d\u2019\u00e9tudiants de l\u2019UQAC qui, par leur d\u00e9termination, ont r\u00e9ussi \u00e0 surmonter les nombreux d\u00e9fis rencontr\u00e9s au cours de leur cheminement universitaire, afin d\u2019atteindre les objectifs qu\u2019ils se sont fix\u00e9s dans la r\u00e9alisation [&hellip;]","og_url":"https:\/\/www.uqac.ca\/uqactualites\/2026\/02\/13\/conjuguer-la-parentalite-avec-un-retour-aux-etudes-la-perseverance-de-billy-bolduc\/","og_site_name":"UQACtualit\u00e9s","article_published_time":"2026-02-13T13:00:07+00:00","article_modified_time":"2026-02-16T13:35:44+00:00","og_image":[{"width":1920,"height":1080,"url":"https:\/\/www.uqac.ca\/uqactualites\/wp-content\/uploads\/2026\/02\/BillyBolduc_Uqctualite1920X1080.jpg","type":"image\/jpeg"}],"author":"Service des communications et des relations publiques","twitter_card":"summary_large_image","twitter_misc":{"\u00c9crit par":"Service des communications et des relations publiques","Estimation du temps de lecture":"3 minutes"},"schema":{"@context":"https:\/\/schema.org","@graph":[{"@type":"WebPage","@id":"https:\/\/www.uqac.ca\/uqactualites\/2026\/02\/13\/conjuguer-la-parentalite-avec-un-retour-aux-etudes-la-perseverance-de-billy-bolduc\/","url":"https:\/\/www.uqac.ca\/uqactualites\/2026\/02\/13\/conjuguer-la-parentalite-avec-un-retour-aux-etudes-la-perseverance-de-billy-bolduc\/","name":"Conjuguer la parentalit\u00e9 avec un retour aux \u00e9tudes : la pers\u00e9v\u00e9rance de Billy Bolduc - UQACtualit\u00e9s","isPartOf":{"@id":"https:\/\/www.uqac.ca\/uqactualites\/#website"},"primaryImageOfPage":{"@id":"https:\/\/www.uqac.ca\/uqactualites\/2026\/02\/13\/conjuguer-la-parentalite-avec-un-retour-aux-etudes-la-perseverance-de-billy-bolduc\/#primaryimage"},"image":{"@id":"https:\/\/www.uqac.ca\/uqactualites\/2026\/02\/13\/conjuguer-la-parentalite-avec-un-retour-aux-etudes-la-perseverance-de-billy-bolduc\/#primaryimage"},"thumbnailUrl":"https:\/\/www.uqac.ca\/uqactualites\/wp-content\/uploads\/2026\/02\/BillyBolduc_Uqctualite1920X1080.jpg","datePublished":"2026-02-13T13:00:07+00:00","dateModified":"2026-02-16T13:35:44+00:00","author":{"@id":"https:\/\/www.uqac.ca\/uqactualites\/#\/schema\/person\/366c45a0c4f0e677b41b4af5886e2018"},"breadcrumb":{"@id":"https:\/\/www.uqac.ca\/uqactualites\/2026\/02\/13\/conjuguer-la-parentalite-avec-un-retour-aux-etudes-la-perseverance-de-billy-bolduc\/#breadcrumb"},"inLanguage":"fr-CA","potentialAction":[{"@type":"ReadAction","target":["https:\/\/www.uqac.ca\/uqactualites\/2026\/02\/13\/conjuguer-la-parentalite-avec-un-retour-aux-etudes-la-perseverance-de-billy-bolduc\/"]}]},{"@type":"ImageObject","inLanguage":"fr-CA","@id":"https:\/\/www.uqac.ca\/uqactualites\/2026\/02\/13\/conjuguer-la-parentalite-avec-un-retour-aux-etudes-la-perseverance-de-billy-bolduc\/#primaryimage","url":"https:\/\/www.uqac.ca\/uqactualites\/wp-content\/uploads\/2026\/02\/BillyBolduc_Uqctualite1920X1080.jpg","contentUrl":"https:\/\/www.uqac.ca\/uqactualites\/wp-content\/uploads\/2026\/02\/BillyBolduc_Uqctualite1920X1080.jpg","width":1920,"height":1080},{"@type":"BreadcrumbList","@id":"https:\/\/www.uqac.ca\/uqactualites\/2026\/02\/13\/conjuguer-la-parentalite-avec-un-retour-aux-etudes-la-perseverance-de-billy-bolduc\/#breadcrumb","itemListElement":[{"@type":"ListItem","position":1,"name":"Home","item":"https:\/\/www.uqac.ca\/uqactualites\/"},{"@type":"ListItem","position":2,"name":"Conjuguer la parentalit\u00e9 avec un retour aux \u00e9tudes : la pers\u00e9v\u00e9rance de Billy Bolduc"}]},{"@type":"WebSite","@id":"https:\/\/www.uqac.ca\/uqactualites\/#website","url":"https:\/\/www.uqac.ca\/uqactualites\/","name":"UQACtualit\u00e9s","description":"Le portail des nouvelles de l&#039;UQAC","potentialAction":[{"@type":"SearchAction","target":{"@type":"EntryPoint","urlTemplate":"https:\/\/www.uqac.ca\/uqactualites\/?s={search_term_string}"},"query-input":{"@type":"PropertyValueSpecification","valueRequired":true,"valueName":"search_term_string"}}],"inLanguage":"fr-CA"},{"@type":"Person","@id":"https:\/\/www.uqac.ca\/uqactualites\/#\/schema\/person\/366c45a0c4f0e677b41b4af5886e2018","name":"Service des communications et des relations publiques","image":{"@type":"ImageObject","inLanguage":"fr-CA","@id":"https:\/\/www.uqac.ca\/uqactualites\/#\/schema\/person\/image\/","url":"https:\/\/secure.gravatar.com\/avatar\/20fbbda8a292f59f2d3461a5b999c00b?s=96&d=mm&r=g","contentUrl":"https:\/\/secure.gravatar.com\/avatar\/20fbbda8a292f59f2d3461a5b999c00b?s=96&d=mm&r=g","caption":"Service des communications et des relations publiques"},"url":"https:\/\/www.uqac.ca\/uqactualites\/author\/bap\/"}]}},"_links":{"self":[{"href":"https:\/\/www.uqac.ca\/uqactualites\/wp-json\/wp\/v2\/posts\/53491"}],"collection":[{"href":"https:\/\/www.uqac.ca\/uqactualites\/wp-json\/wp\/v2\/posts"}],"about":[{"href":"https:\/\/www.uqac.ca\/uqactualites\/wp-json\/wp\/v2\/types\/post"}],"author":[{"embeddable":true,"href":"https:\/\/www.uqac.ca\/uqactualites\/wp-json\/wp\/v2\/users\/5"}],"replies":[{"embeddable":true,"href":"https:\/\/www.uqac.ca\/uqactualites\/wp-json\/wp\/v2\/comments?post=53491"}],"version-history":[{"count":3,"href":"https:\/\/www.uqac.ca\/uqactualites\/wp-json\/wp\/v2\/posts\/53491\/revisions"}],"predecessor-version":[{"id":53530,"href":"https:\/\/www.uqac.ca\/uqactualites\/wp-json\/wp\/v2\/posts\/53491\/revisions\/53530"}],"wp:featuredmedia":[{"embeddable":true,"href":"https:\/\/www.uqac.ca\/uqactualites\/wp-json\/wp\/v2\/media\/53529"}],"wp:attachment":[{"href":"https:\/\/www.uqac.ca\/uqactualites\/wp-json\/wp\/v2\/media?parent=53491"}],"wp:term":[{"taxonomy":"category","embeddable":true,"href":"https:\/\/www.uqac.ca\/uqactualites\/wp-json\/wp\/v2\/categories?post=53491"},{"taxonomy":"post_tag","embeddable":true,"href":"https:\/\/www.uqac.ca\/uqactualites\/wp-json\/wp\/v2\/tags?post=53491"}],"curies":[{"name":"wp","href":"https:\/\/api.w.org\/{rel}","templated":true}]}}