{"id":53546,"date":"2026-02-13T15:01:40","date_gmt":"2026-02-13T20:01:40","guid":{"rendered":"https:\/\/www.uqac.ca\/uqactualites\/?p=53546"},"modified":"2026-02-19T14:59:20","modified_gmt":"2026-02-19T19:59:20","slug":"entre-classe-famille-et-these-de-doctorat-lequilibre-maitrise-delyse-laberge","status":"publish","type":"post","link":"https:\/\/www.uqac.ca\/uqactualites\/2026\/02\/13\/entre-classe-famille-et-these-de-doctorat-lequilibre-maitrise-delyse-laberge\/","title":{"rendered":"Entre classe, famille et th\u00e8se de doctorat : l\u2019\u00e9quilibre ma\u00eetris\u00e9 d\u2019Elyse Laberge"},"content":{"rendered":"<p>Les Journ\u00e9es de la pers\u00e9v\u00e9rance scolaire, qui ont lieu du 16 au 20 f\u00e9vrier, sont l\u2019occasion de mettre de l\u2019avant des \u00e9tudiantes et d\u2019\u00e9tudiants de l\u2019UQAC qui, par leur d\u00e9termination, ont r\u00e9ussi \u00e0 surmonter les nombreux d\u00e9fis rencontr\u00e9s au cours de leur cheminement universitaire, afin d\u2019atteindre les objectifs qu\u2019ils se sont fix\u00e9s dans la r\u00e9alisation de leur projet d\u2019\u00e9tudes. D\u00e9couvrez leurs t\u00e9moignages inspirants!<\/p>\n<hr \/>\n<h5>Elyse Laberge, dipl\u00f4m\u00e9e du doctorat en lettres<\/h5>\n<p>Dipl\u00f4m\u00e9e d\u2019un baccalaur\u00e9at en \u00e9tudes litt\u00e9raires de l\u2019UQAC, Elyse Laberge a conclu sa formation au 1<sup>er<\/sup> cycle \u00e0 l\u2019Universit\u00e9 de Sch\u0153lcher, en Martinique, gr\u00e2ce \u00e0 un programme d\u2019\u00e9change \u00e9tudiant du Bureau de coop\u00e9ration interuniversitaire (BCI). Par la suite, elle a continu\u00e9 son parcours \u00e0 la ma\u00eetrise en lettres, travaillant en parall\u00e8le \u00e0 titre d\u2019enseignante au D\u00e9partement de litt\u00e9rature du C\u00e9gep de Chicoutimi. En 2016, six ans apr\u00e8s avoir obtenu son dipl\u00f4me de ma\u00eetrise, Elyse sort d\u2019un cong\u00e9 maternit\u00e9 et d\u00e9cide de poursuivre ses \u00e9tudes en recherche en s\u2019inscrivant au doctorat en lettres.<\/p>\n<p>Neuf ans plus tard, elle est toujours enseignante, m\u00e8re de trois enfants et nouvellement titulaire d\u2019un Ph.D. en lettres!<\/p>\n<p><strong>Qu\u2019est-ce que la pers\u00e9v\u00e9rance signifie pour toi?<br \/>\n<\/strong><em>La pers\u00e9v\u00e9rance, c\u2019est de toujours avancer et d\u2019\u00eatre fier de chaque pas accompli. Avancer, m\u00eame si c\u2019est tranquillement, m\u00eame si les sentiers emprunt\u00e9s sont sinueux. La pers\u00e9v\u00e9rance c\u2019est avant tout le fait de croire en ses capacit\u00e9s et son potentiel, en d\u00e9pit des obstacles.<\/em><\/p>\n<p><strong>Comment arrives-tu \u00e0 bien concilier tes \u00e9tudes et ta vie personnelle?<br \/>\n<\/strong><em>Ce n\u2019\u00e9tait pas toujours facile et cette conciliation implique de renoncer, parfois, \u00e0 certaines choses. J\u2019ai d\u00fb faire preuve d\u2019indulgence envers moi-m\u00eame, admettre mes limites et accepter que l\u2019on ne puisse exceller dans tous les aspects de sa vie en m\u00eame temps. J\u2019ai compris que l\u2019\u00e9quilibre demeure mon alli\u00e9 le plus pr\u00e9cieux.<br \/>\n<\/em><strong><br \/>\nDans les moments de d\u00e9couragement, qu\u2019est-ce qui te motive \u00e0 poursuivre ton projet d\u2019\u00e9tudes?<br \/>\n<\/strong><em>La passion de mon sujet, le d\u00e9sir de le partager et le sentiment de contribuer \u00e0 la recherche m\u2019ont motiv\u00e9e \u00e0 poursuivre mon projet.<\/em><\/p>\n<p><strong>Y a-t-il une personne significative dans ton parcours universitaire qui t\u2019aide \u00e0 pers\u00e9v\u00e9rer?<br \/>\n<\/strong><em>\u00c0 chaque \u00e9tape de mon parcours, plusieurs personnes ont jou\u00e9 un r\u00f4le significatif. Le soutien constant de ma famille a \u00e9t\u00e9 essentiel. Les encouragements de mes professeurs et professeures, ainsi que les opportunit\u00e9s qu\u2019ils et qu&rsquo;elles m\u2019ont offertes, ont grandement contribu\u00e9 \u00e0 ma r\u00e9ussite. Au cours de ma derni\u00e8re ann\u00e9e de r\u00e9daction, le soutien de mon amoureux a \u00e9t\u00e9 particuli\u00e8rement pr\u00e9cieux, trouvant toujours les mots justes pour dissiper mes doutes.<\/em><\/p>\n<p><strong>Si tu avais un conseil \u00e0 donner \u00e0 quelqu\u2019un pour l\u2019aider \u00e0 pers\u00e9v\u00e9rer, ce serait quoi?<br \/>\n<\/strong><em>De s\u2019entourer de gens motivants et int\u00e9ress\u00e9s avec qui il est possible d\u2019\u00e9changer et de discuter de son projet, de ses craintes, de ses r\u00e9ussites. Parler permet de relativiser ses angoisses et d\u2019entrevoir les choses sous un angle nouveau.<strong><br \/>\n<\/strong><\/em><strong><br \/>\n<\/strong><strong>Quelle est ta plus grande fiert\u00e9 jusqu\u2019ici dans ton parcours universitaire?<\/strong><strong><br \/>\n<\/strong><em>J\u2019\u00e9prouve une grande fiert\u00e9 \u00e0 \u00eatre d\u00e9sormais titulaire d\u2019un doctorat ainsi qu\u2019une sp\u00e9cialiste de l\u2019agentivit\u00e9 Grrrl. Cette r\u00e9alisation marque une \u00e9tape importante dans ma vie professionnelle et personnelle. Je suis \u00e9galement fi\u00e8re de servir de mod\u00e8le pour mes enfants, leur montrant qu\u2019il est possible d\u2019atteindre ses objectifs avec d\u00e9termination et passion.<\/em><\/p>\n","protected":false},"excerpt":{"rendered":"<p>Les Journ\u00e9es de la pers\u00e9v\u00e9rance scolaire, qui ont lieu du 16 au 20 f\u00e9vrier, sont l\u2019occasion de mettre de l\u2019avant des \u00e9tudiantes et d\u2019\u00e9tudiants de l\u2019UQAC qui, par leur d\u00e9termination, ont r\u00e9ussi \u00e0 surmonter les nombreux d\u00e9fis rencontr\u00e9s au cours de leur cheminement universitaire, afin d\u2019atteindre les objectifs qu\u2019ils se sont fix\u00e9s dans la r\u00e9alisation [&hellip;]<\/p>\n","protected":false},"author":5,"featured_media":53547,"comment_status":"closed","ping_status":"open","sticky":false,"template":"","format":"standard","meta":{"footnotes":""},"categories":[2795,2844,248],"tags":[39,2940],"yoast_head":"<!-- This site is optimized with the Yoast SEO plugin v24.2 - https:\/\/yoast.com\/wordpress\/plugins\/seo\/ -->\r\n<title>Entre classe, famille et th\u00e8se de doctorat : l\u2019\u00e9quilibre ma\u00eetris\u00e9 d\u2019Elyse Laberge - UQACtualit\u00e9s<\/title>\r\n<meta name=\"robots\" content=\"index, follow, max-snippet:-1, max-image-preview:large, max-video-preview:-1\" \/>\r\n<link rel=\"canonical\" href=\"https:\/\/www.uqac.ca\/uqactualites\/2026\/02\/13\/entre-classe-famille-et-these-de-doctorat-lequilibre-maitrise-delyse-laberge\/\" \/>\r\n<meta property=\"og:locale\" content=\"fr_CA\" \/>\r\n<meta property=\"og:type\" content=\"article\" \/>\r\n<meta property=\"og:title\" content=\"Entre classe, famille et th\u00e8se de doctorat : l\u2019\u00e9quilibre ma\u00eetris\u00e9 d\u2019Elyse Laberge - UQACtualit\u00e9s\" \/>\r\n<meta property=\"og:description\" content=\"Les Journ\u00e9es de la pers\u00e9v\u00e9rance scolaire, qui ont lieu du 16 au 20 f\u00e9vrier, sont l\u2019occasion de mettre de l\u2019avant des \u00e9tudiantes et d\u2019\u00e9tudiants de l\u2019UQAC qui, par leur d\u00e9termination, ont r\u00e9ussi \u00e0 surmonter les nombreux d\u00e9fis rencontr\u00e9s au cours de leur cheminement universitaire, afin d\u2019atteindre les objectifs qu\u2019ils se sont fix\u00e9s dans la r\u00e9alisation [&hellip;]\" \/>\r\n<meta property=\"og:url\" content=\"https:\/\/www.uqac.ca\/uqactualites\/2026\/02\/13\/entre-classe-famille-et-these-de-doctorat-lequilibre-maitrise-delyse-laberge\/\" \/>\r\n<meta property=\"og:site_name\" content=\"UQACtualit\u00e9s\" \/>\r\n<meta property=\"article:published_time\" content=\"2026-02-13T20:01:40+00:00\" \/>\r\n<meta property=\"article:modified_time\" content=\"2026-02-19T19:59:20+00:00\" \/>\r\n<meta property=\"og:image\" content=\"https:\/\/www.uqac.ca\/uqactualites\/wp-content\/uploads\/2026\/02\/Elyse-Laberge-1024x576.png\" \/>\r\n\t<meta property=\"og:image:width\" content=\"1024\" \/>\r\n\t<meta property=\"og:image:height\" content=\"576\" \/>\r\n\t<meta property=\"og:image:type\" content=\"image\/png\" \/>\r\n<meta name=\"author\" content=\"Service des communications et des relations publiques\" \/>\r\n<meta name=\"twitter:card\" content=\"summary_large_image\" \/>\r\n<meta name=\"twitter:label1\" content=\"\u00c9crit par\" \/>\n\t<meta name=\"twitter:data1\" content=\"Service des communications et des relations publiques\" \/>\n\t<meta name=\"twitter:label2\" content=\"Estimation du temps de lecture\" \/>\n\t<meta name=\"twitter:data2\" content=\"3 minutes\" \/>\r\n<script type=\"application\/ld+json\" class=\"yoast-schema-graph\">{\"@context\":\"https:\/\/schema.org\",\"@graph\":[{\"@type\":\"WebPage\",\"@id\":\"https:\/\/www.uqac.ca\/uqactualites\/2026\/02\/13\/entre-classe-famille-et-these-de-doctorat-lequilibre-maitrise-delyse-laberge\/\",\"url\":\"https:\/\/www.uqac.ca\/uqactualites\/2026\/02\/13\/entre-classe-famille-et-these-de-doctorat-lequilibre-maitrise-delyse-laberge\/\",\"name\":\"Entre classe, famille et th\u00e8se de doctorat : l\u2019\u00e9quilibre ma\u00eetris\u00e9 d\u2019Elyse Laberge - UQACtualit\u00e9s\",\"isPartOf\":{\"@id\":\"https:\/\/www.uqac.ca\/uqactualites\/#website\"},\"primaryImageOfPage\":{\"@id\":\"https:\/\/www.uqac.ca\/uqactualites\/2026\/02\/13\/entre-classe-famille-et-these-de-doctorat-lequilibre-maitrise-delyse-laberge\/#primaryimage\"},\"image\":{\"@id\":\"https:\/\/www.uqac.ca\/uqactualites\/2026\/02\/13\/entre-classe-famille-et-these-de-doctorat-lequilibre-maitrise-delyse-laberge\/#primaryimage\"},\"thumbnailUrl\":\"https:\/\/www.uqac.ca\/uqactualites\/wp-content\/uploads\/2026\/02\/Elyse-Laberge.png\",\"datePublished\":\"2026-02-13T20:01:40+00:00\",\"dateModified\":\"2026-02-19T19:59:20+00:00\",\"author\":{\"@id\":\"https:\/\/www.uqac.ca\/uqactualites\/#\/schema\/person\/366c45a0c4f0e677b41b4af5886e2018\"},\"breadcrumb\":{\"@id\":\"https:\/\/www.uqac.ca\/uqactualites\/2026\/02\/13\/entre-classe-famille-et-these-de-doctorat-lequilibre-maitrise-delyse-laberge\/#breadcrumb\"},\"inLanguage\":\"fr-CA\",\"potentialAction\":[{\"@type\":\"ReadAction\",\"target\":[\"https:\/\/www.uqac.ca\/uqactualites\/2026\/02\/13\/entre-classe-famille-et-these-de-doctorat-lequilibre-maitrise-delyse-laberge\/\"]}]},{\"@type\":\"ImageObject\",\"inLanguage\":\"fr-CA\",\"@id\":\"https:\/\/www.uqac.ca\/uqactualites\/2026\/02\/13\/entre-classe-famille-et-these-de-doctorat-lequilibre-maitrise-delyse-laberge\/#primaryimage\",\"url\":\"https:\/\/www.uqac.ca\/uqactualites\/wp-content\/uploads\/2026\/02\/Elyse-Laberge.png\",\"contentUrl\":\"https:\/\/www.uqac.ca\/uqactualites\/wp-content\/uploads\/2026\/02\/Elyse-Laberge.png\",\"width\":1920,\"height\":1080},{\"@type\":\"BreadcrumbList\",\"@id\":\"https:\/\/www.uqac.ca\/uqactualites\/2026\/02\/13\/entre-classe-famille-et-these-de-doctorat-lequilibre-maitrise-delyse-laberge\/#breadcrumb\",\"itemListElement\":[{\"@type\":\"ListItem\",\"position\":1,\"name\":\"Home\",\"item\":\"https:\/\/www.uqac.ca\/uqactualites\/\"},{\"@type\":\"ListItem\",\"position\":2,\"name\":\"Entre classe, famille et th\u00e8se de doctorat : l\u2019\u00e9quilibre ma\u00eetris\u00e9 d\u2019Elyse Laberge\"}]},{\"@type\":\"WebSite\",\"@id\":\"https:\/\/www.uqac.ca\/uqactualites\/#website\",\"url\":\"https:\/\/www.uqac.ca\/uqactualites\/\",\"name\":\"UQACtualit\u00e9s\",\"description\":\"Le portail des nouvelles de l&#039;UQAC\",\"potentialAction\":[{\"@type\":\"SearchAction\",\"target\":{\"@type\":\"EntryPoint\",\"urlTemplate\":\"https:\/\/www.uqac.ca\/uqactualites\/?s={search_term_string}\"},\"query-input\":{\"@type\":\"PropertyValueSpecification\",\"valueRequired\":true,\"valueName\":\"search_term_string\"}}],\"inLanguage\":\"fr-CA\"},{\"@type\":\"Person\",\"@id\":\"https:\/\/www.uqac.ca\/uqactualites\/#\/schema\/person\/366c45a0c4f0e677b41b4af5886e2018\",\"name\":\"Service des communications et des relations publiques\",\"image\":{\"@type\":\"ImageObject\",\"inLanguage\":\"fr-CA\",\"@id\":\"https:\/\/www.uqac.ca\/uqactualites\/#\/schema\/person\/image\/\",\"url\":\"https:\/\/secure.gravatar.com\/avatar\/20fbbda8a292f59f2d3461a5b999c00b?s=96&d=mm&r=g\",\"contentUrl\":\"https:\/\/secure.gravatar.com\/avatar\/20fbbda8a292f59f2d3461a5b999c00b?s=96&d=mm&r=g\",\"caption\":\"Service des communications et des relations publiques\"},\"url\":\"https:\/\/www.uqac.ca\/uqactualites\/author\/bap\/\"}]}<\/script>\r\n<!-- \/ Yoast SEO plugin. -->","yoast_head_json":{"title":"Entre classe, famille et th\u00e8se de doctorat : l\u2019\u00e9quilibre ma\u00eetris\u00e9 d\u2019Elyse Laberge - UQACtualit\u00e9s","robots":{"index":"index","follow":"follow","max-snippet":"max-snippet:-1","max-image-preview":"max-image-preview:large","max-video-preview":"max-video-preview:-1"},"canonical":"https:\/\/www.uqac.ca\/uqactualites\/2026\/02\/13\/entre-classe-famille-et-these-de-doctorat-lequilibre-maitrise-delyse-laberge\/","og_locale":"fr_CA","og_type":"article","og_title":"Entre classe, famille et th\u00e8se de doctorat : l\u2019\u00e9quilibre ma\u00eetris\u00e9 d\u2019Elyse Laberge - UQACtualit\u00e9s","og_description":"Les Journ\u00e9es de la pers\u00e9v\u00e9rance scolaire, qui ont lieu du 16 au 20 f\u00e9vrier, sont l\u2019occasion de mettre de l\u2019avant des \u00e9tudiantes et d\u2019\u00e9tudiants de l\u2019UQAC qui, par leur d\u00e9termination, ont r\u00e9ussi \u00e0 surmonter les nombreux d\u00e9fis rencontr\u00e9s au cours de leur cheminement universitaire, afin d\u2019atteindre les objectifs qu\u2019ils se sont fix\u00e9s dans la r\u00e9alisation [&hellip;]","og_url":"https:\/\/www.uqac.ca\/uqactualites\/2026\/02\/13\/entre-classe-famille-et-these-de-doctorat-lequilibre-maitrise-delyse-laberge\/","og_site_name":"UQACtualit\u00e9s","article_published_time":"2026-02-13T20:01:40+00:00","article_modified_time":"2026-02-19T19:59:20+00:00","og_image":[{"width":1024,"height":576,"url":"https:\/\/www.uqac.ca\/uqactualites\/wp-content\/uploads\/2026\/02\/Elyse-Laberge-1024x576.png","type":"image\/png"}],"author":"Service des communications et des relations publiques","twitter_card":"summary_large_image","twitter_misc":{"\u00c9crit par":"Service des communications et des relations publiques","Estimation du temps de lecture":"3 minutes"},"schema":{"@context":"https:\/\/schema.org","@graph":[{"@type":"WebPage","@id":"https:\/\/www.uqac.ca\/uqactualites\/2026\/02\/13\/entre-classe-famille-et-these-de-doctorat-lequilibre-maitrise-delyse-laberge\/","url":"https:\/\/www.uqac.ca\/uqactualites\/2026\/02\/13\/entre-classe-famille-et-these-de-doctorat-lequilibre-maitrise-delyse-laberge\/","name":"Entre classe, famille et th\u00e8se de doctorat : l\u2019\u00e9quilibre ma\u00eetris\u00e9 d\u2019Elyse Laberge - UQACtualit\u00e9s","isPartOf":{"@id":"https:\/\/www.uqac.ca\/uqactualites\/#website"},"primaryImageOfPage":{"@id":"https:\/\/www.uqac.ca\/uqactualites\/2026\/02\/13\/entre-classe-famille-et-these-de-doctorat-lequilibre-maitrise-delyse-laberge\/#primaryimage"},"image":{"@id":"https:\/\/www.uqac.ca\/uqactualites\/2026\/02\/13\/entre-classe-famille-et-these-de-doctorat-lequilibre-maitrise-delyse-laberge\/#primaryimage"},"thumbnailUrl":"https:\/\/www.uqac.ca\/uqactualites\/wp-content\/uploads\/2026\/02\/Elyse-Laberge.png","datePublished":"2026-02-13T20:01:40+00:00","dateModified":"2026-02-19T19:59:20+00:00","author":{"@id":"https:\/\/www.uqac.ca\/uqactualites\/#\/schema\/person\/366c45a0c4f0e677b41b4af5886e2018"},"breadcrumb":{"@id":"https:\/\/www.uqac.ca\/uqactualites\/2026\/02\/13\/entre-classe-famille-et-these-de-doctorat-lequilibre-maitrise-delyse-laberge\/#breadcrumb"},"inLanguage":"fr-CA","potentialAction":[{"@type":"ReadAction","target":["https:\/\/www.uqac.ca\/uqactualites\/2026\/02\/13\/entre-classe-famille-et-these-de-doctorat-lequilibre-maitrise-delyse-laberge\/"]}]},{"@type":"ImageObject","inLanguage":"fr-CA","@id":"https:\/\/www.uqac.ca\/uqactualites\/2026\/02\/13\/entre-classe-famille-et-these-de-doctorat-lequilibre-maitrise-delyse-laberge\/#primaryimage","url":"https:\/\/www.uqac.ca\/uqactualites\/wp-content\/uploads\/2026\/02\/Elyse-Laberge.png","contentUrl":"https:\/\/www.uqac.ca\/uqactualites\/wp-content\/uploads\/2026\/02\/Elyse-Laberge.png","width":1920,"height":1080},{"@type":"BreadcrumbList","@id":"https:\/\/www.uqac.ca\/uqactualites\/2026\/02\/13\/entre-classe-famille-et-these-de-doctorat-lequilibre-maitrise-delyse-laberge\/#breadcrumb","itemListElement":[{"@type":"ListItem","position":1,"name":"Home","item":"https:\/\/www.uqac.ca\/uqactualites\/"},{"@type":"ListItem","position":2,"name":"Entre classe, famille et th\u00e8se de doctorat : l\u2019\u00e9quilibre ma\u00eetris\u00e9 d\u2019Elyse Laberge"}]},{"@type":"WebSite","@id":"https:\/\/www.uqac.ca\/uqactualites\/#website","url":"https:\/\/www.uqac.ca\/uqactualites\/","name":"UQACtualit\u00e9s","description":"Le portail des nouvelles de l&#039;UQAC","potentialAction":[{"@type":"SearchAction","target":{"@type":"EntryPoint","urlTemplate":"https:\/\/www.uqac.ca\/uqactualites\/?s={search_term_string}"},"query-input":{"@type":"PropertyValueSpecification","valueRequired":true,"valueName":"search_term_string"}}],"inLanguage":"fr-CA"},{"@type":"Person","@id":"https:\/\/www.uqac.ca\/uqactualites\/#\/schema\/person\/366c45a0c4f0e677b41b4af5886e2018","name":"Service des communications et des relations publiques","image":{"@type":"ImageObject","inLanguage":"fr-CA","@id":"https:\/\/www.uqac.ca\/uqactualites\/#\/schema\/person\/image\/","url":"https:\/\/secure.gravatar.com\/avatar\/20fbbda8a292f59f2d3461a5b999c00b?s=96&d=mm&r=g","contentUrl":"https:\/\/secure.gravatar.com\/avatar\/20fbbda8a292f59f2d3461a5b999c00b?s=96&d=mm&r=g","caption":"Service des communications et des relations publiques"},"url":"https:\/\/www.uqac.ca\/uqactualites\/author\/bap\/"}]}},"_links":{"self":[{"href":"https:\/\/www.uqac.ca\/uqactualites\/wp-json\/wp\/v2\/posts\/53546"}],"collection":[{"href":"https:\/\/www.uqac.ca\/uqactualites\/wp-json\/wp\/v2\/posts"}],"about":[{"href":"https:\/\/www.uqac.ca\/uqactualites\/wp-json\/wp\/v2\/types\/post"}],"author":[{"embeddable":true,"href":"https:\/\/www.uqac.ca\/uqactualites\/wp-json\/wp\/v2\/users\/5"}],"replies":[{"embeddable":true,"href":"https:\/\/www.uqac.ca\/uqactualites\/wp-json\/wp\/v2\/comments?post=53546"}],"version-history":[{"count":4,"href":"https:\/\/www.uqac.ca\/uqactualites\/wp-json\/wp\/v2\/posts\/53546\/revisions"}],"predecessor-version":[{"id":53665,"href":"https:\/\/www.uqac.ca\/uqactualites\/wp-json\/wp\/v2\/posts\/53546\/revisions\/53665"}],"wp:featuredmedia":[{"embeddable":true,"href":"https:\/\/www.uqac.ca\/uqactualites\/wp-json\/wp\/v2\/media\/53547"}],"wp:attachment":[{"href":"https:\/\/www.uqac.ca\/uqactualites\/wp-json\/wp\/v2\/media?parent=53546"}],"wp:term":[{"taxonomy":"category","embeddable":true,"href":"https:\/\/www.uqac.ca\/uqactualites\/wp-json\/wp\/v2\/categories?post=53546"},{"taxonomy":"post_tag","embeddable":true,"href":"https:\/\/www.uqac.ca\/uqactualites\/wp-json\/wp\/v2\/tags?post=53546"}],"curies":[{"name":"wp","href":"https:\/\/api.w.org\/{rel}","templated":true}]}}