{"id":53550,"date":"2026-02-13T15:06:19","date_gmt":"2026-02-13T20:06:19","guid":{"rendered":"https:\/\/www.uqac.ca\/uqactualites\/?p=53550"},"modified":"2026-02-17T13:52:04","modified_gmt":"2026-02-17T18:52:04","slug":"atteindre-le-miro-pimatisiwin-lengagement-inspirant-de-kehoe-picard","status":"publish","type":"post","link":"https:\/\/www.uqac.ca\/uqactualites\/2026\/02\/13\/atteindre-le-miro-pimatisiwin-lengagement-inspirant-de-kehoe-picard\/","title":{"rendered":"Atteindre le miro pimatisiwin : l\u2019engagement inspirant de Kehoe Picard"},"content":{"rendered":"<p>Les Journ\u00e9es de la pers\u00e9v\u00e9rance scolaire, qui ont lieu du 16 au 20 f\u00e9vrier, sont l\u2019occasion de mettre de l\u2019avant des \u00e9tudiantes et d\u2019\u00e9tudiants de l\u2019UQAC qui, par leur d\u00e9termination, ont r\u00e9ussi \u00e0 surmonter les nombreux d\u00e9fis rencontr\u00e9s au cours de leur cheminement universitaire, afin d\u2019atteindre les objectifs qu\u2019ils se sont fix\u00e9s dans la r\u00e9alisation de leur projet d\u2019\u00e9tudes. D\u00e9couvrez leurs t\u00e9moignages inspirants!<\/p>\n<hr \/>\n<h5>Kehoe Picard, \u00e9tudiant au baccalaur\u00e9at en enseignement de l\u2019\u00e9ducation physique et de la sant\u00e9<\/h5>\n<p>En qu\u00eate de sa future profession, Kehoe Picard est entr\u00e9e \u00e0 l\u2019UQAC pour y entreprendre un baccalaur\u00e9at en administration. Voyant que cette discipline ne lui correspondait pas tout \u00e0 fait, il a ensuite d\u00e9cid\u00e9 de s\u2019inscrire dans la cohorte d\u00e9di\u00e9e aux membres des communaut\u00e9s autochtones du certificat en sciences de l\u2019activit\u00e9 physique et \u00e0 la sant\u00e9, lanc\u00e9 par le Centre des Premi\u00e8res Nations Nikanite de l\u2019UQAC.<\/p>\n<p>Apr\u00e8s avoir obtenu son certificat et avoir travaill\u00e9 dans une \u00e9cole en communaut\u00e9, la passion qu\u2019il s\u2019est d\u00e9couverte pour la vocation p\u00e9dagogique l\u2019a motiv\u00e9 \u00e0 s\u2019inscrire au baccalaur\u00e9at en enseignement de l\u2019\u00e9ducation physique et \u00e0 la sant\u00e9. Fortement impliqu\u00e9 dans sa communaut\u00e9 et dans son milieu universitaire, Kehoe Picard occupe actuellement le r\u00f4le de vice-pr\u00e9sident de l\u2019Association des \u00e9tudiants des Premi\u00e8res Nations et Inuit de l\u2019UQAC.<\/p>\n<p><strong>Qu\u2019est-ce que la pers\u00e9v\u00e9rance signifie pour toi?<br \/>\n<\/strong><em>Pour moi, la pers\u00e9v\u00e9rance, ce n\u2019est pas uniquement d\u2019\u00eatre motiv\u00e9, mais surtout d\u2019\u00eatre disciplin\u00e9. Il y a une citation de Denzel Washington qui repr\u00e9sente bien ma vision de la chose : \u00abSans engagement, vous ne commencerez jamais, mais plus important encore, sans constance, vous n&rsquo;irez jamais au bout.\u00bb<\/em><\/p>\n<p><strong>Comment arrives-tu \u00e0 bien concilier tes \u00e9tudes et ta vie personnelle?<br \/>\n<\/strong><em>Entre l\u2019\u00e9cole, l\u2019association, le travail et les enfants, je parviens \u00e0 tout concilier en m\u2019appuyant sur une planification efficace. \u00c9tant une personne plus visuelle, le fait de voir mon horaire m\u2019aide \u00e9norm\u00e9ment \u00e0 clarifier mes disponibilit\u00e9s afin que mes engagements n\u2019empi\u00e8tent pas les uns sur les autres.<br \/>\n<\/em><strong><br \/>\nDans les moments de d\u00e9couragement, qu\u2019est-ce qui te motive \u00e0 poursuivre ton projet d\u2019\u00e9tudes?<br \/>\n<\/strong><em>Je crois que c\u2019est la vision de moi-m\u00eame dans le futur qui me motive. Le potentiel que je me sens capable d\u2019atteindre. Je vis beaucoup dans le moment pr\u00e9sent, mais d\u2019avoir un objectif final, une direction vers laquelle me diriger m\u2019aide \u00e9norm\u00e9ment \u00e0 pers\u00e9v\u00e9rer. De plus, j\u2019ai deux enfants qui m\u00e9ritent d\u2019avoir un p\u00e8re qui n\u2019a pas l\u00e2ch\u00e9.<\/em><\/p>\n<p><strong>Y a-t-il une personne significative dans ton parcours universitaire qui t\u2019aide \u00e0 pers\u00e9v\u00e9rer?<br \/>\n<\/strong><em>Je suis profond\u00e9ment reconnaissant envers la vie de m\u2019\u00eatre entour\u00e9 de personnes qui me soutiennent chaque jour. Ma famille et mes amis ont tous un r\u00f4le essentiel dans mon \u00e9quilibre et ma motivation, ce qui me pousse \u00e0 donner le meilleur de moi-m\u00eame. De plus, le Centre Nikanite et les ressources qu\u2019on peut y trouver ont jou\u00e9 un r\u00f4le important dans mon d\u00e9veloppement personnel et professionnel.<\/em><\/p>\n<p><strong>Si tu avais un conseil \u00e0 donner \u00e0 quelqu\u2019un pour l\u2019aider \u00e0 pers\u00e9v\u00e9rer, ce serait quoi?<br \/>\n<\/strong><em>Je lui dirais de penser \u00e0 un but sinc\u00e8re, \u00e0 un objectif principal, et de l\u2019\u00e9crire quelque part, de mani\u00e8re \u00e0 le voir au moins une fois par jour, pour se rappeler pourquoi il doit continuer de travailler malgr\u00e9 les adversit\u00e9s. Ensuite, je lui parlerai de mon objectif \u00e0 moi, qui est d\u2019atteindre le \u00abmiro pimatisiwin\u00bb. C\u2019est un concept qui est pr\u00e9sent \u00e0 travers toutes les Premi\u00e8res Nations et qui signifie \u00able bien-\u00eatre\u00bb. Il s\u2019agit d\u2019une pens\u00e9e qui d\u00e9signe une vie \u00e9quilibr\u00e9e, harmonisant les quatre dimensions de l&rsquo;\u00eatre humain : physique, mentale, \u00e9motionnelle et spirituelle, en lien avec la communaut\u00e9 et la nature.<strong><br \/>\n<\/strong><\/em><strong><br \/>\n<\/strong><strong>Quelle est ta plus grande fiert\u00e9 jusqu\u2019ici dans ton parcours universitaire?<br \/>\n<\/strong><em>J\u2019ai plusieurs r\u00e9ussites depuis mon retour aux \u00e9tudes. J\u2019ai particip\u00e9 \u00e0 plus d\u2019un projet de recherche sur l\u2019\u00e9ducation physique en communaut\u00e9, \u00e0 l\u2019\u00e9laboration de fiches p\u00e9dagogiques d\u2019un point de vue des Premi\u00e8res Nations et \u00e0 donner des conf\u00e9rences sur ces projets. Tout \u00e7a, en am\u00e9liorant mon rendement universitaire, au fil du temps. Mais je crois que tous ces accomplissements d\u00e9coulent d\u2019une d\u00e9cision pr\u00e9cise, celle de devenir sobre. Cette d\u00e9cision m\u2019a permis d\u2019escalader des montagnes que je pensais hors de ma port\u00e9e. De plus, elle me permet d\u2019\u00eatre le p\u00e8re exemplaire que je veux devenir pour mes enfants, ce qui est ma plus grande fiert\u00e9.<\/em><\/p>\n","protected":false},"excerpt":{"rendered":"<p>Les Journ\u00e9es de la pers\u00e9v\u00e9rance scolaire, qui ont lieu du 16 au 20 f\u00e9vrier, sont l\u2019occasion de mettre de l\u2019avant des \u00e9tudiantes et d\u2019\u00e9tudiants de l\u2019UQAC qui, par leur d\u00e9termination, ont r\u00e9ussi \u00e0 surmonter les nombreux d\u00e9fis rencontr\u00e9s au cours de leur cheminement universitaire, afin d\u2019atteindre les objectifs qu\u2019ils se sont fix\u00e9s dans la r\u00e9alisation [&hellip;]<\/p>\n","protected":false},"author":5,"featured_media":53551,"comment_status":"closed","ping_status":"open","sticky":false,"template":"","format":"standard","meta":{"footnotes":""},"categories":[2844,248],"tags":[5,2940,151],"yoast_head":"<!-- This site is optimized with the Yoast SEO plugin v24.2 - https:\/\/yoast.com\/wordpress\/plugins\/seo\/ -->\r\n<title>Atteindre le miro pimatisiwin : l\u2019engagement inspirant de Kehoe Picard - UQACtualit\u00e9s<\/title>\r\n<meta name=\"robots\" content=\"index, follow, max-snippet:-1, max-image-preview:large, max-video-preview:-1\" \/>\r\n<link rel=\"canonical\" href=\"https:\/\/www.uqac.ca\/uqactualites\/2026\/02\/13\/atteindre-le-miro-pimatisiwin-lengagement-inspirant-de-kehoe-picard\/\" \/>\r\n<meta property=\"og:locale\" content=\"fr_CA\" \/>\r\n<meta property=\"og:type\" content=\"article\" \/>\r\n<meta property=\"og:title\" content=\"Atteindre le miro pimatisiwin : l\u2019engagement inspirant de Kehoe Picard - UQACtualit\u00e9s\" \/>\r\n<meta property=\"og:description\" content=\"Les Journ\u00e9es de la pers\u00e9v\u00e9rance scolaire, qui ont lieu du 16 au 20 f\u00e9vrier, sont l\u2019occasion de mettre de l\u2019avant des \u00e9tudiantes et d\u2019\u00e9tudiants de l\u2019UQAC qui, par leur d\u00e9termination, ont r\u00e9ussi \u00e0 surmonter les nombreux d\u00e9fis rencontr\u00e9s au cours de leur cheminement universitaire, afin d\u2019atteindre les objectifs qu\u2019ils se sont fix\u00e9s dans la r\u00e9alisation [&hellip;]\" \/>\r\n<meta property=\"og:url\" content=\"https:\/\/www.uqac.ca\/uqactualites\/2026\/02\/13\/atteindre-le-miro-pimatisiwin-lengagement-inspirant-de-kehoe-picard\/\" \/>\r\n<meta property=\"og:site_name\" content=\"UQACtualit\u00e9s\" \/>\r\n<meta property=\"article:published_time\" content=\"2026-02-13T20:06:19+00:00\" \/>\r\n<meta property=\"article:modified_time\" content=\"2026-02-17T18:52:04+00:00\" \/>\r\n<meta property=\"og:image\" content=\"https:\/\/www.uqac.ca\/uqactualites\/wp-content\/uploads\/2026\/02\/Kehoe-Picard-mduhaimeH26-2.jpg\" \/>\r\n\t<meta property=\"og:image:width\" content=\"1920\" \/>\r\n\t<meta property=\"og:image:height\" content=\"1077\" \/>\r\n\t<meta property=\"og:image:type\" content=\"image\/jpeg\" \/>\r\n<meta name=\"author\" content=\"Service des communications et des relations publiques\" \/>\r\n<meta name=\"twitter:card\" content=\"summary_large_image\" \/>\r\n<meta name=\"twitter:label1\" content=\"\u00c9crit par\" \/>\n\t<meta name=\"twitter:data1\" content=\"Service des communications et des relations publiques\" \/>\n\t<meta name=\"twitter:label2\" content=\"Estimation du temps de lecture\" \/>\n\t<meta name=\"twitter:data2\" content=\"4 minutes\" \/>\r\n<script type=\"application\/ld+json\" class=\"yoast-schema-graph\">{\"@context\":\"https:\/\/schema.org\",\"@graph\":[{\"@type\":\"WebPage\",\"@id\":\"https:\/\/www.uqac.ca\/uqactualites\/2026\/02\/13\/atteindre-le-miro-pimatisiwin-lengagement-inspirant-de-kehoe-picard\/\",\"url\":\"https:\/\/www.uqac.ca\/uqactualites\/2026\/02\/13\/atteindre-le-miro-pimatisiwin-lengagement-inspirant-de-kehoe-picard\/\",\"name\":\"Atteindre le miro pimatisiwin : l\u2019engagement inspirant de Kehoe Picard - UQACtualit\u00e9s\",\"isPartOf\":{\"@id\":\"https:\/\/www.uqac.ca\/uqactualites\/#website\"},\"primaryImageOfPage\":{\"@id\":\"https:\/\/www.uqac.ca\/uqactualites\/2026\/02\/13\/atteindre-le-miro-pimatisiwin-lengagement-inspirant-de-kehoe-picard\/#primaryimage\"},\"image\":{\"@id\":\"https:\/\/www.uqac.ca\/uqactualites\/2026\/02\/13\/atteindre-le-miro-pimatisiwin-lengagement-inspirant-de-kehoe-picard\/#primaryimage\"},\"thumbnailUrl\":\"https:\/\/www.uqac.ca\/uqactualites\/wp-content\/uploads\/2026\/02\/Kehoe-Picard-mduhaimeH26-2.jpg\",\"datePublished\":\"2026-02-13T20:06:19+00:00\",\"dateModified\":\"2026-02-17T18:52:04+00:00\",\"author\":{\"@id\":\"https:\/\/www.uqac.ca\/uqactualites\/#\/schema\/person\/366c45a0c4f0e677b41b4af5886e2018\"},\"breadcrumb\":{\"@id\":\"https:\/\/www.uqac.ca\/uqactualites\/2026\/02\/13\/atteindre-le-miro-pimatisiwin-lengagement-inspirant-de-kehoe-picard\/#breadcrumb\"},\"inLanguage\":\"fr-CA\",\"potentialAction\":[{\"@type\":\"ReadAction\",\"target\":[\"https:\/\/www.uqac.ca\/uqactualites\/2026\/02\/13\/atteindre-le-miro-pimatisiwin-lengagement-inspirant-de-kehoe-picard\/\"]}]},{\"@type\":\"ImageObject\",\"inLanguage\":\"fr-CA\",\"@id\":\"https:\/\/www.uqac.ca\/uqactualites\/2026\/02\/13\/atteindre-le-miro-pimatisiwin-lengagement-inspirant-de-kehoe-picard\/#primaryimage\",\"url\":\"https:\/\/www.uqac.ca\/uqactualites\/wp-content\/uploads\/2026\/02\/Kehoe-Picard-mduhaimeH26-2.jpg\",\"contentUrl\":\"https:\/\/www.uqac.ca\/uqactualites\/wp-content\/uploads\/2026\/02\/Kehoe-Picard-mduhaimeH26-2.jpg\",\"width\":1920,\"height\":1077},{\"@type\":\"BreadcrumbList\",\"@id\":\"https:\/\/www.uqac.ca\/uqactualites\/2026\/02\/13\/atteindre-le-miro-pimatisiwin-lengagement-inspirant-de-kehoe-picard\/#breadcrumb\",\"itemListElement\":[{\"@type\":\"ListItem\",\"position\":1,\"name\":\"Home\",\"item\":\"https:\/\/www.uqac.ca\/uqactualites\/\"},{\"@type\":\"ListItem\",\"position\":2,\"name\":\"Atteindre le miro pimatisiwin : l\u2019engagement inspirant de Kehoe Picard\"}]},{\"@type\":\"WebSite\",\"@id\":\"https:\/\/www.uqac.ca\/uqactualites\/#website\",\"url\":\"https:\/\/www.uqac.ca\/uqactualites\/\",\"name\":\"UQACtualit\u00e9s\",\"description\":\"Le portail des nouvelles de l&#039;UQAC\",\"potentialAction\":[{\"@type\":\"SearchAction\",\"target\":{\"@type\":\"EntryPoint\",\"urlTemplate\":\"https:\/\/www.uqac.ca\/uqactualites\/?s={search_term_string}\"},\"query-input\":{\"@type\":\"PropertyValueSpecification\",\"valueRequired\":true,\"valueName\":\"search_term_string\"}}],\"inLanguage\":\"fr-CA\"},{\"@type\":\"Person\",\"@id\":\"https:\/\/www.uqac.ca\/uqactualites\/#\/schema\/person\/366c45a0c4f0e677b41b4af5886e2018\",\"name\":\"Service des communications et des relations publiques\",\"image\":{\"@type\":\"ImageObject\",\"inLanguage\":\"fr-CA\",\"@id\":\"https:\/\/www.uqac.ca\/uqactualites\/#\/schema\/person\/image\/\",\"url\":\"https:\/\/secure.gravatar.com\/avatar\/20fbbda8a292f59f2d3461a5b999c00b?s=96&d=mm&r=g\",\"contentUrl\":\"https:\/\/secure.gravatar.com\/avatar\/20fbbda8a292f59f2d3461a5b999c00b?s=96&d=mm&r=g\",\"caption\":\"Service des communications et des relations publiques\"},\"url\":\"https:\/\/www.uqac.ca\/uqactualites\/author\/bap\/\"}]}<\/script>\r\n<!-- \/ Yoast SEO plugin. -->","yoast_head_json":{"title":"Atteindre le miro pimatisiwin : l\u2019engagement inspirant de Kehoe Picard - UQACtualit\u00e9s","robots":{"index":"index","follow":"follow","max-snippet":"max-snippet:-1","max-image-preview":"max-image-preview:large","max-video-preview":"max-video-preview:-1"},"canonical":"https:\/\/www.uqac.ca\/uqactualites\/2026\/02\/13\/atteindre-le-miro-pimatisiwin-lengagement-inspirant-de-kehoe-picard\/","og_locale":"fr_CA","og_type":"article","og_title":"Atteindre le miro pimatisiwin : l\u2019engagement inspirant de Kehoe Picard - UQACtualit\u00e9s","og_description":"Les Journ\u00e9es de la pers\u00e9v\u00e9rance scolaire, qui ont lieu du 16 au 20 f\u00e9vrier, sont l\u2019occasion de mettre de l\u2019avant des \u00e9tudiantes et d\u2019\u00e9tudiants de l\u2019UQAC qui, par leur d\u00e9termination, ont r\u00e9ussi \u00e0 surmonter les nombreux d\u00e9fis rencontr\u00e9s au cours de leur cheminement universitaire, afin d\u2019atteindre les objectifs qu\u2019ils se sont fix\u00e9s dans la r\u00e9alisation [&hellip;]","og_url":"https:\/\/www.uqac.ca\/uqactualites\/2026\/02\/13\/atteindre-le-miro-pimatisiwin-lengagement-inspirant-de-kehoe-picard\/","og_site_name":"UQACtualit\u00e9s","article_published_time":"2026-02-13T20:06:19+00:00","article_modified_time":"2026-02-17T18:52:04+00:00","og_image":[{"width":1920,"height":1077,"url":"https:\/\/www.uqac.ca\/uqactualites\/wp-content\/uploads\/2026\/02\/Kehoe-Picard-mduhaimeH26-2.jpg","type":"image\/jpeg"}],"author":"Service des communications et des relations publiques","twitter_card":"summary_large_image","twitter_misc":{"\u00c9crit par":"Service des communications et des relations publiques","Estimation du temps de lecture":"4 minutes"},"schema":{"@context":"https:\/\/schema.org","@graph":[{"@type":"WebPage","@id":"https:\/\/www.uqac.ca\/uqactualites\/2026\/02\/13\/atteindre-le-miro-pimatisiwin-lengagement-inspirant-de-kehoe-picard\/","url":"https:\/\/www.uqac.ca\/uqactualites\/2026\/02\/13\/atteindre-le-miro-pimatisiwin-lengagement-inspirant-de-kehoe-picard\/","name":"Atteindre le miro pimatisiwin : l\u2019engagement inspirant de Kehoe Picard - UQACtualit\u00e9s","isPartOf":{"@id":"https:\/\/www.uqac.ca\/uqactualites\/#website"},"primaryImageOfPage":{"@id":"https:\/\/www.uqac.ca\/uqactualites\/2026\/02\/13\/atteindre-le-miro-pimatisiwin-lengagement-inspirant-de-kehoe-picard\/#primaryimage"},"image":{"@id":"https:\/\/www.uqac.ca\/uqactualites\/2026\/02\/13\/atteindre-le-miro-pimatisiwin-lengagement-inspirant-de-kehoe-picard\/#primaryimage"},"thumbnailUrl":"https:\/\/www.uqac.ca\/uqactualites\/wp-content\/uploads\/2026\/02\/Kehoe-Picard-mduhaimeH26-2.jpg","datePublished":"2026-02-13T20:06:19+00:00","dateModified":"2026-02-17T18:52:04+00:00","author":{"@id":"https:\/\/www.uqac.ca\/uqactualites\/#\/schema\/person\/366c45a0c4f0e677b41b4af5886e2018"},"breadcrumb":{"@id":"https:\/\/www.uqac.ca\/uqactualites\/2026\/02\/13\/atteindre-le-miro-pimatisiwin-lengagement-inspirant-de-kehoe-picard\/#breadcrumb"},"inLanguage":"fr-CA","potentialAction":[{"@type":"ReadAction","target":["https:\/\/www.uqac.ca\/uqactualites\/2026\/02\/13\/atteindre-le-miro-pimatisiwin-lengagement-inspirant-de-kehoe-picard\/"]}]},{"@type":"ImageObject","inLanguage":"fr-CA","@id":"https:\/\/www.uqac.ca\/uqactualites\/2026\/02\/13\/atteindre-le-miro-pimatisiwin-lengagement-inspirant-de-kehoe-picard\/#primaryimage","url":"https:\/\/www.uqac.ca\/uqactualites\/wp-content\/uploads\/2026\/02\/Kehoe-Picard-mduhaimeH26-2.jpg","contentUrl":"https:\/\/www.uqac.ca\/uqactualites\/wp-content\/uploads\/2026\/02\/Kehoe-Picard-mduhaimeH26-2.jpg","width":1920,"height":1077},{"@type":"BreadcrumbList","@id":"https:\/\/www.uqac.ca\/uqactualites\/2026\/02\/13\/atteindre-le-miro-pimatisiwin-lengagement-inspirant-de-kehoe-picard\/#breadcrumb","itemListElement":[{"@type":"ListItem","position":1,"name":"Home","item":"https:\/\/www.uqac.ca\/uqactualites\/"},{"@type":"ListItem","position":2,"name":"Atteindre le miro pimatisiwin : l\u2019engagement inspirant de Kehoe Picard"}]},{"@type":"WebSite","@id":"https:\/\/www.uqac.ca\/uqactualites\/#website","url":"https:\/\/www.uqac.ca\/uqactualites\/","name":"UQACtualit\u00e9s","description":"Le portail des nouvelles de l&#039;UQAC","potentialAction":[{"@type":"SearchAction","target":{"@type":"EntryPoint","urlTemplate":"https:\/\/www.uqac.ca\/uqactualites\/?s={search_term_string}"},"query-input":{"@type":"PropertyValueSpecification","valueRequired":true,"valueName":"search_term_string"}}],"inLanguage":"fr-CA"},{"@type":"Person","@id":"https:\/\/www.uqac.ca\/uqactualites\/#\/schema\/person\/366c45a0c4f0e677b41b4af5886e2018","name":"Service des communications et des relations publiques","image":{"@type":"ImageObject","inLanguage":"fr-CA","@id":"https:\/\/www.uqac.ca\/uqactualites\/#\/schema\/person\/image\/","url":"https:\/\/secure.gravatar.com\/avatar\/20fbbda8a292f59f2d3461a5b999c00b?s=96&d=mm&r=g","contentUrl":"https:\/\/secure.gravatar.com\/avatar\/20fbbda8a292f59f2d3461a5b999c00b?s=96&d=mm&r=g","caption":"Service des communications et des relations publiques"},"url":"https:\/\/www.uqac.ca\/uqactualites\/author\/bap\/"}]}},"_links":{"self":[{"href":"https:\/\/www.uqac.ca\/uqactualites\/wp-json\/wp\/v2\/posts\/53550"}],"collection":[{"href":"https:\/\/www.uqac.ca\/uqactualites\/wp-json\/wp\/v2\/posts"}],"about":[{"href":"https:\/\/www.uqac.ca\/uqactualites\/wp-json\/wp\/v2\/types\/post"}],"author":[{"embeddable":true,"href":"https:\/\/www.uqac.ca\/uqactualites\/wp-json\/wp\/v2\/users\/5"}],"replies":[{"embeddable":true,"href":"https:\/\/www.uqac.ca\/uqactualites\/wp-json\/wp\/v2\/comments?post=53550"}],"version-history":[{"count":7,"href":"https:\/\/www.uqac.ca\/uqactualites\/wp-json\/wp\/v2\/posts\/53550\/revisions"}],"predecessor-version":[{"id":53602,"href":"https:\/\/www.uqac.ca\/uqactualites\/wp-json\/wp\/v2\/posts\/53550\/revisions\/53602"}],"wp:featuredmedia":[{"embeddable":true,"href":"https:\/\/www.uqac.ca\/uqactualites\/wp-json\/wp\/v2\/media\/53551"}],"wp:attachment":[{"href":"https:\/\/www.uqac.ca\/uqactualites\/wp-json\/wp\/v2\/media?parent=53550"}],"wp:term":[{"taxonomy":"category","embeddable":true,"href":"https:\/\/www.uqac.ca\/uqactualites\/wp-json\/wp\/v2\/categories?post=53550"},{"taxonomy":"post_tag","embeddable":true,"href":"https:\/\/www.uqac.ca\/uqactualites\/wp-json\/wp\/v2\/tags?post=53550"}],"curies":[{"name":"wp","href":"https:\/\/api.w.org\/{rel}","templated":true}]}}