{"id":53823,"date":"2026-03-03T16:19:37","date_gmt":"2026-03-03T21:19:37","guid":{"rendered":"https:\/\/www.uqac.ca\/uqactualites\/?p=53823"},"modified":"2026-03-03T16:19:37","modified_gmt":"2026-03-03T21:19:37","slug":"une-equipe-etudiante-de-luqac-decroche-la-2e-place-lors-dune-competition-nationale-de-cybersecurite","status":"publish","type":"post","link":"https:\/\/www.uqac.ca\/uqactualites\/2026\/03\/03\/une-equipe-etudiante-de-luqac-decroche-la-2e-place-lors-dune-competition-nationale-de-cybersecurite\/","title":{"rendered":"Une \u00e9quipe \u00e9tudiante de l\u2019UQAC d\u00e9croche la 2e place lors d\u2019une comp\u00e9tition nationale de cybers\u00e9curit\u00e9"},"content":{"rendered":"<p>Une \u00e9quipe compos\u00e9e de quatre \u00e9tudiants \u00e0 la <a href=\"https:\/\/www.uqac.ca\/programme\/2138-maitrise-en-informatique-cybersecurite\/\" target=\"_blank\" rel=\"noopener\">ma\u00eetrise en informatique (cybers\u00e9curit\u00e9)<\/a>, Thomas Esteves, Tom Humeau, Julien Larzul et C\u00e9dric Lin, s\u2019est d\u00e9marqu\u00e9e dans le cadre des comp\u00e9titions de capture de drapeau Mastercard. Les quatre repr\u00e9sentants de l\u2019UQAC ont pris part \u00e0 l\u2019\u00e9dition \u00ab\u202fCentre du Canada\u202f\u00bb de cette s\u00e9rie d\u2019\u00e9v\u00e9nements d\u00e9ploy\u00e9e \u00e0 l\u2019\u00e9chelle du pays. Ils s\u2019y sont illustr\u00e9s en d\u00e9crochant la deuxi\u00e8me place parmi 40 \u00e9quipes.<\/p>\n<p>Pr\u00e9sent\u00e9es par le Consortium national pour la cybers\u00e9curit\u00e9, en collaboration avec Mastercard, les comp\u00e9titions de capture de drapeau Mastercard (<em>Mastercard Capture the Flag Series) <\/em>s\u2019adressent aux \u00e9tudiantes et \u00e9tudiants des \u00e9tablissements d\u2019enseignement sup\u00e9rieur du Canada. Elles proposent une s\u00e9rie de d\u00e9fis stimulants pour faire d\u00e9couvrir les domaines de la cybers\u00e9curit\u00e9 et de la protection de la vie priv\u00e9e au Canada et inspirer la rel\u00e8ve \u00e0 y poursuivre une carri\u00e8re.<\/p>\n<p>Gr\u00e2ce \u00e0 leur performance, les \u00e9tudiants de l\u2019UQAC ont chacun re\u00e7u une carte-cadeau Mastercard d\u2019une valeur de 50\u00a0$.<\/p>\n<p>F\u00e9licitations \u00e0 la d\u00e9l\u00e9gation pour cette performance remarquable, qui t\u00e9moigne du talent et du savoir-faire qui fleurissent \u00e0 l\u2019UQAC dans ce domaine de pointe qu\u2019est la cybers\u00e9curit\u00e9.<\/p>\n","protected":false},"excerpt":{"rendered":"<p>Une \u00e9quipe compos\u00e9e de quatre \u00e9tudiants \u00e0 la ma\u00eetrise en informatique (cybers\u00e9curit\u00e9), Thomas Esteves, Tom Humeau, Julien Larzul et C\u00e9dric Lin, s\u2019est d\u00e9marqu\u00e9e dans le cadre des comp\u00e9titions de capture de drapeau Mastercard. Les quatre repr\u00e9sentants de l\u2019UQAC ont pris part \u00e0 l\u2019\u00e9dition \u00ab\u202fCentre du Canada\u202f\u00bb de cette s\u00e9rie d\u2019\u00e9v\u00e9nements d\u00e9ploy\u00e9e \u00e0 l\u2019\u00e9chelle du pays. [&hellip;]<\/p>\n","protected":false},"author":5,"featured_media":53827,"comment_status":"closed","ping_status":"open","sticky":false,"template":"","format":"standard","meta":{"footnotes":""},"categories":[2795,2,61],"tags":[20],"yoast_head":"<!-- This site is optimized with the Yoast SEO plugin v24.2 - https:\/\/yoast.com\/wordpress\/plugins\/seo\/ -->\r\n<title>Une \u00e9quipe \u00e9tudiante de l\u2019UQAC d\u00e9croche la 2e place lors d\u2019une comp\u00e9tition nationale de cybers\u00e9curit\u00e9 - UQACtualit\u00e9s<\/title>\r\n<meta name=\"robots\" content=\"index, follow, max-snippet:-1, max-image-preview:large, max-video-preview:-1\" \/>\r\n<link rel=\"canonical\" href=\"https:\/\/www.uqac.ca\/uqactualites\/2026\/03\/03\/une-equipe-etudiante-de-luqac-decroche-la-2e-place-lors-dune-competition-nationale-de-cybersecurite\/\" \/>\r\n<meta property=\"og:locale\" content=\"fr_CA\" \/>\r\n<meta property=\"og:type\" content=\"article\" \/>\r\n<meta property=\"og:title\" content=\"Une \u00e9quipe \u00e9tudiante de l\u2019UQAC d\u00e9croche la 2e place lors d\u2019une comp\u00e9tition nationale de cybers\u00e9curit\u00e9 - UQACtualit\u00e9s\" \/>\r\n<meta property=\"og:description\" content=\"Une \u00e9quipe compos\u00e9e de quatre \u00e9tudiants \u00e0 la ma\u00eetrise en informatique (cybers\u00e9curit\u00e9), Thomas Esteves, Tom Humeau, Julien Larzul et C\u00e9dric Lin, s\u2019est d\u00e9marqu\u00e9e dans le cadre des comp\u00e9titions de capture de drapeau Mastercard. Les quatre repr\u00e9sentants de l\u2019UQAC ont pris part \u00e0 l\u2019\u00e9dition \u00ab\u202fCentre du Canada\u202f\u00bb de cette s\u00e9rie d\u2019\u00e9v\u00e9nements d\u00e9ploy\u00e9e \u00e0 l\u2019\u00e9chelle du pays. [&hellip;]\" \/>\r\n<meta property=\"og:url\" content=\"https:\/\/www.uqac.ca\/uqactualites\/2026\/03\/03\/une-equipe-etudiante-de-luqac-decroche-la-2e-place-lors-dune-competition-nationale-de-cybersecurite\/\" \/>\r\n<meta property=\"og:site_name\" content=\"UQACtualit\u00e9s\" \/>\r\n<meta property=\"article:published_time\" content=\"2026-03-03T21:19:37+00:00\" \/>\r\n<meta property=\"og:image\" content=\"https:\/\/www.uqac.ca\/uqactualites\/wp-content\/uploads\/2026\/03\/A-la-une-UQACtualite.png\" \/>\r\n\t<meta property=\"og:image:width\" content=\"1920\" \/>\r\n\t<meta property=\"og:image:height\" content=\"1080\" \/>\r\n\t<meta property=\"og:image:type\" content=\"image\/png\" \/>\r\n<meta name=\"author\" content=\"Service des communications et des relations publiques\" \/>\r\n<meta name=\"twitter:card\" content=\"summary_large_image\" \/>\r\n<meta name=\"twitter:label1\" content=\"\u00c9crit par\" \/>\n\t<meta name=\"twitter:data1\" content=\"Service des communications et des relations publiques\" \/>\n\t<meta name=\"twitter:label2\" content=\"Estimation du temps de lecture\" \/>\n\t<meta name=\"twitter:data2\" content=\"2 minutes\" \/>\r\n<script type=\"application\/ld+json\" class=\"yoast-schema-graph\">{\"@context\":\"https:\/\/schema.org\",\"@graph\":[{\"@type\":\"WebPage\",\"@id\":\"https:\/\/www.uqac.ca\/uqactualites\/2026\/03\/03\/une-equipe-etudiante-de-luqac-decroche-la-2e-place-lors-dune-competition-nationale-de-cybersecurite\/\",\"url\":\"https:\/\/www.uqac.ca\/uqactualites\/2026\/03\/03\/une-equipe-etudiante-de-luqac-decroche-la-2e-place-lors-dune-competition-nationale-de-cybersecurite\/\",\"name\":\"Une \u00e9quipe \u00e9tudiante de l\u2019UQAC d\u00e9croche la 2e place lors d\u2019une comp\u00e9tition nationale de cybers\u00e9curit\u00e9 - UQACtualit\u00e9s\",\"isPartOf\":{\"@id\":\"https:\/\/www.uqac.ca\/uqactualites\/#website\"},\"primaryImageOfPage\":{\"@id\":\"https:\/\/www.uqac.ca\/uqactualites\/2026\/03\/03\/une-equipe-etudiante-de-luqac-decroche-la-2e-place-lors-dune-competition-nationale-de-cybersecurite\/#primaryimage\"},\"image\":{\"@id\":\"https:\/\/www.uqac.ca\/uqactualites\/2026\/03\/03\/une-equipe-etudiante-de-luqac-decroche-la-2e-place-lors-dune-competition-nationale-de-cybersecurite\/#primaryimage\"},\"thumbnailUrl\":\"https:\/\/www.uqac.ca\/uqactualites\/wp-content\/uploads\/2026\/03\/A-la-une-UQACtualite.png\",\"datePublished\":\"2026-03-03T21:19:37+00:00\",\"dateModified\":\"2026-03-03T21:19:37+00:00\",\"author\":{\"@id\":\"https:\/\/www.uqac.ca\/uqactualites\/#\/schema\/person\/366c45a0c4f0e677b41b4af5886e2018\"},\"breadcrumb\":{\"@id\":\"https:\/\/www.uqac.ca\/uqactualites\/2026\/03\/03\/une-equipe-etudiante-de-luqac-decroche-la-2e-place-lors-dune-competition-nationale-de-cybersecurite\/#breadcrumb\"},\"inLanguage\":\"fr-CA\",\"potentialAction\":[{\"@type\":\"ReadAction\",\"target\":[\"https:\/\/www.uqac.ca\/uqactualites\/2026\/03\/03\/une-equipe-etudiante-de-luqac-decroche-la-2e-place-lors-dune-competition-nationale-de-cybersecurite\/\"]}]},{\"@type\":\"ImageObject\",\"inLanguage\":\"fr-CA\",\"@id\":\"https:\/\/www.uqac.ca\/uqactualites\/2026\/03\/03\/une-equipe-etudiante-de-luqac-decroche-la-2e-place-lors-dune-competition-nationale-de-cybersecurite\/#primaryimage\",\"url\":\"https:\/\/www.uqac.ca\/uqactualites\/wp-content\/uploads\/2026\/03\/A-la-une-UQACtualite.png\",\"contentUrl\":\"https:\/\/www.uqac.ca\/uqactualites\/wp-content\/uploads\/2026\/03\/A-la-une-UQACtualite.png\",\"width\":1920,\"height\":1080},{\"@type\":\"BreadcrumbList\",\"@id\":\"https:\/\/www.uqac.ca\/uqactualites\/2026\/03\/03\/une-equipe-etudiante-de-luqac-decroche-la-2e-place-lors-dune-competition-nationale-de-cybersecurite\/#breadcrumb\",\"itemListElement\":[{\"@type\":\"ListItem\",\"position\":1,\"name\":\"Home\",\"item\":\"https:\/\/www.uqac.ca\/uqactualites\/\"},{\"@type\":\"ListItem\",\"position\":2,\"name\":\"Une \u00e9quipe \u00e9tudiante de l\u2019UQAC d\u00e9croche la 2e place lors d\u2019une comp\u00e9tition nationale de cybers\u00e9curit\u00e9\"}]},{\"@type\":\"WebSite\",\"@id\":\"https:\/\/www.uqac.ca\/uqactualites\/#website\",\"url\":\"https:\/\/www.uqac.ca\/uqactualites\/\",\"name\":\"UQACtualit\u00e9s\",\"description\":\"Le portail des nouvelles de l&#039;UQAC\",\"potentialAction\":[{\"@type\":\"SearchAction\",\"target\":{\"@type\":\"EntryPoint\",\"urlTemplate\":\"https:\/\/www.uqac.ca\/uqactualites\/?s={search_term_string}\"},\"query-input\":{\"@type\":\"PropertyValueSpecification\",\"valueRequired\":true,\"valueName\":\"search_term_string\"}}],\"inLanguage\":\"fr-CA\"},{\"@type\":\"Person\",\"@id\":\"https:\/\/www.uqac.ca\/uqactualites\/#\/schema\/person\/366c45a0c4f0e677b41b4af5886e2018\",\"name\":\"Service des communications et des relations publiques\",\"image\":{\"@type\":\"ImageObject\",\"inLanguage\":\"fr-CA\",\"@id\":\"https:\/\/www.uqac.ca\/uqactualites\/#\/schema\/person\/image\/\",\"url\":\"https:\/\/secure.gravatar.com\/avatar\/20fbbda8a292f59f2d3461a5b999c00b?s=96&d=mm&r=g\",\"contentUrl\":\"https:\/\/secure.gravatar.com\/avatar\/20fbbda8a292f59f2d3461a5b999c00b?s=96&d=mm&r=g\",\"caption\":\"Service des communications et des relations publiques\"},\"url\":\"https:\/\/www.uqac.ca\/uqactualites\/author\/bap\/\"}]}<\/script>\r\n<!-- \/ Yoast SEO plugin. -->","yoast_head_json":{"title":"Une \u00e9quipe \u00e9tudiante de l\u2019UQAC d\u00e9croche la 2e place lors d\u2019une comp\u00e9tition nationale de cybers\u00e9curit\u00e9 - UQACtualit\u00e9s","robots":{"index":"index","follow":"follow","max-snippet":"max-snippet:-1","max-image-preview":"max-image-preview:large","max-video-preview":"max-video-preview:-1"},"canonical":"https:\/\/www.uqac.ca\/uqactualites\/2026\/03\/03\/une-equipe-etudiante-de-luqac-decroche-la-2e-place-lors-dune-competition-nationale-de-cybersecurite\/","og_locale":"fr_CA","og_type":"article","og_title":"Une \u00e9quipe \u00e9tudiante de l\u2019UQAC d\u00e9croche la 2e place lors d\u2019une comp\u00e9tition nationale de cybers\u00e9curit\u00e9 - UQACtualit\u00e9s","og_description":"Une \u00e9quipe compos\u00e9e de quatre \u00e9tudiants \u00e0 la ma\u00eetrise en informatique (cybers\u00e9curit\u00e9), Thomas Esteves, Tom Humeau, Julien Larzul et C\u00e9dric Lin, s\u2019est d\u00e9marqu\u00e9e dans le cadre des comp\u00e9titions de capture de drapeau Mastercard. Les quatre repr\u00e9sentants de l\u2019UQAC ont pris part \u00e0 l\u2019\u00e9dition \u00ab\u202fCentre du Canada\u202f\u00bb de cette s\u00e9rie d\u2019\u00e9v\u00e9nements d\u00e9ploy\u00e9e \u00e0 l\u2019\u00e9chelle du pays. [&hellip;]","og_url":"https:\/\/www.uqac.ca\/uqactualites\/2026\/03\/03\/une-equipe-etudiante-de-luqac-decroche-la-2e-place-lors-dune-competition-nationale-de-cybersecurite\/","og_site_name":"UQACtualit\u00e9s","article_published_time":"2026-03-03T21:19:37+00:00","og_image":[{"width":1920,"height":1080,"url":"https:\/\/www.uqac.ca\/uqactualites\/wp-content\/uploads\/2026\/03\/A-la-une-UQACtualite.png","type":"image\/png"}],"author":"Service des communications et des relations publiques","twitter_card":"summary_large_image","twitter_misc":{"\u00c9crit par":"Service des communications et des relations publiques","Estimation du temps de lecture":"2 minutes"},"schema":{"@context":"https:\/\/schema.org","@graph":[{"@type":"WebPage","@id":"https:\/\/www.uqac.ca\/uqactualites\/2026\/03\/03\/une-equipe-etudiante-de-luqac-decroche-la-2e-place-lors-dune-competition-nationale-de-cybersecurite\/","url":"https:\/\/www.uqac.ca\/uqactualites\/2026\/03\/03\/une-equipe-etudiante-de-luqac-decroche-la-2e-place-lors-dune-competition-nationale-de-cybersecurite\/","name":"Une \u00e9quipe \u00e9tudiante de l\u2019UQAC d\u00e9croche la 2e place lors d\u2019une comp\u00e9tition nationale de cybers\u00e9curit\u00e9 - UQACtualit\u00e9s","isPartOf":{"@id":"https:\/\/www.uqac.ca\/uqactualites\/#website"},"primaryImageOfPage":{"@id":"https:\/\/www.uqac.ca\/uqactualites\/2026\/03\/03\/une-equipe-etudiante-de-luqac-decroche-la-2e-place-lors-dune-competition-nationale-de-cybersecurite\/#primaryimage"},"image":{"@id":"https:\/\/www.uqac.ca\/uqactualites\/2026\/03\/03\/une-equipe-etudiante-de-luqac-decroche-la-2e-place-lors-dune-competition-nationale-de-cybersecurite\/#primaryimage"},"thumbnailUrl":"https:\/\/www.uqac.ca\/uqactualites\/wp-content\/uploads\/2026\/03\/A-la-une-UQACtualite.png","datePublished":"2026-03-03T21:19:37+00:00","dateModified":"2026-03-03T21:19:37+00:00","author":{"@id":"https:\/\/www.uqac.ca\/uqactualites\/#\/schema\/person\/366c45a0c4f0e677b41b4af5886e2018"},"breadcrumb":{"@id":"https:\/\/www.uqac.ca\/uqactualites\/2026\/03\/03\/une-equipe-etudiante-de-luqac-decroche-la-2e-place-lors-dune-competition-nationale-de-cybersecurite\/#breadcrumb"},"inLanguage":"fr-CA","potentialAction":[{"@type":"ReadAction","target":["https:\/\/www.uqac.ca\/uqactualites\/2026\/03\/03\/une-equipe-etudiante-de-luqac-decroche-la-2e-place-lors-dune-competition-nationale-de-cybersecurite\/"]}]},{"@type":"ImageObject","inLanguage":"fr-CA","@id":"https:\/\/www.uqac.ca\/uqactualites\/2026\/03\/03\/une-equipe-etudiante-de-luqac-decroche-la-2e-place-lors-dune-competition-nationale-de-cybersecurite\/#primaryimage","url":"https:\/\/www.uqac.ca\/uqactualites\/wp-content\/uploads\/2026\/03\/A-la-une-UQACtualite.png","contentUrl":"https:\/\/www.uqac.ca\/uqactualites\/wp-content\/uploads\/2026\/03\/A-la-une-UQACtualite.png","width":1920,"height":1080},{"@type":"BreadcrumbList","@id":"https:\/\/www.uqac.ca\/uqactualites\/2026\/03\/03\/une-equipe-etudiante-de-luqac-decroche-la-2e-place-lors-dune-competition-nationale-de-cybersecurite\/#breadcrumb","itemListElement":[{"@type":"ListItem","position":1,"name":"Home","item":"https:\/\/www.uqac.ca\/uqactualites\/"},{"@type":"ListItem","position":2,"name":"Une \u00e9quipe \u00e9tudiante de l\u2019UQAC d\u00e9croche la 2e place lors d\u2019une comp\u00e9tition nationale de cybers\u00e9curit\u00e9"}]},{"@type":"WebSite","@id":"https:\/\/www.uqac.ca\/uqactualites\/#website","url":"https:\/\/www.uqac.ca\/uqactualites\/","name":"UQACtualit\u00e9s","description":"Le portail des nouvelles de l&#039;UQAC","potentialAction":[{"@type":"SearchAction","target":{"@type":"EntryPoint","urlTemplate":"https:\/\/www.uqac.ca\/uqactualites\/?s={search_term_string}"},"query-input":{"@type":"PropertyValueSpecification","valueRequired":true,"valueName":"search_term_string"}}],"inLanguage":"fr-CA"},{"@type":"Person","@id":"https:\/\/www.uqac.ca\/uqactualites\/#\/schema\/person\/366c45a0c4f0e677b41b4af5886e2018","name":"Service des communications et des relations publiques","image":{"@type":"ImageObject","inLanguage":"fr-CA","@id":"https:\/\/www.uqac.ca\/uqactualites\/#\/schema\/person\/image\/","url":"https:\/\/secure.gravatar.com\/avatar\/20fbbda8a292f59f2d3461a5b999c00b?s=96&d=mm&r=g","contentUrl":"https:\/\/secure.gravatar.com\/avatar\/20fbbda8a292f59f2d3461a5b999c00b?s=96&d=mm&r=g","caption":"Service des communications et des relations publiques"},"url":"https:\/\/www.uqac.ca\/uqactualites\/author\/bap\/"}]}},"_links":{"self":[{"href":"https:\/\/www.uqac.ca\/uqactualites\/wp-json\/wp\/v2\/posts\/53823"}],"collection":[{"href":"https:\/\/www.uqac.ca\/uqactualites\/wp-json\/wp\/v2\/posts"}],"about":[{"href":"https:\/\/www.uqac.ca\/uqactualites\/wp-json\/wp\/v2\/types\/post"}],"author":[{"embeddable":true,"href":"https:\/\/www.uqac.ca\/uqactualites\/wp-json\/wp\/v2\/users\/5"}],"replies":[{"embeddable":true,"href":"https:\/\/www.uqac.ca\/uqactualites\/wp-json\/wp\/v2\/comments?post=53823"}],"version-history":[{"count":6,"href":"https:\/\/www.uqac.ca\/uqactualites\/wp-json\/wp\/v2\/posts\/53823\/revisions"}],"predecessor-version":[{"id":53832,"href":"https:\/\/www.uqac.ca\/uqactualites\/wp-json\/wp\/v2\/posts\/53823\/revisions\/53832"}],"wp:featuredmedia":[{"embeddable":true,"href":"https:\/\/www.uqac.ca\/uqactualites\/wp-json\/wp\/v2\/media\/53827"}],"wp:attachment":[{"href":"https:\/\/www.uqac.ca\/uqactualites\/wp-json\/wp\/v2\/media?parent=53823"}],"wp:term":[{"taxonomy":"category","embeddable":true,"href":"https:\/\/www.uqac.ca\/uqactualites\/wp-json\/wp\/v2\/categories?post=53823"},{"taxonomy":"post_tag","embeddable":true,"href":"https:\/\/www.uqac.ca\/uqactualites\/wp-json\/wp\/v2\/tags?post=53823"}],"curies":[{"name":"wp","href":"https:\/\/api.w.org\/{rel}","templated":true}]}}