{"id":53868,"date":"2026-03-09T08:43:05","date_gmt":"2026-03-09T12:43:05","guid":{"rendered":"https:\/\/www.uqac.ca\/uqactualites\/?p=53868"},"modified":"2026-03-09T08:45:06","modified_gmt":"2026-03-09T12:45:06","slug":"a-la-rencontre-des-femmes-de-amp-ukb-un-8-mars-marquant-dans-le-cadre-la-mission-de-luqac-en-basse-casamance","status":"publish","type":"post","link":"https:\/\/www.uqac.ca\/uqactualites\/2026\/03\/09\/a-la-rencontre-des-femmes-de-amp-ukb-un-8-mars-marquant-dans-le-cadre-la-mission-de-luqac-en-basse-casamance\/","title":{"rendered":"\u00c0 la rencontre des femmes de l&rsquo;AMP UKB: un 8 mars marquant dans le cadre la mission de l\u2019UQAC en Basse-Casamance"},"content":{"rendered":"<p>Depuis le 2 mars 2026, une \u00e9quipe de l\u2019UQAC compos\u00e9e de la professeure <a href=\"https:\/\/portfolio.uqac.ca\/mariefall\/\" target=\"_blank\" rel=\"noopener\">Marie Fall<\/a> (<a href=\"https:\/\/www.uqac.ca\/dshs\/\" target=\"_blank\" rel=\"noopener\">D\u00e9partement des sciences humaines et sociales<\/a>), du professeur <a href=\"https:\/\/portfolio.uqac.ca\/jeanfrancoisboucher\/\" target=\"_blank\" rel=\"noopener\">Jean\u2011Fran\u00e7ois Boucher<\/a> (<a href=\"https:\/\/www.uqac.ca\/dsf\/\" target=\"_blank\" rel=\"noopener\">D\u00e9partement des sciences fondamentales<\/a>), de l\u2019\u00e9tudiant Rafael Forteza (<a href=\"https:\/\/www.uqac.ca\/programmes-de-cycles-superieurs-sur-mesure\/\" target=\"_blank\" rel=\"noopener\">ma\u00eetrise sur mesure<\/a> en biologie\u2011\u00e9cologie) et de l\u2019\u00e9tudiante Nd\u00e8ye Marie Cissokho (<a href=\"https:\/\/www.uqac.ca\/programme\/3593-m-en-etudes-et-interventions-regionales\/\">ma\u00eetrise en \u00e9tudes et interventions r\u00e9gionales<\/a>), d\u00e9j\u00e0 sur place depuis le mois de janvier dernier, est en mission en Basse\u2011Casamance, au S\u00e9n\u00e9gal, dans le cadre du projet <em>D\u00e9veloppement d\u2019une \u00e9conomie locale verte et r\u00e9siliente favorisant la protection et la valorisation des zones de mangrove<\/em>.<\/p>\n<p>Cette initiative est financ\u00e9e par le <a href=\"https:\/\/www.environnement.gouv.qc.ca\/programmes\/coop-climatique-internationale\/\">Programme de coop\u00e9ration climatique internationale (PCCI)<\/a> du gouvernement du Qu\u00e9bec, en partenariat avec l\u2019organisation <a href=\"https:\/\/villagemonde.com\/\">Village Monde<\/a> et mise en \u0153uvre sur le terrain en collaboration avec l\u2019ONG s\u00e9n\u00e9galaise AGir diff\u00e9remment pour le D\u00e9veloppement de l\u2019Afrique (AGADA). Les universit\u00e9s Laval (Qu\u00e9bec) et Assane Seck de Ziguinchor (S\u00e9n\u00e9gal) sont \u00e9galement partenaires de ce projet, dont l&rsquo;objectif est d&rsquo;appuyer les communaut\u00e9s locales dans le d\u00e9veloppement d\u2019initiatives durables de conservation et de valorisation des \u00e9cosyst\u00e8mes de mangroves au sein de l\u2019Aire Marine Prot\u00e9g\u00e9e Ufoyaal-Kassa-Bandial (AMP UKB).<\/p>\n<p>Afin de r\u00e9pondre aux objectifs de la mission, l&rsquo;\u00e9quipe de l\u2019UQAC effectue des visites aupr\u00e8s d\u2019initiatives communautaires, rencontre les diff\u00e9rents acteurs impliqu\u00e9s dans la gestion de l\u2019AMP UKB et explore diff\u00e9rents sites de reboisement des mangroves et des initiatives agroforesti\u00e8res. Ces activit\u00e9s permettent d\u2019\u00e9valuer les fili\u00e8res \u00e9conomiques associ\u00e9es aux \u00e9cosyst\u00e8mes de mangroves, les dynamiques de gouvernance locale, les enjeux de r\u00e9silience climatique et les possibilit\u00e9s de d\u00e9veloppement de nouvelles initiatives communautaires. L\u2019\u00e9tude comprend \u00e9galement l\u2019\u00e9valuation de possibles projets de cr\u00e9dits carbone compensatoires qui pourraient r\u00e9sulter de ces initiatives.<\/p>\n<p>M\u00eame si toutes les journ\u00e9es de la mission sont remplies d\u2019aventures, de rencontres et de r\u00e9flexions riches, celle du 8 mars 2026, Journ\u00e9e internationale de la femme, est tr\u00e8s sp\u00e9ciale. Pour la c\u00e9l\u00e9brer, l&rsquo;\u00e9quipe a rencontr\u00e9 les groupes de femmes impliqu\u00e9es dans la production ostr\u00e9icole au sein de l\u2019AMP UKB et a pu \u00e9changer sur leurs activit\u00e9s, leurs objectifs et les enjeux qu\u2019elles traversent. Par-dessus tout, l&rsquo;\u00e9quipe a eu la chance de constater le courage et la d\u00e9brouillardise dont font preuve ces femmes, comme tant d\u2019autres femmes partout dans le monde, pour mettre en \u0153uvre des activit\u00e9s porteuses aussi bien pour leur communaut\u00e9 que pour l\u2019environnement qui les entoure. Voir cette <a href=\"https:\/\/www.facebook.com\/reel\/1297961725511536\">vid\u00e9o<\/a> pour en savoir davantage sur le projet.<\/p>\n\r\n                <style type=\"text\/css\">\r\n                    \r\n                    #tdi_1  .td-doubleSlider-2 .td-item1 {\r\n                        background: url(https:\/\/www.uqac.ca\/uqactualites\/wp-content\/uploads\/2026\/03\/Image2.jpg) 0 0 no-repeat;\r\n                    }\r\n                    #tdi_1  .td-doubleSlider-2 .td-item2 {\r\n                        background: url(https:\/\/www.uqac.ca\/uqactualites\/wp-content\/uploads\/2026\/03\/Image3.jpg) 0 0 no-repeat;\r\n                    }\r\n                    #tdi_1  .td-doubleSlider-2 .td-item3 {\r\n                        background: url(https:\/\/www.uqac.ca\/uqactualites\/wp-content\/uploads\/2026\/03\/Image7.png) 0 0 no-repeat;\r\n                    }\r\n                    #tdi_1  .td-doubleSlider-2 .td-item4 {\r\n                        background: url(https:\/\/www.uqac.ca\/uqactualites\/wp-content\/uploads\/2026\/03\/Image8.png) 0 0 no-repeat;\r\n                    }\r\n                    #tdi_1  .td-doubleSlider-2 .td-item5 {\r\n                        background: url(https:\/\/www.uqac.ca\/uqactualites\/wp-content\/uploads\/2026\/03\/Image4.jpg) 0 0 no-repeat;\r\n                    }\r\n                    #tdi_1  .td-doubleSlider-2 .td-item6 {\r\n                        background: url(https:\/\/www.uqac.ca\/uqactualites\/wp-content\/uploads\/2026\/03\/Image5.png) 0 0 no-repeat;\r\n                    }\r\n                    #tdi_1  .td-doubleSlider-2 .td-item7 {\r\n                        background: url(https:\/\/www.uqac.ca\/uqactualites\/wp-content\/uploads\/2026\/03\/Image6.png) 0 0 no-repeat;\r\n                    }\r\n                <\/style>\r\n\r\n                <div id=\"tdi_1\" class=\"td-gallery td-slide-on-2-columns\">\r\n                    <div class=\"post_td_gallery\">\r\n                        <div class=\"td-gallery-slide-top\">\r\n                           <div class=\"td-gallery-title\"><\/div>\r\n\r\n                            <div class=\"td-gallery-controls-wrapper\">\r\n                                <div class=\"td-gallery-slide-count\"><span class=\"td-gallery-slide-item-focus\">1<\/span> of 7<\/div>\r\n                                <div class=\"td-gallery-slide-prev-next-but\">\r\n                                    <i class = \"td-icon-left doubleSliderPrevButton\"><\/i>\r\n                                    <i class = \"td-icon-right doubleSliderNextButton\"><\/i>\r\n                                <\/div>\r\n                            <\/div>\r\n                        <\/div>\r\n\r\n                        <div class = \"td-doubleSlider-1 \">\r\n                            <div class = \"td-slider\">\r\n                                \r\n                    <div class = \"td-slide-item td-item1\">\r\n                        <figure class=\"td-slide-galery-figure td-slide-popup-gallery\">\r\n                            <a class=\"slide-gallery-image-link\" href=\"https:\/\/www.uqac.ca\/uqactualites\/wp-content\/uploads\/2026\/03\/Image2.jpg\" title=\"Image2\"  data-caption=\"Les femmes c\u00e9l\u00e9br\u00e9es \u00e0 l\u2019occasion de la Journ\u00e9e mondiale de la femme\"  data-description=\"\">\r\n                                <img decoding=\"async\" src=\"https:\/\/www.uqac.ca\/uqactualites\/wp-content\/uploads\/2026\/03\/Image2.jpg\" srcset=\"https:\/\/www.uqac.ca\/uqactualites\/wp-content\/uploads\/2026\/03\/Image2.jpg 1437w, https:\/\/www.uqac.ca\/uqactualites\/wp-content\/uploads\/2026\/03\/Image2-300x200.jpg 300w, https:\/\/www.uqac.ca\/uqactualites\/wp-content\/uploads\/2026\/03\/Image2-1024x683.jpg 1024w, https:\/\/www.uqac.ca\/uqactualites\/wp-content\/uploads\/2026\/03\/Image2-768x512.jpg 768w, https:\/\/www.uqac.ca\/uqactualites\/wp-content\/uploads\/2026\/03\/Image2-150x100.jpg 150w, https:\/\/www.uqac.ca\/uqactualites\/wp-content\/uploads\/2026\/03\/Image2-696x464.jpg 696w, https:\/\/www.uqac.ca\/uqactualites\/wp-content\/uploads\/2026\/03\/Image2-1068x712.jpg 1068w\" sizes=\"(max-width: 1437px) 100vw, 1437px\" alt=\"\">\r\n                            <\/a>\r\n                            <figcaption class = \"td-slide-caption td-gallery-slide-content\"><div class = \"td-gallery-slide-copywrite\">Les femmes c\u00e9l\u00e9br\u00e9es \u00e0 l\u2019occasion de la Journ\u00e9e mondiale de la femme<\/div><\/figcaption>\r\n                        <\/figure>\r\n                    <\/div>\r\n                    <div class = \"td-slide-item td-item2\">\r\n                        <figure class=\"td-slide-galery-figure td-slide-popup-gallery\">\r\n                            <a class=\"slide-gallery-image-link\" href=\"https:\/\/www.uqac.ca\/uqactualites\/wp-content\/uploads\/2026\/03\/Image3.jpg\" title=\"Image3\"  data-caption=\"Les repr\u00e9sentantes femmes des organisations partenaires \u00e0 l\u2019occasion de la Journ\u00e9e de la femme.\"  data-description=\"\">\r\n                                <img decoding=\"async\" src=\"https:\/\/www.uqac.ca\/uqactualites\/wp-content\/uploads\/2026\/03\/Image3.jpg\" srcset=\"https:\/\/www.uqac.ca\/uqactualites\/wp-content\/uploads\/2026\/03\/Image3.jpg 1437w, https:\/\/www.uqac.ca\/uqactualites\/wp-content\/uploads\/2026\/03\/Image3-300x200.jpg 300w, https:\/\/www.uqac.ca\/uqactualites\/wp-content\/uploads\/2026\/03\/Image3-1024x683.jpg 1024w, https:\/\/www.uqac.ca\/uqactualites\/wp-content\/uploads\/2026\/03\/Image3-768x512.jpg 768w, https:\/\/www.uqac.ca\/uqactualites\/wp-content\/uploads\/2026\/03\/Image3-150x100.jpg 150w, https:\/\/www.uqac.ca\/uqactualites\/wp-content\/uploads\/2026\/03\/Image3-696x464.jpg 696w, https:\/\/www.uqac.ca\/uqactualites\/wp-content\/uploads\/2026\/03\/Image3-1068x712.jpg 1068w\" sizes=\"(max-width: 1437px) 100vw, 1437px\" alt=\"Les repr&eacute;sentantes femmes des organisations partenaires &agrave; l&rsquo;occasion de la Journ&eacute;e de la femme.\">\r\n                            <\/a>\r\n                            <figcaption class = \"td-slide-caption td-gallery-slide-content\"><div class = \"td-gallery-slide-copywrite\">Les repr\u00e9sentantes femmes des organisations partenaires \u00e0 l\u2019occasion de la Journ\u00e9e de la femme.<\/div><\/figcaption>\r\n                        <\/figure>\r\n                    <\/div>\r\n                    <div class = \"td-slide-item td-item3\">\r\n                        <figure class=\"td-slide-galery-figure td-slide-popup-gallery\">\r\n                            <a class=\"slide-gallery-image-link\" href=\"https:\/\/www.uqac.ca\/uqactualites\/wp-content\/uploads\/2026\/03\/Image7.png\" title=\"Image7\"  data-caption=\"Remise d\u2019outils d\u2019ostr\u00e9iculture pour le groupe de femmes de l\u2019AMP UKB\"  data-description=\"\">\r\n                                <img decoding=\"async\" src=\"https:\/\/www.uqac.ca\/uqactualites\/wp-content\/uploads\/2026\/03\/Image7.png\" srcset=\"https:\/\/www.uqac.ca\/uqactualites\/wp-content\/uploads\/2026\/03\/Image7.png 628w, https:\/\/www.uqac.ca\/uqactualites\/wp-content\/uploads\/2026\/03\/Image7-300x225.png 300w, https:\/\/www.uqac.ca\/uqactualites\/wp-content\/uploads\/2026\/03\/Image7-150x113.png 150w\" sizes=\"(max-width: 628px) 100vw, 628px\" alt=\"\">\r\n                            <\/a>\r\n                            <figcaption class = \"td-slide-caption td-gallery-slide-content\"><div class = \"td-gallery-slide-copywrite\">Remise d\u2019outils d\u2019ostr\u00e9iculture pour le groupe de femmes de l\u2019AMP UKB<\/div><\/figcaption>\r\n                        <\/figure>\r\n                    <\/div>\r\n                    <div class = \"td-slide-item td-item4\">\r\n                        <figure class=\"td-slide-galery-figure td-slide-popup-gallery\">\r\n                            <a class=\"slide-gallery-image-link\" href=\"https:\/\/www.uqac.ca\/uqactualites\/wp-content\/uploads\/2026\/03\/Image8.png\" title=\"Image8\"  data-caption=\"Visite aupr\u00e8s d\u2019un groupe de femmes de l\u2019AMP UKB. \"  data-description=\"\">\r\n                                <img decoding=\"async\" src=\"https:\/\/www.uqac.ca\/uqactualites\/wp-content\/uploads\/2026\/03\/Image8.png\" srcset=\"https:\/\/www.uqac.ca\/uqactualites\/wp-content\/uploads\/2026\/03\/Image8.png 628w, https:\/\/www.uqac.ca\/uqactualites\/wp-content\/uploads\/2026\/03\/Image8-300x225.png 300w, https:\/\/www.uqac.ca\/uqactualites\/wp-content\/uploads\/2026\/03\/Image8-150x113.png 150w\" sizes=\"(max-width: 628px) 100vw, 628px\" alt=\"\">\r\n                            <\/a>\r\n                            <figcaption class = \"td-slide-caption td-gallery-slide-content\"><div class = \"td-gallery-slide-copywrite\">Visite aupr\u00e8s d\u2019un groupe de femmes de l\u2019AMP UKB. <\/div><\/figcaption>\r\n                        <\/figure>\r\n                    <\/div>\r\n                    <div class = \"td-slide-item td-item5\">\r\n                        <figure class=\"td-slide-galery-figure td-slide-popup-gallery\">\r\n                            <a class=\"slide-gallery-image-link\" href=\"https:\/\/www.uqac.ca\/uqactualites\/wp-content\/uploads\/2026\/03\/Image4.jpg\" title=\"Image4\"  data-caption=\"Site de reboisement de la mangrove\"  data-description=\"\">\r\n                                <img decoding=\"async\" src=\"https:\/\/www.uqac.ca\/uqactualites\/wp-content\/uploads\/2026\/03\/Image4.jpg\" srcset=\"https:\/\/www.uqac.ca\/uqactualites\/wp-content\/uploads\/2026\/03\/Image4.jpg 1437w, https:\/\/www.uqac.ca\/uqactualites\/wp-content\/uploads\/2026\/03\/Image4-300x200.jpg 300w, https:\/\/www.uqac.ca\/uqactualites\/wp-content\/uploads\/2026\/03\/Image4-1024x683.jpg 1024w, https:\/\/www.uqac.ca\/uqactualites\/wp-content\/uploads\/2026\/03\/Image4-768x512.jpg 768w, https:\/\/www.uqac.ca\/uqactualites\/wp-content\/uploads\/2026\/03\/Image4-150x100.jpg 150w, https:\/\/www.uqac.ca\/uqactualites\/wp-content\/uploads\/2026\/03\/Image4-696x464.jpg 696w, https:\/\/www.uqac.ca\/uqactualites\/wp-content\/uploads\/2026\/03\/Image4-1068x712.jpg 1068w\" sizes=\"(max-width: 1437px) 100vw, 1437px\" alt=\"Site de reboisement de la mangrove\">\r\n                            <\/a>\r\n                            <figcaption class = \"td-slide-caption td-gallery-slide-content\"><div class = \"td-gallery-slide-copywrite\">Site de reboisement de la mangrove<\/div><\/figcaption>\r\n                        <\/figure>\r\n                    <\/div>\r\n                    <div class = \"td-slide-item td-item6\">\r\n                        <figure class=\"td-slide-galery-figure td-slide-popup-gallery\">\r\n                            <a class=\"slide-gallery-image-link\" href=\"https:\/\/www.uqac.ca\/uqactualites\/wp-content\/uploads\/2026\/03\/Image5.png\" title=\"Image5\"  data-caption=\"Visite d\u2019un site de reboisement de mangroves\"  data-description=\"\">\r\n                                <img decoding=\"async\" src=\"https:\/\/www.uqac.ca\/uqactualites\/wp-content\/uploads\/2026\/03\/Image5.png\" srcset=\"https:\/\/www.uqac.ca\/uqactualites\/wp-content\/uploads\/2026\/03\/Image5.png 628w, https:\/\/www.uqac.ca\/uqactualites\/wp-content\/uploads\/2026\/03\/Image5-300x225.png 300w, https:\/\/www.uqac.ca\/uqactualites\/wp-content\/uploads\/2026\/03\/Image5-150x113.png 150w\" sizes=\"(max-width: 628px) 100vw, 628px\" alt=\"Visite d&rsquo;un site de reboisement de mangroves\">\r\n                            <\/a>\r\n                            <figcaption class = \"td-slide-caption td-gallery-slide-content\"><div class = \"td-gallery-slide-copywrite\">Visite d\u2019un site de reboisement de mangroves<\/div><\/figcaption>\r\n                        <\/figure>\r\n                    <\/div>\r\n                    <div class = \"td-slide-item td-item7\">\r\n                        <figure class=\"td-slide-galery-figure td-slide-popup-gallery\">\r\n                            <a class=\"slide-gallery-image-link\" href=\"https:\/\/www.uqac.ca\/uqactualites\/wp-content\/uploads\/2026\/03\/Image6.png\" title=\"Image6\"  data-caption=\"Partenaires scientifiques r\u00e9unis \u00e0 l\u2019Universit\u00e9 Assane Seck de Ziguinchor\"  data-description=\"\">\r\n                                <img decoding=\"async\" src=\"https:\/\/www.uqac.ca\/uqactualites\/wp-content\/uploads\/2026\/03\/Image6.png\" srcset=\"https:\/\/www.uqac.ca\/uqactualites\/wp-content\/uploads\/2026\/03\/Image6.png 628w, https:\/\/www.uqac.ca\/uqactualites\/wp-content\/uploads\/2026\/03\/Image6-300x200.png 300w, https:\/\/www.uqac.ca\/uqactualites\/wp-content\/uploads\/2026\/03\/Image6-150x100.png 150w\" sizes=\"(max-width: 628px) 100vw, 628px\" alt=\"Partenaires scientifiques r&eacute;unis &agrave; l&rsquo;Universit&eacute; Assane Seck de Ziguinchor\">\r\n                            <\/a>\r\n                            <figcaption class = \"td-slide-caption td-gallery-slide-content\"><div class = \"td-gallery-slide-copywrite\">Partenaires scientifiques r\u00e9unis \u00e0 l\u2019Universit\u00e9 Assane Seck de Ziguinchor<\/div><\/figcaption>\r\n                        <\/figure>\r\n                    <\/div>\r\n                            <\/div>\r\n                        <\/div>\r\n\r\n                        <div class = \"td-doubleSlider-2\">\r\n                            <div class = \"td-slider\">\r\n                                \r\n                    <div class = \"td-button td-item1\">\r\n                        <div class = \"td-border\"><\/div>\r\n                    <\/div>\r\n                    <div class = \"td-button td-item2\">\r\n                        <div class = \"td-border\"><\/div>\r\n                    <\/div>\r\n                    <div class = \"td-button td-item3\">\r\n                        <div class = \"td-border\"><\/div>\r\n                    <\/div>\r\n                    <div class = \"td-button td-item4\">\r\n                        <div class = \"td-border\"><\/div>\r\n                    <\/div>\r\n                    <div class = \"td-button td-item5\">\r\n                        <div class = \"td-border\"><\/div>\r\n                    <\/div>\r\n                    <div class = \"td-button td-item6\">\r\n                        <div class = \"td-border\"><\/div>\r\n                    <\/div>\r\n                    <div class = \"td-button td-item7\">\r\n                        <div class = \"td-border\"><\/div>\r\n                    <\/div>\r\n                            <\/div>\r\n                        <\/div>\r\n\r\n                    <\/div>\r\n\r\n                <\/div>\r\n                \n<p>&nbsp;<\/p>\n","protected":false},"excerpt":{"rendered":"<p>Depuis le 2 mars 2026, une \u00e9quipe de l\u2019UQAC compos\u00e9e de la professeure Marie Fall (D\u00e9partement des sciences humaines et sociales), du professeur Jean\u2011Fran\u00e7ois Boucher (D\u00e9partement des sciences fondamentales), de l\u2019\u00e9tudiant Rafael Forteza (ma\u00eetrise sur mesure en biologie\u2011\u00e9cologie) et de l\u2019\u00e9tudiante Nd\u00e8ye Marie Cissokho (ma\u00eetrise en \u00e9tudes et interventions r\u00e9gionales), d\u00e9j\u00e0 sur place depuis le [&hellip;]<\/p>\n","protected":false},"author":5,"featured_media":53874,"comment_status":"closed","ping_status":"open","sticky":false,"template":"","format":"standard","meta":{"footnotes":""},"categories":[2795,2],"tags":[2814,3,22],"yoast_head":"<!-- This site is optimized with the Yoast SEO plugin v24.2 - https:\/\/yoast.com\/wordpress\/plugins\/seo\/ -->\r\n<title>\u00c0 la rencontre des femmes de l&#039;AMP UKB: un 8 mars marquant dans le cadre la mission de l\u2019UQAC en Basse-Casamance - UQACtualit\u00e9s<\/title>\r\n<meta name=\"robots\" content=\"index, follow, max-snippet:-1, max-image-preview:large, max-video-preview:-1\" \/>\r\n<link rel=\"canonical\" href=\"https:\/\/www.uqac.ca\/uqactualites\/2026\/03\/09\/a-la-rencontre-des-femmes-de-amp-ukb-un-8-mars-marquant-dans-le-cadre-la-mission-de-luqac-en-basse-casamance\/\" \/>\r\n<meta property=\"og:locale\" content=\"fr_CA\" \/>\r\n<meta property=\"og:type\" content=\"article\" \/>\r\n<meta property=\"og:title\" content=\"\u00c0 la rencontre des femmes de l&#039;AMP UKB: un 8 mars marquant dans le cadre la mission de l\u2019UQAC en Basse-Casamance - UQACtualit\u00e9s\" \/>\r\n<meta property=\"og:description\" content=\"Depuis le 2 mars 2026, une \u00e9quipe de l\u2019UQAC compos\u00e9e de la professeure Marie Fall (D\u00e9partement des sciences humaines et sociales), du professeur Jean\u2011Fran\u00e7ois Boucher (D\u00e9partement des sciences fondamentales), de l\u2019\u00e9tudiant Rafael Forteza (ma\u00eetrise sur mesure en biologie\u2011\u00e9cologie) et de l\u2019\u00e9tudiante Nd\u00e8ye Marie Cissokho (ma\u00eetrise en \u00e9tudes et interventions r\u00e9gionales), d\u00e9j\u00e0 sur place depuis le [&hellip;]\" \/>\r\n<meta property=\"og:url\" content=\"https:\/\/www.uqac.ca\/uqactualites\/2026\/03\/09\/a-la-rencontre-des-femmes-de-amp-ukb-un-8-mars-marquant-dans-le-cadre-la-mission-de-luqac-en-basse-casamance\/\" \/>\r\n<meta property=\"og:site_name\" content=\"UQACtualit\u00e9s\" \/>\r\n<meta property=\"article:published_time\" content=\"2026-03-09T12:43:05+00:00\" \/>\r\n<meta property=\"article:modified_time\" content=\"2026-03-09T12:45:06+00:00\" \/>\r\n<meta property=\"og:image\" content=\"https:\/\/www.uqac.ca\/uqactualites\/wp-content\/uploads\/2026\/03\/A-la-une-UQACtualite-3-1024x576.png\" \/>\r\n\t<meta property=\"og:image:width\" content=\"1024\" \/>\r\n\t<meta property=\"og:image:height\" content=\"576\" \/>\r\n\t<meta property=\"og:image:type\" content=\"image\/png\" \/>\r\n<meta name=\"author\" content=\"Service des communications et des relations publiques\" \/>\r\n<meta name=\"twitter:card\" content=\"summary_large_image\" \/>\r\n<meta name=\"twitter:label1\" content=\"\u00c9crit par\" \/>\n\t<meta name=\"twitter:data1\" content=\"Service des communications et des relations publiques\" \/>\n\t<meta name=\"twitter:label2\" content=\"Estimation du temps de lecture\" \/>\n\t<meta name=\"twitter:data2\" content=\"3 minutes\" \/>\r\n<script type=\"application\/ld+json\" class=\"yoast-schema-graph\">{\"@context\":\"https:\/\/schema.org\",\"@graph\":[{\"@type\":\"WebPage\",\"@id\":\"https:\/\/www.uqac.ca\/uqactualites\/2026\/03\/09\/a-la-rencontre-des-femmes-de-amp-ukb-un-8-mars-marquant-dans-le-cadre-la-mission-de-luqac-en-basse-casamance\/\",\"url\":\"https:\/\/www.uqac.ca\/uqactualites\/2026\/03\/09\/a-la-rencontre-des-femmes-de-amp-ukb-un-8-mars-marquant-dans-le-cadre-la-mission-de-luqac-en-basse-casamance\/\",\"name\":\"\u00c0 la rencontre des femmes de l'AMP UKB: un 8 mars marquant dans le cadre la mission de l\u2019UQAC en Basse-Casamance - UQACtualit\u00e9s\",\"isPartOf\":{\"@id\":\"https:\/\/www.uqac.ca\/uqactualites\/#website\"},\"primaryImageOfPage\":{\"@id\":\"https:\/\/www.uqac.ca\/uqactualites\/2026\/03\/09\/a-la-rencontre-des-femmes-de-amp-ukb-un-8-mars-marquant-dans-le-cadre-la-mission-de-luqac-en-basse-casamance\/#primaryimage\"},\"image\":{\"@id\":\"https:\/\/www.uqac.ca\/uqactualites\/2026\/03\/09\/a-la-rencontre-des-femmes-de-amp-ukb-un-8-mars-marquant-dans-le-cadre-la-mission-de-luqac-en-basse-casamance\/#primaryimage\"},\"thumbnailUrl\":\"https:\/\/www.uqac.ca\/uqactualites\/wp-content\/uploads\/2026\/03\/A-la-une-UQACtualite-4.png\",\"datePublished\":\"2026-03-09T12:43:05+00:00\",\"dateModified\":\"2026-03-09T12:45:06+00:00\",\"author\":{\"@id\":\"https:\/\/www.uqac.ca\/uqactualites\/#\/schema\/person\/366c45a0c4f0e677b41b4af5886e2018\"},\"breadcrumb\":{\"@id\":\"https:\/\/www.uqac.ca\/uqactualites\/2026\/03\/09\/a-la-rencontre-des-femmes-de-amp-ukb-un-8-mars-marquant-dans-le-cadre-la-mission-de-luqac-en-basse-casamance\/#breadcrumb\"},\"inLanguage\":\"fr-CA\",\"potentialAction\":[{\"@type\":\"ReadAction\",\"target\":[\"https:\/\/www.uqac.ca\/uqactualites\/2026\/03\/09\/a-la-rencontre-des-femmes-de-amp-ukb-un-8-mars-marquant-dans-le-cadre-la-mission-de-luqac-en-basse-casamance\/\"]}]},{\"@type\":\"ImageObject\",\"inLanguage\":\"fr-CA\",\"@id\":\"https:\/\/www.uqac.ca\/uqactualites\/2026\/03\/09\/a-la-rencontre-des-femmes-de-amp-ukb-un-8-mars-marquant-dans-le-cadre-la-mission-de-luqac-en-basse-casamance\/#primaryimage\",\"url\":\"https:\/\/www.uqac.ca\/uqactualites\/wp-content\/uploads\/2026\/03\/A-la-une-UQACtualite-4.png\",\"contentUrl\":\"https:\/\/www.uqac.ca\/uqactualites\/wp-content\/uploads\/2026\/03\/A-la-une-UQACtualite-4.png\",\"width\":1920,\"height\":1080,\"caption\":\"Partenaires scientifiques r\u00e9unis \u00e0 l\u2019Universit\u00e9 Assane Seck de Ziguinchor\"},{\"@type\":\"BreadcrumbList\",\"@id\":\"https:\/\/www.uqac.ca\/uqactualites\/2026\/03\/09\/a-la-rencontre-des-femmes-de-amp-ukb-un-8-mars-marquant-dans-le-cadre-la-mission-de-luqac-en-basse-casamance\/#breadcrumb\",\"itemListElement\":[{\"@type\":\"ListItem\",\"position\":1,\"name\":\"Home\",\"item\":\"https:\/\/www.uqac.ca\/uqactualites\/\"},{\"@type\":\"ListItem\",\"position\":2,\"name\":\"\u00c0 la rencontre des femmes de l&rsquo;AMP UKB: un 8 mars marquant dans le cadre la mission de l\u2019UQAC en Basse-Casamance\"}]},{\"@type\":\"WebSite\",\"@id\":\"https:\/\/www.uqac.ca\/uqactualites\/#website\",\"url\":\"https:\/\/www.uqac.ca\/uqactualites\/\",\"name\":\"UQACtualit\u00e9s\",\"description\":\"Le portail des nouvelles de l&#039;UQAC\",\"potentialAction\":[{\"@type\":\"SearchAction\",\"target\":{\"@type\":\"EntryPoint\",\"urlTemplate\":\"https:\/\/www.uqac.ca\/uqactualites\/?s={search_term_string}\"},\"query-input\":{\"@type\":\"PropertyValueSpecification\",\"valueRequired\":true,\"valueName\":\"search_term_string\"}}],\"inLanguage\":\"fr-CA\"},{\"@type\":\"Person\",\"@id\":\"https:\/\/www.uqac.ca\/uqactualites\/#\/schema\/person\/366c45a0c4f0e677b41b4af5886e2018\",\"name\":\"Service des communications et des relations publiques\",\"image\":{\"@type\":\"ImageObject\",\"inLanguage\":\"fr-CA\",\"@id\":\"https:\/\/www.uqac.ca\/uqactualites\/#\/schema\/person\/image\/\",\"url\":\"https:\/\/secure.gravatar.com\/avatar\/20fbbda8a292f59f2d3461a5b999c00b?s=96&d=mm&r=g\",\"contentUrl\":\"https:\/\/secure.gravatar.com\/avatar\/20fbbda8a292f59f2d3461a5b999c00b?s=96&d=mm&r=g\",\"caption\":\"Service des communications et des relations publiques\"},\"url\":\"https:\/\/www.uqac.ca\/uqactualites\/author\/bap\/\"}]}<\/script>\r\n<!-- \/ Yoast SEO plugin. -->","yoast_head_json":{"title":"\u00c0 la rencontre des femmes de l'AMP UKB: un 8 mars marquant dans le cadre la mission de l\u2019UQAC en Basse-Casamance - UQACtualit\u00e9s","robots":{"index":"index","follow":"follow","max-snippet":"max-snippet:-1","max-image-preview":"max-image-preview:large","max-video-preview":"max-video-preview:-1"},"canonical":"https:\/\/www.uqac.ca\/uqactualites\/2026\/03\/09\/a-la-rencontre-des-femmes-de-amp-ukb-un-8-mars-marquant-dans-le-cadre-la-mission-de-luqac-en-basse-casamance\/","og_locale":"fr_CA","og_type":"article","og_title":"\u00c0 la rencontre des femmes de l'AMP UKB: un 8 mars marquant dans le cadre la mission de l\u2019UQAC en Basse-Casamance - UQACtualit\u00e9s","og_description":"Depuis le 2 mars 2026, une \u00e9quipe de l\u2019UQAC compos\u00e9e de la professeure Marie Fall (D\u00e9partement des sciences humaines et sociales), du professeur Jean\u2011Fran\u00e7ois Boucher (D\u00e9partement des sciences fondamentales), de l\u2019\u00e9tudiant Rafael Forteza (ma\u00eetrise sur mesure en biologie\u2011\u00e9cologie) et de l\u2019\u00e9tudiante Nd\u00e8ye Marie Cissokho (ma\u00eetrise en \u00e9tudes et interventions r\u00e9gionales), d\u00e9j\u00e0 sur place depuis le [&hellip;]","og_url":"https:\/\/www.uqac.ca\/uqactualites\/2026\/03\/09\/a-la-rencontre-des-femmes-de-amp-ukb-un-8-mars-marquant-dans-le-cadre-la-mission-de-luqac-en-basse-casamance\/","og_site_name":"UQACtualit\u00e9s","article_published_time":"2026-03-09T12:43:05+00:00","article_modified_time":"2026-03-09T12:45:06+00:00","og_image":[{"width":1024,"height":576,"url":"https:\/\/www.uqac.ca\/uqactualites\/wp-content\/uploads\/2026\/03\/A-la-une-UQACtualite-3-1024x576.png","type":"image\/png"}],"author":"Service des communications et des relations publiques","twitter_card":"summary_large_image","twitter_misc":{"\u00c9crit par":"Service des communications et des relations publiques","Estimation du temps de lecture":"3 minutes"},"schema":{"@context":"https:\/\/schema.org","@graph":[{"@type":"WebPage","@id":"https:\/\/www.uqac.ca\/uqactualites\/2026\/03\/09\/a-la-rencontre-des-femmes-de-amp-ukb-un-8-mars-marquant-dans-le-cadre-la-mission-de-luqac-en-basse-casamance\/","url":"https:\/\/www.uqac.ca\/uqactualites\/2026\/03\/09\/a-la-rencontre-des-femmes-de-amp-ukb-un-8-mars-marquant-dans-le-cadre-la-mission-de-luqac-en-basse-casamance\/","name":"\u00c0 la rencontre des femmes de l'AMP UKB: un 8 mars marquant dans le cadre la mission de l\u2019UQAC en Basse-Casamance - UQACtualit\u00e9s","isPartOf":{"@id":"https:\/\/www.uqac.ca\/uqactualites\/#website"},"primaryImageOfPage":{"@id":"https:\/\/www.uqac.ca\/uqactualites\/2026\/03\/09\/a-la-rencontre-des-femmes-de-amp-ukb-un-8-mars-marquant-dans-le-cadre-la-mission-de-luqac-en-basse-casamance\/#primaryimage"},"image":{"@id":"https:\/\/www.uqac.ca\/uqactualites\/2026\/03\/09\/a-la-rencontre-des-femmes-de-amp-ukb-un-8-mars-marquant-dans-le-cadre-la-mission-de-luqac-en-basse-casamance\/#primaryimage"},"thumbnailUrl":"https:\/\/www.uqac.ca\/uqactualites\/wp-content\/uploads\/2026\/03\/A-la-une-UQACtualite-4.png","datePublished":"2026-03-09T12:43:05+00:00","dateModified":"2026-03-09T12:45:06+00:00","author":{"@id":"https:\/\/www.uqac.ca\/uqactualites\/#\/schema\/person\/366c45a0c4f0e677b41b4af5886e2018"},"breadcrumb":{"@id":"https:\/\/www.uqac.ca\/uqactualites\/2026\/03\/09\/a-la-rencontre-des-femmes-de-amp-ukb-un-8-mars-marquant-dans-le-cadre-la-mission-de-luqac-en-basse-casamance\/#breadcrumb"},"inLanguage":"fr-CA","potentialAction":[{"@type":"ReadAction","target":["https:\/\/www.uqac.ca\/uqactualites\/2026\/03\/09\/a-la-rencontre-des-femmes-de-amp-ukb-un-8-mars-marquant-dans-le-cadre-la-mission-de-luqac-en-basse-casamance\/"]}]},{"@type":"ImageObject","inLanguage":"fr-CA","@id":"https:\/\/www.uqac.ca\/uqactualites\/2026\/03\/09\/a-la-rencontre-des-femmes-de-amp-ukb-un-8-mars-marquant-dans-le-cadre-la-mission-de-luqac-en-basse-casamance\/#primaryimage","url":"https:\/\/www.uqac.ca\/uqactualites\/wp-content\/uploads\/2026\/03\/A-la-une-UQACtualite-4.png","contentUrl":"https:\/\/www.uqac.ca\/uqactualites\/wp-content\/uploads\/2026\/03\/A-la-une-UQACtualite-4.png","width":1920,"height":1080,"caption":"Partenaires scientifiques r\u00e9unis \u00e0 l\u2019Universit\u00e9 Assane Seck de Ziguinchor"},{"@type":"BreadcrumbList","@id":"https:\/\/www.uqac.ca\/uqactualites\/2026\/03\/09\/a-la-rencontre-des-femmes-de-amp-ukb-un-8-mars-marquant-dans-le-cadre-la-mission-de-luqac-en-basse-casamance\/#breadcrumb","itemListElement":[{"@type":"ListItem","position":1,"name":"Home","item":"https:\/\/www.uqac.ca\/uqactualites\/"},{"@type":"ListItem","position":2,"name":"\u00c0 la rencontre des femmes de l&rsquo;AMP UKB: un 8 mars marquant dans le cadre la mission de l\u2019UQAC en Basse-Casamance"}]},{"@type":"WebSite","@id":"https:\/\/www.uqac.ca\/uqactualites\/#website","url":"https:\/\/www.uqac.ca\/uqactualites\/","name":"UQACtualit\u00e9s","description":"Le portail des nouvelles de l&#039;UQAC","potentialAction":[{"@type":"SearchAction","target":{"@type":"EntryPoint","urlTemplate":"https:\/\/www.uqac.ca\/uqactualites\/?s={search_term_string}"},"query-input":{"@type":"PropertyValueSpecification","valueRequired":true,"valueName":"search_term_string"}}],"inLanguage":"fr-CA"},{"@type":"Person","@id":"https:\/\/www.uqac.ca\/uqactualites\/#\/schema\/person\/366c45a0c4f0e677b41b4af5886e2018","name":"Service des communications et des relations publiques","image":{"@type":"ImageObject","inLanguage":"fr-CA","@id":"https:\/\/www.uqac.ca\/uqactualites\/#\/schema\/person\/image\/","url":"https:\/\/secure.gravatar.com\/avatar\/20fbbda8a292f59f2d3461a5b999c00b?s=96&d=mm&r=g","contentUrl":"https:\/\/secure.gravatar.com\/avatar\/20fbbda8a292f59f2d3461a5b999c00b?s=96&d=mm&r=g","caption":"Service des communications et des relations publiques"},"url":"https:\/\/www.uqac.ca\/uqactualites\/author\/bap\/"}]}},"_links":{"self":[{"href":"https:\/\/www.uqac.ca\/uqactualites\/wp-json\/wp\/v2\/posts\/53868"}],"collection":[{"href":"https:\/\/www.uqac.ca\/uqactualites\/wp-json\/wp\/v2\/posts"}],"about":[{"href":"https:\/\/www.uqac.ca\/uqactualites\/wp-json\/wp\/v2\/types\/post"}],"author":[{"embeddable":true,"href":"https:\/\/www.uqac.ca\/uqactualites\/wp-json\/wp\/v2\/users\/5"}],"replies":[{"embeddable":true,"href":"https:\/\/www.uqac.ca\/uqactualites\/wp-json\/wp\/v2\/comments?post=53868"}],"version-history":[{"count":5,"href":"https:\/\/www.uqac.ca\/uqactualites\/wp-json\/wp\/v2\/posts\/53868\/revisions"}],"predecessor-version":[{"id":53883,"href":"https:\/\/www.uqac.ca\/uqactualites\/wp-json\/wp\/v2\/posts\/53868\/revisions\/53883"}],"wp:featuredmedia":[{"embeddable":true,"href":"https:\/\/www.uqac.ca\/uqactualites\/wp-json\/wp\/v2\/media\/53874"}],"wp:attachment":[{"href":"https:\/\/www.uqac.ca\/uqactualites\/wp-json\/wp\/v2\/media?parent=53868"}],"wp:term":[{"taxonomy":"category","embeddable":true,"href":"https:\/\/www.uqac.ca\/uqactualites\/wp-json\/wp\/v2\/categories?post=53868"},{"taxonomy":"post_tag","embeddable":true,"href":"https:\/\/www.uqac.ca\/uqactualites\/wp-json\/wp\/v2\/tags?post=53868"}],"curies":[{"name":"wp","href":"https:\/\/api.w.org\/{rel}","templated":true}]}}