{"id":53929,"date":"2026-03-17T14:18:49","date_gmt":"2026-03-17T18:18:49","guid":{"rendered":"https:\/\/www.uqac.ca\/uqactualites\/?p=53929"},"modified":"2026-03-20T18:30:53","modified_gmt":"2026-03-20T22:30:53","slug":"evans-fillion-la-formation-au-rythme-de-la-carriere","status":"publish","type":"post","link":"https:\/\/www.uqac.ca\/uqactualites\/2026\/03\/17\/evans-fillion-la-formation-au-rythme-de-la-carriere\/","title":{"rendered":"Evans Fillion : la formation au rythme de la carri\u00e8re"},"content":{"rendered":"<p>Gestionnaire qualifi\u00e9, Evans Fillion croit fermement que les universit\u00e9s gagnent \u00e0 offrir plus d\u2019ouverture aux professionnels pour leur permettre de retourner aux \u00e9tudes tout en travaillant. \u00c0 l\u2019UQAC, la flexibilit\u00e9 dont a b\u00e9n\u00e9fici\u00e9 Evans Fillion tout au long de sa formation lui a permis de forger son expertise en r\u00e9gion, sans jamais rel\u00e9guer son emploi au second plan. Le dipl\u00f4me de <a href=\"https:\/\/www.uqac.ca\/programme\/3755-maitrise-en-gestion-des-organisations\/\">ma\u00eetrise en gestion des organisations<\/a> qu\u2019a obtenu Evans Fillion en 2021 se trouve dans son bureau chez <a href=\"https:\/\/www.nutrinor.com\/\">Nutrinor<\/a>, o\u00f9 il occupe le poste de chef de la direction.<\/p>\n<h5>De l\u2019ambition et bien des exp\u00e9riences<\/h5>\n<p>Si Evans Fillion n\u2019a pas commenc\u00e9 par une trajectoire tr\u00e8s lin\u00e9aire, il a aujourd\u2019hui un CV impressionnant! \u00c0 l\u2019aube de l\u2019\u00e2ge adulte, il part pour Montr\u00e9al, port\u00e9 par l\u2019envie d\u2019explorer et de se mesurer au monde. Il entreprend d\u2019abord un baccalaur\u00e9at \u00e0 HEC Montr\u00e9al, mais son parcours prend un d\u00e9tour. Il met ses \u00e9tudes sur pause pour partir travailler en Asie, o\u00f9 il perfectionne son anglais et acquiert une exp\u00e9rience de vie marquante, avant de revenir compl\u00e9ter sa formation.<\/p>\n<p>\u00c0 Montr\u00e9al, Evans Fillion d\u00e9croche un premier poste chez Xerox, o\u00f9 il d\u00e9couvre les rouages d\u2019une organisation et d\u00e9veloppe les bases de l\u2019administration. Deux ans plus tard, il d\u00e9sire se rapprocher de sa famille au Saguenay. Polyvalent, il pose des cl\u00f4tures chez Cl\u00f4turex en \u00e9t\u00e9 et optimise les entrep\u00f4ts en hiver. Une opportunit\u00e9 au CIUSSS du Saguenay\u2013Lac-Saint-Jean l\u2019am\u00e8ne ensuite \u00e0 remplacer un gestionnaire \u00e0 la buanderie de Chicoutimi, o\u00f9 il d\u00e9couvre la gestion des op\u00e9rations dans un h\u00f4pital. Mais la r\u00e9forme du r\u00e9seau entra\u00eene des coupures et il quitte pour Desjardins afin d\u2019explorer la gestion coop\u00e9rative. Son ancien patron du CIUSSS le rappelle d\u00e8s qu\u2019une nouvelle occasion se pr\u00e9sente: Evans Fillion y reste quatre ans, prenant progressivement la responsabilit\u00e9 de gestionnaire dans des domaines techniques.<\/p>\n<p>C\u2019est durant cette p\u00e9riode qu\u2019il entreprend une ma\u00eetrise, en 2016. Pour lui, la formation n\u2019est pas qu\u2019un bout de papier. \u00abPour acc\u00e9der \u00e0 des postes o\u00f9 \u00e7a prend une bonne t\u00eate, \u00e7a prend certaines comp\u00e9tences, il fallait que j\u2019en apprenne plus\u00bb, explique-t-il. La ma\u00eetrise est donc l\u2019occasion d\u2019\u00e9largir ses perspectives et d\u2019acqu\u00e9rir les connaissances dont il avait besoin pour assumer des responsabilit\u00e9s plus strat\u00e9giques.<\/p>\n<p>Evans Fillion souhaite s&rsquo;orienter vers un environnement favorisant l&rsquo;authenticit\u00e9 et l&rsquo;int\u00e9grit\u00e9 d\u00e9cisionnelle. Une rencontre le m\u00e8ne vers Nutrinor, o\u00f9 il saisit l\u2019occasion de devenir directeur principal de Propane MM. Sept ans plus tard, Evans Fillion y exerce toujours son leadership. Il a depuis gravi les \u00e9chelons: vice-pr\u00e9sident \u00e9nergie, vice-pr\u00e9sident principal \u00e9nergie et commerce de d\u00e9tail, et enfin chef de la direction \u00e0 partir d\u2019ao\u00fbt 2025. Evans Fillion partage les m\u00eames valeurs que sa coop\u00e9rative: un ancrage au Saguenay\u2013Lac-Saint-Jean et une vision centr\u00e9e sur l\u2019humain.<\/p>\n<h5>Une formation pens\u00e9e pour la r\u00e9alit\u00e9 des professionnels<\/h5>\n<p>Evans Fillion suivait le volet professionnel de la ma\u00eetrise en gestion des organisations, un programme con\u00e7u pour former des dirigeants, des conseillers et des consultants polyvalents dans des contextes organisationnels en transformation. C\u2019\u00e9tait un choix naturel pour quelqu\u2019un comme lui, qui \u00e9tait d\u00e9j\u00e0 bien engag\u00e9 sur le march\u00e9 du travail. C\u2019est pour cette raison qu\u2019il appr\u00e9cie la formule de cours en soir\u00e9e ou la fin de semaine, m\u00eame s\u2019il admet que ce ne sont pas les moments les plus motivants. La ma\u00eetrise exigeait une discipline nouvelle: une structure de vie solide, une capacit\u00e9 \u00e0 \u00e9tudier en dehors des heures traditionnelles, et une rigueur constante. Evans Fillion se d\u00e9crit d\u2019ailleurs comme quelqu\u2019un qui, \u00e0 l\u2019\u00e9poque, n\u2019\u00e9tait \u00abpas capable de s\u2019asseoir le soir pour travailler\u00bb. Cette habitude a d\u00fb changer! Cette formation a \u00e9t\u00e9 un v\u00e9ritable entra\u00eenement \u00e0 la rigueur, selon un horaire atypique. \u00abJe savais que plus tard, j&rsquo;allais avoir \u00e0 travailler le soir, les matins, etc. Puis la ma\u00eetrise, \u00e7a amenait \u00e0 \u00eatre capable de r\u00e9fl\u00e9chir en dehors des heures [de travail traditionnelles], \u00e0 te structurer, \u00e0 comment j&rsquo;arrive \u00e0 avoir un dipl\u00f4me en travaillant. Et pour moi, \u00e7a m&rsquo;amenait une structure de vie [\u2026] \u00c0 moi, \u00e7a m&rsquo;amenait une rigueur, il fallait que je sois rigoureux, il faut que je sois planifi\u00e9 pour r\u00e9ussir, sinon je ne r\u00e9ussissais pas\u00bb, explique-t-il.<\/p>\n<p>\u00catre une universit\u00e9 de r\u00e9gion n\u2019emp\u00eache en rien l\u2019UQAC d\u2019offrir un enseignement de qualit\u00e9. Pour Evans Fillion, l\u2019essentiel r\u00e9side dans la communaut\u00e9 qu\u2019on y trouve: la possibilit\u00e9 de discuter et de se confronter aux id\u00e9es des autres. R\u00e9sidant \u00e0 Saint\u2011F\u00e9licien, Evans Fillion a appr\u00e9ci\u00e9 faire partie de la cohorte du Lac\u2011Saint\u2011Jean. La ma\u00eetrise y \u00e9tait d\u00e9localis\u00e9e, ce qui lui a permis de suivre presque l\u2019ensemble de sa formation tout en demeurant chez lui. Sur tout son parcours, seuls deux cours l\u2019ont amen\u00e9 \u00e0 se d\u00e9placer \u00e0 Chicoutimi! Il a sinc\u00e8rement appr\u00e9ci\u00e9 la flexibilit\u00e9 du programme, qui tenait compte de sa r\u00e9alit\u00e9 de travailleur et de p\u00e8re de famille. \u00abJ&rsquo;\u00e9tais bien fier de voir qu\u2019on \u00e9tait capable de faire \u00e7a m\u00eame \u00e0 Saint\u2011F\u00e9licien. Je suis encore m\u00eame plus loin, je ne suis m\u00eame pas \u00e0 Chicoutimi. J&rsquo;ai trouv\u00e9 \u00e7a l\u2019<em>fun<\/em> de voir que c&rsquo;\u00e9tait accessible. Quand j&rsquo;avais des probl\u00e8mes, j&rsquo;ai toujours eu de l&rsquo;\u00e9coute des professeurs, le programme a toujours \u00e9t\u00e9 flexible pour les travailleurs. Je travaillais, j&rsquo;avais des enfants [\u2026] Pour moi, \u00e7a vaut de l&rsquo;or parce que c&rsquo;\u00e9tait mon travail en premier, j&rsquo;avais besoin de travailler pour faire vivre mon monde\u00bb, d\u00e9clare-t-il avec reconnaissance.<\/p>\n<p>Evans Fillion mesure pleinement l\u2019impact de la formation qu\u2019il a re\u00e7ue \u00e0 l\u2019UQAC. Dans une coop\u00e9rative o\u00f9 les secteurs d\u2019activit\u00e9 \u00e9voluent rapidement, il est essentiel de pouvoir compter sur des personnes form\u00e9es qui poss\u00e8dent une base solide de connaissances et qui savent mettre en pratique la rigueur acquise durant leurs \u00e9tudes. Dans ce contexte, le programme de ma\u00eetrise en gestion des organisations, qui n\u2019est d\u2019ailleurs pas contingent\u00e9, est tout d\u00e9sign\u00e9 pour outiller la rel\u00e8ve. Et surtout, il est crucial qu\u2019une telle formation demeure accessible en r\u00e9gion! Evans Fillion est une preuve qu\u2019il est possible d\u2019\u00e9tudier \u00e0 son rythme, ce qui peut certainement inspirer d\u2019autres travailleurs \u00e0 faire comme lui: s\u2019inscrire \u00e0 l\u2019UQAC!<\/p>\n","protected":false},"excerpt":{"rendered":"<p>Gestionnaire qualifi\u00e9, Evans Fillion croit fermement que les universit\u00e9s gagnent \u00e0 offrir plus d\u2019ouverture aux professionnels pour leur permettre de retourner aux \u00e9tudes tout en travaillant. \u00c0 l\u2019UQAC, la flexibilit\u00e9 dont a b\u00e9n\u00e9fici\u00e9 Evans Fillion tout au long de sa formation lui a permis de forger son expertise en r\u00e9gion, sans jamais rel\u00e9guer son emploi [&hellip;]<\/p>\n","protected":false},"author":5,"featured_media":53931,"comment_status":"closed","ping_status":"open","sticky":false,"template":"","format":"standard","meta":{"footnotes":""},"categories":[2847],"tags":[2704,465,8],"yoast_head":"<!-- This site is optimized with the Yoast SEO plugin v24.2 - https:\/\/yoast.com\/wordpress\/plugins\/seo\/ -->\r\n<title>Evans Fillion : la formation au rythme de la carri\u00e8re - UQACtualit\u00e9s<\/title>\r\n<meta name=\"robots\" content=\"index, follow, max-snippet:-1, max-image-preview:large, max-video-preview:-1\" \/>\r\n<link rel=\"canonical\" href=\"https:\/\/www.uqac.ca\/uqactualites\/2026\/03\/17\/evans-fillion-la-formation-au-rythme-de-la-carriere\/\" \/>\r\n<meta property=\"og:locale\" content=\"fr_CA\" \/>\r\n<meta property=\"og:type\" content=\"article\" \/>\r\n<meta property=\"og:title\" content=\"Evans Fillion : la formation au rythme de la carri\u00e8re - UQACtualit\u00e9s\" \/>\r\n<meta property=\"og:description\" content=\"Gestionnaire qualifi\u00e9, Evans Fillion croit fermement que les universit\u00e9s gagnent \u00e0 offrir plus d\u2019ouverture aux professionnels pour leur permettre de retourner aux \u00e9tudes tout en travaillant. \u00c0 l\u2019UQAC, la flexibilit\u00e9 dont a b\u00e9n\u00e9fici\u00e9 Evans Fillion tout au long de sa formation lui a permis de forger son expertise en r\u00e9gion, sans jamais rel\u00e9guer son emploi [&hellip;]\" \/>\r\n<meta property=\"og:url\" content=\"https:\/\/www.uqac.ca\/uqactualites\/2026\/03\/17\/evans-fillion-la-formation-au-rythme-de-la-carriere\/\" \/>\r\n<meta property=\"og:site_name\" content=\"UQACtualit\u00e9s\" \/>\r\n<meta property=\"article:published_time\" content=\"2026-03-17T18:18:49+00:00\" \/>\r\n<meta property=\"article:modified_time\" content=\"2026-03-20T22:30:53+00:00\" \/>\r\n<meta property=\"og:image\" content=\"https:\/\/www.uqac.ca\/uqactualites\/wp-content\/uploads\/2026\/03\/NUM_AmbassadeursH26_Uqctualite1920X1080-EvansFillion.jpg\" \/>\r\n\t<meta property=\"og:image:width\" content=\"1920\" \/>\r\n\t<meta property=\"og:image:height\" content=\"1080\" \/>\r\n\t<meta property=\"og:image:type\" content=\"image\/jpeg\" \/>\r\n<meta name=\"author\" content=\"Service des communications et des relations publiques\" \/>\r\n<meta name=\"twitter:card\" content=\"summary_large_image\" \/>\r\n<meta name=\"twitter:label1\" content=\"\u00c9crit par\" \/>\n\t<meta name=\"twitter:data1\" content=\"Service des communications et des relations publiques\" \/>\n\t<meta name=\"twitter:label2\" content=\"Estimation du temps de lecture\" \/>\n\t<meta name=\"twitter:data2\" content=\"6 minutes\" \/>\r\n<script type=\"application\/ld+json\" class=\"yoast-schema-graph\">{\"@context\":\"https:\/\/schema.org\",\"@graph\":[{\"@type\":\"WebPage\",\"@id\":\"https:\/\/www.uqac.ca\/uqactualites\/2026\/03\/17\/evans-fillion-la-formation-au-rythme-de-la-carriere\/\",\"url\":\"https:\/\/www.uqac.ca\/uqactualites\/2026\/03\/17\/evans-fillion-la-formation-au-rythme-de-la-carriere\/\",\"name\":\"Evans Fillion : la formation au rythme de la carri\u00e8re - UQACtualit\u00e9s\",\"isPartOf\":{\"@id\":\"https:\/\/www.uqac.ca\/uqactualites\/#website\"},\"primaryImageOfPage\":{\"@id\":\"https:\/\/www.uqac.ca\/uqactualites\/2026\/03\/17\/evans-fillion-la-formation-au-rythme-de-la-carriere\/#primaryimage\"},\"image\":{\"@id\":\"https:\/\/www.uqac.ca\/uqactualites\/2026\/03\/17\/evans-fillion-la-formation-au-rythme-de-la-carriere\/#primaryimage\"},\"thumbnailUrl\":\"https:\/\/www.uqac.ca\/uqactualites\/wp-content\/uploads\/2026\/03\/NUM_AmbassadeursH26_Uqctualite1920X1080-EvansFillion.jpg\",\"datePublished\":\"2026-03-17T18:18:49+00:00\",\"dateModified\":\"2026-03-20T22:30:53+00:00\",\"author\":{\"@id\":\"https:\/\/www.uqac.ca\/uqactualites\/#\/schema\/person\/366c45a0c4f0e677b41b4af5886e2018\"},\"breadcrumb\":{\"@id\":\"https:\/\/www.uqac.ca\/uqactualites\/2026\/03\/17\/evans-fillion-la-formation-au-rythme-de-la-carriere\/#breadcrumb\"},\"inLanguage\":\"fr-CA\",\"potentialAction\":[{\"@type\":\"ReadAction\",\"target\":[\"https:\/\/www.uqac.ca\/uqactualites\/2026\/03\/17\/evans-fillion-la-formation-au-rythme-de-la-carriere\/\"]}]},{\"@type\":\"ImageObject\",\"inLanguage\":\"fr-CA\",\"@id\":\"https:\/\/www.uqac.ca\/uqactualites\/2026\/03\/17\/evans-fillion-la-formation-au-rythme-de-la-carriere\/#primaryimage\",\"url\":\"https:\/\/www.uqac.ca\/uqactualites\/wp-content\/uploads\/2026\/03\/NUM_AmbassadeursH26_Uqctualite1920X1080-EvansFillion.jpg\",\"contentUrl\":\"https:\/\/www.uqac.ca\/uqactualites\/wp-content\/uploads\/2026\/03\/NUM_AmbassadeursH26_Uqctualite1920X1080-EvansFillion.jpg\",\"width\":1920,\"height\":1080},{\"@type\":\"BreadcrumbList\",\"@id\":\"https:\/\/www.uqac.ca\/uqactualites\/2026\/03\/17\/evans-fillion-la-formation-au-rythme-de-la-carriere\/#breadcrumb\",\"itemListElement\":[{\"@type\":\"ListItem\",\"position\":1,\"name\":\"Home\",\"item\":\"https:\/\/www.uqac.ca\/uqactualites\/\"},{\"@type\":\"ListItem\",\"position\":2,\"name\":\"Evans Fillion : la formation au rythme de la carri\u00e8re\"}]},{\"@type\":\"WebSite\",\"@id\":\"https:\/\/www.uqac.ca\/uqactualites\/#website\",\"url\":\"https:\/\/www.uqac.ca\/uqactualites\/\",\"name\":\"UQACtualit\u00e9s\",\"description\":\"Le portail des nouvelles de l&#039;UQAC\",\"potentialAction\":[{\"@type\":\"SearchAction\",\"target\":{\"@type\":\"EntryPoint\",\"urlTemplate\":\"https:\/\/www.uqac.ca\/uqactualites\/?s={search_term_string}\"},\"query-input\":{\"@type\":\"PropertyValueSpecification\",\"valueRequired\":true,\"valueName\":\"search_term_string\"}}],\"inLanguage\":\"fr-CA\"},{\"@type\":\"Person\",\"@id\":\"https:\/\/www.uqac.ca\/uqactualites\/#\/schema\/person\/366c45a0c4f0e677b41b4af5886e2018\",\"name\":\"Service des communications et des relations publiques\",\"image\":{\"@type\":\"ImageObject\",\"inLanguage\":\"fr-CA\",\"@id\":\"https:\/\/www.uqac.ca\/uqactualites\/#\/schema\/person\/image\/\",\"url\":\"https:\/\/secure.gravatar.com\/avatar\/20fbbda8a292f59f2d3461a5b999c00b?s=96&d=mm&r=g\",\"contentUrl\":\"https:\/\/secure.gravatar.com\/avatar\/20fbbda8a292f59f2d3461a5b999c00b?s=96&d=mm&r=g\",\"caption\":\"Service des communications et des relations publiques\"},\"url\":\"https:\/\/www.uqac.ca\/uqactualites\/author\/bap\/\"}]}<\/script>\r\n<!-- \/ Yoast SEO plugin. -->","yoast_head_json":{"title":"Evans Fillion : la formation au rythme de la carri\u00e8re - UQACtualit\u00e9s","robots":{"index":"index","follow":"follow","max-snippet":"max-snippet:-1","max-image-preview":"max-image-preview:large","max-video-preview":"max-video-preview:-1"},"canonical":"https:\/\/www.uqac.ca\/uqactualites\/2026\/03\/17\/evans-fillion-la-formation-au-rythme-de-la-carriere\/","og_locale":"fr_CA","og_type":"article","og_title":"Evans Fillion : la formation au rythme de la carri\u00e8re - UQACtualit\u00e9s","og_description":"Gestionnaire qualifi\u00e9, Evans Fillion croit fermement que les universit\u00e9s gagnent \u00e0 offrir plus d\u2019ouverture aux professionnels pour leur permettre de retourner aux \u00e9tudes tout en travaillant. \u00c0 l\u2019UQAC, la flexibilit\u00e9 dont a b\u00e9n\u00e9fici\u00e9 Evans Fillion tout au long de sa formation lui a permis de forger son expertise en r\u00e9gion, sans jamais rel\u00e9guer son emploi [&hellip;]","og_url":"https:\/\/www.uqac.ca\/uqactualites\/2026\/03\/17\/evans-fillion-la-formation-au-rythme-de-la-carriere\/","og_site_name":"UQACtualit\u00e9s","article_published_time":"2026-03-17T18:18:49+00:00","article_modified_time":"2026-03-20T22:30:53+00:00","og_image":[{"width":1920,"height":1080,"url":"https:\/\/www.uqac.ca\/uqactualites\/wp-content\/uploads\/2026\/03\/NUM_AmbassadeursH26_Uqctualite1920X1080-EvansFillion.jpg","type":"image\/jpeg"}],"author":"Service des communications et des relations publiques","twitter_card":"summary_large_image","twitter_misc":{"\u00c9crit par":"Service des communications et des relations publiques","Estimation du temps de lecture":"6 minutes"},"schema":{"@context":"https:\/\/schema.org","@graph":[{"@type":"WebPage","@id":"https:\/\/www.uqac.ca\/uqactualites\/2026\/03\/17\/evans-fillion-la-formation-au-rythme-de-la-carriere\/","url":"https:\/\/www.uqac.ca\/uqactualites\/2026\/03\/17\/evans-fillion-la-formation-au-rythme-de-la-carriere\/","name":"Evans Fillion : la formation au rythme de la carri\u00e8re - UQACtualit\u00e9s","isPartOf":{"@id":"https:\/\/www.uqac.ca\/uqactualites\/#website"},"primaryImageOfPage":{"@id":"https:\/\/www.uqac.ca\/uqactualites\/2026\/03\/17\/evans-fillion-la-formation-au-rythme-de-la-carriere\/#primaryimage"},"image":{"@id":"https:\/\/www.uqac.ca\/uqactualites\/2026\/03\/17\/evans-fillion-la-formation-au-rythme-de-la-carriere\/#primaryimage"},"thumbnailUrl":"https:\/\/www.uqac.ca\/uqactualites\/wp-content\/uploads\/2026\/03\/NUM_AmbassadeursH26_Uqctualite1920X1080-EvansFillion.jpg","datePublished":"2026-03-17T18:18:49+00:00","dateModified":"2026-03-20T22:30:53+00:00","author":{"@id":"https:\/\/www.uqac.ca\/uqactualites\/#\/schema\/person\/366c45a0c4f0e677b41b4af5886e2018"},"breadcrumb":{"@id":"https:\/\/www.uqac.ca\/uqactualites\/2026\/03\/17\/evans-fillion-la-formation-au-rythme-de-la-carriere\/#breadcrumb"},"inLanguage":"fr-CA","potentialAction":[{"@type":"ReadAction","target":["https:\/\/www.uqac.ca\/uqactualites\/2026\/03\/17\/evans-fillion-la-formation-au-rythme-de-la-carriere\/"]}]},{"@type":"ImageObject","inLanguage":"fr-CA","@id":"https:\/\/www.uqac.ca\/uqactualites\/2026\/03\/17\/evans-fillion-la-formation-au-rythme-de-la-carriere\/#primaryimage","url":"https:\/\/www.uqac.ca\/uqactualites\/wp-content\/uploads\/2026\/03\/NUM_AmbassadeursH26_Uqctualite1920X1080-EvansFillion.jpg","contentUrl":"https:\/\/www.uqac.ca\/uqactualites\/wp-content\/uploads\/2026\/03\/NUM_AmbassadeursH26_Uqctualite1920X1080-EvansFillion.jpg","width":1920,"height":1080},{"@type":"BreadcrumbList","@id":"https:\/\/www.uqac.ca\/uqactualites\/2026\/03\/17\/evans-fillion-la-formation-au-rythme-de-la-carriere\/#breadcrumb","itemListElement":[{"@type":"ListItem","position":1,"name":"Home","item":"https:\/\/www.uqac.ca\/uqactualites\/"},{"@type":"ListItem","position":2,"name":"Evans Fillion : la formation au rythme de la carri\u00e8re"}]},{"@type":"WebSite","@id":"https:\/\/www.uqac.ca\/uqactualites\/#website","url":"https:\/\/www.uqac.ca\/uqactualites\/","name":"UQACtualit\u00e9s","description":"Le portail des nouvelles de l&#039;UQAC","potentialAction":[{"@type":"SearchAction","target":{"@type":"EntryPoint","urlTemplate":"https:\/\/www.uqac.ca\/uqactualites\/?s={search_term_string}"},"query-input":{"@type":"PropertyValueSpecification","valueRequired":true,"valueName":"search_term_string"}}],"inLanguage":"fr-CA"},{"@type":"Person","@id":"https:\/\/www.uqac.ca\/uqactualites\/#\/schema\/person\/366c45a0c4f0e677b41b4af5886e2018","name":"Service des communications et des relations publiques","image":{"@type":"ImageObject","inLanguage":"fr-CA","@id":"https:\/\/www.uqac.ca\/uqactualites\/#\/schema\/person\/image\/","url":"https:\/\/secure.gravatar.com\/avatar\/20fbbda8a292f59f2d3461a5b999c00b?s=96&d=mm&r=g","contentUrl":"https:\/\/secure.gravatar.com\/avatar\/20fbbda8a292f59f2d3461a5b999c00b?s=96&d=mm&r=g","caption":"Service des communications et des relations publiques"},"url":"https:\/\/www.uqac.ca\/uqactualites\/author\/bap\/"}]}},"_links":{"self":[{"href":"https:\/\/www.uqac.ca\/uqactualites\/wp-json\/wp\/v2\/posts\/53929"}],"collection":[{"href":"https:\/\/www.uqac.ca\/uqactualites\/wp-json\/wp\/v2\/posts"}],"about":[{"href":"https:\/\/www.uqac.ca\/uqactualites\/wp-json\/wp\/v2\/types\/post"}],"author":[{"embeddable":true,"href":"https:\/\/www.uqac.ca\/uqactualites\/wp-json\/wp\/v2\/users\/5"}],"replies":[{"embeddable":true,"href":"https:\/\/www.uqac.ca\/uqactualites\/wp-json\/wp\/v2\/comments?post=53929"}],"version-history":[{"count":4,"href":"https:\/\/www.uqac.ca\/uqactualites\/wp-json\/wp\/v2\/posts\/53929\/revisions"}],"predecessor-version":[{"id":53960,"href":"https:\/\/www.uqac.ca\/uqactualites\/wp-json\/wp\/v2\/posts\/53929\/revisions\/53960"}],"wp:featuredmedia":[{"embeddable":true,"href":"https:\/\/www.uqac.ca\/uqactualites\/wp-json\/wp\/v2\/media\/53931"}],"wp:attachment":[{"href":"https:\/\/www.uqac.ca\/uqactualites\/wp-json\/wp\/v2\/media?parent=53929"}],"wp:term":[{"taxonomy":"category","embeddable":true,"href":"https:\/\/www.uqac.ca\/uqactualites\/wp-json\/wp\/v2\/categories?post=53929"},{"taxonomy":"post_tag","embeddable":true,"href":"https:\/\/www.uqac.ca\/uqactualites\/wp-json\/wp\/v2\/tags?post=53929"}],"curies":[{"name":"wp","href":"https:\/\/api.w.org\/{rel}","templated":true}]}}