{"id":54001,"date":"2026-03-25T11:28:12","date_gmt":"2026-03-25T15:28:12","guid":{"rendered":"https:\/\/www.uqac.ca\/uqactualites\/?p=54001"},"modified":"2026-03-25T11:38:40","modified_gmt":"2026-03-25T15:38:40","slug":"la-structure-fine-de-la-population-du-saguenay-lac-saint-jean-revelee-par-sa-genealogie-et-sa-genetique","status":"publish","type":"post","link":"https:\/\/www.uqac.ca\/uqactualites\/2026\/03\/25\/la-structure-fine-de-la-population-du-saguenay-lac-saint-jean-revelee-par-sa-genealogie-et-sa-genetique\/","title":{"rendered":"La structure fine de la population du Saguenay\u2013Lac-Saint-Jean r\u00e9v\u00e9l\u00e9e par sa g\u00e9n\u00e9alogie et sa g\u00e9n\u00e9tique"},"content":{"rendered":"<p>Le professeur <a href=\"https:\/\/genopop.ca\/simon-girard\/\" target=\"_blank\" rel=\"noopener\">Simon Girard<\/a> et son \u00e9quipe ont r\u00e9cemment publi\u00e9 dans la prestigieuse revue Nature Communications un article d\u00e9crivant, \u00e0 un niveau de d\u00e9tail jamais atteint auparavant, la population du Saguenay\u2013Lac-Saint-Jean, tant sur le plan g\u00e9n\u00e9tique que g\u00e9n\u00e9alogique.<\/p>\n<p><span style=\"font-weight: 400;\">Puisque le peuplement canadien-fran\u00e7ais au Saguenay\u2013Lac-St-Jean est tr\u00e8s r\u00e9cent (moins de deux cent ans), la population de cette r\u00e9gion est souvent r\u00e9put\u00e9e comme \u00e9tant \u00abhomog\u00e8ne\u00bb, notamment d\u00fb \u00e0 l\u2019important effet fondateur qui caract\u00e9rise la r\u00e9gion. Les travaux de l\u2019\u00e9quipe, qui s&rsquo;inscrivent dans le projet de <a href=\"https:\/\/www.uqac.ca\/programme\/2094-maitrise-en-sante-durable\/\" target=\"_blank\" rel=\"noopener\">ma\u00eetrise en sant\u00e9 durable<\/a> de l&rsquo;\u00e9tudiant Gilles-Philippe Morin, r\u00e9v\u00e8lent une structure fine de population \u00e0 l\u2019\u00e9chelle des villes et des villages! Ces diff\u00e9rences se sont form\u00e9es au fil de l\u2019histoire, notamment en raison des mouvements de population, des distances entre les villages et des dynamiques sociales et \u00e9conomiques. <\/span>L\u2019\u00e9tude sugg\u00e8re ainsi que chaque village poss\u00e8de sa propre signature g\u00e9n\u00e9tique et g\u00e9n\u00e9alogique! Cette signature pourrait avoir une influence dans la distribution des maladies rares qui affectent la r\u00e9gion. Finalement, l\u2019\u00e9tude sugg\u00e8re que des signatures similaires seraient pr\u00e9sentes dans d\u2019autres populations dans le monde alors qu\u2019elles sont pour le moment presque compl\u00e8tement ignor\u00e9es.<\/p>\n<p><span style=\"font-weight: 400;\">Cette \u00e9tude met \u00e9galement en lumi\u00e8re une collaboration pr\u00e9cieuse avec le professeur de l\u2019Institut national de la recherche scientifique (INRS) associ\u00e9 \u00e0 l&rsquo;UQAC <a href=\"https:\/\/inrs.ca\/la-recherche\/professeurs\/amadou-barry\/\" target=\"_blank\" rel=\"noopener\">Amadou Barry<\/a>, gr\u00e2ce \u00e0 l\u2019\u00e9tablissement de l\u2019<a href=\"https:\/\/recherche.uqac.ca\/unite-mixte-de-recherche-inrs-uqac\" target=\"_blank\" rel=\"noopener\">Unit\u00e9 mixte de recherche INRS-UQAC<\/a>. L\u2019expertise du professeur Barry en statistiques et en math\u00e9matiques a \u00e9t\u00e9 pr\u00e9cieuse pour la r\u00e9alisation de l\u2019\u00e9tude.\u00a0<\/span><\/p>\n<p><span style=\"font-weight: 400;\">L\u2019article est disponible en libre acc\u00e8s dans la revue <\/span><i><span style=\"font-weight: 400;\">Nature Communications<\/span><\/i><span style=\"font-weight: 400;\"> : <a href=\"https:\/\/www.nature.com\/articles\/s41467-026-70175-y\" target=\"_blank\" rel=\"noopener\">https:\/\/www.nature.com\/articles\/s41467-026-70175-y<\/a><\/span><\/p>\n","protected":false},"excerpt":{"rendered":"<p>Le professeur Simon Girard et son \u00e9quipe ont r\u00e9cemment publi\u00e9 dans la prestigieuse revue Nature Communications un article d\u00e9crivant, \u00e0 un niveau de d\u00e9tail jamais atteint auparavant, la population du Saguenay\u2013Lac-Saint-Jean, tant sur le plan g\u00e9n\u00e9tique que g\u00e9n\u00e9alogique. Puisque le peuplement canadien-fran\u00e7ais au Saguenay\u2013Lac-St-Jean est tr\u00e8s r\u00e9cent (moins de deux cent ans), la population de [&hellip;]<\/p>\n","protected":false},"author":5,"featured_media":54002,"comment_status":"closed","ping_status":"open","sticky":false,"template":"","format":"standard","meta":{"footnotes":""},"categories":[2795,2,4],"tags":[340,3,2997],"yoast_head":"<!-- This site is optimized with the Yoast SEO plugin v24.2 - https:\/\/yoast.com\/wordpress\/plugins\/seo\/ -->\r\n<title>La structure fine de la population du Saguenay\u2013Lac-Saint-Jean r\u00e9v\u00e9l\u00e9e par sa g\u00e9n\u00e9alogie et sa g\u00e9n\u00e9tique - UQACtualit\u00e9s<\/title>\r\n<meta name=\"robots\" content=\"index, follow, max-snippet:-1, max-image-preview:large, max-video-preview:-1\" \/>\r\n<link rel=\"canonical\" href=\"https:\/\/www.uqac.ca\/uqactualites\/2026\/03\/25\/la-structure-fine-de-la-population-du-saguenay-lac-saint-jean-revelee-par-sa-genealogie-et-sa-genetique\/\" \/>\r\n<meta property=\"og:locale\" content=\"fr_CA\" \/>\r\n<meta property=\"og:type\" content=\"article\" \/>\r\n<meta property=\"og:title\" content=\"La structure fine de la population du Saguenay\u2013Lac-Saint-Jean r\u00e9v\u00e9l\u00e9e par sa g\u00e9n\u00e9alogie et sa g\u00e9n\u00e9tique - UQACtualit\u00e9s\" \/>\r\n<meta property=\"og:description\" content=\"Le professeur Simon Girard et son \u00e9quipe ont r\u00e9cemment publi\u00e9 dans la prestigieuse revue Nature Communications un article d\u00e9crivant, \u00e0 un niveau de d\u00e9tail jamais atteint auparavant, la population du Saguenay\u2013Lac-Saint-Jean, tant sur le plan g\u00e9n\u00e9tique que g\u00e9n\u00e9alogique. Puisque le peuplement canadien-fran\u00e7ais au Saguenay\u2013Lac-St-Jean est tr\u00e8s r\u00e9cent (moins de deux cent ans), la population de [&hellip;]\" \/>\r\n<meta property=\"og:url\" content=\"https:\/\/www.uqac.ca\/uqactualites\/2026\/03\/25\/la-structure-fine-de-la-population-du-saguenay-lac-saint-jean-revelee-par-sa-genealogie-et-sa-genetique\/\" \/>\r\n<meta property=\"og:site_name\" content=\"UQACtualit\u00e9s\" \/>\r\n<meta property=\"article:published_time\" content=\"2026-03-25T15:28:12+00:00\" \/>\r\n<meta property=\"article:modified_time\" content=\"2026-03-25T15:38:40+00:00\" \/>\r\n<meta property=\"og:image\" content=\"https:\/\/www.uqac.ca\/uqactualites\/wp-content\/uploads\/2026\/03\/NUM_CRCGenetique_A23-Uqctualite1920x1080.jpg\" \/>\r\n\t<meta property=\"og:image:width\" content=\"1920\" \/>\r\n\t<meta property=\"og:image:height\" content=\"1080\" \/>\r\n\t<meta property=\"og:image:type\" content=\"image\/jpeg\" \/>\r\n<meta name=\"author\" content=\"Service des communications et des relations publiques\" \/>\r\n<meta name=\"twitter:card\" content=\"summary_large_image\" \/>\r\n<meta name=\"twitter:label1\" content=\"\u00c9crit par\" \/>\n\t<meta name=\"twitter:data1\" content=\"Service des communications et des relations publiques\" \/>\n\t<meta name=\"twitter:label2\" content=\"Estimation du temps de lecture\" \/>\n\t<meta name=\"twitter:data2\" content=\"2 minutes\" \/>\r\n<script type=\"application\/ld+json\" class=\"yoast-schema-graph\">{\"@context\":\"https:\/\/schema.org\",\"@graph\":[{\"@type\":\"WebPage\",\"@id\":\"https:\/\/www.uqac.ca\/uqactualites\/2026\/03\/25\/la-structure-fine-de-la-population-du-saguenay-lac-saint-jean-revelee-par-sa-genealogie-et-sa-genetique\/\",\"url\":\"https:\/\/www.uqac.ca\/uqactualites\/2026\/03\/25\/la-structure-fine-de-la-population-du-saguenay-lac-saint-jean-revelee-par-sa-genealogie-et-sa-genetique\/\",\"name\":\"La structure fine de la population du Saguenay\u2013Lac-Saint-Jean r\u00e9v\u00e9l\u00e9e par sa g\u00e9n\u00e9alogie et sa g\u00e9n\u00e9tique - UQACtualit\u00e9s\",\"isPartOf\":{\"@id\":\"https:\/\/www.uqac.ca\/uqactualites\/#website\"},\"primaryImageOfPage\":{\"@id\":\"https:\/\/www.uqac.ca\/uqactualites\/2026\/03\/25\/la-structure-fine-de-la-population-du-saguenay-lac-saint-jean-revelee-par-sa-genealogie-et-sa-genetique\/#primaryimage\"},\"image\":{\"@id\":\"https:\/\/www.uqac.ca\/uqactualites\/2026\/03\/25\/la-structure-fine-de-la-population-du-saguenay-lac-saint-jean-revelee-par-sa-genealogie-et-sa-genetique\/#primaryimage\"},\"thumbnailUrl\":\"https:\/\/www.uqac.ca\/uqactualites\/wp-content\/uploads\/2026\/03\/NUM_CRCGenetique_A23-Uqctualite1920x1080.jpg\",\"datePublished\":\"2026-03-25T15:28:12+00:00\",\"dateModified\":\"2026-03-25T15:38:40+00:00\",\"author\":{\"@id\":\"https:\/\/www.uqac.ca\/uqactualites\/#\/schema\/person\/366c45a0c4f0e677b41b4af5886e2018\"},\"breadcrumb\":{\"@id\":\"https:\/\/www.uqac.ca\/uqactualites\/2026\/03\/25\/la-structure-fine-de-la-population-du-saguenay-lac-saint-jean-revelee-par-sa-genealogie-et-sa-genetique\/#breadcrumb\"},\"inLanguage\":\"fr-CA\",\"potentialAction\":[{\"@type\":\"ReadAction\",\"target\":[\"https:\/\/www.uqac.ca\/uqactualites\/2026\/03\/25\/la-structure-fine-de-la-population-du-saguenay-lac-saint-jean-revelee-par-sa-genealogie-et-sa-genetique\/\"]}]},{\"@type\":\"ImageObject\",\"inLanguage\":\"fr-CA\",\"@id\":\"https:\/\/www.uqac.ca\/uqactualites\/2026\/03\/25\/la-structure-fine-de-la-population-du-saguenay-lac-saint-jean-revelee-par-sa-genealogie-et-sa-genetique\/#primaryimage\",\"url\":\"https:\/\/www.uqac.ca\/uqactualites\/wp-content\/uploads\/2026\/03\/NUM_CRCGenetique_A23-Uqctualite1920x1080.jpg\",\"contentUrl\":\"https:\/\/www.uqac.ca\/uqactualites\/wp-content\/uploads\/2026\/03\/NUM_CRCGenetique_A23-Uqctualite1920x1080.jpg\",\"width\":1920,\"height\":1080},{\"@type\":\"BreadcrumbList\",\"@id\":\"https:\/\/www.uqac.ca\/uqactualites\/2026\/03\/25\/la-structure-fine-de-la-population-du-saguenay-lac-saint-jean-revelee-par-sa-genealogie-et-sa-genetique\/#breadcrumb\",\"itemListElement\":[{\"@type\":\"ListItem\",\"position\":1,\"name\":\"Home\",\"item\":\"https:\/\/www.uqac.ca\/uqactualites\/\"},{\"@type\":\"ListItem\",\"position\":2,\"name\":\"La structure fine de la population du Saguenay\u2013Lac-Saint-Jean r\u00e9v\u00e9l\u00e9e par sa g\u00e9n\u00e9alogie et sa g\u00e9n\u00e9tique\"}]},{\"@type\":\"WebSite\",\"@id\":\"https:\/\/www.uqac.ca\/uqactualites\/#website\",\"url\":\"https:\/\/www.uqac.ca\/uqactualites\/\",\"name\":\"UQACtualit\u00e9s\",\"description\":\"Le portail des nouvelles de l&#039;UQAC\",\"potentialAction\":[{\"@type\":\"SearchAction\",\"target\":{\"@type\":\"EntryPoint\",\"urlTemplate\":\"https:\/\/www.uqac.ca\/uqactualites\/?s={search_term_string}\"},\"query-input\":{\"@type\":\"PropertyValueSpecification\",\"valueRequired\":true,\"valueName\":\"search_term_string\"}}],\"inLanguage\":\"fr-CA\"},{\"@type\":\"Person\",\"@id\":\"https:\/\/www.uqac.ca\/uqactualites\/#\/schema\/person\/366c45a0c4f0e677b41b4af5886e2018\",\"name\":\"Service des communications et des relations publiques\",\"image\":{\"@type\":\"ImageObject\",\"inLanguage\":\"fr-CA\",\"@id\":\"https:\/\/www.uqac.ca\/uqactualites\/#\/schema\/person\/image\/\",\"url\":\"https:\/\/secure.gravatar.com\/avatar\/20fbbda8a292f59f2d3461a5b999c00b?s=96&d=mm&r=g\",\"contentUrl\":\"https:\/\/secure.gravatar.com\/avatar\/20fbbda8a292f59f2d3461a5b999c00b?s=96&d=mm&r=g\",\"caption\":\"Service des communications et des relations publiques\"},\"url\":\"https:\/\/www.uqac.ca\/uqactualites\/author\/bap\/\"}]}<\/script>\r\n<!-- \/ Yoast SEO plugin. -->","yoast_head_json":{"title":"La structure fine de la population du Saguenay\u2013Lac-Saint-Jean r\u00e9v\u00e9l\u00e9e par sa g\u00e9n\u00e9alogie et sa g\u00e9n\u00e9tique - UQACtualit\u00e9s","robots":{"index":"index","follow":"follow","max-snippet":"max-snippet:-1","max-image-preview":"max-image-preview:large","max-video-preview":"max-video-preview:-1"},"canonical":"https:\/\/www.uqac.ca\/uqactualites\/2026\/03\/25\/la-structure-fine-de-la-population-du-saguenay-lac-saint-jean-revelee-par-sa-genealogie-et-sa-genetique\/","og_locale":"fr_CA","og_type":"article","og_title":"La structure fine de la population du Saguenay\u2013Lac-Saint-Jean r\u00e9v\u00e9l\u00e9e par sa g\u00e9n\u00e9alogie et sa g\u00e9n\u00e9tique - UQACtualit\u00e9s","og_description":"Le professeur Simon Girard et son \u00e9quipe ont r\u00e9cemment publi\u00e9 dans la prestigieuse revue Nature Communications un article d\u00e9crivant, \u00e0 un niveau de d\u00e9tail jamais atteint auparavant, la population du Saguenay\u2013Lac-Saint-Jean, tant sur le plan g\u00e9n\u00e9tique que g\u00e9n\u00e9alogique. Puisque le peuplement canadien-fran\u00e7ais au Saguenay\u2013Lac-St-Jean est tr\u00e8s r\u00e9cent (moins de deux cent ans), la population de [&hellip;]","og_url":"https:\/\/www.uqac.ca\/uqactualites\/2026\/03\/25\/la-structure-fine-de-la-population-du-saguenay-lac-saint-jean-revelee-par-sa-genealogie-et-sa-genetique\/","og_site_name":"UQACtualit\u00e9s","article_published_time":"2026-03-25T15:28:12+00:00","article_modified_time":"2026-03-25T15:38:40+00:00","og_image":[{"width":1920,"height":1080,"url":"https:\/\/www.uqac.ca\/uqactualites\/wp-content\/uploads\/2026\/03\/NUM_CRCGenetique_A23-Uqctualite1920x1080.jpg","type":"image\/jpeg"}],"author":"Service des communications et des relations publiques","twitter_card":"summary_large_image","twitter_misc":{"\u00c9crit par":"Service des communications et des relations publiques","Estimation du temps de lecture":"2 minutes"},"schema":{"@context":"https:\/\/schema.org","@graph":[{"@type":"WebPage","@id":"https:\/\/www.uqac.ca\/uqactualites\/2026\/03\/25\/la-structure-fine-de-la-population-du-saguenay-lac-saint-jean-revelee-par-sa-genealogie-et-sa-genetique\/","url":"https:\/\/www.uqac.ca\/uqactualites\/2026\/03\/25\/la-structure-fine-de-la-population-du-saguenay-lac-saint-jean-revelee-par-sa-genealogie-et-sa-genetique\/","name":"La structure fine de la population du Saguenay\u2013Lac-Saint-Jean r\u00e9v\u00e9l\u00e9e par sa g\u00e9n\u00e9alogie et sa g\u00e9n\u00e9tique - UQACtualit\u00e9s","isPartOf":{"@id":"https:\/\/www.uqac.ca\/uqactualites\/#website"},"primaryImageOfPage":{"@id":"https:\/\/www.uqac.ca\/uqactualites\/2026\/03\/25\/la-structure-fine-de-la-population-du-saguenay-lac-saint-jean-revelee-par-sa-genealogie-et-sa-genetique\/#primaryimage"},"image":{"@id":"https:\/\/www.uqac.ca\/uqactualites\/2026\/03\/25\/la-structure-fine-de-la-population-du-saguenay-lac-saint-jean-revelee-par-sa-genealogie-et-sa-genetique\/#primaryimage"},"thumbnailUrl":"https:\/\/www.uqac.ca\/uqactualites\/wp-content\/uploads\/2026\/03\/NUM_CRCGenetique_A23-Uqctualite1920x1080.jpg","datePublished":"2026-03-25T15:28:12+00:00","dateModified":"2026-03-25T15:38:40+00:00","author":{"@id":"https:\/\/www.uqac.ca\/uqactualites\/#\/schema\/person\/366c45a0c4f0e677b41b4af5886e2018"},"breadcrumb":{"@id":"https:\/\/www.uqac.ca\/uqactualites\/2026\/03\/25\/la-structure-fine-de-la-population-du-saguenay-lac-saint-jean-revelee-par-sa-genealogie-et-sa-genetique\/#breadcrumb"},"inLanguage":"fr-CA","potentialAction":[{"@type":"ReadAction","target":["https:\/\/www.uqac.ca\/uqactualites\/2026\/03\/25\/la-structure-fine-de-la-population-du-saguenay-lac-saint-jean-revelee-par-sa-genealogie-et-sa-genetique\/"]}]},{"@type":"ImageObject","inLanguage":"fr-CA","@id":"https:\/\/www.uqac.ca\/uqactualites\/2026\/03\/25\/la-structure-fine-de-la-population-du-saguenay-lac-saint-jean-revelee-par-sa-genealogie-et-sa-genetique\/#primaryimage","url":"https:\/\/www.uqac.ca\/uqactualites\/wp-content\/uploads\/2026\/03\/NUM_CRCGenetique_A23-Uqctualite1920x1080.jpg","contentUrl":"https:\/\/www.uqac.ca\/uqactualites\/wp-content\/uploads\/2026\/03\/NUM_CRCGenetique_A23-Uqctualite1920x1080.jpg","width":1920,"height":1080},{"@type":"BreadcrumbList","@id":"https:\/\/www.uqac.ca\/uqactualites\/2026\/03\/25\/la-structure-fine-de-la-population-du-saguenay-lac-saint-jean-revelee-par-sa-genealogie-et-sa-genetique\/#breadcrumb","itemListElement":[{"@type":"ListItem","position":1,"name":"Home","item":"https:\/\/www.uqac.ca\/uqactualites\/"},{"@type":"ListItem","position":2,"name":"La structure fine de la population du Saguenay\u2013Lac-Saint-Jean r\u00e9v\u00e9l\u00e9e par sa g\u00e9n\u00e9alogie et sa g\u00e9n\u00e9tique"}]},{"@type":"WebSite","@id":"https:\/\/www.uqac.ca\/uqactualites\/#website","url":"https:\/\/www.uqac.ca\/uqactualites\/","name":"UQACtualit\u00e9s","description":"Le portail des nouvelles de l&#039;UQAC","potentialAction":[{"@type":"SearchAction","target":{"@type":"EntryPoint","urlTemplate":"https:\/\/www.uqac.ca\/uqactualites\/?s={search_term_string}"},"query-input":{"@type":"PropertyValueSpecification","valueRequired":true,"valueName":"search_term_string"}}],"inLanguage":"fr-CA"},{"@type":"Person","@id":"https:\/\/www.uqac.ca\/uqactualites\/#\/schema\/person\/366c45a0c4f0e677b41b4af5886e2018","name":"Service des communications et des relations publiques","image":{"@type":"ImageObject","inLanguage":"fr-CA","@id":"https:\/\/www.uqac.ca\/uqactualites\/#\/schema\/person\/image\/","url":"https:\/\/secure.gravatar.com\/avatar\/20fbbda8a292f59f2d3461a5b999c00b?s=96&d=mm&r=g","contentUrl":"https:\/\/secure.gravatar.com\/avatar\/20fbbda8a292f59f2d3461a5b999c00b?s=96&d=mm&r=g","caption":"Service des communications et des relations publiques"},"url":"https:\/\/www.uqac.ca\/uqactualites\/author\/bap\/"}]}},"_links":{"self":[{"href":"https:\/\/www.uqac.ca\/uqactualites\/wp-json\/wp\/v2\/posts\/54001"}],"collection":[{"href":"https:\/\/www.uqac.ca\/uqactualites\/wp-json\/wp\/v2\/posts"}],"about":[{"href":"https:\/\/www.uqac.ca\/uqactualites\/wp-json\/wp\/v2\/types\/post"}],"author":[{"embeddable":true,"href":"https:\/\/www.uqac.ca\/uqactualites\/wp-json\/wp\/v2\/users\/5"}],"replies":[{"embeddable":true,"href":"https:\/\/www.uqac.ca\/uqactualites\/wp-json\/wp\/v2\/comments?post=54001"}],"version-history":[{"count":5,"href":"https:\/\/www.uqac.ca\/uqactualites\/wp-json\/wp\/v2\/posts\/54001\/revisions"}],"predecessor-version":[{"id":54007,"href":"https:\/\/www.uqac.ca\/uqactualites\/wp-json\/wp\/v2\/posts\/54001\/revisions\/54007"}],"wp:featuredmedia":[{"embeddable":true,"href":"https:\/\/www.uqac.ca\/uqactualites\/wp-json\/wp\/v2\/media\/54002"}],"wp:attachment":[{"href":"https:\/\/www.uqac.ca\/uqactualites\/wp-json\/wp\/v2\/media?parent=54001"}],"wp:term":[{"taxonomy":"category","embeddable":true,"href":"https:\/\/www.uqac.ca\/uqactualites\/wp-json\/wp\/v2\/categories?post=54001"},{"taxonomy":"post_tag","embeddable":true,"href":"https:\/\/www.uqac.ca\/uqactualites\/wp-json\/wp\/v2\/tags?post=54001"}],"curies":[{"name":"wp","href":"https:\/\/api.w.org\/{rel}","templated":true}]}}