{"id":54017,"date":"2026-03-26T16:10:11","date_gmt":"2026-03-26T20:10:11","guid":{"rendered":"https:\/\/www.uqac.ca\/uqactualites\/?p=54017"},"modified":"2026-03-26T16:13:32","modified_gmt":"2026-03-26T20:13:32","slug":"le-cee-uqac-decerne-les-prix-du-concours-idees-daffaires","status":"publish","type":"post","link":"https:\/\/www.uqac.ca\/uqactualites\/2026\/03\/26\/le-cee-uqac-decerne-les-prix-du-concours-idees-daffaires\/","title":{"rendered":"Le CEE-UQAC d\u00e9cerne les prix du concours Id\u00e9es d&rsquo;affaires"},"content":{"rendered":"<p>Le Centre d&rsquo;entrepreneuriat et d&rsquo;essaimage de l&rsquo;UQAC (CEE-UQAC) a tenu, le 20 mars dernier \u00e0 l\u2019UQAC, la remise des prix du <a href=\"https:\/\/ceeuqac.ca\/concours\/concours__trashed\/idee-d-affaires\/\" target=\"_blank\" rel=\"noopener\">concours Id\u00e9es d&rsquo;affaires<\/a>.<\/p>\n<p>Ce concours, qui s&rsquo;est d\u00e9roul\u00e9 au cours du mois de f\u00e9vrier 2026, avait pour objectif de stimuler l\u2019esprit entrepreneurial des \u00e9tudiantes et \u00e9tudiants de l\u2019UQAC et des quatre \u00e9tablissement coll\u00e8giaux de la r\u00e9gion du Saguenay\u2013Lac-Saint-Jean. Les participants et participantes devaient d\u00e9velopper et \u00e0 pr\u00e9senter une id\u00e9e d\u2019affaires enti\u00e8rement en ligne, \u00e9valu\u00e9e par un jury compos\u00e9 de sp\u00e9cialistes du domaine.<\/p>\n<p>Trois projets de la cat\u00e9gorie universitaire se sont distingu\u00e9s par leur innovation, leur qualit\u00e9 et leur pertinence.<\/p>\n<h4>Projets gagnants<\/h4>\n<ul>\n<li><strong>1er prix<\/strong> (400 $) : Monicossi par Palmyre Plasmans<\/li>\n<li><strong>2e prix<\/strong> (200 $) : JustMove par Justin Desmeules<\/li>\n<li><strong>3e prix<\/strong> (100 $) : Institut capillaire Moringa par Mary Gail Diene<\/li>\n<\/ul>\n<p>F\u00e9licitations aux r\u00e9cipiendaires!<\/p>\n<p>Le concours annuel a encore une fois \u00e9t\u00e9 un succ\u00e8s : au total, <strong>30 candidatures universitaires ont \u00e9t\u00e9 d\u00e9pos\u00e9es<\/strong>.<\/p>\n<p>Le CEE-UQAC tient \u00e0 remercier chaleureusement les membres du jury pour leur temps pr\u00e9cieux et leur engagement: Alicia Ouellet, cofondatrice de Services d\u2019entretien FAS, Sophie Baron-Bouchard, copropri\u00e9taire de Mobile Expert, ainsi qu&rsquo;Astride Ouedraogo, conseill\u00e8re aux entreprises chez Promotion Saguenay.<\/p>\n","protected":false},"excerpt":{"rendered":"<p>Le Centre d&rsquo;entrepreneuriat et d&rsquo;essaimage de l&rsquo;UQAC (CEE-UQAC) a tenu, le 20 mars dernier \u00e0 l\u2019UQAC, la remise des prix du concours Id\u00e9es d&rsquo;affaires. Ce concours, qui s&rsquo;est d\u00e9roul\u00e9 au cours du mois de f\u00e9vrier 2026, avait pour objectif de stimuler l\u2019esprit entrepreneurial des \u00e9tudiantes et \u00e9tudiants de l\u2019UQAC et des quatre \u00e9tablissement coll\u00e8giaux de [&hellip;]<\/p>\n","protected":false},"author":5,"featured_media":54018,"comment_status":"closed","ping_status":"open","sticky":false,"template":"","format":"standard","meta":{"footnotes":""},"categories":[2795,2,61],"tags":[426],"yoast_head":"<!-- This site is optimized with the Yoast SEO plugin v24.2 - https:\/\/yoast.com\/wordpress\/plugins\/seo\/ -->\r\n<title>Le CEE-UQAC d\u00e9cerne les prix du concours Id\u00e9es d&#039;affaires - UQACtualit\u00e9s<\/title>\r\n<meta name=\"robots\" content=\"index, follow, max-snippet:-1, max-image-preview:large, max-video-preview:-1\" \/>\r\n<link rel=\"canonical\" href=\"https:\/\/www.uqac.ca\/uqactualites\/2026\/03\/26\/le-cee-uqac-decerne-les-prix-du-concours-idees-daffaires\/\" \/>\r\n<meta property=\"og:locale\" content=\"fr_CA\" \/>\r\n<meta property=\"og:type\" content=\"article\" \/>\r\n<meta property=\"og:title\" content=\"Le CEE-UQAC d\u00e9cerne les prix du concours Id\u00e9es d&#039;affaires - UQACtualit\u00e9s\" \/>\r\n<meta property=\"og:description\" content=\"Le Centre d&rsquo;entrepreneuriat et d&rsquo;essaimage de l&rsquo;UQAC (CEE-UQAC) a tenu, le 20 mars dernier \u00e0 l\u2019UQAC, la remise des prix du concours Id\u00e9es d&rsquo;affaires. Ce concours, qui s&rsquo;est d\u00e9roul\u00e9 au cours du mois de f\u00e9vrier 2026, avait pour objectif de stimuler l\u2019esprit entrepreneurial des \u00e9tudiantes et \u00e9tudiants de l\u2019UQAC et des quatre \u00e9tablissement coll\u00e8giaux de [&hellip;]\" \/>\r\n<meta property=\"og:url\" content=\"https:\/\/www.uqac.ca\/uqactualites\/2026\/03\/26\/le-cee-uqac-decerne-les-prix-du-concours-idees-daffaires\/\" \/>\r\n<meta property=\"og:site_name\" content=\"UQACtualit\u00e9s\" \/>\r\n<meta property=\"article:published_time\" content=\"2026-03-26T20:10:11+00:00\" \/>\r\n<meta property=\"article:modified_time\" content=\"2026-03-26T20:13:32+00:00\" \/>\r\n<meta property=\"og:image\" content=\"https:\/\/www.uqac.ca\/uqactualites\/wp-content\/uploads\/2026\/03\/A-la-une-UQACtualite-11.png\" \/>\r\n\t<meta property=\"og:image:width\" content=\"1920\" \/>\r\n\t<meta property=\"og:image:height\" content=\"1080\" \/>\r\n\t<meta property=\"og:image:type\" content=\"image\/png\" \/>\r\n<meta name=\"author\" content=\"Service des communications et des relations publiques\" \/>\r\n<meta name=\"twitter:card\" content=\"summary_large_image\" \/>\r\n<meta name=\"twitter:label1\" content=\"\u00c9crit par\" \/>\n\t<meta name=\"twitter:data1\" content=\"Service des communications et des relations publiques\" \/>\n\t<meta name=\"twitter:label2\" content=\"Estimation du temps de lecture\" \/>\n\t<meta name=\"twitter:data2\" content=\"2 minutes\" \/>\r\n<script type=\"application\/ld+json\" class=\"yoast-schema-graph\">{\"@context\":\"https:\/\/schema.org\",\"@graph\":[{\"@type\":\"WebPage\",\"@id\":\"https:\/\/www.uqac.ca\/uqactualites\/2026\/03\/26\/le-cee-uqac-decerne-les-prix-du-concours-idees-daffaires\/\",\"url\":\"https:\/\/www.uqac.ca\/uqactualites\/2026\/03\/26\/le-cee-uqac-decerne-les-prix-du-concours-idees-daffaires\/\",\"name\":\"Le CEE-UQAC d\u00e9cerne les prix du concours Id\u00e9es d'affaires - UQACtualit\u00e9s\",\"isPartOf\":{\"@id\":\"https:\/\/www.uqac.ca\/uqactualites\/#website\"},\"primaryImageOfPage\":{\"@id\":\"https:\/\/www.uqac.ca\/uqactualites\/2026\/03\/26\/le-cee-uqac-decerne-les-prix-du-concours-idees-daffaires\/#primaryimage\"},\"image\":{\"@id\":\"https:\/\/www.uqac.ca\/uqactualites\/2026\/03\/26\/le-cee-uqac-decerne-les-prix-du-concours-idees-daffaires\/#primaryimage\"},\"thumbnailUrl\":\"https:\/\/www.uqac.ca\/uqactualites\/wp-content\/uploads\/2026\/03\/A-la-une-UQACtualite-11.png\",\"datePublished\":\"2026-03-26T20:10:11+00:00\",\"dateModified\":\"2026-03-26T20:13:32+00:00\",\"author\":{\"@id\":\"https:\/\/www.uqac.ca\/uqactualites\/#\/schema\/person\/366c45a0c4f0e677b41b4af5886e2018\"},\"breadcrumb\":{\"@id\":\"https:\/\/www.uqac.ca\/uqactualites\/2026\/03\/26\/le-cee-uqac-decerne-les-prix-du-concours-idees-daffaires\/#breadcrumb\"},\"inLanguage\":\"fr-CA\",\"potentialAction\":[{\"@type\":\"ReadAction\",\"target\":[\"https:\/\/www.uqac.ca\/uqactualites\/2026\/03\/26\/le-cee-uqac-decerne-les-prix-du-concours-idees-daffaires\/\"]}]},{\"@type\":\"ImageObject\",\"inLanguage\":\"fr-CA\",\"@id\":\"https:\/\/www.uqac.ca\/uqactualites\/2026\/03\/26\/le-cee-uqac-decerne-les-prix-du-concours-idees-daffaires\/#primaryimage\",\"url\":\"https:\/\/www.uqac.ca\/uqactualites\/wp-content\/uploads\/2026\/03\/A-la-une-UQACtualite-11.png\",\"contentUrl\":\"https:\/\/www.uqac.ca\/uqactualites\/wp-content\/uploads\/2026\/03\/A-la-une-UQACtualite-11.png\",\"width\":1920,\"height\":1080},{\"@type\":\"BreadcrumbList\",\"@id\":\"https:\/\/www.uqac.ca\/uqactualites\/2026\/03\/26\/le-cee-uqac-decerne-les-prix-du-concours-idees-daffaires\/#breadcrumb\",\"itemListElement\":[{\"@type\":\"ListItem\",\"position\":1,\"name\":\"Home\",\"item\":\"https:\/\/www.uqac.ca\/uqactualites\/\"},{\"@type\":\"ListItem\",\"position\":2,\"name\":\"Le CEE-UQAC d\u00e9cerne les prix du concours Id\u00e9es d&rsquo;affaires\"}]},{\"@type\":\"WebSite\",\"@id\":\"https:\/\/www.uqac.ca\/uqactualites\/#website\",\"url\":\"https:\/\/www.uqac.ca\/uqactualites\/\",\"name\":\"UQACtualit\u00e9s\",\"description\":\"Le portail des nouvelles de l&#039;UQAC\",\"potentialAction\":[{\"@type\":\"SearchAction\",\"target\":{\"@type\":\"EntryPoint\",\"urlTemplate\":\"https:\/\/www.uqac.ca\/uqactualites\/?s={search_term_string}\"},\"query-input\":{\"@type\":\"PropertyValueSpecification\",\"valueRequired\":true,\"valueName\":\"search_term_string\"}}],\"inLanguage\":\"fr-CA\"},{\"@type\":\"Person\",\"@id\":\"https:\/\/www.uqac.ca\/uqactualites\/#\/schema\/person\/366c45a0c4f0e677b41b4af5886e2018\",\"name\":\"Service des communications et des relations publiques\",\"image\":{\"@type\":\"ImageObject\",\"inLanguage\":\"fr-CA\",\"@id\":\"https:\/\/www.uqac.ca\/uqactualites\/#\/schema\/person\/image\/\",\"url\":\"https:\/\/secure.gravatar.com\/avatar\/20fbbda8a292f59f2d3461a5b999c00b?s=96&d=mm&r=g\",\"contentUrl\":\"https:\/\/secure.gravatar.com\/avatar\/20fbbda8a292f59f2d3461a5b999c00b?s=96&d=mm&r=g\",\"caption\":\"Service des communications et des relations publiques\"},\"url\":\"https:\/\/www.uqac.ca\/uqactualites\/author\/bap\/\"}]}<\/script>\r\n<!-- \/ Yoast SEO plugin. -->","yoast_head_json":{"title":"Le CEE-UQAC d\u00e9cerne les prix du concours Id\u00e9es d'affaires - UQACtualit\u00e9s","robots":{"index":"index","follow":"follow","max-snippet":"max-snippet:-1","max-image-preview":"max-image-preview:large","max-video-preview":"max-video-preview:-1"},"canonical":"https:\/\/www.uqac.ca\/uqactualites\/2026\/03\/26\/le-cee-uqac-decerne-les-prix-du-concours-idees-daffaires\/","og_locale":"fr_CA","og_type":"article","og_title":"Le CEE-UQAC d\u00e9cerne les prix du concours Id\u00e9es d'affaires - UQACtualit\u00e9s","og_description":"Le Centre d&rsquo;entrepreneuriat et d&rsquo;essaimage de l&rsquo;UQAC (CEE-UQAC) a tenu, le 20 mars dernier \u00e0 l\u2019UQAC, la remise des prix du concours Id\u00e9es d&rsquo;affaires. Ce concours, qui s&rsquo;est d\u00e9roul\u00e9 au cours du mois de f\u00e9vrier 2026, avait pour objectif de stimuler l\u2019esprit entrepreneurial des \u00e9tudiantes et \u00e9tudiants de l\u2019UQAC et des quatre \u00e9tablissement coll\u00e8giaux de [&hellip;]","og_url":"https:\/\/www.uqac.ca\/uqactualites\/2026\/03\/26\/le-cee-uqac-decerne-les-prix-du-concours-idees-daffaires\/","og_site_name":"UQACtualit\u00e9s","article_published_time":"2026-03-26T20:10:11+00:00","article_modified_time":"2026-03-26T20:13:32+00:00","og_image":[{"width":1920,"height":1080,"url":"https:\/\/www.uqac.ca\/uqactualites\/wp-content\/uploads\/2026\/03\/A-la-une-UQACtualite-11.png","type":"image\/png"}],"author":"Service des communications et des relations publiques","twitter_card":"summary_large_image","twitter_misc":{"\u00c9crit par":"Service des communications et des relations publiques","Estimation du temps de lecture":"2 minutes"},"schema":{"@context":"https:\/\/schema.org","@graph":[{"@type":"WebPage","@id":"https:\/\/www.uqac.ca\/uqactualites\/2026\/03\/26\/le-cee-uqac-decerne-les-prix-du-concours-idees-daffaires\/","url":"https:\/\/www.uqac.ca\/uqactualites\/2026\/03\/26\/le-cee-uqac-decerne-les-prix-du-concours-idees-daffaires\/","name":"Le CEE-UQAC d\u00e9cerne les prix du concours Id\u00e9es d'affaires - UQACtualit\u00e9s","isPartOf":{"@id":"https:\/\/www.uqac.ca\/uqactualites\/#website"},"primaryImageOfPage":{"@id":"https:\/\/www.uqac.ca\/uqactualites\/2026\/03\/26\/le-cee-uqac-decerne-les-prix-du-concours-idees-daffaires\/#primaryimage"},"image":{"@id":"https:\/\/www.uqac.ca\/uqactualites\/2026\/03\/26\/le-cee-uqac-decerne-les-prix-du-concours-idees-daffaires\/#primaryimage"},"thumbnailUrl":"https:\/\/www.uqac.ca\/uqactualites\/wp-content\/uploads\/2026\/03\/A-la-une-UQACtualite-11.png","datePublished":"2026-03-26T20:10:11+00:00","dateModified":"2026-03-26T20:13:32+00:00","author":{"@id":"https:\/\/www.uqac.ca\/uqactualites\/#\/schema\/person\/366c45a0c4f0e677b41b4af5886e2018"},"breadcrumb":{"@id":"https:\/\/www.uqac.ca\/uqactualites\/2026\/03\/26\/le-cee-uqac-decerne-les-prix-du-concours-idees-daffaires\/#breadcrumb"},"inLanguage":"fr-CA","potentialAction":[{"@type":"ReadAction","target":["https:\/\/www.uqac.ca\/uqactualites\/2026\/03\/26\/le-cee-uqac-decerne-les-prix-du-concours-idees-daffaires\/"]}]},{"@type":"ImageObject","inLanguage":"fr-CA","@id":"https:\/\/www.uqac.ca\/uqactualites\/2026\/03\/26\/le-cee-uqac-decerne-les-prix-du-concours-idees-daffaires\/#primaryimage","url":"https:\/\/www.uqac.ca\/uqactualites\/wp-content\/uploads\/2026\/03\/A-la-une-UQACtualite-11.png","contentUrl":"https:\/\/www.uqac.ca\/uqactualites\/wp-content\/uploads\/2026\/03\/A-la-une-UQACtualite-11.png","width":1920,"height":1080},{"@type":"BreadcrumbList","@id":"https:\/\/www.uqac.ca\/uqactualites\/2026\/03\/26\/le-cee-uqac-decerne-les-prix-du-concours-idees-daffaires\/#breadcrumb","itemListElement":[{"@type":"ListItem","position":1,"name":"Home","item":"https:\/\/www.uqac.ca\/uqactualites\/"},{"@type":"ListItem","position":2,"name":"Le CEE-UQAC d\u00e9cerne les prix du concours Id\u00e9es d&rsquo;affaires"}]},{"@type":"WebSite","@id":"https:\/\/www.uqac.ca\/uqactualites\/#website","url":"https:\/\/www.uqac.ca\/uqactualites\/","name":"UQACtualit\u00e9s","description":"Le portail des nouvelles de l&#039;UQAC","potentialAction":[{"@type":"SearchAction","target":{"@type":"EntryPoint","urlTemplate":"https:\/\/www.uqac.ca\/uqactualites\/?s={search_term_string}"},"query-input":{"@type":"PropertyValueSpecification","valueRequired":true,"valueName":"search_term_string"}}],"inLanguage":"fr-CA"},{"@type":"Person","@id":"https:\/\/www.uqac.ca\/uqactualites\/#\/schema\/person\/366c45a0c4f0e677b41b4af5886e2018","name":"Service des communications et des relations publiques","image":{"@type":"ImageObject","inLanguage":"fr-CA","@id":"https:\/\/www.uqac.ca\/uqactualites\/#\/schema\/person\/image\/","url":"https:\/\/secure.gravatar.com\/avatar\/20fbbda8a292f59f2d3461a5b999c00b?s=96&d=mm&r=g","contentUrl":"https:\/\/secure.gravatar.com\/avatar\/20fbbda8a292f59f2d3461a5b999c00b?s=96&d=mm&r=g","caption":"Service des communications et des relations publiques"},"url":"https:\/\/www.uqac.ca\/uqactualites\/author\/bap\/"}]}},"_links":{"self":[{"href":"https:\/\/www.uqac.ca\/uqactualites\/wp-json\/wp\/v2\/posts\/54017"}],"collection":[{"href":"https:\/\/www.uqac.ca\/uqactualites\/wp-json\/wp\/v2\/posts"}],"about":[{"href":"https:\/\/www.uqac.ca\/uqactualites\/wp-json\/wp\/v2\/types\/post"}],"author":[{"embeddable":true,"href":"https:\/\/www.uqac.ca\/uqactualites\/wp-json\/wp\/v2\/users\/5"}],"replies":[{"embeddable":true,"href":"https:\/\/www.uqac.ca\/uqactualites\/wp-json\/wp\/v2\/comments?post=54017"}],"version-history":[{"count":1,"href":"https:\/\/www.uqac.ca\/uqactualites\/wp-json\/wp\/v2\/posts\/54017\/revisions"}],"predecessor-version":[{"id":54019,"href":"https:\/\/www.uqac.ca\/uqactualites\/wp-json\/wp\/v2\/posts\/54017\/revisions\/54019"}],"wp:featuredmedia":[{"embeddable":true,"href":"https:\/\/www.uqac.ca\/uqactualites\/wp-json\/wp\/v2\/media\/54018"}],"wp:attachment":[{"href":"https:\/\/www.uqac.ca\/uqactualites\/wp-json\/wp\/v2\/media?parent=54017"}],"wp:term":[{"taxonomy":"category","embeddable":true,"href":"https:\/\/www.uqac.ca\/uqactualites\/wp-json\/wp\/v2\/categories?post=54017"},{"taxonomy":"post_tag","embeddable":true,"href":"https:\/\/www.uqac.ca\/uqactualites\/wp-json\/wp\/v2\/tags?post=54017"}],"curies":[{"name":"wp","href":"https:\/\/api.w.org\/{rel}","templated":true}]}}