{"id":54178,"date":"2026-04-01T11:39:28","date_gmt":"2026-04-01T15:39:28","guid":{"rendered":"https:\/\/www.uqac.ca\/uqactualites\/?p=54178"},"modified":"2026-04-01T16:13:08","modified_gmt":"2026-04-01T20:13:08","slug":"la-chaire-visaj-tient-son-colloque-annuel-a-luqac","status":"publish","type":"post","link":"https:\/\/www.uqac.ca\/uqactualites\/2026\/04\/01\/la-chaire-visaj-tient-son-colloque-annuel-a-luqac\/","title":{"rendered":"La Chaire VISAJ tient son colloque annuel \u00e0 l\u2019UQAC"},"content":{"rendered":"<p>Le 26 mars dernier s\u2019est tenu \u00e0 l\u2019UQAC le colloque annuel de la <a href=\"https:\/\/www.visaj.ca\/\" target=\"_blank\" rel=\"noopener\">Chaire de recherche VISAJ<\/a>, auquel se sont inscrites plus de 160 personnes participantes. Le th\u00e8me de cette \u00e9dition, \u00abVivre, grandir et se construire en contexte num\u00e9rique\u00bb, visait \u00e0 favoriser les \u00e9changes, le r\u00e9seautage et la valorisation de la recherche dans ce domaine, en mettant de l\u2019avant les travaux de la rel\u00e8ve \u00e9tudiante.<\/p>\n<p>Le colloque a \u00e9t\u00e9 marqu\u00e9 par deux conf\u00e9rences tr\u00e8s appr\u00e9ci\u00e9es portant sur la sant\u00e9 mentale des jeunes en contexte vid\u00e9oludique et le bien-\u00eatre num\u00e9rique chez les enfants et les adolescent, donn\u00e9es par Maude Bonenfant, professeure titulaire \u00e0 l\u2019UQAM, et Emmanuelle Parent, du Centre pour l\u2019intelligence \u00e9motionnelle en ligne (Le C.I.E.L.). Leurs perspectives crois\u00e9es ont d\u2019ailleurs aliment\u00e9 des discussions riches et engag\u00e9es.<\/p>\n<p>Un concours d\u2019affiches est \u00e9galement venu souligner la qualit\u00e9 des projets pr\u00e9sent\u00e9s par la communaut\u00e9 \u00e9tudiante. Les prix ont \u00e9t\u00e9 remis lors du cocktail de cl\u00f4ture, organis\u00e9 en collaboration avec le Centre intersectoriel en sant\u00e9 durable de l\u2019UQAC.<\/p>\n<h5>Prix du jury<\/h5>\n<ul>\n<li>1er prix : Olivia Maltais-Dufour, \u00e9tudiante \u00e0 la <a href=\"https:\/\/www.uqac.ca\/programme\/3763-maitrise-en-travail-social\/\" target=\"_blank\" rel=\"noopener\">ma\u00eetrise en travail social<\/a> \u00e0 l\u2019UQAC (direction: <a href=\"https:\/\/portfolio.uqac.ca\/evepouliot\/\" target=\"_blank\" rel=\"noopener\">Eve Pouliot<\/a>)<\/li>\n<li>2e prix : Alexandra Lalibert\u00e9, \u00e9tudiante \u00e0 la ma\u00eetrise en travail social \u00e0 l\u2019UQAC (codirection: Eve Pouliot et <a href=\"https:\/\/portfolio.uqac.ca\/mariefall\/\" target=\"_blank\" rel=\"noopener\">Marie Fall<\/a>)<\/li>\n<li>Prix coup de c\u0153ur du public : Maritza Gauthier, \u00e9tudiante au <a href=\"https:\/\/www.uqac.ca\/programme\/7092-baccalaureat-en-psychologie\/\" target=\"_blank\" rel=\"noopener\">baccalaur\u00e9at en psychologie<\/a> \u00e0 l\u2019UQAC et assistante de recherche (supervision : Marie-\u00c8ve Blackburn)<\/li>\n<\/ul>\n<p>L\u2019\u00e9v\u00e9nement a fait l\u2019objet d\u2019<a href=\"https:\/\/ici.radio-canada.ca\/nouvelle\/2241940\/adolescents-sommeil-ecrans-quebec-sant\" target=\"_blank\" rel=\"noopener\">un reportage sur les ondes de Radio-Canada<\/a>.<\/p>\n<p>La tenue du colloque VISAJ a \u00e9t\u00e9 rendue possible gr\u00e2ce au soutien du Fonds de d\u00e9veloppement acad\u00e9mique du r\u00e9seau.<\/p>\n<h4>Galerie photo<\/h4>\n\r\n                <style type=\"text\/css\">\r\n                    \r\n                    #tdi_1  .td-doubleSlider-2 .td-item1 {\r\n                        background: url(https:\/\/www.uqac.ca\/uqactualites\/wp-content\/uploads\/2026\/04\/VISAJ_2026_5.jpg) 0 0 no-repeat;\r\n                    }\r\n                    #tdi_1  .td-doubleSlider-2 .td-item2 {\r\n                        background: url(https:\/\/www.uqac.ca\/uqactualites\/wp-content\/uploads\/2026\/04\/VISAJ_2026_4.jpg) 0 0 no-repeat;\r\n                    }\r\n                    #tdi_1  .td-doubleSlider-2 .td-item3 {\r\n                        background: url(https:\/\/www.uqac.ca\/uqactualites\/wp-content\/uploads\/2026\/04\/VISAJ_2026_3.jpg) 0 0 no-repeat;\r\n                    }\r\n                    #tdi_1  .td-doubleSlider-2 .td-item4 {\r\n                        background: url(https:\/\/www.uqac.ca\/uqactualites\/wp-content\/uploads\/2026\/04\/VISAJ_2026_1.jpg) 0 0 no-repeat;\r\n                    }\r\n                    #tdi_1  .td-doubleSlider-2 .td-item5 {\r\n                        background: url(https:\/\/www.uqac.ca\/uqactualites\/wp-content\/uploads\/2026\/04\/VISAJ_2026_2.jpg) 0 0 no-repeat;\r\n                    }\r\n                    #tdi_1  .td-doubleSlider-2 .td-item6 {\r\n                        background: url(https:\/\/www.uqac.ca\/uqactualites\/wp-content\/uploads\/2026\/04\/VISAJ2026-5-2-scaled.jpg) 0 0 no-repeat;\r\n                    }\r\n                    #tdi_1  .td-doubleSlider-2 .td-item7 {\r\n                        background: url(https:\/\/www.uqac.ca\/uqactualites\/wp-content\/uploads\/2026\/04\/VISAJ2026-8-2-scaled.jpg) 0 0 no-repeat;\r\n                    }\r\n                <\/style>\r\n\r\n                <div id=\"tdi_1\" class=\"td-gallery td-slide-on-2-columns\">\r\n                    <div class=\"post_td_gallery\">\r\n                        <div class=\"td-gallery-slide-top\">\r\n                           <div class=\"td-gallery-title\"><\/div>\r\n\r\n                            <div class=\"td-gallery-controls-wrapper\">\r\n                                <div class=\"td-gallery-slide-count\"><span class=\"td-gallery-slide-item-focus\">1<\/span> of 7<\/div>\r\n                                <div class=\"td-gallery-slide-prev-next-but\">\r\n                                    <i class = \"td-icon-left doubleSliderPrevButton\"><\/i>\r\n                                    <i class = \"td-icon-right doubleSliderNextButton\"><\/i>\r\n                                <\/div>\r\n                            <\/div>\r\n                        <\/div>\r\n\r\n                        <div class = \"td-doubleSlider-1 \">\r\n                            <div class = \"td-slider\">\r\n                                \r\n                    <div class = \"td-slide-item td-item1\">\r\n                        <figure class=\"td-slide-galery-figure td-slide-popup-gallery\">\r\n                            <a class=\"slide-gallery-image-link\" href=\"https:\/\/www.uqac.ca\/uqactualites\/wp-content\/uploads\/2026\/04\/VISAJ_2026_5.jpg\" title=\"VISAJ_2026_5\"  data-caption=\"\u00a9Ja\u00eblle Francoeur Photography\"  data-description=\"\">\r\n                                <img decoding=\"async\" src=\"https:\/\/www.uqac.ca\/uqactualites\/wp-content\/uploads\/2026\/04\/VISAJ_2026_5.jpg\" srcset=\"https:\/\/www.uqac.ca\/uqactualites\/wp-content\/uploads\/2026\/04\/VISAJ_2026_5.jpg 1200w, https:\/\/www.uqac.ca\/uqactualites\/wp-content\/uploads\/2026\/04\/VISAJ_2026_5-300x200.jpg 300w, https:\/\/www.uqac.ca\/uqactualites\/wp-content\/uploads\/2026\/04\/VISAJ_2026_5-1024x683.jpg 1024w, https:\/\/www.uqac.ca\/uqactualites\/wp-content\/uploads\/2026\/04\/VISAJ_2026_5-768x512.jpg 768w, https:\/\/www.uqac.ca\/uqactualites\/wp-content\/uploads\/2026\/04\/VISAJ_2026_5-150x100.jpg 150w, https:\/\/www.uqac.ca\/uqactualites\/wp-content\/uploads\/2026\/04\/VISAJ_2026_5-696x464.jpg 696w, https:\/\/www.uqac.ca\/uqactualites\/wp-content\/uploads\/2026\/04\/VISAJ_2026_5-1068x712.jpg 1068w\" sizes=\"(max-width: 1200px) 100vw, 1200px\" alt=\"\">\r\n                            <\/a>\r\n                            <figcaption class = \"td-slide-caption td-gallery-slide-content\"><div class = \"td-gallery-slide-copywrite\">\u00a9Ja\u00eblle Francoeur Photography<\/div><\/figcaption>\r\n                        <\/figure>\r\n                    <\/div>\r\n                    <div class = \"td-slide-item td-item2\">\r\n                        <figure class=\"td-slide-galery-figure td-slide-popup-gallery\">\r\n                            <a class=\"slide-gallery-image-link\" href=\"https:\/\/www.uqac.ca\/uqactualites\/wp-content\/uploads\/2026\/04\/VISAJ_2026_4.jpg\" title=\"VISAJ_2026_4\"  data-caption=\"\u00a9Ja\u00eblle Francoeur Photography\"  data-description=\"\">\r\n                                <img decoding=\"async\" src=\"https:\/\/www.uqac.ca\/uqactualites\/wp-content\/uploads\/2026\/04\/VISAJ_2026_4.jpg\" srcset=\"https:\/\/www.uqac.ca\/uqactualites\/wp-content\/uploads\/2026\/04\/VISAJ_2026_4.jpg 1200w, https:\/\/www.uqac.ca\/uqactualites\/wp-content\/uploads\/2026\/04\/VISAJ_2026_4-300x214.jpg 300w, https:\/\/www.uqac.ca\/uqactualites\/wp-content\/uploads\/2026\/04\/VISAJ_2026_4-1024x731.jpg 1024w, https:\/\/www.uqac.ca\/uqactualites\/wp-content\/uploads\/2026\/04\/VISAJ_2026_4-768x548.jpg 768w, https:\/\/www.uqac.ca\/uqactualites\/wp-content\/uploads\/2026\/04\/VISAJ_2026_4-150x107.jpg 150w, https:\/\/www.uqac.ca\/uqactualites\/wp-content\/uploads\/2026\/04\/VISAJ_2026_4-696x497.jpg 696w, https:\/\/www.uqac.ca\/uqactualites\/wp-content\/uploads\/2026\/04\/VISAJ_2026_4-1068x763.jpg 1068w\" sizes=\"(max-width: 1200px) 100vw, 1200px\" alt=\"\">\r\n                            <\/a>\r\n                            <figcaption class = \"td-slide-caption td-gallery-slide-content\"><div class = \"td-gallery-slide-copywrite\">\u00a9Ja\u00eblle Francoeur Photography<\/div><\/figcaption>\r\n                        <\/figure>\r\n                    <\/div>\r\n                    <div class = \"td-slide-item td-item3\">\r\n                        <figure class=\"td-slide-galery-figure td-slide-popup-gallery\">\r\n                            <a class=\"slide-gallery-image-link\" href=\"https:\/\/www.uqac.ca\/uqactualites\/wp-content\/uploads\/2026\/04\/VISAJ_2026_3.jpg\" title=\"VISAJ_2026_3\"  data-caption=\"\u00a9Ja\u00eblle Francoeur Photography\"  data-description=\"\">\r\n                                <img decoding=\"async\" src=\"https:\/\/www.uqac.ca\/uqactualites\/wp-content\/uploads\/2026\/04\/VISAJ_2026_3.jpg\" srcset=\"https:\/\/www.uqac.ca\/uqactualites\/wp-content\/uploads\/2026\/04\/VISAJ_2026_3.jpg 1200w, https:\/\/www.uqac.ca\/uqactualites\/wp-content\/uploads\/2026\/04\/VISAJ_2026_3-300x200.jpg 300w, https:\/\/www.uqac.ca\/uqactualites\/wp-content\/uploads\/2026\/04\/VISAJ_2026_3-1024x683.jpg 1024w, https:\/\/www.uqac.ca\/uqactualites\/wp-content\/uploads\/2026\/04\/VISAJ_2026_3-768x512.jpg 768w, https:\/\/www.uqac.ca\/uqactualites\/wp-content\/uploads\/2026\/04\/VISAJ_2026_3-150x100.jpg 150w, https:\/\/www.uqac.ca\/uqactualites\/wp-content\/uploads\/2026\/04\/VISAJ_2026_3-696x464.jpg 696w, https:\/\/www.uqac.ca\/uqactualites\/wp-content\/uploads\/2026\/04\/VISAJ_2026_3-1068x712.jpg 1068w\" sizes=\"(max-width: 1200px) 100vw, 1200px\" alt=\"\">\r\n                            <\/a>\r\n                            <figcaption class = \"td-slide-caption td-gallery-slide-content\"><div class = \"td-gallery-slide-copywrite\">\u00a9Ja\u00eblle Francoeur Photography<\/div><\/figcaption>\r\n                        <\/figure>\r\n                    <\/div>\r\n                    <div class = \"td-slide-item td-item4\">\r\n                        <figure class=\"td-slide-galery-figure td-slide-popup-gallery\">\r\n                            <a class=\"slide-gallery-image-link\" href=\"https:\/\/www.uqac.ca\/uqactualites\/wp-content\/uploads\/2026\/04\/VISAJ_2026_1.jpg\" title=\"VISAJ_2026_1\"  data-caption=\"\u00a9Ja\u00eblle Francoeur Photography\"  data-description=\"Photos : &copy;Ja&euml;lle Francoeur Photography\">\r\n                                <img decoding=\"async\" src=\"https:\/\/www.uqac.ca\/uqactualites\/wp-content\/uploads\/2026\/04\/VISAJ_2026_1.jpg\" srcset=\"https:\/\/www.uqac.ca\/uqactualites\/wp-content\/uploads\/2026\/04\/VISAJ_2026_1.jpg 1200w, https:\/\/www.uqac.ca\/uqactualites\/wp-content\/uploads\/2026\/04\/VISAJ_2026_1-300x200.jpg 300w, https:\/\/www.uqac.ca\/uqactualites\/wp-content\/uploads\/2026\/04\/VISAJ_2026_1-1024x683.jpg 1024w, https:\/\/www.uqac.ca\/uqactualites\/wp-content\/uploads\/2026\/04\/VISAJ_2026_1-768x512.jpg 768w, https:\/\/www.uqac.ca\/uqactualites\/wp-content\/uploads\/2026\/04\/VISAJ_2026_1-150x100.jpg 150w, https:\/\/www.uqac.ca\/uqactualites\/wp-content\/uploads\/2026\/04\/VISAJ_2026_1-696x464.jpg 696w, https:\/\/www.uqac.ca\/uqactualites\/wp-content\/uploads\/2026\/04\/VISAJ_2026_1-1068x712.jpg 1068w\" sizes=\"(max-width: 1200px) 100vw, 1200px\" alt=\"\">\r\n                            <\/a>\r\n                            <figcaption class = \"td-slide-caption td-gallery-slide-content\"><div class = \"td-gallery-slide-copywrite\">\u00a9Ja\u00eblle Francoeur Photography<\/div><span>Photos : \u00a9Ja\u00eblle Francoeur Photography<\/span><\/figcaption>\r\n                        <\/figure>\r\n                    <\/div>\r\n                    <div class = \"td-slide-item td-item5\">\r\n                        <figure class=\"td-slide-galery-figure td-slide-popup-gallery\">\r\n                            <a class=\"slide-gallery-image-link\" href=\"https:\/\/www.uqac.ca\/uqactualites\/wp-content\/uploads\/2026\/04\/VISAJ_2026_2.jpg\" title=\"VISAJ_2026_2\"  data-caption=\"\u00a9Ja\u00eblle Francoeur Photography\"  data-description=\"\">\r\n                                <img decoding=\"async\" src=\"https:\/\/www.uqac.ca\/uqactualites\/wp-content\/uploads\/2026\/04\/VISAJ_2026_2.jpg\" srcset=\"https:\/\/www.uqac.ca\/uqactualites\/wp-content\/uploads\/2026\/04\/VISAJ_2026_2.jpg 1200w, https:\/\/www.uqac.ca\/uqactualites\/wp-content\/uploads\/2026\/04\/VISAJ_2026_2-300x200.jpg 300w, https:\/\/www.uqac.ca\/uqactualites\/wp-content\/uploads\/2026\/04\/VISAJ_2026_2-1024x683.jpg 1024w, https:\/\/www.uqac.ca\/uqactualites\/wp-content\/uploads\/2026\/04\/VISAJ_2026_2-768x512.jpg 768w, https:\/\/www.uqac.ca\/uqactualites\/wp-content\/uploads\/2026\/04\/VISAJ_2026_2-150x100.jpg 150w, https:\/\/www.uqac.ca\/uqactualites\/wp-content\/uploads\/2026\/04\/VISAJ_2026_2-696x464.jpg 696w, https:\/\/www.uqac.ca\/uqactualites\/wp-content\/uploads\/2026\/04\/VISAJ_2026_2-1068x712.jpg 1068w\" sizes=\"(max-width: 1200px) 100vw, 1200px\" alt=\"\">\r\n                            <\/a>\r\n                            <figcaption class = \"td-slide-caption td-gallery-slide-content\"><div class = \"td-gallery-slide-copywrite\">\u00a9Ja\u00eblle Francoeur Photography<\/div><\/figcaption>\r\n                        <\/figure>\r\n                    <\/div>\r\n                    <div class = \"td-slide-item td-item6\">\r\n                        <figure class=\"td-slide-galery-figure td-slide-popup-gallery\">\r\n                            <a class=\"slide-gallery-image-link\" href=\"https:\/\/www.uqac.ca\/uqactualites\/wp-content\/uploads\/2026\/04\/VISAJ2026-5-2-scaled.jpg\" title=\"CHAIRE VISAJ 2026\"  data-caption=\"\u00a9Ja\u00eblle Francoeur Photography\"  data-description=\"\">\r\n                                <img decoding=\"async\" src=\"https:\/\/www.uqac.ca\/uqactualites\/wp-content\/uploads\/2026\/04\/VISAJ2026-5-2-scaled.jpg\" srcset=\"https:\/\/www.uqac.ca\/uqactualites\/wp-content\/uploads\/2026\/04\/VISAJ2026-5-2-scaled.jpg 2560w, https:\/\/www.uqac.ca\/uqactualites\/wp-content\/uploads\/2026\/04\/VISAJ2026-5-2-300x200.jpg 300w, https:\/\/www.uqac.ca\/uqactualites\/wp-content\/uploads\/2026\/04\/VISAJ2026-5-2-1024x683.jpg 1024w, https:\/\/www.uqac.ca\/uqactualites\/wp-content\/uploads\/2026\/04\/VISAJ2026-5-2-768x512.jpg 768w, https:\/\/www.uqac.ca\/uqactualites\/wp-content\/uploads\/2026\/04\/VISAJ2026-5-2-1536x1024.jpg 1536w, https:\/\/www.uqac.ca\/uqactualites\/wp-content\/uploads\/2026\/04\/VISAJ2026-5-2-2048x1365.jpg 2048w, https:\/\/www.uqac.ca\/uqactualites\/wp-content\/uploads\/2026\/04\/VISAJ2026-5-2-150x100.jpg 150w, https:\/\/www.uqac.ca\/uqactualites\/wp-content\/uploads\/2026\/04\/VISAJ2026-5-2-696x464.jpg 696w, https:\/\/www.uqac.ca\/uqactualites\/wp-content\/uploads\/2026\/04\/VISAJ2026-5-2-1068x712.jpg 1068w, https:\/\/www.uqac.ca\/uqactualites\/wp-content\/uploads\/2026\/04\/VISAJ2026-5-2-1920x1280.jpg 1920w\" sizes=\"(max-width: 2560px) 100vw, 2560px\" alt=\"\">\r\n                            <\/a>\r\n                            <figcaption class = \"td-slide-caption td-gallery-slide-content\"><div class = \"td-gallery-slide-copywrite\">\u00a9Ja\u00eblle Francoeur Photography<\/div><\/figcaption>\r\n                        <\/figure>\r\n                    <\/div>\r\n                    <div class = \"td-slide-item td-item7\">\r\n                        <figure class=\"td-slide-galery-figure td-slide-popup-gallery\">\r\n                            <a class=\"slide-gallery-image-link\" href=\"https:\/\/www.uqac.ca\/uqactualites\/wp-content\/uploads\/2026\/04\/VISAJ2026-8-2-scaled.jpg\" title=\"CHAIRE VISAJ 2026\"  data-caption=\"\u00a9Ja\u00eblle Francoeur Photography\"  data-description=\"\">\r\n                                <img decoding=\"async\" src=\"https:\/\/www.uqac.ca\/uqactualites\/wp-content\/uploads\/2026\/04\/VISAJ2026-8-2-scaled.jpg\" srcset=\"https:\/\/www.uqac.ca\/uqactualites\/wp-content\/uploads\/2026\/04\/VISAJ2026-8-2-scaled.jpg 1707w, https:\/\/www.uqac.ca\/uqactualites\/wp-content\/uploads\/2026\/04\/VISAJ2026-8-2-200x300.jpg 200w, https:\/\/www.uqac.ca\/uqactualites\/wp-content\/uploads\/2026\/04\/VISAJ2026-8-2-683x1024.jpg 683w, https:\/\/www.uqac.ca\/uqactualites\/wp-content\/uploads\/2026\/04\/VISAJ2026-8-2-768x1152.jpg 768w, https:\/\/www.uqac.ca\/uqactualites\/wp-content\/uploads\/2026\/04\/VISAJ2026-8-2-1024x1536.jpg 1024w, https:\/\/www.uqac.ca\/uqactualites\/wp-content\/uploads\/2026\/04\/VISAJ2026-8-2-1365x2048.jpg 1365w, https:\/\/www.uqac.ca\/uqactualites\/wp-content\/uploads\/2026\/04\/VISAJ2026-8-2-150x225.jpg 150w, https:\/\/www.uqac.ca\/uqactualites\/wp-content\/uploads\/2026\/04\/VISAJ2026-8-2-300x450.jpg 300w, https:\/\/www.uqac.ca\/uqactualites\/wp-content\/uploads\/2026\/04\/VISAJ2026-8-2-696x1044.jpg 696w, https:\/\/www.uqac.ca\/uqactualites\/wp-content\/uploads\/2026\/04\/VISAJ2026-8-2-1068x1602.jpg 1068w, https:\/\/www.uqac.ca\/uqactualites\/wp-content\/uploads\/2026\/04\/VISAJ2026-8-2-1920x2880.jpg 1920w\" sizes=\"(max-width: 1707px) 100vw, 1707px\" alt=\"\">\r\n                            <\/a>\r\n                            <figcaption class = \"td-slide-caption td-gallery-slide-content\"><div class = \"td-gallery-slide-copywrite\">\u00a9Ja\u00eblle Francoeur Photography<\/div><\/figcaption>\r\n                        <\/figure>\r\n                    <\/div>\r\n                            <\/div>\r\n                        <\/div>\r\n\r\n                        <div class = \"td-doubleSlider-2\">\r\n                            <div class = \"td-slider\">\r\n                                \r\n                    <div class = \"td-button td-item1\">\r\n                        <div class = \"td-border\"><\/div>\r\n                    <\/div>\r\n                    <div class = \"td-button td-item2\">\r\n                        <div class = \"td-border\"><\/div>\r\n                    <\/div>\r\n                    <div class = \"td-button td-item3\">\r\n                        <div class = \"td-border\"><\/div>\r\n                    <\/div>\r\n                    <div class = \"td-button td-item4\">\r\n                        <div class = \"td-border\"><\/div>\r\n                    <\/div>\r\n                    <div class = \"td-button td-item5\">\r\n                        <div class = \"td-border\"><\/div>\r\n                    <\/div>\r\n                    <div class = \"td-button td-item6\">\r\n                        <div class = \"td-border\"><\/div>\r\n                    <\/div>\r\n                    <div class = \"td-button td-item7\">\r\n                        <div class = \"td-border\"><\/div>\r\n                    <\/div>\r\n                            <\/div>\r\n                        <\/div>\r\n\r\n                    <\/div>\r\n\r\n                <\/div>\r\n                \n<h4>Quelques mots sur la Chaire de recherche VISAJ<\/h4>\n<p>La Chaire VISAJ (Vie et sant\u00e9 des jeunes) est une chaire interdisciplinaire, intersectorielle et interordres conjointe entre l\u2019UQAC et le C\u00e9gep de Jonqui\u00e8re. Elle regroupe des chercheuses et chercheurs de divers horizons autour d\u2019une mission commune : mieux comprendre les r\u00e9alit\u00e9s v\u00e9cues par les jeunes et soutenir des initiatives porteuses pour leur bien-\u00eatre. Elle est codirig\u00e9e par les professeures <a href=\"https:\/\/www.visaj.ca\/equipe\/marie-eve-blackburn\/\" target=\"_blank\" rel=\"noopener\">Marie-\u00c8ve Blackburn<\/a> (C\u00e9gep de Jonqui\u00e8re), <a href=\"https:\/\/portfolio.uqac.ca\/jacinthedion\/\" target=\"_blank\" rel=\"noopener\">Jacinthe Dion<\/a> (UQTR, psychologie) et <a href=\"https:\/\/portfolio.uqac.ca\/evepouliot\/\" target=\"_blank\" rel=\"noopener\">Eve Pouliot<\/a> (UQAC, travail social).<br \/>\nPhotos : \u00a9Ja\u00eblle Francoeur Photography<\/p>\n","protected":false},"excerpt":{"rendered":"<p>Le 26 mars dernier s\u2019est tenu \u00e0 l\u2019UQAC le colloque annuel de la Chaire de recherche VISAJ, auquel se sont inscrites plus de 160 personnes participantes. Le th\u00e8me de cette \u00e9dition, \u00abVivre, grandir et se construire en contexte num\u00e9rique\u00bb, visait \u00e0 favoriser les \u00e9changes, le r\u00e9seautage et la valorisation de la recherche dans ce domaine, [&hellip;]<\/p>\n","protected":false},"author":5,"featured_media":54180,"comment_status":"closed","ping_status":"open","sticky":false,"template":"","format":"standard","meta":{"footnotes":""},"categories":[2795,2,61],"tags":[22,169,569],"yoast_head":"<!-- This site is optimized with the Yoast SEO plugin v24.2 - https:\/\/yoast.com\/wordpress\/plugins\/seo\/ -->\r\n<title>La Chaire VISAJ tient son colloque annuel \u00e0 l\u2019UQAC - UQACtualit\u00e9s<\/title>\r\n<meta name=\"robots\" content=\"index, follow, max-snippet:-1, max-image-preview:large, max-video-preview:-1\" \/>\r\n<link rel=\"canonical\" href=\"https:\/\/www.uqac.ca\/uqactualites\/2026\/04\/01\/la-chaire-visaj-tient-son-colloque-annuel-a-luqac\/\" \/>\r\n<meta property=\"og:locale\" content=\"fr_CA\" \/>\r\n<meta property=\"og:type\" content=\"article\" \/>\r\n<meta property=\"og:title\" content=\"La Chaire VISAJ tient son colloque annuel \u00e0 l\u2019UQAC - UQACtualit\u00e9s\" \/>\r\n<meta property=\"og:description\" content=\"Le 26 mars dernier s\u2019est tenu \u00e0 l\u2019UQAC le colloque annuel de la Chaire de recherche VISAJ, auquel se sont inscrites plus de 160 personnes participantes. Le th\u00e8me de cette \u00e9dition, \u00abVivre, grandir et se construire en contexte num\u00e9rique\u00bb, visait \u00e0 favoriser les \u00e9changes, le r\u00e9seautage et la valorisation de la recherche dans ce domaine, [&hellip;]\" \/>\r\n<meta property=\"og:url\" content=\"https:\/\/www.uqac.ca\/uqactualites\/2026\/04\/01\/la-chaire-visaj-tient-son-colloque-annuel-a-luqac\/\" \/>\r\n<meta property=\"og:site_name\" content=\"UQACtualit\u00e9s\" \/>\r\n<meta property=\"article:published_time\" content=\"2026-04-01T15:39:28+00:00\" \/>\r\n<meta property=\"article:modified_time\" content=\"2026-04-01T20:13:08+00:00\" \/>\r\n<meta property=\"og:image\" content=\"https:\/\/www.uqac.ca\/uqactualites\/wp-content\/uploads\/2026\/04\/VISAJ_2026_2.jpg\" \/>\r\n\t<meta property=\"og:image:width\" content=\"1200\" \/>\r\n\t<meta property=\"og:image:height\" content=\"800\" \/>\r\n\t<meta property=\"og:image:type\" content=\"image\/jpeg\" \/>\r\n<meta name=\"author\" content=\"Service des communications et des relations publiques\" \/>\r\n<meta name=\"twitter:card\" content=\"summary_large_image\" \/>\r\n<meta name=\"twitter:label1\" content=\"\u00c9crit par\" \/>\n\t<meta name=\"twitter:data1\" content=\"Service des communications et des relations publiques\" \/>\n\t<meta name=\"twitter:label2\" content=\"Estimation du temps de lecture\" \/>\n\t<meta name=\"twitter:data2\" content=\"2 minutes\" \/>\r\n<script type=\"application\/ld+json\" class=\"yoast-schema-graph\">{\"@context\":\"https:\/\/schema.org\",\"@graph\":[{\"@type\":\"WebPage\",\"@id\":\"https:\/\/www.uqac.ca\/uqactualites\/2026\/04\/01\/la-chaire-visaj-tient-son-colloque-annuel-a-luqac\/\",\"url\":\"https:\/\/www.uqac.ca\/uqactualites\/2026\/04\/01\/la-chaire-visaj-tient-son-colloque-annuel-a-luqac\/\",\"name\":\"La Chaire VISAJ tient son colloque annuel \u00e0 l\u2019UQAC - UQACtualit\u00e9s\",\"isPartOf\":{\"@id\":\"https:\/\/www.uqac.ca\/uqactualites\/#website\"},\"primaryImageOfPage\":{\"@id\":\"https:\/\/www.uqac.ca\/uqactualites\/2026\/04\/01\/la-chaire-visaj-tient-son-colloque-annuel-a-luqac\/#primaryimage\"},\"image\":{\"@id\":\"https:\/\/www.uqac.ca\/uqactualites\/2026\/04\/01\/la-chaire-visaj-tient-son-colloque-annuel-a-luqac\/#primaryimage\"},\"thumbnailUrl\":\"https:\/\/www.uqac.ca\/uqactualites\/wp-content\/uploads\/2026\/04\/VISAJ_2026_2.jpg\",\"datePublished\":\"2026-04-01T15:39:28+00:00\",\"dateModified\":\"2026-04-01T20:13:08+00:00\",\"author\":{\"@id\":\"https:\/\/www.uqac.ca\/uqactualites\/#\/schema\/person\/366c45a0c4f0e677b41b4af5886e2018\"},\"breadcrumb\":{\"@id\":\"https:\/\/www.uqac.ca\/uqactualites\/2026\/04\/01\/la-chaire-visaj-tient-son-colloque-annuel-a-luqac\/#breadcrumb\"},\"inLanguage\":\"fr-CA\",\"potentialAction\":[{\"@type\":\"ReadAction\",\"target\":[\"https:\/\/www.uqac.ca\/uqactualites\/2026\/04\/01\/la-chaire-visaj-tient-son-colloque-annuel-a-luqac\/\"]}]},{\"@type\":\"ImageObject\",\"inLanguage\":\"fr-CA\",\"@id\":\"https:\/\/www.uqac.ca\/uqactualites\/2026\/04\/01\/la-chaire-visaj-tient-son-colloque-annuel-a-luqac\/#primaryimage\",\"url\":\"https:\/\/www.uqac.ca\/uqactualites\/wp-content\/uploads\/2026\/04\/VISAJ_2026_2.jpg\",\"contentUrl\":\"https:\/\/www.uqac.ca\/uqactualites\/wp-content\/uploads\/2026\/04\/VISAJ_2026_2.jpg\",\"width\":1200,\"height\":800,\"caption\":\"\u00a9Ja\u00eblle Francoeur Photography\"},{\"@type\":\"BreadcrumbList\",\"@id\":\"https:\/\/www.uqac.ca\/uqactualites\/2026\/04\/01\/la-chaire-visaj-tient-son-colloque-annuel-a-luqac\/#breadcrumb\",\"itemListElement\":[{\"@type\":\"ListItem\",\"position\":1,\"name\":\"Home\",\"item\":\"https:\/\/www.uqac.ca\/uqactualites\/\"},{\"@type\":\"ListItem\",\"position\":2,\"name\":\"La Chaire VISAJ tient son colloque annuel \u00e0 l\u2019UQAC\"}]},{\"@type\":\"WebSite\",\"@id\":\"https:\/\/www.uqac.ca\/uqactualites\/#website\",\"url\":\"https:\/\/www.uqac.ca\/uqactualites\/\",\"name\":\"UQACtualit\u00e9s\",\"description\":\"Le portail des nouvelles de l&#039;UQAC\",\"potentialAction\":[{\"@type\":\"SearchAction\",\"target\":{\"@type\":\"EntryPoint\",\"urlTemplate\":\"https:\/\/www.uqac.ca\/uqactualites\/?s={search_term_string}\"},\"query-input\":{\"@type\":\"PropertyValueSpecification\",\"valueRequired\":true,\"valueName\":\"search_term_string\"}}],\"inLanguage\":\"fr-CA\"},{\"@type\":\"Person\",\"@id\":\"https:\/\/www.uqac.ca\/uqactualites\/#\/schema\/person\/366c45a0c4f0e677b41b4af5886e2018\",\"name\":\"Service des communications et des relations publiques\",\"image\":{\"@type\":\"ImageObject\",\"inLanguage\":\"fr-CA\",\"@id\":\"https:\/\/www.uqac.ca\/uqactualites\/#\/schema\/person\/image\/\",\"url\":\"https:\/\/secure.gravatar.com\/avatar\/20fbbda8a292f59f2d3461a5b999c00b?s=96&d=mm&r=g\",\"contentUrl\":\"https:\/\/secure.gravatar.com\/avatar\/20fbbda8a292f59f2d3461a5b999c00b?s=96&d=mm&r=g\",\"caption\":\"Service des communications et des relations publiques\"},\"url\":\"https:\/\/www.uqac.ca\/uqactualites\/author\/bap\/\"}]}<\/script>\r\n<!-- \/ Yoast SEO plugin. -->","yoast_head_json":{"title":"La Chaire VISAJ tient son colloque annuel \u00e0 l\u2019UQAC - UQACtualit\u00e9s","robots":{"index":"index","follow":"follow","max-snippet":"max-snippet:-1","max-image-preview":"max-image-preview:large","max-video-preview":"max-video-preview:-1"},"canonical":"https:\/\/www.uqac.ca\/uqactualites\/2026\/04\/01\/la-chaire-visaj-tient-son-colloque-annuel-a-luqac\/","og_locale":"fr_CA","og_type":"article","og_title":"La Chaire VISAJ tient son colloque annuel \u00e0 l\u2019UQAC - UQACtualit\u00e9s","og_description":"Le 26 mars dernier s\u2019est tenu \u00e0 l\u2019UQAC le colloque annuel de la Chaire de recherche VISAJ, auquel se sont inscrites plus de 160 personnes participantes. Le th\u00e8me de cette \u00e9dition, \u00abVivre, grandir et se construire en contexte num\u00e9rique\u00bb, visait \u00e0 favoriser les \u00e9changes, le r\u00e9seautage et la valorisation de la recherche dans ce domaine, [&hellip;]","og_url":"https:\/\/www.uqac.ca\/uqactualites\/2026\/04\/01\/la-chaire-visaj-tient-son-colloque-annuel-a-luqac\/","og_site_name":"UQACtualit\u00e9s","article_published_time":"2026-04-01T15:39:28+00:00","article_modified_time":"2026-04-01T20:13:08+00:00","og_image":[{"width":1200,"height":800,"url":"https:\/\/www.uqac.ca\/uqactualites\/wp-content\/uploads\/2026\/04\/VISAJ_2026_2.jpg","type":"image\/jpeg"}],"author":"Service des communications et des relations publiques","twitter_card":"summary_large_image","twitter_misc":{"\u00c9crit par":"Service des communications et des relations publiques","Estimation du temps de lecture":"2 minutes"},"schema":{"@context":"https:\/\/schema.org","@graph":[{"@type":"WebPage","@id":"https:\/\/www.uqac.ca\/uqactualites\/2026\/04\/01\/la-chaire-visaj-tient-son-colloque-annuel-a-luqac\/","url":"https:\/\/www.uqac.ca\/uqactualites\/2026\/04\/01\/la-chaire-visaj-tient-son-colloque-annuel-a-luqac\/","name":"La Chaire VISAJ tient son colloque annuel \u00e0 l\u2019UQAC - UQACtualit\u00e9s","isPartOf":{"@id":"https:\/\/www.uqac.ca\/uqactualites\/#website"},"primaryImageOfPage":{"@id":"https:\/\/www.uqac.ca\/uqactualites\/2026\/04\/01\/la-chaire-visaj-tient-son-colloque-annuel-a-luqac\/#primaryimage"},"image":{"@id":"https:\/\/www.uqac.ca\/uqactualites\/2026\/04\/01\/la-chaire-visaj-tient-son-colloque-annuel-a-luqac\/#primaryimage"},"thumbnailUrl":"https:\/\/www.uqac.ca\/uqactualites\/wp-content\/uploads\/2026\/04\/VISAJ_2026_2.jpg","datePublished":"2026-04-01T15:39:28+00:00","dateModified":"2026-04-01T20:13:08+00:00","author":{"@id":"https:\/\/www.uqac.ca\/uqactualites\/#\/schema\/person\/366c45a0c4f0e677b41b4af5886e2018"},"breadcrumb":{"@id":"https:\/\/www.uqac.ca\/uqactualites\/2026\/04\/01\/la-chaire-visaj-tient-son-colloque-annuel-a-luqac\/#breadcrumb"},"inLanguage":"fr-CA","potentialAction":[{"@type":"ReadAction","target":["https:\/\/www.uqac.ca\/uqactualites\/2026\/04\/01\/la-chaire-visaj-tient-son-colloque-annuel-a-luqac\/"]}]},{"@type":"ImageObject","inLanguage":"fr-CA","@id":"https:\/\/www.uqac.ca\/uqactualites\/2026\/04\/01\/la-chaire-visaj-tient-son-colloque-annuel-a-luqac\/#primaryimage","url":"https:\/\/www.uqac.ca\/uqactualites\/wp-content\/uploads\/2026\/04\/VISAJ_2026_2.jpg","contentUrl":"https:\/\/www.uqac.ca\/uqactualites\/wp-content\/uploads\/2026\/04\/VISAJ_2026_2.jpg","width":1200,"height":800,"caption":"\u00a9Ja\u00eblle Francoeur Photography"},{"@type":"BreadcrumbList","@id":"https:\/\/www.uqac.ca\/uqactualites\/2026\/04\/01\/la-chaire-visaj-tient-son-colloque-annuel-a-luqac\/#breadcrumb","itemListElement":[{"@type":"ListItem","position":1,"name":"Home","item":"https:\/\/www.uqac.ca\/uqactualites\/"},{"@type":"ListItem","position":2,"name":"La Chaire VISAJ tient son colloque annuel \u00e0 l\u2019UQAC"}]},{"@type":"WebSite","@id":"https:\/\/www.uqac.ca\/uqactualites\/#website","url":"https:\/\/www.uqac.ca\/uqactualites\/","name":"UQACtualit\u00e9s","description":"Le portail des nouvelles de l&#039;UQAC","potentialAction":[{"@type":"SearchAction","target":{"@type":"EntryPoint","urlTemplate":"https:\/\/www.uqac.ca\/uqactualites\/?s={search_term_string}"},"query-input":{"@type":"PropertyValueSpecification","valueRequired":true,"valueName":"search_term_string"}}],"inLanguage":"fr-CA"},{"@type":"Person","@id":"https:\/\/www.uqac.ca\/uqactualites\/#\/schema\/person\/366c45a0c4f0e677b41b4af5886e2018","name":"Service des communications et des relations publiques","image":{"@type":"ImageObject","inLanguage":"fr-CA","@id":"https:\/\/www.uqac.ca\/uqactualites\/#\/schema\/person\/image\/","url":"https:\/\/secure.gravatar.com\/avatar\/20fbbda8a292f59f2d3461a5b999c00b?s=96&d=mm&r=g","contentUrl":"https:\/\/secure.gravatar.com\/avatar\/20fbbda8a292f59f2d3461a5b999c00b?s=96&d=mm&r=g","caption":"Service des communications et des relations publiques"},"url":"https:\/\/www.uqac.ca\/uqactualites\/author\/bap\/"}]}},"_links":{"self":[{"href":"https:\/\/www.uqac.ca\/uqactualites\/wp-json\/wp\/v2\/posts\/54178"}],"collection":[{"href":"https:\/\/www.uqac.ca\/uqactualites\/wp-json\/wp\/v2\/posts"}],"about":[{"href":"https:\/\/www.uqac.ca\/uqactualites\/wp-json\/wp\/v2\/types\/post"}],"author":[{"embeddable":true,"href":"https:\/\/www.uqac.ca\/uqactualites\/wp-json\/wp\/v2\/users\/5"}],"replies":[{"embeddable":true,"href":"https:\/\/www.uqac.ca\/uqactualites\/wp-json\/wp\/v2\/comments?post=54178"}],"version-history":[{"count":5,"href":"https:\/\/www.uqac.ca\/uqactualites\/wp-json\/wp\/v2\/posts\/54178\/revisions"}],"predecessor-version":[{"id":54207,"href":"https:\/\/www.uqac.ca\/uqactualites\/wp-json\/wp\/v2\/posts\/54178\/revisions\/54207"}],"wp:featuredmedia":[{"embeddable":true,"href":"https:\/\/www.uqac.ca\/uqactualites\/wp-json\/wp\/v2\/media\/54180"}],"wp:attachment":[{"href":"https:\/\/www.uqac.ca\/uqactualites\/wp-json\/wp\/v2\/media?parent=54178"}],"wp:term":[{"taxonomy":"category","embeddable":true,"href":"https:\/\/www.uqac.ca\/uqactualites\/wp-json\/wp\/v2\/categories?post=54178"},{"taxonomy":"post_tag","embeddable":true,"href":"https:\/\/www.uqac.ca\/uqactualites\/wp-json\/wp\/v2\/tags?post=54178"}],"curies":[{"name":"wp","href":"https:\/\/api.w.org\/{rel}","templated":true}]}}