{"id":54199,"date":"2026-04-01T14:27:02","date_gmt":"2026-04-01T18:27:02","guid":{"rendered":"https:\/\/www.uqac.ca\/uqactualites\/?p=54199"},"modified":"2026-04-01T14:42:50","modified_gmt":"2026-04-01T18:42:50","slug":"letudiante-eva-lalancette-decroche-le-2e-prix-du-concours-deloquence-delie-ta-langue","status":"publish","type":"post","link":"https:\/\/www.uqac.ca\/uqactualites\/2026\/04\/01\/letudiante-eva-lalancette-decroche-le-2e-prix-du-concours-deloquence-delie-ta-langue\/","title":{"rendered":"L&rsquo;\u00e9tudiante \u00c9va Lalancette d\u00e9croche le 2e prix du concours d\u2019\u00e9loquence \u00abD\u00e9lie ta langue!\u00bb"},"content":{"rendered":"<p>Le 30 mars dernier, l\u2019\u00e9tudiante au <a href=\"https:\/\/www.uqac.ca\/programme\/7651-bacc-en-ens-secondaire-profil-francais\/?officiel=oui\" target=\"_blank\" rel=\"noopener\">baccalaur\u00e9at en enseignement secondaire \u2013 profil fran\u00e7ais<\/a> \u00c9va Lalancette a remport\u00e9 le 2e prix du concours d\u2019\u00e9loquence \u00abD\u00e9lie ta langue!\u00bb gr\u00e2ce \u00e0 sa performance remarquable \u00e0 la grande finale, tenue \u00e0 l\u2019Universit\u00e9 de Montr\u00e9al. La laur\u00e9ate a obtenu une bourse de 3 000 $ offerte par la <a href=\"https:\/\/montreal.ca\/\">Ville de Montr\u00e9al.<\/a><\/p>\n<p>Le concours \u00ab D\u00e9lie ta langue! \u00bb permet \u00e0 des \u00e9tudiantes et \u00e9tudiants de premier cycle de donner une pr\u00e9sentation orale professionnelle s\u2019articulant autour d\u2019une expression de la langue fran\u00e7aise et faisant le lien avec un enjeu d\u2019actualit\u00e9. \u00c9va Lalancette a habilement abord\u00e9 la discrimination fond\u00e9e sur le genre \u00e0 travers l\u2019expression \u00abporter la culotte\u00bb.<\/p>\n<p>Quatre autres \u00e9tudiantes et \u00e9tudiants de l\u2019UQAC s\u2019\u00e9taient d\u2019ailleurs pr\u00eat\u00e9 au jeu lors de la <a href=\"https:\/\/www.uqac.ca\/uqactualites\/2026\/02\/23\/des-prestations-de-haut-calibre-pour-la-finale-locale-du-concours-deloquence-delie-ta-langue\/\" target=\"_blank\" rel=\"noopener\">finale locale<\/a>, qui avait lieu \u00e0 l&rsquo;UQAC le 18 f\u00e9vrier dernier.<\/p>\n<p>F\u00e9licitations \u00e0 \u00c9va, qui a fi\u00e8rement repr\u00e9sent\u00e9 l&rsquo;UQAC avec son \u00e9loquente prestation!<\/p>\n<p><strong><a href=\"https:\/\/youtu.be\/BWTj-wqw_b8?t=4711\" target=\"_blank\" rel=\"noopener\">Visionner la prestation d&rsquo;\u00c9va Lalancette en rediffusion<\/a><\/strong><\/p>\n<p><strong><a href=\"https:\/\/www.youtube.com\/watch?v=BWTj-wqw_b8&amp;t=1s\" target=\"_blank\" rel=\"noopener\">Acc\u00e9der \u00e0 la rediffusion compl\u00e8te de la finale<\/a><\/strong><\/p>\n<p>&nbsp;<\/p>\n<p>&nbsp;<\/p>\n","protected":false},"excerpt":{"rendered":"<p>Le 30 mars dernier, l\u2019\u00e9tudiante au baccalaur\u00e9at en enseignement secondaire \u2013 profil fran\u00e7ais \u00c9va Lalancette a remport\u00e9 le 2e prix du concours d\u2019\u00e9loquence \u00abD\u00e9lie ta langue!\u00bb gr\u00e2ce \u00e0 sa performance remarquable \u00e0 la grande finale, tenue \u00e0 l\u2019Universit\u00e9 de Montr\u00e9al. La laur\u00e9ate a obtenu une bourse de 3 000 $ offerte par la Ville de [&hellip;]<\/p>\n","protected":false},"author":5,"featured_media":54200,"comment_status":"closed","ping_status":"open","sticky":false,"template":"","format":"standard","meta":{"footnotes":""},"categories":[2795,2,9],"tags":[2848,39,5],"yoast_head":"<!-- This site is optimized with the Yoast SEO plugin v24.2 - https:\/\/yoast.com\/wordpress\/plugins\/seo\/ -->\r\n<title>L&#039;\u00e9tudiante \u00c9va Lalancette d\u00e9croche le 2e prix du concours d\u2019\u00e9loquence \u00abD\u00e9lie ta langue!\u00bb - UQACtualit\u00e9s<\/title>\r\n<meta name=\"robots\" content=\"index, follow, max-snippet:-1, max-image-preview:large, max-video-preview:-1\" \/>\r\n<link rel=\"canonical\" href=\"https:\/\/www.uqac.ca\/uqactualites\/2026\/04\/01\/letudiante-eva-lalancette-decroche-le-2e-prix-du-concours-deloquence-delie-ta-langue\/\" \/>\r\n<meta property=\"og:locale\" content=\"fr_CA\" \/>\r\n<meta property=\"og:type\" content=\"article\" \/>\r\n<meta property=\"og:title\" content=\"L&#039;\u00e9tudiante \u00c9va Lalancette d\u00e9croche le 2e prix du concours d\u2019\u00e9loquence \u00abD\u00e9lie ta langue!\u00bb - UQACtualit\u00e9s\" \/>\r\n<meta property=\"og:description\" content=\"Le 30 mars dernier, l\u2019\u00e9tudiante au baccalaur\u00e9at en enseignement secondaire \u2013 profil fran\u00e7ais \u00c9va Lalancette a remport\u00e9 le 2e prix du concours d\u2019\u00e9loquence \u00abD\u00e9lie ta langue!\u00bb gr\u00e2ce \u00e0 sa performance remarquable \u00e0 la grande finale, tenue \u00e0 l\u2019Universit\u00e9 de Montr\u00e9al. La laur\u00e9ate a obtenu une bourse de 3 000 $ offerte par la Ville de [&hellip;]\" \/>\r\n<meta property=\"og:url\" content=\"https:\/\/www.uqac.ca\/uqactualites\/2026\/04\/01\/letudiante-eva-lalancette-decroche-le-2e-prix-du-concours-deloquence-delie-ta-langue\/\" \/>\r\n<meta property=\"og:site_name\" content=\"UQACtualit\u00e9s\" \/>\r\n<meta property=\"article:published_time\" content=\"2026-04-01T18:27:02+00:00\" \/>\r\n<meta property=\"article:modified_time\" content=\"2026-04-01T18:42:50+00:00\" \/>\r\n<meta property=\"og:image\" content=\"https:\/\/www.uqac.ca\/uqactualites\/wp-content\/uploads\/2026\/04\/A-la-une-UQACtualite-14.png\" \/>\r\n\t<meta property=\"og:image:width\" content=\"1920\" \/>\r\n\t<meta property=\"og:image:height\" content=\"1080\" \/>\r\n\t<meta property=\"og:image:type\" content=\"image\/png\" \/>\r\n<meta name=\"author\" content=\"Service des communications et des relations publiques\" \/>\r\n<meta name=\"twitter:card\" content=\"summary_large_image\" \/>\r\n<meta name=\"twitter:label1\" content=\"\u00c9crit par\" \/>\n\t<meta name=\"twitter:data1\" content=\"Service des communications et des relations publiques\" \/>\n\t<meta name=\"twitter:label2\" content=\"Estimation du temps de lecture\" \/>\n\t<meta name=\"twitter:data2\" content=\"2 minutes\" \/>\r\n<script type=\"application\/ld+json\" class=\"yoast-schema-graph\">{\"@context\":\"https:\/\/schema.org\",\"@graph\":[{\"@type\":\"WebPage\",\"@id\":\"https:\/\/www.uqac.ca\/uqactualites\/2026\/04\/01\/letudiante-eva-lalancette-decroche-le-2e-prix-du-concours-deloquence-delie-ta-langue\/\",\"url\":\"https:\/\/www.uqac.ca\/uqactualites\/2026\/04\/01\/letudiante-eva-lalancette-decroche-le-2e-prix-du-concours-deloquence-delie-ta-langue\/\",\"name\":\"L'\u00e9tudiante \u00c9va Lalancette d\u00e9croche le 2e prix du concours d\u2019\u00e9loquence \u00abD\u00e9lie ta langue!\u00bb - UQACtualit\u00e9s\",\"isPartOf\":{\"@id\":\"https:\/\/www.uqac.ca\/uqactualites\/#website\"},\"primaryImageOfPage\":{\"@id\":\"https:\/\/www.uqac.ca\/uqactualites\/2026\/04\/01\/letudiante-eva-lalancette-decroche-le-2e-prix-du-concours-deloquence-delie-ta-langue\/#primaryimage\"},\"image\":{\"@id\":\"https:\/\/www.uqac.ca\/uqactualites\/2026\/04\/01\/letudiante-eva-lalancette-decroche-le-2e-prix-du-concours-deloquence-delie-ta-langue\/#primaryimage\"},\"thumbnailUrl\":\"https:\/\/www.uqac.ca\/uqactualites\/wp-content\/uploads\/2026\/04\/A-la-une-UQACtualite-14.png\",\"datePublished\":\"2026-04-01T18:27:02+00:00\",\"dateModified\":\"2026-04-01T18:42:50+00:00\",\"author\":{\"@id\":\"https:\/\/www.uqac.ca\/uqactualites\/#\/schema\/person\/366c45a0c4f0e677b41b4af5886e2018\"},\"breadcrumb\":{\"@id\":\"https:\/\/www.uqac.ca\/uqactualites\/2026\/04\/01\/letudiante-eva-lalancette-decroche-le-2e-prix-du-concours-deloquence-delie-ta-langue\/#breadcrumb\"},\"inLanguage\":\"fr-CA\",\"potentialAction\":[{\"@type\":\"ReadAction\",\"target\":[\"https:\/\/www.uqac.ca\/uqactualites\/2026\/04\/01\/letudiante-eva-lalancette-decroche-le-2e-prix-du-concours-deloquence-delie-ta-langue\/\"]}]},{\"@type\":\"ImageObject\",\"inLanguage\":\"fr-CA\",\"@id\":\"https:\/\/www.uqac.ca\/uqactualites\/2026\/04\/01\/letudiante-eva-lalancette-decroche-le-2e-prix-du-concours-deloquence-delie-ta-langue\/#primaryimage\",\"url\":\"https:\/\/www.uqac.ca\/uqactualites\/wp-content\/uploads\/2026\/04\/A-la-une-UQACtualite-14.png\",\"contentUrl\":\"https:\/\/www.uqac.ca\/uqactualites\/wp-content\/uploads\/2026\/04\/A-la-une-UQACtualite-14.png\",\"width\":1920,\"height\":1080,\"caption\":\"Sur la photo : Aur\u00e9lie Arnaud, directrice du Bureau de la langue fran\u00e7aise de la Ville de Montr\u00e9al, et \u00c9va Lalancette, r\u00e9cipiendaire du 2e prix du concours D\u00e9lie ta langue! 2026. \u00a9 R\u00e9my Boily\"},{\"@type\":\"BreadcrumbList\",\"@id\":\"https:\/\/www.uqac.ca\/uqactualites\/2026\/04\/01\/letudiante-eva-lalancette-decroche-le-2e-prix-du-concours-deloquence-delie-ta-langue\/#breadcrumb\",\"itemListElement\":[{\"@type\":\"ListItem\",\"position\":1,\"name\":\"Home\",\"item\":\"https:\/\/www.uqac.ca\/uqactualites\/\"},{\"@type\":\"ListItem\",\"position\":2,\"name\":\"L&rsquo;\u00e9tudiante \u00c9va Lalancette d\u00e9croche le 2e prix du concours d\u2019\u00e9loquence \u00abD\u00e9lie ta langue!\u00bb\"}]},{\"@type\":\"WebSite\",\"@id\":\"https:\/\/www.uqac.ca\/uqactualites\/#website\",\"url\":\"https:\/\/www.uqac.ca\/uqactualites\/\",\"name\":\"UQACtualit\u00e9s\",\"description\":\"Le portail des nouvelles de l&#039;UQAC\",\"potentialAction\":[{\"@type\":\"SearchAction\",\"target\":{\"@type\":\"EntryPoint\",\"urlTemplate\":\"https:\/\/www.uqac.ca\/uqactualites\/?s={search_term_string}\"},\"query-input\":{\"@type\":\"PropertyValueSpecification\",\"valueRequired\":true,\"valueName\":\"search_term_string\"}}],\"inLanguage\":\"fr-CA\"},{\"@type\":\"Person\",\"@id\":\"https:\/\/www.uqac.ca\/uqactualites\/#\/schema\/person\/366c45a0c4f0e677b41b4af5886e2018\",\"name\":\"Service des communications et des relations publiques\",\"image\":{\"@type\":\"ImageObject\",\"inLanguage\":\"fr-CA\",\"@id\":\"https:\/\/www.uqac.ca\/uqactualites\/#\/schema\/person\/image\/\",\"url\":\"https:\/\/secure.gravatar.com\/avatar\/20fbbda8a292f59f2d3461a5b999c00b?s=96&d=mm&r=g\",\"contentUrl\":\"https:\/\/secure.gravatar.com\/avatar\/20fbbda8a292f59f2d3461a5b999c00b?s=96&d=mm&r=g\",\"caption\":\"Service des communications et des relations publiques\"},\"url\":\"https:\/\/www.uqac.ca\/uqactualites\/author\/bap\/\"}]}<\/script>\r\n<!-- \/ Yoast SEO plugin. -->","yoast_head_json":{"title":"L'\u00e9tudiante \u00c9va Lalancette d\u00e9croche le 2e prix du concours d\u2019\u00e9loquence \u00abD\u00e9lie ta langue!\u00bb - UQACtualit\u00e9s","robots":{"index":"index","follow":"follow","max-snippet":"max-snippet:-1","max-image-preview":"max-image-preview:large","max-video-preview":"max-video-preview:-1"},"canonical":"https:\/\/www.uqac.ca\/uqactualites\/2026\/04\/01\/letudiante-eva-lalancette-decroche-le-2e-prix-du-concours-deloquence-delie-ta-langue\/","og_locale":"fr_CA","og_type":"article","og_title":"L'\u00e9tudiante \u00c9va Lalancette d\u00e9croche le 2e prix du concours d\u2019\u00e9loquence \u00abD\u00e9lie ta langue!\u00bb - UQACtualit\u00e9s","og_description":"Le 30 mars dernier, l\u2019\u00e9tudiante au baccalaur\u00e9at en enseignement secondaire \u2013 profil fran\u00e7ais \u00c9va Lalancette a remport\u00e9 le 2e prix du concours d\u2019\u00e9loquence \u00abD\u00e9lie ta langue!\u00bb gr\u00e2ce \u00e0 sa performance remarquable \u00e0 la grande finale, tenue \u00e0 l\u2019Universit\u00e9 de Montr\u00e9al. La laur\u00e9ate a obtenu une bourse de 3 000 $ offerte par la Ville de [&hellip;]","og_url":"https:\/\/www.uqac.ca\/uqactualites\/2026\/04\/01\/letudiante-eva-lalancette-decroche-le-2e-prix-du-concours-deloquence-delie-ta-langue\/","og_site_name":"UQACtualit\u00e9s","article_published_time":"2026-04-01T18:27:02+00:00","article_modified_time":"2026-04-01T18:42:50+00:00","og_image":[{"width":1920,"height":1080,"url":"https:\/\/www.uqac.ca\/uqactualites\/wp-content\/uploads\/2026\/04\/A-la-une-UQACtualite-14.png","type":"image\/png"}],"author":"Service des communications et des relations publiques","twitter_card":"summary_large_image","twitter_misc":{"\u00c9crit par":"Service des communications et des relations publiques","Estimation du temps de lecture":"2 minutes"},"schema":{"@context":"https:\/\/schema.org","@graph":[{"@type":"WebPage","@id":"https:\/\/www.uqac.ca\/uqactualites\/2026\/04\/01\/letudiante-eva-lalancette-decroche-le-2e-prix-du-concours-deloquence-delie-ta-langue\/","url":"https:\/\/www.uqac.ca\/uqactualites\/2026\/04\/01\/letudiante-eva-lalancette-decroche-le-2e-prix-du-concours-deloquence-delie-ta-langue\/","name":"L'\u00e9tudiante \u00c9va Lalancette d\u00e9croche le 2e prix du concours d\u2019\u00e9loquence \u00abD\u00e9lie ta langue!\u00bb - UQACtualit\u00e9s","isPartOf":{"@id":"https:\/\/www.uqac.ca\/uqactualites\/#website"},"primaryImageOfPage":{"@id":"https:\/\/www.uqac.ca\/uqactualites\/2026\/04\/01\/letudiante-eva-lalancette-decroche-le-2e-prix-du-concours-deloquence-delie-ta-langue\/#primaryimage"},"image":{"@id":"https:\/\/www.uqac.ca\/uqactualites\/2026\/04\/01\/letudiante-eva-lalancette-decroche-le-2e-prix-du-concours-deloquence-delie-ta-langue\/#primaryimage"},"thumbnailUrl":"https:\/\/www.uqac.ca\/uqactualites\/wp-content\/uploads\/2026\/04\/A-la-une-UQACtualite-14.png","datePublished":"2026-04-01T18:27:02+00:00","dateModified":"2026-04-01T18:42:50+00:00","author":{"@id":"https:\/\/www.uqac.ca\/uqactualites\/#\/schema\/person\/366c45a0c4f0e677b41b4af5886e2018"},"breadcrumb":{"@id":"https:\/\/www.uqac.ca\/uqactualites\/2026\/04\/01\/letudiante-eva-lalancette-decroche-le-2e-prix-du-concours-deloquence-delie-ta-langue\/#breadcrumb"},"inLanguage":"fr-CA","potentialAction":[{"@type":"ReadAction","target":["https:\/\/www.uqac.ca\/uqactualites\/2026\/04\/01\/letudiante-eva-lalancette-decroche-le-2e-prix-du-concours-deloquence-delie-ta-langue\/"]}]},{"@type":"ImageObject","inLanguage":"fr-CA","@id":"https:\/\/www.uqac.ca\/uqactualites\/2026\/04\/01\/letudiante-eva-lalancette-decroche-le-2e-prix-du-concours-deloquence-delie-ta-langue\/#primaryimage","url":"https:\/\/www.uqac.ca\/uqactualites\/wp-content\/uploads\/2026\/04\/A-la-une-UQACtualite-14.png","contentUrl":"https:\/\/www.uqac.ca\/uqactualites\/wp-content\/uploads\/2026\/04\/A-la-une-UQACtualite-14.png","width":1920,"height":1080,"caption":"Sur la photo : Aur\u00e9lie Arnaud, directrice du Bureau de la langue fran\u00e7aise de la Ville de Montr\u00e9al, et \u00c9va Lalancette, r\u00e9cipiendaire du 2e prix du concours D\u00e9lie ta langue! 2026. \u00a9 R\u00e9my Boily"},{"@type":"BreadcrumbList","@id":"https:\/\/www.uqac.ca\/uqactualites\/2026\/04\/01\/letudiante-eva-lalancette-decroche-le-2e-prix-du-concours-deloquence-delie-ta-langue\/#breadcrumb","itemListElement":[{"@type":"ListItem","position":1,"name":"Home","item":"https:\/\/www.uqac.ca\/uqactualites\/"},{"@type":"ListItem","position":2,"name":"L&rsquo;\u00e9tudiante \u00c9va Lalancette d\u00e9croche le 2e prix du concours d\u2019\u00e9loquence \u00abD\u00e9lie ta langue!\u00bb"}]},{"@type":"WebSite","@id":"https:\/\/www.uqac.ca\/uqactualites\/#website","url":"https:\/\/www.uqac.ca\/uqactualites\/","name":"UQACtualit\u00e9s","description":"Le portail des nouvelles de l&#039;UQAC","potentialAction":[{"@type":"SearchAction","target":{"@type":"EntryPoint","urlTemplate":"https:\/\/www.uqac.ca\/uqactualites\/?s={search_term_string}"},"query-input":{"@type":"PropertyValueSpecification","valueRequired":true,"valueName":"search_term_string"}}],"inLanguage":"fr-CA"},{"@type":"Person","@id":"https:\/\/www.uqac.ca\/uqactualites\/#\/schema\/person\/366c45a0c4f0e677b41b4af5886e2018","name":"Service des communications et des relations publiques","image":{"@type":"ImageObject","inLanguage":"fr-CA","@id":"https:\/\/www.uqac.ca\/uqactualites\/#\/schema\/person\/image\/","url":"https:\/\/secure.gravatar.com\/avatar\/20fbbda8a292f59f2d3461a5b999c00b?s=96&d=mm&r=g","contentUrl":"https:\/\/secure.gravatar.com\/avatar\/20fbbda8a292f59f2d3461a5b999c00b?s=96&d=mm&r=g","caption":"Service des communications et des relations publiques"},"url":"https:\/\/www.uqac.ca\/uqactualites\/author\/bap\/"}]}},"_links":{"self":[{"href":"https:\/\/www.uqac.ca\/uqactualites\/wp-json\/wp\/v2\/posts\/54199"}],"collection":[{"href":"https:\/\/www.uqac.ca\/uqactualites\/wp-json\/wp\/v2\/posts"}],"about":[{"href":"https:\/\/www.uqac.ca\/uqactualites\/wp-json\/wp\/v2\/types\/post"}],"author":[{"embeddable":true,"href":"https:\/\/www.uqac.ca\/uqactualites\/wp-json\/wp\/v2\/users\/5"}],"replies":[{"embeddable":true,"href":"https:\/\/www.uqac.ca\/uqactualites\/wp-json\/wp\/v2\/comments?post=54199"}],"version-history":[{"count":4,"href":"https:\/\/www.uqac.ca\/uqactualites\/wp-json\/wp\/v2\/posts\/54199\/revisions"}],"predecessor-version":[{"id":54204,"href":"https:\/\/www.uqac.ca\/uqactualites\/wp-json\/wp\/v2\/posts\/54199\/revisions\/54204"}],"wp:featuredmedia":[{"embeddable":true,"href":"https:\/\/www.uqac.ca\/uqactualites\/wp-json\/wp\/v2\/media\/54200"}],"wp:attachment":[{"href":"https:\/\/www.uqac.ca\/uqactualites\/wp-json\/wp\/v2\/media?parent=54199"}],"wp:term":[{"taxonomy":"category","embeddable":true,"href":"https:\/\/www.uqac.ca\/uqactualites\/wp-json\/wp\/v2\/categories?post=54199"},{"taxonomy":"post_tag","embeddable":true,"href":"https:\/\/www.uqac.ca\/uqactualites\/wp-json\/wp\/v2\/tags?post=54199"}],"curies":[{"name":"wp","href":"https:\/\/api.w.org\/{rel}","templated":true}]}}