{"id":54208,"date":"2026-04-01T16:21:33","date_gmt":"2026-04-01T20:21:33","guid":{"rendered":"https:\/\/www.uqac.ca\/uqactualites\/?p=54208"},"modified":"2026-04-01T16:28:19","modified_gmt":"2026-04-01T20:28:19","slug":"deux-parcours-une-meme-passion","status":"publish","type":"post","link":"https:\/\/www.uqac.ca\/uqactualites\/2026\/04\/01\/deux-parcours-une-meme-passion\/","title":{"rendered":"Deux parcours, une m\u00eame passion : l\u2019UQAC rencontre les jeunes d\u2019Expo\u2011sciences"},"content":{"rendered":"<p>Deux \u00e9tudiantes ont brillamment repr\u00e9sent\u00e9 la recherche universitaire de l\u2019UQAC lors de la <a href=\"https:\/\/technoscience-saglac.ca\/expo-sciences\/\" target=\"_blank\" rel=\"noopener\">finale r\u00e9gionale d\u2019Expo\u2011sciences<\/a>, qui s\u2019est tenue le vendredi 27 mars \u00e0 l\u2019\u00c9cole secondaire des B\u00e2tisseurs. Coralie Labrecque, \u00e9tudiante au baccalaur\u00e9at en sciences infirmi\u00e8res, et Aya Garfa, \u00e9tudiante au doctorat en sciences de l\u2019environnement, se sont pr\u00eat\u00e9es au jeu en animant des ateliers scientifiques destin\u00e9s aux \u00e9l\u00e8ves participants.<\/p>\n<div>\n<p>Toutes deux avaient r\u00e9cemment \u00e9t\u00e9 r\u00e9cipiendaires du <a href=\"https:\/\/www.uqac.ca\/jrc\/recipiendaires-2026\/\" target=\"_blank\" rel=\"noopener\">concours d\u2019affiches scientifiques tenu dans le cadre des Rendez\u2011vous de la recherche et de la cr\u00e9ation \u00e0 l\u2019UQAC<\/a>. Leur participation \u00e0 Expo\u2011sciences s\u2019inscrivait donc naturellement dans la continuit\u00e9 de cet exercice de vulgarisation. Pour de nombreux \u00e9l\u00e8ves du secondaire, encore aux premiers pas dans l\u2019art de communiquer la science, la pr\u00e9sence de ces deux mod\u00e8les issues de disciplines tr\u00e8s diff\u00e9rentes a permis de mieux comprendre la diversit\u00e9 des parcours possibles et les multiples avenues menant \u00e0 la recherche.<\/p>\n<p>Tour \u00e0 tour, Coralie et Aya ont partag\u00e9 leur cheminement scolaire, du secondaire jusqu\u2019\u00e0 l\u2019universit\u00e9, en expliquant ce qui avait suscit\u00e9 leur int\u00e9r\u00eat pour la recherche. Elles ont ensuite pr\u00e9sent\u00e9 les th\u00e8mes centraux de leurs travaux ainsi que les r\u00e9ussites et les d\u00e9fis auxquels elles sont confront\u00e9es dans leur d\u00e9marche scientifique.<\/p>\n<p>Gr\u00e2ce \u00e0 leur engagement, leur authenticit\u00e9 et leur passion, les deux \u00e9tudiantes ont contribu\u00e9 \u00e0 inspirer la rel\u00e8ve scientifique et \u00e0 renforcer le lien entre l\u2019UQAC et la communaut\u00e9 \u00e9ducative r\u00e9gionale. Leur participation a permis de mettre en valeur l\u2019importance de la vulgarisation scientifique et la richesse des parcours en recherche au sein de l\u2019Universit\u00e9.<\/p>\n\r\n                <style type=\"text\/css\">\r\n                    \r\n                    #tdi_1  .td-doubleSlider-2 .td-item1 {\r\n                        background: url(https:\/\/www.uqac.ca\/uqactualites\/wp-content\/uploads\/2026\/03\/Expo-science_h26_vgfrias-9-scaled.jpg) 0 0 no-repeat;\r\n                    }\r\n                    #tdi_1  .td-doubleSlider-2 .td-item2 {\r\n                        background: url(https:\/\/www.uqac.ca\/uqactualites\/wp-content\/uploads\/2026\/03\/Expo-science_h26_vgfrias-8-scaled.jpg) 0 0 no-repeat;\r\n                    }\r\n                    #tdi_1  .td-doubleSlider-2 .td-item3 {\r\n                        background: url(https:\/\/www.uqac.ca\/uqactualites\/wp-content\/uploads\/2026\/03\/Expo-science_h26_vgfrias-2-scaled.jpg) 0 0 no-repeat;\r\n                    }\r\n                    #tdi_1  .td-doubleSlider-2 .td-item4 {\r\n                        background: url(https:\/\/www.uqac.ca\/uqactualites\/wp-content\/uploads\/2026\/03\/Expo-science_h26_vgfrias-3-scaled.jpg) 0 0 no-repeat;\r\n                    }\r\n                <\/style>\r\n\r\n                <div id=\"tdi_1\" class=\"td-gallery td-slide-on-2-columns\">\r\n                    <div class=\"post_td_gallery\">\r\n                        <div class=\"td-gallery-slide-top\">\r\n                           <div class=\"td-gallery-title\"><\/div>\r\n\r\n                            <div class=\"td-gallery-controls-wrapper\">\r\n                                <div class=\"td-gallery-slide-count\"><span class=\"td-gallery-slide-item-focus\">1<\/span> of 4<\/div>\r\n                                <div class=\"td-gallery-slide-prev-next-but\">\r\n                                    <i class = \"td-icon-left doubleSliderPrevButton\"><\/i>\r\n                                    <i class = \"td-icon-right doubleSliderNextButton\"><\/i>\r\n                                <\/div>\r\n                            <\/div>\r\n                        <\/div>\r\n\r\n                        <div class = \"td-doubleSlider-1 \">\r\n                            <div class = \"td-slider\">\r\n                                \r\n                    <div class = \"td-slide-item td-item1\">\r\n                        <figure class=\"td-slide-galery-figure td-slide-popup-gallery\">\r\n                            <a class=\"slide-gallery-image-link\" href=\"https:\/\/www.uqac.ca\/uqactualites\/wp-content\/uploads\/2026\/03\/Expo-science_h26_vgfrias-9-scaled.jpg\" title=\"Expo-science_h26_vgfrias-9\"  data-caption=\"\"  data-description=\"\">\r\n                                <img decoding=\"async\" src=\"https:\/\/www.uqac.ca\/uqactualites\/wp-content\/uploads\/2026\/03\/Expo-science_h26_vgfrias-9-scaled.jpg\" srcset=\"https:\/\/www.uqac.ca\/uqactualites\/wp-content\/uploads\/2026\/03\/Expo-science_h26_vgfrias-9-scaled.jpg 2560w, https:\/\/www.uqac.ca\/uqactualites\/wp-content\/uploads\/2026\/03\/Expo-science_h26_vgfrias-9-300x200.jpg 300w, https:\/\/www.uqac.ca\/uqactualites\/wp-content\/uploads\/2026\/03\/Expo-science_h26_vgfrias-9-1024x683.jpg 1024w, https:\/\/www.uqac.ca\/uqactualites\/wp-content\/uploads\/2026\/03\/Expo-science_h26_vgfrias-9-768x512.jpg 768w, https:\/\/www.uqac.ca\/uqactualites\/wp-content\/uploads\/2026\/03\/Expo-science_h26_vgfrias-9-1536x1024.jpg 1536w, https:\/\/www.uqac.ca\/uqactualites\/wp-content\/uploads\/2026\/03\/Expo-science_h26_vgfrias-9-2048x1365.jpg 2048w, https:\/\/www.uqac.ca\/uqactualites\/wp-content\/uploads\/2026\/03\/Expo-science_h26_vgfrias-9-150x100.jpg 150w, https:\/\/www.uqac.ca\/uqactualites\/wp-content\/uploads\/2026\/03\/Expo-science_h26_vgfrias-9-696x464.jpg 696w, https:\/\/www.uqac.ca\/uqactualites\/wp-content\/uploads\/2026\/03\/Expo-science_h26_vgfrias-9-1068x712.jpg 1068w, https:\/\/www.uqac.ca\/uqactualites\/wp-content\/uploads\/2026\/03\/Expo-science_h26_vgfrias-9-1920x1280.jpg 1920w\" sizes=\"(max-width: 2560px) 100vw, 2560px\" alt=\"\">\r\n                            <\/a>\r\n                            \r\n                        <\/figure>\r\n                    <\/div>\r\n                    <div class = \"td-slide-item td-item2\">\r\n                        <figure class=\"td-slide-galery-figure td-slide-popup-gallery\">\r\n                            <a class=\"slide-gallery-image-link\" href=\"https:\/\/www.uqac.ca\/uqactualites\/wp-content\/uploads\/2026\/03\/Expo-science_h26_vgfrias-8-scaled.jpg\" title=\"Expo-science_h26_vgfrias-8\"  data-caption=\"\"  data-description=\"\">\r\n                                <img decoding=\"async\" src=\"https:\/\/www.uqac.ca\/uqactualites\/wp-content\/uploads\/2026\/03\/Expo-science_h26_vgfrias-8-scaled.jpg\" srcset=\"https:\/\/www.uqac.ca\/uqactualites\/wp-content\/uploads\/2026\/03\/Expo-science_h26_vgfrias-8-scaled.jpg 2560w, https:\/\/www.uqac.ca\/uqactualites\/wp-content\/uploads\/2026\/03\/Expo-science_h26_vgfrias-8-300x200.jpg 300w, https:\/\/www.uqac.ca\/uqactualites\/wp-content\/uploads\/2026\/03\/Expo-science_h26_vgfrias-8-1024x683.jpg 1024w, https:\/\/www.uqac.ca\/uqactualites\/wp-content\/uploads\/2026\/03\/Expo-science_h26_vgfrias-8-768x512.jpg 768w, https:\/\/www.uqac.ca\/uqactualites\/wp-content\/uploads\/2026\/03\/Expo-science_h26_vgfrias-8-1536x1024.jpg 1536w, https:\/\/www.uqac.ca\/uqactualites\/wp-content\/uploads\/2026\/03\/Expo-science_h26_vgfrias-8-2048x1365.jpg 2048w, https:\/\/www.uqac.ca\/uqactualites\/wp-content\/uploads\/2026\/03\/Expo-science_h26_vgfrias-8-150x100.jpg 150w, https:\/\/www.uqac.ca\/uqactualites\/wp-content\/uploads\/2026\/03\/Expo-science_h26_vgfrias-8-696x464.jpg 696w, https:\/\/www.uqac.ca\/uqactualites\/wp-content\/uploads\/2026\/03\/Expo-science_h26_vgfrias-8-1068x712.jpg 1068w, https:\/\/www.uqac.ca\/uqactualites\/wp-content\/uploads\/2026\/03\/Expo-science_h26_vgfrias-8-1920x1280.jpg 1920w\" sizes=\"(max-width: 2560px) 100vw, 2560px\" alt=\"\">\r\n                            <\/a>\r\n                            \r\n                        <\/figure>\r\n                    <\/div>\r\n                    <div class = \"td-slide-item td-item3\">\r\n                        <figure class=\"td-slide-galery-figure td-slide-popup-gallery\">\r\n                            <a class=\"slide-gallery-image-link\" href=\"https:\/\/www.uqac.ca\/uqactualites\/wp-content\/uploads\/2026\/03\/Expo-science_h26_vgfrias-2-scaled.jpg\" title=\"Expo-science_h26_vgfrias-2\"  data-caption=\"\"  data-description=\"\">\r\n                                <img decoding=\"async\" src=\"https:\/\/www.uqac.ca\/uqactualites\/wp-content\/uploads\/2026\/03\/Expo-science_h26_vgfrias-2-scaled.jpg\" srcset=\"https:\/\/www.uqac.ca\/uqactualites\/wp-content\/uploads\/2026\/03\/Expo-science_h26_vgfrias-2-scaled.jpg 2560w, https:\/\/www.uqac.ca\/uqactualites\/wp-content\/uploads\/2026\/03\/Expo-science_h26_vgfrias-2-300x200.jpg 300w, https:\/\/www.uqac.ca\/uqactualites\/wp-content\/uploads\/2026\/03\/Expo-science_h26_vgfrias-2-1024x683.jpg 1024w, https:\/\/www.uqac.ca\/uqactualites\/wp-content\/uploads\/2026\/03\/Expo-science_h26_vgfrias-2-768x512.jpg 768w, https:\/\/www.uqac.ca\/uqactualites\/wp-content\/uploads\/2026\/03\/Expo-science_h26_vgfrias-2-1536x1024.jpg 1536w, https:\/\/www.uqac.ca\/uqactualites\/wp-content\/uploads\/2026\/03\/Expo-science_h26_vgfrias-2-2048x1365.jpg 2048w, https:\/\/www.uqac.ca\/uqactualites\/wp-content\/uploads\/2026\/03\/Expo-science_h26_vgfrias-2-150x100.jpg 150w, https:\/\/www.uqac.ca\/uqactualites\/wp-content\/uploads\/2026\/03\/Expo-science_h26_vgfrias-2-696x464.jpg 696w, https:\/\/www.uqac.ca\/uqactualites\/wp-content\/uploads\/2026\/03\/Expo-science_h26_vgfrias-2-1068x712.jpg 1068w, https:\/\/www.uqac.ca\/uqactualites\/wp-content\/uploads\/2026\/03\/Expo-science_h26_vgfrias-2-1920x1280.jpg 1920w\" sizes=\"(max-width: 2560px) 100vw, 2560px\" alt=\"\">\r\n                            <\/a>\r\n                            \r\n                        <\/figure>\r\n                    <\/div>\r\n                    <div class = \"td-slide-item td-item4\">\r\n                        <figure class=\"td-slide-galery-figure td-slide-popup-gallery\">\r\n                            <a class=\"slide-gallery-image-link\" href=\"https:\/\/www.uqac.ca\/uqactualites\/wp-content\/uploads\/2026\/03\/Expo-science_h26_vgfrias-3-scaled.jpg\" title=\"Expo-science_h26_vgfrias-3\"  data-caption=\"\"  data-description=\"\">\r\n                                <img decoding=\"async\" src=\"https:\/\/www.uqac.ca\/uqactualites\/wp-content\/uploads\/2026\/03\/Expo-science_h26_vgfrias-3-scaled.jpg\" srcset=\"https:\/\/www.uqac.ca\/uqactualites\/wp-content\/uploads\/2026\/03\/Expo-science_h26_vgfrias-3-scaled.jpg 2560w, https:\/\/www.uqac.ca\/uqactualites\/wp-content\/uploads\/2026\/03\/Expo-science_h26_vgfrias-3-300x200.jpg 300w, https:\/\/www.uqac.ca\/uqactualites\/wp-content\/uploads\/2026\/03\/Expo-science_h26_vgfrias-3-1024x683.jpg 1024w, https:\/\/www.uqac.ca\/uqactualites\/wp-content\/uploads\/2026\/03\/Expo-science_h26_vgfrias-3-768x512.jpg 768w, https:\/\/www.uqac.ca\/uqactualites\/wp-content\/uploads\/2026\/03\/Expo-science_h26_vgfrias-3-1536x1024.jpg 1536w, https:\/\/www.uqac.ca\/uqactualites\/wp-content\/uploads\/2026\/03\/Expo-science_h26_vgfrias-3-2048x1365.jpg 2048w, https:\/\/www.uqac.ca\/uqactualites\/wp-content\/uploads\/2026\/03\/Expo-science_h26_vgfrias-3-150x100.jpg 150w, https:\/\/www.uqac.ca\/uqactualites\/wp-content\/uploads\/2026\/03\/Expo-science_h26_vgfrias-3-696x464.jpg 696w, https:\/\/www.uqac.ca\/uqactualites\/wp-content\/uploads\/2026\/03\/Expo-science_h26_vgfrias-3-1068x712.jpg 1068w, https:\/\/www.uqac.ca\/uqactualites\/wp-content\/uploads\/2026\/03\/Expo-science_h26_vgfrias-3-1920x1280.jpg 1920w\" sizes=\"(max-width: 2560px) 100vw, 2560px\" alt=\"\">\r\n                            <\/a>\r\n                            \r\n                        <\/figure>\r\n                    <\/div>\r\n                            <\/div>\r\n                        <\/div>\r\n\r\n                        <div class = \"td-doubleSlider-2\">\r\n                            <div class = \"td-slider\">\r\n                                \r\n                    <div class = \"td-button td-item1\">\r\n                        <div class = \"td-border\"><\/div>\r\n                    <\/div>\r\n                    <div class = \"td-button td-item2\">\r\n                        <div class = \"td-border\"><\/div>\r\n                    <\/div>\r\n                    <div class = \"td-button td-item3\">\r\n                        <div class = \"td-border\"><\/div>\r\n                    <\/div>\r\n                    <div class = \"td-button td-item4\">\r\n                        <div class = \"td-border\"><\/div>\r\n                    <\/div>\r\n                            <\/div>\r\n                        <\/div>\r\n\r\n                    <\/div>\r\n\r\n                <\/div>\r\n                \n<\/div>\n","protected":false},"excerpt":{"rendered":"<p>Deux \u00e9tudiantes ont brillamment repr\u00e9sent\u00e9 la recherche universitaire de l\u2019UQAC lors de la finale r\u00e9gionale d\u2019Expo\u2011sciences, qui s\u2019est tenue le vendredi 27 mars \u00e0 l\u2019\u00c9cole secondaire des B\u00e2tisseurs. Coralie Labrecque, \u00e9tudiante au baccalaur\u00e9at en sciences infirmi\u00e8res, et Aya Garfa, \u00e9tudiante au doctorat en sciences de l\u2019environnement, se sont pr\u00eat\u00e9es au jeu en animant des ateliers [&hellip;]<\/p>\n","protected":false},"author":5,"featured_media":54052,"comment_status":"closed","ping_status":"open","sticky":false,"template":"","format":"standard","meta":{"footnotes":""},"categories":[2,2854,4],"tags":[3,23,606],"yoast_head":"<!-- This site is optimized with the Yoast SEO plugin v24.2 - https:\/\/yoast.com\/wordpress\/plugins\/seo\/ -->\r\n<title>Deux parcours, une m\u00eame passion : l\u2019UQAC rencontre les jeunes d\u2019Expo\u2011sciences - UQACtualit\u00e9s<\/title>\r\n<meta name=\"robots\" content=\"index, follow, max-snippet:-1, max-image-preview:large, max-video-preview:-1\" \/>\r\n<link rel=\"canonical\" href=\"https:\/\/www.uqac.ca\/uqactualites\/2026\/04\/01\/deux-parcours-une-meme-passion\/\" \/>\r\n<meta property=\"og:locale\" content=\"fr_CA\" \/>\r\n<meta property=\"og:type\" content=\"article\" \/>\r\n<meta property=\"og:title\" content=\"Deux parcours, une m\u00eame passion : l\u2019UQAC rencontre les jeunes d\u2019Expo\u2011sciences - UQACtualit\u00e9s\" \/>\r\n<meta property=\"og:description\" content=\"Deux \u00e9tudiantes ont brillamment repr\u00e9sent\u00e9 la recherche universitaire de l\u2019UQAC lors de la finale r\u00e9gionale d\u2019Expo\u2011sciences, qui s\u2019est tenue le vendredi 27 mars \u00e0 l\u2019\u00c9cole secondaire des B\u00e2tisseurs. Coralie Labrecque, \u00e9tudiante au baccalaur\u00e9at en sciences infirmi\u00e8res, et Aya Garfa, \u00e9tudiante au doctorat en sciences de l\u2019environnement, se sont pr\u00eat\u00e9es au jeu en animant des ateliers [&hellip;]\" \/>\r\n<meta property=\"og:url\" content=\"https:\/\/www.uqac.ca\/uqactualites\/2026\/04\/01\/deux-parcours-une-meme-passion\/\" \/>\r\n<meta property=\"og:site_name\" content=\"UQACtualit\u00e9s\" \/>\r\n<meta property=\"article:published_time\" content=\"2026-04-01T20:21:33+00:00\" \/>\r\n<meta property=\"article:modified_time\" content=\"2026-04-01T20:28:19+00:00\" \/>\r\n<meta property=\"og:image\" content=\"https:\/\/www.uqac.ca\/uqactualites\/wp-content\/uploads\/2026\/03\/Expo-science_h26_vgfrias-scaled.jpg\" \/>\r\n\t<meta property=\"og:image:width\" content=\"2560\" \/>\r\n\t<meta property=\"og:image:height\" content=\"1707\" \/>\r\n\t<meta property=\"og:image:type\" content=\"image\/jpeg\" \/>\r\n<meta name=\"author\" content=\"Service des communications et des relations publiques\" \/>\r\n<meta name=\"twitter:card\" content=\"summary_large_image\" \/>\r\n<meta name=\"twitter:label1\" content=\"\u00c9crit par\" \/>\n\t<meta name=\"twitter:data1\" content=\"Service des communications et des relations publiques\" \/>\n\t<meta name=\"twitter:label2\" content=\"Estimation du temps de lecture\" \/>\n\t<meta name=\"twitter:data2\" content=\"2 minutes\" \/>\r\n<script type=\"application\/ld+json\" class=\"yoast-schema-graph\">{\"@context\":\"https:\/\/schema.org\",\"@graph\":[{\"@type\":\"WebPage\",\"@id\":\"https:\/\/www.uqac.ca\/uqactualites\/2026\/04\/01\/deux-parcours-une-meme-passion\/\",\"url\":\"https:\/\/www.uqac.ca\/uqactualites\/2026\/04\/01\/deux-parcours-une-meme-passion\/\",\"name\":\"Deux parcours, une m\u00eame passion : l\u2019UQAC rencontre les jeunes d\u2019Expo\u2011sciences - UQACtualit\u00e9s\",\"isPartOf\":{\"@id\":\"https:\/\/www.uqac.ca\/uqactualites\/#website\"},\"primaryImageOfPage\":{\"@id\":\"https:\/\/www.uqac.ca\/uqactualites\/2026\/04\/01\/deux-parcours-une-meme-passion\/#primaryimage\"},\"image\":{\"@id\":\"https:\/\/www.uqac.ca\/uqactualites\/2026\/04\/01\/deux-parcours-une-meme-passion\/#primaryimage\"},\"thumbnailUrl\":\"https:\/\/www.uqac.ca\/uqactualites\/wp-content\/uploads\/2026\/03\/Expo-science_h26_vgfrias-scaled.jpg\",\"datePublished\":\"2026-04-01T20:21:33+00:00\",\"dateModified\":\"2026-04-01T20:28:19+00:00\",\"author\":{\"@id\":\"https:\/\/www.uqac.ca\/uqactualites\/#\/schema\/person\/366c45a0c4f0e677b41b4af5886e2018\"},\"breadcrumb\":{\"@id\":\"https:\/\/www.uqac.ca\/uqactualites\/2026\/04\/01\/deux-parcours-une-meme-passion\/#breadcrumb\"},\"inLanguage\":\"fr-CA\",\"potentialAction\":[{\"@type\":\"ReadAction\",\"target\":[\"https:\/\/www.uqac.ca\/uqactualites\/2026\/04\/01\/deux-parcours-une-meme-passion\/\"]}]},{\"@type\":\"ImageObject\",\"inLanguage\":\"fr-CA\",\"@id\":\"https:\/\/www.uqac.ca\/uqactualites\/2026\/04\/01\/deux-parcours-une-meme-passion\/#primaryimage\",\"url\":\"https:\/\/www.uqac.ca\/uqactualites\/wp-content\/uploads\/2026\/03\/Expo-science_h26_vgfrias-scaled.jpg\",\"contentUrl\":\"https:\/\/www.uqac.ca\/uqactualites\/wp-content\/uploads\/2026\/03\/Expo-science_h26_vgfrias-scaled.jpg\",\"width\":2560,\"height\":1707},{\"@type\":\"BreadcrumbList\",\"@id\":\"https:\/\/www.uqac.ca\/uqactualites\/2026\/04\/01\/deux-parcours-une-meme-passion\/#breadcrumb\",\"itemListElement\":[{\"@type\":\"ListItem\",\"position\":1,\"name\":\"Home\",\"item\":\"https:\/\/www.uqac.ca\/uqactualites\/\"},{\"@type\":\"ListItem\",\"position\":2,\"name\":\"Deux parcours, une m\u00eame passion : l\u2019UQAC rencontre les jeunes d\u2019Expo\u2011sciences\"}]},{\"@type\":\"WebSite\",\"@id\":\"https:\/\/www.uqac.ca\/uqactualites\/#website\",\"url\":\"https:\/\/www.uqac.ca\/uqactualites\/\",\"name\":\"UQACtualit\u00e9s\",\"description\":\"Le portail des nouvelles de l&#039;UQAC\",\"potentialAction\":[{\"@type\":\"SearchAction\",\"target\":{\"@type\":\"EntryPoint\",\"urlTemplate\":\"https:\/\/www.uqac.ca\/uqactualites\/?s={search_term_string}\"},\"query-input\":{\"@type\":\"PropertyValueSpecification\",\"valueRequired\":true,\"valueName\":\"search_term_string\"}}],\"inLanguage\":\"fr-CA\"},{\"@type\":\"Person\",\"@id\":\"https:\/\/www.uqac.ca\/uqactualites\/#\/schema\/person\/366c45a0c4f0e677b41b4af5886e2018\",\"name\":\"Service des communications et des relations publiques\",\"image\":{\"@type\":\"ImageObject\",\"inLanguage\":\"fr-CA\",\"@id\":\"https:\/\/www.uqac.ca\/uqactualites\/#\/schema\/person\/image\/\",\"url\":\"https:\/\/secure.gravatar.com\/avatar\/20fbbda8a292f59f2d3461a5b999c00b?s=96&d=mm&r=g\",\"contentUrl\":\"https:\/\/secure.gravatar.com\/avatar\/20fbbda8a292f59f2d3461a5b999c00b?s=96&d=mm&r=g\",\"caption\":\"Service des communications et des relations publiques\"},\"url\":\"https:\/\/www.uqac.ca\/uqactualites\/author\/bap\/\"}]}<\/script>\r\n<!-- \/ Yoast SEO plugin. -->","yoast_head_json":{"title":"Deux parcours, une m\u00eame passion : l\u2019UQAC rencontre les jeunes d\u2019Expo\u2011sciences - UQACtualit\u00e9s","robots":{"index":"index","follow":"follow","max-snippet":"max-snippet:-1","max-image-preview":"max-image-preview:large","max-video-preview":"max-video-preview:-1"},"canonical":"https:\/\/www.uqac.ca\/uqactualites\/2026\/04\/01\/deux-parcours-une-meme-passion\/","og_locale":"fr_CA","og_type":"article","og_title":"Deux parcours, une m\u00eame passion : l\u2019UQAC rencontre les jeunes d\u2019Expo\u2011sciences - UQACtualit\u00e9s","og_description":"Deux \u00e9tudiantes ont brillamment repr\u00e9sent\u00e9 la recherche universitaire de l\u2019UQAC lors de la finale r\u00e9gionale d\u2019Expo\u2011sciences, qui s\u2019est tenue le vendredi 27 mars \u00e0 l\u2019\u00c9cole secondaire des B\u00e2tisseurs. Coralie Labrecque, \u00e9tudiante au baccalaur\u00e9at en sciences infirmi\u00e8res, et Aya Garfa, \u00e9tudiante au doctorat en sciences de l\u2019environnement, se sont pr\u00eat\u00e9es au jeu en animant des ateliers [&hellip;]","og_url":"https:\/\/www.uqac.ca\/uqactualites\/2026\/04\/01\/deux-parcours-une-meme-passion\/","og_site_name":"UQACtualit\u00e9s","article_published_time":"2026-04-01T20:21:33+00:00","article_modified_time":"2026-04-01T20:28:19+00:00","og_image":[{"width":2560,"height":1707,"url":"https:\/\/www.uqac.ca\/uqactualites\/wp-content\/uploads\/2026\/03\/Expo-science_h26_vgfrias-scaled.jpg","type":"image\/jpeg"}],"author":"Service des communications et des relations publiques","twitter_card":"summary_large_image","twitter_misc":{"\u00c9crit par":"Service des communications et des relations publiques","Estimation du temps de lecture":"2 minutes"},"schema":{"@context":"https:\/\/schema.org","@graph":[{"@type":"WebPage","@id":"https:\/\/www.uqac.ca\/uqactualites\/2026\/04\/01\/deux-parcours-une-meme-passion\/","url":"https:\/\/www.uqac.ca\/uqactualites\/2026\/04\/01\/deux-parcours-une-meme-passion\/","name":"Deux parcours, une m\u00eame passion : l\u2019UQAC rencontre les jeunes d\u2019Expo\u2011sciences - UQACtualit\u00e9s","isPartOf":{"@id":"https:\/\/www.uqac.ca\/uqactualites\/#website"},"primaryImageOfPage":{"@id":"https:\/\/www.uqac.ca\/uqactualites\/2026\/04\/01\/deux-parcours-une-meme-passion\/#primaryimage"},"image":{"@id":"https:\/\/www.uqac.ca\/uqactualites\/2026\/04\/01\/deux-parcours-une-meme-passion\/#primaryimage"},"thumbnailUrl":"https:\/\/www.uqac.ca\/uqactualites\/wp-content\/uploads\/2026\/03\/Expo-science_h26_vgfrias-scaled.jpg","datePublished":"2026-04-01T20:21:33+00:00","dateModified":"2026-04-01T20:28:19+00:00","author":{"@id":"https:\/\/www.uqac.ca\/uqactualites\/#\/schema\/person\/366c45a0c4f0e677b41b4af5886e2018"},"breadcrumb":{"@id":"https:\/\/www.uqac.ca\/uqactualites\/2026\/04\/01\/deux-parcours-une-meme-passion\/#breadcrumb"},"inLanguage":"fr-CA","potentialAction":[{"@type":"ReadAction","target":["https:\/\/www.uqac.ca\/uqactualites\/2026\/04\/01\/deux-parcours-une-meme-passion\/"]}]},{"@type":"ImageObject","inLanguage":"fr-CA","@id":"https:\/\/www.uqac.ca\/uqactualites\/2026\/04\/01\/deux-parcours-une-meme-passion\/#primaryimage","url":"https:\/\/www.uqac.ca\/uqactualites\/wp-content\/uploads\/2026\/03\/Expo-science_h26_vgfrias-scaled.jpg","contentUrl":"https:\/\/www.uqac.ca\/uqactualites\/wp-content\/uploads\/2026\/03\/Expo-science_h26_vgfrias-scaled.jpg","width":2560,"height":1707},{"@type":"BreadcrumbList","@id":"https:\/\/www.uqac.ca\/uqactualites\/2026\/04\/01\/deux-parcours-une-meme-passion\/#breadcrumb","itemListElement":[{"@type":"ListItem","position":1,"name":"Home","item":"https:\/\/www.uqac.ca\/uqactualites\/"},{"@type":"ListItem","position":2,"name":"Deux parcours, une m\u00eame passion : l\u2019UQAC rencontre les jeunes d\u2019Expo\u2011sciences"}]},{"@type":"WebSite","@id":"https:\/\/www.uqac.ca\/uqactualites\/#website","url":"https:\/\/www.uqac.ca\/uqactualites\/","name":"UQACtualit\u00e9s","description":"Le portail des nouvelles de l&#039;UQAC","potentialAction":[{"@type":"SearchAction","target":{"@type":"EntryPoint","urlTemplate":"https:\/\/www.uqac.ca\/uqactualites\/?s={search_term_string}"},"query-input":{"@type":"PropertyValueSpecification","valueRequired":true,"valueName":"search_term_string"}}],"inLanguage":"fr-CA"},{"@type":"Person","@id":"https:\/\/www.uqac.ca\/uqactualites\/#\/schema\/person\/366c45a0c4f0e677b41b4af5886e2018","name":"Service des communications et des relations publiques","image":{"@type":"ImageObject","inLanguage":"fr-CA","@id":"https:\/\/www.uqac.ca\/uqactualites\/#\/schema\/person\/image\/","url":"https:\/\/secure.gravatar.com\/avatar\/20fbbda8a292f59f2d3461a5b999c00b?s=96&d=mm&r=g","contentUrl":"https:\/\/secure.gravatar.com\/avatar\/20fbbda8a292f59f2d3461a5b999c00b?s=96&d=mm&r=g","caption":"Service des communications et des relations publiques"},"url":"https:\/\/www.uqac.ca\/uqactualites\/author\/bap\/"}]}},"_links":{"self":[{"href":"https:\/\/www.uqac.ca\/uqactualites\/wp-json\/wp\/v2\/posts\/54208"}],"collection":[{"href":"https:\/\/www.uqac.ca\/uqactualites\/wp-json\/wp\/v2\/posts"}],"about":[{"href":"https:\/\/www.uqac.ca\/uqactualites\/wp-json\/wp\/v2\/types\/post"}],"author":[{"embeddable":true,"href":"https:\/\/www.uqac.ca\/uqactualites\/wp-json\/wp\/v2\/users\/5"}],"replies":[{"embeddable":true,"href":"https:\/\/www.uqac.ca\/uqactualites\/wp-json\/wp\/v2\/comments?post=54208"}],"version-history":[{"count":2,"href":"https:\/\/www.uqac.ca\/uqactualites\/wp-json\/wp\/v2\/posts\/54208\/revisions"}],"predecessor-version":[{"id":54210,"href":"https:\/\/www.uqac.ca\/uqactualites\/wp-json\/wp\/v2\/posts\/54208\/revisions\/54210"}],"wp:featuredmedia":[{"embeddable":true,"href":"https:\/\/www.uqac.ca\/uqactualites\/wp-json\/wp\/v2\/media\/54052"}],"wp:attachment":[{"href":"https:\/\/www.uqac.ca\/uqactualites\/wp-json\/wp\/v2\/media?parent=54208"}],"wp:term":[{"taxonomy":"category","embeddable":true,"href":"https:\/\/www.uqac.ca\/uqactualites\/wp-json\/wp\/v2\/categories?post=54208"},{"taxonomy":"post_tag","embeddable":true,"href":"https:\/\/www.uqac.ca\/uqactualites\/wp-json\/wp\/v2\/tags?post=54208"}],"curies":[{"name":"wp","href":"https:\/\/api.w.org\/{rel}","templated":true}]}}